{"id":206565,"date":"2021-06-05T16:55:33","date_gmt":"2021-06-05T16:55:33","guid":{"rendered":"https:\/\/www.meydan.tv\/article\/azerbaycanin-fransa-siyaseti-iflas-yoxsa-diplomatik-pauza\/"},"modified":"2021-06-05T16:55:33","modified_gmt":"2021-06-05T16:55:33","slug":"azerbaycanin-fransa-siyaseti-iflas-yoxsa-diplomatik-pauza","status":"publish","type":"post","link":"https:\/\/www.meydan.tv\/az\/article\/azerbaycanin-fransa-siyaseti-iflas-yoxsa-diplomatik-pauza\/","title":{"rendered":"Az\u0259rbaycan\u0131n Fransa siyas\u0259ti: iflas, yoxsa diplomatik pauza?"},"content":{"rendered":"<p>\n  <i><br \/>\n    \u201cFransa c\u0259miyy\u0259tind\u0259 Az\u0259rbaycan v\u0259 T\u00fcrkiy\u0259 il\u0259 ba\u011fl\u0131 konsensus var\u201d<br \/>\n  <\/i>\n<\/p>\n<p>\n  \u0130kinci Qaraba\u011f m\u00fcharib\u0259si zaman\u0131 v\u0259 ondan sonra Az\u0259rbaycana qar\u015f\u0131 \u0259n k\u0259skin b\u0259yanatlarla \u00e7\u0131x\u0131\u015f ed\u0259n \u00f6lk\u0259l\u0259r aras\u0131nda Fransa x\u00fcsusi olaraq se\u00e7ilir. Bu s\u0259b\u0259bd\u0259n Az\u0259rbaycan ictimaiyy\u0259tind\u0259 Fransa \u201cerm\u0259nip\u0259r\u0259st \u00f6lk\u0259\u201d kimi tan\u0131n\u0131r. Bel\u0259 ki, Birinci Qaraba\u011f m\u00fcharib\u0259sind\u0259n sonra yarad\u0131lan AT\u018fT-in Minsk Qrupunda h\u0259ms\u0259dr rolunu oynayan r\u0259smi Paris yeni m\u00fcharib\u0259 ba\u015flayan kimi neytrall\u0131\u011f\u0131 k\u0259nara qoyaraq Erm\u0259nistan\u0131 a\u00e7\u0131q d\u0259st\u0259kl\u0259m\u0259kd\u0259n \u00e7\u0259kinm\u0259di. Dem\u0259k olar ki, Fransa siyasi elitas\u0131n\u0131n b\u00fct\u00fcn s\u0259viyy\u0259l\u0259rind\u0259 yekdil bir fikir formala\u015fd\u0131. Prezident Makronun Qarag\u00f6l \u0259traf\u0131nda yaranan v\u0259ziyy\u0259tl\u0259 ba\u011fl\u0131 \u201cFransa h\u0259mi\u015f\u0259 erm\u0259ni xalq\u0131n\u0131n yan\u0131nda olub v\u0259 bundan sonra da olacaq\u201d kimi b\u0259yanat\u0131 bu \u00f6lk\u0259nin neytrall\u0131\u011f\u0131na \u015f\u00fcbh\u0259 yaratd\u0131.\n<\/p>\n<p>\n  <b><br \/>\n    \u201cAz\u0259rbaycan\u0131n Fransa siyas\u0259tinin iflas\u0131\u201d<br \/>\n  <\/b>\n<\/p>\n<p>\n  Bu, h\u0259m d\u0259 Az\u0259rbaycan\u0131n Birinci Qaraba\u011f m\u00fcharib\u0259sind\u0259n sonra Fransa il\u0259 ba\u011fl\u0131 apard\u0131\u011f\u0131 siyas\u0259tin iflas\u0131 dem\u0259kdir. Bu ill\u0259r \u0259rzind\u0259 erm\u0259ni lobbisinin g\u00fccl\u00fc oldu\u011fu bir \u00f6lk\u0259ni neytralla\u015fd\u0131rmaq c\u0259hdi dem\u0259k olar ki, pu\u00e7a \u00e7\u0131xd\u0131. Luvr muzeyinin zallar\u0131ndan birinin t\u0259mirin\u0259, dini abid\u0259l\u0259rin b\u0259rpas\u0131na, m\u0259d\u0259ni proqramlara \u00e7\u0259kil\u0259n x\u0259rcl\u0259r, frans\u0131z \u015firk\u0259tl\u0259rinin Az\u0259rbaycan iqtisadiyyat\u0131na giri\u015fi \u00fc\u00e7\u00fcn at\u0131lan add\u0131mlar \u0259b\u0259s oldu.\n<\/p>\n<p>\n  Frans\u0131z siyas\u0259tinin birt\u0259r\u0259fli olmas\u0131n\u0131n dig\u0259r bir n\u00fcmun\u0259si kimi d\u0259 bu \u00f6lk\u0259nin Erm\u0259nistan v\u0259 Az\u0259rbaycandak\u0131 s\u0259firl\u0259rinin f\u0259aliyy\u0259tind\u0259 olan f\u0259rql\u0259rdir. Erm\u0259nistandak\u0131 s\u0259fir \u0259n ki\u00e7ik bir m\u0259s\u0259l\u0259d\u0259n \u00f6tr\u00fc bel\u0259 Az\u0259rbaycana qar\u015f\u0131 b\u0259yanatla \u00e7\u0131x\u0131\u015f etm\u0259kd\u0259n \u00e7\u0259kinm\u0259diyi halda, Fransan\u0131n Az\u0259rbaycandak\u0131 s\u0259firinin dem\u0259k olar ki, bu m\u0259s\u0259l\u0259l\u0259rl\u0259 ba\u011fl\u0131 susmas\u0131, neytral, standart m\u00f6vqe n\u00fcmayi\u015f etdir\u0259n x\u0131rda b\u0259yanatlar verm\u0259si r\u0259smi Parisin xarici siyas\u0259t kursunun g\u00f6st\u0259ricisi kimi d\u0259y\u0259rl\u0259ndirilir.\n<\/p>\n<p>\n  Fransan\u0131n bel\u0259 m\u00f6vqe tutmas\u0131 fonunda Az\u0259rbaycan\u0131n da bu \u00f6lk\u0259y\u0259 qar\u015f\u0131 demar\u015f etm\u0259m\u0259si suallar yarad\u0131r. M\u00fcharib\u0259 d\u00f6vr\u00fcnd\u0259 prezident \u0130lham \u018fliyev bir ne\u00e7\u0259 d\u0259f\u0259 Fransa \u0259leyhin\u0259 b\u0259yanatlar ver\u0259rk\u0259n, bir \u00e7oxunda bel\u0259 bir t\u0259\u0259ss\u00fcrat yarand\u0131 ki, r\u0259smi Bak\u0131 onun Minsk Qrupunun h\u0259ms\u0259drliyind\u0259n uzaqla\u015fd\u0131r\u0131lmas\u0131 t\u0259\u015f\u0259bb\u00fcs\u00fcn\u00fc ir\u0259li s\u00fcr\u0259c\u0259k. M\u0259s\u0259l\u0259nin nec\u0259 h\u0259ll olunaca\u011f\u0131ndan as\u0131l\u0131 olmayaraq, t\u0259\u015f\u0259bb\u00fcs\u00fcn \u00f6z\u00fc Fransan\u0131n h\u0259ms\u0259dr kimi neytrall\u0131qdan k\u0259nara \u00e7\u0259kilm\u0259si v\u0259 n\u0259tic\u0259d\u0259 vasit\u0259\u00e7i olmaq h\u00fcququnun \u0259n az\u0131 m\u0259n\u0259vi c\u0259h\u0259td\u0259n itirdiyini n\u00fcmayi\u015f etdir\u0259 bil\u0259rdi. Amma Az\u0259rbaycan r\u0259smil\u0259rinin add\u0131mlar\u0131 X\u0130N s\u0259viyy\u0259sind\u0259 olan b\u0259yanatlardan ir\u0259li getm\u0259di. Hadis\u0259l\u0259rin gedi\u015fat\u0131 Az\u0259rbaycan\u0131n haz\u0131rda Fransa il\u0259 ba\u011fl\u0131 siyas\u0259tin\u0259 ciddi korrekt\u0259l\u0259r ed\u0259c\u0259yini v\u0259 ya sad\u0259c\u0259 olaraq diplomatik pauza g\u00f6t\u00fcr\u0259r\u0259k, yenid\u0259n m\u00fcnasib\u0259tl\u0259rin normalla\u015fmas\u0131 \u00fc\u00e7\u00fcn c\u0259hdl\u0259r ed\u0259c\u0259yini g\u00f6st\u0259r\u0259c\u0259k.\n<\/p>\n<p>\n  <b><br \/>\n    \u201cMinsk Qrupunun t\u0259rkibinin d\u0259yi\u015fdirilm\u0259sin\u0259 c\u0259hd h\u0259ms\u0259drl\u0259r institutunun m\u0259hvin\u0259 g\u0259tir\u0259 bil\u0259r\u201d<br \/>\n  <\/b>\n<\/p>\n<p>\n  M\u0259s\u0259l\u0259ni Meydan TV \u00fc\u00e7\u00fcn \u015f\u0259rh ed\u0259rk\u0259n, \u0130sve\u00e7r\u0259d\u0259 m\u00fchacir h\u0259yat\u0131 ya\u015fayan, politoloq Rauf Mirq\u0259dirov qeyd edib ki, Minsk Qrupunun t\u0259rkibinin m\u00fc\u0259yy\u0259nl\u0259\u015fdirilm\u0259si v\u0259 o c\u00fcml\u0259d\u0259n d\u0259yi\u015fdirilm\u0259si \u00e7ox m\u00fcr\u0259kk\u0259b prosesdir.\n<\/p>\n<figure class=\"wp-block-image size-large\">\n  <img decoding=\"async\" src=\"https:\/\/www.meydan.tv\/az\/rauf-mirkadyrov\/\" alt=\"\u0420\u0430\u0443\u0444 \u041c\u0438\u0440\u043a\u0430\u0434\u044b\u0440\u043e\u0432\" class=\"wp-image-80677\"\/><figcaption>\n    Rauf Mirq\u0259dirov<br \/>\n  <\/figcaption><\/figure>\n<p>\n  \u201cN\u0259z\u0259r\u0259 almaq laz\u0131md\u0131r ki, s\u00f6hb\u0259t AT\u018fT strukturlar\u0131nda raz\u0131la\u015fmadan v\u0259 orda t\u0259r\u0259fl\u0259rin konsensusundan gedir\u201d, &#8211; o deyib.\n<\/p>\n<p>\n  Dig\u0259r t\u0259r\u0259fd\u0259n Rauf Mirq\u0259dirov Minsk Qrupunun m\u00fcnaqi\u015f\u0259nin h\u0259llind\u0259, x\u00fcsusil\u0259 Az\u0259rbaycan \u00fc\u00e7\u00fcn \u00e7ox aktual v\u0259 ciddi rol oynaya bildiyini d\u00fc\u015f\u00fcnm\u00fcr.\n<\/p>\n<p>\n  \u201c\u0130ndiki zaman k\u0259siyind\u0259 proses daha \u00e7ox Rusiyan\u0131n t\u0259sirind\u0259dir. Amma buna baxmayaraq, mexanizmin ciddi \u015f\u0259kild\u0259 i\u015f\u0259 sal\u0131nmas\u0131 m\u00fc\u0259yy\u0259n m\u0259rh\u0259l\u0259d\u0259 Az\u0259rbaycan\u0131n da maraqlar\u0131na cavab ver\u0259 bil\u0259r. Buna g\u00f6r\u0259 d\u0259 Minsk Qrupunun t\u0259rkibin d\u0259yi\u015fdirilm\u0259sinin g\u00fcnd\u0259m\u0259 g\u0259tirilm\u0259si h\u0259ms\u0259drl\u0259r institutunun m\u0259hvin\u0259 s\u0259b\u0259b olar. Bu is\u0259 Az\u0259rbaycan\u0131n da, Erm\u0259nistan\u0131n da maraqlar\u0131na cavab vermir\u201d.\n<\/p>\n<p>\n  Bundan ba\u015fqa o istisna etmir ki, Bak\u0131n\u0131n Fransaya qar\u015f\u0131 demar\u015f etm\u0259m\u0259sin\u0259 h\u0259r hans\u0131 gizli maddi maraqlar da s\u0259b\u0259b ola bil\u0259r:\n<\/p>\n<p>\n  \u201c\u0130ll\u0259r \u0259vv\u0259l Fransan\u0131n Bak\u0131dak\u0131 s\u0259firl\u0259rind\u0259n bir ne\u00e7\u0259si jurnalistl\u0259ri s\u00f6hb\u0259t \u00fc\u00e7\u00fcn d\u0259v\u0259t etm\u0259y\u0259 xo\u015flay\u0131rd\u0131. Nahar zaman\u0131 m\u0259tbuata a\u00e7\u0131qlamamaq \u015f\u0259rti il\u0259 a\u00e7\u0131q s\u00f6hb\u0259t olurdu. H\u0259min s\u00f6hb\u0259tl\u0259rd\u0259n birind\u0259 biz Az\u0259rbaycandak\u0131 korrupsiya v\u0259 qanunun aliliyi m\u0259s\u0259l\u0259l\u0259rin\u0259 toxunduq. S\u0259fir\u0259 \u201cbunlar sizin \u015firk\u0259tl\u0259r \u00fc\u00e7\u00fcn d\u0259 probleml\u0259r yarad\u0131rm\u0131\u201d sual\u0131n\u0131 ver\u0259nd\u0259, o, he\u00e7 bir problemin olmad\u0131\u011f\u0131n\u0131 v\u0259 Fransan\u0131n \u015e\u0259rq d\u00f6vl\u0259tl\u0259ri il\u0259 bu istiqam\u0259td\u0259 i\u015fl\u0259m\u0259k v\u0259 \u0259m\u0259kda\u015fl\u0131q tarixinin oldu\u011funu dedi. Y\u0259ni, dem\u0259k ist\u0259yirdi ki, bu c\u00fcr d\u00f6vl\u0259tl\u0259rl\u0259 n\u0259 c\u00fcr i\u015fl\u0259m\u0259yi bilirik, ona g\u00f6r\u0259 \u015firk\u0259tl\u0259rimiz \u00e7ox rahat i\u015fl\u0259yirl\u0259r\u201d.\n<\/p>\n<p>\n  Bundan ba\u015fqa, o hesab edir ki, Fransan\u0131n Az\u0259rbaycanla ba\u011fl\u0131 m\u00f6vqeyi hakimiyy\u0259td\u0259 olan \u015f\u0259xs\u0259 g\u00f6r\u0259 formala\u015fm\u0131r v\u0259 Fransa c\u0259miyy\u0259tind\u0259 Az\u0259rbaycan v\u0259 T\u00fcrkiy\u0259 il\u0259 ba\u011fl\u0131 konsensus var.\n<\/p>\n<p>\n  <b><br \/>\n    \u201cErm\u0259nistan yenid\u0259n vasit\u0259\u00e7il\u0259ri c\u0259lb etm\u0259k ist\u0259yir\u201d<br \/>\n  <\/b>\n<\/p>\n<p>\n  Az\u0259rbaycan\u0131n ke\u00e7mi\u015f xarici i\u015fl\u0259r naziri Tofiq Z\u00fclf\u00fcqarov is\u0259 Minsk Qrupunun bir struktur kimi Az\u0259rbaycana \u00fcmumiyy\u0259tl\u0259 laz\u0131m olmad\u0131\u011f\u0131 q\u0259na\u0259tind\u0259dir.\n<\/p>\n<figure class=\"wp-block-image size-large\">\n  <img decoding=\"async\" src=\"https:\/\/www.meydan.tv\/az\/tofiq_zulfiqar_8-jpg\/\" alt=\"tofiq_zulfiqar_(8).jpg\" class=\"wp-image-130711\"\/><figcaption>\n    Tofiq Z\u00fclf\u00fcqarov<br \/>\n  <\/figcaption><\/figure>\n<p>\n  Ke\u00e7mi\u015f nazir vur\u011fulay\u0131b ki, vaxtil\u0259 Az\u0259rbaycan AT\u018fT-\u0259 vasit\u0259\u00e7ilik \u00fc\u00e7\u00fcn m\u00fcraci\u0259t edib, indi is\u0259 Az\u0259rbaycan m\u00fcnaqi\u015f\u0259nin bitdiyini bildirir:\n<\/p>\n<p>\n  \u201cY\u0259ni m\u0259lum m\u00fcraci\u0259t de-fakto geri g\u00f6t\u00fcr\u00fcl\u00fcb. Az\u0259rbaycan prezidenti h\u0259ms\u0259drl\u0259r\u0259 m\u00fcharib\u0259 bit\u0259nd\u0259n sonra \u201csizi \u00e7a\u011f\u0131rmam\u0131\u015fam, \u0259g\u0259r hans\u0131sa ideyalar\u0131n\u0131z, t\u0259\u015f\u0259bb\u00fcsl\u0259riniz olacaqsa, fikirl\u0259\u015f\u0259rik\u201d a\u00e7\u0131qlamas\u0131n\u0131 xat\u0131rlayaq. Ancaq Minsk Qrupunun h\u0259l\u0259lik he\u00e7 bir ideyas\u0131 yoxdur\u201d.\n<\/p>\n<p>\n  O qeyd edib ki, b\u0259zi \u00fczvl\u0259r, o c\u00fcml\u0259d\u0259n Fransa \u0259vv\u0259lki fikirl\u0259rini t\u0259krarlay\u0131rlar v\u0259 b\u0259yan edirl\u0259r ki, status m\u0259s\u0259l\u0259si h\u0259ll olunmay\u0131b:\n<\/p>\n<p>\n  \u201cAmma Az\u0259rbaycan suveren h\u00fcquqlar\u0131ndan istifad\u0259 ed\u0259rk\u0259n bu m\u0259s\u0259l\u0259ni h\u0259ll olunmu\u015f hesab edir, v\u0259ssalam. Bu bax\u0131mdan m\u0259s\u0259l\u0259 Az\u0259rbaycan\u0131n daxili i\u015fidir. Dig\u0259r m\u0259rh\u0259l\u0259y\u0259 ke\u00e7\u0259k. \u0130ndi Erm\u0259nistan silsil\u0259li \u015f\u0259kild\u0259 s\u0259rh\u0259dd\u0259 t\u0259xribatlar edir, bununla m\u00fcnaqi\u015f\u0259 zonas\u0131 yarad\u0131b yenid\u0259n vasit\u0259\u00e7il\u0259ri, m\u00fc\u015fahid\u0259\u00e7il\u0259ri c\u0259lb etm\u0259k ist\u0259yir. Bu yolla Minsk Qrupunun hans\u0131sa f\u0259aliyy\u0259t g\u00f6st\u0259rm\u0259si \u00fc\u00e7\u00fcn \u0259saslar yarad\u0131r. \u0130kinci m\u0259rh\u0259l\u0259d\u0259 d\u0259 ist\u0259y\u0259rl\u0259r ki, qurumun s\u0259lahiyy\u0259tl\u0259ri, m\u0259\u015f\u011ful olduqlar\u0131 m\u00f6vzular \u0259sas\u0131nda dig\u0259r m\u0259s\u0259l\u0259l\u0259r d\u0259 olsun. X\u00fcsusil\u0259 status m\u0259s\u0259l\u0259si\u201d.\n<\/p>\n<p>\n  Tofiq Z\u00fclf\u00fcqarovun fikrinc\u0259, taktiki bax\u0131mdan Erm\u0131nistan\u0131n bu ist\u0259yi b\u0259llidir. Onun s\u00f6zl\u0259rin\u0259 g\u00f6r\u0259, Fransan\u0131n v\u0259 b\u0259lk\u0259 d\u0259 AB\u015e-\u0131n indiki m\u0259rh\u0259l\u0259d\u0259 canf\u0259\u015fanl\u0131q g\u00f6st\u0259rm\u0259si sad\u0259c\u0259 regiona qay\u0131d\u0131\u015f\u0131 t\u0259min etm\u0259k \u00fc\u00e7\u00fcn add\u0131mlard\u0131r:\n<\/p>\n<p>\n  \u201cAz\u0259rbaycan is\u0259 \u00f6z\u00fcn\u00fcn suveren h\u00fcquqlar\u0131n\u0131 t\u0259\u015fkil ed\u0259n m\u0259s\u0259l\u0259l\u0259rd\u0259 xarici oyun\u00e7ular\u0131 k\u0259narda saxlamaq niyy\u0259tind\u0259dir. \u00c7\u00fcnki Az\u0259rbaycan xarici t\u0259r\u0259fda\u015flar\u0131n\u0131 art\u0131q se\u00e7ib. Rusiya v\u0259 T\u00fcrkiy\u0259 art\u0131q f\u0259aliyy\u0259t g\u00f6st\u0259rirl\u0259r. Erm\u0259nil\u0259r ya\u015fayan b\u00f6lg\u0259l\u0259rin reinteqrasiyas\u0131n\u0131 t\u0259min etm\u0259k \u00fc\u00e7\u00fcn bu tandem Az\u0259rbaycan t\u0259r\u0259find\u0259n q\u0259bul olunub. Dig\u0259r m\u0259s\u0259l\u0259l\u0259r\u0259 ehtiyac yoxdur\u201d.<\/p>\n","protected":false},"excerpt":{"rendered":"<p>Ke\u00e7mi\u015f nazir vur\u011fulay\u0131b ki, vaxtil\u0259 Az\u0259rbaycan AT\u018fT-\u0259 vasit\u0259\u00e7ilik \u00fc\u00e7\u00fcn m\u00fcraci\u0259t edib, indi is\u0259 Az\u0259rbaycan m\u00fcnaqi\u015f\u0259nin bitdiyini bildirir<\/p>\n","protected":false},"author":11,"featured_media":161796,"comment_status":"closed","ping_status":"open","sticky":false,"template":"","format":"standard","meta":{"_acf_changed":false,"_sitemap_exclude":false,"_sitemap_priority":"","_sitemap_frequency":"","footnotes":""},"categories":[59],"tags":[],"class_list":["post-206565","post","type-post","status-publish","format-standard","has-post-thumbnail","hentry","category-siyaset","infinite-scroll-item","generate-columns","tablet-grid-50","mobile-grid-100","grid-parent","grid-33","no-featured-image-padding"],"acf":[],"yoast_head":"<!-- This site is optimized with the Yoast SEO plugin v28.4 - https:\/\/yoast.com\/product\/yoast-seo-wordpress\/ -->\n<title>Az\u0259rbaycan\u0131n Fransa siyas\u0259ti: iflas, yoxsa diplomatik pauza? - MEYDAN.TV<\/title>\n<meta name=\"robots\" content=\"index, follow, max-snippet:-1, max-image-preview:large, max-video-preview:-1\" \/>\n<link rel=\"canonical\" href=\"https:\/\/www.meydan.tv\/az\/article\/azerbaycanin-fransa-siyaseti-iflas-yoxsa-diplomatik-pauza\/\" \/>\n<meta property=\"og:locale\" content=\"az_AZ\" \/>\n<meta property=\"og:type\" content=\"article\" \/>\n<meta property=\"og:title\" content=\"Az\u0259rbaycan\u0131n Fransa siyas\u0259ti: iflas, yoxsa diplomatik pauza? - MEYDAN.TV\" \/>\n<meta property=\"og:description\" content=\"Ke\u00e7mi\u015f nazir vur\u011fulay\u0131b ki, vaxtil\u0259 Az\u0259rbaycan AT\u018fT-\u0259 vasit\u0259\u00e7ilik \u00fc\u00e7\u00fcn m\u00fcraci\u0259t edib, indi is\u0259 Az\u0259rbaycan m\u00fcnaqi\u015f\u0259nin bitdiyini bildirir\" \/>\n<meta property=\"og:url\" content=\"https:\/\/www.meydan.tv\/az\/article\/azerbaycanin-fransa-siyaseti-iflas-yoxsa-diplomatik-pauza\/\" \/>\n<meta property=\"og:site_name\" content=\"MEYDAN.TV\" \/>\n<meta property=\"article:published_time\" content=\"2021-06-05T16:55:33+00:00\" \/>\n<meta property=\"og:image\" content=\"https:\/\/www.meydan.tv\/wp-content\/uploads\/1532097514img__3.jpg\" \/>\n\t<meta property=\"og:image:width\" content=\"1340\" \/>\n\t<meta property=\"og:image:height\" content=\"838\" \/>\n\t<meta property=\"og:image:type\" content=\"image\/jpeg\" \/>\n<meta name=\"twitter:card\" content=\"summary_large_image\" \/>\n<!-- \/ Yoast SEO plugin. -->","yoast_head_json":{"title":"Az\u0259rbaycan\u0131n Fransa siyas\u0259ti: iflas, yoxsa diplomatik pauza? - MEYDAN.TV","robots":{"index":"index","follow":"follow","max-snippet":"max-snippet:-1","max-image-preview":"max-image-preview:large","max-video-preview":"max-video-preview:-1"},"canonical":"https:\/\/www.meydan.tv\/az\/article\/azerbaycanin-fransa-siyaseti-iflas-yoxsa-diplomatik-pauza\/","og_locale":"az_AZ","og_type":"article","og_title":"Az\u0259rbaycan\u0131n Fransa siyas\u0259ti: iflas, yoxsa diplomatik pauza? - MEYDAN.TV","og_description":"Ke\u00e7mi\u015f nazir vur\u011fulay\u0131b ki, vaxtil\u0259 Az\u0259rbaycan AT\u018fT-\u0259 vasit\u0259\u00e7ilik \u00fc\u00e7\u00fcn m\u00fcraci\u0259t edib, indi is\u0259 Az\u0259rbaycan m\u00fcnaqi\u015f\u0259nin bitdiyini bildirir","og_url":"https:\/\/www.meydan.tv\/az\/article\/azerbaycanin-fransa-siyaseti-iflas-yoxsa-diplomatik-pauza\/","og_site_name":"MEYDAN.TV","article_published_time":"2021-06-05T16:55:33+00:00","og_image":[{"width":1340,"height":838,"url":"https:\/\/www.meydan.tv\/wp-content\/uploads\/1532097514img__3.jpg","type":"image\/jpeg"}],"twitter_card":"summary_large_image","schema":{"@context":"https:\/\/schema.org","@graph":[{"@type":"Article","@id":"https:\/\/www.meydan.tv\/az\/article\/azerbaycanin-fransa-siyaseti-iflas-yoxsa-diplomatik-pauza\/#article","isPartOf":{"@id":"https:\/\/www.meydan.tv\/az\/article\/azerbaycanin-fransa-siyaseti-iflas-yoxsa-diplomatik-pauza\/"},"author":{"name":"user-manager","@id":"https:\/\/www.meydan.tv\/az\/#\/schema\/person\/10d11eccf6da3662cf5fdab9806ea91a"},"headline":"Az\u0259rbaycan\u0131n Fransa siyas\u0259ti: iflas, yoxsa diplomatik pauza?","datePublished":"2021-06-05T16:55:33+00:00","mainEntityOfPage":{"@id":"https:\/\/www.meydan.tv\/az\/article\/azerbaycanin-fransa-siyaseti-iflas-yoxsa-diplomatik-pauza\/"},"wordCount":1471,"publisher":{"@id":"https:\/\/www.meydan.tv\/az\/#organization"},"image":{"@id":"https:\/\/www.meydan.tv\/az\/article\/azerbaycanin-fransa-siyaseti-iflas-yoxsa-diplomatik-pauza\/#primaryimage"},"thumbnailUrl":"https:\/\/www.meydan.tv\/wp-content\/uploads\/1532097514img__3.jpg","articleSection":["Siyas\u0259t"],"inLanguage":"az"},{"@type":"WebPage","@id":"https:\/\/www.meydan.tv\/az\/article\/azerbaycanin-fransa-siyaseti-iflas-yoxsa-diplomatik-pauza\/","url":"https:\/\/www.meydan.tv\/az\/article\/azerbaycanin-fransa-siyaseti-iflas-yoxsa-diplomatik-pauza\/","name":"Az\u0259rbaycan\u0131n Fransa siyas\u0259ti: iflas, yoxsa diplomatik pauza? - MEYDAN.TV","isPartOf":{"@id":"https:\/\/www.meydan.tv\/az\/#website"},"primaryImageOfPage":{"@id":"https:\/\/www.meydan.tv\/az\/article\/azerbaycanin-fransa-siyaseti-iflas-yoxsa-diplomatik-pauza\/#primaryimage"},"image":{"@id":"https:\/\/www.meydan.tv\/az\/article\/azerbaycanin-fransa-siyaseti-iflas-yoxsa-diplomatik-pauza\/#primaryimage"},"thumbnailUrl":"https:\/\/www.meydan.tv\/wp-content\/uploads\/1532097514img__3.jpg","datePublished":"2021-06-05T16:55:33+00:00","breadcrumb":{"@id":"https:\/\/www.meydan.tv\/az\/article\/azerbaycanin-fransa-siyaseti-iflas-yoxsa-diplomatik-pauza\/#breadcrumb"},"inLanguage":"az","potentialAction":[{"@type":"ReadAction","target":["https:\/\/www.meydan.tv\/az\/article\/azerbaycanin-fransa-siyaseti-iflas-yoxsa-diplomatik-pauza\/"]}]},{"@type":"ImageObject","inLanguage":"az","@id":"https:\/\/www.meydan.tv\/az\/article\/azerbaycanin-fransa-siyaseti-iflas-yoxsa-diplomatik-pauza\/#primaryimage","url":"https:\/\/www.meydan.tv\/wp-content\/uploads\/1532097514img__3.jpg","contentUrl":"https:\/\/www.meydan.tv\/wp-content\/uploads\/1532097514img__3.jpg","width":1340,"height":838,"caption":"Source: https:\/\/berlin.mfa.gov.az\/"},{"@type":"BreadcrumbList","@id":"https:\/\/www.meydan.tv\/az\/article\/azerbaycanin-fransa-siyaseti-iflas-yoxsa-diplomatik-pauza\/#breadcrumb","itemListElement":[{"@type":"ListItem","position":1,"name":"Ana s\u0259hif\u0259","item":"https:\/\/www.meydan.tv\/az\/"},{"@type":"ListItem","position":2,"name":"Siyas\u0259t","item":"https:\/\/www.meydan.tv\/az\/section\/siyaset\/"},{"@type":"ListItem","position":3,"name":"Az\u0259rbaycan\u0131n Fransa siyas\u0259ti: iflas, yoxsa diplomatik pauza?"}]},{"@type":"WebSite","@id":"https:\/\/www.meydan.tv\/az\/#website","url":"https:\/\/www.meydan.tv\/az\/","name":"MEYDAN.TV","description":"Meydan TV Az\u0259rbaycan\u0131n media m\u0259kan\u0131ndak\u0131 alternativ s\u0259sidir","publisher":{"@id":"https:\/\/www.meydan.tv\/az\/#organization"},"potentialAction":[{"@type":"SearchAction","target":{"@type":"EntryPoint","urlTemplate":"https:\/\/www.meydan.tv\/az\/?s={search_term_string}"},"query-input":{"@type":"PropertyValueSpecification","valueRequired":true,"valueName":"search_term_string"}}],"inLanguage":"az"},{"@type":"Organization","@id":"https:\/\/www.meydan.tv\/az\/#organization","name":"Meydan TV","url":"https:\/\/www.meydan.tv\/az\/","logo":{"@type":"ImageObject","inLanguage":"az","@id":"https:\/\/www.meydan.tv\/az\/#\/schema\/logo\/image\/","url":"https:\/\/www.meydan.tv\/wp-content\/uploads\/2021\/07\/meydan-logo.svg","contentUrl":"https:\/\/www.meydan.tv\/wp-content\/uploads\/2021\/07\/meydan-logo.svg","width":195,"height":46,"caption":"Meydan TV"},"image":{"@id":"https:\/\/www.meydan.tv\/az\/#\/schema\/logo\/image\/"}},{"@type":"Person","@id":"https:\/\/www.meydan.tv\/az\/#\/schema\/person\/10d11eccf6da3662cf5fdab9806ea91a","name":"user-manager"}]}},"_links":{"self":[{"href":"https:\/\/www.meydan.tv\/az\/wp-json\/wp\/v2\/posts\/206565","targetHints":{"allow":["GET"]}}],"collection":[{"href":"https:\/\/www.meydan.tv\/az\/wp-json\/wp\/v2\/posts"}],"about":[{"href":"https:\/\/www.meydan.tv\/az\/wp-json\/wp\/v2\/types\/post"}],"author":[{"embeddable":true,"href":"https:\/\/www.meydan.tv\/az\/wp-json\/wp\/v2\/users\/11"}],"replies":[{"embeddable":true,"href":"https:\/\/www.meydan.tv\/az\/wp-json\/wp\/v2\/comments?post=206565"}],"version-history":[{"count":0,"href":"https:\/\/www.meydan.tv\/az\/wp-json\/wp\/v2\/posts\/206565\/revisions"}],"wp:featuredmedia":[{"embeddable":true,"href":"https:\/\/www.meydan.tv\/az\/wp-json\/wp\/v2\/media\/161796"}],"wp:attachment":[{"href":"https:\/\/www.meydan.tv\/az\/wp-json\/wp\/v2\/media?parent=206565"}],"wp:term":[{"taxonomy":"category","embeddable":true,"href":"https:\/\/www.meydan.tv\/az\/wp-json\/wp\/v2\/categories?post=206565"},{"taxonomy":"post_tag","embeddable":true,"href":"https:\/\/www.meydan.tv\/az\/wp-json\/wp\/v2\/tags?post=206565"}],"curies":[{"name":"wp","href":"https:\/\/api.w.org\/{rel}","templated":true}]}}