{"id":206560,"date":"2021-06-04T19:53:40","date_gmt":"2021-06-04T19:53:40","guid":{"rendered":"https:\/\/www.meydan.tv\/article\/men-dovletden-pul-istemirem-birce-oglumun-adi-yasasin\/"},"modified":"2021-06-04T19:53:40","modified_gmt":"2021-06-04T19:53:40","slug":"men-dovletden-pul-istemirem-birce-oglumun-adi-yasasin","status":"publish","type":"post","link":"https:\/\/www.meydan.tv\/az\/article\/men-dovletden-pul-istemirem-birce-oglumun-adi-yasasin\/","title":{"rendered":"\u201cM\u0259n d\u00f6vl\u0259td\u0259n pul ist\u0259mir\u0259m, birc\u0259 o\u011flumun ad\u0131 ya\u015fas\u0131n&#8230;\u201d"},"content":{"rendered":"<p>\n  <b><br \/>\n    <i><br \/>\n      Post Travmatik Sindrom n\u0259tic\u0259sind\u0259 intihar ed\u0259n m\u00fcharib\u0259 i\u015ftirak\u00e7\u0131lar\u0131na x\u00fcsusi imtiyazlar tan\u0131nm\u0131r<br \/>\n    <\/i><br \/>\n  <\/b>\n<\/p>\n<p>\n  \u201cBiz\u0259 deyirl\u0259r ki, siz\u0259 pensiya d\u00fc\u015fm\u00fcr, ancaq bir \u00f6m\u00fcr boyu bu post travmatik sindromla ya\u015famaq biz\u0259 d\u00fc\u015f\u00fcr. M\u0259n\u0259 x\u0259sar\u0259tl\u0259r yetirir, \u00e7\u00f6l\u0259-bay\u0131ra bir h\u0259ft\u0259dir \u00e7\u0131xa bilmir\u0259m. K\u00f6m\u0259ksiz v\u0259ziyy\u0259td\u0259y\u0259m. \u0130ki saat yar\u0131m dayanmadan evi da\u011f\u0131td\u0131, m\u0259ni d\u00f6yd\u00fc, g\u00f6z\u00fcn\u0259 pis g\u00f6r\u00fcn\u00fcr\u00fck. \u00d6z\u00fcnd\u0259n as\u0131l\u0131 olmur, g\u00fcc \u00e7atd\u0131ra bilmirs\u0259n, v\u0259h\u015fiy\u0259 \u00e7evrilir, \u0259ll\u0259ri s\u00fcm\u00fck kimi olur\u201d, \u2013 P\u0259rvan\u0259 S\u0259f\u0259rova bel\u0259 deyir. Onun h\u0259yat yolda\u015f\u0131 Emin S\u0259f\u0259rov Qaraba\u011f m\u00fcharib\u0259si i\u015ftirak\u00e7\u0131s\u0131d\u0131r.\n<\/p>\n<p>\n  \u0130kinci qrup \u0259lilliyi olan astma x\u0259st\u0259si P\u0259rvan\u0259 v\u0259 \u00f6vladlar\u0131 \u00fc\u00e7\u00fcn m\u00fcharib\u0259d\u0259n sonra h\u0259r \u015fey d\u0259yi\u015fib. H\u0259yat yolda\u015f\u0131 \u0130kinci Qaraba\u011f M\u00fcharib\u0259sin\u0259 k\u00f6n\u00fcll\u00fc gedib v\u0259 d\u00f6nd\u00fckd\u0259n sonra onun tez-tez \u0259s\u0259bi tutmalar\u0131 olur. Bu zaman, o, evd\u0259ki \u0259\u015fyalar\u0131 s\u0131nd\u0131r\u0131r, divarlara yumruq at\u0131r v\u0259 ail\u0259 \u00fczvl\u0259rin\u0259 x\u0259sar\u0259tl\u0259r yetirir.\n<\/p>\n<p>\n  Az\u0259rbaycanda m\u00fcharib\u0259d\u0259n sonra Post Travmatik Sindromdan (PTS) \u0259ziyy\u0259t \u00e7\u0259k\u0259nl\u0259r\u0259 yard\u0131m etm\u0259li qurumlardan biri \u018fm\u0259k v\u0259 \u018fhalinin Sosial M\u00fcdafi\u0259si Nazirliyidir (\u018f\u018fSMN). Nazirliyin jurnalist sor\u011fusuna cavab\u0131nda qeyd olunub ki, post-m\u00fcharib\u0259 d\u00f6vr\u00fcnd\u0259 geni\u015fmiqyasl\u0131 sosial d\u0259st\u0259k paketi m\u00fcharib\u0259d\u0259 h\u0259lak olanlar\u0131n ail\u0259 \u00fczvl\u0259rini, m\u00fcharib\u0259 i\u015ftirak\u00e7\u0131lar\u0131n\u0131, m\u00fcharib\u0259 \u0259lill\u0259rini, m\u00fclki \u015f\u0259xsl\u0259ri \u0259hat\u0259 edib.\n<\/p>\n<p>\n  Bu d\u0259st\u0259y\u0259 sosial t\u0259minat h\u00fcquqlar\u0131n\u0131n realla\u015fd\u0131r\u0131lmas\u0131, sosial \u00f6d\u0259ni\u015fl\u0259rin t\u0259yinat\u0131, sosial-psixoloji d\u0259st\u0259k, reabilitasiya xidm\u0259tl\u0259ri v\u0259 vasit\u0259l\u0259ri il\u0259 t\u0259minat, bird\u0259flik maddi yard\u0131m, m\u0259\u015f\u011fulluq m\u0259s\u0259l\u0259l\u0259rinin operativ h\u0259lli, ki\u00e7ik biznes imkanlar\u0131n\u0131n yarad\u0131lmas\u0131, m\u0259nzil-m\u0259i\u015f\u0259t \u015f\u0259raitl\u0259rinin yax\u015f\u0131la\u015fd\u0131r\u0131lmas\u0131 aid edilib.\n<\/p>\n<p>\n  \u201c180 manata kiray\u0259d\u0259 qal\u0131r\u0131q, qaz, i\u015f\u0131q v\u0259 su pulu il\u0259 birg\u0259 220 manata \u00e7\u0131x\u0131r. Yayda 200 manat, q\u0131\u015fda 220 manat veririk. Kiray\u0259 pulunu \u00e7atd\u0131ra bilmirik, buna g\u00f6r\u0259 d\u0259 ev yiy\u0259si bizi \u00e7ox incidir. Ona Ba\u015f Prokurorluqdan, icra hakimiyy\u0259tind\u0259n bel\u0259 z\u0259ng olundu ki, biz\u0259 vaxt versin. \u018flliliyin g\u0259lm\u0259sin\u0259 q\u0259d\u0259r g\u00f6zl\u0259m\u0259sini ist\u0259yirik. Sumqay\u0131t \u0130cra Hakimiyy\u0259ti 3 ayl\u0131q kiray\u0259 haqq\u0131m\u0131z\u0131 \u00f6d\u0259yib\u201d, &#8211; deyir P\u0259rvan\u0259 S\u0259f\u0259rova.\n<\/p>\n<p><img \/><\/p>\n<p>\n  Material n\u0259\u015fr\u0259 haz\u0131rland\u0131\u011f\u0131 d\u00f6vrd\u0259 \u018f\u018fSMN-nin Sosial Xidm\u0259tl\u0259r Agentliyinin \u0259m\u0259kda\u015flar\u0131 P\u0259rvan\u0259 xan\u0131mla g\u00f6r\u00fc\u015f\u00fcb, ona bird\u0259f\u0259lik sosial yard\u0131m\u0131n t\u0259yin edil\u0259c\u0259yi, h\u0259yat yolda\u015f\u0131n\u0131n da Bak\u0131da m\u00fcalic\u0259y\u0259 c\u0259lb olunmas\u0131n\u0131n m\u00fcmk\u00fcnl\u00fcy\u00fc deyilib. P.S\u0259f\u0259rova onlar\u0131n Sumqay\u0131t\u0131n Corat q\u0259s\u0259b\u0259sind\u0259 ya\u015fad\u0131\u011f\u0131n\u0131 s\u00f6yl\u0259yib. Nazirlik pandemiya il\u0259 \u0259laq\u0259dar mart ay\u0131ndan \u00fczb\u0259\u00fcz psixoloji d\u0259st\u0259k xidm\u0259tini dayand\u0131r\u0131b, yaln\u0131z \u201conline\u201d formada xidm\u0259t g\u00f6st\u0259rir.\n<\/p>\n<figure class=\"wp-block-image size-large\">\n  <img decoding=\"async\" src=\"https:\/\/www.meydan.tv\/az\/evde-zererler\/\" alt=\"Evd\u0259 z\u0259r\u0259rl\u0259r\" class=\"wp-image-161778\"\/><figcaption>\n    Evd\u0259 z\u0259r\u0259rl\u0259r<br \/>\n  <\/figcaption><\/figure>\n<p>\n  <b><br \/>\n    \u201cMa\u015fta\u011fada 15 g\u00fcnl\u00fck m\u00fcalic\u0259d\u0259n sonra yenid\u0259n h\u0259rbi xidm\u0259t\u0259 apar\u0131l\u0131b\u201d<br \/>\n  <\/b>\n<\/p>\n<p>\n  Bin\u0259q\u0259di rayonunda ya\u015fayan Qurbanov Mir\u0259linin bac\u0131s\u0131 G\u00fcl Qurbanovan\u0131n qarda\u015f\u0131n\u0131n v\u0259ziyy\u0259ti il\u0259 \u0259laq\u0259dar d\u00f6ym\u0259diyi qap\u0131 qalmay\u0131b.\n<\/p>\n<p>\n  \u201c\u018fsg\u0259rlik d\u00f6vr\u00fcnd\u0259 Tovuz d\u00f6y\u00fc\u015fl\u0259rind\u0259 olub, sonra t\u0259rxis olunub. Sentyabr\u0131n 21-i yenid\u0259n \u00e7a\u011f\u0131r\u0131l\u0131b. Oktyabr\u0131n 10-da yaraland\u0131\u011f\u0131n\u0131 bilmi\u015fik. Oktyabr\u0131n 9-da A\u011fd\u0259r\u0259 istiqam\u0259tind\u0259 yan\u0131na minomyot d\u00fc\u015f\u00fcb. Ordan Papanin x\u0259st\u0259xanas\u0131na g\u0259tiribl\u0259r, \u00e7\u00fcnki \u00f6z\u00fcnd\u0259 olmay\u0131b, hu\u015fu getmi\u015f v\u0259ziyy\u0259td\u0259 olub. Sonra Ma\u015fta\u011faya g\u0259tiribl\u0259r. Kontuziya al\u0131b, sol \u0259l v\u0259 aya\u011f\u0131nda i\u015fl\u0259m\u0259m\u0259zlik olub. Ma\u015fta\u011fada 18 g\u00fcn qal\u0131b, oktyabr\u0131n 28-i 15 g\u00fcnl\u00fck m\u0259zuniyy\u0259t veribl\u0259r\u201d.\n<\/p>\n<p>\n  Ail\u0259 \u00fczvl\u0259rinin onu yoluxma\u011fa g\u0259ldiyini xat\u0131rlamayan M.Qurbanov gec\u0259l\u0259r yuxuda q\u0131\u015fq\u0131r\u0131r. G.Qurbanova deyir ki, Ma\u015fta\u011fada m\u00fcalic\u0259si zaman\u0131 ancaq yem\u0259k v\u0259 d\u0259rman verilib v\u0259 b\u00fct\u00fcn g\u00fcn\u00fc yat\u0131b:\n<\/p>\n<p>\n  \u201cDilinin a\u00e7\u0131lma\u011f\u0131n\u0131 g\u00f6zl\u0259yibl\u0259r ki, yenid\u0259n apars\u0131nlar h\u0259rbi xidm\u0259t\u0259. Dili a\u00e7\u0131landan sonra Papanin\u0259 (Papanin ad\u0131na Hospital-red.) apar\u0131blar, ordan 15 g\u00fcnl\u00fck m\u0259zuniyy\u0259t verilib, noyabr\u0131n 15-i h\u0259kim komissiyas\u0131 bax\u0131b v\u0259 q\u0259rar verib ki, yenid\u0259n h\u0259rbi xidm\u0259t\u0259 yollana bil\u0259r. Halbuki nitqind\u0259 probleml\u0259ri var idi, n\u0259 d\u0259 qula\u011f\u0131 e\u015fidirdi\u201d.\n<\/p>\n<p>\n  M.Qurbanov A\u011fdamda h\u0259rbi hiss\u0259y\u0259 apar\u0131l\u0131b v\u0259 orda xidm\u0259ti v\u0259zif\u0259sini yerin\u0259 yetir\u0259rk\u0259n, bayraq asanda aya\u011f\u0131 q\u0131r\u0131l\u0131b. Yanvar\u0131n 15-i, aya\u011f\u0131 gipsd\u0259 t\u0259rxis olunub.\n<\/p>\n<p>\n  \u201cG\u0259l\u0259nd\u0259n bu yana qarda\u015f\u0131mda ruhi probleml\u0259r var. Azadl\u0131q Radiosunun reportaj\u0131ndan sonra bir \u0259sg\u0259r yolda\u015f\u0131 z\u0259ng vurub deyib ki, s\u0259n niy\u0259 dan\u0131\u015f\u0131rsan? Bu da \u0259s\u0259bl\u0259\u015fib b\u0131\u00e7aqla qollar\u0131n\u0131 k\u0259sib. Yan\u0131nda dan\u0131\u015fanda deyir ki, dan\u0131\u015fma, s\u0259sin ba\u015f\u0131ma d\u00fc\u015f\u00fcr. Bir d\u0259f\u0259 gec\u0259 \u00f6z-\u00f6z\u00fcn\u0259 dan\u0131\u015fanda anam dur\u011fuzub su verm\u0259k ist\u0259yib, o da anam\u0131 bo\u011fub\u201d.\n<\/p>\n<p>\n  M\u00fcharib\u0259d\u0259n sonra yaralanan v\u0259 h\u0259lak olanlar\u0131n t\u0259minat\u0131na d\u0259st\u0259k m\u0259qs\u0259dil\u0259 YA\u015eAT Fondu yarad\u0131l\u0131b. Fond Az\u0259rbaycan Respublikas\u0131 Prezidenti yan\u0131nda V\u0259t\u0259nda\u015flara Xidm\u0259t v\u0259 Sosial \u0130nnovasiyalar Agentliyin\u0259 &#8211; ASAN Xidm\u0259t\u0259 tabedir. Fondun maliyy\u0259 m\u0259nb\u0259yi \u0259halinin \u0259m\u0259k haqlar\u0131ndan k\u00f6n\u00fcll\u00fc tutulan ian\u0259l\u0259rdir. Baxmayaraq ki, bu v\u0259saitin art\u0131q m\u0259cburi tutuldu\u011funu dey\u0259nl\u0259r d\u0259 var.\n<\/p>\n<p>\n  Son m\u0259lumatlara g\u00f6r\u0259, fonda y\u0131\u011f\u0131lan v\u0259saitin h\u0259cmi 36 milyon 189 min 52 (21 262 662 AB\u015e $) manatd\u0131r. Bu v\u0259saitin 16 milyon 432 min 809 manat\u0131 (9 954 999 AB\u015e $) fiziki \u015f\u0259xsl\u0259r, 19 milyon 756 min 143 manat\u0131 (11 607 604 AB\u015e $) h\u00fcquqi \u015f\u0259xsl\u0259r t\u0259r\u0259find\u0259n \u00f6d\u0259nilib.\n<\/p>\n<p>\n  Y\u0131\u011f\u0131lan ian\u0259nin 19 milyon 978 min 770 manat\u0131 (11 738 407 AB\u015e $) \u0259sas\u0259n \u00fc\u00e7 istiqam\u0259t \u00fczr\u0259 x\u0259rcl\u0259nib \u2013 m\u0259i\u015f\u0259t \u015f\u0259raitinin yax\u015f\u0131la\u015fd\u0131r\u0131lmas\u0131 (71,66%), tibb x\u0259rcl\u0259rinin \u00f6d\u0259nilm\u0259si (38,19 %), borc \u00f6hd\u0259likl\u0259rinin (bank v\u0259 m\u0259i\u015f\u0259t kreditl\u0259ri \u2013 16,31 %) yerin\u0259 yetirilm\u0259si.\n<\/p>\n<figure class=\"wp-block-image size-large\">\n  <img decoding=\"async\" src=\"https:\/\/www.meydan.tv\/az\/yasat-fondu\/\" alt=\"Ya\u015fat fondu\" class=\"wp-image-161775\"\/><figcaption>\n    Ya\u015fat fondu<br \/>\n  <\/figcaption><\/figure>\n<p>\n  <b><br \/>\n    \u00dcmumilikd\u0259 post-m\u00fcharib\u0259 d\u00f6vr\u00fcnd\u0259 20 min n\u0259f\u0259r\u0259 d\u0259st\u0259k g\u00f6st\u0259rilib<br \/>\n  <\/b>\n<\/p>\n<p>\n  \u201cYa\u015fat Fonduna pul \u0259vv\u0259ll\u0259r k\u00f6n\u00fcll\u00fc ola bil\u0259rdi, indi is\u0259 m\u0259cburidir. M\u0259n \u00f6z\u00fcm d\u0259 m\u0259cbur qal\u0131b pul \u00f6d\u0259mi\u015f\u0259m, \u00e7\u00fcnki g\u00f6r\u0259nd\u0259 ki, ham\u0131 \u00f6d\u0259yir, s\u0259n d\u0259 ist\u0259r-ist\u0259m\u0259z \u00f6d\u0259yirs\u0259n. Ancaq indi maa\u015flardan m\u00fc\u0259yy\u0259n m\u0259bl\u0259\u011f tutulur\u201d, \u2013Teymur M\u00fcrs\u0259lov (ad \u015f\u0259rtidir) deyir.\n<\/p>\n<p>\n  H\u0259m \u00f6z\u0259l, h\u0259m d\u0259 d\u00f6vl\u0259t m\u00fc\u0259ssis\u0259l\u0259rind\u0259 i\u015fl\u0259y\u0259n i\u015f\u00e7il\u0259rin \u0259m\u0259k haqlar\u0131ndan m\u00fc\u0259yy\u0259n faiz fondun b\u00fcdc\u0259sin\u0259 k\u00f6\u00e7\u00fcr\u00fcl\u00fcr. Fondun nizamnam\u0259sind\u0259 y\u0131\u011f\u0131lan v\u0259saitin hans\u0131 \u015f\u0259xsl\u0259ri \u0259hat\u0259 etm\u0259si il\u0259 ba\u011fl\u0131 informasiya<br \/>\n  <a href=\"https:\/\/yashat.gov.az\/pages\/about\"><br \/>\n    verilib<br \/>\n  <\/a><br \/>\n  .\n<\/p>\n<p>\n  Mir\u0259li Qurbanovun bac\u0131s\u0131 is\u0259 deyir ki, fond qarda\u015f\u0131na k\u00f6m\u0259kd\u0259n imtina edib:\n<\/p>\n<p>\n  \u201cYa\u015fat Fonduna getdim ki, biz\u0259 k\u00f6m\u0259k laz\u0131md\u0131r. Onlar da dedi ki, biz\u0259 epiqriz (x\u0259st\u0259lik tarix\u00e7\u0259si) g\u0259tirin. M\u0259n Ma\u015fta\u011fadan (1 sayl\u0131 Respublika Psixatriya X\u0259st\u0259xanas\u0131 -red.) h\u0259kimin r\u0259yini al\u0131b g\u0259tirdim, m\u0259n\u0259 dedil\u0259r ki, bu, yet\u0259rli s\u0259n\u0259d deyil, bu M\u00fcdafi\u0259 Nazirliyind\u0259n g\u0259lm\u0259lidir. Getdim M\u00fcdafi\u0259 Nazirliyin\u0259, orda dedil\u0259r ki, biz siz\u0259 epiqriz ver\u0259 bilm\u0259rik\u201d.\n<\/p>\n<p>\n  YA\u015eAT Fondunun m\u0259tbuat xidm\u0259ti ona g\u00f6nd\u0259ril\u0259n suallara cavab verm\u0259yib.\n<\/p>\n<p>\n  M\u00fcdafi\u0259 Nazirliyin\u0259, Prezident Administrasiyas\u0131na, D\u00f6vl\u0259t Sosial M\u00fcdafi\u0259 Fonduna m\u00fcraci\u0259t ed\u0259n qad\u0131n qarda\u015f\u0131n\u0131n taleyind\u0259n narahatd\u0131r:\n<\/p>\n<p>\n  \u201cBu ay (mart ay\u0131nda-red.) 550 manat bird\u0259f\u0259lik \u00f6d\u0259m\u0259 alm\u0131\u015f\u0131q. \u00c7\u00fcnki qarda\u015f\u0131m\n<\/p>\n<p>\n  yoxlan\u0131\u015fdan ke\u00e7m\u0259diyi \u00fc\u00e7\u00fcn y\u00fcng\u00fcl yazd\u0131lar. Qarda\u015f\u0131m he\u00e7 bir m\u00fcalic\u0259ni, h\u0259kimi q\u0259bul etmir, evd\u0259n \u00e7\u00f6l\u0259 \u00e7\u0131xm\u0131r, \u00f6z\u00fcn\u0259 qapan\u0131r. H\u0259kim\u0259 getmir ki, h\u0259kim dey\u0259c\u0259k \u201cs\u0259n art\u0131q t\u0259rxis olmusan, bizlik deyils\u0259n\u201d\u201d.\n<\/p>\n<p>\n  \u018f\u018fSMN-in jurnalist sor\u011fusuna cavab\u0131nda deyilir ki, \u00fcmumilikd\u0259 post-m\u00fcharib\u0259 \u00fczr\u0259 d\u0259st\u0259k paketi 20 mind\u0259n \u00e7ox insan\u0131 \u0259hat\u0259 edib. Onlardan 9 min n\u0259f\u0259r\u0259 sosial-psixoloji d\u0259st\u0259k, h\u0259m d\u0259 fizioterapevtik m\u00fcalic\u0259y\u00f6n\u00fcml\u00fc reabilitasiya xidm\u0259tl\u0259ri g\u00f6st\u0259rilib, el\u0259c\u0259 d\u0259 700-d\u0259n \u00e7ox qazi reabilitasiya m\u0259rk\u0259zl\u0259rind\u0259 h\u0259m sosial-psixoloji, h\u0259m d\u0259 fizioterapevtik m\u00fcalic\u0259y\u00f6n\u00fcml\u00fc reabilitasiya xidm\u0259tl\u0259rin\u0259 g\u00f6t\u00fcr\u00fcl\u00fcb v\u0259 haz\u0131rda bu proses davam edir.\n<\/p>\n<p>\n  Nazirliyin r\u0259smi internet s\u0259hif\u0259sind\u0259 r\u0259q\u0259ml\u0259rin yenil\u0259nm\u0259si apar\u0131l\u0131b v\u0259 qeyd olunub ki, may ay\u0131 \u00fc\u00e7\u00fcn 21 mind\u0259n \u00e7ox insana bu xidm\u0259tl\u0259r g\u00f6st\u0259rilib. O c\u00fcml\u0259d\u0259n 900 qaziy\u0259 reabilitasiya xidm\u0259ti<br \/>\n  <a href=\"https:\/\/www.sosial.gov.az\/post_452016?fbclid=IwAR2xp9e6wFSNiI8Wu_4E52kzycjVWsoBzOw_xcN4YIUe9njPvW_OkSptriU\"><br \/>\n    g\u00f6st\u0259rilib<br \/>\n  <\/a><br \/>\n  .\n<\/p>\n<p>\n  Qaraba\u011f m\u00fcharib\u0259si i\u015ftirak\u00e7\u0131lar\u0131na b\u0259zi QHT-l\u0259r post-travmatik sindromla \u0259laq\u0259dar pulsuz xidm\u0259t t\u0259klif edib. Bu QHT-l\u0259rd\u0259n biri \u201cLoqos\u201d Psixoloji v\u0259 Nitq \u0130nki\u015faf\u0131 M\u0259rk\u0259zi olub. M\u0259rk\u0259zin Layih\u0259l\u0259rl\u0259 \u0130\u015f \u015e\u00f6b\u0259sind\u0259n bildirilib ki, YA\u015eAT Fondu il\u0259 ba\u011flanan m\u00fcqavil\u0259y\u0259 \u0259sas\u0259n fonddan y\u00f6n\u0259ldil\u0259n qazil\u0259r\u0259 xidm\u0259tl\u0259 ba\u011fl\u0131 r\u0259q\u0259ml\u0259ri \u00fc\u00e7\u00fcnc\u00fc t\u0259r\u0259f\u0259 a\u00e7\u0131qlam\u0131rlar. Amma fondla \u0259m\u0259kda\u015fl\u0131qdan k\u0259nar 120 qaziy\u0259 xidm\u0259t g\u00f6st\u0259ribl\u0259r. Bu xidm\u0259t\u0259 psixoloji, nitq inki\u015faf\u0131 v\u0259 \u0259lilliyi olan \u015f\u0259xsl\u0259r \u00fc\u00e7\u00fcn motivasiya t\u0259liml\u0259ri daxildir. Xidm\u0259tin m\u00fcdd\u0259ti f\u0259rdl\u0259rd\u0259n as\u0131l\u0131 olaraq 1 aydan 7 aya q\u0259d\u0259r \u00e7\u0259k\u0259 bilir. M\u0259rk\u0259z h\u0259m\u00e7inin bildirib ki, qazil\u0259r\u0259 \u00f6d\u0259ni\u015fsiz xidm\u0259t t\u0259\u015f\u0259bb\u00fcs\u00fcn\u0259 \u00f6zl\u0259ri ba\u015flay\u0131blar, daha sonra fondla \u0259m\u0259kda\u015fl\u0131q \u00e7\u0259r\u00e7iv\u0259sind\u0259 buna davam edibl\u0259r.\n<\/p>\n<p>\n  M\u0259rk\u0259zinin psixoloqu Taciy\u0259 Mehdisoy deyir ki, m\u00fcasir m\u00fcharib\u0259l\u0259rd\u0259 psixoloji travmalar fizioloji yaralardan daha \u00e7ox qay\u011f\u0131, d\u0259st\u0259k v\u0259 zaman al\u0131r: \u201cHadis\u0259 qurbanlar\u0131n\u0131n v\u0259 onlar\u0131n yax\u0131nlar\u0131n\u0131n \u0259ks\u0259riyy\u0259tind\u0259 h\u0259yatdan z\u00f6vq almama, h\u0259tta sa\u011f qalma\u011f\u0131na bel\u0259 sevinm\u0259m\u0259, maraq v\u0259 enerjisinin azalmas\u0131, yuxu v\u0259 i\u015ftahan\u0131n pozulmas\u0131, zehnin yava\u015flamas\u0131 kimi \u0259lam\u0259tl\u0259ri g\u00f6r\u0259 bil\u0259rik. Art\u0131q bu depressiyan\u0131n olma\u011f\u0131ndan x\u0259b\u0259r verir\u201d.\n<\/p>\n<p>\n  35-\u0259 yax\u0131n Qaraba\u011f d\u00f6y\u00fc\u015f\u00e7\u00fcs\u00fcn\u00fc psixoloji yard\u0131mla t\u0259min ed\u0259n T.Musasoyun s\u00f6zl\u0259rin\u0259 g\u00f6r\u0259, PTS il\u0259 ba\u011fl\u0131 apar\u0131lan d\u00fczg\u00fcn psixoloji i\u015fin davaml\u0131l\u0131\u011f\u0131 n\u0259tic\u0259ni daha \u00e7ox tezl\u0259\u015fdir\u0259 bil\u0259r:\n<\/p>\n<p>\n  \u201cPTS-dan \u0259ziyy\u0259t \u00e7\u0259k\u0259n insanlara onlar\u0131 anlad\u0131\u011f\u0131m\u0131z\u0131 g\u00f6st\u0259rm\u0259k, rahat yerd\u0259 q\u0259bul edib g\u00fcv\u0259nd\u0259 olduqlar\u0131n\u0131 t\u0259svir etdirm\u0259k laz\u0131md\u0131. Eyni zamanda h\u0259min insanlar\u0131n \u0259hvallar\u0131 il\u0259 ba\u011fl\u0131 d\u00fczg\u00fcn m\u0259lumat verm\u0259k laz\u0131md\u0131. B\u0259zi hallarda onlar \u00f6z v\u0259ziyy\u0259tl\u0259rind\u0259n bix\u0259b\u0259r olduqlar\u0131 \u00fc\u00e7\u00fcn daha b\u00f6y\u00fck t\u0259\u015fvi\u015f ke\u00e7irirl\u0259r. Bel\u0259 olduqda apar\u0131lan psixoloji i\u015f zaman\u0131 onlar\u0131n bu \u0259hval\u0131n\u0131n n\u0259 q\u0259d\u0259r davam etdiyi v\u0259 \u0259n a\u011f\u0131r hallarda n\u0259l\u0259rin ba\u015f ver\u0259c\u0259yi haqda m\u0259lumat verilm\u0259lidir. Onlar\u0131n dinl\u0259nilm\u0259si daha \u00e7ox vacibdir\u201d.\n<\/p>\n<p>\n  <b><br \/>\n    \u0130ntiharlar\u0131n qara \u00fcz\u00fc<br \/>\n  <\/b>\n<\/p>\n<ol>\n<li>\n    Musayev V\u00fcsal Eldar o\u011flu, 1985-ci il t\u0259v\u0259ll\u00fcdl\u00fc. Ba\u015f Klinik Hospital\u0131n Psixatriya b\u00f6lm\u0259sind\u0259 dekabr\u0131n 7-d\u0259n m\u00fcalic\u0259y\u0259 ba\u015flay\u0131b. 2021-ci il yanvar\u0131n 6-da el\u0259 oradaca \u00f6z\u00fcn\u00fc as\u0131b. Ail\u0259li olub, 2 azya\u015fl\u0131 \u00f6vlad\u0131 var.\n  <\/li>\n<li>\n    M\u0259nsurov Yunis Seymur o\u011flu, 1997-ci il t\u0259v\u0259ll\u00fcdl\u00fc. H\u0259rbi v\u0259zif\u0259li \u0259sg\u0259r olub. Ail\u0259sinin dediyin\u0259 g\u00f6r\u0259, h\u0259rbi xidm\u0259td\u0259n m\u0259zuniyy\u0259t\u0259 g\u0259lib. He\u00e7 yerd\u0259 m\u00fcayin\u0259 olunay\u0131b, evd\u0259ki \u0259\u015fyalara z\u0259r\u0259r vurub, gec\u0259l\u0259r q\u0131zq\u0131r\u0131rm\u0131\u015f. 2012-ci il yanvar\u0131n 7-d\u0259 Sulut\u0259p\u0259d\u0259 ya\u015fad\u0131\u011f\u0131 evd\u0259 \u00f6z\u00fcn\u00fc as\u0131b. Bir azya\u015fl\u0131 \u00f6vlad\u0131 qal\u0131b.\n  <\/li>\n<li>\n    M\u0259mm\u0259dov Alim Nazim o\u011flu, 1989-cu il t\u0259v\u0259ll\u00fcdl\u00fc. Daxili Qo\u015funlar\u0131n zabitinin 31 yanvar 2021-ci ild\u0259 \u00fcr\u0259yind\u0259n at\u0259\u015f a\u00e7araq intihar etdiyi iddia olunur. \u0130kinci Qaraba\u011f d\u00f6y\u00fc\u015fl\u0259rinin i\u015ftirak\u00e7\u0131s\u0131 olub. Bir azya\u015fl\u0131 \u00f6vlad\u0131 qal\u0131b.\n  <\/li>\n<li>\n    Quliyev F\u0259rid Rafiq o\u011flu, 1994-c\u00fc il t\u0259v\u0259ll\u00fcdl\u00fc. Yard\u0131ml\u0131 rayonunun Urak\u0259ran k\u0259ndinin sakini olub v\u0259 evinin yax\u0131nl\u0131\u011f\u0131ndak\u0131 me\u015f\u0259d\u0259 \u00f6z\u00fcn\u00fc as\u0131b. \u0130kinci Qaraba\u011f d\u00f6y\u00fc\u015fl\u0259rinin i\u015ftirak\u00e7\u0131s\u0131 olub. Bir imi\u015f evl\u0259nibmi\u015f.\n  <\/li>\n<li>\n    Q\u0259hr\u0259manov \u0130mdad Niyazi o\u011flu, 1995-ci il t\u0259v\u0259ll\u00fcdl\u00fc. \u0130kinci Qaraba\u011f M\u00fcharib\u0259sinin i\u015ftirak\u00e7\u0131s\u0131 olub. Subay idi.\n  <\/li>\n<li>\n    Sar\u0131zad\u0259 Elvin Az\u0259r o\u011flu, 1998-ci il t\u0259v\u0259ll\u00fcdl\u00fc. M\u00fcdafi\u0259 Nazirliyinin a\u00e7\u0131qlamas\u0131na g\u00f6r\u0259 m\u0259zuniyy\u0259td\u0259 olark\u0259n yanaraq \u00f6l\u00fcb, ancaq sosial \u015f\u0259b\u0259k\u0259l\u0259rd\u0259 onun \u00f6z\u00fcn\u00fc yand\u0131rd\u0131\u011f\u0131 yaz\u0131l\u0131b.\n  <\/li>\n<li>\n    H\u0259s\u0259nov F\u0259rman F\u0259rhad o\u011flu, 1990-c\u0131 il t\u0259v\u0259ll\u00fcdl\u00fc. Ya\u015fad\u0131\u011f\u0131 Da\u015fk\u0259s\u0259n rayonunun Pirverdil\u0259r k\u0259ndind\u0259ki evind\u0259 \u00f6z\u00fcn\u00fc asaraq intihar edib. \u0130ki azya\u015fl\u0131 \u00f6vlad\u0131 var.\n  <\/li>\n<li>\n    N\u0259bizad\u0259 R\u00fcf\u0259t A\u011fayar o\u011flu, 1998-ci il t\u0259v\u0259ll\u00fcdl\u00fc. Daxili Qo\u015funlar\u0131n X\u00fcsusi T\u0259yinatl\u0131 B\u00f6lm\u0259sind\u0259 t\u0259lim ke\u00e7ib. Evin t\u0259k \u00f6vlad\u0131 olub.\n  <\/li>\n<\/ol>\n<p>\n  \u201cYunis d\u00f6y\u00fc\u015fl\u0259r\u0259 k\u00f6n\u00fcll\u00fc yollan\u0131b. Aprel d\u00f6y\u00fc\u015fl\u0259rind\u0259 d\u0259 i\u015ftirak edib. Polad H\u0259\u015fimovun \u00f6ld\u00fcy\u00fc g\u00fcn\u00fcn s\u0259h\u0259risi gedib h\u0259rbi komissarl\u0131\u011fa, orduya yaz\u0131l\u0131b. F\u0259hl\u0259likl\u0259 m\u0259\u015f\u011ful idi. Yolda\u015f\u0131n\u0131n 19, q\u0131z\u0131n\u0131n 1 ya\u015f\u0131 var. Yolda\u015f\u0131 indi u\u015fa\u011f\u0131 il\u0259 G\u0259nc\u0259d\u0259 ata evind\u0259 qal\u0131r\u201d, \u2013 deyir anas\u0131 G\u00fclar\u0259 M\u0259nsurova.\n<\/p>\n<p>\n  Yunis M\u0259nsurov yanvar\u0131n 1-d\u0259 m\u0259zuniyy\u0259t\u0259 burax\u0131l\u0131b. Ail\u0259si deyir ki, Yunisin g\u0259lm\u0259yind\u0259n x\u0259b\u0259rl\u0259ri olmay\u0131b, \u00e7\u00fcnki o, h\u0259y\u0259t\u0259 gir\u0259nd\u0259 evi tan\u0131may\u0131b, h\u0259y\u0259tl\u0259rind\u0259ki yar\u0131m\u00e7\u0131q tikiliy\u0259 girib, gec\u0259ni d\u0259 orda ke\u00e7irib. Yunis gec\u0259l\u0259r say\u0131qlay\u0131b, yolda\u015f\u0131na v\u0259 u\u015fa\u011f\u0131na h\u00fccum edib. Evd\u0259 q\u0131rd\u0131\u011f\u0131 qap\u0131 v\u0259 stolun izl\u0259ri h\u0259l\u0259 d\u0259 durur.\n<\/p>\n<p>\n  G.M\u0259nsurova deyir ki, o\u011flunu m\u00fcharib\u0259d\u0259n sonra F\u00fczulid\u0259 h\u0259rbi x\u0259st\u0259xanaya yolda\u015flar\u0131 apar\u0131b. Onu m\u00fcayin\u0259 \u00fc\u00e7\u00fcn \u00e7a\u011f\u0131racaqlar\u0131n\u0131, buna g\u00f6r\u0259 d\u0259 x\u0259st\u0259xanada qeydiyyatdan ke\u00e7irdikl\u0259rini deyibl\u0259r, sonra is\u0259 he\u00e7 kim \u0259laq\u0259 saxlamay\u0131b:\n<\/p>\n<p>\n  \u201cYunisin h\u0259rbi bileti h\u0259l\u0259 d\u0259 verilm\u0259yib. Bunun \u00fc\u00e7\u00fcn h\u0259rbi komissarl\u0131\u011fa getdim, ordan dedil\u0259r ki, h\u0259rbi hiss\u0259d\u0259n s\u0259n\u0259dl\u0259ri g\u00f6nd\u0259rilm\u0259lidir. Yunis \u00f6l\u0259nd\u0259n sonra h\u0259rbi hiss\u0259d\u0259n bir n\u0259f\u0259r \u00f6l\u00fcm \u015f\u0259had\u0259tnam\u0259sini ist\u0259m\u0259y\u0259 g\u0259lib. M\u0259n\u0259 dedil\u0259r ki, h\u0259rbi hiss\u0259 La\u00e7\u0131ndad\u0131 v\u0259 yollar ba\u011fl\u0131d\u0131 dey\u0259 komissarl\u0131\u011fa veril\u0259c\u0259k s\u0259n\u0259dl\u0259r gecikir\u201d.\n<\/p>\n<p>\n  G.M\u0259nsurova sonradan t\u0259krar \u0259laq\u0259 saxlasa da, Yunisin s\u0259n\u0259di h\u0259l\u0259 d\u0259 \u00e7atd\u0131r\u0131lmay\u0131b v\u0259 d\u00f6y\u00fc\u015fl\u0259rd\u0259 oldu\u011funa dair s\u00fcbut yoxdur: \u201cM\u0259n d\u00f6vl\u0259td\u0259n pul ist\u0259mir\u0259m, yegan\u0259 ist\u0259diyim o\u011flumun m\u00fcharib\u0259 qazisi kimi tan\u0131nmas\u0131d\u0131r\u201d.\n<\/p>\n<p>\n  M\u00fcdafi\u0259 Nazirliyi (MN) jurnalist sor\u011fusuna cavab\u0131nda PTS-dan \u0259ziyy\u0259t \u00e7\u0259k\u0259n h\u0259rb\u00e7i v\u0259 \u0259sg\u0259rl\u0259rin statistikas\u0131n\u0131n apar\u0131ld\u0131\u011f\u0131n\u0131 bildirib, ancaq onlar\u0131n say\u0131 bar\u0259d\u0259 m\u0259lumat\u0131 a\u00e7\u0131qlanmay\u0131b.\n<\/p>\n<p>\n  MN sor\u011fuya cavab olaraq qeyd edib ki, PTS a\u015fkarlanan h\u0259rbi qulluq\u00e7ular Silahl\u0131 Q\u00fcvv\u0259l\u0259rin Ba\u015f Klinik Hospital\u0131n\u0131n Psixiatriya v\u0259 Nevrologiya b\u00f6lm\u0259l\u0259rind\u0259, el\u0259c\u0259 d\u0259 b\u00f6lg\u0259l\u0259rd\u0259 yerl\u0259\u015f\u0259n h\u0259rbi tibb m\u00fc\u0259ssis\u0259l\u0259rind\u0259 m\u00fcalic\u0259y\u0259 c\u0259lb olunur.\n<\/p>\n<p>\n  Yunis M\u0259nsurovun m\u00fcalic\u0259y\u0259 c\u0259lb olunmadan m\u0259zuniyy\u0259t\u0259 g\u00f6nd\u0259rilm\u0259si m\u0259s\u0259l\u0259sini maraql\u0131 hesab ed\u0259n qurumun m\u0259tbuat xidm\u0259ti bu haqda ara\u015fd\u0131rma aparacaqlar\u0131n\u0131 bildirdi.\n<\/p>\n<p>\n  Nazirliyin a\u00e7\u0131qlad\u0131\u011f\u0131 dig\u0259r m\u0259s\u0259l\u0259 is\u0259 odur ki, Qaraba\u011f d\u00f6y\u00fc\u015f\u00e7\u00fcl\u0259ri intihar ed\u0259rl\u0259rs\u0259, onlara he\u00e7 bir g\u00fcz\u0259\u015ft tan\u0131nm\u0131r. \u0130ntihar ed\u0259n \u015f\u0259xs\u0259rl\u0259 ba\u011fl\u0131 qanunvericilikd\u0259 he\u00e7 bir imtiyaz n\u0259z\u0259rd\u0259 tutulmay\u0131b.\n<\/p>\n<p>\n  \u201cYanvar ay\u0131nda F\u00f6vq\u0259lad\u0259 Hallar Nazirliyinin 112 qaynar telefon x\u0259ttin\u0259 z\u0259ng vurdum. Onlar m\u0259ni qeydiyyata sal\u0131b, \u201cQafqaz Hotel\u201dind\u0259 T\u00fcrkiy\u0259d\u0259n g\u0259l\u0259n psixoloqlara y\u00f6n\u0259ltdil\u0259r. Bir ne\u00e7\u0259 otaqda psixoloqlar otururdu v\u0259 m\u0259ni d\u0259 biri q\u0259bul etdi. \u0130ki h\u0259ft\u0259 3 seansa getdim. Ancaq s\u00f6hb\u0259t etdik, konsultasiyadan ke\u00e7dim v\u0259 seanslardan da raz\u0131 qald\u0131m\u201d, &#8211; Qaraba\u011f d\u00f6y\u00fc\u015f\u00e7\u00fcs\u00fc M\u0259h\u0259mm\u0259d H\u00fcseynov bel\u0259 deyir.\n<\/p>\n<p>\n  M.H\u00fcseynov m\u00fcharib\u0259d\u0259n sonra \u00f6z\u00fcnd\u0259 h\u0259r hans\u0131 bir d\u0259yi\u015fiklik oldu\u011funu hiss etm\u0259yib. \u0130\u015f yolda\u015flar\u0131 onun m\u00fcharib\u0259d\u0259n sonra \u0259s\u0259bi oldu\u011funu s\u00f6yl\u0259dikd\u0259n sonra F\u00f6vq\u0259lad\u0259 Hallar Nazirliyinin (FHN) yaratd\u0131\u011f\u0131 bu imkandan istifad\u0259 edib.\n<\/p>\n<p>\n  Sosial Xidm\u0259tl\u0259r Agentliyi il\u0259 ox\u015far xidm\u0259ti g\u00f6st\u0259r\u0259n nazirlik m\u00fcharib\u0259 d\u00f6vr\u00fcnd\u0259 m\u0259n\u0259vi-psixoloji olaraq t\u0259sirl\u0259nmi\u015f \u0259hali qrupu \u00fc\u00e7\u00fcn T\u00fcrkiy\u0259d\u0259n kadrlar d\u0259v\u0259t edib.\n<\/p>\n<p>\n  Nazirlik jurnalist so\u011fusuna cavab verm\u0259s\u0259 d\u0259, \u00f6z r\u0259smi elektron s\u0259hif\u0259sind\u0259 \u00fcmumilikd\u0259 1700 n\u0259f\u0259r\u0259 yax\u0131n m\u00fcharib\u0259 i\u015ftirak\u00e7\u0131s\u0131na, qazi, \u015f\u0259hid ail\u0259si \u00fczv\u00fc v\u0259 m\u00fcharib\u0259d\u0259n t\u0259sirl\u0259nmi\u015f m\u00fclki \u0259haliy\u0259, 140-a yax\u0131n u\u015faq v\u0259 yeniyetm\u0259y\u0259 xidm\u0259t<br \/>\n  <a href=\"https:\/\/www.fhn.gov.az\/index.php?aze\/news\/xeber\/2021\/5\/6\/39266\"><br \/>\n    g\u00f6st\u0259rildiyini<br \/>\n  <\/a><br \/>\n  a\u00e7\u0131qlay\u0131b.\n<\/p>\n<p>\n  \u018f\u018fSMN-nin m\u0259lumat\u0131na g\u00f6r\u0259, \u201cOnlayn psixoloji xidm\u0259t\u201d\u0259 (19 noyabr 2020-ci il \u2013 15 mart 2021-ci il tarixl\u0259rind\u0259) 1 500 z\u0259ng daxil olub, h\u0259m\u00e7inin birba\u015fa m\u00fcraci\u0259tl\u0259r d\u0259 edilib.\n<\/p>\n<p>\n  Jurnalist sor\u011fusuna cavabda \u018f\u018fSMN-in Sosial Xidm\u0259tl\u0259r Agentliyind\u0259 yarad\u0131lan psixoloq v\u0259 psixatrlardan ibar\u0259t qruplarla ail\u0259l\u0259rl\u0259 i\u015fl\u0259dikl\u0259rini ilkin psixo-sosial d\u0259st\u0259k g\u00f6st\u0259rildiyini qeyd edib: \u201cH\u0259m f\u0259rdi, h\u0259m d\u0259 ail\u0259 terapiyas\u0131 formas\u0131nda konsultasiyalar apar\u0131l\u0131b. Seanslar psixoloji d\u0259st\u0259k t\u0259dbirl\u0259ri \u00fc\u00e7\u00fcn ehtiyac qiym\u0259tl\u0259ndiril\u0259r\u0259k, ay \u0259rzind\u0259 4-6 d\u0259f\u0259 realla\u015fd\u0131r\u0131l\u0131b\u201d.\n<\/p>\n<p>\n  Bu m\u0259qs\u0259dl\u0259 d\u00f6vl\u0259tin h\u0259r hans\u0131 maliyy\u0259 d\u0259st\u0259yi g\u00f6st\u0259rm\u0259si il\u0259 ba\u011fl\u0131 suallar cavabs\u0131z qal\u0131b:\n<\/p>\n<p>\n  \u201c\u018fyani formada, habel\u0259 evl\u0259r\u0259 gedilm\u0259kl\u0259 h\u0259yata ke\u00e7iril\u0259n psixoloji d\u0259st\u0259k t\u0259dbirl\u0259ri Sosial Xidm\u0259tl\u0259r Agentliyinin sosial sifari\u015fl\u0259ri \u0259sas\u0131nda icra olunan layih\u0259l\u0259r \u00e7\u0259r\u00e7iv\u0259sind\u0259 h\u0259yata ke\u00e7irilib. Bu t\u0259dbirl\u0259r psixoloq v\u0259 psixatrlar t\u0259r\u0259find\u0259n yerin\u0259 yetirilib v\u0259 onlar\u0131n \u0259m\u0259khaqlar\u0131 da h\u0259min layih\u0259l\u0259rin maliyy\u0259l\u0259\u015fdirilm\u0259si \u00e7\u0259r\u00e7iv\u0259sind\u0259 \u00f6d\u0259nilib\u201d.\n<\/p>\n<p>\n  Mart ay\u0131n\u0131n 16-dan \u0259lillik almaq \u00fc\u00e7\u00fcn s\u0259n\u0259dl\u0259rini Sumqay\u0131t \u015f\u0259h\u0259rind\u0259ki 2 sayl\u0131 poliklinikaya t\u0259qdim ed\u0259n Emin S\u0259f\u0259rov h\u0259l\u0259 d\u0259 \u0259lillik d\u0259r\u0259c\u0259sini g\u00f6zl\u0259yir. Bunu da h\u0259yat yolda\u015f\u0131 P.S\u0259f\u0259rova dedi:\n<\/p>\n<p>\n  \u201c15 i\u015f g\u00fcn\u00fc \u0259rzind\u0259 \u0259lillik al\u0131nmal\u0131d\u0131r. M\u0259n\u0259 el\u0259c\u0259 \u201cin\u015fallah g\u0259l\u0259r\u201d deyibl\u0259r. Ne\u00e7\u0259nci qrup veril\u0259c\u0259yini d\u0259 bilmirik. 2750 manat s\u0131\u011forta pulu ald\u0131. Onu da ad\u0131ndak\u0131 kreditl\u0259r\u0259 \u00f6d\u0259di. Bir d\u0259 d\u00fckanlara borcumuz vard\u0131, onu da \u00f6d\u0259dik. Ev n\u00f6vb\u0259sin\u0259 is\u0259 \u0259lillik t\u0259yin olunarsa g\u00f6t\u00fcr\u00fcl\u0259 bil\u0259c\u0259yik, \u0259lilliyi olmayan m\u00fcharib\u0259 i\u015ftirak\u00e7\u0131lar\u0131 ev n\u00f6vb\u0259sin\u0259 al\u0131nm\u0131r\u201d.\n<\/p>\n<p>\n  Emin S\u0259f\u0259rova may ay\u0131n\u0131n 7-d\u0259 III qrup \u0259lillik t\u0259yin olunub. O, bir mu\u0308dd\u0259t Sosial Xidm\u0259tl\u0259r Agentliyinin ko\u0308m\u0259yi il\u0259 Sumqay\u0131tda psixoloq yan\u0131na gets\u0259 d\u0259 haz\u0131rda bu seanslar\u0131 dayand\u0131r\u0131b: &quot;Psixoloq yan\u0131na getdikc\u0259 daha pis olur, h\u0259r s\u0327ey yenid\u0259n yad\u0131na du\u0308s\u0327u\u0308r. Psixiatr Fuad I\u0307smay\u0131lov da m\u0259sl\u0259h\u0259t go\u0308rdu\u0308 ki, psixoloq yan\u0131na getm\u0259sin. Onun mu\u0308alic\u0259si davam edir, d\u0259rmanlar\u0131 da o\u0308zu\u0308mu\u0308z al\u0131r\u0131q&quot;.\n<\/p>\n<p>\n  <b><br \/>\n    Ayt\u0259n F\u0259rhadova<br \/>\n  <\/b>\n<\/p>\n<p>\n  <b><br \/>\n    Heyd\u0259r \u0130sayev<br \/>\n  <\/b>\n<\/p>\n<p>\n  <b><br \/>\n    <i><br \/>\n      M\u0259qal\u0259 S\u00fclh v\u0259 M\u00fcnaqi\u015f\u0259 \u0130cmallar\u0131 \u0130nstitutunun (Institutu of War and Peace Reporting) maliyy\u0259l\u0259\u015fdirdiyi jurnalist ara\u015fd\u0131rmas\u0131 \u00fc\u00e7\u00fcn n\u0259z\u0259rd\u0259 tutulan \u201cS\u00f6z haqq\u0131 ver v\u0259 D\u0259yi\u015fiklik g\u0259tir &#8211; S\u0259rh\u0259dd\u0259n \u00e7\u00f6ll\u0259r\u0259\u201d qrant layih\u0259si \u00e7\u0259r\u00e7iv\u0259sind\u0259 haz\u0131rlan\u0131b. M\u0259qal\u0259d\u0259 s\u0259sl\u0259n\u0259n fikir v\u0259 d\u00fc\u015f\u00fcnc\u0259l\u0259r m\u00fc\u0259llifl\u0259r\u0259 aiddir v\u0259 S\u00fclh v\u0259 M\u00fcnaqi\u015f\u0259 \u0130cmallar\u0131 \u0130nstitutunun v\u0259 onun partnyorlar\u0131n\u0131n m\u00f6vqeyi il\u0259 \u00fcst-\u00fcst\u0259 d\u00fc\u015fm\u0259y\u0259 bil\u0259r.<br \/>\n    <\/i><br \/>\n  <\/b>\n<\/p>\n<figure class=\"wp-block-image size-large\">\n  <img decoding=\"async\" src=\"https:\/\/www.meydan.tv\/az\/norwaymfa-1-png\/\" alt=\"&#8211; NorwayMFA (1).png\" class=\"wp-image-161781\"\/><figcaption>\n    Norve\u00e7 X\u0130N loqo<br \/>\n  <\/figcaption><\/figure>\n<figure class=\"wp-block-image size-large\">\n  <img decoding=\"async\" src=\"https:\/\/www.meydan.tv\/az\/iwpr-master-logo-1-png\/\" alt=\"IWPR Master Logo (1).png\" class=\"wp-image-161784\"\/><figcaption>\n    \u0130WPR Logo<br \/>\n  <\/figcaption><\/figure>\n","protected":false},"excerpt":{"rendered":"<p>Post Travmatik Sindrom n\u0259tic\u0259sind\u0259 intihar ed\u0259n m\u00fcharib\u0259 i\u015ftirak\u00e7\u0131lar\u0131na x\u00fcsusi imtiyazlar tan\u0131nm\u0131r<\/p>\n","protected":false},"author":11,"featured_media":161772,"comment_status":"closed","ping_status":"open","sticky":false,"template":"","format":"standard","meta":{"_acf_changed":false,"_sitemap_exclude":false,"_sitemap_priority":"","_sitemap_frequency":"","footnotes":""},"categories":[55],"tags":[],"class_list":["post-206560","post","type-post","status-publish","format-standard","has-post-thumbnail","hentry","category-arasdirma","infinite-scroll-item","generate-columns","tablet-grid-50","mobile-grid-100","grid-parent","grid-33","no-featured-image-padding"],"acf":[],"yoast_head":"<!-- This site is optimized with the Yoast SEO plugin v27.4 - https:\/\/yoast.com\/product\/yoast-seo-wordpress\/ -->\n<title>\u201cM\u0259n d\u00f6vl\u0259td\u0259n pul ist\u0259mir\u0259m, birc\u0259 o\u011flumun ad\u0131 ya\u015fas\u0131n...\u201d - MEYDAN.TV<\/title>\n<meta name=\"robots\" content=\"index, follow, max-snippet:-1, max-image-preview:large, max-video-preview:-1\" \/>\n<link rel=\"canonical\" href=\"https:\/\/www.meydan.tv\/az\/article\/men-dovletden-pul-istemirem-birce-oglumun-adi-yasasin\/\" \/>\n<meta property=\"og:locale\" content=\"az_AZ\" \/>\n<meta property=\"og:type\" content=\"article\" \/>\n<meta property=\"og:title\" content=\"\u201cM\u0259n d\u00f6vl\u0259td\u0259n pul ist\u0259mir\u0259m, birc\u0259 o\u011flumun ad\u0131 ya\u015fas\u0131n...\u201d - MEYDAN.TV\" \/>\n<meta property=\"og:description\" content=\"Post Travmatik Sindrom n\u0259tic\u0259sind\u0259 intihar ed\u0259n m\u00fcharib\u0259 i\u015ftirak\u00e7\u0131lar\u0131na x\u00fcsusi imtiyazlar tan\u0131nm\u0131r\" \/>\n<meta property=\"og:url\" content=\"https:\/\/www.meydan.tv\/az\/article\/men-dovletden-pul-istemirem-birce-oglumun-adi-yasasin\/\" \/>\n<meta property=\"og:site_name\" content=\"MEYDAN.TV\" \/>\n<meta property=\"article:published_time\" content=\"2021-06-04T19:53:40+00:00\" \/>\n<meta property=\"og:image\" content=\"https:\/\/www.meydan.tv\/wp-content\/uploads\/untitled_design_-_2021-06-04t160520.665-1200x675.png\" \/>\n\t<meta property=\"og:image:width\" content=\"1200\" \/>\n\t<meta property=\"og:image:height\" content=\"675\" \/>\n\t<meta property=\"og:image:type\" content=\"image\/png\" \/>\n<meta name=\"author\" content=\"user-manager\" \/>\n<meta name=\"twitter:card\" content=\"summary_large_image\" \/>\n<script type=\"application\/ld+json\" class=\"yoast-schema-graph\">{\"@context\":\"https:\\\/\\\/schema.org\",\"@graph\":[{\"@type\":\"Article\",\"@id\":\"https:\\\/\\\/www.meydan.tv\\\/az\\\/article\\\/men-dovletden-pul-istemirem-birce-oglumun-adi-yasasin\\\/#article\",\"isPartOf\":{\"@id\":\"https:\\\/\\\/www.meydan.tv\\\/az\\\/article\\\/men-dovletden-pul-istemirem-birce-oglumun-adi-yasasin\\\/\"},\"author\":{\"name\":\"user-manager\",\"@id\":\"https:\\\/\\\/www.meydan.tv\\\/az\\\/#\\\/schema\\\/person\\\/10d11eccf6da3662cf5fdab9806ea91a\"},\"headline\":\"\u201cM\u0259n d\u00f6vl\u0259td\u0259n pul ist\u0259mir\u0259m, birc\u0259 o\u011flumun ad\u0131 ya\u015fas\u0131n&#8230;\u201d\",\"datePublished\":\"2021-06-04T19:53:40+00:00\",\"mainEntityOfPage\":{\"@id\":\"https:\\\/\\\/www.meydan.tv\\\/az\\\/article\\\/men-dovletden-pul-istemirem-birce-oglumun-adi-yasasin\\\/\"},\"wordCount\":3673,\"publisher\":{\"@id\":\"https:\\\/\\\/www.meydan.tv\\\/az\\\/#organization\"},\"image\":{\"@id\":\"https:\\\/\\\/www.meydan.tv\\\/az\\\/article\\\/men-dovletden-pul-istemirem-birce-oglumun-adi-yasasin\\\/#primaryimage\"},\"thumbnailUrl\":\"https:\\\/\\\/www.meydan.tv\\\/wp-content\\\/uploads\\\/untitled_design_-_2021-06-04t160520.665.png\",\"articleSection\":[\"Ara\u015fd\u0131rma\"],\"inLanguage\":\"az\"},{\"@type\":\"WebPage\",\"@id\":\"https:\\\/\\\/www.meydan.tv\\\/az\\\/article\\\/men-dovletden-pul-istemirem-birce-oglumun-adi-yasasin\\\/\",\"url\":\"https:\\\/\\\/www.meydan.tv\\\/az\\\/article\\\/men-dovletden-pul-istemirem-birce-oglumun-adi-yasasin\\\/\",\"name\":\"\u201cM\u0259n d\u00f6vl\u0259td\u0259n pul ist\u0259mir\u0259m, birc\u0259 o\u011flumun ad\u0131 ya\u015fas\u0131n...\u201d - MEYDAN.TV\",\"isPartOf\":{\"@id\":\"https:\\\/\\\/www.meydan.tv\\\/az\\\/#website\"},\"primaryImageOfPage\":{\"@id\":\"https:\\\/\\\/www.meydan.tv\\\/az\\\/article\\\/men-dovletden-pul-istemirem-birce-oglumun-adi-yasasin\\\/#primaryimage\"},\"image\":{\"@id\":\"https:\\\/\\\/www.meydan.tv\\\/az\\\/article\\\/men-dovletden-pul-istemirem-birce-oglumun-adi-yasasin\\\/#primaryimage\"},\"thumbnailUrl\":\"https:\\\/\\\/www.meydan.tv\\\/wp-content\\\/uploads\\\/untitled_design_-_2021-06-04t160520.665.png\",\"datePublished\":\"2021-06-04T19:53:40+00:00\",\"breadcrumb\":{\"@id\":\"https:\\\/\\\/www.meydan.tv\\\/az\\\/article\\\/men-dovletden-pul-istemirem-birce-oglumun-adi-yasasin\\\/#breadcrumb\"},\"inLanguage\":\"az\",\"potentialAction\":[{\"@type\":\"ReadAction\",\"target\":[\"https:\\\/\\\/www.meydan.tv\\\/az\\\/article\\\/men-dovletden-pul-istemirem-birce-oglumun-adi-yasasin\\\/\"]}]},{\"@type\":\"ImageObject\",\"inLanguage\":\"az\",\"@id\":\"https:\\\/\\\/www.meydan.tv\\\/az\\\/article\\\/men-dovletden-pul-istemirem-birce-oglumun-adi-yasasin\\\/#primaryimage\",\"url\":\"https:\\\/\\\/www.meydan.tv\\\/wp-content\\\/uploads\\\/untitled_design_-_2021-06-04t160520.665.png\",\"contentUrl\":\"https:\\\/\\\/www.meydan.tv\\\/wp-content\\\/uploads\\\/untitled_design_-_2021-06-04t160520.665.png\",\"width\":1280,\"height\":720,\"caption\":\"Source: Reuters\"},{\"@type\":\"BreadcrumbList\",\"@id\":\"https:\\\/\\\/www.meydan.tv\\\/az\\\/article\\\/men-dovletden-pul-istemirem-birce-oglumun-adi-yasasin\\\/#breadcrumb\",\"itemListElement\":[{\"@type\":\"ListItem\",\"position\":1,\"name\":\"Ana s\u0259hif\u0259\",\"item\":\"https:\\\/\\\/www.meydan.tv\\\/az\\\/\"},{\"@type\":\"ListItem\",\"position\":2,\"name\":\"Ara\u015fd\u0131rma\",\"item\":\"https:\\\/\\\/www.meydan.tv\\\/az\\\/section\\\/arasdirma\\\/\"},{\"@type\":\"ListItem\",\"position\":3,\"name\":\"\u201cM\u0259n d\u00f6vl\u0259td\u0259n pul ist\u0259mir\u0259m, birc\u0259 o\u011flumun ad\u0131 ya\u015fas\u0131n&#8230;\u201d\"}]},{\"@type\":\"WebSite\",\"@id\":\"https:\\\/\\\/www.meydan.tv\\\/az\\\/#website\",\"url\":\"https:\\\/\\\/www.meydan.tv\\\/az\\\/\",\"name\":\"MEYDAN.TV\",\"description\":\"Meydan TV Az\u0259rbaycan\u0131n media m\u0259kan\u0131ndak\u0131 alternativ s\u0259sidir\",\"publisher\":{\"@id\":\"https:\\\/\\\/www.meydan.tv\\\/az\\\/#organization\"},\"potentialAction\":[{\"@type\":\"SearchAction\",\"target\":{\"@type\":\"EntryPoint\",\"urlTemplate\":\"https:\\\/\\\/www.meydan.tv\\\/az\\\/?s={search_term_string}\"},\"query-input\":{\"@type\":\"PropertyValueSpecification\",\"valueRequired\":true,\"valueName\":\"search_term_string\"}}],\"inLanguage\":\"az\"},{\"@type\":\"Organization\",\"@id\":\"https:\\\/\\\/www.meydan.tv\\\/az\\\/#organization\",\"name\":\"Meydan TV\",\"url\":\"https:\\\/\\\/www.meydan.tv\\\/az\\\/\",\"logo\":{\"@type\":\"ImageObject\",\"inLanguage\":\"az\",\"@id\":\"https:\\\/\\\/www.meydan.tv\\\/az\\\/#\\\/schema\\\/logo\\\/image\\\/\",\"url\":\"https:\\\/\\\/www.meydan.tv\\\/wp-content\\\/uploads\\\/2021\\\/07\\\/meydan-logo.svg\",\"contentUrl\":\"https:\\\/\\\/www.meydan.tv\\\/wp-content\\\/uploads\\\/2021\\\/07\\\/meydan-logo.svg\",\"width\":195,\"height\":46,\"caption\":\"Meydan TV\"},\"image\":{\"@id\":\"https:\\\/\\\/www.meydan.tv\\\/az\\\/#\\\/schema\\\/logo\\\/image\\\/\"}},{\"@type\":\"Person\",\"@id\":\"https:\\\/\\\/www.meydan.tv\\\/az\\\/#\\\/schema\\\/person\\\/10d11eccf6da3662cf5fdab9806ea91a\",\"name\":\"user-manager\"}]}<\/script>\n<!-- \/ Yoast SEO plugin. -->","yoast_head_json":{"title":"\u201cM\u0259n d\u00f6vl\u0259td\u0259n pul ist\u0259mir\u0259m, birc\u0259 o\u011flumun ad\u0131 ya\u015fas\u0131n...\u201d - MEYDAN.TV","robots":{"index":"index","follow":"follow","max-snippet":"max-snippet:-1","max-image-preview":"max-image-preview:large","max-video-preview":"max-video-preview:-1"},"canonical":"https:\/\/www.meydan.tv\/az\/article\/men-dovletden-pul-istemirem-birce-oglumun-adi-yasasin\/","og_locale":"az_AZ","og_type":"article","og_title":"\u201cM\u0259n d\u00f6vl\u0259td\u0259n pul ist\u0259mir\u0259m, birc\u0259 o\u011flumun ad\u0131 ya\u015fas\u0131n...\u201d - MEYDAN.TV","og_description":"Post Travmatik Sindrom n\u0259tic\u0259sind\u0259 intihar ed\u0259n m\u00fcharib\u0259 i\u015ftirak\u00e7\u0131lar\u0131na x\u00fcsusi imtiyazlar tan\u0131nm\u0131r","og_url":"https:\/\/www.meydan.tv\/az\/article\/men-dovletden-pul-istemirem-birce-oglumun-adi-yasasin\/","og_site_name":"MEYDAN.TV","article_published_time":"2021-06-04T19:53:40+00:00","og_image":[{"width":1200,"height":675,"url":"https:\/\/www.meydan.tv\/wp-content\/uploads\/untitled_design_-_2021-06-04t160520.665-1200x675.png","type":"image\/png"}],"author":"user-manager","twitter_card":"summary_large_image","schema":{"@context":"https:\/\/schema.org","@graph":[{"@type":"Article","@id":"https:\/\/www.meydan.tv\/az\/article\/men-dovletden-pul-istemirem-birce-oglumun-adi-yasasin\/#article","isPartOf":{"@id":"https:\/\/www.meydan.tv\/az\/article\/men-dovletden-pul-istemirem-birce-oglumun-adi-yasasin\/"},"author":{"name":"user-manager","@id":"https:\/\/www.meydan.tv\/az\/#\/schema\/person\/10d11eccf6da3662cf5fdab9806ea91a"},"headline":"\u201cM\u0259n d\u00f6vl\u0259td\u0259n pul ist\u0259mir\u0259m, birc\u0259 o\u011flumun ad\u0131 ya\u015fas\u0131n&#8230;\u201d","datePublished":"2021-06-04T19:53:40+00:00","mainEntityOfPage":{"@id":"https:\/\/www.meydan.tv\/az\/article\/men-dovletden-pul-istemirem-birce-oglumun-adi-yasasin\/"},"wordCount":3673,"publisher":{"@id":"https:\/\/www.meydan.tv\/az\/#organization"},"image":{"@id":"https:\/\/www.meydan.tv\/az\/article\/men-dovletden-pul-istemirem-birce-oglumun-adi-yasasin\/#primaryimage"},"thumbnailUrl":"https:\/\/www.meydan.tv\/wp-content\/uploads\/untitled_design_-_2021-06-04t160520.665.png","articleSection":["Ara\u015fd\u0131rma"],"inLanguage":"az"},{"@type":"WebPage","@id":"https:\/\/www.meydan.tv\/az\/article\/men-dovletden-pul-istemirem-birce-oglumun-adi-yasasin\/","url":"https:\/\/www.meydan.tv\/az\/article\/men-dovletden-pul-istemirem-birce-oglumun-adi-yasasin\/","name":"\u201cM\u0259n d\u00f6vl\u0259td\u0259n pul ist\u0259mir\u0259m, birc\u0259 o\u011flumun ad\u0131 ya\u015fas\u0131n...\u201d - MEYDAN.TV","isPartOf":{"@id":"https:\/\/www.meydan.tv\/az\/#website"},"primaryImageOfPage":{"@id":"https:\/\/www.meydan.tv\/az\/article\/men-dovletden-pul-istemirem-birce-oglumun-adi-yasasin\/#primaryimage"},"image":{"@id":"https:\/\/www.meydan.tv\/az\/article\/men-dovletden-pul-istemirem-birce-oglumun-adi-yasasin\/#primaryimage"},"thumbnailUrl":"https:\/\/www.meydan.tv\/wp-content\/uploads\/untitled_design_-_2021-06-04t160520.665.png","datePublished":"2021-06-04T19:53:40+00:00","breadcrumb":{"@id":"https:\/\/www.meydan.tv\/az\/article\/men-dovletden-pul-istemirem-birce-oglumun-adi-yasasin\/#breadcrumb"},"inLanguage":"az","potentialAction":[{"@type":"ReadAction","target":["https:\/\/www.meydan.tv\/az\/article\/men-dovletden-pul-istemirem-birce-oglumun-adi-yasasin\/"]}]},{"@type":"ImageObject","inLanguage":"az","@id":"https:\/\/www.meydan.tv\/az\/article\/men-dovletden-pul-istemirem-birce-oglumun-adi-yasasin\/#primaryimage","url":"https:\/\/www.meydan.tv\/wp-content\/uploads\/untitled_design_-_2021-06-04t160520.665.png","contentUrl":"https:\/\/www.meydan.tv\/wp-content\/uploads\/untitled_design_-_2021-06-04t160520.665.png","width":1280,"height":720,"caption":"Source: Reuters"},{"@type":"BreadcrumbList","@id":"https:\/\/www.meydan.tv\/az\/article\/men-dovletden-pul-istemirem-birce-oglumun-adi-yasasin\/#breadcrumb","itemListElement":[{"@type":"ListItem","position":1,"name":"Ana s\u0259hif\u0259","item":"https:\/\/www.meydan.tv\/az\/"},{"@type":"ListItem","position":2,"name":"Ara\u015fd\u0131rma","item":"https:\/\/www.meydan.tv\/az\/section\/arasdirma\/"},{"@type":"ListItem","position":3,"name":"\u201cM\u0259n d\u00f6vl\u0259td\u0259n pul ist\u0259mir\u0259m, birc\u0259 o\u011flumun ad\u0131 ya\u015fas\u0131n&#8230;\u201d"}]},{"@type":"WebSite","@id":"https:\/\/www.meydan.tv\/az\/#website","url":"https:\/\/www.meydan.tv\/az\/","name":"MEYDAN.TV","description":"Meydan TV Az\u0259rbaycan\u0131n media m\u0259kan\u0131ndak\u0131 alternativ s\u0259sidir","publisher":{"@id":"https:\/\/www.meydan.tv\/az\/#organization"},"potentialAction":[{"@type":"SearchAction","target":{"@type":"EntryPoint","urlTemplate":"https:\/\/www.meydan.tv\/az\/?s={search_term_string}"},"query-input":{"@type":"PropertyValueSpecification","valueRequired":true,"valueName":"search_term_string"}}],"inLanguage":"az"},{"@type":"Organization","@id":"https:\/\/www.meydan.tv\/az\/#organization","name":"Meydan TV","url":"https:\/\/www.meydan.tv\/az\/","logo":{"@type":"ImageObject","inLanguage":"az","@id":"https:\/\/www.meydan.tv\/az\/#\/schema\/logo\/image\/","url":"https:\/\/www.meydan.tv\/wp-content\/uploads\/2021\/07\/meydan-logo.svg","contentUrl":"https:\/\/www.meydan.tv\/wp-content\/uploads\/2021\/07\/meydan-logo.svg","width":195,"height":46,"caption":"Meydan TV"},"image":{"@id":"https:\/\/www.meydan.tv\/az\/#\/schema\/logo\/image\/"}},{"@type":"Person","@id":"https:\/\/www.meydan.tv\/az\/#\/schema\/person\/10d11eccf6da3662cf5fdab9806ea91a","name":"user-manager"}]}},"_links":{"self":[{"href":"https:\/\/www.meydan.tv\/az\/wp-json\/wp\/v2\/posts\/206560","targetHints":{"allow":["GET"]}}],"collection":[{"href":"https:\/\/www.meydan.tv\/az\/wp-json\/wp\/v2\/posts"}],"about":[{"href":"https:\/\/www.meydan.tv\/az\/wp-json\/wp\/v2\/types\/post"}],"author":[{"embeddable":true,"href":"https:\/\/www.meydan.tv\/az\/wp-json\/wp\/v2\/users\/11"}],"replies":[{"embeddable":true,"href":"https:\/\/www.meydan.tv\/az\/wp-json\/wp\/v2\/comments?post=206560"}],"version-history":[{"count":0,"href":"https:\/\/www.meydan.tv\/az\/wp-json\/wp\/v2\/posts\/206560\/revisions"}],"wp:featuredmedia":[{"embeddable":true,"href":"https:\/\/www.meydan.tv\/az\/wp-json\/wp\/v2\/media\/161772"}],"wp:attachment":[{"href":"https:\/\/www.meydan.tv\/az\/wp-json\/wp\/v2\/media?parent=206560"}],"wp:term":[{"taxonomy":"category","embeddable":true,"href":"https:\/\/www.meydan.tv\/az\/wp-json\/wp\/v2\/categories?post=206560"},{"taxonomy":"post_tag","embeddable":true,"href":"https:\/\/www.meydan.tv\/az\/wp-json\/wp\/v2\/tags?post=206560"}],"curies":[{"name":"wp","href":"https:\/\/api.w.org\/{rel}","templated":true}]}}