{"id":206554,"date":"2021-06-04T15:03:33","date_gmt":"2021-06-04T15:03:33","guid":{"rendered":"https:\/\/www.meydan.tv\/article\/pfizer-vaksinin-istifadesine-baslanilacaq\/"},"modified":"2021-06-04T15:03:33","modified_gmt":"2021-06-04T15:03:33","slug":"pfizer-vaksinin-istifadesine-baslanilacaq","status":"publish","type":"post","link":"https:\/\/www.meydan.tv\/az\/article\/pfizer-vaksinin-istifadesine-baslanilacaq\/","title":{"rendered":"\u201cPfizer\u201d vaksininin istifad\u0259sin\u0259 ba\u015flan\u0131lacaq"},"content":{"rendered":"<p>\n  <i><br \/>\n    18 ya\u015f\u0131ndan yuxar\u0131 olan h\u0259r bir v\u0259t\u0259nda\u015f peyv\u0259nd oluna bil\u0259r<br \/>\n  <\/i>\n<\/p>\n<p>\n  \u0130yunun 7-d\u0259n Az\u0259rbaycanda \u201cPfizer\u201d vaksinin istifad\u0259sin\u0259 ba\u015flan\u0131lacaq.\n<\/p>\n<p>\n  Az\u0259rbaycan S\u0259hiyy\u0259 Nazirliyi, \u0130cbari Tibbi S\u0131\u011forta \u00fczr\u0259 D\u00f6vl\u0259t Agentliyi v\u0259 Tibbi \u018frazi B\u00f6lm\u0259l\u0259rini \u0130dar\u0259etm\u0259 Birliyi birg\u0259 m\u0259lumat\u0131nda bildirilir ki, vaksinin istifad\u0259sin\u0259 Azadl\u0131q prospekti 112 \u00fcnvan\u0131nda yerl\u0259\u015f\u0259n Bak\u0131 Sa\u011flaml\u0131q M\u0259rk\u0259zind\u0259 v\u0259 Parlament prospekti 76 \u00fcnvan\u0131nda yerl\u0259\u015f\u0259n M\u0259rk\u0259zi Klinik X\u0259st\u0259xanas\u0131nda ba\u015flanacaq.\n<\/p>\n<p>\n  Bildirilir ki, 18 ya\u015f\u0131ndan yuxar\u0131 olan v\u0259 \u0259ks g\u00f6st\u0259ri\u015fl\u0259ri olmayan h\u0259r bir v\u0259t\u0259nda\u015f peyv\u0259nd oluna bil\u0259r.\n<\/p>\n<p>\n  Bunun \u00fc\u00e7\u00fcn<br \/>\n  <a href=\"https:\/\/randevu.its.gov.az\/\"><br \/>\n    <u><br \/>\n      https:\/\/randevu.its.gov.az\/<br \/>\n    <\/u><br \/>\n  <\/a><br \/>\n  sayt\u0131na daxil olaraq, \u201cCOVID-19 vaksin randevu\u201d elektron xidm\u0259tind\u0259n istifad\u0259 etm\u0259kl\u0259 koronavirus x\u0259st\u0259liyi \u0259leyhin\u0259 vaksinasiya \u00fc\u00e7\u00fcn onlayn qaydada n\u00f6vb\u0259 g\u00f6t\u00fcr\u00fclm\u0259lidir.\n<\/p>\n<p>\n  \u201cCOVID-19 vaksin randevu\u201d elektron xidm\u0259tind\u0259 v\u0259t\u0259nda\u015f ilk olaraq \u015f\u0259xsiyy\u0259t v\u0259siq\u0259sinin seriya n\u00f6mr\u0259sini v\u0259 F\u0130N kodunu daxil edib \u201cYoxla\u201d d\u00fcym\u0259sin\u0259 basmal\u0131d\u0131r.\n<\/p>\n<p>\n  Bundan sonra, v\u0259t\u0259nda\u015f t\u0259qdim olunan siyah\u0131dan peyv\u0259nd m\u0259nt\u0259q\u0259sini, randevu tarixini v\u0259 saat\u0131n\u0131 se\u00e7ib, mobil n\u00f6mr\u0259sini daxil etm\u0259lidir.\n<\/p>\n<p>\n  Qeydiyyat ba\u015fa \u00e7atd\u0131qdan sonra daxil edil\u0259n mobil n\u00f6mr\u0259y\u0259 n\u00f6vb\u0259nin qeyd\u0259 al\u0131nmas\u0131 il\u0259 ba\u011fl\u0131 mesaj g\u00f6nd\u0259rilir.\n<\/p>\n<p>\n  Mesajda birinci dozan\u0131n vurulaca\u011f\u0131 tarix, saat v\u0259 m\u0259kan qeyd edilir.\n<\/p>\n<p>\n  Peyv\u0259ndin birinci dozas\u0131 vurulduqdan 28 g\u00fcn sonra ikinci dozan\u0131n vurulmas\u0131 \u00fc\u00e7\u00fcn t\u0259krar qeydiyyatdan ke\u00e7m\u0259y\u0259 ehtiyac yoxdur, \u00e7\u00fcnki ilkin m\u00fcraci\u0259t zaman\u0131 art\u0131q ikinci doza \u00fc\u00e7\u00fcn d\u0259 eyni saat aral\u0131\u011f\u0131na v\u0259 m\u0259kana avtomatik elektron n\u00f6vb\u0259 verilir.\n<\/p>\n<p>\n  \u201cPfizer\u201d vaksini \u00dcmumd\u00fcnya S\u0259hiyy\u0259 T\u0259\u015fkilat\u0131 t\u0259r\u0259find\u0259n tan\u0131n\u0131b.<\/p>\n","protected":false},"excerpt":{"rendered":"<p>\u201cCOVID-19 vaksin randevu\u201d elektron xidm\u0259tind\u0259 v\u0259t\u0259nda\u015f ilk olaraq \u015f\u0259xsiyy\u0259t v\u0259siq\u0259sinin seriya n\u00f6mr\u0259sini v\u0259 F\u0130N kodunu daxil edib \u201cYoxla\u201d d\u00fcym\u0259sin\u0259 basmal\u0131d\u0131r.<\/p>\n","protected":false},"author":11,"featured_media":161766,"comment_status":"closed","ping_status":"open","sticky":false,"template":"","format":"standard","meta":{"_acf_changed":false,"_sitemap_exclude":false,"_sitemap_priority":"","_sitemap_frequency":"","footnotes":""},"categories":[54],"tags":[],"class_list":["post-206554","post","type-post","status-publish","format-standard","has-post-thumbnail","hentry","category-sagliq","infinite-scroll-item","generate-columns","tablet-grid-50","mobile-grid-100","grid-parent","grid-33","no-featured-image-padding"],"acf":[],"yoast_head":"<!-- This site is optimized with the Yoast SEO plugin v27.4 - https:\/\/yoast.com\/product\/yoast-seo-wordpress\/ -->\n<title>\u201cPfizer\u201d vaksininin istifad\u0259sin\u0259 ba\u015flan\u0131lacaq - MEYDAN.TV<\/title>\n<meta name=\"robots\" content=\"index, follow, max-snippet:-1, max-image-preview:large, max-video-preview:-1\" \/>\n<link rel=\"canonical\" href=\"https:\/\/www.meydan.tv\/az\/article\/pfizer-vaksinin-istifadesine-baslanilacaq\/\" \/>\n<meta property=\"og:locale\" content=\"az_AZ\" \/>\n<meta property=\"og:type\" content=\"article\" \/>\n<meta property=\"og:title\" content=\"\u201cPfizer\u201d vaksininin istifad\u0259sin\u0259 ba\u015flan\u0131lacaq - MEYDAN.TV\" \/>\n<meta property=\"og:description\" content=\"\u201cCOVID-19 vaksin randevu\u201d elektron xidm\u0259tind\u0259 v\u0259t\u0259nda\u015f ilk olaraq \u015f\u0259xsiyy\u0259t v\u0259siq\u0259sinin seriya n\u00f6mr\u0259sini v\u0259 F\u0130N kodunu daxil edib \u201cYoxla\u201d d\u00fcym\u0259sin\u0259 basmal\u0131d\u0131r.\" \/>\n<meta property=\"og:url\" content=\"https:\/\/www.meydan.tv\/az\/article\/pfizer-vaksinin-istifadesine-baslanilacaq\/\" \/>\n<meta property=\"og:site_name\" content=\"MEYDAN.TV\" \/>\n<meta property=\"article:published_time\" content=\"2021-06-04T15:03:33+00:00\" \/>\n<meta property=\"og:image\" content=\"https:\/\/www.meydan.tv\/wp-content\/uploads\/covid3-scaled.jpg\" \/>\n\t<meta property=\"og:image:width\" content=\"2560\" \/>\n\t<meta property=\"og:image:height\" content=\"1440\" \/>\n\t<meta property=\"og:image:type\" content=\"image\/jpeg\" \/>\n<meta name=\"author\" content=\"user-manager\" \/>\n<meta name=\"twitter:card\" content=\"summary_large_image\" \/>\n<script type=\"application\/ld+json\" class=\"yoast-schema-graph\">{\"@context\":\"https:\\\/\\\/schema.org\",\"@graph\":[{\"@type\":\"Article\",\"@id\":\"https:\\\/\\\/www.meydan.tv\\\/az\\\/article\\\/pfizer-vaksinin-istifadesine-baslanilacaq\\\/#article\",\"isPartOf\":{\"@id\":\"https:\\\/\\\/www.meydan.tv\\\/az\\\/article\\\/pfizer-vaksinin-istifadesine-baslanilacaq\\\/\"},\"author\":{\"name\":\"user-manager\",\"@id\":\"https:\\\/\\\/www.meydan.tv\\\/az\\\/#\\\/schema\\\/person\\\/10d11eccf6da3662cf5fdab9806ea91a\"},\"headline\":\"\u201cPfizer\u201d vaksininin istifad\u0259sin\u0259 ba\u015flan\u0131lacaq\",\"datePublished\":\"2021-06-04T15:03:33+00:00\",\"mainEntityOfPage\":{\"@id\":\"https:\\\/\\\/www.meydan.tv\\\/az\\\/article\\\/pfizer-vaksinin-istifadesine-baslanilacaq\\\/\"},\"wordCount\":321,\"publisher\":{\"@id\":\"https:\\\/\\\/www.meydan.tv\\\/az\\\/#organization\"},\"image\":{\"@id\":\"https:\\\/\\\/www.meydan.tv\\\/az\\\/article\\\/pfizer-vaksinin-istifadesine-baslanilacaq\\\/#primaryimage\"},\"thumbnailUrl\":\"https:\\\/\\\/www.meydan.tv\\\/wp-content\\\/uploads\\\/covid3-scaled.jpg\",\"articleSection\":[\"Sa\u011fl\u0131q\"],\"inLanguage\":\"az\"},{\"@type\":\"WebPage\",\"@id\":\"https:\\\/\\\/www.meydan.tv\\\/az\\\/article\\\/pfizer-vaksinin-istifadesine-baslanilacaq\\\/\",\"url\":\"https:\\\/\\\/www.meydan.tv\\\/az\\\/article\\\/pfizer-vaksinin-istifadesine-baslanilacaq\\\/\",\"name\":\"\u201cPfizer\u201d vaksininin istifad\u0259sin\u0259 ba\u015flan\u0131lacaq - MEYDAN.TV\",\"isPartOf\":{\"@id\":\"https:\\\/\\\/www.meydan.tv\\\/az\\\/#website\"},\"primaryImageOfPage\":{\"@id\":\"https:\\\/\\\/www.meydan.tv\\\/az\\\/article\\\/pfizer-vaksinin-istifadesine-baslanilacaq\\\/#primaryimage\"},\"image\":{\"@id\":\"https:\\\/\\\/www.meydan.tv\\\/az\\\/article\\\/pfizer-vaksinin-istifadesine-baslanilacaq\\\/#primaryimage\"},\"thumbnailUrl\":\"https:\\\/\\\/www.meydan.tv\\\/wp-content\\\/uploads\\\/covid3-scaled.jpg\",\"datePublished\":\"2021-06-04T15:03:33+00:00\",\"breadcrumb\":{\"@id\":\"https:\\\/\\\/www.meydan.tv\\\/az\\\/article\\\/pfizer-vaksinin-istifadesine-baslanilacaq\\\/#breadcrumb\"},\"inLanguage\":\"az\",\"potentialAction\":[{\"@type\":\"ReadAction\",\"target\":[\"https:\\\/\\\/www.meydan.tv\\\/az\\\/article\\\/pfizer-vaksinin-istifadesine-baslanilacaq\\\/\"]}]},{\"@type\":\"ImageObject\",\"inLanguage\":\"az\",\"@id\":\"https:\\\/\\\/www.meydan.tv\\\/az\\\/article\\\/pfizer-vaksinin-istifadesine-baslanilacaq\\\/#primaryimage\",\"url\":\"https:\\\/\\\/www.meydan.tv\\\/wp-content\\\/uploads\\\/covid3-scaled.jpg\",\"contentUrl\":\"https:\\\/\\\/www.meydan.tv\\\/wp-content\\\/uploads\\\/covid3-scaled.jpg\",\"width\":2560,\"height\":1440,\"caption\":\"Source: Meydan TV\"},{\"@type\":\"BreadcrumbList\",\"@id\":\"https:\\\/\\\/www.meydan.tv\\\/az\\\/article\\\/pfizer-vaksinin-istifadesine-baslanilacaq\\\/#breadcrumb\",\"itemListElement\":[{\"@type\":\"ListItem\",\"position\":1,\"name\":\"Ana s\u0259hif\u0259\",\"item\":\"https:\\\/\\\/www.meydan.tv\\\/az\\\/\"},{\"@type\":\"ListItem\",\"position\":2,\"name\":\"Sa\u011fl\u0131q\",\"item\":\"https:\\\/\\\/www.meydan.tv\\\/az\\\/section\\\/sagliq\\\/\"},{\"@type\":\"ListItem\",\"position\":3,\"name\":\"\u201cPfizer\u201d vaksininin istifad\u0259sin\u0259 ba\u015flan\u0131lacaq\"}]},{\"@type\":\"WebSite\",\"@id\":\"https:\\\/\\\/www.meydan.tv\\\/az\\\/#website\",\"url\":\"https:\\\/\\\/www.meydan.tv\\\/az\\\/\",\"name\":\"MEYDAN.TV\",\"description\":\"Meydan TV Az\u0259rbaycan\u0131n media m\u0259kan\u0131ndak\u0131 alternativ s\u0259sidir\",\"publisher\":{\"@id\":\"https:\\\/\\\/www.meydan.tv\\\/az\\\/#organization\"},\"potentialAction\":[{\"@type\":\"SearchAction\",\"target\":{\"@type\":\"EntryPoint\",\"urlTemplate\":\"https:\\\/\\\/www.meydan.tv\\\/az\\\/?s={search_term_string}\"},\"query-input\":{\"@type\":\"PropertyValueSpecification\",\"valueRequired\":true,\"valueName\":\"search_term_string\"}}],\"inLanguage\":\"az\"},{\"@type\":\"Organization\",\"@id\":\"https:\\\/\\\/www.meydan.tv\\\/az\\\/#organization\",\"name\":\"Meydan TV\",\"url\":\"https:\\\/\\\/www.meydan.tv\\\/az\\\/\",\"logo\":{\"@type\":\"ImageObject\",\"inLanguage\":\"az\",\"@id\":\"https:\\\/\\\/www.meydan.tv\\\/az\\\/#\\\/schema\\\/logo\\\/image\\\/\",\"url\":\"https:\\\/\\\/www.meydan.tv\\\/wp-content\\\/uploads\\\/2021\\\/07\\\/meydan-logo.svg\",\"contentUrl\":\"https:\\\/\\\/www.meydan.tv\\\/wp-content\\\/uploads\\\/2021\\\/07\\\/meydan-logo.svg\",\"width\":195,\"height\":46,\"caption\":\"Meydan TV\"},\"image\":{\"@id\":\"https:\\\/\\\/www.meydan.tv\\\/az\\\/#\\\/schema\\\/logo\\\/image\\\/\"}},{\"@type\":\"Person\",\"@id\":\"https:\\\/\\\/www.meydan.tv\\\/az\\\/#\\\/schema\\\/person\\\/10d11eccf6da3662cf5fdab9806ea91a\",\"name\":\"user-manager\"}]}<\/script>\n<!-- \/ Yoast SEO plugin. -->","yoast_head_json":{"title":"\u201cPfizer\u201d vaksininin istifad\u0259sin\u0259 ba\u015flan\u0131lacaq - MEYDAN.TV","robots":{"index":"index","follow":"follow","max-snippet":"max-snippet:-1","max-image-preview":"max-image-preview:large","max-video-preview":"max-video-preview:-1"},"canonical":"https:\/\/www.meydan.tv\/az\/article\/pfizer-vaksinin-istifadesine-baslanilacaq\/","og_locale":"az_AZ","og_type":"article","og_title":"\u201cPfizer\u201d vaksininin istifad\u0259sin\u0259 ba\u015flan\u0131lacaq - MEYDAN.TV","og_description":"\u201cCOVID-19 vaksin randevu\u201d elektron xidm\u0259tind\u0259 v\u0259t\u0259nda\u015f ilk olaraq \u015f\u0259xsiyy\u0259t v\u0259siq\u0259sinin seriya n\u00f6mr\u0259sini v\u0259 F\u0130N kodunu daxil edib \u201cYoxla\u201d d\u00fcym\u0259sin\u0259 basmal\u0131d\u0131r.","og_url":"https:\/\/www.meydan.tv\/az\/article\/pfizer-vaksinin-istifadesine-baslanilacaq\/","og_site_name":"MEYDAN.TV","article_published_time":"2021-06-04T15:03:33+00:00","og_image":[{"width":2560,"height":1440,"url":"https:\/\/www.meydan.tv\/wp-content\/uploads\/covid3-scaled.jpg","type":"image\/jpeg"}],"author":"user-manager","twitter_card":"summary_large_image","schema":{"@context":"https:\/\/schema.org","@graph":[{"@type":"Article","@id":"https:\/\/www.meydan.tv\/az\/article\/pfizer-vaksinin-istifadesine-baslanilacaq\/#article","isPartOf":{"@id":"https:\/\/www.meydan.tv\/az\/article\/pfizer-vaksinin-istifadesine-baslanilacaq\/"},"author":{"name":"user-manager","@id":"https:\/\/www.meydan.tv\/az\/#\/schema\/person\/10d11eccf6da3662cf5fdab9806ea91a"},"headline":"\u201cPfizer\u201d vaksininin istifad\u0259sin\u0259 ba\u015flan\u0131lacaq","datePublished":"2021-06-04T15:03:33+00:00","mainEntityOfPage":{"@id":"https:\/\/www.meydan.tv\/az\/article\/pfizer-vaksinin-istifadesine-baslanilacaq\/"},"wordCount":321,"publisher":{"@id":"https:\/\/www.meydan.tv\/az\/#organization"},"image":{"@id":"https:\/\/www.meydan.tv\/az\/article\/pfizer-vaksinin-istifadesine-baslanilacaq\/#primaryimage"},"thumbnailUrl":"https:\/\/www.meydan.tv\/wp-content\/uploads\/covid3-scaled.jpg","articleSection":["Sa\u011fl\u0131q"],"inLanguage":"az"},{"@type":"WebPage","@id":"https:\/\/www.meydan.tv\/az\/article\/pfizer-vaksinin-istifadesine-baslanilacaq\/","url":"https:\/\/www.meydan.tv\/az\/article\/pfizer-vaksinin-istifadesine-baslanilacaq\/","name":"\u201cPfizer\u201d vaksininin istifad\u0259sin\u0259 ba\u015flan\u0131lacaq - MEYDAN.TV","isPartOf":{"@id":"https:\/\/www.meydan.tv\/az\/#website"},"primaryImageOfPage":{"@id":"https:\/\/www.meydan.tv\/az\/article\/pfizer-vaksinin-istifadesine-baslanilacaq\/#primaryimage"},"image":{"@id":"https:\/\/www.meydan.tv\/az\/article\/pfizer-vaksinin-istifadesine-baslanilacaq\/#primaryimage"},"thumbnailUrl":"https:\/\/www.meydan.tv\/wp-content\/uploads\/covid3-scaled.jpg","datePublished":"2021-06-04T15:03:33+00:00","breadcrumb":{"@id":"https:\/\/www.meydan.tv\/az\/article\/pfizer-vaksinin-istifadesine-baslanilacaq\/#breadcrumb"},"inLanguage":"az","potentialAction":[{"@type":"ReadAction","target":["https:\/\/www.meydan.tv\/az\/article\/pfizer-vaksinin-istifadesine-baslanilacaq\/"]}]},{"@type":"ImageObject","inLanguage":"az","@id":"https:\/\/www.meydan.tv\/az\/article\/pfizer-vaksinin-istifadesine-baslanilacaq\/#primaryimage","url":"https:\/\/www.meydan.tv\/wp-content\/uploads\/covid3-scaled.jpg","contentUrl":"https:\/\/www.meydan.tv\/wp-content\/uploads\/covid3-scaled.jpg","width":2560,"height":1440,"caption":"Source: Meydan TV"},{"@type":"BreadcrumbList","@id":"https:\/\/www.meydan.tv\/az\/article\/pfizer-vaksinin-istifadesine-baslanilacaq\/#breadcrumb","itemListElement":[{"@type":"ListItem","position":1,"name":"Ana s\u0259hif\u0259","item":"https:\/\/www.meydan.tv\/az\/"},{"@type":"ListItem","position":2,"name":"Sa\u011fl\u0131q","item":"https:\/\/www.meydan.tv\/az\/section\/sagliq\/"},{"@type":"ListItem","position":3,"name":"\u201cPfizer\u201d vaksininin istifad\u0259sin\u0259 ba\u015flan\u0131lacaq"}]},{"@type":"WebSite","@id":"https:\/\/www.meydan.tv\/az\/#website","url":"https:\/\/www.meydan.tv\/az\/","name":"MEYDAN.TV","description":"Meydan TV Az\u0259rbaycan\u0131n media m\u0259kan\u0131ndak\u0131 alternativ s\u0259sidir","publisher":{"@id":"https:\/\/www.meydan.tv\/az\/#organization"},"potentialAction":[{"@type":"SearchAction","target":{"@type":"EntryPoint","urlTemplate":"https:\/\/www.meydan.tv\/az\/?s={search_term_string}"},"query-input":{"@type":"PropertyValueSpecification","valueRequired":true,"valueName":"search_term_string"}}],"inLanguage":"az"},{"@type":"Organization","@id":"https:\/\/www.meydan.tv\/az\/#organization","name":"Meydan TV","url":"https:\/\/www.meydan.tv\/az\/","logo":{"@type":"ImageObject","inLanguage":"az","@id":"https:\/\/www.meydan.tv\/az\/#\/schema\/logo\/image\/","url":"https:\/\/www.meydan.tv\/wp-content\/uploads\/2021\/07\/meydan-logo.svg","contentUrl":"https:\/\/www.meydan.tv\/wp-content\/uploads\/2021\/07\/meydan-logo.svg","width":195,"height":46,"caption":"Meydan TV"},"image":{"@id":"https:\/\/www.meydan.tv\/az\/#\/schema\/logo\/image\/"}},{"@type":"Person","@id":"https:\/\/www.meydan.tv\/az\/#\/schema\/person\/10d11eccf6da3662cf5fdab9806ea91a","name":"user-manager"}]}},"_links":{"self":[{"href":"https:\/\/www.meydan.tv\/az\/wp-json\/wp\/v2\/posts\/206554","targetHints":{"allow":["GET"]}}],"collection":[{"href":"https:\/\/www.meydan.tv\/az\/wp-json\/wp\/v2\/posts"}],"about":[{"href":"https:\/\/www.meydan.tv\/az\/wp-json\/wp\/v2\/types\/post"}],"author":[{"embeddable":true,"href":"https:\/\/www.meydan.tv\/az\/wp-json\/wp\/v2\/users\/11"}],"replies":[{"embeddable":true,"href":"https:\/\/www.meydan.tv\/az\/wp-json\/wp\/v2\/comments?post=206554"}],"version-history":[{"count":0,"href":"https:\/\/www.meydan.tv\/az\/wp-json\/wp\/v2\/posts\/206554\/revisions"}],"wp:featuredmedia":[{"embeddable":true,"href":"https:\/\/www.meydan.tv\/az\/wp-json\/wp\/v2\/media\/161766"}],"wp:attachment":[{"href":"https:\/\/www.meydan.tv\/az\/wp-json\/wp\/v2\/media?parent=206554"}],"wp:term":[{"taxonomy":"category","embeddable":true,"href":"https:\/\/www.meydan.tv\/az\/wp-json\/wp\/v2\/categories?post=206554"},{"taxonomy":"post_tag","embeddable":true,"href":"https:\/\/www.meydan.tv\/az\/wp-json\/wp\/v2\/tags?post=206554"}],"curies":[{"name":"wp","href":"https:\/\/api.w.org\/{rel}","templated":true}]}}