{"id":206529,"date":"2021-06-03T09:42:02","date_gmt":"2021-06-03T09:42:02","guid":{"rendered":"https:\/\/www.meydan.tv\/article\/covid-19-yoluxan-xalq-artisti-infarkt-kecirib\/"},"modified":"2021-06-03T09:42:02","modified_gmt":"2021-06-03T09:42:02","slug":"covid-19-yoluxan-xalq-artisti-infarkt-kecirib","status":"publish","type":"post","link":"https:\/\/www.meydan.tv\/az\/article\/covid-19-yoluxan-xalq-artisti-infarkt-kecirib\/","title":{"rendered":"COV\u0130D-19 yoluxan Xalq artisti infarkt ke\u00e7irib"},"content":{"rendered":"<p>\n  <i><br \/>\n    H\u0259yat yolda\u015f\u0131: &quot;H\u0259kiml\u0259r deyir ki, v\u0259ziyy\u0259ti \u00e7ox pisdir&quot;<br \/>\n  <\/i>\n<\/p>\n<p>\n  Bir m\u00fcdd\u0259t \u00f6nc\u0259 COV\u0130D-19 infeksiyas\u0131na yoluxan Xalq artisti Ramiz \u018fzizb\u0259ylinin v\u0259ziyy\u0259ti a\u011f\u0131rla\u015f\u0131b.\n<\/p>\n<p>\n  H\u0259yat yolda\u015f\u0131 Z\u00fcmr\u00fcd \u018fzizb\u0259ylinin Meydan TV-y\u0259 verdiyi m\u0259lumata \u0259sas\u0259n, s\u0259n\u0259t\u00e7i may\u0131n 28-d\u0259 infarkt ke\u00e7irib.\n<\/p>\n<p>\n  V\u0259ziyy\u0259ti pisl\u0259\u015f\u0259n Ramiz \u018fzizb\u0259yli m\u00fcalic\u0259 ald\u0131\u011f\u0131 palatadan reanimasiya \u015f\u00f6b\u0259sin\u0259 k\u00f6\u00e7\u00fcr\u00fcl\u00fcb.\n<\/p>\n<p>\n  \u201cHaz\u0131rda s\u00fcni n\u0259f\u0259s aparat\u0131na qo\u015fulub. H\u0259kiml\u0259r deyir ki, v\u0259ziyy\u0259ti \u00e7ox pisdir\u201d, &#8211; Z\u00fcmr\u00fcd \u018fzizb\u0259yli bildirib.\n<\/p>\n<p>\n  Ramiz \u018fzizb\u0259yli bir m\u00fcdd\u0259t \u00f6nc\u0259 Z\u0131\u011f q\u0259s\u0259b\u0259sind\u0259 yerl\u0259\u015f\u0259n modul tipli hospitala yerl\u0259\u015fdirilib.\n<\/p>\n<p>\n  2015-ci ild\u0259 ya\u015fad\u0131\u011f\u0131 binan\u0131n qar\u015f\u0131s\u0131nda avtomobil q\u0259zas\u0131 ke\u00e7ir\u0259n xalq artisti uzun ill\u0259rdir ki, beyin insultundan m\u00fcalic\u0259 olunur.\n<\/p>\n<p>\n  S\u0259n\u0259t\u00e7i h\u0259m\u00e7inin hipertoniya v\u0259 \u015f\u0259k\u0259rli diabet x\u0259st\u0259liyind\u0259n \u0259ziyy\u0259t \u00e7\u0259kir.\n<\/p>\n<p>\n  Ramiz \u018fzizb\u0259yli Vaqif S\u0259m\u0259do\u011flunu eyni adl\u0131 pyesi \u0259sas\u0131nda \u00e7\u0259kil\u0259n \u201cB\u0259xt \u00fcz\u00fcy\u00fc\u201d komediya filminin rejissorudur.<\/p>\n","protected":false},"excerpt":{"rendered":"<p>S\u0259n\u0259t\u00e7i h\u0259m\u00e7inin hipertoniya v\u0259 \u015f\u0259k\u0259rli diabet x\u0259st\u0259liyind\u0259n \u0259ziyy\u0259t \u00e7\u0259kir.<\/p>\n","protected":false},"author":11,"featured_media":161379,"comment_status":"closed","ping_status":"open","sticky":false,"template":"","format":"standard","meta":{"_acf_changed":false,"_sitemap_exclude":false,"_sitemap_priority":"","_sitemap_frequency":"","footnotes":""},"categories":[52],"tags":[],"class_list":["post-206529","post","type-post","status-publish","format-standard","has-post-thumbnail","hentry","category-medeniyyet","infinite-scroll-item","generate-columns","tablet-grid-50","mobile-grid-100","grid-parent","grid-33","no-featured-image-padding"],"acf":[],"yoast_head":"<!-- This site is optimized with the Yoast SEO plugin v27.4 - https:\/\/yoast.com\/product\/yoast-seo-wordpress\/ -->\n<title>COV\u0130D-19 yoluxan Xalq artisti infarkt ke\u00e7irib - MEYDAN.TV<\/title>\n<meta name=\"robots\" content=\"index, follow, max-snippet:-1, max-image-preview:large, max-video-preview:-1\" \/>\n<link rel=\"canonical\" href=\"https:\/\/www.meydan.tv\/az\/article\/covid-19-yoluxan-xalq-artisti-infarkt-kecirib\/\" \/>\n<meta property=\"og:locale\" content=\"az_AZ\" \/>\n<meta property=\"og:type\" content=\"article\" \/>\n<meta property=\"og:title\" content=\"COV\u0130D-19 yoluxan Xalq artisti infarkt ke\u00e7irib - MEYDAN.TV\" \/>\n<meta property=\"og:description\" content=\"S\u0259n\u0259t\u00e7i h\u0259m\u00e7inin hipertoniya v\u0259 \u015f\u0259k\u0259rli diabet x\u0259st\u0259liyind\u0259n \u0259ziyy\u0259t \u00e7\u0259kir.\" \/>\n<meta property=\"og:url\" content=\"https:\/\/www.meydan.tv\/az\/article\/covid-19-yoluxan-xalq-artisti-infarkt-kecirib\/\" \/>\n<meta property=\"og:site_name\" content=\"MEYDAN.TV\" \/>\n<meta property=\"article:published_time\" content=\"2021-06-03T09:42:02+00:00\" \/>\n<meta property=\"og:image\" content=\"https:\/\/www.meydan.tv\/wp-content\/uploads\/1546588354_1532080345_ramiz-ezizbeyli.jpg\" \/>\n\t<meta property=\"og:image:width\" content=\"871\" \/>\n\t<meta property=\"og:image:height\" content=\"489\" \/>\n\t<meta property=\"og:image:type\" content=\"image\/jpeg\" \/>\n<meta name=\"author\" content=\"user-manager\" \/>\n<meta name=\"twitter:card\" content=\"summary_large_image\" \/>\n<script type=\"application\/ld+json\" class=\"yoast-schema-graph\">{\"@context\":\"https:\\\/\\\/schema.org\",\"@graph\":[{\"@type\":\"Article\",\"@id\":\"https:\\\/\\\/www.meydan.tv\\\/az\\\/article\\\/covid-19-yoluxan-xalq-artisti-infarkt-kecirib\\\/#article\",\"isPartOf\":{\"@id\":\"https:\\\/\\\/www.meydan.tv\\\/az\\\/article\\\/covid-19-yoluxan-xalq-artisti-infarkt-kecirib\\\/\"},\"author\":{\"name\":\"user-manager\",\"@id\":\"https:\\\/\\\/www.meydan.tv\\\/az\\\/#\\\/schema\\\/person\\\/10d11eccf6da3662cf5fdab9806ea91a\"},\"headline\":\"COV\u0130D-19 yoluxan Xalq artisti infarkt ke\u00e7irib\",\"datePublished\":\"2021-06-03T09:42:02+00:00\",\"mainEntityOfPage\":{\"@id\":\"https:\\\/\\\/www.meydan.tv\\\/az\\\/article\\\/covid-19-yoluxan-xalq-artisti-infarkt-kecirib\\\/\"},\"wordCount\":203,\"publisher\":{\"@id\":\"https:\\\/\\\/www.meydan.tv\\\/az\\\/#organization\"},\"image\":{\"@id\":\"https:\\\/\\\/www.meydan.tv\\\/az\\\/article\\\/covid-19-yoluxan-xalq-artisti-infarkt-kecirib\\\/#primaryimage\"},\"thumbnailUrl\":\"https:\\\/\\\/www.meydan.tv\\\/wp-content\\\/uploads\\\/1546588354_1532080345_ramiz-ezizbeyli.jpg\",\"articleSection\":[\"M\u0259d\u0259niyy\u0259t\"],\"inLanguage\":\"az\"},{\"@type\":\"WebPage\",\"@id\":\"https:\\\/\\\/www.meydan.tv\\\/az\\\/article\\\/covid-19-yoluxan-xalq-artisti-infarkt-kecirib\\\/\",\"url\":\"https:\\\/\\\/www.meydan.tv\\\/az\\\/article\\\/covid-19-yoluxan-xalq-artisti-infarkt-kecirib\\\/\",\"name\":\"COV\u0130D-19 yoluxan Xalq artisti infarkt ke\u00e7irib - MEYDAN.TV\",\"isPartOf\":{\"@id\":\"https:\\\/\\\/www.meydan.tv\\\/az\\\/#website\"},\"primaryImageOfPage\":{\"@id\":\"https:\\\/\\\/www.meydan.tv\\\/az\\\/article\\\/covid-19-yoluxan-xalq-artisti-infarkt-kecirib\\\/#primaryimage\"},\"image\":{\"@id\":\"https:\\\/\\\/www.meydan.tv\\\/az\\\/article\\\/covid-19-yoluxan-xalq-artisti-infarkt-kecirib\\\/#primaryimage\"},\"thumbnailUrl\":\"https:\\\/\\\/www.meydan.tv\\\/wp-content\\\/uploads\\\/1546588354_1532080345_ramiz-ezizbeyli.jpg\",\"datePublished\":\"2021-06-03T09:42:02+00:00\",\"breadcrumb\":{\"@id\":\"https:\\\/\\\/www.meydan.tv\\\/az\\\/article\\\/covid-19-yoluxan-xalq-artisti-infarkt-kecirib\\\/#breadcrumb\"},\"inLanguage\":\"az\",\"potentialAction\":[{\"@type\":\"ReadAction\",\"target\":[\"https:\\\/\\\/www.meydan.tv\\\/az\\\/article\\\/covid-19-yoluxan-xalq-artisti-infarkt-kecirib\\\/\"]}]},{\"@type\":\"ImageObject\",\"inLanguage\":\"az\",\"@id\":\"https:\\\/\\\/www.meydan.tv\\\/az\\\/article\\\/covid-19-yoluxan-xalq-artisti-infarkt-kecirib\\\/#primaryimage\",\"url\":\"https:\\\/\\\/www.meydan.tv\\\/wp-content\\\/uploads\\\/1546588354_1532080345_ramiz-ezizbeyli.jpg\",\"contentUrl\":\"https:\\\/\\\/www.meydan.tv\\\/wp-content\\\/uploads\\\/1546588354_1532080345_ramiz-ezizbeyli.jpg\",\"width\":871,\"height\":489,\"caption\":\"Source: https:\\\/\\\/baku.ws\\\/\"},{\"@type\":\"BreadcrumbList\",\"@id\":\"https:\\\/\\\/www.meydan.tv\\\/az\\\/article\\\/covid-19-yoluxan-xalq-artisti-infarkt-kecirib\\\/#breadcrumb\",\"itemListElement\":[{\"@type\":\"ListItem\",\"position\":1,\"name\":\"Ana s\u0259hif\u0259\",\"item\":\"https:\\\/\\\/www.meydan.tv\\\/az\\\/\"},{\"@type\":\"ListItem\",\"position\":2,\"name\":\"M\u0259d\u0259niyy\u0259t\",\"item\":\"https:\\\/\\\/www.meydan.tv\\\/az\\\/section\\\/medeniyyet\\\/\"},{\"@type\":\"ListItem\",\"position\":3,\"name\":\"COV\u0130D-19 yoluxan Xalq artisti infarkt ke\u00e7irib\"}]},{\"@type\":\"WebSite\",\"@id\":\"https:\\\/\\\/www.meydan.tv\\\/az\\\/#website\",\"url\":\"https:\\\/\\\/www.meydan.tv\\\/az\\\/\",\"name\":\"MEYDAN.TV\",\"description\":\"Meydan TV Az\u0259rbaycan\u0131n media m\u0259kan\u0131ndak\u0131 alternativ s\u0259sidir\",\"publisher\":{\"@id\":\"https:\\\/\\\/www.meydan.tv\\\/az\\\/#organization\"},\"potentialAction\":[{\"@type\":\"SearchAction\",\"target\":{\"@type\":\"EntryPoint\",\"urlTemplate\":\"https:\\\/\\\/www.meydan.tv\\\/az\\\/?s={search_term_string}\"},\"query-input\":{\"@type\":\"PropertyValueSpecification\",\"valueRequired\":true,\"valueName\":\"search_term_string\"}}],\"inLanguage\":\"az\"},{\"@type\":\"Organization\",\"@id\":\"https:\\\/\\\/www.meydan.tv\\\/az\\\/#organization\",\"name\":\"Meydan TV\",\"url\":\"https:\\\/\\\/www.meydan.tv\\\/az\\\/\",\"logo\":{\"@type\":\"ImageObject\",\"inLanguage\":\"az\",\"@id\":\"https:\\\/\\\/www.meydan.tv\\\/az\\\/#\\\/schema\\\/logo\\\/image\\\/\",\"url\":\"https:\\\/\\\/www.meydan.tv\\\/wp-content\\\/uploads\\\/2021\\\/07\\\/meydan-logo.svg\",\"contentUrl\":\"https:\\\/\\\/www.meydan.tv\\\/wp-content\\\/uploads\\\/2021\\\/07\\\/meydan-logo.svg\",\"width\":195,\"height\":46,\"caption\":\"Meydan TV\"},\"image\":{\"@id\":\"https:\\\/\\\/www.meydan.tv\\\/az\\\/#\\\/schema\\\/logo\\\/image\\\/\"}},{\"@type\":\"Person\",\"@id\":\"https:\\\/\\\/www.meydan.tv\\\/az\\\/#\\\/schema\\\/person\\\/10d11eccf6da3662cf5fdab9806ea91a\",\"name\":\"user-manager\"}]}<\/script>\n<!-- \/ Yoast SEO plugin. -->","yoast_head_json":{"title":"COV\u0130D-19 yoluxan Xalq artisti infarkt ke\u00e7irib - MEYDAN.TV","robots":{"index":"index","follow":"follow","max-snippet":"max-snippet:-1","max-image-preview":"max-image-preview:large","max-video-preview":"max-video-preview:-1"},"canonical":"https:\/\/www.meydan.tv\/az\/article\/covid-19-yoluxan-xalq-artisti-infarkt-kecirib\/","og_locale":"az_AZ","og_type":"article","og_title":"COV\u0130D-19 yoluxan Xalq artisti infarkt ke\u00e7irib - MEYDAN.TV","og_description":"S\u0259n\u0259t\u00e7i h\u0259m\u00e7inin hipertoniya v\u0259 \u015f\u0259k\u0259rli diabet x\u0259st\u0259liyind\u0259n \u0259ziyy\u0259t \u00e7\u0259kir.","og_url":"https:\/\/www.meydan.tv\/az\/article\/covid-19-yoluxan-xalq-artisti-infarkt-kecirib\/","og_site_name":"MEYDAN.TV","article_published_time":"2021-06-03T09:42:02+00:00","og_image":[{"width":871,"height":489,"url":"https:\/\/www.meydan.tv\/wp-content\/uploads\/1546588354_1532080345_ramiz-ezizbeyli.jpg","type":"image\/jpeg"}],"author":"user-manager","twitter_card":"summary_large_image","schema":{"@context":"https:\/\/schema.org","@graph":[{"@type":"Article","@id":"https:\/\/www.meydan.tv\/az\/article\/covid-19-yoluxan-xalq-artisti-infarkt-kecirib\/#article","isPartOf":{"@id":"https:\/\/www.meydan.tv\/az\/article\/covid-19-yoluxan-xalq-artisti-infarkt-kecirib\/"},"author":{"name":"user-manager","@id":"https:\/\/www.meydan.tv\/az\/#\/schema\/person\/10d11eccf6da3662cf5fdab9806ea91a"},"headline":"COV\u0130D-19 yoluxan Xalq artisti infarkt ke\u00e7irib","datePublished":"2021-06-03T09:42:02+00:00","mainEntityOfPage":{"@id":"https:\/\/www.meydan.tv\/az\/article\/covid-19-yoluxan-xalq-artisti-infarkt-kecirib\/"},"wordCount":203,"publisher":{"@id":"https:\/\/www.meydan.tv\/az\/#organization"},"image":{"@id":"https:\/\/www.meydan.tv\/az\/article\/covid-19-yoluxan-xalq-artisti-infarkt-kecirib\/#primaryimage"},"thumbnailUrl":"https:\/\/www.meydan.tv\/wp-content\/uploads\/1546588354_1532080345_ramiz-ezizbeyli.jpg","articleSection":["M\u0259d\u0259niyy\u0259t"],"inLanguage":"az"},{"@type":"WebPage","@id":"https:\/\/www.meydan.tv\/az\/article\/covid-19-yoluxan-xalq-artisti-infarkt-kecirib\/","url":"https:\/\/www.meydan.tv\/az\/article\/covid-19-yoluxan-xalq-artisti-infarkt-kecirib\/","name":"COV\u0130D-19 yoluxan Xalq artisti infarkt ke\u00e7irib - MEYDAN.TV","isPartOf":{"@id":"https:\/\/www.meydan.tv\/az\/#website"},"primaryImageOfPage":{"@id":"https:\/\/www.meydan.tv\/az\/article\/covid-19-yoluxan-xalq-artisti-infarkt-kecirib\/#primaryimage"},"image":{"@id":"https:\/\/www.meydan.tv\/az\/article\/covid-19-yoluxan-xalq-artisti-infarkt-kecirib\/#primaryimage"},"thumbnailUrl":"https:\/\/www.meydan.tv\/wp-content\/uploads\/1546588354_1532080345_ramiz-ezizbeyli.jpg","datePublished":"2021-06-03T09:42:02+00:00","breadcrumb":{"@id":"https:\/\/www.meydan.tv\/az\/article\/covid-19-yoluxan-xalq-artisti-infarkt-kecirib\/#breadcrumb"},"inLanguage":"az","potentialAction":[{"@type":"ReadAction","target":["https:\/\/www.meydan.tv\/az\/article\/covid-19-yoluxan-xalq-artisti-infarkt-kecirib\/"]}]},{"@type":"ImageObject","inLanguage":"az","@id":"https:\/\/www.meydan.tv\/az\/article\/covid-19-yoluxan-xalq-artisti-infarkt-kecirib\/#primaryimage","url":"https:\/\/www.meydan.tv\/wp-content\/uploads\/1546588354_1532080345_ramiz-ezizbeyli.jpg","contentUrl":"https:\/\/www.meydan.tv\/wp-content\/uploads\/1546588354_1532080345_ramiz-ezizbeyli.jpg","width":871,"height":489,"caption":"Source: https:\/\/baku.ws\/"},{"@type":"BreadcrumbList","@id":"https:\/\/www.meydan.tv\/az\/article\/covid-19-yoluxan-xalq-artisti-infarkt-kecirib\/#breadcrumb","itemListElement":[{"@type":"ListItem","position":1,"name":"Ana s\u0259hif\u0259","item":"https:\/\/www.meydan.tv\/az\/"},{"@type":"ListItem","position":2,"name":"M\u0259d\u0259niyy\u0259t","item":"https:\/\/www.meydan.tv\/az\/section\/medeniyyet\/"},{"@type":"ListItem","position":3,"name":"COV\u0130D-19 yoluxan Xalq artisti infarkt ke\u00e7irib"}]},{"@type":"WebSite","@id":"https:\/\/www.meydan.tv\/az\/#website","url":"https:\/\/www.meydan.tv\/az\/","name":"MEYDAN.TV","description":"Meydan TV Az\u0259rbaycan\u0131n media m\u0259kan\u0131ndak\u0131 alternativ s\u0259sidir","publisher":{"@id":"https:\/\/www.meydan.tv\/az\/#organization"},"potentialAction":[{"@type":"SearchAction","target":{"@type":"EntryPoint","urlTemplate":"https:\/\/www.meydan.tv\/az\/?s={search_term_string}"},"query-input":{"@type":"PropertyValueSpecification","valueRequired":true,"valueName":"search_term_string"}}],"inLanguage":"az"},{"@type":"Organization","@id":"https:\/\/www.meydan.tv\/az\/#organization","name":"Meydan TV","url":"https:\/\/www.meydan.tv\/az\/","logo":{"@type":"ImageObject","inLanguage":"az","@id":"https:\/\/www.meydan.tv\/az\/#\/schema\/logo\/image\/","url":"https:\/\/www.meydan.tv\/wp-content\/uploads\/2021\/07\/meydan-logo.svg","contentUrl":"https:\/\/www.meydan.tv\/wp-content\/uploads\/2021\/07\/meydan-logo.svg","width":195,"height":46,"caption":"Meydan TV"},"image":{"@id":"https:\/\/www.meydan.tv\/az\/#\/schema\/logo\/image\/"}},{"@type":"Person","@id":"https:\/\/www.meydan.tv\/az\/#\/schema\/person\/10d11eccf6da3662cf5fdab9806ea91a","name":"user-manager"}]}},"_links":{"self":[{"href":"https:\/\/www.meydan.tv\/az\/wp-json\/wp\/v2\/posts\/206529","targetHints":{"allow":["GET"]}}],"collection":[{"href":"https:\/\/www.meydan.tv\/az\/wp-json\/wp\/v2\/posts"}],"about":[{"href":"https:\/\/www.meydan.tv\/az\/wp-json\/wp\/v2\/types\/post"}],"author":[{"embeddable":true,"href":"https:\/\/www.meydan.tv\/az\/wp-json\/wp\/v2\/users\/11"}],"replies":[{"embeddable":true,"href":"https:\/\/www.meydan.tv\/az\/wp-json\/wp\/v2\/comments?post=206529"}],"version-history":[{"count":0,"href":"https:\/\/www.meydan.tv\/az\/wp-json\/wp\/v2\/posts\/206529\/revisions"}],"wp:featuredmedia":[{"embeddable":true,"href":"https:\/\/www.meydan.tv\/az\/wp-json\/wp\/v2\/media\/161379"}],"wp:attachment":[{"href":"https:\/\/www.meydan.tv\/az\/wp-json\/wp\/v2\/media?parent=206529"}],"wp:term":[{"taxonomy":"category","embeddable":true,"href":"https:\/\/www.meydan.tv\/az\/wp-json\/wp\/v2\/categories?post=206529"},{"taxonomy":"post_tag","embeddable":true,"href":"https:\/\/www.meydan.tv\/az\/wp-json\/wp\/v2\/tags?post=206529"}],"curies":[{"name":"wp","href":"https:\/\/api.w.org\/{rel}","templated":true}]}}