{"id":206515,"date":"2021-06-02T14:16:50","date_gmt":"2021-06-02T14:16:50","guid":{"rendered":"https:\/\/www.meydan.tv\/article\/azerbaycan-abs-la-munasibetlerine-yeni-impuls-getirir\/"},"modified":"2021-06-02T14:16:50","modified_gmt":"2021-06-02T14:16:50","slug":"azerbaycan-abs-la-munasibetlerine-yeni-impuls-getirir","status":"publish","type":"post","link":"https:\/\/www.meydan.tv\/az\/article\/azerbaycan-abs-la-munasibetlerine-yeni-impuls-getirir\/","title":{"rendered":"Az\u0259rbaycan AB\u015e-la m\u00fcnasib\u0259tl\u0259rin\u0259 yeni impuls g\u0259tirir"},"content":{"rendered":"<p>\n  <i><br \/>\n    Prezident \u0130lham \u018fliyevin r\u0259smi Va\u015finqtona isti mesajlar\u0131 n\u0259d\u0259n x\u0259b\u0259r verir?<br \/>\n  <\/i>\n<\/p>\n<p>\n  AB\u015e Prezidenti Corc Baydenin \u201cerm\u0259ni soyq\u0131r\u0131m\u0131n\u0131\u201d tan\u0131mas\u0131na baxmayaraq yeni administrasiyan\u0131n T\u00fcrkiy\u0259 v\u0259 Az\u0259rbaycanla m\u00fcnasib\u0259tl\u0259ri yeni inki\u015faf m\u0259rh\u0259l\u0259sin\u0259 ke\u00e7irm\u0259 c\u0259hdl\u0259ri g\u00f6z qar\u015f\u0131s\u0131ndad\u0131r.\n<\/p>\n<p>\n  D\u00f6vl\u0259t katibi Entonu Blinkinin \u0130lham \u018fliyevl\u0259 telefon dan\u0131\u015f\u0131\u011f\u0131, prezident Baydenin 28 May Respublika G\u00fcn\u00fc m\u00fcnasib\u0259til\u0259 \u0130lham \u018fliyev\u0259 t\u0259brik m\u0259ktubu v\u0259 dig\u0259r \u0259laq\u0259l\u0259r AB\u015e-da yeni administrasiyan\u0131n C\u0259nubi Qafqazda, x\u00fcsusil\u0259 d\u0259 Az\u0259rbaycanda m\u00f6vqel\u0259rinin m\u00f6hk\u0259ml\u0259ndirm\u0259 siyas\u0259tini n\u00fcmayi\u015f etdirir. G\u00f6r\u00fcn\u0259n odur ki, Az\u0259rbaycan da Rusiyan\u0131n b\u00f6lg\u0259d\u0259, x\u00fcsusil\u0259 d\u0259 Qaraba\u011f m\u00fcnaqi\u015f\u0259sinin nizamlanmas\u0131 prosesind\u0259 hegemonlu\u011funu ist\u0259mir v\u0259 AB\u015e-\u0131n bu m\u0259s\u0259l\u0259nin h\u0259ll prosesin\u0259 c\u0259lb edilm\u0259sin\u0259 c\u0259hdl\u0259r g\u00f6st\u0259rir.\n<\/p>\n<p>\n  \u201cBoeing\u201d \u015firk\u0259ti il\u0259 yeni m\u00fcqavil\u0259ni Az\u0259rbaycan t\u0259r\u0259finin m\u00fcnasib\u0259tl\u0259rin yeni m\u0259rh\u0259l\u0259y\u0259 q\u0259d\u0259m qoymas\u0131 \u00fc\u00e7\u00fcn atd\u0131\u011f\u0131 add\u0131mlardan biri kimi x\u00fcsusi qeyd etm\u0259k laz\u0131md\u0131r. Eksperl\u0259r bu m\u00fcqavil\u0259nin iqtisadid\u0259n, daha \u00e7ox siyasi oldu\u011fu q\u0259na\u0259tind\u0259dirl\u0259r.\n<\/p>\n<p>\n  <b><br \/>\n    \u201cAz\u0259rbaycan AB\u015e h\u0259rbi avadanl\u0131\u011f\u0131na \u00e7\u0131x\u0131\u015f \u0259ld\u0259 etm\u0259k ist\u0259yir\u201d<br \/>\n  <\/b>\n<\/p>\n<p>\n  May\u0131n 21-d\u0259 Nizami G\u0259nc\u0259vi Beyn\u0259lxalq M\u0259rk\u0259zinin \u201cC\u0259nubi Qafqaz: Regional inki\u015faf v\u0259 \u0259m\u0259kda\u015fl\u0131q perspektivl\u0259ri\u201d adl\u0131 videoformatda m\u00fczakir\u0259l\u0259r zaman\u0131 prezident \u0130lham \u018fliyev AB\u015e-la ba\u011fl\u0131 bir ne\u00e7\u0259 m\u00fcxt\u0259lif suala cavab ver\u0259rk\u0259n, r\u0259smi Va\u015finqtonla \u0259m\u0259kda\u015fl\u0131q etm\u0259k ist\u0259diyini, AB\u015e-dan m\u00fcsb\u0259t mesajlar g\u00f6zl\u0259diyini gizl\u0259tm\u0259yib.\n<\/p>\n<p>\n  M\u00fczakir\u0259l\u0259rin AB\u015e-dan olan i\u015ftirak\u00e7\u0131lar\u0131n\u0131n suallar\u0131n\u0131 cavabland\u0131rark\u0259n, \u0130lham \u018fliyev haz\u0131rki administrasiya il\u0259 \u0259vv\u0259ll\u0259r isti m\u00fcnasib\u0259tl\u0259rinin oldu\u011funu qeyd edib.\n<\/p>\n<p>\n  \u201cAB\u015e-\u0131n yeni administrasiyas\u0131 bizim \u00fc\u00e7\u00fcn o q\u0259d\u0259r d\u0259 yeni deyil. Biz Obama-Bayden administrasiyas\u0131 il\u0259 yax\u0131ndan \u0259m\u0259kda\u015fl\u0131q etmi\u015fik. M\u0259n 2016-c\u0131 ild\u0259 Va\u015finqtonda o zaman vitse-prezident v\u0259zif\u0259sind\u0259 \u00e7al\u0131\u015fan c\u0259nab Baydenl\u0259 g\u00f6r\u00fc\u015f\u00fcm\u00fcz\u00fc, ikit\u0259r\u0259fli g\u00fcnd\u0259liyimiz\u0259 daxil olan m\u00f6vzular\u0131n geni\u015f dair\u0259si, beyn\u0259lxalq m\u0259s\u0259l\u0259l\u0259r il\u0259 ba\u011fl\u0131 \u00e7ox yax\u015f\u0131 v\u0259 s\u0259m\u0259r\u0259li m\u00fczakir\u0259mizi xat\u0131rlay\u0131ram. Yad\u0131mdad\u0131r ki, Prezident Baydenin o zaman regionun problematikas\u0131na dair dol\u011fun m\u0259lumat\u0131 var idi v\u0259 o, AB\u015e il\u0259 Az\u0259rbaycan aras\u0131nda m\u00fcnasib\u0259tl\u0259r\u0259 b\u00f6y\u00fck d\u0259y\u0259r verirdi\u201d.\n<\/p>\n<p>\n  Daha sonra \u0130lham \u018fliyev AB\u015e-a h\u0259rbi s\u0259naye sah\u0259sind\u0259 \u0259m\u0259kda\u015fl\u0131qla ba\u011fl\u0131 a\u00e7\u0131q mesaj da g\u00f6nd\u0259rib.\n<\/p>\n<p>\n  \u201cBiz AB\u015e h\u0259rbi avadanl\u0131\u011f\u0131na \u00e7\u0131x\u0131\u015f \u0259ld\u0259 etm\u0259k ist\u0259yirik. Bu g\u00fcn\u0259d\u0259k t\u0259\u0259ss\u00fcf ki, bizim bel\u0259 bir imkan\u0131m\u0131z yoxdur. Bu, y\u0259qin ki, Erm\u0259nistanla m\u00fcnaqi\u015f\u0259 il\u0259 ba\u011fl\u0131 idi. Ancaq art\u0131q m\u00fcnaqi\u015f\u0259 \u00f6z h\u0259llini tap\u0131b v\u0259 bel\u0259likl\u0259, AB\u015e-la m\u00fcdafi\u0259 s\u0259nayesi sah\u0259sind\u0259 \u0259m\u0259kda\u015fl\u0131q etm\u0259m\u0259k \u00fc\u00e7\u00fcn s\u0259b\u0259b g\u00f6rm\u00fcr\u0259m\u201d.\n<\/p>\n<p>\n  \u0130lham \u018fliyev h\u0259m\u00e7inin AB\u015e-\u0131 Az\u0259rbaycanla Erm\u0259nistan aras\u0131nda m\u0259s\u0259l\u0259l\u0259rin h\u0259lli \u00fc\u00e7\u00fcn s\u00fclh m\u00fcqavil\u0259sinin ba\u011flanmas\u0131nda vasit\u0259\u00e7i olma\u011fa da d\u0259v\u0259t edib.\n<\/p>\n<p>\n  \u201c\u018fmin\u0259m ki, AB\u015e administrasiyas\u0131 il\u0259 t\u0259maslarda n\u00f6vb\u0259ti ir\u0259lil\u0259yi\u015fin \u015fahidi olaca\u011f\u0131q. Biz Erm\u0259nistanla s\u00fclh sazi\u015fi \u00fcz\u0259rind\u0259 i\u015fl\u0259m\u0259y\u0259 haz\u0131r\u0131q. AB\u015e \u00f6z potensial\u0131ndan istifad\u0259 ed\u0259r\u0259k Erm\u0259nistan\u0131 inand\u0131ra bil\u0259r ki, bu, ir\u0259li getm\u0259yin yegan\u0259 yoludur v\u0259 revan\u015f m\u0259s\u0259l\u0259sinin h\u0259tta a\u011f\u0131llar\u0131na bel\u0259 g\u0259tirilm\u0259si onlar \u00fc\u00e7\u00fcn olduqca t\u0259hl\u00fck\u0259li olacaq. Y\u0259ni, \u00e7oxlu imkanlar v\u0259 g\u00f6zl\u0259ntil\u0259r var, ancaq biz AB\u015e administrasiyas\u0131n\u0131n tam olaraq i\u015f\u0259 ba\u015flamas\u0131n\u0131 g\u00f6zl\u0259yir v\u0259 mesaj almaq ist\u0259yirik ki, onlar biziml\u0259 m\u00fcnasib\u0259tl\u0259ri nec\u0259 qurmaq ist\u0259yirl\u0259r\u201d.\n<\/p>\n<p>\n  <b><br \/>\n    \u201cB\u00f6y\u00fck Britaniya faktoru\u201d<br \/>\n  <\/b>\n<\/p>\n<p>\n  AB\u015e-la m\u00fcnasib\u0259tl\u0259r kontekstind\u0259 B\u00f6y\u00fck Britaniya faktorunu da yaddan \u00e7\u0131xarmaq olmaz. Avropada bir \u00e7ox siyasi ekspert B\u00f6y\u00fck Britaniyan\u0131 tamamil\u0259 Az\u0259rbaycany\u00f6n\u00fcml\u00fc siyas\u0259t apard\u0131\u011f\u0131n\u0131 iddia edirl\u0259r v\u0259 \u0130kinci Qaraba\u011f m\u00fcharib\u0259si zaman\u0131 bunun daha parlaq b\u00fcruz\u0259 verdiyini vur\u011fulay\u0131rlar. Bel\u0259 iddialar fonunda Britaniyan\u0131n Avropada h\u0259m\u00e7inin AB\u015e maraqlar\u0131n\u0131 da d\u0259st\u0259kl\u0259diyi imicini n\u0259z\u0259r\u0259 alsaq, Birl\u0259\u015fmi\u015f \u015etatlarla m\u00fcnasib\u0259tl\u0259rin yeni m\u0259rh\u0259l\u0259y\u0259 q\u0259d\u0259m qoymas\u0131 \u00fc\u00e7\u00fcn Va\u015finqton-London-Bak\u0131 \u00fc\u00e7l\u00fcy\u00fcn\u00fcn formala\u015fmas\u0131 n\u0259z\u0259r\u0259 \u00e7arp\u0131r. Ayd\u0131nd\u0131r ki, bu \u00fc\u00e7l\u00fck yaln\u0131z yerl\u0259\u015fdiyimiz b\u00f6lg\u0259d\u0259ki prosesl\u0259r \u00fc\u00e7\u00fcnd\u00fcr. AB\u015e-la diplomatik \u0259laq\u0259l\u0259rin aktivl\u0259\u015fm\u0259si fonunda B\u00f6y\u00fck Britaniyan\u0131n ixracat \u00fczr\u0259 nazirinin Bak\u0131ya s\u0259f\u0259rini v\u0259 r\u0259smi g\u00f6r\u00fc\u015fl\u0259r zaman\u0131 g\u0259l\u0259c\u0259k \u0259m\u0259kda\u015fl\u0131\u011fa y\u00f6n\u0259l\u0259n vacib b\u0259yanatlar\u0131 da n\u0259z\u0259r\u0259 almaq laz\u0131md\u0131r. H\u0259m\u00e7inin d\u0259 n\u0259z\u0259r\u0259 almaq laz\u0131md\u0131r ki, bel\u0259 s\u0259f\u0259rl\u0259r yaln\u0131z r\u0259smi elan edil\u0259n g\u00fcnd\u0259likd\u0259n ibar\u0259t olmur v\u0259 p\u0259rd\u0259arxas\u0131 dan\u0131\u015f\u0131qlar zaman\u0131 bir \u00e7ox m\u0259s\u0259l\u0259 m\u00fczakir\u0259 edilir. T\u0259bii ki, haz\u0131rda Az\u0259rbaycan \u00fc\u00e7\u00fcn \u0259n maraql\u0131 m\u0259s\u0259l\u0259 Erm\u0259nistan il\u0259 m\u00fcnasib\u0259tl\u0259rin h\u0259r hans\u0131 bir formas\u0131n\u0131n tap\u0131lmas\u0131, iki d\u00f6vl\u0259t aras\u0131nda g\u0259rginliyin aradan qald\u0131r\u0131lmas\u0131 v\u0259 Q\u0259rb d\u00f6vl\u0259tl\u0259rinin Rusiyan\u0131n m\u00fcnaqi\u015f\u0259nin h\u0259llini inhisara g\u00f6t\u00fcrm\u0259y\u0259 imkan verm\u0259m\u0259si \u00fc\u00e7\u00fcn add\u0131mlar\u0131d\u0131r.\n<\/p>\n<p>\n  <b><br \/>\n    \u201c\u0130\u015f\u011faldan azad olunan \u0259razil\u0259rin b\u0259rpas\u0131na AB\u015e \u015firk\u0259tl\u0259ri d\u0259 d\u0259v\u0259t edilm\u0259lidirl\u0259r\u201d<br \/>\n  <\/b>\n<\/p>\n<p>\n  Qeyd olunan m\u0259s\u0259l\u0259l\u0259ri Meydan TV \u00fc\u00e7\u00fcn \u015f\u0259rh ed\u0259n Az\u0259rbaycan Demokrat Partiyas\u0131n\u0131n s\u0259dri, 1992-ci ild\u0259 Milli T\u0259hl\u00fck\u0259sizlik nazirinin m\u00fcavini S\u00fclh\u0259ddin \u018fkb\u0259r Bayden hakimiyy\u0259t\u0259 g\u0259ldikd\u0259n sonra, x\u00fcsus\u0259n II Qaraba\u011f sava\u015f\u0131 d\u00f6n\u0259mind\u0259 t\u0259klifl\u0259r paketi il\u0259 \u00e7\u0131x\u0131\u015f etdiyini bildirib. S\u00fclh\u0259ddin \u018fkb\u0259rin t\u0259klifl\u0259rind\u0259n bir qismi d\u0259 regionda yaranan v\u0259ziyy\u0259t\u0259 uy\u011fun olaraq g\u00fcc m\u0259rk\u0259zl\u0259ri il\u0259 yeni \u015f\u0259rait\u0259 \u0259sas\u0259n yeni s\u0259viyy\u0259d\u0259 m\u00fcnasib\u0259tl\u0259rin qurulmas\u0131 idi.\n<\/p>\n<p>\n  \u201cBirincisi, Az\u0259rbaycan AB\u015e-la strateji t\u0259r\u0259fda\u015fl\u0131q xartiyas\u0131 imzalas\u0131n, NATO-dan k\u0259nar \u0259sas m\u00fctt\u0259fiq statusunun Az\u0259rbaycana verilm\u0259si il\u0259 ba\u011fl\u0131 r\u0259smi Bak\u0131 dan\u0131\u015f\u0131qlara ba\u015flas\u0131n. Eyni zamanda, Az\u0259rbaycan Avropa Birliyi il\u0259 indi m\u00fczakir\u0259 olunan sazi\u015fi imzalamal\u0131, h\u0259m d\u0259 Azad Ticar\u0259t Zonas\u0131n\u0131n yarad\u0131lmas\u0131 bar\u0259d\u0259 s\u0259n\u0259din imzalanmas\u0131 m\u00fczakir\u0259sin\u0259 ba\u015flamal\u0131d\u0131r. Bundan \u0259lav\u0259, NATO il\u0259 geni\u015fl\u0259ndirilmi\u015f v\u0259 d\u0259rinl\u0259\u015fdirilmi\u015f t\u0259r\u0259fda\u015fl\u0131qla ba\u011fl\u0131 m\u00fczakir\u0259l\u0259r\u0259 ba\u015flamal\u0131yd\u0131\u201d.\n<\/p>\n<p>\n  Onun fikrinc\u0259, bu m\u00fczakir\u0259l\u0259ri Rusiyan\u0131n Az\u0259rbaycanda v\u0259 regionda artan n\u00fcfuzunun balansla\u015fd\u0131r\u0131lmas\u0131 y\u00f6n\u00fcnd\u0259 at\u0131lan add\u0131mlar kimi d\u0259y\u0259rl\u0259ndirm\u0259k olar. S\u00fclh\u0259ddin \u018fkb\u0259r h\u0259m d\u00f6vl\u0259t ba\u015f\u00e7\u0131s\u0131n\u0131n m\u0259lum \u00e7\u0131x\u0131\u015f\u0131n\u0131, h\u0259m d\u0259 k\u00f6m\u0259k\u00e7isinin NATO-ya s\u0259f\u0259rini, Avropa Birliyi \u00f6lk\u0259l\u0259rinin s\u0259firl\u0259ri il\u0259 g\u00f6r\u00fc\u015f\u00fcn\u00fc bu istiqam\u0259td\u0259 at\u0131lan add\u0131mlar kimi d\u0259y\u0259rl\u0259ndirdiyini bildirib:\n<\/p>\n<figure class=\"wp-block-image size-large\">\n  <img decoding=\"async\" src=\"https:\/\/www.meydan.tv\/az\/sulheddin-ekber-2\/\" alt=\"S\u00fclh\u0259ddin \u018fkb\u0259r\" class=\"wp-image-89653\"\/><figcaption>\n    S\u00fclh\u0259ddin \u018fkb\u0259r<br \/>\n  <\/figcaption><\/figure>\n<p>\n  \u201cBura AB\u015e Milli T\u0259hl\u00fck\u0259sizlik \u015euras\u0131n\u0131n katibi Sallivanla \u018fliyev aras\u0131nda telefon dan\u0131\u015f\u0131\u011f\u0131n\u0131 da \u0259lav\u0259 etm\u0259k olar. Bu bax\u0131mdan gedi\u015fat\u0131 m\u00fcsb\u0259t qiym\u0259tl\u0259ndirir\u0259m. Az\u0259rbaycan bu add\u0131mlar\u0131 atmal\u0131d\u0131r, indiki ritorika s\u0259viyy\u0259sind\u0259 qalmamal\u0131, daha ciddi q\u0259rarlara ehtiyac var. \u018fks halda Erm\u0259nistan v\u0259 erm\u0259ni lobbisi v\u0259ziyy\u0259td\u0259n istifad\u0259 ed\u0259c\u0259k. X\u00fcsus\u0259n d\u0259 n\u0259z\u0259r\u0259 al\u0131n ki, Minsk Qrupunun \u00fczv\u00fc olan iki b\u00f6y\u00fck d\u00f6vl\u0259t bu prosesd\u0259n k\u0259narda qoyulub v\u0259 onlar yaranm\u0131\u015f v\u0259ziyy\u0259td\u0259n ciddi narahatd\u0131rlar, naraz\u0131d\u0131rlar\u201d.\n<\/p>\n<p>\n  <b><br \/>\n    \u201cRusiyan\u0131 regionda balansla\u015fd\u0131ra bil\u0259c\u0259k yegan\u0259 q\u00fcvv\u0259 AB\u015e-d\u0131r\u201d<br \/>\n  <\/b>\n<\/p>\n<p>\n  S\u00fclh\u0259ddin \u018fkb\u0259r hesab edir ki, \u0259laq\u0259l\u0259rin d\u0259rinl\u0259\u015fm\u0259si \u00fc\u00e7\u00fcn i\u015f\u011faldan azad olunan \u0259razil\u0259rin b\u0259rpas\u0131na AB\u015e \u015firk\u0259tl\u0259ri d\u0259 d\u0259v\u0259t edilm\u0259lidirl\u0259r.\n<\/p>\n<p>\n  Bundan ba\u015fqa, o hesab edir ki, Erm\u0259nistanda parlament se\u00e7kil\u0259rind\u0259n sonra Nikol Pa\u015finyan hakimiyy\u0259td\u0259 qalsa, Q\u0259rbl\u0259 \u0259vv\u0259lki siyas\u0259tini davam etdirs\u0259, h\u0259m d\u0259 Rusiyadan tam as\u0131l\u0131l\u0131qdan qurtulma\u011fa c\u0259hd g\u00f6st\u0259r\u0259rs\u0259, AB\u015e \u00fc\u00e7\u00fcn Az\u0259rbaycanla Erm\u0259nistan aras\u0131nda m\u00fcnasib\u0259tl\u0259ri normalla\u015fd\u0131rmaq asan olar.\n<\/p>\n<p>\n  \u201cVa\u015finqton AB\u015e-dak\u0131 erm\u0259ni lobbisinin m\u00f6vqeyind\u0259n istifad\u0259 ed\u0259r\u0259k bu proses\u0259 giri\u015f\u0259 bil\u0259r. \u018fslind\u0259, gedi\u015fat h\u0259m d\u0259 Az\u0259rbaycan\u0131n maraqlar\u0131na uy\u011fundur ki, proses t\u0259k Rusiyan\u0131n monopoliyas\u0131nda olmas\u0131n. O zaman Az\u0259rbaycan-Rusiya m\u00fcnasib\u0259tl\u0259rind\u0259 d\u0259 r\u0259smi Bak\u0131n\u0131n \u0259li g\u00fccl\u0259n\u0259 bil\u0259r\u201d.\n<\/p>\n<p>\n  Bununla bel\u0259, S\u00fclh\u0259ddin \u018fkb\u0259r qeyd edib ki, Rusiya ne\u00e7\u0259 ildir Az\u0259rbaycan\u0131n h\u0259m Avrasiya \u0130qtisadi Birliyin\u0259, h\u0259m d\u0259 KTMT-na inteqrasiya olunmas\u0131n\u0131n t\u0259r\u0259fdar\u0131 oldu\u011funu gizl\u0259tmir.\n<\/p>\n<p>\n  \u201cSad\u0259c\u0259, Rusiyan\u0131n m\u0259qs\u0259di odur ki, s\u0259rh\u0259dl\u0259rin demarkasiyas\u0131 v\u0259 delimitasiyas\u0131 da onun maraqlar\u0131 \u00e7\u0259r\u00e7iv\u0259sind\u0259 getsin. Y\u0259ni iki respublikan\u0131n m\u00fcnasib\u0259tl\u0259ri m\u0259hz Moskvan\u0131n inhisar\u00e7\u0131l\u0131\u011f\u0131 il\u0259 h\u0259ll edilsin. Bel\u0259 d\u0259 art\u0131q prosesin Rusiyan\u0131n inhisar\u0131nda olmas\u0131 m\u00f6hk\u0259ml\u0259n\u0259c\u0259k\u201d.\n<\/p>\n<p>\n  Bu bax\u0131mdan o, hesab edir ki, haz\u0131rki zamanda Rusiyan\u0131 regionda balansla\u015fd\u0131ra bil\u0259c\u0259k yegan\u0259 q\u00fcvv\u0259 AB\u015e-d\u0131r.\n<\/p>\n<p>\n  \u201cBir \u00e7ox m\u0259s\u0259l\u0259 iyunda, B\u00f6y\u00fck Britaniyada ke\u00e7iril\u0259c\u0259k \u201cB\u00f6y\u00fck yeddil\u0259r\u201din v\u0259 ard\u0131nca NATO samitind\u0259n as\u0131l\u0131d\u0131r. Eyni tarixi d\u00f6vrd\u0259 Putin v\u0259 Bayden g\u00f6r\u00fc\u015f\u00fc n\u0259z\u0259rd\u0259 tutulur. Unutmayaq ki, NATO sammitind\u0259 \u018frdo\u011fan-Bayden g\u00f6r\u00fc\u015f\u00fc d\u0259 m\u00fcmk\u00fcnd\u00fcr. B\u00fct\u00fcn bunlardan v\u0259 q\u0259bul olunacaq q\u0259rarlardan \u00e7ox \u015fey as\u0131l\u0131d\u0131r. \u018fg\u0259r kollektiv Q\u0259rb Rusiya il\u0259 vahid m\u00f6vqey\u0259 g\u0259l\u0259c\u0259ks\u0259, xarici siyas\u0259tl\u0259rinin koordinasiyas\u0131nda birg\u0259 q\u0259rar q\u0259bul ed\u0259c\u0259ks\u0259, o zaman Az\u0259rbaycan\u0131n i\u015fi d\u0259 nisb\u0259t\u0259n asanla\u015facaq. \u00c7\u00fcnki T\u00fcrkiy\u0259 b\u00fct\u00f6vl\u00fckd\u0259 C\u0259nubi Qafqazda, x\u00fcsus\u0259n d\u0259 Az\u0259rbaycanda h\u0259m d\u0259 kollektiv Q\u0259rbin siyas\u0259tinin \u00f6t\u00fcr\u00fcc\u00fcs\u00fc missiyas\u0131n\u0131 da yerin\u0259 yetir\u0259c\u0259k. Bel\u0259 olduqda T\u00fcrkiy\u0259nin \u0259li dan\u0131\u015f\u0131qlarda g\u00fccl\u00fc olacaq\u201d.\n<\/p>\n<p>\n  <b><br \/>\n    \u201cAB\u015e-nin son d\u00f6vrd\u0259 f\u0259alla\u015fmas\u0131n\u0131 t\u0259bii ki, arzulamaq olar\u201d<br \/>\n  <\/b>\n<\/p>\n<p>\n  Se\u00e7kil\u0259rin Monitorinqi v\u0259 Demokratiyan\u0131n T\u0259drisi M\u0259rk\u0259zinin (SMDT) r\u0259hb\u0259ri Anar M\u0259mm\u0259dli Meydan TV il\u0259 s\u00f6hb\u0259tind\u0259 m\u00fcnaqi\u015f\u0259nin h\u0259llinin tam olaraq Rusiyan\u0131n \u0259lind\u0259 olmas\u0131 fikri il\u0259 raz\u0131la\u015fmad\u0131\u011f\u0131n\u0131 qeyd edib:\n<\/p>\n<p>\n  \u201c\u018fn az\u0131ndan ba\u011fl\u0131 qap\u0131lar arxas\u0131nda m\u00fc\u0259yy\u0259n d\u00f6vrd\u0259 Erm\u0259nistana t\u0259zyiql\u0259r olsa da, a\u00e7\u0131q \u015f\u0259kild\u0259 biz bu t\u0259zyiql\u0259rin \u015fahidi olmad\u0131q. \u018flb\u0259tt\u0259, Rusiyan\u0131n Erm\u0259nistana t\u0259zyiq imkanlar\u0131 var, amma Q\u0259rb d\u00f6vl\u0259tl\u0259rinin d\u0259 t\u0259zyiql\u0259ri olub. Bu bax\u0131mdan AB\u015e-nin son d\u00f6vrd\u0259 f\u0259alla\u015fmas\u0131n\u0131 t\u0259bii ki, arzulamaq olar\u201d.\n<\/p>\n<figure class=\"wp-block-image size-large\">\n  <img decoding=\"async\" src=\"https:\/\/www.meydan.tv\/az\/anar-memmedli-3\/\" alt=\"Anar M\u0259mm\u0259dli\" class=\"wp-image-157017\"\/><figcaption>\n    Anar M\u0259mm\u0259dli<br \/>\n  <\/figcaption><\/figure>\n<p>\n  Onun fikrinc\u0259, Minsk Qrupuna daxil olan Q\u0259rb d\u00f6vl\u0259tl\u0259ri bu prosesd\u0259 m\u00fcnaqi\u015f\u0259nin h\u0259lliyl\u0259 ba\u011fl\u0131 f\u0259all\u0131q g\u00f6st\u0259rib daha diplomatik t\u0259\u015f\u0259bb\u00fcsl\u0259r ortaya qoya bil\u0259rl\u0259r v\u0259 bu, m\u00fcnaqi\u015f\u0259nin xeyrin\u0259 ola bil\u0259r.\n<\/p>\n<p>\n  Az\u0259rbaycan\u0131n AB\u015e-la h\u0259rbi s\u0259naye sah\u0259sind\u0259 \u0259m\u0259kda\u015fl\u0131q perspektivl\u0259rini \u015f\u0259rh ed\u0259n Anar M\u0259mm\u0259dli 907-ci d\u00fcz\u0259li\u015fin q\u00fcvv\u0259d\u0259 olmas\u0131n\u0131 qeyd edib v\u0259 bildirib ki, bu s\u0259n\u0259d qald\u0131qca, el\u0259 bir ciddi \u0259m\u0259kda\u015fl\u0131\u011f\u0131n yaranaca\u011f\u0131na inanmaq olmur:\n<\/p>\n<p>\n  \u201cAmma Az\u0259rbaycan\u0131n milli maraqlar\u0131n\u0131n, x\u00fcsusil\u0259 s\u0259rh\u0259dl\u0259rinin qorunmas\u0131 y\u00f6n\u00fcnd\u0259 Va\u015finqtonun d\u0259st\u0259yi olub, zaman-zaman m\u00fc\u0259yy\u0259n texniki avadanl\u0131qlar\u0131n al\u0131nmas\u0131 il\u0259 ba\u011fl\u0131 m\u0259lumatlar yay\u0131l\u0131b. Bu istiqam\u0259td\u0259 b\u0259lk\u0259 yenid\u0259n n\u0259s\u0259 ola bil\u0259r. S\u00f6hb\u0259t milli ordunun, h\u0259rbi-s\u0259naye obyektl\u0259rinin g\u00fccl\u0259ndirilm\u0259sind\u0259n deyil. Ola bilsin AB\u015e-nin d\u0259st\u0259yi daha \u00e7ox s\u0259rh\u0259dl\u0259rin t\u0259hl\u00fck\u0259sizliyi il\u0259 ba\u011fl\u0131 m\u0259s\u0259l\u0259l\u0259rd\u0259, x\u00fcsus\u0259n X\u0259z\u0259r d\u0259nizi, \u0130ranla s\u0259rh\u0259dl\u0259rin m\u00fcdafi\u0259sind\u0259 m\u00fcmk\u00fcnd\u00fcr\u201d.\n<\/p>\n<p>\n  <b><br \/>\n    \u201cR\u0259smi Bak\u0131 m\u00fcnaqi\u015f\u0259nin uzanmamas\u0131 \u00fc\u00e7\u00fcn h\u0259r v\u0259chl\u0259 \u00e7al\u0131\u015fmal\u0131d\u0131r\u201d<br \/>\n  <\/b>\n<\/p>\n<p>\n  Bununla bel\u0259, Anar M\u0259mm\u0259dli AB\u015e-Az\u0259rbaycan m\u00fcnasib\u0259tl\u0259rinin g\u00fccl\u0259nm\u0259sinin Qaraba\u011f m\u00fcnaqi\u015f\u0259sinin h\u0259llin\u0259 t\u0259sirinin olub-olmamas\u0131n\u0131 g\u0259l\u0259c\u0259yin g\u00f6st\u0259r\u0259c\u0259yi fikrind\u0259dir.\n<\/p>\n<p>\n  \u201cAB\u015e-Az\u0259rbaycan m\u00fcnasib\u0259tl\u0259rinin g\u00fccl\u0259nm\u0259si, inki\u015faf\u0131 t\u0259bii ki, regionda bir super d\u00f6vl\u0259tin daha da f\u0259alla\u015fmas\u0131na s\u0259b\u0259b ola bil\u0259r. Az\u0259rbaycan n\u0259inki AB\u015e-la dig\u0259r Q\u0259rb d\u00f6vl\u0259tl\u0259ri il\u0259 intensiv \u0259m\u0259kda\u015fl\u0131\u011fa \u00fcst\u00fcnl\u00fck verm\u0259lidir. \u00c7\u00fcnki b\u00f6lg\u0259d\u0259 Rusiyan\u0131n s\u00fclhm\u0259raml\u0131 h\u0259rbi kontingenti yerl\u0259\u015fdikd\u0259n sonra Q\u0259rb d\u00f6vl\u0259tl\u0259ri bu m\u0259s\u0259l\u0259y\u0259 daha da h\u0259ssas yana\u015fmal\u0131d\u0131rlar. \u018flb\u0259tt\u0259, bu, birba\u015fa Az\u0259rbaycan\u0131n t\u0259\u015f\u0259bb\u00fcsl\u0259rind\u0259n as\u0131l\u0131 m\u0259s\u0259l\u0259dir\u201d.\n<\/p>\n<p>\n  Onun fikrinc\u0259, r\u0259smi Bak\u0131 m\u00fcnaqi\u015f\u0259nin uzanmamas\u0131 \u00fc\u00e7\u00fcn h\u0259r v\u0259chl\u0259 \u00e7al\u0131\u015fmal\u0131d\u0131r. Bununla da rus s\u00fclhm\u0259raml\u0131lar\u0131n\u0131n kontingentinin mandat\u0131n\u0131n g\u0259l\u0259c\u0259kd\u0259 uzanmas\u0131 perspektivi yaranmas\u0131n. O qeyd edib ki, bunun \u00fc\u00e7\u00fcn \u00e7ox\u015fax\u0259li \u0259m\u0259kda\u015fl\u0131\u011fa \u00fcst\u00fcnl\u00fck verm\u0259k laz\u0131md\u0131r.\n<\/p>\n<p>\n  \u201cYaln\u0131z AB\u015e yox, h\u0259m d\u0259 Avropa d\u00f6vl\u0259tl\u0259ri il\u0259 \u0259m\u0259kda\u015fl\u0131\u011f\u0131 g\u00fccl\u0259ndirm\u0259k laz\u0131md\u0131r. Onlar\u0131n b\u00f6lg\u0259d\u0259 m\u00fcnaqi\u015f\u0259nin h\u0259llind\u0259 h\u0259rbi g\u00fcc kimi i\u015ftirak\u0131ndan s\u00f6hb\u0259t getmir. \u00dcmumiyy\u0259tl\u0259, maliyy\u0259 donoru kimi bir \u00e7ox layih\u0259nin icras\u0131nda \u0259sas i\u015ftirak\u0131n\u0131 t\u0259min etm\u0259k laz\u0131md\u0131r. D\u00fc\u015f\u00fcnm\u00fcr\u0259m ki, Rusiya b\u00f6lg\u0259d\u0259 h\u0259rbi kontingenti oldu\u011fu halda, m\u00fcnaqi\u015f\u0259nin h\u0259llin\u0259 aparacaq iri sosial-iqtisadi, infrastruktur layih\u0259l\u0259rinin maliyy\u0259l\u0259\u015fm\u0259sind\u0259 maraql\u0131 olsun. Daha \u00e7ox maddi imkanlar\u0131 olan AB\u015e v\u0259 Avropa \u00f6lk\u0259l\u0259ridir. Ona g\u00f6r\u0259 Az\u0259rbaycan\u0131n siyasi r\u0259hb\u0259rliyi \u00e7al\u0131\u015fmal\u0131d\u0131r ki, bu prosesd\u0259 onlar\u0131n h\u0259m maliyy\u0259 v\u0259 texniki, h\u0259m d\u0259 siyasi d\u0259st\u0259yind\u0259n istifad\u0259 etsin. Bu, m\u00fcnaqi\u015f\u0259nin h\u0259llind\u0259 Az\u0259rbaycan\u0131n g\u00fcc\u00fcn\u0259 g\u00fcc qata bil\u0259r, h\u0259m d\u0259 Erm\u0259nistan\u0131 revan\u015fist add\u0131mlardan \u00e7\u0259kindir\u0259 bil\u0259r\u201d.<\/p>\n","protected":false},"excerpt":{"rendered":"<p>Onun fikrinc\u0259, Minsk Qrupuna daxil olan Q\u0259rb d\u00f6vl\u0259tl\u0259ri bu prosesd\u0259 m\u00fcnaqi\u015f\u0259nin h\u0259lliyl\u0259 ba\u011fl\u0131 f\u0259all\u0131q g\u00f6st\u0259rib daha diplomatik t\u0259\u015f\u0259bb\u00fcsl\u0259r ortaya qoya bil\u0259rl\u0259r v\u0259 bu, m\u00fcnaqi\u015f\u0259nin xeyrin\u0259 ola bil\u0259r.<\/p>\n","protected":false},"author":11,"featured_media":0,"comment_status":"closed","ping_status":"open","sticky":false,"template":"","format":"standard","meta":{"_acf_changed":false,"_sitemap_exclude":false,"_sitemap_priority":"","_sitemap_frequency":"","footnotes":""},"categories":[59],"tags":[],"class_list":["post-206515","post","type-post","status-publish","format-standard","hentry","category-siyaset","infinite-scroll-item","generate-columns","tablet-grid-50","mobile-grid-100","grid-parent","grid-33","no-featured-image-padding"],"acf":[],"yoast_head":"<!-- This site is optimized with the Yoast SEO plugin v28.4 - https:\/\/yoast.com\/product\/yoast-seo-wordpress\/ -->\n<title>Az\u0259rbaycan AB\u015e-la m\u00fcnasib\u0259tl\u0259rin\u0259 yeni impuls g\u0259tirir - MEYDAN.TV<\/title>\n<meta name=\"robots\" content=\"index, follow, max-snippet:-1, max-image-preview:large, max-video-preview:-1\" \/>\n<link rel=\"canonical\" href=\"https:\/\/www.meydan.tv\/az\/article\/azerbaycan-abs-la-munasibetlerine-yeni-impuls-getirir\/\" \/>\n<meta property=\"og:locale\" content=\"az_AZ\" \/>\n<meta property=\"og:type\" content=\"article\" \/>\n<meta property=\"og:title\" content=\"Az\u0259rbaycan AB\u015e-la m\u00fcnasib\u0259tl\u0259rin\u0259 yeni impuls g\u0259tirir - MEYDAN.TV\" \/>\n<meta property=\"og:description\" content=\"Onun fikrinc\u0259, Minsk Qrupuna daxil olan Q\u0259rb d\u00f6vl\u0259tl\u0259ri bu prosesd\u0259 m\u00fcnaqi\u015f\u0259nin h\u0259lliyl\u0259 ba\u011fl\u0131 f\u0259all\u0131q g\u00f6st\u0259rib daha diplomatik t\u0259\u015f\u0259bb\u00fcsl\u0259r ortaya qoya bil\u0259rl\u0259r v\u0259 bu, m\u00fcnaqi\u015f\u0259nin xeyrin\u0259 ola bil\u0259r.\" \/>\n<meta property=\"og:url\" content=\"https:\/\/www.meydan.tv\/az\/article\/azerbaycan-abs-la-munasibetlerine-yeni-impuls-getirir\/\" \/>\n<meta property=\"og:site_name\" content=\"MEYDAN.TV\" \/>\n<meta property=\"article:published_time\" content=\"2021-06-02T14:16:50+00:00\" \/>\n<meta property=\"og:image\" content=\"https:\/\/www.meydan.tv\/wp-content\/uploads\/biden.jpeg\" \/>\n\t<meta property=\"og:image:width\" content=\"1340\" \/>\n\t<meta property=\"og:image:height\" content=\"894\" \/>\n\t<meta property=\"og:image:type\" content=\"image\/jpeg\" \/>\n<meta name=\"twitter:card\" content=\"summary_large_image\" \/>\n<!-- \/ Yoast SEO plugin. -->","yoast_head_json":{"title":"Az\u0259rbaycan AB\u015e-la m\u00fcnasib\u0259tl\u0259rin\u0259 yeni impuls g\u0259tirir - MEYDAN.TV","robots":{"index":"index","follow":"follow","max-snippet":"max-snippet:-1","max-image-preview":"max-image-preview:large","max-video-preview":"max-video-preview:-1"},"canonical":"https:\/\/www.meydan.tv\/az\/article\/azerbaycan-abs-la-munasibetlerine-yeni-impuls-getirir\/","og_locale":"az_AZ","og_type":"article","og_title":"Az\u0259rbaycan AB\u015e-la m\u00fcnasib\u0259tl\u0259rin\u0259 yeni impuls g\u0259tirir - MEYDAN.TV","og_description":"Onun fikrinc\u0259, Minsk Qrupuna daxil olan Q\u0259rb d\u00f6vl\u0259tl\u0259ri bu prosesd\u0259 m\u00fcnaqi\u015f\u0259nin h\u0259lliyl\u0259 ba\u011fl\u0131 f\u0259all\u0131q g\u00f6st\u0259rib daha diplomatik t\u0259\u015f\u0259bb\u00fcsl\u0259r ortaya qoya bil\u0259rl\u0259r v\u0259 bu, m\u00fcnaqi\u015f\u0259nin xeyrin\u0259 ola bil\u0259r.","og_url":"https:\/\/www.meydan.tv\/az\/article\/azerbaycan-abs-la-munasibetlerine-yeni-impuls-getirir\/","og_site_name":"MEYDAN.TV","article_published_time":"2021-06-02T14:16:50+00:00","og_image":[{"width":1340,"height":894,"url":"https:\/\/www.meydan.tv\/wp-content\/uploads\/biden.jpeg","type":"image\/jpeg"}],"twitter_card":"summary_large_image","schema":{"@context":"https:\/\/schema.org","@graph":[{"@type":"Article","@id":"https:\/\/www.meydan.tv\/az\/article\/azerbaycan-abs-la-munasibetlerine-yeni-impuls-getirir\/#article","isPartOf":{"@id":"https:\/\/www.meydan.tv\/az\/article\/azerbaycan-abs-la-munasibetlerine-yeni-impuls-getirir\/"},"author":{"name":"user-manager","@id":"https:\/\/www.meydan.tv\/az\/#\/schema\/person\/10d11eccf6da3662cf5fdab9806ea91a"},"headline":"Az\u0259rbaycan AB\u015e-la m\u00fcnasib\u0259tl\u0259rin\u0259 yeni impuls g\u0259tirir","datePublished":"2021-06-02T14:16:50+00:00","mainEntityOfPage":{"@id":"https:\/\/www.meydan.tv\/az\/article\/azerbaycan-abs-la-munasibetlerine-yeni-impuls-getirir\/"},"wordCount":2664,"publisher":{"@id":"https:\/\/www.meydan.tv\/az\/#organization"},"image":{"@id":"https:\/\/www.meydan.tv\/az\/article\/azerbaycan-abs-la-munasibetlerine-yeni-impuls-getirir\/#primaryimage"},"thumbnailUrl":"https:\/\/www.meydan.tv\/az\/sulheddin-ekber-2\/","articleSection":["Siyas\u0259t"],"inLanguage":"az"},{"@type":"WebPage","@id":"https:\/\/www.meydan.tv\/az\/article\/azerbaycan-abs-la-munasibetlerine-yeni-impuls-getirir\/","url":"https:\/\/www.meydan.tv\/az\/article\/azerbaycan-abs-la-munasibetlerine-yeni-impuls-getirir\/","name":"Az\u0259rbaycan AB\u015e-la m\u00fcnasib\u0259tl\u0259rin\u0259 yeni impuls g\u0259tirir - MEYDAN.TV","isPartOf":{"@id":"https:\/\/www.meydan.tv\/az\/#website"},"primaryImageOfPage":{"@id":"https:\/\/www.meydan.tv\/az\/article\/azerbaycan-abs-la-munasibetlerine-yeni-impuls-getirir\/#primaryimage"},"image":{"@id":"https:\/\/www.meydan.tv\/az\/article\/azerbaycan-abs-la-munasibetlerine-yeni-impuls-getirir\/#primaryimage"},"thumbnailUrl":"https:\/\/www.meydan.tv\/az\/sulheddin-ekber-2\/","datePublished":"2021-06-02T14:16:50+00:00","breadcrumb":{"@id":"https:\/\/www.meydan.tv\/az\/article\/azerbaycan-abs-la-munasibetlerine-yeni-impuls-getirir\/#breadcrumb"},"inLanguage":"az","potentialAction":[{"@type":"ReadAction","target":["https:\/\/www.meydan.tv\/az\/article\/azerbaycan-abs-la-munasibetlerine-yeni-impuls-getirir\/"]}]},{"@type":"ImageObject","inLanguage":"az","@id":"https:\/\/www.meydan.tv\/az\/article\/azerbaycan-abs-la-munasibetlerine-yeni-impuls-getirir\/#primaryimage","url":"https:\/\/www.meydan.tv\/az\/sulheddin-ekber-2\/","contentUrl":"https:\/\/www.meydan.tv\/az\/sulheddin-ekber-2\/"},{"@type":"BreadcrumbList","@id":"https:\/\/www.meydan.tv\/az\/article\/azerbaycan-abs-la-munasibetlerine-yeni-impuls-getirir\/#breadcrumb","itemListElement":[{"@type":"ListItem","position":1,"name":"Ana s\u0259hif\u0259","item":"https:\/\/www.meydan.tv\/az\/"},{"@type":"ListItem","position":2,"name":"Siyas\u0259t","item":"https:\/\/www.meydan.tv\/az\/section\/siyaset\/"},{"@type":"ListItem","position":3,"name":"Az\u0259rbaycan AB\u015e-la m\u00fcnasib\u0259tl\u0259rin\u0259 yeni impuls g\u0259tirir"}]},{"@type":"WebSite","@id":"https:\/\/www.meydan.tv\/az\/#website","url":"https:\/\/www.meydan.tv\/az\/","name":"MEYDAN.TV","description":"Meydan TV Az\u0259rbaycan\u0131n media m\u0259kan\u0131ndak\u0131 alternativ s\u0259sidir","publisher":{"@id":"https:\/\/www.meydan.tv\/az\/#organization"},"potentialAction":[{"@type":"SearchAction","target":{"@type":"EntryPoint","urlTemplate":"https:\/\/www.meydan.tv\/az\/?s={search_term_string}"},"query-input":{"@type":"PropertyValueSpecification","valueRequired":true,"valueName":"search_term_string"}}],"inLanguage":"az"},{"@type":"Organization","@id":"https:\/\/www.meydan.tv\/az\/#organization","name":"Meydan TV","url":"https:\/\/www.meydan.tv\/az\/","logo":{"@type":"ImageObject","inLanguage":"az","@id":"https:\/\/www.meydan.tv\/az\/#\/schema\/logo\/image\/","url":"https:\/\/www.meydan.tv\/wp-content\/uploads\/2021\/07\/meydan-logo.svg","contentUrl":"https:\/\/www.meydan.tv\/wp-content\/uploads\/2021\/07\/meydan-logo.svg","width":195,"height":46,"caption":"Meydan TV"},"image":{"@id":"https:\/\/www.meydan.tv\/az\/#\/schema\/logo\/image\/"}},{"@type":"Person","@id":"https:\/\/www.meydan.tv\/az\/#\/schema\/person\/10d11eccf6da3662cf5fdab9806ea91a","name":"user-manager"}]}},"_links":{"self":[{"href":"https:\/\/www.meydan.tv\/az\/wp-json\/wp\/v2\/posts\/206515","targetHints":{"allow":["GET"]}}],"collection":[{"href":"https:\/\/www.meydan.tv\/az\/wp-json\/wp\/v2\/posts"}],"about":[{"href":"https:\/\/www.meydan.tv\/az\/wp-json\/wp\/v2\/types\/post"}],"author":[{"embeddable":true,"href":"https:\/\/www.meydan.tv\/az\/wp-json\/wp\/v2\/users\/11"}],"replies":[{"embeddable":true,"href":"https:\/\/www.meydan.tv\/az\/wp-json\/wp\/v2\/comments?post=206515"}],"version-history":[{"count":0,"href":"https:\/\/www.meydan.tv\/az\/wp-json\/wp\/v2\/posts\/206515\/revisions"}],"wp:attachment":[{"href":"https:\/\/www.meydan.tv\/az\/wp-json\/wp\/v2\/media?parent=206515"}],"wp:term":[{"taxonomy":"category","embeddable":true,"href":"https:\/\/www.meydan.tv\/az\/wp-json\/wp\/v2\/categories?post=206515"},{"taxonomy":"post_tag","embeddable":true,"href":"https:\/\/www.meydan.tv\/az\/wp-json\/wp\/v2\/tags?post=206515"}],"curies":[{"name":"wp","href":"https:\/\/api.w.org\/{rel}","templated":true}]}}