{"id":206482,"date":"2021-05-31T19:06:06","date_gmt":"2021-05-31T19:06:06","guid":{"rendered":"https:\/\/www.meydan.tv\/article\/mingecevirli-hekimler-de-maasa-elavelerini-isteyir\/"},"modified":"2021-05-31T19:06:06","modified_gmt":"2021-05-31T19:06:06","slug":"mingecevirli-hekimler-de-maasa-elavelerini-isteyir","status":"publish","type":"post","link":"https:\/\/www.meydan.tv\/az\/article\/mingecevirli-hekimler-de-maasa-elavelerini-isteyir\/","title":{"rendered":"Ming\u0259\u00e7evirli h\u0259kiml\u0259r d\u0259 maa\u015fa \u0259lav\u0259l\u0259rini ist\u0259yir"},"content":{"rendered":"<p>\n  <i><br \/>\n    \u201cN\u0259z\u0259r\u0259 alm\u0131rlar ki, biz h\u0259yat\u0131m\u0131z\u0131 t\u0259hl\u00fck\u0259y\u0259 at\u0131r\u0131q\u201d<br \/>\n  <\/i>\n<\/p>\n<p>\n  Ming\u0259\u00e7evir \u015f\u0259h\u0259r T\u0259cili v\u0259 T\u0259xir\u0259sal\u0131nmaz Tibbi Yard\u0131m Stansiyas\u0131n\u0131n koronaviruslu x\u0259st\u0259l\u0259rl\u0259 i\u015fl\u0259y\u0259n h\u0259kiml\u0259ri 1 ildir maa\u015fa \u0259lav\u0259l\u0259ri ala bilm\u0259dikl\u0259rini deyirl\u0259r.\n<\/p>\n<p>\n  Bu bar\u0259d\u0259 Meydan TV-y\u0259 stansiyan\u0131n adlar\u0131n\u0131n a\u00e7\u0131qlanmas\u0131n\u0131 ist\u0259m\u0259y\u0259n h\u0259kiml\u0259ri bildiribl\u0259r. Onlar\u0131n s\u00f6zl\u0259rin\u0259 g\u00f6r\u0259, il \u0259rzind\u0259 \u015fikay\u0259t etm\u0259dikl\u0259ri qurum qalmay\u0131b, lakin reaksiya ver\u0259n olmay\u0131b: \u201c\u018fvv\u0259lc\u0259 g\u00f6zl\u0259m\u0259yi m\u0259sl\u0259h\u0259t bildil\u0259r, sonra is\u0259 dedil\u0259r ki, kim ist\u0259mirs\u0259, \u0259riz\u0259 yazaraq \u00f6z xahi\u015fi il\u0259 i\u015fd\u0259n \u00e7\u0131xa bil\u0259r. Bak\u0131dan f\u0259rqli olaraq Ming\u0259\u00e7evird\u0259 h\u0259kim \u00fc\u00e7\u00fcn se\u00e7im imkan\u0131 m\u0259hduddur. N\u0259z\u0259r\u0259 alm\u0131rlar ki, biz h\u0259yat\u0131m\u0131z\u0131 t\u0259hl\u00fck\u0259y\u0259 at\u0131r\u0131q\u201d,-h\u0259kiml\u0259rd\u0259n biri s\u00f6yl\u0259yib.\n<\/p>\n<p>\n  H\u0259kiml\u0259r bildiribl\u0259r ki, Bak\u0131da t\u0259cili yard\u0131m h\u0259kiml\u0259rinin<br \/>\n  <a href=\"https:\/\/www.meydan.tv\/az\/article\/tecili-yardimin-hekimleri-etiraz-edib-isi-bir-nece-saat-dayandirdi\"><br \/>\n    etirazlar\u0131ndan<br \/>\n  <\/a><br \/>\n  sonra onlar\u0131n da \u0259lav\u0259l\u0259rinin \u00f6d\u0259nil\u0259c\u0259yin\u0259 \u00fcmid yaran\u0131b. Lakin g\u00fcn ke\u00e7dikc\u0259, \u0259lav\u0259l\u0259ri ala bilm\u0259y\u0259c\u0259kl\u0259rini anlay\u0131blar.\n<\/p>\n<p>\n  Ming\u0259\u00e7evir T\u0259cili v\u0259 T\u0259xir\u0259sal\u0131nmaz Yard\u0131m Stansiyas\u0131ndan suallara cavab verm\u0259k ist\u0259m\u0259yibl\u0259r.\n<\/p>\n<p>\n  Bak\u0131dak\u0131 x\u0259st\u0259xanalarda \u00e7al\u0131\u015fan h\u0259kiml\u0259rin d\u0259 sonuncu d\u0259f\u0259 yanvarda \u00f6t\u0259n ilin dekabr ay\u0131 \u00fc\u00e7\u00fcn \u0259lav\u0259l\u0259r ald\u0131qlar\u0131 bildirilir. Kliniki Tibbi M\u0259rk\u0259zin (Sema\u015fko) ad\u0131n\u0131n a\u00e7\u0131qlanmas\u0131n\u0131 ist\u0259m\u0259y\u0259n h\u0259kimi bildirib ki, Novruz Bayram\u0131ndan sonra \u0259lav\u0259l\u0259rin k\u00f6\u00e7\u00fcr\u00fcl\u0259c\u0259yi v\u0259d olunub. Lakin sonradan vaxt uzan\u0131b, yax\u0131n vaxtlarda \u00f6d\u0259m\u0259 olaca\u011f\u0131n\u0131 da g\u00f6zl\u0259mirl\u0259r: \u201cTibbi Klinik M\u0259rk\u0259zin h\u0259kiml\u0259rinin yar\u0131dan \u00e7oxu iki-\u00fc\u00e7 \u00f6z\u0259l klinika il\u0259 \u0259m\u0259kda\u015fl\u0131q edir. Koronaviruslu x\u0259st\u0259l\u0259r g\u0259tirilir, \u0259vv\u0259lki kimi i\u015fl\u0259yirik. Qalan g\u00fcnl\u0259ri \u00f6z\u0259l klinikalarda x\u0259st\u0259 q\u0259bul edirik. B\u0259z\u0259n g\u00fcn\u00fcn 12 saat\u0131n\u0131 i\u015fd\u0259 oluruq, \u00e7\u00fcnki d\u00f6vl\u0259tin verdiyi 450-500 manat maa\u015fla dolanmaq m\u00fcmk\u00fcn deyil\u201d.\n<\/p>\n<p>\n  H\u0259kim bildirib ki, s\u0259hiyy\u0259 sah\u0259sind\u0259 ciddi naraz\u0131l\u0131qlar ba\u015f qald\u0131r\u0131b.\n<\/p>\n<p>\n  \u201cH\u0259m koronaviruslu x\u0259st\u0259l\u0259rin m\u00fcalic\u0259sind\u0259, h\u0259m Qaraba\u011f m\u00fcharib\u0259sind\u0259 yaral\u0131lar\u0131n m\u00fcalic\u0259sind\u0259 yax\u0131ndan i\u015ftirak ed\u0259n h\u0259kiml\u0259r h\u00f6rm\u0259td\u0259n sal\u0131n\u0131r. Bir q\u0259d\u0259r tan\u0131nm\u0131\u015flar \u00f6z\u0259l klinikalara \u00fcz tutub. Eyni zamanda \u00fc\u00e7 klinika il\u0259 i\u015fl\u0259m\u0259kl\u0259 \u00f6z s\u0259hh\u0259timiz\u0259 z\u0259r\u0259r vururuq. N\u0259z\u0259r\u0259 alm\u0131rlar ki, h\u0259kiml\u0259r onsuz da stresli i\u015fd\u0259 \u00e7al\u0131\u015f\u0131rlar. T\u0259cr\u00fcb\u0259li h\u0259kiml\u0259rin d\u00f6vl\u0259t x\u0259st\u0259xanalar\u0131ndan qa\u00e7aq sal\u0131nmas\u0131 g\u0259l\u0259c\u0259kd\u0259 \u00f6z n\u0259tic\u0259l\u0259rini g\u00f6st\u0259r\u0259c\u0259k\u201d.\n<\/p>\n<p>\n  \u0130cbari Tibbi S\u0131\u011forta \u00fczr\u0259 D\u00f6vl\u0259t Agentliyi Meydan TV-nin yaz\u0131l\u0131 sor\u011fusunu cavabland\u0131rmay\u0131b. Baxmayaraq ki, agentlikd\u0259n suallar\u0131n yaz\u0131l\u0131 \u015f\u0259kild\u0259 t\u0259qdim olunmas\u0131 ist\u0259nilirdi.<\/p>\n","protected":false},"excerpt":{"rendered":"<p>H\u0259kim bildirib ki, s\u0259hiyy\u0259 sah\u0259sind\u0259 ciddi naraz\u0131l\u0131qlar ba\u015f qald\u0131r\u0131b.<\/p>\n","protected":false},"author":11,"featured_media":142025,"comment_status":"closed","ping_status":"open","sticky":false,"template":"","format":"standard","meta":{"_acf_changed":false,"_sitemap_exclude":false,"_sitemap_priority":"","_sitemap_frequency":"","footnotes":""},"categories":[54],"tags":[],"class_list":["post-206482","post","type-post","status-publish","format-standard","has-post-thumbnail","hentry","category-sagliq","infinite-scroll-item","generate-columns","tablet-grid-50","mobile-grid-100","grid-parent","grid-33","no-featured-image-padding"],"acf":[],"yoast_head":"<!-- This site is optimized with the Yoast SEO plugin v27.4 - https:\/\/yoast.com\/product\/yoast-seo-wordpress\/ -->\n<title>Ming\u0259\u00e7evirli h\u0259kiml\u0259r d\u0259 maa\u015fa \u0259lav\u0259l\u0259rini ist\u0259yir - MEYDAN.TV<\/title>\n<meta name=\"robots\" content=\"index, follow, max-snippet:-1, max-image-preview:large, max-video-preview:-1\" \/>\n<link rel=\"canonical\" href=\"https:\/\/www.meydan.tv\/az\/article\/mingecevirli-hekimler-de-maasa-elavelerini-isteyir\/\" \/>\n<meta property=\"og:locale\" content=\"az_AZ\" \/>\n<meta property=\"og:type\" content=\"article\" \/>\n<meta property=\"og:title\" content=\"Ming\u0259\u00e7evirli h\u0259kiml\u0259r d\u0259 maa\u015fa \u0259lav\u0259l\u0259rini ist\u0259yir - MEYDAN.TV\" \/>\n<meta property=\"og:description\" content=\"H\u0259kim bildirib ki, s\u0259hiyy\u0259 sah\u0259sind\u0259 ciddi naraz\u0131l\u0131qlar ba\u015f qald\u0131r\u0131b.\" \/>\n<meta property=\"og:url\" content=\"https:\/\/www.meydan.tv\/az\/article\/mingecevirli-hekimler-de-maasa-elavelerini-isteyir\/\" \/>\n<meta property=\"og:site_name\" content=\"MEYDAN.TV\" \/>\n<meta property=\"article:published_time\" content=\"2021-05-31T19:06:06+00:00\" \/>\n<meta property=\"og:image\" content=\"https:\/\/www.meydan.tv\/wp-content\/uploads\/azerbaycanda-ne-qeder-hekim-var-reqem.jpg\" \/>\n\t<meta property=\"og:image:width\" content=\"850\" \/>\n\t<meta property=\"og:image:height\" content=\"480\" \/>\n\t<meta property=\"og:image:type\" content=\"image\/jpeg\" \/>\n<meta name=\"author\" content=\"user-manager\" \/>\n<meta name=\"twitter:card\" content=\"summary_large_image\" \/>\n<script type=\"application\/ld+json\" class=\"yoast-schema-graph\">{\"@context\":\"https:\\\/\\\/schema.org\",\"@graph\":[{\"@type\":\"Article\",\"@id\":\"https:\\\/\\\/www.meydan.tv\\\/az\\\/article\\\/mingecevirli-hekimler-de-maasa-elavelerini-isteyir\\\/#article\",\"isPartOf\":{\"@id\":\"https:\\\/\\\/www.meydan.tv\\\/az\\\/article\\\/mingecevirli-hekimler-de-maasa-elavelerini-isteyir\\\/\"},\"author\":{\"name\":\"user-manager\",\"@id\":\"https:\\\/\\\/www.meydan.tv\\\/az\\\/#\\\/schema\\\/person\\\/10d11eccf6da3662cf5fdab9806ea91a\"},\"headline\":\"Ming\u0259\u00e7evirli h\u0259kiml\u0259r d\u0259 maa\u015fa \u0259lav\u0259l\u0259rini ist\u0259yir\",\"datePublished\":\"2021-05-31T19:06:06+00:00\",\"mainEntityOfPage\":{\"@id\":\"https:\\\/\\\/www.meydan.tv\\\/az\\\/article\\\/mingecevirli-hekimler-de-maasa-elavelerini-isteyir\\\/\"},\"wordCount\":571,\"publisher\":{\"@id\":\"https:\\\/\\\/www.meydan.tv\\\/az\\\/#organization\"},\"image\":{\"@id\":\"https:\\\/\\\/www.meydan.tv\\\/az\\\/article\\\/mingecevirli-hekimler-de-maasa-elavelerini-isteyir\\\/#primaryimage\"},\"thumbnailUrl\":\"https:\\\/\\\/www.meydan.tv\\\/wp-content\\\/uploads\\\/azerbaycanda-ne-qeder-hekim-var-reqem.jpg\",\"articleSection\":[\"Sa\u011fl\u0131q\"],\"inLanguage\":\"az\"},{\"@type\":\"WebPage\",\"@id\":\"https:\\\/\\\/www.meydan.tv\\\/az\\\/article\\\/mingecevirli-hekimler-de-maasa-elavelerini-isteyir\\\/\",\"url\":\"https:\\\/\\\/www.meydan.tv\\\/az\\\/article\\\/mingecevirli-hekimler-de-maasa-elavelerini-isteyir\\\/\",\"name\":\"Ming\u0259\u00e7evirli h\u0259kiml\u0259r d\u0259 maa\u015fa \u0259lav\u0259l\u0259rini ist\u0259yir - MEYDAN.TV\",\"isPartOf\":{\"@id\":\"https:\\\/\\\/www.meydan.tv\\\/az\\\/#website\"},\"primaryImageOfPage\":{\"@id\":\"https:\\\/\\\/www.meydan.tv\\\/az\\\/article\\\/mingecevirli-hekimler-de-maasa-elavelerini-isteyir\\\/#primaryimage\"},\"image\":{\"@id\":\"https:\\\/\\\/www.meydan.tv\\\/az\\\/article\\\/mingecevirli-hekimler-de-maasa-elavelerini-isteyir\\\/#primaryimage\"},\"thumbnailUrl\":\"https:\\\/\\\/www.meydan.tv\\\/wp-content\\\/uploads\\\/azerbaycanda-ne-qeder-hekim-var-reqem.jpg\",\"datePublished\":\"2021-05-31T19:06:06+00:00\",\"breadcrumb\":{\"@id\":\"https:\\\/\\\/www.meydan.tv\\\/az\\\/article\\\/mingecevirli-hekimler-de-maasa-elavelerini-isteyir\\\/#breadcrumb\"},\"inLanguage\":\"az\",\"potentialAction\":[{\"@type\":\"ReadAction\",\"target\":[\"https:\\\/\\\/www.meydan.tv\\\/az\\\/article\\\/mingecevirli-hekimler-de-maasa-elavelerini-isteyir\\\/\"]}]},{\"@type\":\"ImageObject\",\"inLanguage\":\"az\",\"@id\":\"https:\\\/\\\/www.meydan.tv\\\/az\\\/article\\\/mingecevirli-hekimler-de-maasa-elavelerini-isteyir\\\/#primaryimage\",\"url\":\"https:\\\/\\\/www.meydan.tv\\\/wp-content\\\/uploads\\\/azerbaycanda-ne-qeder-hekim-var-reqem.jpg\",\"contentUrl\":\"https:\\\/\\\/www.meydan.tv\\\/wp-content\\\/uploads\\\/azerbaycanda-ne-qeder-hekim-var-reqem.jpg\",\"width\":850,\"height\":480,\"caption\":\"Foto: sosial \u015f\u0259b\u0259k\u0259\"},{\"@type\":\"BreadcrumbList\",\"@id\":\"https:\\\/\\\/www.meydan.tv\\\/az\\\/article\\\/mingecevirli-hekimler-de-maasa-elavelerini-isteyir\\\/#breadcrumb\",\"itemListElement\":[{\"@type\":\"ListItem\",\"position\":1,\"name\":\"Ana s\u0259hif\u0259\",\"item\":\"https:\\\/\\\/www.meydan.tv\\\/az\\\/\"},{\"@type\":\"ListItem\",\"position\":2,\"name\":\"Sa\u011fl\u0131q\",\"item\":\"https:\\\/\\\/www.meydan.tv\\\/az\\\/section\\\/sagliq\\\/\"},{\"@type\":\"ListItem\",\"position\":3,\"name\":\"Ming\u0259\u00e7evirli h\u0259kiml\u0259r d\u0259 maa\u015fa \u0259lav\u0259l\u0259rini ist\u0259yir\"}]},{\"@type\":\"WebSite\",\"@id\":\"https:\\\/\\\/www.meydan.tv\\\/az\\\/#website\",\"url\":\"https:\\\/\\\/www.meydan.tv\\\/az\\\/\",\"name\":\"MEYDAN.TV\",\"description\":\"Meydan TV Az\u0259rbaycan\u0131n media m\u0259kan\u0131ndak\u0131 alternativ s\u0259sidir\",\"publisher\":{\"@id\":\"https:\\\/\\\/www.meydan.tv\\\/az\\\/#organization\"},\"potentialAction\":[{\"@type\":\"SearchAction\",\"target\":{\"@type\":\"EntryPoint\",\"urlTemplate\":\"https:\\\/\\\/www.meydan.tv\\\/az\\\/?s={search_term_string}\"},\"query-input\":{\"@type\":\"PropertyValueSpecification\",\"valueRequired\":true,\"valueName\":\"search_term_string\"}}],\"inLanguage\":\"az\"},{\"@type\":\"Organization\",\"@id\":\"https:\\\/\\\/www.meydan.tv\\\/az\\\/#organization\",\"name\":\"Meydan TV\",\"url\":\"https:\\\/\\\/www.meydan.tv\\\/az\\\/\",\"logo\":{\"@type\":\"ImageObject\",\"inLanguage\":\"az\",\"@id\":\"https:\\\/\\\/www.meydan.tv\\\/az\\\/#\\\/schema\\\/logo\\\/image\\\/\",\"url\":\"https:\\\/\\\/www.meydan.tv\\\/wp-content\\\/uploads\\\/2021\\\/07\\\/meydan-logo.svg\",\"contentUrl\":\"https:\\\/\\\/www.meydan.tv\\\/wp-content\\\/uploads\\\/2021\\\/07\\\/meydan-logo.svg\",\"width\":195,\"height\":46,\"caption\":\"Meydan TV\"},\"image\":{\"@id\":\"https:\\\/\\\/www.meydan.tv\\\/az\\\/#\\\/schema\\\/logo\\\/image\\\/\"}},{\"@type\":\"Person\",\"@id\":\"https:\\\/\\\/www.meydan.tv\\\/az\\\/#\\\/schema\\\/person\\\/10d11eccf6da3662cf5fdab9806ea91a\",\"name\":\"user-manager\"}]}<\/script>\n<!-- \/ Yoast SEO plugin. -->","yoast_head_json":{"title":"Ming\u0259\u00e7evirli h\u0259kiml\u0259r d\u0259 maa\u015fa \u0259lav\u0259l\u0259rini ist\u0259yir - MEYDAN.TV","robots":{"index":"index","follow":"follow","max-snippet":"max-snippet:-1","max-image-preview":"max-image-preview:large","max-video-preview":"max-video-preview:-1"},"canonical":"https:\/\/www.meydan.tv\/az\/article\/mingecevirli-hekimler-de-maasa-elavelerini-isteyir\/","og_locale":"az_AZ","og_type":"article","og_title":"Ming\u0259\u00e7evirli h\u0259kiml\u0259r d\u0259 maa\u015fa \u0259lav\u0259l\u0259rini ist\u0259yir - MEYDAN.TV","og_description":"H\u0259kim bildirib ki, s\u0259hiyy\u0259 sah\u0259sind\u0259 ciddi naraz\u0131l\u0131qlar ba\u015f qald\u0131r\u0131b.","og_url":"https:\/\/www.meydan.tv\/az\/article\/mingecevirli-hekimler-de-maasa-elavelerini-isteyir\/","og_site_name":"MEYDAN.TV","article_published_time":"2021-05-31T19:06:06+00:00","og_image":[{"width":850,"height":480,"url":"https:\/\/www.meydan.tv\/wp-content\/uploads\/azerbaycanda-ne-qeder-hekim-var-reqem.jpg","type":"image\/jpeg"}],"author":"user-manager","twitter_card":"summary_large_image","schema":{"@context":"https:\/\/schema.org","@graph":[{"@type":"Article","@id":"https:\/\/www.meydan.tv\/az\/article\/mingecevirli-hekimler-de-maasa-elavelerini-isteyir\/#article","isPartOf":{"@id":"https:\/\/www.meydan.tv\/az\/article\/mingecevirli-hekimler-de-maasa-elavelerini-isteyir\/"},"author":{"name":"user-manager","@id":"https:\/\/www.meydan.tv\/az\/#\/schema\/person\/10d11eccf6da3662cf5fdab9806ea91a"},"headline":"Ming\u0259\u00e7evirli h\u0259kiml\u0259r d\u0259 maa\u015fa \u0259lav\u0259l\u0259rini ist\u0259yir","datePublished":"2021-05-31T19:06:06+00:00","mainEntityOfPage":{"@id":"https:\/\/www.meydan.tv\/az\/article\/mingecevirli-hekimler-de-maasa-elavelerini-isteyir\/"},"wordCount":571,"publisher":{"@id":"https:\/\/www.meydan.tv\/az\/#organization"},"image":{"@id":"https:\/\/www.meydan.tv\/az\/article\/mingecevirli-hekimler-de-maasa-elavelerini-isteyir\/#primaryimage"},"thumbnailUrl":"https:\/\/www.meydan.tv\/wp-content\/uploads\/azerbaycanda-ne-qeder-hekim-var-reqem.jpg","articleSection":["Sa\u011fl\u0131q"],"inLanguage":"az"},{"@type":"WebPage","@id":"https:\/\/www.meydan.tv\/az\/article\/mingecevirli-hekimler-de-maasa-elavelerini-isteyir\/","url":"https:\/\/www.meydan.tv\/az\/article\/mingecevirli-hekimler-de-maasa-elavelerini-isteyir\/","name":"Ming\u0259\u00e7evirli h\u0259kiml\u0259r d\u0259 maa\u015fa \u0259lav\u0259l\u0259rini ist\u0259yir - MEYDAN.TV","isPartOf":{"@id":"https:\/\/www.meydan.tv\/az\/#website"},"primaryImageOfPage":{"@id":"https:\/\/www.meydan.tv\/az\/article\/mingecevirli-hekimler-de-maasa-elavelerini-isteyir\/#primaryimage"},"image":{"@id":"https:\/\/www.meydan.tv\/az\/article\/mingecevirli-hekimler-de-maasa-elavelerini-isteyir\/#primaryimage"},"thumbnailUrl":"https:\/\/www.meydan.tv\/wp-content\/uploads\/azerbaycanda-ne-qeder-hekim-var-reqem.jpg","datePublished":"2021-05-31T19:06:06+00:00","breadcrumb":{"@id":"https:\/\/www.meydan.tv\/az\/article\/mingecevirli-hekimler-de-maasa-elavelerini-isteyir\/#breadcrumb"},"inLanguage":"az","potentialAction":[{"@type":"ReadAction","target":["https:\/\/www.meydan.tv\/az\/article\/mingecevirli-hekimler-de-maasa-elavelerini-isteyir\/"]}]},{"@type":"ImageObject","inLanguage":"az","@id":"https:\/\/www.meydan.tv\/az\/article\/mingecevirli-hekimler-de-maasa-elavelerini-isteyir\/#primaryimage","url":"https:\/\/www.meydan.tv\/wp-content\/uploads\/azerbaycanda-ne-qeder-hekim-var-reqem.jpg","contentUrl":"https:\/\/www.meydan.tv\/wp-content\/uploads\/azerbaycanda-ne-qeder-hekim-var-reqem.jpg","width":850,"height":480,"caption":"Foto: sosial \u015f\u0259b\u0259k\u0259"},{"@type":"BreadcrumbList","@id":"https:\/\/www.meydan.tv\/az\/article\/mingecevirli-hekimler-de-maasa-elavelerini-isteyir\/#breadcrumb","itemListElement":[{"@type":"ListItem","position":1,"name":"Ana s\u0259hif\u0259","item":"https:\/\/www.meydan.tv\/az\/"},{"@type":"ListItem","position":2,"name":"Sa\u011fl\u0131q","item":"https:\/\/www.meydan.tv\/az\/section\/sagliq\/"},{"@type":"ListItem","position":3,"name":"Ming\u0259\u00e7evirli h\u0259kiml\u0259r d\u0259 maa\u015fa \u0259lav\u0259l\u0259rini ist\u0259yir"}]},{"@type":"WebSite","@id":"https:\/\/www.meydan.tv\/az\/#website","url":"https:\/\/www.meydan.tv\/az\/","name":"MEYDAN.TV","description":"Meydan TV Az\u0259rbaycan\u0131n media m\u0259kan\u0131ndak\u0131 alternativ s\u0259sidir","publisher":{"@id":"https:\/\/www.meydan.tv\/az\/#organization"},"potentialAction":[{"@type":"SearchAction","target":{"@type":"EntryPoint","urlTemplate":"https:\/\/www.meydan.tv\/az\/?s={search_term_string}"},"query-input":{"@type":"PropertyValueSpecification","valueRequired":true,"valueName":"search_term_string"}}],"inLanguage":"az"},{"@type":"Organization","@id":"https:\/\/www.meydan.tv\/az\/#organization","name":"Meydan TV","url":"https:\/\/www.meydan.tv\/az\/","logo":{"@type":"ImageObject","inLanguage":"az","@id":"https:\/\/www.meydan.tv\/az\/#\/schema\/logo\/image\/","url":"https:\/\/www.meydan.tv\/wp-content\/uploads\/2021\/07\/meydan-logo.svg","contentUrl":"https:\/\/www.meydan.tv\/wp-content\/uploads\/2021\/07\/meydan-logo.svg","width":195,"height":46,"caption":"Meydan TV"},"image":{"@id":"https:\/\/www.meydan.tv\/az\/#\/schema\/logo\/image\/"}},{"@type":"Person","@id":"https:\/\/www.meydan.tv\/az\/#\/schema\/person\/10d11eccf6da3662cf5fdab9806ea91a","name":"user-manager"}]}},"_links":{"self":[{"href":"https:\/\/www.meydan.tv\/az\/wp-json\/wp\/v2\/posts\/206482","targetHints":{"allow":["GET"]}}],"collection":[{"href":"https:\/\/www.meydan.tv\/az\/wp-json\/wp\/v2\/posts"}],"about":[{"href":"https:\/\/www.meydan.tv\/az\/wp-json\/wp\/v2\/types\/post"}],"author":[{"embeddable":true,"href":"https:\/\/www.meydan.tv\/az\/wp-json\/wp\/v2\/users\/11"}],"replies":[{"embeddable":true,"href":"https:\/\/www.meydan.tv\/az\/wp-json\/wp\/v2\/comments?post=206482"}],"version-history":[{"count":0,"href":"https:\/\/www.meydan.tv\/az\/wp-json\/wp\/v2\/posts\/206482\/revisions"}],"wp:featuredmedia":[{"embeddable":true,"href":"https:\/\/www.meydan.tv\/az\/wp-json\/wp\/v2\/media\/142025"}],"wp:attachment":[{"href":"https:\/\/www.meydan.tv\/az\/wp-json\/wp\/v2\/media?parent=206482"}],"wp:term":[{"taxonomy":"category","embeddable":true,"href":"https:\/\/www.meydan.tv\/az\/wp-json\/wp\/v2\/categories?post=206482"},{"taxonomy":"post_tag","embeddable":true,"href":"https:\/\/www.meydan.tv\/az\/wp-json\/wp\/v2\/tags?post=206482"}],"curies":[{"name":"wp","href":"https:\/\/api.w.org\/{rel}","templated":true}]}}