{"id":206454,"date":"2021-05-30T12:10:21","date_gmt":"2021-05-30T12:10:21","guid":{"rendered":"https:\/\/www.meydan.tv\/article\/covid-19-da-bagli-inanclar\/"},"modified":"2021-05-30T12:10:21","modified_gmt":"2021-05-30T12:10:21","slug":"covid-19-da-bagli-inanclar","status":"publish","type":"post","link":"https:\/\/www.meydan.tv\/az\/article\/covid-19-da-bagli-inanclar\/","title":{"rendered":"COV\u0130D-19-da ba\u011fl\u0131 inanclar"},"content":{"rendered":"<p>\n  <i><br \/>\n    \u00dcST-\u00fcn \u201cMythbusters\u201dl\u0259rl\u0259 ba\u011fl\u0131 siyah\u0131s\u0131 var<br \/>\n  <\/i>\n<\/p>\n<p>\n  \u201cN\u0259d\u0259ns\u0259 insanlar\u0131m\u0131z koronavirusun m\u00fcalic\u0259sind\u0259 m\u00fctl\u0259q \u201csistem k\u00f6\u00e7\u00fcrm\u0259k\u201d laz\u0131m g\u0259ldiyini d\u00fc\u015f\u00fcn\u00fcr. Bu, yanl\u0131\u015fd\u0131r\u201d.\n<\/p>\n<p>\n  T\u00fcrkiy\u0259nin Hac\u0259tt\u0259p\u0259 Universiteti X\u0259st\u0259xanas\u0131n\u0131n Anesteziologiya v\u0259 Reanimasiya \u015f\u00f6b\u0259sinin h\u0259kimi Turan\u0259 R\u0259sulova bel\u0259 deyir.\n<\/p>\n<p>\n  <b><br \/>\n    \u201cMythbusters\u201dl\u0259r kiml\u0259rdir?<br \/>\n  <\/b>\n<\/p>\n<p>\n  Koronavirus 2019-cu ilin sonu \u00c7ind\u0259 yaran\u0131b d\u00fcnyaya yay\u0131lan bir virusdur.\n<\/p>\n<p>\n  H\u0259kim bildirir ki, virusunun m\u00fcalic\u0259si v\u0259 \u00f6nl\u0259nm\u0259si il\u0259 ba\u011fl\u0131 b\u00fct\u00fcn c\u0259miyy\u0259tl\u0259rd\u0259 insanlar\u0131n do\u011fru bildiyi yanl\u0131\u015fl\u0131qlar var. Onlar bel\u0259 insanlara \u2013 \u201cMythbusters\u201d (red: do\u011fru olmayan bilgi uyduran, \u0259traf\u0131n\u0131 buna inand\u0131ran) deyirl\u0259r.\n<\/p>\n<p>\n  <b><br \/>\n    Metil spirti i\u00e7ib \u00f6l\u0259n 8 n\u0259f\u0259r<br \/>\n  <\/b>\n<\/p>\n<p>\n  M\u0259s\u0259l\u0259n, virusun Az\u0259rbaycanda yay\u0131ld\u0131\u011f\u0131 ilk zamanlarda 13 n\u0259f\u0259r metil spirtind\u0259n<br \/>\n  <a href=\"https:\/\/www.meydan.tv\/az\/article\/azerbaycanda-metil-spirtinden-zeherlenen-8-nefer-olub\/?ref=search\"><br \/>\n    z\u0259h\u0259rl\u0259nmi\u015fdi<br \/>\n  <\/a><br \/>\n  . Onlardan 8 n\u0259f\u0259rinin h\u0259yat\u0131n\u0131 xilas etm\u0259k m\u00fcmk\u00fcn olmam\u0131\u015fd\u0131. Ox\u015far hal \u0130ran \u0130slam Respublikas\u0131nda da ba\u015f vermi\u015fdi. \u0130nsanlar bu m\u0259hlulu i\u00e7m\u0259kl\u0259 koronavirusdan qorunacaqlar\u0131n\u0131 d\u00fc\u015f\u00fcnm\u00fc\u015fd\u00fcl\u0259r.\n<\/p>\n<p>\n  Eyni zamanda, h\u0259kimin bir x\u0259st\u0259y\u0259 t\u0259yin etdiyi m\u00fcalic\u0259nin ba\u015fqalar\u0131 t\u0259r\u0259find\u0259n t\u0259krarlanmas\u0131 hal\u0131na da az rast g\u0259linmir.\n<\/p>\n<p>\n  <b><br \/>\n    Virusun m\u00fcalic\u0259si il\u0259 ba\u011fl\u0131 t\u0259hl\u00fck\u0259li, amma c\u0259miyy\u0259td\u0259 do\u011fru bilin\u0259n daha hans\u0131 yanl\u0131\u015fl\u0131qlar var?<br \/>\n  <\/b>\n<\/p>\n<p>\n  Turan\u0259 R\u0259sulova deyir ki, COVID-19 pandemiyas\u0131 ba\u015flanandan b\u0259ri d\u00fcnya s\u0259hiyy\u0259si virusla b\u0259rab\u0259r yanl\u0131\u015f inan\u0131\u015flarla da m\u00fcbariz\u0259y\u0259 ba\u015flamal\u0131 olub. Bunlara spirtli i\u00e7kil\u0259rin virusdan qorudu\u011fundan tutmu\u015f, soyuq v\u0259 ya isti havan\u0131n, antibiotikl\u0259rin koronavirusu \u00f6ld\u00fcrd\u00fcy\u00fcn\u0259, 5G mobil rabit\u0259 vasit\u0259sil\u0259 virusun yay\u0131lma\u011f\u0131na q\u0259d\u0259r m\u00fcxt\u0259lif yanl\u0131\u015f inan\u0131\u015flar\u0131 misal g\u00f6st\u0259rm\u0259k olar:\n<\/p>\n<figure class=\"wp-block-image size-large\">\n  <img decoding=\"async\" src=\"https:\/\/www.meydan.tv\/az\/maxresdefault-jpg-71\/\" alt=\"maxresdefault.jpg\" class=\"wp-image-161469\"\/><figcaption>\n    Turan\u0259 R\u0259sulova<br \/>\n  <\/figcaption><\/figure>\n<p>\n  \u201cM\u00fc\u015fahid\u0259l\u0259rim\u0259 \u0259sas\u0259n, \u00f6lk\u0259mizd\u0259ki yanl\u0131\u015f inan\u0131\u015flar bir q\u0259d\u0259r f\u0259rqlidir. M\u0259s\u0259l\u0259n, qusma v\u0259 ishal kimi hallar olmad\u0131\u011f\u0131, d\u0259rman\u0131n a\u011f\u0131zdan q\u0259bulunda h\u0259r hans\u0131 \u00e7\u0259tinlik ya\u015fanmad\u0131\u011f\u0131 halda, \u201csistem k\u00f6\u00e7\u00fcr\u00fcrl\u0259r\u201d. Halbuki a\u011f\u0131rla\u015fmam\u0131\u015f koronavirus x\u0259st\u0259sinin m\u00fcalic\u0259sind\u0259 damardaxili preparat yeritm\u0259y\u0259 ehtiyac yoxdur. Evd\u0259 m\u00fcalic\u0259 alan x\u0259st\u0259l\u0259r\u0259 k\u00f6\u00e7\u00fcr\u00fcl\u0259n \u201csisteml\u0259r\u201din reseptin\u0259 bax\u0131ram, bir \u00e7ox halda qorxunc v\u0259 g\u0259r\u0259ksiz, h\u0259tta z\u0259r\u0259rlidir\u201d.\n<\/p>\n<p>\n  <b><br \/>\n    \u201cD\u00fc\u015f\u00fcn\u00fcrl\u0259r ki, x\u0259st\u0259xanaya yerl\u0259\u015fdiril\u0259nl\u0259rin aqib\u0259ti yax\u015f\u0131 olmur\u201d<br \/>\n  <\/b>\n<\/p>\n<p>\n  H\u0259kim bildirir ki, c\u0259miyy\u0259td\u0259 x\u0259st\u0259xanaya yerl\u0259\u015fm\u0259kd\u0259n qorxma hal\u0131 da var. N\u0259d\u0259ns\u0259 insanlar d\u00fc\u015f\u00fcn\u00fcr ki, x\u0259st\u0259xanaya yerl\u0259\u015fdiril\u0259nl\u0259rin aqib\u0259ti yax\u015f\u0131 olmur:\n<\/p>\n<p>\n  \u201cHalbuki, m\u0259s\u0259l\u0259 x\u0259st\u0259xanaya getm\u0259kl\u0259 ba\u011fl\u0131 deyil, gec getm\u0259kl\u0259 ba\u011fl\u0131d\u0131r. COVID-in a\u011f\u0131rla\u015fmas\u0131nda x\u0259st\u0259xana \u015f\u0259rtl\u0259rind\u0259 erk\u0259n m\u00fcdaxil\u0259 h\u0259dd\u0259n art\u0131q \u00f6n\u0259mlidir. Burada saatlardan da yox, d\u0259qiq\u0259l\u0259rd\u0259n s\u00f6hb\u0259t gedir v\u0259 itiril\u0259n zaman, gec m\u00fcraci\u0259t, s\u0259hl\u0259nkar yana\u015fma a\u011f\u0131r n\u0259tic\u0259l\u0259r\u0259 s\u0259b\u0259b olur\u201d.\n<\/p>\n<p>\n  <b><br \/>\n    \u201cQ\u0259l\u0259b\u0259y\u0259 aparan t\u0259k yol k\u00fctl\u0259vi vaksinasiyadan ke\u00e7ir\u201d<br \/>\n  <\/b>\n<\/p>\n<p>\n  Bu g\u00fcn \u00fc\u00e7\u00fcn \u0259n \u00f6n\u0259mli m\u0259s\u0259l\u0259nin vaksinasiya oldu\u011funu dey\u0259n h\u0259kim bildirir ki, \u0259halinin vaksinl\u0259rl\u0259 ba\u011fl\u0131 m\u00f6vqeyi d\u0259 birm\u0259nal\u0131 deyil. Ancaq m\u0259n bu sah\u0259d\u0259 \u00e7al\u0131\u015fan biri kimi dey\u0259 bil\u0259r\u0259m ki, pandemiya il\u0259 m\u00fcbariz\u0259d\u0259 yegan\u0259 q\u0259l\u0259b\u0259y\u0259 aparan yol k\u00fctl\u0259vi vaksinasiyadan ke\u00e7ir:\n<\/p>\n<p>\n  \u201c\u00dcst\u0259lik, vaksinl\u0259r uzun ill\u0259r v\u00fccudumuzda qalm\u0131r ki, sonradan hans\u0131sa problem yarada bilsin. Qan\u0131m\u0131za ke\u00e7ir, immunitet yarad\u0131r v\u0259 t\u0259mizl\u0259nir. \u018fhalisinin b\u00f6y\u00fck \u0259ks\u0259riyy\u0259tini vaksinasiya ed\u0259n \u0130zrail art\u0131q a\u00e7\u0131q havada maska yasa\u011f\u0131n\u0131 da l\u0259\u011fv edib. Vaksinasiya il\u0259 ba\u011fl\u0131 mifl\u0259r\u0259 inanmamaq, \u00f6z\u00fcm\u00fcz\u00fc v\u0259 yax\u0131nlar\u0131m\u0131z\u0131 qorumaq \u00fc\u00e7\u00fcn bu prosesd\u0259 aktiv i\u015ftirak etm\u0259k laz\u0131md\u0131r\u201d.\n<\/p>\n<p>\n  <b><br \/>\n    \u00dcST-\u00fcn sayt\u0131nda \u201cMythbusters\u201d b\u00f6l\u00fcm\u00fc<br \/>\n  <\/b>\n<\/p>\n<p>\n  \u201cMythbusters\u201dl\u0259r \u2013 ba\u015fqa s\u00f6zl\u0259, virusla ba\u011fl\u0131 do\u011fru olmayan m\u00fcalic\u0259 y\u00f6nt\u0259ml\u0259ri m\u0259sl\u0259h\u0259t g\u00f6r\u0259nl\u0259r\u0259 deyilir.\n<\/p>\n<p>\n  D\u00fcnya S\u0259hiyy\u0259 T\u0259\u015fkilat\u0131n\u0131n r\u0259smi s\u0259hif\u0259sind\u0259 h\u0259min \u015f\u0259xsl\u0259rl\u0259 ba\u011fl\u0131 ayr\u0131ca<br \/>\n  <a href=\"https:\/\/www.who.int\/emergencies\/diseases\/novel-coronavirus-2019\/advice-for-public\/myth-busters\"><br \/>\n    b\u00f6l\u00fcm<br \/>\n  <\/a><br \/>\n  var.\n<\/p>\n<figure class=\"wp-block-image size-large\">\n  <img decoding=\"async\" src=\"https:\/\/www.meydan.tv\/az\/15237150085842758602_1000x669-jpg\/\" alt=\"15237150085842758602_1000x669.jpg\" class=\"wp-image-136129\"\/><figcaption>\n    D\u00fcnya S\u0259hiyy\u0259 T\u0259\u015fkilat\u0131<br \/>\n  <\/figcaption><\/figure>\n<p>\n  Burada insanlar\u0131n suallar\u0131n\u0131 bu sah\u0259nin m\u00fct\u0259x\u0259ssisl\u0259ri cavablay\u0131r. \u00dcST bildirir ki, virus d\u00fcnyada yay\u0131lma\u011fa ba\u015flayandan bu bar\u0259d\u0259 m\u0259lumatlar\u0131n \u00e7oxlu\u011fu problemi il\u0259 qar\u015f\u0131la\u015f\u0131blar. H\u0259min m\u0259lumatlar\u0131n \u0259ks\u0259riyy\u0259ti z\u0259r\u0259rli n\u0259tic\u0259l\u0259ri ola bil\u0259c\u0259k yalanlard\u0131r:\n<\/p>\n<p>\n  \u201cQeyri-d\u0259qiq m\u0259lumatlar geni\u015f v\u0259 s\u00fcr\u0259tl\u0259 yay\u0131l\u0131r. N\u0259tic\u0259d\u0259, insanlar yerli s\u0259hiyy\u0259 orqan\u0131 v\u0259 ya bizim t\u0259r\u0259fimizd\u0259n t\u0259sdiql\u0259nmi\u015f faktlar\u0131 v\u0259 t\u00f6vsiy\u0259l\u0259ri m\u00fc\u0259yy\u0259nl\u0259\u015fdirm\u0259kd\u0259 \u00e7\u0259tinlik \u00e7\u0259kir\u201d, &#8211; \u00dcST bildirir.\n<\/p>\n<p>\n  \u018fhali aras\u0131nda yay\u0131lan yanl\u0131\u015f bilgil\u0259r \u00dcST-\u00fcn siyah\u0131s\u0131nda:\n<\/p>\n<ol>\n<li>\n    <i><br \/>\n      \u0130nsanlar inan\u0131rlar ki, 5G mobil \u015f\u0259b\u0259k\u0259l\u0259rinin oldu\u011fu yerl\u0259rd\u0259n uzaq durmaq virusdan qoruyur. M\u00fct\u0259x\u0259ssisl\u0259r hesab edirl\u0259r ki, viruslar radio dal\u011falar\u0131nda\/mobil \u015f\u0259b\u0259k\u0259l\u0259rd\u0259 s\u0259yah\u0259t ed\u0259 bilmir. \u00dcst\u0259lik, COVID-19 5G mobil \u015f\u0259b\u0259k\u0259si olmayan bir \u00e7ox \u00f6lk\u0259l\u0259rd\u0259 d\u0259 yay\u0131l\u0131b.<br \/>\n    <\/i>\n  <\/li>\n<li>\n    <i><br \/>\n      \u018fhali aras\u0131nda yay\u0131lan v\u0259 inan\u0131lan daha bir \u015fey d\u0259 termal kameralarla ba\u011fl\u0131d\u0131r. Guya bu sistem COVID-19 virusunu a\u015fkar ed\u0259 bilir. \u00dcST m\u00fct\u0259x\u0259ssisl\u0259ri bildirir ki, termal skanerl\u0259r h\u0259rar\u0259tli olan (y\u0259ni b\u0259d\u0259n istiliyi normadan y\u00fcks\u0259k) insanlar\u0131 a\u015fkarlaya bilir, ancaq h\u0259r hans\u0131 yoluxman\u0131n olub-olmad\u0131\u011f\u0131n\u0131 m\u00fc\u0259yy\u0259nl\u0259\u015fdir\u0259 bilmir. \u0130nsanlar yoluxub-yoluxmad\u0131qlar\u0131n\u0131 yaln\u0131z test verm\u0259kl\u0259 d\u0259qiq bil\u0259 bil\u0259rl\u0259r.<br \/>\n    <\/i>\n  <\/li>\n<li>\n    <i><br \/>\n      Daha bir inanc is\u0259 isti du\u015f q\u0259bulu il\u0259 ba\u011fl\u0131d\u0131r. Bunun virusun qar\u015f\u0131s\u0131n\u0131 ald\u0131\u011f\u0131 d\u00fc\u015f\u00fcn\u00fcl\u00fcr. \u00dcST m\u00fct\u0259x\u0259ssisl\u0259ri is\u0259 bildirirl\u0259r ki, bu, do\u011fru add\u0131m deyil. Son d\u0259r\u0259c\u0259 isti su il\u0259 vanna q\u0259bul etm\u0259k insan\u0131 sad\u0259c\u0259 yand\u0131ra bil\u0259r.<br \/>\n    <\/i>\n  <\/li>\n<li>\n    <i><br \/>\n      Pandemiyan\u0131n ilk g\u00fcnl\u0259rind\u0259 insanlar ictimai yerl\u0259r\u0259 ged\u0259rk\u0259n plastik \u0259lc\u0259kl\u0259rd\u0259n istifad\u0259 edirdil\u0259r. Bunun daha t\u0259hl\u00fck\u0259siz oldu\u011funu d\u00fc\u015f\u00fcn\u00fcrd\u00fcl\u0259r. M\u00fct\u0259x\u0259ssisl\u0259r is\u0259 deyirl\u0259r ki, \u0259lc\u0259k geyinm\u0259k mikroblar\u0131n bir s\u0259thd\u0259n dig\u0259rin\u0259 k\u00f6\u00e7\u00fcr\u00fclm\u0259sin\u0259 k\u00f6m\u0259k edir. \u018flc\u0259yi \u00e7\u0131xarark\u0259n is\u0259 \u0259ll\u0259r h\u0259min mikroblarla \u00e7irkl\u0259n\u0259 bil\u0259r. Bir s\u00f6zl\u0259, \u0259lc\u0259k geyinm\u0259k \u0259ll\u0259ri t\u0259miz saxlama\u011fa k\u00f6m\u0259k etmir. S\u0259hiyy\u0259 i\u015f\u00e7il\u0259ri bel\u0259 yaln\u0131z x\u00fcsusi i\u015fl\u0259r \u00fc\u00e7\u00fcn \u0259lc\u0259k geyinirl\u0259r.<br \/>\n    <\/i>\n  <\/li>\n<li>\n    <i><br \/>\n      Virus yay\u0131landan insanlar yoxlanmadan bir s\u0131ra vitaminl\u0259rd\u0259n istifad\u0259 etm\u0259y\u0259 ba\u015flad\u0131. \u00dcST bildirir ki, vitamin v\u0259 mineral \u0259lav\u0259l\u0259r COVID-19-u m\u00fcalic\u0259 etmir. Amma D, C vitaminl\u0259ri v\u0259 sink kimi mikroelementl\u0259r, yax\u015f\u0131 i\u015fl\u0259y\u0259n bir immunitet sistemi v\u0259 sa\u011flaml\u0131q \u00fc\u00e7\u00fcn vacibdir. COVID-19 m\u00fcalic\u0259sind\u0259 mikroelement \u0259lav\u0259l\u0259rinin istifad\u0259sin\u0259 dair h\u0259r hans\u0131 bir m\u0259lumat yoxdur.<br \/>\n    <\/i>\n  <\/li>\n<li>\n    <i><br \/>\n      Daha bir inanc sar\u0131msaq yem\u0259kl\u0259 ba\u011fl\u0131d\u0131r. \u0130nsanlar d\u00fc\u015f\u00fcn\u00fcrl\u0259r ki, sar\u0131msaq yem\u0259k koronavirusa yoluxman\u0131n qar\u015f\u0131s\u0131n\u0131 al\u0131r. \u00dcST m\u00fct\u0259x\u0259ssisl\u0259ri is\u0259 deyirl\u0259r ki, b\u0259li, sar\u0131msaq b\u0259zi antimikrobial x\u00fcsusiyy\u0259tl\u0259r\u0259 malik, sa\u011flam qidad\u0131r. Ancaq sar\u0131msaq yem\u0259yin insanlar\u0131 yeni koronavirusdan qorudu\u011funa dair bir d\u0259lil yoxdur.<br \/>\n    <\/i>\n  <\/li>\n<li>\n    <i><br \/>\n      El\u0259c\u0259 d\u0259 isti hava, iqlim inanc\u0131. \u0130nsanlar d\u00fc\u015f\u00fcn\u00fcr ki, virus isti v\u0259 n\u0259mli iqliml\u0259rd\u0259 \u00e7ox yay\u0131l\u0131r. M\u00fct\u0259x\u0259ssisl\u0259r is\u0259 bildirirl\u0259r ki, koronavirusdan qorunma\u011f\u0131n \u0259n yax\u015f\u0131 yolu ba\u015fqalar\u0131ndan \u0259n az\u0131 1 metr m\u0259saf\u0259 saxlamaq v\u0259 \u0259ll\u0259ri tez-tez yumaqd\u0131r.<br \/>\n    <\/i>\n  <\/li>\n<li>\n    <i><br \/>\n      X\u00fcsus\u0259n az\u0259rbaycanl\u0131lar\u0131n inand\u0131\u011f\u0131 bir \u015fey d\u0259 virusun m\u00fcalic\u0259sind\u0259 antibiotikl\u0259rd\u0259n istifad\u0259dir. H\u0259tta virusa yoluxmayan insanlar da \u00f6zl\u0259rin\u0259 \u201csistem\u201d k\u00f6\u00e7\u00fcrd\u00fcr v\u0259 bu m\u0259hlulun i\u00e7in\u0259 antibiotik d\u0259 \u0259lav\u0259 etdirirl\u0259r. \u00dcST m\u00fct\u0259x\u0259ssisl\u0259ri is\u0259 bildirirl\u0259r ki, COVID-19 bakteriya deyil, buna g\u00f6r\u0259 d\u0259 antibiotikl\u0259r ona qar\u015f\u0131 t\u0259sirsizdir. Antibiotik bir insana yaln\u0131z v\u0259 yaln\u0131z h\u0259kim t\u0259r\u0259find\u0259n t\u00f6vsiy\u0259 edil\u0259 bil\u0259r.<br \/>\n    <\/i>\n  <\/li>\n<li>\n    <i><br \/>\n      \u0130nsanlar aras\u0131nda yay\u0131lan daha bir inanc virusun a\u011fcaqanad di\u015fl\u0259m\u0259si il\u0259 ke\u00e7m\u0259si il\u0259 ba\u011fl\u0131d\u0131r. \u00dcST bunun mif oldu\u011funu s\u00f6yl\u0259yir. Deyir, bug\u00fcn\u0259d\u0259k yeni koronavirusun a\u011fcaqanadlar vasit\u0259sil\u0259 yoluxa bil\u0259c\u0259yin\u0259 dair bir m\u0259lumat v\u0259 ya d\u0259lil tap\u0131lmay\u0131b. Koronavirus yoluxmu\u015f birinin \u00f6sk\u00fcrd\u00fcy\u00fc, asq\u0131rd\u0131\u011f\u0131 zaman \u0259m\u0259l\u0259 g\u0259l\u0259n t\u00fcp\u00fcrc\u0259k damlalar\u0131n\u0131n t\u0259n\u0259ff\u00fcs\u00fc zaman\u0131 yay\u0131l\u0131r.<br \/>\n    <\/i>\n  <\/li>\n<\/ol>\n<p>\n  C\u0259miyy\u0259td\u0259 koronavirusun m\u00fcalic\u0259si v\u0259 \u00f6nl\u0259nm\u0259si il\u0259 ba\u011fl\u0131 do\u011fru bilin\u0259n yanl\u0131\u015flar \u00e7oxdur. Bunlar bir qismi v\u0259 \u0259n yay\u011f\u0131n olanlar\u0131d\u0131r. \u00dcST bildirir ki, COVID-19-dan qoruma\u011f\u0131n \u0259n yax\u015f\u0131 yolu \u0259ll\u0259ri tez-tez yumaqd\u0131r. Bunu etm\u0259kl\u0259 \u0259ll\u0259rd\u0259 ola bil\u0259c\u0259k viruslar t\u0259mizl\u0259nir, onlar\u0131n toxunma zaman\u0131 g\u00f6zl\u0259r\u0259, a\u011f\u0131z v\u0259 buruna ke\u00e7m\u0259sinin qar\u015f\u0131s\u0131 al\u0131n\u0131r.\n<\/p>\n<p>\n  M\u00fcalic\u0259y\u0259 g\u0259linc\u0259, bunu yaln\u0131z h\u0259kim m\u00fc\u0259yy\u0259n ed\u0259 bil\u0259r, \u00f6zba\u015f\u0131na h\u0259r\u0259k\u0259t etm\u0259k olmaz.\n<\/p>\n<p>\n  D\u00fcnyada s\u00fcr\u0259tl\u0259 yay\u0131lan bu virusdan indiy\u0259 q\u0259d\u0259r 3.4 milyondan \u00e7ox \u015f\u0259xsin v\u0259fat etdiyi a\u00e7\u0131qlan\u0131b. Az\u0259rbaycanda is\u0259 indiy\u0259d\u0259k 332 min 894 n\u0259f\u0259rin koronavirus infeksiyas\u0131na yoluxmas\u0131 fakt\u0131 m\u00fc\u0259yy\u0259n edilib, onlardan 321 min 677-si sa\u011fal\u0131b, 4 min 877-si v\u0259fat edib. \u018fn son a\u00e7\u0131qlanan statistik m\u0259lumata g\u00f6r\u0259, haz\u0131rda 6 min 340 n\u0259f\u0259r aktiv x\u0259st\u0259 var.\n<\/p>\n<p>\n  R\u0259smi qurumlar\u0131n m\u0259lumat\u0131na g\u00f6r\u0259, Az\u0259rbaycanda evd\u0259 d\u0259 m\u00fcalic\u0259 alan koronavirus x\u0259st\u0259l\u0259ri var.<\/p>\n","protected":false},"excerpt":{"rendered":"<p>M\u00fcalic\u0259y\u0259 g\u0259linc\u0259, bunu yaln\u0131z h\u0259kim m\u00fc\u0259yy\u0259n ed\u0259 bil\u0259r, \u00f6zba\u015f\u0131na h\u0259r\u0259k\u0259t etm\u0259k olmaz<\/p>\n","protected":false},"author":11,"featured_media":161463,"comment_status":"closed","ping_status":"open","sticky":false,"template":"","format":"standard","meta":{"_acf_changed":false,"_sitemap_exclude":false,"_sitemap_priority":"","_sitemap_frequency":"","footnotes":""},"categories":[54],"tags":[],"class_list":["post-206454","post","type-post","status-publish","format-standard","has-post-thumbnail","hentry","category-sagliq","infinite-scroll-item","generate-columns","tablet-grid-50","mobile-grid-100","grid-parent","grid-33","no-featured-image-padding"],"acf":[],"yoast_head":"<!-- This site is optimized with the Yoast SEO plugin v27.4 - https:\/\/yoast.com\/product\/yoast-seo-wordpress\/ -->\n<title>COV\u0130D-19-da ba\u011fl\u0131 inanclar - MEYDAN.TV<\/title>\n<meta name=\"robots\" content=\"index, follow, max-snippet:-1, max-image-preview:large, max-video-preview:-1\" \/>\n<link rel=\"canonical\" href=\"https:\/\/www.meydan.tv\/az\/article\/covid-19-da-bagli-inanclar\/\" \/>\n<meta property=\"og:locale\" content=\"az_AZ\" \/>\n<meta property=\"og:type\" content=\"article\" \/>\n<meta property=\"og:title\" content=\"COV\u0130D-19-da ba\u011fl\u0131 inanclar - MEYDAN.TV\" \/>\n<meta property=\"og:description\" content=\"M\u00fcalic\u0259y\u0259 g\u0259linc\u0259, bunu yaln\u0131z h\u0259kim m\u00fc\u0259yy\u0259n ed\u0259 bil\u0259r, \u00f6zba\u015f\u0131na h\u0259r\u0259k\u0259t etm\u0259k olmaz\" \/>\n<meta property=\"og:url\" content=\"https:\/\/www.meydan.tv\/az\/article\/covid-19-da-bagli-inanclar\/\" \/>\n<meta property=\"og:site_name\" content=\"MEYDAN.TV\" \/>\n<meta property=\"article:published_time\" content=\"2021-05-30T12:10:21+00:00\" \/>\n<meta property=\"og:image\" content=\"https:\/\/www.meydan.tv\/wp-content\/uploads\/hekim_vaksin_mlczfl9-scaled.jpg\" \/>\n\t<meta property=\"og:image:width\" content=\"2560\" \/>\n\t<meta property=\"og:image:height\" content=\"1440\" \/>\n\t<meta property=\"og:image:type\" content=\"image\/jpeg\" \/>\n<meta name=\"author\" content=\"user-manager\" \/>\n<meta name=\"twitter:card\" content=\"summary_large_image\" \/>\n<script type=\"application\/ld+json\" class=\"yoast-schema-graph\">{\"@context\":\"https:\\\/\\\/schema.org\",\"@graph\":[{\"@type\":\"Article\",\"@id\":\"https:\\\/\\\/www.meydan.tv\\\/az\\\/article\\\/covid-19-da-bagli-inanclar\\\/#article\",\"isPartOf\":{\"@id\":\"https:\\\/\\\/www.meydan.tv\\\/az\\\/article\\\/covid-19-da-bagli-inanclar\\\/\"},\"author\":{\"name\":\"user-manager\",\"@id\":\"https:\\\/\\\/www.meydan.tv\\\/az\\\/#\\\/schema\\\/person\\\/10d11eccf6da3662cf5fdab9806ea91a\"},\"headline\":\"COV\u0130D-19-da ba\u011fl\u0131 inanclar\",\"datePublished\":\"2021-05-30T12:10:21+00:00\",\"mainEntityOfPage\":{\"@id\":\"https:\\\/\\\/www.meydan.tv\\\/az\\\/article\\\/covid-19-da-bagli-inanclar\\\/\"},\"wordCount\":1785,\"publisher\":{\"@id\":\"https:\\\/\\\/www.meydan.tv\\\/az\\\/#organization\"},\"image\":{\"@id\":\"https:\\\/\\\/www.meydan.tv\\\/az\\\/article\\\/covid-19-da-bagli-inanclar\\\/#primaryimage\"},\"thumbnailUrl\":\"https:\\\/\\\/www.meydan.tv\\\/wp-content\\\/uploads\\\/hekim_vaksin_mlczfl9-scaled.jpg\",\"articleSection\":[\"Sa\u011fl\u0131q\"],\"inLanguage\":\"az\"},{\"@type\":\"WebPage\",\"@id\":\"https:\\\/\\\/www.meydan.tv\\\/az\\\/article\\\/covid-19-da-bagli-inanclar\\\/\",\"url\":\"https:\\\/\\\/www.meydan.tv\\\/az\\\/article\\\/covid-19-da-bagli-inanclar\\\/\",\"name\":\"COV\u0130D-19-da ba\u011fl\u0131 inanclar - MEYDAN.TV\",\"isPartOf\":{\"@id\":\"https:\\\/\\\/www.meydan.tv\\\/az\\\/#website\"},\"primaryImageOfPage\":{\"@id\":\"https:\\\/\\\/www.meydan.tv\\\/az\\\/article\\\/covid-19-da-bagli-inanclar\\\/#primaryimage\"},\"image\":{\"@id\":\"https:\\\/\\\/www.meydan.tv\\\/az\\\/article\\\/covid-19-da-bagli-inanclar\\\/#primaryimage\"},\"thumbnailUrl\":\"https:\\\/\\\/www.meydan.tv\\\/wp-content\\\/uploads\\\/hekim_vaksin_mlczfl9-scaled.jpg\",\"datePublished\":\"2021-05-30T12:10:21+00:00\",\"breadcrumb\":{\"@id\":\"https:\\\/\\\/www.meydan.tv\\\/az\\\/article\\\/covid-19-da-bagli-inanclar\\\/#breadcrumb\"},\"inLanguage\":\"az\",\"potentialAction\":[{\"@type\":\"ReadAction\",\"target\":[\"https:\\\/\\\/www.meydan.tv\\\/az\\\/article\\\/covid-19-da-bagli-inanclar\\\/\"]}]},{\"@type\":\"ImageObject\",\"inLanguage\":\"az\",\"@id\":\"https:\\\/\\\/www.meydan.tv\\\/az\\\/article\\\/covid-19-da-bagli-inanclar\\\/#primaryimage\",\"url\":\"https:\\\/\\\/www.meydan.tv\\\/wp-content\\\/uploads\\\/hekim_vaksin_mlczfl9-scaled.jpg\",\"contentUrl\":\"https:\\\/\\\/www.meydan.tv\\\/wp-content\\\/uploads\\\/hekim_vaksin_mlczfl9-scaled.jpg\",\"width\":2560,\"height\":1440,\"caption\":\"Foto: Meydan TV\"},{\"@type\":\"BreadcrumbList\",\"@id\":\"https:\\\/\\\/www.meydan.tv\\\/az\\\/article\\\/covid-19-da-bagli-inanclar\\\/#breadcrumb\",\"itemListElement\":[{\"@type\":\"ListItem\",\"position\":1,\"name\":\"Ana s\u0259hif\u0259\",\"item\":\"https:\\\/\\\/www.meydan.tv\\\/az\\\/\"},{\"@type\":\"ListItem\",\"position\":2,\"name\":\"Sa\u011fl\u0131q\",\"item\":\"https:\\\/\\\/www.meydan.tv\\\/az\\\/section\\\/sagliq\\\/\"},{\"@type\":\"ListItem\",\"position\":3,\"name\":\"COV\u0130D-19-da ba\u011fl\u0131 inanclar\"}]},{\"@type\":\"WebSite\",\"@id\":\"https:\\\/\\\/www.meydan.tv\\\/az\\\/#website\",\"url\":\"https:\\\/\\\/www.meydan.tv\\\/az\\\/\",\"name\":\"MEYDAN.TV\",\"description\":\"Meydan TV Az\u0259rbaycan\u0131n media m\u0259kan\u0131ndak\u0131 alternativ s\u0259sidir\",\"publisher\":{\"@id\":\"https:\\\/\\\/www.meydan.tv\\\/az\\\/#organization\"},\"potentialAction\":[{\"@type\":\"SearchAction\",\"target\":{\"@type\":\"EntryPoint\",\"urlTemplate\":\"https:\\\/\\\/www.meydan.tv\\\/az\\\/?s={search_term_string}\"},\"query-input\":{\"@type\":\"PropertyValueSpecification\",\"valueRequired\":true,\"valueName\":\"search_term_string\"}}],\"inLanguage\":\"az\"},{\"@type\":\"Organization\",\"@id\":\"https:\\\/\\\/www.meydan.tv\\\/az\\\/#organization\",\"name\":\"Meydan TV\",\"url\":\"https:\\\/\\\/www.meydan.tv\\\/az\\\/\",\"logo\":{\"@type\":\"ImageObject\",\"inLanguage\":\"az\",\"@id\":\"https:\\\/\\\/www.meydan.tv\\\/az\\\/#\\\/schema\\\/logo\\\/image\\\/\",\"url\":\"https:\\\/\\\/www.meydan.tv\\\/wp-content\\\/uploads\\\/2021\\\/07\\\/meydan-logo.svg\",\"contentUrl\":\"https:\\\/\\\/www.meydan.tv\\\/wp-content\\\/uploads\\\/2021\\\/07\\\/meydan-logo.svg\",\"width\":195,\"height\":46,\"caption\":\"Meydan TV\"},\"image\":{\"@id\":\"https:\\\/\\\/www.meydan.tv\\\/az\\\/#\\\/schema\\\/logo\\\/image\\\/\"}},{\"@type\":\"Person\",\"@id\":\"https:\\\/\\\/www.meydan.tv\\\/az\\\/#\\\/schema\\\/person\\\/10d11eccf6da3662cf5fdab9806ea91a\",\"name\":\"user-manager\"}]}<\/script>\n<!-- \/ Yoast SEO plugin. -->","yoast_head_json":{"title":"COV\u0130D-19-da ba\u011fl\u0131 inanclar - MEYDAN.TV","robots":{"index":"index","follow":"follow","max-snippet":"max-snippet:-1","max-image-preview":"max-image-preview:large","max-video-preview":"max-video-preview:-1"},"canonical":"https:\/\/www.meydan.tv\/az\/article\/covid-19-da-bagli-inanclar\/","og_locale":"az_AZ","og_type":"article","og_title":"COV\u0130D-19-da ba\u011fl\u0131 inanclar - MEYDAN.TV","og_description":"M\u00fcalic\u0259y\u0259 g\u0259linc\u0259, bunu yaln\u0131z h\u0259kim m\u00fc\u0259yy\u0259n ed\u0259 bil\u0259r, \u00f6zba\u015f\u0131na h\u0259r\u0259k\u0259t etm\u0259k olmaz","og_url":"https:\/\/www.meydan.tv\/az\/article\/covid-19-da-bagli-inanclar\/","og_site_name":"MEYDAN.TV","article_published_time":"2021-05-30T12:10:21+00:00","og_image":[{"width":2560,"height":1440,"url":"https:\/\/www.meydan.tv\/wp-content\/uploads\/hekim_vaksin_mlczfl9-scaled.jpg","type":"image\/jpeg"}],"author":"user-manager","twitter_card":"summary_large_image","schema":{"@context":"https:\/\/schema.org","@graph":[{"@type":"Article","@id":"https:\/\/www.meydan.tv\/az\/article\/covid-19-da-bagli-inanclar\/#article","isPartOf":{"@id":"https:\/\/www.meydan.tv\/az\/article\/covid-19-da-bagli-inanclar\/"},"author":{"name":"user-manager","@id":"https:\/\/www.meydan.tv\/az\/#\/schema\/person\/10d11eccf6da3662cf5fdab9806ea91a"},"headline":"COV\u0130D-19-da ba\u011fl\u0131 inanclar","datePublished":"2021-05-30T12:10:21+00:00","mainEntityOfPage":{"@id":"https:\/\/www.meydan.tv\/az\/article\/covid-19-da-bagli-inanclar\/"},"wordCount":1785,"publisher":{"@id":"https:\/\/www.meydan.tv\/az\/#organization"},"image":{"@id":"https:\/\/www.meydan.tv\/az\/article\/covid-19-da-bagli-inanclar\/#primaryimage"},"thumbnailUrl":"https:\/\/www.meydan.tv\/wp-content\/uploads\/hekim_vaksin_mlczfl9-scaled.jpg","articleSection":["Sa\u011fl\u0131q"],"inLanguage":"az"},{"@type":"WebPage","@id":"https:\/\/www.meydan.tv\/az\/article\/covid-19-da-bagli-inanclar\/","url":"https:\/\/www.meydan.tv\/az\/article\/covid-19-da-bagli-inanclar\/","name":"COV\u0130D-19-da ba\u011fl\u0131 inanclar - MEYDAN.TV","isPartOf":{"@id":"https:\/\/www.meydan.tv\/az\/#website"},"primaryImageOfPage":{"@id":"https:\/\/www.meydan.tv\/az\/article\/covid-19-da-bagli-inanclar\/#primaryimage"},"image":{"@id":"https:\/\/www.meydan.tv\/az\/article\/covid-19-da-bagli-inanclar\/#primaryimage"},"thumbnailUrl":"https:\/\/www.meydan.tv\/wp-content\/uploads\/hekim_vaksin_mlczfl9-scaled.jpg","datePublished":"2021-05-30T12:10:21+00:00","breadcrumb":{"@id":"https:\/\/www.meydan.tv\/az\/article\/covid-19-da-bagli-inanclar\/#breadcrumb"},"inLanguage":"az","potentialAction":[{"@type":"ReadAction","target":["https:\/\/www.meydan.tv\/az\/article\/covid-19-da-bagli-inanclar\/"]}]},{"@type":"ImageObject","inLanguage":"az","@id":"https:\/\/www.meydan.tv\/az\/article\/covid-19-da-bagli-inanclar\/#primaryimage","url":"https:\/\/www.meydan.tv\/wp-content\/uploads\/hekim_vaksin_mlczfl9-scaled.jpg","contentUrl":"https:\/\/www.meydan.tv\/wp-content\/uploads\/hekim_vaksin_mlczfl9-scaled.jpg","width":2560,"height":1440,"caption":"Foto: Meydan TV"},{"@type":"BreadcrumbList","@id":"https:\/\/www.meydan.tv\/az\/article\/covid-19-da-bagli-inanclar\/#breadcrumb","itemListElement":[{"@type":"ListItem","position":1,"name":"Ana s\u0259hif\u0259","item":"https:\/\/www.meydan.tv\/az\/"},{"@type":"ListItem","position":2,"name":"Sa\u011fl\u0131q","item":"https:\/\/www.meydan.tv\/az\/section\/sagliq\/"},{"@type":"ListItem","position":3,"name":"COV\u0130D-19-da ba\u011fl\u0131 inanclar"}]},{"@type":"WebSite","@id":"https:\/\/www.meydan.tv\/az\/#website","url":"https:\/\/www.meydan.tv\/az\/","name":"MEYDAN.TV","description":"Meydan TV Az\u0259rbaycan\u0131n media m\u0259kan\u0131ndak\u0131 alternativ s\u0259sidir","publisher":{"@id":"https:\/\/www.meydan.tv\/az\/#organization"},"potentialAction":[{"@type":"SearchAction","target":{"@type":"EntryPoint","urlTemplate":"https:\/\/www.meydan.tv\/az\/?s={search_term_string}"},"query-input":{"@type":"PropertyValueSpecification","valueRequired":true,"valueName":"search_term_string"}}],"inLanguage":"az"},{"@type":"Organization","@id":"https:\/\/www.meydan.tv\/az\/#organization","name":"Meydan TV","url":"https:\/\/www.meydan.tv\/az\/","logo":{"@type":"ImageObject","inLanguage":"az","@id":"https:\/\/www.meydan.tv\/az\/#\/schema\/logo\/image\/","url":"https:\/\/www.meydan.tv\/wp-content\/uploads\/2021\/07\/meydan-logo.svg","contentUrl":"https:\/\/www.meydan.tv\/wp-content\/uploads\/2021\/07\/meydan-logo.svg","width":195,"height":46,"caption":"Meydan TV"},"image":{"@id":"https:\/\/www.meydan.tv\/az\/#\/schema\/logo\/image\/"}},{"@type":"Person","@id":"https:\/\/www.meydan.tv\/az\/#\/schema\/person\/10d11eccf6da3662cf5fdab9806ea91a","name":"user-manager"}]}},"_links":{"self":[{"href":"https:\/\/www.meydan.tv\/az\/wp-json\/wp\/v2\/posts\/206454","targetHints":{"allow":["GET"]}}],"collection":[{"href":"https:\/\/www.meydan.tv\/az\/wp-json\/wp\/v2\/posts"}],"about":[{"href":"https:\/\/www.meydan.tv\/az\/wp-json\/wp\/v2\/types\/post"}],"author":[{"embeddable":true,"href":"https:\/\/www.meydan.tv\/az\/wp-json\/wp\/v2\/users\/11"}],"replies":[{"embeddable":true,"href":"https:\/\/www.meydan.tv\/az\/wp-json\/wp\/v2\/comments?post=206454"}],"version-history":[{"count":0,"href":"https:\/\/www.meydan.tv\/az\/wp-json\/wp\/v2\/posts\/206454\/revisions"}],"wp:featuredmedia":[{"embeddable":true,"href":"https:\/\/www.meydan.tv\/az\/wp-json\/wp\/v2\/media\/161463"}],"wp:attachment":[{"href":"https:\/\/www.meydan.tv\/az\/wp-json\/wp\/v2\/media?parent=206454"}],"wp:term":[{"taxonomy":"category","embeddable":true,"href":"https:\/\/www.meydan.tv\/az\/wp-json\/wp\/v2\/categories?post=206454"},{"taxonomy":"post_tag","embeddable":true,"href":"https:\/\/www.meydan.tv\/az\/wp-json\/wp\/v2\/tags?post=206454"}],"curies":[{"name":"wp","href":"https:\/\/api.w.org\/{rel}","templated":true}]}}