{"id":206428,"date":"2021-05-27T16:52:16","date_gmt":"2021-05-27T16:52:16","guid":{"rendered":"https:\/\/www.meydan.tv\/article\/mudafie-nazirliyi-ermenistanin-6-herbi-qulluqcusu-esir-goturulub\/"},"modified":"2021-05-27T16:52:16","modified_gmt":"2021-05-27T16:52:16","slug":"mudafie-nazirliyi-ermenistanin-6-herbi-qulluqcusu-esir-goturulub","status":"publish","type":"post","link":"https:\/\/www.meydan.tv\/az\/article\/mudafie-nazirliyi-ermenistanin-6-herbi-qulluqcusu-esir-goturulub\/","title":{"rendered":"M\u00fcdafi\u0259 Nazirliyi: Erm\u0259nistan\u0131n 6 h\u0259rbi qulluq\u00e7usu \u0259sir g\u00f6t\u00fcr\u00fcl\u00fcb (yenil\u0259nib)"},"content":{"rendered":"<p>\n  <b><br \/>\n    18.48.<br \/>\n  <\/b><br \/>\n  <i><br \/>\n    M\u00fcdafi\u0259 Nazirliyi Az\u0259rbaycan ordusuna m\u0259xsus h\u0259rbi avtomobilin K\u0259lb\u0259c\u0259r rayonunun Erm\u0259nistanla s\u0259rh\u0259d \u0259razisind\u0259 minaya d\u00fc\u015fd\u00fcy\u00fc bar\u0259d\u0259 mediada yay\u0131lan m\u0259lumat\u0131 t\u0259sdiql\u0259yib.<br \/>\n  <\/i>\n<\/p>\n<p>\n  <i><br \/>\n    Bu bar\u0259d\u0259 nazirliyin m\u0259tbuat xidm\u0259tinin r\u0259hb\u0259ri, polkovnik-leytenant Anar Eyvazov d\u00f6vl\u0259t televiziyas\u0131na bildirib.<br \/>\n  <\/i>\n<\/p>\n<p>\n  <i><br \/>\n    M\u0259lumat\u0131 may\u0131n 27-d\u0259 &#x27;&#x27;<br \/>\n  <\/i><br \/>\n  <a href=\"https:\/\/haqqin.az\/news\/210830\"><br \/>\n    <i><br \/>\n      haqqin.az<br \/>\n    <\/i><br \/>\n  <\/a><br \/>\n  <i><br \/>\n    &quot; sayt\u0131 yay\u0131b.<br \/>\n  <\/i>\n<\/p>\n<p>\n  ***\n<\/p>\n<p>\n  <b><br \/>\n    12.21.<br \/>\n  <\/b><br \/>\n  <i><br \/>\n    Erm\u0259nistan M\u00fcdafi\u0259 Nazirliyi Az\u0259rbaycan ordusu t\u0259r\u0259find\u0259n saxlan\u0131lan h\u0259rb\u00e7il\u0259rin adlar\u0131n\u0131<br \/>\n  <\/i><br \/>\n  <a href=\"https:\/\/www.mil.am\/ru\/news\/9473\"><br \/>\n    <i><br \/>\n      a\u00e7\u0131qlay\u0131b<br \/>\n    <\/i><br \/>\n  <\/a><br \/>\n  <i><br \/>\n    .<br \/>\n  <\/i>\n<\/p>\n<p>\n  <i><br \/>\n    Nazirlik bildirib ki, \u0259sir g\u00f6t\u00fcr\u00fcl\u0259n h\u0259rb\u00e7il\u0259r m\u00fcqavil\u0259 \u0259sas\u0131nda xidm\u0259t ed\u0259n A.N.Abqaryan, \u0130.A. Sarqsyan, V.V.Sarqsyan, B.S.Oqanyan, A.Q. Budoyan v\u0259 V.O. Rafaelyand\u0131r.<br \/>\n  <\/i>\n<\/p>\n<p>\n  ***\n<\/p>\n<p>\n  <i><br \/>\n    Nazirlik k\u0259\u015ffiyyat-diversiya qrupunu yaxalad\u0131\u011f\u0131n\u0131 deyir<br \/>\n  <\/i>\n<\/p>\n<p>\n  Az\u0259rbaycan ordusunun Erm\u0259nistan\u0131n 6 h\u0259rbi qulluq\u00e7usunu \u0259sir g\u00f6t\u00fcrd\u00fcy\u00fc bildirilir. Az\u0259rbaycan M\u00fcdafi\u0259 Nazirliyinin yayd\u0131\u011f\u0131<br \/>\n  <a href=\"https:\/\/mod.gov.az\/az\/news\/ermenistan-terefi-dovlet-serhedinin-kelbecer-rayonu-istiqametinde-texribata-el-atib-36044.html\"><br \/>\n    m\u0259lumat<br \/>\n  <\/a><br \/>\n  a g\u00f6r\u0259, may\u0131n 27-d\u0259 saat 3 rad\u0259l\u0259rind\u0259 Erm\u0259nistan silahl\u0131 q\u00fcvv\u0259l\u0259rinin k\u0259\u015ffiyyat-diversiya qrupu Erm\u0259nistan-Az\u0259rbaycan d\u00f6vl\u0259t s\u0259rh\u0259dinin K\u0259lb\u0259c\u0259r rayonu Yuxar\u0131 Ayr\u0131m ya\u015fay\u0131\u015f m\u0259nt\u0259q\u0259si istiqam\u0259tind\u0259n Az\u0259rbaycan t\u0259r\u0259f\u0259 ke\u00e7m\u0259y\u0259 c\u0259hd g\u00f6st\u0259rib. Bu zaman Erm\u0259nistan\u0131n 6 h\u0259rbi qulluq\u00e7usu \u201cm\u00fchasir\u0259y\u0259 al\u0131n\u0131b v\u0259 \u0259sir g\u00f6t\u00fcr\u00fcl\u00fcb&quot;.\n<\/p>\n<p>\n  Nazirlik bildirib ki, Az\u0259rbaycan Ordusu s\u0259rh\u0259dd\u0259 yerl\u0259\u015f\u0259n m\u00f6vqel\u0259rin\u0259 aparan t\u0259minat yolunda minalama f\u0259aliyy\u0259ti h\u0259yata ke\u00e7ir\u0259rk\u0259n erm\u0259ni h\u0259rb\u00e7il\u0259rini m\u00fchasir\u0259y\u0259 al\u0131b:\n<\/p>\n<p>\n  \u201cS\u0259h\u0259r saatlar\u0131nda s\u0259rh\u0259d yax\u0131nl\u0131\u011f\u0131nda Erm\u0259nistan silahl\u0131 q\u00fcvv\u0259l\u0259rinin tanklar da daxil olmaqla bir ne\u00e7\u0259 d\u00f6y\u00fc\u015f texnikas\u0131n\u0131n c\u0259ml\u0259\u015fm\u0259si m\u00fc\u015fahid\u0259 edilib. T\u0259r\u0259fimizd\u0259n g\u00f6r\u00fcl\u0259n t\u0259dbirl\u0259r n\u0259tic\u0259sind\u0259 onlar\u0131n h\u0259r\u0259k\u0259tinin qar\u015f\u0131s\u0131 al\u0131n\u0131b. Haz\u0131rda bu istiqam\u0259td\u0259 \u0259m\u0259liyyat \u015f\u0259raiti b\u00f6lm\u0259l\u0259rimizin n\u0259zar\u0259ti alt\u0131ndad\u0131r\u201d.\n<\/p>\n<p>\n  Erm\u0259nistan M\u00fcdafi\u0259 Nazirliyi<br \/>\n  <a href=\"https:\/\/www.mil.am\/ru\/news\/9472\"><br \/>\n    m\u0259lumat<br \/>\n  <\/a><br \/>\n  \u0131 t\u0259sdiql\u0259yib. Ancaq nazirlik h\u0259rb\u00e7il\u0259rin t\u0259xribat etm\u0259l\u0259ri bar\u0259d\u0259 informasiyan\u0131 t\u0259kzib ed\u0259r\u0259k bildirib ki, onlar \u0259razid\u0259 m\u00fch\u0259ndis i\u015fl\u0259ri g\u00f6r\u00fcrm\u00fc\u015f.<\/p>\n","protected":false},"excerpt":{"rendered":"<p>Erm\u0259nistan M\u00fcdafi\u0259 Nazirliyi m\u0259lumat\u0131 t\u0259sdiql\u0259yib.<\/p>\n","protected":false},"author":11,"featured_media":152993,"comment_status":"closed","ping_status":"open","sticky":false,"template":"","format":"standard","meta":{"_acf_changed":false,"_sitemap_exclude":false,"_sitemap_priority":"","_sitemap_frequency":"","footnotes":""},"categories":[59],"tags":[],"class_list":["post-206428","post","type-post","status-publish","format-standard","has-post-thumbnail","hentry","category-siyaset","infinite-scroll-item","generate-columns","tablet-grid-50","mobile-grid-100","grid-parent","grid-33","no-featured-image-padding"],"acf":[],"yoast_head":"<!-- This site is optimized with the Yoast SEO plugin v28.4 - https:\/\/yoast.com\/product\/yoast-seo-wordpress\/ -->\n<title>M\u00fcdafi\u0259 Nazirliyi: Erm\u0259nistan\u0131n 6 h\u0259rbi qulluq\u00e7usu \u0259sir g\u00f6t\u00fcr\u00fcl\u00fcb (yenil\u0259nib) - MEYDAN.TV<\/title>\n<meta name=\"robots\" content=\"index, follow, max-snippet:-1, max-image-preview:large, max-video-preview:-1\" \/>\n<link rel=\"canonical\" href=\"https:\/\/www.meydan.tv\/az\/article\/mudafie-nazirliyi-ermenistanin-6-herbi-qulluqcusu-esir-goturulub\/\" \/>\n<meta property=\"og:locale\" content=\"az_AZ\" \/>\n<meta property=\"og:type\" content=\"article\" \/>\n<meta property=\"og:title\" content=\"M\u00fcdafi\u0259 Nazirliyi: Erm\u0259nistan\u0131n 6 h\u0259rbi qulluq\u00e7usu \u0259sir g\u00f6t\u00fcr\u00fcl\u00fcb (yenil\u0259nib) - MEYDAN.TV\" \/>\n<meta property=\"og:description\" content=\"Erm\u0259nistan M\u00fcdafi\u0259 Nazirliyi m\u0259lumat\u0131 t\u0259sdiql\u0259yib.\" \/>\n<meta property=\"og:url\" content=\"https:\/\/www.meydan.tv\/az\/article\/mudafie-nazirliyi-ermenistanin-6-herbi-qulluqcusu-esir-goturulub\/\" \/>\n<meta property=\"og:site_name\" content=\"MEYDAN.TV\" \/>\n<meta property=\"article:published_time\" content=\"2021-05-27T16:52:16+00:00\" \/>\n<meta property=\"og:image\" content=\"https:\/\/www.meydan.tv\/wp-content\/uploads\/ee5cf63a99c61928909b91aa8a7b12ad_dxaemdj.jpg\" \/>\n\t<meta property=\"og:image:width\" content=\"1000\" \/>\n\t<meta property=\"og:image:height\" content=\"705\" \/>\n\t<meta property=\"og:image:type\" content=\"image\/jpeg\" \/>\n<meta name=\"twitter:card\" content=\"summary_large_image\" \/>\n<!-- \/ Yoast SEO plugin. -->","yoast_head_json":{"title":"M\u00fcdafi\u0259 Nazirliyi: Erm\u0259nistan\u0131n 6 h\u0259rbi qulluq\u00e7usu \u0259sir g\u00f6t\u00fcr\u00fcl\u00fcb (yenil\u0259nib) - MEYDAN.TV","robots":{"index":"index","follow":"follow","max-snippet":"max-snippet:-1","max-image-preview":"max-image-preview:large","max-video-preview":"max-video-preview:-1"},"canonical":"https:\/\/www.meydan.tv\/az\/article\/mudafie-nazirliyi-ermenistanin-6-herbi-qulluqcusu-esir-goturulub\/","og_locale":"az_AZ","og_type":"article","og_title":"M\u00fcdafi\u0259 Nazirliyi: Erm\u0259nistan\u0131n 6 h\u0259rbi qulluq\u00e7usu \u0259sir g\u00f6t\u00fcr\u00fcl\u00fcb (yenil\u0259nib) - MEYDAN.TV","og_description":"Erm\u0259nistan M\u00fcdafi\u0259 Nazirliyi m\u0259lumat\u0131 t\u0259sdiql\u0259yib.","og_url":"https:\/\/www.meydan.tv\/az\/article\/mudafie-nazirliyi-ermenistanin-6-herbi-qulluqcusu-esir-goturulub\/","og_site_name":"MEYDAN.TV","article_published_time":"2021-05-27T16:52:16+00:00","og_image":[{"width":1000,"height":705,"url":"https:\/\/www.meydan.tv\/wp-content\/uploads\/ee5cf63a99c61928909b91aa8a7b12ad_dxaemdj.jpg","type":"image\/jpeg"}],"twitter_card":"summary_large_image","schema":{"@context":"https:\/\/schema.org","@graph":[{"@type":"Article","@id":"https:\/\/www.meydan.tv\/az\/article\/mudafie-nazirliyi-ermenistanin-6-herbi-qulluqcusu-esir-goturulub\/#article","isPartOf":{"@id":"https:\/\/www.meydan.tv\/az\/article\/mudafie-nazirliyi-ermenistanin-6-herbi-qulluqcusu-esir-goturulub\/"},"author":{"name":"user-manager","@id":"https:\/\/www.meydan.tv\/az\/#\/schema\/person\/10d11eccf6da3662cf5fdab9806ea91a"},"headline":"M\u00fcdafi\u0259 Nazirliyi: Erm\u0259nistan\u0131n 6 h\u0259rbi qulluq\u00e7usu \u0259sir g\u00f6t\u00fcr\u00fcl\u00fcb (yenil\u0259nib)","datePublished":"2021-05-27T16:52:16+00:00","mainEntityOfPage":{"@id":"https:\/\/www.meydan.tv\/az\/article\/mudafie-nazirliyi-ermenistanin-6-herbi-qulluqcusu-esir-goturulub\/"},"wordCount":423,"publisher":{"@id":"https:\/\/www.meydan.tv\/az\/#organization"},"image":{"@id":"https:\/\/www.meydan.tv\/az\/article\/mudafie-nazirliyi-ermenistanin-6-herbi-qulluqcusu-esir-goturulub\/#primaryimage"},"thumbnailUrl":"https:\/\/www.meydan.tv\/wp-content\/uploads\/ee5cf63a99c61928909b91aa8a7b12ad_dxaemdj.jpg","articleSection":["Siyas\u0259t"],"inLanguage":"az"},{"@type":"WebPage","@id":"https:\/\/www.meydan.tv\/az\/article\/mudafie-nazirliyi-ermenistanin-6-herbi-qulluqcusu-esir-goturulub\/","url":"https:\/\/www.meydan.tv\/az\/article\/mudafie-nazirliyi-ermenistanin-6-herbi-qulluqcusu-esir-goturulub\/","name":"M\u00fcdafi\u0259 Nazirliyi: Erm\u0259nistan\u0131n 6 h\u0259rbi qulluq\u00e7usu \u0259sir g\u00f6t\u00fcr\u00fcl\u00fcb (yenil\u0259nib) - MEYDAN.TV","isPartOf":{"@id":"https:\/\/www.meydan.tv\/az\/#website"},"primaryImageOfPage":{"@id":"https:\/\/www.meydan.tv\/az\/article\/mudafie-nazirliyi-ermenistanin-6-herbi-qulluqcusu-esir-goturulub\/#primaryimage"},"image":{"@id":"https:\/\/www.meydan.tv\/az\/article\/mudafie-nazirliyi-ermenistanin-6-herbi-qulluqcusu-esir-goturulub\/#primaryimage"},"thumbnailUrl":"https:\/\/www.meydan.tv\/wp-content\/uploads\/ee5cf63a99c61928909b91aa8a7b12ad_dxaemdj.jpg","datePublished":"2021-05-27T16:52:16+00:00","breadcrumb":{"@id":"https:\/\/www.meydan.tv\/az\/article\/mudafie-nazirliyi-ermenistanin-6-herbi-qulluqcusu-esir-goturulub\/#breadcrumb"},"inLanguage":"az","potentialAction":[{"@type":"ReadAction","target":["https:\/\/www.meydan.tv\/az\/article\/mudafie-nazirliyi-ermenistanin-6-herbi-qulluqcusu-esir-goturulub\/"]}]},{"@type":"ImageObject","inLanguage":"az","@id":"https:\/\/www.meydan.tv\/az\/article\/mudafie-nazirliyi-ermenistanin-6-herbi-qulluqcusu-esir-goturulub\/#primaryimage","url":"https:\/\/www.meydan.tv\/wp-content\/uploads\/ee5cf63a99c61928909b91aa8a7b12ad_dxaemdj.jpg","contentUrl":"https:\/\/www.meydan.tv\/wp-content\/uploads\/ee5cf63a99c61928909b91aa8a7b12ad_dxaemdj.jpg","width":1000,"height":705,"caption":"Foto: M\u00fcdafi\u0259 Nazirliyi"},{"@type":"BreadcrumbList","@id":"https:\/\/www.meydan.tv\/az\/article\/mudafie-nazirliyi-ermenistanin-6-herbi-qulluqcusu-esir-goturulub\/#breadcrumb","itemListElement":[{"@type":"ListItem","position":1,"name":"Ana s\u0259hif\u0259","item":"https:\/\/www.meydan.tv\/az\/"},{"@type":"ListItem","position":2,"name":"Siyas\u0259t","item":"https:\/\/www.meydan.tv\/az\/section\/siyaset\/"},{"@type":"ListItem","position":3,"name":"M\u00fcdafi\u0259 Nazirliyi: Erm\u0259nistan\u0131n 6 h\u0259rbi qulluq\u00e7usu \u0259sir g\u00f6t\u00fcr\u00fcl\u00fcb (yenil\u0259nib)"}]},{"@type":"WebSite","@id":"https:\/\/www.meydan.tv\/az\/#website","url":"https:\/\/www.meydan.tv\/az\/","name":"MEYDAN.TV","description":"Meydan TV Az\u0259rbaycan\u0131n media m\u0259kan\u0131ndak\u0131 alternativ s\u0259sidir","publisher":{"@id":"https:\/\/www.meydan.tv\/az\/#organization"},"potentialAction":[{"@type":"SearchAction","target":{"@type":"EntryPoint","urlTemplate":"https:\/\/www.meydan.tv\/az\/?s={search_term_string}"},"query-input":{"@type":"PropertyValueSpecification","valueRequired":true,"valueName":"search_term_string"}}],"inLanguage":"az"},{"@type":"Organization","@id":"https:\/\/www.meydan.tv\/az\/#organization","name":"Meydan TV","url":"https:\/\/www.meydan.tv\/az\/","logo":{"@type":"ImageObject","inLanguage":"az","@id":"https:\/\/www.meydan.tv\/az\/#\/schema\/logo\/image\/","url":"https:\/\/www.meydan.tv\/wp-content\/uploads\/2021\/07\/meydan-logo.svg","contentUrl":"https:\/\/www.meydan.tv\/wp-content\/uploads\/2021\/07\/meydan-logo.svg","width":195,"height":46,"caption":"Meydan TV"},"image":{"@id":"https:\/\/www.meydan.tv\/az\/#\/schema\/logo\/image\/"}},{"@type":"Person","@id":"https:\/\/www.meydan.tv\/az\/#\/schema\/person\/10d11eccf6da3662cf5fdab9806ea91a","name":"user-manager"}]}},"_links":{"self":[{"href":"https:\/\/www.meydan.tv\/az\/wp-json\/wp\/v2\/posts\/206428","targetHints":{"allow":["GET"]}}],"collection":[{"href":"https:\/\/www.meydan.tv\/az\/wp-json\/wp\/v2\/posts"}],"about":[{"href":"https:\/\/www.meydan.tv\/az\/wp-json\/wp\/v2\/types\/post"}],"author":[{"embeddable":true,"href":"https:\/\/www.meydan.tv\/az\/wp-json\/wp\/v2\/users\/11"}],"replies":[{"embeddable":true,"href":"https:\/\/www.meydan.tv\/az\/wp-json\/wp\/v2\/comments?post=206428"}],"version-history":[{"count":0,"href":"https:\/\/www.meydan.tv\/az\/wp-json\/wp\/v2\/posts\/206428\/revisions"}],"wp:featuredmedia":[{"embeddable":true,"href":"https:\/\/www.meydan.tv\/az\/wp-json\/wp\/v2\/media\/152993"}],"wp:attachment":[{"href":"https:\/\/www.meydan.tv\/az\/wp-json\/wp\/v2\/media?parent=206428"}],"wp:term":[{"taxonomy":"category","embeddable":true,"href":"https:\/\/www.meydan.tv\/az\/wp-json\/wp\/v2\/categories?post=206428"},{"taxonomy":"post_tag","embeddable":true,"href":"https:\/\/www.meydan.tv\/az\/wp-json\/wp\/v2\/tags?post=206428"}],"curies":[{"name":"wp","href":"https:\/\/api.w.org\/{rel}","templated":true}]}}