{"id":206417,"date":"2021-05-27T11:03:16","date_gmt":"2021-05-27T11:03:16","guid":{"rendered":"https:\/\/www.meydan.tv\/article\/sehiyye-nazirliyi-virusa-yoluxma-ile-bagli-azalma-musahide-olunur\/"},"modified":"2021-05-27T11:03:16","modified_gmt":"2021-05-27T11:03:16","slug":"sehiyye-nazirliyi-virusa-yoluxma-ile-bagli-azalma-musahide-olunur","status":"publish","type":"post","link":"https:\/\/www.meydan.tv\/az\/article\/sehiyye-nazirliyi-virusa-yoluxma-ile-bagli-azalma-musahide-olunur\/","title":{"rendered":"S\u0259hiyy\u0259 Nazirliyi: Virusa yoluxma il\u0259 ba\u011fl\u0131 azalma m\u00fc\u015fahid\u0259 olunur"},"content":{"rendered":"<p>\n  <i><br \/>\n    &quot;2 milyondan art\u0131q doza peyv\u0259nd istifad\u0259 edilib&quot;<br \/>\n  <\/i>\n<\/p>\n<p>\n  S\u0259hiyy\u0259 Nazirliyi karantin rejiminin yum\u015fald\u0131lmas\u0131 il\u0259 ba\u011fl\u0131<br \/>\n  <a href=\"http:\/\/sehiyye.gov.az\"><br \/>\n    a\u00e7\u0131qlama<br \/>\n  <\/a><br \/>\n  yay\u0131b.\n<\/p>\n<p>\n  Nazirliyin Gigiyena v\u0259 Epidemiologiya M\u0259rk\u0259zi ba\u015f direktorunun m\u00fcavini Vaqif Abdullayev bildirib ki, may ay\u0131 \u0259rzind\u0259 COVID-19 infeksiyas\u0131na yoluxma hallar\u0131n\u0131n s\u0259viyy\u0259sinin \u00f6lk\u0259 \u0259halisi aras\u0131nda sabitl\u0259\u015fm\u0259, azalma m\u00fc\u015fahid\u0259 olunur: \u201cYoluxmalar ail\u0259 v\u0259 qohumluq \u0259laq\u0259si olan insanlar aras\u0131nda daha \u00e7ox qeyd\u0259 al\u0131n\u0131b. Haz\u0131rda \u00f6lk\u0259d\u0259 epidemioloji durumu sabit qiym\u0259tl\u0259ndirm\u0259k olar. Bu virusa tam qalib g\u0259lm\u0259y\u0259 uzun m\u00fcdd\u0259t laz\u0131md\u0131r. \u00c7\u00fcnki COVID-19 pandemiyas\u0131 d\u00fcnya \u0259halisi \u00fc\u00e7\u00fcn ciddi bir t\u0259hl\u00fck\u0259 yaratmaqda davam edir. Yaln\u0131z bir statistik m\u0259lumata diqq\u0259t yetirm\u0259k kifay\u0259t ed\u0259r ki, d\u00fcnya \u00fczr\u0259 2021-ci ilin be\u015f ay\u0131nda 2020-ci il\u0259 nisb\u0259t\u0259n koronavirus infeksiyas\u0131 v\u0259 bu x\u0259st\u0259likd\u0259n \u00f6l\u00fcm hadis\u0259l\u0259ri daha \u00e7ox olub\u201d.\n<\/p>\n<p>\n  \u201cAz\u0259rbaycan Respublikas\u0131nda COVID-19 x\u0259st\u0259liyi \u0259leyhin\u0259 2021-2022-ci ill\u0259r \u00fc\u00e7\u00fcn Vaksinasiya Strategiyas\u0131\u201dna uy\u011fun olaraq bu il yanvar\u0131n 18-d\u0259n peyv\u0259nd kampaniyas\u0131na ba\u015flan\u0131b.\n<\/p>\n<p>\n  Haz\u0131rda Az\u0259rbaycanda \u00fcmumilikd\u0259 2 milyondan art\u0131q doza peyv\u0259nd istifad\u0259 edilib, 880 min n\u0259f\u0259rd\u0259n \u00e7ox insan ikinci, y\u0259ni tam peyv\u0259ndi al\u0131b.\n<\/p>\n<p>\n  S\u0259hiyy\u0259 Nazirliyi Respublika Gigiyena v\u0259 Epidemiologiya M\u0259rk\u0259zi ba\u015f direktorunun m\u00fcavini Vaqif Abdullayev epidemioloji v\u0259ziyy\u0259ti qiym\u0259tl\u0259ndirib.<\/p>\n","protected":false},"excerpt":{"rendered":"<p>&#8220;Yaln\u0131z bir statistik m\u0259lumata diqq\u0259t yetirm\u0259k kifay\u0259t ed\u0259r ki, d\u00fcnya \u00fczr\u0259 2021-ci ilin be\u015f ay\u0131nda 2020-ci il\u0259 nisb\u0259t\u0259n koronavirus infeksiyas\u0131 v\u0259 bu x\u0259st\u0259likd\u0259n \u00f6l\u00fcm hadis\u0259l\u0259ri daha \u00e7ox olub\u201d.<\/p>\n","protected":false},"author":11,"featured_media":136842,"comment_status":"closed","ping_status":"open","sticky":false,"template":"","format":"standard","meta":{"_acf_changed":false,"_sitemap_exclude":false,"_sitemap_priority":"","_sitemap_frequency":"","footnotes":""},"categories":[54],"tags":[],"class_list":["post-206417","post","type-post","status-publish","format-standard","has-post-thumbnail","hentry","category-sagliq","infinite-scroll-item","generate-columns","tablet-grid-50","mobile-grid-100","grid-parent","grid-33","no-featured-image-padding"],"acf":[],"yoast_head":"<!-- This site is optimized with the Yoast SEO plugin v27.4 - https:\/\/yoast.com\/product\/yoast-seo-wordpress\/ -->\n<title>S\u0259hiyy\u0259 Nazirliyi: Virusa yoluxma il\u0259 ba\u011fl\u0131 azalma m\u00fc\u015fahid\u0259 olunur - MEYDAN.TV<\/title>\n<meta name=\"robots\" content=\"index, follow, max-snippet:-1, max-image-preview:large, max-video-preview:-1\" \/>\n<link rel=\"canonical\" href=\"https:\/\/www.meydan.tv\/az\/article\/sehiyye-nazirliyi-virusa-yoluxma-ile-bagli-azalma-musahide-olunur\/\" \/>\n<meta property=\"og:locale\" content=\"az_AZ\" \/>\n<meta property=\"og:type\" content=\"article\" \/>\n<meta property=\"og:title\" content=\"S\u0259hiyy\u0259 Nazirliyi: Virusa yoluxma il\u0259 ba\u011fl\u0131 azalma m\u00fc\u015fahid\u0259 olunur - MEYDAN.TV\" \/>\n<meta property=\"og:description\" content=\"&quot;Yaln\u0131z bir statistik m\u0259lumata diqq\u0259t yetirm\u0259k kifay\u0259t ed\u0259r ki, d\u00fcnya \u00fczr\u0259 2021-ci ilin be\u015f ay\u0131nda 2020-ci il\u0259 nisb\u0259t\u0259n koronavirus infeksiyas\u0131 v\u0259 bu x\u0259st\u0259likd\u0259n \u00f6l\u00fcm hadis\u0259l\u0259ri daha \u00e7ox olub\u201d.\" \/>\n<meta property=\"og:url\" content=\"https:\/\/www.meydan.tv\/az\/article\/sehiyye-nazirliyi-virusa-yoluxma-ile-bagli-azalma-musahide-olunur\/\" \/>\n<meta property=\"og:site_name\" content=\"MEYDAN.TV\" \/>\n<meta property=\"article:published_time\" content=\"2021-05-27T11:03:16+00:00\" \/>\n<meta property=\"og:image\" content=\"https:\/\/www.meydan.tv\/wp-content\/uploads\/1559127068_09.jpg\" \/>\n\t<meta property=\"og:image:width\" content=\"1200\" \/>\n\t<meta property=\"og:image:height\" content=\"898\" \/>\n\t<meta property=\"og:image:type\" content=\"image\/jpeg\" \/>\n<meta name=\"author\" content=\"user-manager\" \/>\n<meta name=\"twitter:card\" content=\"summary_large_image\" \/>\n<script type=\"application\/ld+json\" class=\"yoast-schema-graph\">{\"@context\":\"https:\\\/\\\/schema.org\",\"@graph\":[{\"@type\":\"Article\",\"@id\":\"https:\\\/\\\/www.meydan.tv\\\/az\\\/article\\\/sehiyye-nazirliyi-virusa-yoluxma-ile-bagli-azalma-musahide-olunur\\\/#article\",\"isPartOf\":{\"@id\":\"https:\\\/\\\/www.meydan.tv\\\/az\\\/article\\\/sehiyye-nazirliyi-virusa-yoluxma-ile-bagli-azalma-musahide-olunur\\\/\"},\"author\":{\"name\":\"user-manager\",\"@id\":\"https:\\\/\\\/www.meydan.tv\\\/az\\\/#\\\/schema\\\/person\\\/10d11eccf6da3662cf5fdab9806ea91a\"},\"headline\":\"S\u0259hiyy\u0259 Nazirliyi: Virusa yoluxma il\u0259 ba\u011fl\u0131 azalma m\u00fc\u015fahid\u0259 olunur\",\"datePublished\":\"2021-05-27T11:03:16+00:00\",\"mainEntityOfPage\":{\"@id\":\"https:\\\/\\\/www.meydan.tv\\\/az\\\/article\\\/sehiyye-nazirliyi-virusa-yoluxma-ile-bagli-azalma-musahide-olunur\\\/\"},\"wordCount\":260,\"publisher\":{\"@id\":\"https:\\\/\\\/www.meydan.tv\\\/az\\\/#organization\"},\"image\":{\"@id\":\"https:\\\/\\\/www.meydan.tv\\\/az\\\/article\\\/sehiyye-nazirliyi-virusa-yoluxma-ile-bagli-azalma-musahide-olunur\\\/#primaryimage\"},\"thumbnailUrl\":\"https:\\\/\\\/www.meydan.tv\\\/wp-content\\\/uploads\\\/1559127068_09.jpg\",\"articleSection\":[\"Sa\u011fl\u0131q\"],\"inLanguage\":\"az\"},{\"@type\":\"WebPage\",\"@id\":\"https:\\\/\\\/www.meydan.tv\\\/az\\\/article\\\/sehiyye-nazirliyi-virusa-yoluxma-ile-bagli-azalma-musahide-olunur\\\/\",\"url\":\"https:\\\/\\\/www.meydan.tv\\\/az\\\/article\\\/sehiyye-nazirliyi-virusa-yoluxma-ile-bagli-azalma-musahide-olunur\\\/\",\"name\":\"S\u0259hiyy\u0259 Nazirliyi: Virusa yoluxma il\u0259 ba\u011fl\u0131 azalma m\u00fc\u015fahid\u0259 olunur - MEYDAN.TV\",\"isPartOf\":{\"@id\":\"https:\\\/\\\/www.meydan.tv\\\/az\\\/#website\"},\"primaryImageOfPage\":{\"@id\":\"https:\\\/\\\/www.meydan.tv\\\/az\\\/article\\\/sehiyye-nazirliyi-virusa-yoluxma-ile-bagli-azalma-musahide-olunur\\\/#primaryimage\"},\"image\":{\"@id\":\"https:\\\/\\\/www.meydan.tv\\\/az\\\/article\\\/sehiyye-nazirliyi-virusa-yoluxma-ile-bagli-azalma-musahide-olunur\\\/#primaryimage\"},\"thumbnailUrl\":\"https:\\\/\\\/www.meydan.tv\\\/wp-content\\\/uploads\\\/1559127068_09.jpg\",\"datePublished\":\"2021-05-27T11:03:16+00:00\",\"breadcrumb\":{\"@id\":\"https:\\\/\\\/www.meydan.tv\\\/az\\\/article\\\/sehiyye-nazirliyi-virusa-yoluxma-ile-bagli-azalma-musahide-olunur\\\/#breadcrumb\"},\"inLanguage\":\"az\",\"potentialAction\":[{\"@type\":\"ReadAction\",\"target\":[\"https:\\\/\\\/www.meydan.tv\\\/az\\\/article\\\/sehiyye-nazirliyi-virusa-yoluxma-ile-bagli-azalma-musahide-olunur\\\/\"]}]},{\"@type\":\"ImageObject\",\"inLanguage\":\"az\",\"@id\":\"https:\\\/\\\/www.meydan.tv\\\/az\\\/article\\\/sehiyye-nazirliyi-virusa-yoluxma-ile-bagli-azalma-musahide-olunur\\\/#primaryimage\",\"url\":\"https:\\\/\\\/www.meydan.tv\\\/wp-content\\\/uploads\\\/1559127068_09.jpg\",\"contentUrl\":\"https:\\\/\\\/www.meydan.tv\\\/wp-content\\\/uploads\\\/1559127068_09.jpg\",\"width\":1200,\"height\":898,\"caption\":\"S\u0259hiyy\u0259 Nazirliyi, Foto: Meydan TV\"},{\"@type\":\"BreadcrumbList\",\"@id\":\"https:\\\/\\\/www.meydan.tv\\\/az\\\/article\\\/sehiyye-nazirliyi-virusa-yoluxma-ile-bagli-azalma-musahide-olunur\\\/#breadcrumb\",\"itemListElement\":[{\"@type\":\"ListItem\",\"position\":1,\"name\":\"Ana s\u0259hif\u0259\",\"item\":\"https:\\\/\\\/www.meydan.tv\\\/az\\\/\"},{\"@type\":\"ListItem\",\"position\":2,\"name\":\"Sa\u011fl\u0131q\",\"item\":\"https:\\\/\\\/www.meydan.tv\\\/az\\\/section\\\/sagliq\\\/\"},{\"@type\":\"ListItem\",\"position\":3,\"name\":\"S\u0259hiyy\u0259 Nazirliyi: Virusa yoluxma il\u0259 ba\u011fl\u0131 azalma m\u00fc\u015fahid\u0259 olunur\"}]},{\"@type\":\"WebSite\",\"@id\":\"https:\\\/\\\/www.meydan.tv\\\/az\\\/#website\",\"url\":\"https:\\\/\\\/www.meydan.tv\\\/az\\\/\",\"name\":\"MEYDAN.TV\",\"description\":\"Meydan TV Az\u0259rbaycan\u0131n media m\u0259kan\u0131ndak\u0131 alternativ s\u0259sidir\",\"publisher\":{\"@id\":\"https:\\\/\\\/www.meydan.tv\\\/az\\\/#organization\"},\"potentialAction\":[{\"@type\":\"SearchAction\",\"target\":{\"@type\":\"EntryPoint\",\"urlTemplate\":\"https:\\\/\\\/www.meydan.tv\\\/az\\\/?s={search_term_string}\"},\"query-input\":{\"@type\":\"PropertyValueSpecification\",\"valueRequired\":true,\"valueName\":\"search_term_string\"}}],\"inLanguage\":\"az\"},{\"@type\":\"Organization\",\"@id\":\"https:\\\/\\\/www.meydan.tv\\\/az\\\/#organization\",\"name\":\"Meydan TV\",\"url\":\"https:\\\/\\\/www.meydan.tv\\\/az\\\/\",\"logo\":{\"@type\":\"ImageObject\",\"inLanguage\":\"az\",\"@id\":\"https:\\\/\\\/www.meydan.tv\\\/az\\\/#\\\/schema\\\/logo\\\/image\\\/\",\"url\":\"https:\\\/\\\/www.meydan.tv\\\/wp-content\\\/uploads\\\/2021\\\/07\\\/meydan-logo.svg\",\"contentUrl\":\"https:\\\/\\\/www.meydan.tv\\\/wp-content\\\/uploads\\\/2021\\\/07\\\/meydan-logo.svg\",\"width\":195,\"height\":46,\"caption\":\"Meydan TV\"},\"image\":{\"@id\":\"https:\\\/\\\/www.meydan.tv\\\/az\\\/#\\\/schema\\\/logo\\\/image\\\/\"}},{\"@type\":\"Person\",\"@id\":\"https:\\\/\\\/www.meydan.tv\\\/az\\\/#\\\/schema\\\/person\\\/10d11eccf6da3662cf5fdab9806ea91a\",\"name\":\"user-manager\"}]}<\/script>\n<!-- \/ Yoast SEO plugin. -->","yoast_head_json":{"title":"S\u0259hiyy\u0259 Nazirliyi: Virusa yoluxma il\u0259 ba\u011fl\u0131 azalma m\u00fc\u015fahid\u0259 olunur - MEYDAN.TV","robots":{"index":"index","follow":"follow","max-snippet":"max-snippet:-1","max-image-preview":"max-image-preview:large","max-video-preview":"max-video-preview:-1"},"canonical":"https:\/\/www.meydan.tv\/az\/article\/sehiyye-nazirliyi-virusa-yoluxma-ile-bagli-azalma-musahide-olunur\/","og_locale":"az_AZ","og_type":"article","og_title":"S\u0259hiyy\u0259 Nazirliyi: Virusa yoluxma il\u0259 ba\u011fl\u0131 azalma m\u00fc\u015fahid\u0259 olunur - MEYDAN.TV","og_description":"\"Yaln\u0131z bir statistik m\u0259lumata diqq\u0259t yetirm\u0259k kifay\u0259t ed\u0259r ki, d\u00fcnya \u00fczr\u0259 2021-ci ilin be\u015f ay\u0131nda 2020-ci il\u0259 nisb\u0259t\u0259n koronavirus infeksiyas\u0131 v\u0259 bu x\u0259st\u0259likd\u0259n \u00f6l\u00fcm hadis\u0259l\u0259ri daha \u00e7ox olub\u201d.","og_url":"https:\/\/www.meydan.tv\/az\/article\/sehiyye-nazirliyi-virusa-yoluxma-ile-bagli-azalma-musahide-olunur\/","og_site_name":"MEYDAN.TV","article_published_time":"2021-05-27T11:03:16+00:00","og_image":[{"width":1200,"height":898,"url":"https:\/\/www.meydan.tv\/wp-content\/uploads\/1559127068_09.jpg","type":"image\/jpeg"}],"author":"user-manager","twitter_card":"summary_large_image","schema":{"@context":"https:\/\/schema.org","@graph":[{"@type":"Article","@id":"https:\/\/www.meydan.tv\/az\/article\/sehiyye-nazirliyi-virusa-yoluxma-ile-bagli-azalma-musahide-olunur\/#article","isPartOf":{"@id":"https:\/\/www.meydan.tv\/az\/article\/sehiyye-nazirliyi-virusa-yoluxma-ile-bagli-azalma-musahide-olunur\/"},"author":{"name":"user-manager","@id":"https:\/\/www.meydan.tv\/az\/#\/schema\/person\/10d11eccf6da3662cf5fdab9806ea91a"},"headline":"S\u0259hiyy\u0259 Nazirliyi: Virusa yoluxma il\u0259 ba\u011fl\u0131 azalma m\u00fc\u015fahid\u0259 olunur","datePublished":"2021-05-27T11:03:16+00:00","mainEntityOfPage":{"@id":"https:\/\/www.meydan.tv\/az\/article\/sehiyye-nazirliyi-virusa-yoluxma-ile-bagli-azalma-musahide-olunur\/"},"wordCount":260,"publisher":{"@id":"https:\/\/www.meydan.tv\/az\/#organization"},"image":{"@id":"https:\/\/www.meydan.tv\/az\/article\/sehiyye-nazirliyi-virusa-yoluxma-ile-bagli-azalma-musahide-olunur\/#primaryimage"},"thumbnailUrl":"https:\/\/www.meydan.tv\/wp-content\/uploads\/1559127068_09.jpg","articleSection":["Sa\u011fl\u0131q"],"inLanguage":"az"},{"@type":"WebPage","@id":"https:\/\/www.meydan.tv\/az\/article\/sehiyye-nazirliyi-virusa-yoluxma-ile-bagli-azalma-musahide-olunur\/","url":"https:\/\/www.meydan.tv\/az\/article\/sehiyye-nazirliyi-virusa-yoluxma-ile-bagli-azalma-musahide-olunur\/","name":"S\u0259hiyy\u0259 Nazirliyi: Virusa yoluxma il\u0259 ba\u011fl\u0131 azalma m\u00fc\u015fahid\u0259 olunur - MEYDAN.TV","isPartOf":{"@id":"https:\/\/www.meydan.tv\/az\/#website"},"primaryImageOfPage":{"@id":"https:\/\/www.meydan.tv\/az\/article\/sehiyye-nazirliyi-virusa-yoluxma-ile-bagli-azalma-musahide-olunur\/#primaryimage"},"image":{"@id":"https:\/\/www.meydan.tv\/az\/article\/sehiyye-nazirliyi-virusa-yoluxma-ile-bagli-azalma-musahide-olunur\/#primaryimage"},"thumbnailUrl":"https:\/\/www.meydan.tv\/wp-content\/uploads\/1559127068_09.jpg","datePublished":"2021-05-27T11:03:16+00:00","breadcrumb":{"@id":"https:\/\/www.meydan.tv\/az\/article\/sehiyye-nazirliyi-virusa-yoluxma-ile-bagli-azalma-musahide-olunur\/#breadcrumb"},"inLanguage":"az","potentialAction":[{"@type":"ReadAction","target":["https:\/\/www.meydan.tv\/az\/article\/sehiyye-nazirliyi-virusa-yoluxma-ile-bagli-azalma-musahide-olunur\/"]}]},{"@type":"ImageObject","inLanguage":"az","@id":"https:\/\/www.meydan.tv\/az\/article\/sehiyye-nazirliyi-virusa-yoluxma-ile-bagli-azalma-musahide-olunur\/#primaryimage","url":"https:\/\/www.meydan.tv\/wp-content\/uploads\/1559127068_09.jpg","contentUrl":"https:\/\/www.meydan.tv\/wp-content\/uploads\/1559127068_09.jpg","width":1200,"height":898,"caption":"S\u0259hiyy\u0259 Nazirliyi, Foto: Meydan TV"},{"@type":"BreadcrumbList","@id":"https:\/\/www.meydan.tv\/az\/article\/sehiyye-nazirliyi-virusa-yoluxma-ile-bagli-azalma-musahide-olunur\/#breadcrumb","itemListElement":[{"@type":"ListItem","position":1,"name":"Ana s\u0259hif\u0259","item":"https:\/\/www.meydan.tv\/az\/"},{"@type":"ListItem","position":2,"name":"Sa\u011fl\u0131q","item":"https:\/\/www.meydan.tv\/az\/section\/sagliq\/"},{"@type":"ListItem","position":3,"name":"S\u0259hiyy\u0259 Nazirliyi: Virusa yoluxma il\u0259 ba\u011fl\u0131 azalma m\u00fc\u015fahid\u0259 olunur"}]},{"@type":"WebSite","@id":"https:\/\/www.meydan.tv\/az\/#website","url":"https:\/\/www.meydan.tv\/az\/","name":"MEYDAN.TV","description":"Meydan TV Az\u0259rbaycan\u0131n media m\u0259kan\u0131ndak\u0131 alternativ s\u0259sidir","publisher":{"@id":"https:\/\/www.meydan.tv\/az\/#organization"},"potentialAction":[{"@type":"SearchAction","target":{"@type":"EntryPoint","urlTemplate":"https:\/\/www.meydan.tv\/az\/?s={search_term_string}"},"query-input":{"@type":"PropertyValueSpecification","valueRequired":true,"valueName":"search_term_string"}}],"inLanguage":"az"},{"@type":"Organization","@id":"https:\/\/www.meydan.tv\/az\/#organization","name":"Meydan TV","url":"https:\/\/www.meydan.tv\/az\/","logo":{"@type":"ImageObject","inLanguage":"az","@id":"https:\/\/www.meydan.tv\/az\/#\/schema\/logo\/image\/","url":"https:\/\/www.meydan.tv\/wp-content\/uploads\/2021\/07\/meydan-logo.svg","contentUrl":"https:\/\/www.meydan.tv\/wp-content\/uploads\/2021\/07\/meydan-logo.svg","width":195,"height":46,"caption":"Meydan TV"},"image":{"@id":"https:\/\/www.meydan.tv\/az\/#\/schema\/logo\/image\/"}},{"@type":"Person","@id":"https:\/\/www.meydan.tv\/az\/#\/schema\/person\/10d11eccf6da3662cf5fdab9806ea91a","name":"user-manager"}]}},"_links":{"self":[{"href":"https:\/\/www.meydan.tv\/az\/wp-json\/wp\/v2\/posts\/206417","targetHints":{"allow":["GET"]}}],"collection":[{"href":"https:\/\/www.meydan.tv\/az\/wp-json\/wp\/v2\/posts"}],"about":[{"href":"https:\/\/www.meydan.tv\/az\/wp-json\/wp\/v2\/types\/post"}],"author":[{"embeddable":true,"href":"https:\/\/www.meydan.tv\/az\/wp-json\/wp\/v2\/users\/11"}],"replies":[{"embeddable":true,"href":"https:\/\/www.meydan.tv\/az\/wp-json\/wp\/v2\/comments?post=206417"}],"version-history":[{"count":0,"href":"https:\/\/www.meydan.tv\/az\/wp-json\/wp\/v2\/posts\/206417\/revisions"}],"wp:featuredmedia":[{"embeddable":true,"href":"https:\/\/www.meydan.tv\/az\/wp-json\/wp\/v2\/media\/136842"}],"wp:attachment":[{"href":"https:\/\/www.meydan.tv\/az\/wp-json\/wp\/v2\/media?parent=206417"}],"wp:term":[{"taxonomy":"category","embeddable":true,"href":"https:\/\/www.meydan.tv\/az\/wp-json\/wp\/v2\/categories?post=206417"},{"taxonomy":"post_tag","embeddable":true,"href":"https:\/\/www.meydan.tv\/az\/wp-json\/wp\/v2\/tags?post=206417"}],"curies":[{"name":"wp","href":"https:\/\/api.w.org\/{rel}","templated":true}]}}