{"id":206415,"date":"2021-05-27T10:40:33","date_gmt":"2021-05-27T10:40:33","guid":{"rendered":"https:\/\/www.meydan.tv\/article\/ramiz-ezizbeyli-xestexanaya-yerlesdirilib\/"},"modified":"2021-05-27T10:40:33","modified_gmt":"2021-05-27T10:40:33","slug":"ramiz-ezizbeyli-xestexanaya-yerlesdirilib","status":"publish","type":"post","link":"https:\/\/www.meydan.tv\/az\/article\/ramiz-ezizbeyli-xestexanaya-yerlesdirilib\/","title":{"rendered":"Ramiz \u018fzizb\u0259yli x\u0259st\u0259xanaya yerl\u0259\u015fdirilib"},"content":{"rendered":"<p>\n  <i><br \/>\n    Xalq artistinin koronavirusa yoluxdu\u011fu bildirilir<br \/>\n  <\/i>\n<\/p>\n<p>\n  Xalq artisti, rejissor v\u0259 aktyor Ramiz \u018fzizb\u0259yli COV\u0130D-19 infeksiyas\u0131na yoluxub.\n<\/p>\n<p>\n  H\u0259yat yolda\u015f\u0131 Z\u00fcmr\u00fcd \u018fzizb\u0259ylinin Meydan TV-y\u0259 verdiyi a\u00e7\u0131qlamas\u0131na \u0259sas\u0259n, Z\u0131\u011f q\u0259s\u0259b\u0259sind\u0259 yerl\u0259\u015f\u0259n modul tipli hospitala yerl\u0259\u015fdiril\u0259n s\u0259n\u0259t\u00e7i \u00f6z\u00fcn\u00fc haz\u0131rda yax\u015f\u0131 hiss edir: \u201cS\u0259hh\u0259ti il\u0259 \u0259laq\u0259dar \u0259vv\u0259ll\u0259r d\u0259 evd\u0259n bay\u0131ra \u00e7\u0131xm\u0131rd\u0131, harasa getmirdi. Yan\u0131na tez-tez dostlar\u0131 g\u0259lirdi. D\u00fc\u015f\u00fcn\u00fcr\u0259m ki, g\u0259l\u0259n adamlardan kimd\u0259ns\u0259 virus ke\u00e7ib. S\u0259hh\u0259ti yax\u015f\u0131 oldu\u011fu \u00fc\u00e7\u00fcn palatadad\u0131r. 5-6 g\u00fcn \u00f6nc\u0259 x\u0259st\u0259xanaya yerl\u0259\u015fdirmi\u015fik\u201d.\n<\/p>\n<p>\n  2015-ci ild\u0259 ya\u015fad\u0131\u011f\u0131 binan\u0131n qar\u015f\u0131s\u0131nda avtomobil q\u0259zas\u0131 ke\u00e7ir\u0259n Ramiz \u018fzizb\u0259yli Xalq artisti uzun ill\u0259rdir ki, beyin insultundan m\u00fcalic\u0259 olunur.\n<\/p>\n<p>\n  Ramiz \u018fzizb\u0259yli Vaqif S\u0259m\u0259do\u011flunu eyni adl\u0131 pyesi \u0259sas\u0131nda \u00e7\u0259kil\u0259n \u201cB\u0259xt \u00fcz\u00fcy\u00fc\u201d komediya filminin rejissorudur.<\/p>\n","protected":false},"excerpt":{"rendered":"<p>2015-ci ild\u0259 ya\u015fad\u0131\u011f\u0131 binan\u0131n qar\u015f\u0131s\u0131nda avtomobil q\u0259zas\u0131 ke\u00e7ir\u0259n Ramiz \u018fzizb\u0259yli Xalq artisti uzun ill\u0259rdir ki, beyin insultundan m\u00fcalic\u0259 olunur.<\/p>\n","protected":false},"author":11,"featured_media":161379,"comment_status":"closed","ping_status":"open","sticky":false,"template":"","format":"standard","meta":{"_acf_changed":false,"_sitemap_exclude":false,"_sitemap_priority":"","_sitemap_frequency":"","footnotes":""},"categories":[52],"tags":[],"class_list":["post-206415","post","type-post","status-publish","format-standard","has-post-thumbnail","hentry","category-medeniyyet","infinite-scroll-item","generate-columns","tablet-grid-50","mobile-grid-100","grid-parent","grid-33","no-featured-image-padding"],"acf":[],"yoast_head":"<!-- This site is optimized with the Yoast SEO plugin v27.4 - https:\/\/yoast.com\/product\/yoast-seo-wordpress\/ -->\n<title>Ramiz \u018fzizb\u0259yli x\u0259st\u0259xanaya yerl\u0259\u015fdirilib - MEYDAN.TV<\/title>\n<meta name=\"robots\" content=\"index, follow, max-snippet:-1, max-image-preview:large, max-video-preview:-1\" \/>\n<link rel=\"canonical\" href=\"https:\/\/www.meydan.tv\/az\/article\/ramiz-ezizbeyli-xestexanaya-yerlesdirilib\/\" \/>\n<meta property=\"og:locale\" content=\"az_AZ\" \/>\n<meta property=\"og:type\" content=\"article\" \/>\n<meta property=\"og:title\" content=\"Ramiz \u018fzizb\u0259yli x\u0259st\u0259xanaya yerl\u0259\u015fdirilib - MEYDAN.TV\" \/>\n<meta property=\"og:description\" content=\"2015-ci ild\u0259 ya\u015fad\u0131\u011f\u0131 binan\u0131n qar\u015f\u0131s\u0131nda avtomobil q\u0259zas\u0131 ke\u00e7ir\u0259n Ramiz \u018fzizb\u0259yli Xalq artisti uzun ill\u0259rdir ki, beyin insultundan m\u00fcalic\u0259 olunur.\" \/>\n<meta property=\"og:url\" content=\"https:\/\/www.meydan.tv\/az\/article\/ramiz-ezizbeyli-xestexanaya-yerlesdirilib\/\" \/>\n<meta property=\"og:site_name\" content=\"MEYDAN.TV\" \/>\n<meta property=\"article:published_time\" content=\"2021-05-27T10:40:33+00:00\" \/>\n<meta property=\"og:image\" content=\"https:\/\/www.meydan.tv\/wp-content\/uploads\/1546588354_1532080345_ramiz-ezizbeyli.jpg\" \/>\n\t<meta property=\"og:image:width\" content=\"871\" \/>\n\t<meta property=\"og:image:height\" content=\"489\" \/>\n\t<meta property=\"og:image:type\" content=\"image\/jpeg\" \/>\n<meta name=\"author\" content=\"user-manager\" \/>\n<meta name=\"twitter:card\" content=\"summary_large_image\" \/>\n<script type=\"application\/ld+json\" class=\"yoast-schema-graph\">{\"@context\":\"https:\\\/\\\/schema.org\",\"@graph\":[{\"@type\":\"Article\",\"@id\":\"https:\\\/\\\/www.meydan.tv\\\/az\\\/article\\\/ramiz-ezizbeyli-xestexanaya-yerlesdirilib\\\/#article\",\"isPartOf\":{\"@id\":\"https:\\\/\\\/www.meydan.tv\\\/az\\\/article\\\/ramiz-ezizbeyli-xestexanaya-yerlesdirilib\\\/\"},\"author\":{\"name\":\"user-manager\",\"@id\":\"https:\\\/\\\/www.meydan.tv\\\/az\\\/#\\\/schema\\\/person\\\/10d11eccf6da3662cf5fdab9806ea91a\"},\"headline\":\"Ramiz \u018fzizb\u0259yli x\u0259st\u0259xanaya yerl\u0259\u015fdirilib\",\"datePublished\":\"2021-05-27T10:40:33+00:00\",\"mainEntityOfPage\":{\"@id\":\"https:\\\/\\\/www.meydan.tv\\\/az\\\/article\\\/ramiz-ezizbeyli-xestexanaya-yerlesdirilib\\\/\"},\"wordCount\":175,\"publisher\":{\"@id\":\"https:\\\/\\\/www.meydan.tv\\\/az\\\/#organization\"},\"image\":{\"@id\":\"https:\\\/\\\/www.meydan.tv\\\/az\\\/article\\\/ramiz-ezizbeyli-xestexanaya-yerlesdirilib\\\/#primaryimage\"},\"thumbnailUrl\":\"https:\\\/\\\/www.meydan.tv\\\/wp-content\\\/uploads\\\/1546588354_1532080345_ramiz-ezizbeyli.jpg\",\"articleSection\":[\"M\u0259d\u0259niyy\u0259t\"],\"inLanguage\":\"az\"},{\"@type\":\"WebPage\",\"@id\":\"https:\\\/\\\/www.meydan.tv\\\/az\\\/article\\\/ramiz-ezizbeyli-xestexanaya-yerlesdirilib\\\/\",\"url\":\"https:\\\/\\\/www.meydan.tv\\\/az\\\/article\\\/ramiz-ezizbeyli-xestexanaya-yerlesdirilib\\\/\",\"name\":\"Ramiz \u018fzizb\u0259yli x\u0259st\u0259xanaya yerl\u0259\u015fdirilib - MEYDAN.TV\",\"isPartOf\":{\"@id\":\"https:\\\/\\\/www.meydan.tv\\\/az\\\/#website\"},\"primaryImageOfPage\":{\"@id\":\"https:\\\/\\\/www.meydan.tv\\\/az\\\/article\\\/ramiz-ezizbeyli-xestexanaya-yerlesdirilib\\\/#primaryimage\"},\"image\":{\"@id\":\"https:\\\/\\\/www.meydan.tv\\\/az\\\/article\\\/ramiz-ezizbeyli-xestexanaya-yerlesdirilib\\\/#primaryimage\"},\"thumbnailUrl\":\"https:\\\/\\\/www.meydan.tv\\\/wp-content\\\/uploads\\\/1546588354_1532080345_ramiz-ezizbeyli.jpg\",\"datePublished\":\"2021-05-27T10:40:33+00:00\",\"breadcrumb\":{\"@id\":\"https:\\\/\\\/www.meydan.tv\\\/az\\\/article\\\/ramiz-ezizbeyli-xestexanaya-yerlesdirilib\\\/#breadcrumb\"},\"inLanguage\":\"az\",\"potentialAction\":[{\"@type\":\"ReadAction\",\"target\":[\"https:\\\/\\\/www.meydan.tv\\\/az\\\/article\\\/ramiz-ezizbeyli-xestexanaya-yerlesdirilib\\\/\"]}]},{\"@type\":\"ImageObject\",\"inLanguage\":\"az\",\"@id\":\"https:\\\/\\\/www.meydan.tv\\\/az\\\/article\\\/ramiz-ezizbeyli-xestexanaya-yerlesdirilib\\\/#primaryimage\",\"url\":\"https:\\\/\\\/www.meydan.tv\\\/wp-content\\\/uploads\\\/1546588354_1532080345_ramiz-ezizbeyli.jpg\",\"contentUrl\":\"https:\\\/\\\/www.meydan.tv\\\/wp-content\\\/uploads\\\/1546588354_1532080345_ramiz-ezizbeyli.jpg\",\"width\":871,\"height\":489,\"caption\":\"Source: https:\\\/\\\/baku.ws\\\/\"},{\"@type\":\"BreadcrumbList\",\"@id\":\"https:\\\/\\\/www.meydan.tv\\\/az\\\/article\\\/ramiz-ezizbeyli-xestexanaya-yerlesdirilib\\\/#breadcrumb\",\"itemListElement\":[{\"@type\":\"ListItem\",\"position\":1,\"name\":\"Ana s\u0259hif\u0259\",\"item\":\"https:\\\/\\\/www.meydan.tv\\\/az\\\/\"},{\"@type\":\"ListItem\",\"position\":2,\"name\":\"M\u0259d\u0259niyy\u0259t\",\"item\":\"https:\\\/\\\/www.meydan.tv\\\/az\\\/section\\\/medeniyyet\\\/\"},{\"@type\":\"ListItem\",\"position\":3,\"name\":\"Ramiz \u018fzizb\u0259yli x\u0259st\u0259xanaya yerl\u0259\u015fdirilib\"}]},{\"@type\":\"WebSite\",\"@id\":\"https:\\\/\\\/www.meydan.tv\\\/az\\\/#website\",\"url\":\"https:\\\/\\\/www.meydan.tv\\\/az\\\/\",\"name\":\"MEYDAN.TV\",\"description\":\"Meydan TV Az\u0259rbaycan\u0131n media m\u0259kan\u0131ndak\u0131 alternativ s\u0259sidir\",\"publisher\":{\"@id\":\"https:\\\/\\\/www.meydan.tv\\\/az\\\/#organization\"},\"potentialAction\":[{\"@type\":\"SearchAction\",\"target\":{\"@type\":\"EntryPoint\",\"urlTemplate\":\"https:\\\/\\\/www.meydan.tv\\\/az\\\/?s={search_term_string}\"},\"query-input\":{\"@type\":\"PropertyValueSpecification\",\"valueRequired\":true,\"valueName\":\"search_term_string\"}}],\"inLanguage\":\"az\"},{\"@type\":\"Organization\",\"@id\":\"https:\\\/\\\/www.meydan.tv\\\/az\\\/#organization\",\"name\":\"Meydan TV\",\"url\":\"https:\\\/\\\/www.meydan.tv\\\/az\\\/\",\"logo\":{\"@type\":\"ImageObject\",\"inLanguage\":\"az\",\"@id\":\"https:\\\/\\\/www.meydan.tv\\\/az\\\/#\\\/schema\\\/logo\\\/image\\\/\",\"url\":\"https:\\\/\\\/www.meydan.tv\\\/wp-content\\\/uploads\\\/2021\\\/07\\\/meydan-logo.svg\",\"contentUrl\":\"https:\\\/\\\/www.meydan.tv\\\/wp-content\\\/uploads\\\/2021\\\/07\\\/meydan-logo.svg\",\"width\":195,\"height\":46,\"caption\":\"Meydan TV\"},\"image\":{\"@id\":\"https:\\\/\\\/www.meydan.tv\\\/az\\\/#\\\/schema\\\/logo\\\/image\\\/\"}},{\"@type\":\"Person\",\"@id\":\"https:\\\/\\\/www.meydan.tv\\\/az\\\/#\\\/schema\\\/person\\\/10d11eccf6da3662cf5fdab9806ea91a\",\"name\":\"user-manager\"}]}<\/script>\n<!-- \/ Yoast SEO plugin. -->","yoast_head_json":{"title":"Ramiz \u018fzizb\u0259yli x\u0259st\u0259xanaya yerl\u0259\u015fdirilib - MEYDAN.TV","robots":{"index":"index","follow":"follow","max-snippet":"max-snippet:-1","max-image-preview":"max-image-preview:large","max-video-preview":"max-video-preview:-1"},"canonical":"https:\/\/www.meydan.tv\/az\/article\/ramiz-ezizbeyli-xestexanaya-yerlesdirilib\/","og_locale":"az_AZ","og_type":"article","og_title":"Ramiz \u018fzizb\u0259yli x\u0259st\u0259xanaya yerl\u0259\u015fdirilib - MEYDAN.TV","og_description":"2015-ci ild\u0259 ya\u015fad\u0131\u011f\u0131 binan\u0131n qar\u015f\u0131s\u0131nda avtomobil q\u0259zas\u0131 ke\u00e7ir\u0259n Ramiz \u018fzizb\u0259yli Xalq artisti uzun ill\u0259rdir ki, beyin insultundan m\u00fcalic\u0259 olunur.","og_url":"https:\/\/www.meydan.tv\/az\/article\/ramiz-ezizbeyli-xestexanaya-yerlesdirilib\/","og_site_name":"MEYDAN.TV","article_published_time":"2021-05-27T10:40:33+00:00","og_image":[{"width":871,"height":489,"url":"https:\/\/www.meydan.tv\/wp-content\/uploads\/1546588354_1532080345_ramiz-ezizbeyli.jpg","type":"image\/jpeg"}],"author":"user-manager","twitter_card":"summary_large_image","schema":{"@context":"https:\/\/schema.org","@graph":[{"@type":"Article","@id":"https:\/\/www.meydan.tv\/az\/article\/ramiz-ezizbeyli-xestexanaya-yerlesdirilib\/#article","isPartOf":{"@id":"https:\/\/www.meydan.tv\/az\/article\/ramiz-ezizbeyli-xestexanaya-yerlesdirilib\/"},"author":{"name":"user-manager","@id":"https:\/\/www.meydan.tv\/az\/#\/schema\/person\/10d11eccf6da3662cf5fdab9806ea91a"},"headline":"Ramiz \u018fzizb\u0259yli x\u0259st\u0259xanaya yerl\u0259\u015fdirilib","datePublished":"2021-05-27T10:40:33+00:00","mainEntityOfPage":{"@id":"https:\/\/www.meydan.tv\/az\/article\/ramiz-ezizbeyli-xestexanaya-yerlesdirilib\/"},"wordCount":175,"publisher":{"@id":"https:\/\/www.meydan.tv\/az\/#organization"},"image":{"@id":"https:\/\/www.meydan.tv\/az\/article\/ramiz-ezizbeyli-xestexanaya-yerlesdirilib\/#primaryimage"},"thumbnailUrl":"https:\/\/www.meydan.tv\/wp-content\/uploads\/1546588354_1532080345_ramiz-ezizbeyli.jpg","articleSection":["M\u0259d\u0259niyy\u0259t"],"inLanguage":"az"},{"@type":"WebPage","@id":"https:\/\/www.meydan.tv\/az\/article\/ramiz-ezizbeyli-xestexanaya-yerlesdirilib\/","url":"https:\/\/www.meydan.tv\/az\/article\/ramiz-ezizbeyli-xestexanaya-yerlesdirilib\/","name":"Ramiz \u018fzizb\u0259yli x\u0259st\u0259xanaya yerl\u0259\u015fdirilib - MEYDAN.TV","isPartOf":{"@id":"https:\/\/www.meydan.tv\/az\/#website"},"primaryImageOfPage":{"@id":"https:\/\/www.meydan.tv\/az\/article\/ramiz-ezizbeyli-xestexanaya-yerlesdirilib\/#primaryimage"},"image":{"@id":"https:\/\/www.meydan.tv\/az\/article\/ramiz-ezizbeyli-xestexanaya-yerlesdirilib\/#primaryimage"},"thumbnailUrl":"https:\/\/www.meydan.tv\/wp-content\/uploads\/1546588354_1532080345_ramiz-ezizbeyli.jpg","datePublished":"2021-05-27T10:40:33+00:00","breadcrumb":{"@id":"https:\/\/www.meydan.tv\/az\/article\/ramiz-ezizbeyli-xestexanaya-yerlesdirilib\/#breadcrumb"},"inLanguage":"az","potentialAction":[{"@type":"ReadAction","target":["https:\/\/www.meydan.tv\/az\/article\/ramiz-ezizbeyli-xestexanaya-yerlesdirilib\/"]}]},{"@type":"ImageObject","inLanguage":"az","@id":"https:\/\/www.meydan.tv\/az\/article\/ramiz-ezizbeyli-xestexanaya-yerlesdirilib\/#primaryimage","url":"https:\/\/www.meydan.tv\/wp-content\/uploads\/1546588354_1532080345_ramiz-ezizbeyli.jpg","contentUrl":"https:\/\/www.meydan.tv\/wp-content\/uploads\/1546588354_1532080345_ramiz-ezizbeyli.jpg","width":871,"height":489,"caption":"Source: https:\/\/baku.ws\/"},{"@type":"BreadcrumbList","@id":"https:\/\/www.meydan.tv\/az\/article\/ramiz-ezizbeyli-xestexanaya-yerlesdirilib\/#breadcrumb","itemListElement":[{"@type":"ListItem","position":1,"name":"Ana s\u0259hif\u0259","item":"https:\/\/www.meydan.tv\/az\/"},{"@type":"ListItem","position":2,"name":"M\u0259d\u0259niyy\u0259t","item":"https:\/\/www.meydan.tv\/az\/section\/medeniyyet\/"},{"@type":"ListItem","position":3,"name":"Ramiz \u018fzizb\u0259yli x\u0259st\u0259xanaya yerl\u0259\u015fdirilib"}]},{"@type":"WebSite","@id":"https:\/\/www.meydan.tv\/az\/#website","url":"https:\/\/www.meydan.tv\/az\/","name":"MEYDAN.TV","description":"Meydan TV Az\u0259rbaycan\u0131n media m\u0259kan\u0131ndak\u0131 alternativ s\u0259sidir","publisher":{"@id":"https:\/\/www.meydan.tv\/az\/#organization"},"potentialAction":[{"@type":"SearchAction","target":{"@type":"EntryPoint","urlTemplate":"https:\/\/www.meydan.tv\/az\/?s={search_term_string}"},"query-input":{"@type":"PropertyValueSpecification","valueRequired":true,"valueName":"search_term_string"}}],"inLanguage":"az"},{"@type":"Organization","@id":"https:\/\/www.meydan.tv\/az\/#organization","name":"Meydan TV","url":"https:\/\/www.meydan.tv\/az\/","logo":{"@type":"ImageObject","inLanguage":"az","@id":"https:\/\/www.meydan.tv\/az\/#\/schema\/logo\/image\/","url":"https:\/\/www.meydan.tv\/wp-content\/uploads\/2021\/07\/meydan-logo.svg","contentUrl":"https:\/\/www.meydan.tv\/wp-content\/uploads\/2021\/07\/meydan-logo.svg","width":195,"height":46,"caption":"Meydan TV"},"image":{"@id":"https:\/\/www.meydan.tv\/az\/#\/schema\/logo\/image\/"}},{"@type":"Person","@id":"https:\/\/www.meydan.tv\/az\/#\/schema\/person\/10d11eccf6da3662cf5fdab9806ea91a","name":"user-manager"}]}},"_links":{"self":[{"href":"https:\/\/www.meydan.tv\/az\/wp-json\/wp\/v2\/posts\/206415","targetHints":{"allow":["GET"]}}],"collection":[{"href":"https:\/\/www.meydan.tv\/az\/wp-json\/wp\/v2\/posts"}],"about":[{"href":"https:\/\/www.meydan.tv\/az\/wp-json\/wp\/v2\/types\/post"}],"author":[{"embeddable":true,"href":"https:\/\/www.meydan.tv\/az\/wp-json\/wp\/v2\/users\/11"}],"replies":[{"embeddable":true,"href":"https:\/\/www.meydan.tv\/az\/wp-json\/wp\/v2\/comments?post=206415"}],"version-history":[{"count":0,"href":"https:\/\/www.meydan.tv\/az\/wp-json\/wp\/v2\/posts\/206415\/revisions"}],"wp:featuredmedia":[{"embeddable":true,"href":"https:\/\/www.meydan.tv\/az\/wp-json\/wp\/v2\/media\/161379"}],"wp:attachment":[{"href":"https:\/\/www.meydan.tv\/az\/wp-json\/wp\/v2\/media?parent=206415"}],"wp:term":[{"taxonomy":"category","embeddable":true,"href":"https:\/\/www.meydan.tv\/az\/wp-json\/wp\/v2\/categories?post=206415"},{"taxonomy":"post_tag","embeddable":true,"href":"https:\/\/www.meydan.tv\/az\/wp-json\/wp\/v2\/tags?post=206415"}],"curies":[{"name":"wp","href":"https:\/\/api.w.org\/{rel}","templated":true}]}}