{"id":206409,"date":"2021-05-26T15:10:05","date_gmt":"2021-05-26T15:10:05","guid":{"rendered":"https:\/\/www.meydan.tv\/article\/molla-nesreddin-haqqinda-cizgi-filmi-cekilecek\/"},"modified":"2021-05-26T15:10:05","modified_gmt":"2021-05-26T15:10:05","slug":"molla-nesreddin-haqqinda-cizgi-filmi-cekilecek","status":"publish","type":"post","link":"https:\/\/www.meydan.tv\/az\/article\/molla-nesreddin-haqqinda-cizgi-filmi-cekilecek\/","title":{"rendered":"Molla N\u0259sr\u0259ddin haqq\u0131nda cizgi filmi \u00e7\u0259kil\u0259c\u0259k"},"content":{"rendered":"<p>\n  Filmin b\u00fcdc\u0259si 500 milyon rubldur\n<\/p>\n<p>\n  Qazax \u0259silli rejissor Timur Bekmambetov Molla N\u0259sr\u0259ddin haqq\u0131nda cizgi filmi \u00e7\u0259km\u0259yi planla\u015fd\u0131r\u0131r.\n<\/p>\n<p>\n  \u201cN\u0259sr\u0259ddin Xoca\u201d adlanacaq cizgi filminin n\u00fcmayi\u015fi 2024-c\u00fc il\u0259 planla\u015fd\u0131r\u0131l\u0131b.\n<\/p>\n<p>\n  Filmin b\u00fcdc\u0259si 500 milyon rubl t\u0259\u015fkil edir.\n<\/p>\n<p>\n  Timur Bekmambetov daha \u00f6nc\u0259 s\u0259hn\u0259l\u0259\u015fdirdiyi ilk kukla tama\u015fas\u0131 \u201cN\u0259sr\u0259ddin Xoca\u201dn\u0131 Rusiyan\u0131n D\u00f6vl\u0259t Mill\u0259tl\u0259r Teatr\u0131nda t\u0259qdim etmi\u015fdi.\n<\/p>\n<p>\n  B\u0259zi tarixi m\u0259nb\u0259l\u0259rd\u0259 Molla N\u0259sr\u0259ddin v\u0259 ya Xoca N\u0259sr\u0259ddinin Anadolu S\u0259lcuqlu D\u00f6vl\u0259ti d\u00f6vr\u00fcnd\u0259 Xorto v\u0259 A\u011f\u015f\u0259h\u0259r yax\u0131nl\u0131\u011f\u0131nda ya\u015fad\u0131\u011f\u0131 qeyd edilib.\n<\/p>\n<p>\n  Onun haqq\u0131nda m\u0259lumatlar m\u00fcxt\u0259lifdir.\n<\/p>\n<p>\n  B\u0259zi m\u0259nb\u0259l\u0259rd\u0259n onun 1208-ci ild\u0259 \u018fski\u015f\u0259h\u0259rd\u0259 do\u011fuldu\u011fu qeyd edilir. A\u011f\u015f\u0259h\u0259rd\u0259 ya\u015fay\u0131b, Mahmud-i Heyraninin d\u0259rvi\u015fi olaraq m\u00f6vl\u0259vilik, y\u0259s\u0259vilik v\u0259 ya rifailik t\u0259riq\u0259tl\u0259rin\u0259 m\u0259nsub olub.\n<\/p>\n<p>\n  A\u011f\u015f\u0259h\u0259rd\u0259 m\u00fclki v\u0259zif\u0259l\u0259rd\u0259 \u00e7al\u0131\u015f\u0131b. 1284-c\u00fc ild\u0259 A\u011f\u015f\u0259h\u0259rd\u0259 v\u0259fat edib.\n<\/p>\n<p>\n  N\u0259sr\u0259ddin Xoca t\u00fcrb\u0259sind\u0259 d\u0259fn edilib.\n<\/p>\n<p>\n  N\u0259sr\u0259ddin t\u00fcrk xalqlar\u0131 aras\u0131nda m\u00fcxt\u0259lif adlarla m\u0259\u015fhur olub.<\/p>\n","protected":false},"excerpt":{"rendered":"<p>Onun haqq\u0131nda m\u0259lumatlar m\u00fcxt\u0259lifdir.<\/p>\n","protected":false},"author":11,"featured_media":161349,"comment_status":"closed","ping_status":"open","sticky":false,"template":"","format":"standard","meta":{"_acf_changed":false,"_sitemap_exclude":false,"_sitemap_priority":"","_sitemap_frequency":"","footnotes":""},"categories":[52],"tags":[],"class_list":["post-206409","post","type-post","status-publish","format-standard","has-post-thumbnail","hentry","category-medeniyyet","infinite-scroll-item","generate-columns","tablet-grid-50","mobile-grid-100","grid-parent","grid-33","no-featured-image-padding"],"acf":[],"yoast_head":"<!-- This site is optimized with the Yoast SEO plugin v27.4 - https:\/\/yoast.com\/product\/yoast-seo-wordpress\/ -->\n<title>Molla N\u0259sr\u0259ddin haqq\u0131nda cizgi filmi \u00e7\u0259kil\u0259c\u0259k - MEYDAN.TV<\/title>\n<meta name=\"robots\" content=\"index, follow, max-snippet:-1, max-image-preview:large, max-video-preview:-1\" \/>\n<link rel=\"canonical\" href=\"https:\/\/www.meydan.tv\/az\/article\/molla-nesreddin-haqqinda-cizgi-filmi-cekilecek\/\" \/>\n<meta property=\"og:locale\" content=\"az_AZ\" \/>\n<meta property=\"og:type\" content=\"article\" \/>\n<meta property=\"og:title\" content=\"Molla N\u0259sr\u0259ddin haqq\u0131nda cizgi filmi \u00e7\u0259kil\u0259c\u0259k - MEYDAN.TV\" \/>\n<meta property=\"og:description\" content=\"Onun haqq\u0131nda m\u0259lumatlar m\u00fcxt\u0259lifdir.\" \/>\n<meta property=\"og:url\" content=\"https:\/\/www.meydan.tv\/az\/article\/molla-nesreddin-haqqinda-cizgi-filmi-cekilecek\/\" \/>\n<meta property=\"og:site_name\" content=\"MEYDAN.TV\" \/>\n<meta property=\"article:published_time\" content=\"2021-05-26T15:10:05+00:00\" \/>\n<meta property=\"og:image\" content=\"https:\/\/www.meydan.tv\/wp-content\/uploads\/untitled_design_42.png\" \/>\n\t<meta property=\"og:image:width\" content=\"1920\" \/>\n\t<meta property=\"og:image:height\" content=\"1080\" \/>\n\t<meta property=\"og:image:type\" content=\"image\/png\" \/>\n<meta name=\"author\" content=\"user-manager\" \/>\n<meta name=\"twitter:card\" content=\"summary_large_image\" \/>\n<script type=\"application\/ld+json\" class=\"yoast-schema-graph\">{\"@context\":\"https:\\\/\\\/schema.org\",\"@graph\":[{\"@type\":\"Article\",\"@id\":\"https:\\\/\\\/www.meydan.tv\\\/az\\\/article\\\/molla-nesreddin-haqqinda-cizgi-filmi-cekilecek\\\/#article\",\"isPartOf\":{\"@id\":\"https:\\\/\\\/www.meydan.tv\\\/az\\\/article\\\/molla-nesreddin-haqqinda-cizgi-filmi-cekilecek\\\/\"},\"author\":{\"name\":\"user-manager\",\"@id\":\"https:\\\/\\\/www.meydan.tv\\\/az\\\/#\\\/schema\\\/person\\\/10d11eccf6da3662cf5fdab9806ea91a\"},\"headline\":\"Molla N\u0259sr\u0259ddin haqq\u0131nda cizgi filmi \u00e7\u0259kil\u0259c\u0259k\",\"datePublished\":\"2021-05-26T15:10:05+00:00\",\"mainEntityOfPage\":{\"@id\":\"https:\\\/\\\/www.meydan.tv\\\/az\\\/article\\\/molla-nesreddin-haqqinda-cizgi-filmi-cekilecek\\\/\"},\"wordCount\":229,\"publisher\":{\"@id\":\"https:\\\/\\\/www.meydan.tv\\\/az\\\/#organization\"},\"image\":{\"@id\":\"https:\\\/\\\/www.meydan.tv\\\/az\\\/article\\\/molla-nesreddin-haqqinda-cizgi-filmi-cekilecek\\\/#primaryimage\"},\"thumbnailUrl\":\"https:\\\/\\\/www.meydan.tv\\\/wp-content\\\/uploads\\\/untitled_design_42.png\",\"articleSection\":[\"M\u0259d\u0259niyy\u0259t\"],\"inLanguage\":\"az\"},{\"@type\":\"WebPage\",\"@id\":\"https:\\\/\\\/www.meydan.tv\\\/az\\\/article\\\/molla-nesreddin-haqqinda-cizgi-filmi-cekilecek\\\/\",\"url\":\"https:\\\/\\\/www.meydan.tv\\\/az\\\/article\\\/molla-nesreddin-haqqinda-cizgi-filmi-cekilecek\\\/\",\"name\":\"Molla N\u0259sr\u0259ddin haqq\u0131nda cizgi filmi \u00e7\u0259kil\u0259c\u0259k - MEYDAN.TV\",\"isPartOf\":{\"@id\":\"https:\\\/\\\/www.meydan.tv\\\/az\\\/#website\"},\"primaryImageOfPage\":{\"@id\":\"https:\\\/\\\/www.meydan.tv\\\/az\\\/article\\\/molla-nesreddin-haqqinda-cizgi-filmi-cekilecek\\\/#primaryimage\"},\"image\":{\"@id\":\"https:\\\/\\\/www.meydan.tv\\\/az\\\/article\\\/molla-nesreddin-haqqinda-cizgi-filmi-cekilecek\\\/#primaryimage\"},\"thumbnailUrl\":\"https:\\\/\\\/www.meydan.tv\\\/wp-content\\\/uploads\\\/untitled_design_42.png\",\"datePublished\":\"2021-05-26T15:10:05+00:00\",\"breadcrumb\":{\"@id\":\"https:\\\/\\\/www.meydan.tv\\\/az\\\/article\\\/molla-nesreddin-haqqinda-cizgi-filmi-cekilecek\\\/#breadcrumb\"},\"inLanguage\":\"az\",\"potentialAction\":[{\"@type\":\"ReadAction\",\"target\":[\"https:\\\/\\\/www.meydan.tv\\\/az\\\/article\\\/molla-nesreddin-haqqinda-cizgi-filmi-cekilecek\\\/\"]}]},{\"@type\":\"ImageObject\",\"inLanguage\":\"az\",\"@id\":\"https:\\\/\\\/www.meydan.tv\\\/az\\\/article\\\/molla-nesreddin-haqqinda-cizgi-filmi-cekilecek\\\/#primaryimage\",\"url\":\"https:\\\/\\\/www.meydan.tv\\\/wp-content\\\/uploads\\\/untitled_design_42.png\",\"contentUrl\":\"https:\\\/\\\/www.meydan.tv\\\/wp-content\\\/uploads\\\/untitled_design_42.png\",\"width\":1920,\"height\":1080,\"caption\":\"Source: Specify Source\"},{\"@type\":\"BreadcrumbList\",\"@id\":\"https:\\\/\\\/www.meydan.tv\\\/az\\\/article\\\/molla-nesreddin-haqqinda-cizgi-filmi-cekilecek\\\/#breadcrumb\",\"itemListElement\":[{\"@type\":\"ListItem\",\"position\":1,\"name\":\"Ana s\u0259hif\u0259\",\"item\":\"https:\\\/\\\/www.meydan.tv\\\/az\\\/\"},{\"@type\":\"ListItem\",\"position\":2,\"name\":\"M\u0259d\u0259niyy\u0259t\",\"item\":\"https:\\\/\\\/www.meydan.tv\\\/az\\\/section\\\/medeniyyet\\\/\"},{\"@type\":\"ListItem\",\"position\":3,\"name\":\"Molla N\u0259sr\u0259ddin haqq\u0131nda cizgi filmi \u00e7\u0259kil\u0259c\u0259k\"}]},{\"@type\":\"WebSite\",\"@id\":\"https:\\\/\\\/www.meydan.tv\\\/az\\\/#website\",\"url\":\"https:\\\/\\\/www.meydan.tv\\\/az\\\/\",\"name\":\"MEYDAN.TV\",\"description\":\"Meydan TV Az\u0259rbaycan\u0131n media m\u0259kan\u0131ndak\u0131 alternativ s\u0259sidir\",\"publisher\":{\"@id\":\"https:\\\/\\\/www.meydan.tv\\\/az\\\/#organization\"},\"potentialAction\":[{\"@type\":\"SearchAction\",\"target\":{\"@type\":\"EntryPoint\",\"urlTemplate\":\"https:\\\/\\\/www.meydan.tv\\\/az\\\/?s={search_term_string}\"},\"query-input\":{\"@type\":\"PropertyValueSpecification\",\"valueRequired\":true,\"valueName\":\"search_term_string\"}}],\"inLanguage\":\"az\"},{\"@type\":\"Organization\",\"@id\":\"https:\\\/\\\/www.meydan.tv\\\/az\\\/#organization\",\"name\":\"Meydan TV\",\"url\":\"https:\\\/\\\/www.meydan.tv\\\/az\\\/\",\"logo\":{\"@type\":\"ImageObject\",\"inLanguage\":\"az\",\"@id\":\"https:\\\/\\\/www.meydan.tv\\\/az\\\/#\\\/schema\\\/logo\\\/image\\\/\",\"url\":\"https:\\\/\\\/www.meydan.tv\\\/wp-content\\\/uploads\\\/2021\\\/07\\\/meydan-logo.svg\",\"contentUrl\":\"https:\\\/\\\/www.meydan.tv\\\/wp-content\\\/uploads\\\/2021\\\/07\\\/meydan-logo.svg\",\"width\":195,\"height\":46,\"caption\":\"Meydan TV\"},\"image\":{\"@id\":\"https:\\\/\\\/www.meydan.tv\\\/az\\\/#\\\/schema\\\/logo\\\/image\\\/\"}},{\"@type\":\"Person\",\"@id\":\"https:\\\/\\\/www.meydan.tv\\\/az\\\/#\\\/schema\\\/person\\\/10d11eccf6da3662cf5fdab9806ea91a\",\"name\":\"user-manager\"}]}<\/script>\n<!-- \/ Yoast SEO plugin. -->","yoast_head_json":{"title":"Molla N\u0259sr\u0259ddin haqq\u0131nda cizgi filmi \u00e7\u0259kil\u0259c\u0259k - MEYDAN.TV","robots":{"index":"index","follow":"follow","max-snippet":"max-snippet:-1","max-image-preview":"max-image-preview:large","max-video-preview":"max-video-preview:-1"},"canonical":"https:\/\/www.meydan.tv\/az\/article\/molla-nesreddin-haqqinda-cizgi-filmi-cekilecek\/","og_locale":"az_AZ","og_type":"article","og_title":"Molla N\u0259sr\u0259ddin haqq\u0131nda cizgi filmi \u00e7\u0259kil\u0259c\u0259k - MEYDAN.TV","og_description":"Onun haqq\u0131nda m\u0259lumatlar m\u00fcxt\u0259lifdir.","og_url":"https:\/\/www.meydan.tv\/az\/article\/molla-nesreddin-haqqinda-cizgi-filmi-cekilecek\/","og_site_name":"MEYDAN.TV","article_published_time":"2021-05-26T15:10:05+00:00","og_image":[{"width":1920,"height":1080,"url":"https:\/\/www.meydan.tv\/wp-content\/uploads\/untitled_design_42.png","type":"image\/png"}],"author":"user-manager","twitter_card":"summary_large_image","schema":{"@context":"https:\/\/schema.org","@graph":[{"@type":"Article","@id":"https:\/\/www.meydan.tv\/az\/article\/molla-nesreddin-haqqinda-cizgi-filmi-cekilecek\/#article","isPartOf":{"@id":"https:\/\/www.meydan.tv\/az\/article\/molla-nesreddin-haqqinda-cizgi-filmi-cekilecek\/"},"author":{"name":"user-manager","@id":"https:\/\/www.meydan.tv\/az\/#\/schema\/person\/10d11eccf6da3662cf5fdab9806ea91a"},"headline":"Molla N\u0259sr\u0259ddin haqq\u0131nda cizgi filmi \u00e7\u0259kil\u0259c\u0259k","datePublished":"2021-05-26T15:10:05+00:00","mainEntityOfPage":{"@id":"https:\/\/www.meydan.tv\/az\/article\/molla-nesreddin-haqqinda-cizgi-filmi-cekilecek\/"},"wordCount":229,"publisher":{"@id":"https:\/\/www.meydan.tv\/az\/#organization"},"image":{"@id":"https:\/\/www.meydan.tv\/az\/article\/molla-nesreddin-haqqinda-cizgi-filmi-cekilecek\/#primaryimage"},"thumbnailUrl":"https:\/\/www.meydan.tv\/wp-content\/uploads\/untitled_design_42.png","articleSection":["M\u0259d\u0259niyy\u0259t"],"inLanguage":"az"},{"@type":"WebPage","@id":"https:\/\/www.meydan.tv\/az\/article\/molla-nesreddin-haqqinda-cizgi-filmi-cekilecek\/","url":"https:\/\/www.meydan.tv\/az\/article\/molla-nesreddin-haqqinda-cizgi-filmi-cekilecek\/","name":"Molla N\u0259sr\u0259ddin haqq\u0131nda cizgi filmi \u00e7\u0259kil\u0259c\u0259k - MEYDAN.TV","isPartOf":{"@id":"https:\/\/www.meydan.tv\/az\/#website"},"primaryImageOfPage":{"@id":"https:\/\/www.meydan.tv\/az\/article\/molla-nesreddin-haqqinda-cizgi-filmi-cekilecek\/#primaryimage"},"image":{"@id":"https:\/\/www.meydan.tv\/az\/article\/molla-nesreddin-haqqinda-cizgi-filmi-cekilecek\/#primaryimage"},"thumbnailUrl":"https:\/\/www.meydan.tv\/wp-content\/uploads\/untitled_design_42.png","datePublished":"2021-05-26T15:10:05+00:00","breadcrumb":{"@id":"https:\/\/www.meydan.tv\/az\/article\/molla-nesreddin-haqqinda-cizgi-filmi-cekilecek\/#breadcrumb"},"inLanguage":"az","potentialAction":[{"@type":"ReadAction","target":["https:\/\/www.meydan.tv\/az\/article\/molla-nesreddin-haqqinda-cizgi-filmi-cekilecek\/"]}]},{"@type":"ImageObject","inLanguage":"az","@id":"https:\/\/www.meydan.tv\/az\/article\/molla-nesreddin-haqqinda-cizgi-filmi-cekilecek\/#primaryimage","url":"https:\/\/www.meydan.tv\/wp-content\/uploads\/untitled_design_42.png","contentUrl":"https:\/\/www.meydan.tv\/wp-content\/uploads\/untitled_design_42.png","width":1920,"height":1080,"caption":"Source: Specify Source"},{"@type":"BreadcrumbList","@id":"https:\/\/www.meydan.tv\/az\/article\/molla-nesreddin-haqqinda-cizgi-filmi-cekilecek\/#breadcrumb","itemListElement":[{"@type":"ListItem","position":1,"name":"Ana s\u0259hif\u0259","item":"https:\/\/www.meydan.tv\/az\/"},{"@type":"ListItem","position":2,"name":"M\u0259d\u0259niyy\u0259t","item":"https:\/\/www.meydan.tv\/az\/section\/medeniyyet\/"},{"@type":"ListItem","position":3,"name":"Molla N\u0259sr\u0259ddin haqq\u0131nda cizgi filmi \u00e7\u0259kil\u0259c\u0259k"}]},{"@type":"WebSite","@id":"https:\/\/www.meydan.tv\/az\/#website","url":"https:\/\/www.meydan.tv\/az\/","name":"MEYDAN.TV","description":"Meydan TV Az\u0259rbaycan\u0131n media m\u0259kan\u0131ndak\u0131 alternativ s\u0259sidir","publisher":{"@id":"https:\/\/www.meydan.tv\/az\/#organization"},"potentialAction":[{"@type":"SearchAction","target":{"@type":"EntryPoint","urlTemplate":"https:\/\/www.meydan.tv\/az\/?s={search_term_string}"},"query-input":{"@type":"PropertyValueSpecification","valueRequired":true,"valueName":"search_term_string"}}],"inLanguage":"az"},{"@type":"Organization","@id":"https:\/\/www.meydan.tv\/az\/#organization","name":"Meydan TV","url":"https:\/\/www.meydan.tv\/az\/","logo":{"@type":"ImageObject","inLanguage":"az","@id":"https:\/\/www.meydan.tv\/az\/#\/schema\/logo\/image\/","url":"https:\/\/www.meydan.tv\/wp-content\/uploads\/2021\/07\/meydan-logo.svg","contentUrl":"https:\/\/www.meydan.tv\/wp-content\/uploads\/2021\/07\/meydan-logo.svg","width":195,"height":46,"caption":"Meydan TV"},"image":{"@id":"https:\/\/www.meydan.tv\/az\/#\/schema\/logo\/image\/"}},{"@type":"Person","@id":"https:\/\/www.meydan.tv\/az\/#\/schema\/person\/10d11eccf6da3662cf5fdab9806ea91a","name":"user-manager"}]}},"_links":{"self":[{"href":"https:\/\/www.meydan.tv\/az\/wp-json\/wp\/v2\/posts\/206409","targetHints":{"allow":["GET"]}}],"collection":[{"href":"https:\/\/www.meydan.tv\/az\/wp-json\/wp\/v2\/posts"}],"about":[{"href":"https:\/\/www.meydan.tv\/az\/wp-json\/wp\/v2\/types\/post"}],"author":[{"embeddable":true,"href":"https:\/\/www.meydan.tv\/az\/wp-json\/wp\/v2\/users\/11"}],"replies":[{"embeddable":true,"href":"https:\/\/www.meydan.tv\/az\/wp-json\/wp\/v2\/comments?post=206409"}],"version-history":[{"count":0,"href":"https:\/\/www.meydan.tv\/az\/wp-json\/wp\/v2\/posts\/206409\/revisions"}],"wp:featuredmedia":[{"embeddable":true,"href":"https:\/\/www.meydan.tv\/az\/wp-json\/wp\/v2\/media\/161349"}],"wp:attachment":[{"href":"https:\/\/www.meydan.tv\/az\/wp-json\/wp\/v2\/media?parent=206409"}],"wp:term":[{"taxonomy":"category","embeddable":true,"href":"https:\/\/www.meydan.tv\/az\/wp-json\/wp\/v2\/categories?post=206409"},{"taxonomy":"post_tag","embeddable":true,"href":"https:\/\/www.meydan.tv\/az\/wp-json\/wp\/v2\/tags?post=206409"}],"curies":[{"name":"wp","href":"https:\/\/api.w.org\/{rel}","templated":true}]}}