{"id":206404,"date":"2021-05-26T14:06:16","date_gmt":"2021-05-26T14:06:16","guid":{"rendered":"https:\/\/www.meydan.tv\/article\/luvr-muzeyine-ilk-defe-qadin-rehberlik-edecek\/"},"modified":"2021-05-26T14:06:16","modified_gmt":"2021-05-26T14:06:16","slug":"luvr-muzeyine-ilk-defe-qadin-rehberlik-edecek","status":"publish","type":"post","link":"https:\/\/www.meydan.tv\/az\/article\/luvr-muzeyine-ilk-defe-qadin-rehberlik-edecek\/","title":{"rendered":"Luvr muzeyin\u0259 ilk d\u0259f\u0259 qad\u0131n r\u0259hb\u0259rlik ed\u0259c\u0259k"},"content":{"rendered":"<p>\n  <i><br \/>\n    Lorans de Kar sentyabrdan v\u0259zif\u0259sinin icras\u0131na ba\u015flay\u0131r<br \/>\n  <\/i>\n<\/p>\n<p>\n  Luvr muzeyinin tarixind\u0259 ilk d\u0259f\u0259 r\u0259hb\u0259ri qad\u0131n olacaq.\n<\/p>\n<p>\n  Fransa M\u0259d\u0259niyy\u0259t Nazirliyinin sayt\u0131nda qeyd olunur ki, bu v\u0259zif\u0259ni sentyabr\u0131n 1-d\u0259n etibar\u0259n Lorans de Kar icra ed\u0259c\u0259k.\n<\/p>\n<p>\n  1793-c\u00fc ild\u0259 a\u00e7\u0131lan Luvr muzeyi Parisd\u0259 yerl\u0259\u015fir. B\u00f6y\u00fckl\u00fcy\u00fcn\u0259 g\u00f6r\u0259 d\u00fcnyada \u00fc\u00e7\u00fcnc\u00fc yeri tutur.\n<\/p>\n<p>\n  Muzey q\u0259dim kral saray\u0131n\u0131n binas\u0131d\u0131r (Palais du Louvre). Muzeyd\u0259ki r\u0259sm n\u00fcmun\u0259l\u0259ri \u00f6z \u00e7\u0259kilm\u0259 d\u00f6vrl\u0259rin\u0259 g\u00f6r\u0259 se\u00e7ilir v\u0259 Fransada m\u00fcxt\u0259lif kolleksiya y\u0131\u011fan insanlar\u0131n bir zamanlar \u015f\u0259xsi pullar\u0131yla ald\u0131qlar\u0131 \u00e7oxsayl\u0131 \u0259s\u0259rl\u0259r d\u0259 saxlan\u0131l\u0131r.<\/p>\n","protected":false},"excerpt":{"rendered":"<p>B\u00f6y\u00fckl\u00fcy\u00fcn\u0259 g\u00f6r\u0259 d\u00fcnyada \u00fc\u00e7\u00fcnc\u00fc yeri tutur.<\/p>\n","protected":false},"author":11,"featured_media":161343,"comment_status":"closed","ping_status":"open","sticky":false,"template":"","format":"standard","meta":{"_acf_changed":false,"_sitemap_exclude":false,"_sitemap_priority":"","_sitemap_frequency":"","footnotes":""},"categories":[52],"tags":[],"class_list":["post-206404","post","type-post","status-publish","format-standard","has-post-thumbnail","hentry","category-medeniyyet","infinite-scroll-item","generate-columns","tablet-grid-50","mobile-grid-100","grid-parent","grid-33","no-featured-image-padding"],"acf":[],"yoast_head":"<!-- This site is optimized with the Yoast SEO plugin v28.4 - https:\/\/yoast.com\/product\/yoast-seo-wordpress\/ -->\n<title>Luvr muzeyin\u0259 ilk d\u0259f\u0259 qad\u0131n r\u0259hb\u0259rlik ed\u0259c\u0259k - MEYDAN.TV<\/title>\n<meta name=\"robots\" content=\"index, follow, max-snippet:-1, max-image-preview:large, max-video-preview:-1\" \/>\n<link rel=\"canonical\" href=\"https:\/\/www.meydan.tv\/az\/article\/luvr-muzeyine-ilk-defe-qadin-rehberlik-edecek\/\" \/>\n<meta property=\"og:locale\" content=\"az_AZ\" \/>\n<meta property=\"og:type\" content=\"article\" \/>\n<meta property=\"og:title\" content=\"Luvr muzeyin\u0259 ilk d\u0259f\u0259 qad\u0131n r\u0259hb\u0259rlik ed\u0259c\u0259k - MEYDAN.TV\" \/>\n<meta property=\"og:description\" content=\"B\u00f6y\u00fckl\u00fcy\u00fcn\u0259 g\u00f6r\u0259 d\u00fcnyada \u00fc\u00e7\u00fcnc\u00fc yeri tutur.\" \/>\n<meta property=\"og:url\" content=\"https:\/\/www.meydan.tv\/az\/article\/luvr-muzeyine-ilk-defe-qadin-rehberlik-edecek\/\" \/>\n<meta property=\"og:site_name\" content=\"MEYDAN.TV\" \/>\n<meta property=\"article:published_time\" content=\"2021-05-26T14:06:16+00:00\" \/>\n<meta property=\"og:image\" content=\"https:\/\/www.meydan.tv\/wp-content\/uploads\/untitled_design_40.png\" \/>\n\t<meta property=\"og:image:width\" content=\"1920\" \/>\n\t<meta property=\"og:image:height\" content=\"1080\" \/>\n\t<meta property=\"og:image:type\" content=\"image\/png\" \/>\n<meta name=\"twitter:card\" content=\"summary_large_image\" \/>\n<!-- \/ Yoast SEO plugin. -->","yoast_head_json":{"title":"Luvr muzeyin\u0259 ilk d\u0259f\u0259 qad\u0131n r\u0259hb\u0259rlik ed\u0259c\u0259k - MEYDAN.TV","robots":{"index":"index","follow":"follow","max-snippet":"max-snippet:-1","max-image-preview":"max-image-preview:large","max-video-preview":"max-video-preview:-1"},"canonical":"https:\/\/www.meydan.tv\/az\/article\/luvr-muzeyine-ilk-defe-qadin-rehberlik-edecek\/","og_locale":"az_AZ","og_type":"article","og_title":"Luvr muzeyin\u0259 ilk d\u0259f\u0259 qad\u0131n r\u0259hb\u0259rlik ed\u0259c\u0259k - MEYDAN.TV","og_description":"B\u00f6y\u00fckl\u00fcy\u00fcn\u0259 g\u00f6r\u0259 d\u00fcnyada \u00fc\u00e7\u00fcnc\u00fc yeri tutur.","og_url":"https:\/\/www.meydan.tv\/az\/article\/luvr-muzeyine-ilk-defe-qadin-rehberlik-edecek\/","og_site_name":"MEYDAN.TV","article_published_time":"2021-05-26T14:06:16+00:00","og_image":[{"width":1920,"height":1080,"url":"https:\/\/www.meydan.tv\/wp-content\/uploads\/untitled_design_40.png","type":"image\/png"}],"twitter_card":"summary_large_image","schema":{"@context":"https:\/\/schema.org","@graph":[{"@type":"Article","@id":"https:\/\/www.meydan.tv\/az\/article\/luvr-muzeyine-ilk-defe-qadin-rehberlik-edecek\/#article","isPartOf":{"@id":"https:\/\/www.meydan.tv\/az\/article\/luvr-muzeyine-ilk-defe-qadin-rehberlik-edecek\/"},"author":{"name":"user-manager","@id":"https:\/\/www.meydan.tv\/az\/#\/schema\/person\/10d11eccf6da3662cf5fdab9806ea91a"},"headline":"Luvr muzeyin\u0259 ilk d\u0259f\u0259 qad\u0131n r\u0259hb\u0259rlik ed\u0259c\u0259k","datePublished":"2021-05-26T14:06:16+00:00","mainEntityOfPage":{"@id":"https:\/\/www.meydan.tv\/az\/article\/luvr-muzeyine-ilk-defe-qadin-rehberlik-edecek\/"},"wordCount":141,"publisher":{"@id":"https:\/\/www.meydan.tv\/az\/#organization"},"image":{"@id":"https:\/\/www.meydan.tv\/az\/article\/luvr-muzeyine-ilk-defe-qadin-rehberlik-edecek\/#primaryimage"},"thumbnailUrl":"https:\/\/www.meydan.tv\/wp-content\/uploads\/untitled_design_40.png","articleSection":["M\u0259d\u0259niyy\u0259t"],"inLanguage":"az"},{"@type":"WebPage","@id":"https:\/\/www.meydan.tv\/az\/article\/luvr-muzeyine-ilk-defe-qadin-rehberlik-edecek\/","url":"https:\/\/www.meydan.tv\/az\/article\/luvr-muzeyine-ilk-defe-qadin-rehberlik-edecek\/","name":"Luvr muzeyin\u0259 ilk d\u0259f\u0259 qad\u0131n r\u0259hb\u0259rlik ed\u0259c\u0259k - MEYDAN.TV","isPartOf":{"@id":"https:\/\/www.meydan.tv\/az\/#website"},"primaryImageOfPage":{"@id":"https:\/\/www.meydan.tv\/az\/article\/luvr-muzeyine-ilk-defe-qadin-rehberlik-edecek\/#primaryimage"},"image":{"@id":"https:\/\/www.meydan.tv\/az\/article\/luvr-muzeyine-ilk-defe-qadin-rehberlik-edecek\/#primaryimage"},"thumbnailUrl":"https:\/\/www.meydan.tv\/wp-content\/uploads\/untitled_design_40.png","datePublished":"2021-05-26T14:06:16+00:00","breadcrumb":{"@id":"https:\/\/www.meydan.tv\/az\/article\/luvr-muzeyine-ilk-defe-qadin-rehberlik-edecek\/#breadcrumb"},"inLanguage":"az","potentialAction":[{"@type":"ReadAction","target":["https:\/\/www.meydan.tv\/az\/article\/luvr-muzeyine-ilk-defe-qadin-rehberlik-edecek\/"]}]},{"@type":"ImageObject","inLanguage":"az","@id":"https:\/\/www.meydan.tv\/az\/article\/luvr-muzeyine-ilk-defe-qadin-rehberlik-edecek\/#primaryimage","url":"https:\/\/www.meydan.tv\/wp-content\/uploads\/untitled_design_40.png","contentUrl":"https:\/\/www.meydan.tv\/wp-content\/uploads\/untitled_design_40.png","width":1920,"height":1080,"caption":"Source: Specify Source"},{"@type":"BreadcrumbList","@id":"https:\/\/www.meydan.tv\/az\/article\/luvr-muzeyine-ilk-defe-qadin-rehberlik-edecek\/#breadcrumb","itemListElement":[{"@type":"ListItem","position":1,"name":"Ana s\u0259hif\u0259","item":"https:\/\/www.meydan.tv\/az\/"},{"@type":"ListItem","position":2,"name":"M\u0259d\u0259niyy\u0259t","item":"https:\/\/www.meydan.tv\/az\/section\/medeniyyet\/"},{"@type":"ListItem","position":3,"name":"Luvr muzeyin\u0259 ilk d\u0259f\u0259 qad\u0131n r\u0259hb\u0259rlik ed\u0259c\u0259k"}]},{"@type":"WebSite","@id":"https:\/\/www.meydan.tv\/az\/#website","url":"https:\/\/www.meydan.tv\/az\/","name":"MEYDAN.TV","description":"Meydan TV Az\u0259rbaycan\u0131n media m\u0259kan\u0131ndak\u0131 alternativ s\u0259sidir","publisher":{"@id":"https:\/\/www.meydan.tv\/az\/#organization"},"potentialAction":[{"@type":"SearchAction","target":{"@type":"EntryPoint","urlTemplate":"https:\/\/www.meydan.tv\/az\/?s={search_term_string}"},"query-input":{"@type":"PropertyValueSpecification","valueRequired":true,"valueName":"search_term_string"}}],"inLanguage":"az"},{"@type":"Organization","@id":"https:\/\/www.meydan.tv\/az\/#organization","name":"Meydan TV","url":"https:\/\/www.meydan.tv\/az\/","logo":{"@type":"ImageObject","inLanguage":"az","@id":"https:\/\/www.meydan.tv\/az\/#\/schema\/logo\/image\/","url":"https:\/\/www.meydan.tv\/wp-content\/uploads\/2021\/07\/meydan-logo.svg","contentUrl":"https:\/\/www.meydan.tv\/wp-content\/uploads\/2021\/07\/meydan-logo.svg","width":195,"height":46,"caption":"Meydan TV"},"image":{"@id":"https:\/\/www.meydan.tv\/az\/#\/schema\/logo\/image\/"}},{"@type":"Person","@id":"https:\/\/www.meydan.tv\/az\/#\/schema\/person\/10d11eccf6da3662cf5fdab9806ea91a","name":"user-manager"}]}},"_links":{"self":[{"href":"https:\/\/www.meydan.tv\/az\/wp-json\/wp\/v2\/posts\/206404","targetHints":{"allow":["GET"]}}],"collection":[{"href":"https:\/\/www.meydan.tv\/az\/wp-json\/wp\/v2\/posts"}],"about":[{"href":"https:\/\/www.meydan.tv\/az\/wp-json\/wp\/v2\/types\/post"}],"author":[{"embeddable":true,"href":"https:\/\/www.meydan.tv\/az\/wp-json\/wp\/v2\/users\/11"}],"replies":[{"embeddable":true,"href":"https:\/\/www.meydan.tv\/az\/wp-json\/wp\/v2\/comments?post=206404"}],"version-history":[{"count":0,"href":"https:\/\/www.meydan.tv\/az\/wp-json\/wp\/v2\/posts\/206404\/revisions"}],"wp:featuredmedia":[{"embeddable":true,"href":"https:\/\/www.meydan.tv\/az\/wp-json\/wp\/v2\/media\/161343"}],"wp:attachment":[{"href":"https:\/\/www.meydan.tv\/az\/wp-json\/wp\/v2\/media?parent=206404"}],"wp:term":[{"taxonomy":"category","embeddable":true,"href":"https:\/\/www.meydan.tv\/az\/wp-json\/wp\/v2\/categories?post=206404"},{"taxonomy":"post_tag","embeddable":true,"href":"https:\/\/www.meydan.tv\/az\/wp-json\/wp\/v2\/tags?post=206404"}],"curies":[{"name":"wp","href":"https:\/\/api.w.org\/{rel}","templated":true}]}}