{"id":206355,"date":"2021-05-24T13:10:07","date_gmt":"2021-05-24T13:10:07","guid":{"rendered":"https:\/\/www.meydan.tv\/article\/norvec-helsinki-komitesi-azerbaycanda-qadinlar-mudafiesizdir\/"},"modified":"2021-05-24T13:10:07","modified_gmt":"2021-05-24T13:10:07","slug":"norvec-helsinki-komitesi-azerbaycanda-qadinlar-mudafiesizdir","status":"publish","type":"post","link":"https:\/\/www.meydan.tv\/az\/article\/norvec-helsinki-komitesi-azerbaycanda-qadinlar-mudafiesizdir\/","title":{"rendered":"Norve\u00e7 Helsinki Komit\u0259si: Az\u0259rbaycanda qad\u0131nlar m\u00fcdafi\u0259sizdir"},"content":{"rendered":"<p>\n  <i><br \/>\n    V\u0259fa R\u00fcst\u0259m: \u201cQanunlar yaln\u0131z ka\u011f\u0131z \u00fcz\u0259rind\u0259dir\u201d<br \/>\n  <\/i>\n<\/p>\n<p>\n  \u201cAz\u0259rbaycanda qad\u0131nlara qar\u015f\u0131 m\u0259i\u015f\u0259t zorak\u0131l\u0131\u011f\u0131 var. Bu, qad\u0131nlara qar\u015f\u0131 zorak\u0131l\u0131qla m\u00fcbariz\u0259nin t\u0259m\u0259l prinsipin\u0259 ciddi z\u0259rb\u0259dir\u201d.\n<\/p>\n<p>\n  Norve\u00e7 Helsinki Komit\u0259sinin bu yax\u0131nlarda a\u00e7\u0131qlad\u0131\u011f\u0131<br \/>\n  <a href=\"https:\/\/www.nhc.no\/en\/growing-domestic-violence-endangers-womens-lives-in-azerbaijan\/?fbclid=IwAR1sH7Usg2BV1x27CimKKa8dmHGIxSJSP55PMyl-8kcIO18AoYdndIijakQ\"><br \/>\n    hesabat<br \/>\n  <\/a><br \/>\n  da bel\u0259 deyilir.\n<\/p>\n<p>\n  Komit\u0259 bildirir ki, m\u0259i\u015f\u0259t zorak\u0131l\u0131\u011f\u0131 il\u0259 \u00fczl\u0259\u015f\u0259n qad\u0131nlar\u0131n m\u00fcdafi\u0259 v\u0259 d\u0259st\u0259y\u0259 ehtiyac\u0131 var: \u201cAncaq bu bax\u0131mdan Az\u0259rbaycan qanunvericiliyind\u0259 bo\u015fluqlar var. Eyni zamanda, h\u00fcquqi qoruma qeyri-adekvatd\u0131r v\u0259 m\u0259i\u015f\u0259t zorak\u0131l\u0131\u011f\u0131 kimi hallarda qad\u0131nlar m\u00fcdafi\u0259sizdir\u201d, &#8211; hesabatda qeyd edilir.\n<\/p>\n<p>\n  <b><br \/>\n    \u201cAz\u0259rbaycan v\u0259ziyy\u0259ti d\u00fcz\u0259ltm\u0259k \u00fc\u00e7\u00fcn t\u0259cili t\u0259dbir g\u00f6rm\u0259lidir\u201d<br \/>\n  <\/b>\n<\/p>\n<p>\n  Norve\u00e7 Helsinki Komit\u0259si b\u0259yan edir ki, Az\u0259rbaycan h\u00f6kum\u0259ti v\u0259ziyy\u0259ti d\u0259yi\u015fm\u0259k \u00fc\u00e7\u00fcn add\u0131m atmasa, qad\u0131nlar\u0131n h\u0259yat\u0131n\u0131 risk\u0259 atma\u011fa davam ed\u0259c\u0259k: \u201cAz\u0259rbaycan h\u00f6kum\u0259ti m\u0259i\u015f\u0259t zorak\u0131l\u0131\u011f\u0131 \u00fczr\u0259 beyn\u0259lxalq \u00f6hd\u0259likl\u0259rini yerin\u0259 yetirm\u0259k \u00fc\u00e7\u00fcn t\u0259cili t\u0259dbirl\u0259r g\u00f6rm\u0259lidir\u201d.\n<\/p>\n<p>\n  Hesabat\u0131n 2020-ci ild\u0259 Az\u0259rbaycan\u0131n apar\u0131c\u0131 f\u0259allar\u0131 il\u0259 \u0259m\u0259kda\u015fl\u0131q \u0259sas\u0131nda haz\u0131rland\u0131\u011f\u0131 vur\u011fulan\u0131r.\n<\/p>\n<p>\n  Az\u0259rbaycanda M\u0259i\u015f\u0259t Zorak\u0131l\u0131\u011f\u0131 Haqq\u0131nda Qanun 2010-cu ild\u0259 q\u0259bul edilib, ancaq h\u0259min qanunun f\u0259aliyy\u0259t plan\u0131 2020-ci ilin noyabr\u0131nda t\u0259sdiql\u0259nib.\n<\/p>\n<p>\n  <b><br \/>\n    F\u0259aliyy\u0259t plan\u0131n\u0131n t\u0259sdiql\u0259nm\u0259si \u00fcmumi m\u0259nz\u0259r\u0259y\u0259 n\u0259 qat\u0131b?<br \/>\n  <\/b>\n<\/p>\n<p>\n  H\u00fcquq\u015f\u00fcnas V\u0259fa R\u00fcst\u0259m deyir ki, 11 il \u0259vv\u0259l m\u0259i\u015f\u0259t zorak\u0131l\u0131\u011f\u0131 il\u0259 ba\u011fl\u0131 qanun q\u0259bul edilib v\u0259 q\u00fcvv\u0259y\u0259 minib: &quot;Qanundan 10 il sonra 2020-ci il noyabr\u0131n 27-d\u0259 &quot;Az\u0259rbaycan Respublikas\u0131nda m\u0259i\u015f\u0259t zorak\u0131l\u0131\u011f\u0131 il\u0259 m\u00fcbariz\u0259y\u0259 dair 2020-2023-c\u00fc ill\u0259r \u00fc\u00e7\u00fcn Milli F\u0259aliyy\u0259t Plan\u0131&quot; q\u0259bul edildi, amma real praktikada \u00e7ox az ir\u0259lil\u0259yi\u015f g\u00f6r\u0259 bilirik. M\u00fc\u015fahid\u0259l\u0259rim\u0259 \u0259sas\u0259n, bir qism v\u0259kill\u0259r\u0259 bu sah\u0259d\u0259 t\u0259liml\u0259r ke\u00e7irilir, qad\u0131n hakiml\u0259rin, v\u0259kill\u0259rin, deputatlar\u0131n say\u0131 art\u0131b, az-maz avtobus v\u0259 ba\u015fqa ictimai yerl\u0259rd\u0259 qad\u0131n h\u00fcquqlar\u0131 il\u0259 ba\u011fl\u0131 posterl\u0259r g\u00f6r\u0259 bilirik (ondan da \u00e7ox az\u0131 h\u0259qiq\u0259t\u0259n stereotipl\u0259rd\u0259n uzaq v\u0259 faydal\u0131 olur), etiraz ed\u0259n, bo\u015fanma\u011fa c\u0259sar\u0259t ed\u0259n qad\u0131nlar\u0131n az da olsa, say\u0131 art\u0131b. Bununla bel\u0259, qanun ill\u0259rdir q\u00fcvv\u0259d\u0259 olsa da, bu g\u00fcn\u0259d\u0259k z\u0259r\u0259r\u00e7\u0259kmi\u015fl\u0259r\u0259 pulsuz h\u00fcquqi yard\u0131mla ba\u011fl\u0131 mexanizm yoxdur\u201d.\n<\/p>\n<figure class=\"wp-block-image size-large\">\n  <img decoding=\"async\" src=\"https:\/\/www.meydan.tv\/az\/12079983_1227217113958817_1091107187798415803_o-jpg-2\/\" alt=\"12079983_1227217113958817_1091107187798415803_o.jpg\" class=\"wp-image-161151\"\/><figcaption>\n    V\u0259fa R\u00fcst\u0259m<br \/>\n  <\/figcaption><\/figure>\n<p>\n  <b><br \/>\n    \u201cUcqarlarda, \u0259yal\u0259tl\u0259rd\u0259 qad\u0131n s\u0131\u011f\u0131nacaqlar\u0131 yoxdur\u201d<br \/>\n  <\/b>\n<\/p>\n<p>\n  H\u00fcquq\u015f\u00fcnas\u0131n fikrinc\u0259, beyn\u0259lxalq standartlara \u0259sas\u0259n, h\u0259r 10 min n\u0259f\u0259r\u0259 bir m\u0259i\u015f\u0259t zorak\u0131l\u0131\u011f\u0131ndan z\u0259r\u0259r\u00e7\u0259kmi\u015f qad\u0131n\u0131 \u00f6z u\u015fa\u011f\u0131 il\u0259 q\u0259bul etm\u0259k qabiliyy\u0259tin\u0259 malik s\u0131\u011f\u0131nacaqlar olmal\u0131d\u0131r: &quot;Bizd\u0259 c\u0259mi 2 s\u0131\u011f\u0131nacaq var v\u0259 1-i d\u0259 a\u00e7\u0131lmaq \u00fczr\u0259dir. Ucqarlarda, \u0259yal\u0259tl\u0259rd\u0259 ya\u015fayan qad\u0131nlar\u0131n \u0259h\u0259miyy\u0259tli hiss\u0259si \u00fc\u00e7\u00fcn h\u0259min s\u0131\u011f\u0131nacaqlar \u0259l\u00e7atmazd\u0131r. M\u00fchafiz\u0259 orderl\u0259rinin verilm\u0259si yerli icra hakimiyy\u0259ti orqanlar\u0131na v\u0259 icras\u0131 icra m\u0259murlar\u0131na h\u0259val\u0259 olunub. Onlar 7\/24 saat i\u015f ba\u015f\u0131nda deyill\u0259r, h\u0259ft\u0259 sonlar\u0131 f\u0259aliyy\u0259t g\u00f6st\u0259rmirl\u0259r. Yerli icra hakimiyy\u0259ti orqanlar\u0131n\u0131n b\u00f6y\u00fck \u0259ks\u0259riyy\u0259ti \u00fcmumiyy\u0259tl\u0259, bilmir m\u00fchafiz\u0259 orderi n\u0259dir v\u0259 d\u0259rhal verilm\u0259lidir\u201d.\n<\/p>\n<p>\n  <b><br \/>\n    \u201cQad\u0131nlar\u0131n b\u00f6y\u00fck \u0259ks\u0259riyy\u0259ti h\u00fcquqlar\u0131ndan x\u0259b\u0259rsizdir\u201d<br \/>\n  <\/b>\n<\/p>\n<p>\n  V\u0259fa R\u00fcst\u0259m deyir ki, dig\u0259r problem d\u00f6ym\u0259, psixoloji zorak\u0131l\u0131\u011f\u0131n kriminalla\u015fd\u0131r\u0131lmamas\u0131d\u0131r. H\u00fcquq m\u00fchafiz\u0259 orqanlar\u0131 t\u0259r\u0259find\u0259n m\u0259i\u015f\u0259t zorak\u0131l\u0131\u011f\u0131ndan z\u0259r\u0259r\u00e7\u0259kmi\u015f qad\u0131nlara gender h\u0259ssas yana\u015fma t\u0259tbiq edilmir: \u201cB\u00fct\u00fcn bunlar qad\u0131nlara qar\u015f\u0131 zorak\u0131l\u0131q o c\u00fcml\u0259d\u0259n m\u0259i\u015f\u0259t zorak\u0131l\u0131\u011f\u0131 sah\u0259sind\u0259 mexanizml\u0259rin s\u0259m\u0259r\u0259sizliyini g\u00f6st\u0259rir. Maarifl\u0259ndirm\u0259 i\u015fl\u0259ri z\u0259ifdir. Qad\u0131nlar\u0131n b\u00f6y\u00fck \u0259ks\u0259riyy\u0259ti h\u00fcquqlar\u0131ndan x\u0259b\u0259rsizdir. Halbuki m\u0259i\u015f\u0259t zorak\u0131l\u0131\u011f\u0131 il\u0259 m\u00fcbariz\u0259d\u0259 gender b\u0259rab\u0259rliyinin t\u0259bli\u011fi, gender stereotipl\u0259rl\u0259 m\u00fcbariz\u0259 vacib m\u0259s\u0259l\u0259dir, ancaq bizd\u0259 yox d\u0259r\u0259c\u0259sind\u0259dir\u201d.\n<\/p>\n<p>\n  <b><br \/>\n    \u201cH\u00fcquq m\u00fcdafi\u0259 mexanizmi yoxdursa, dem\u0259li, qad\u0131nlar\u0131n h\u00fcquqlar\u0131 real yox, x\u0259yalidir\u201d<br \/>\n  <\/b>\n<\/p>\n<p>\n  \u00d6lk\u0259d\u0259 m\u0259i\u015f\u0259t zorak\u0131l\u0131\u011f\u0131 qurbanlar\u0131 \u00fc\u00e7\u00fcn x\u00fcsusi fondlar\u0131n olmamas\u0131na da toxunan h\u00fcquq\u015f\u00fcnas bildirir ki, onlara d\u00f6vl\u0259t t\u0259r\u0259find\u0259n kompensasiyalar\u0131n \u00f6d\u0259nilm\u0259si d\u0259 n\u0259z\u0259rd\u0259 tutulmay\u0131b: \u201cBu sah\u0259d\u0259 qanunlar\u0131n olmas\u0131 yax\u015f\u0131d\u0131r, amma t\u0259tbiqi yoxdursa, s\u0259m\u0259r\u0259li h\u00fcquq m\u00fcdafi\u0259 mexanizml\u0259ri yoxdursa, o dem\u0259kdir ki, qad\u0131nlar\u0131n h\u00fcquqlar\u0131 real yox, x\u0259yali h\u00fcquqdur\u201d.\n<\/p>\n<p>\n  <b><br \/>\n    \u201cQanunlar yaln\u0131z ka\u011f\u0131z \u00fcz\u0259rind\u0259dir\u201d<br \/>\n  <\/b>\n<\/p>\n<p>\n  Gender aktivisti G\u00fclnar\u0259 Mehtiyeva is\u0259 bildirir ki, m\u0259i\u015f\u0259t zorak\u0131l\u0131\u011f\u0131n\u0131n aradan qald\u0131r\u0131laca\u011f\u0131n\u0131 t\u0259min etm\u0259li olan h\u0259r hans\u0131 s\u0259n\u0259d v\u0259 qanunu o yaln\u0131z ka\u011f\u0131z \u00fcz\u0259rind\u0259 g\u00f6r\u0259 bilir: \u201c\u00d6k\u0259d\u0259 \u00e7oxlu sayda qad\u0131n \u00f6z h\u00fcquqlar\u0131ndan x\u0259b\u0259rdar deyil, yaxud m\u0259i\u015f\u0259t zodak\u0131l\u0131\u011f\u0131 hal\u0131nda m\u00fcdafi\u0259 olunaca\u011f\u0131na dair d\u00f6vl\u0259t\u0259 h\u0259r hans\u0131 etibar\u0131 yoxdur\u201d.\n<\/p>\n<figure class=\"wp-block-image size-large\">\n  <img decoding=\"async\" src=\"https:\/\/www.meydan.tv\/az\/maxresdefault-jpg-18\/\" alt=\"maxresdefault.jpg\" class=\"wp-image-129065\"\/><figcaption>\n    G\u00fclnar\u0259 Mehdiyeva<br \/>\n  <\/figcaption><\/figure>\n<p>\n  G\u00fclnar\u0259 Mehdiyeva polis v\u0259 m\u0259hk\u0259m\u0259 sistemin\u0259 qar\u015f\u0131 da \u0259halid\u0259 etimad\u0131n az oldu\u011funu s\u00f6yl\u0259yir: \u201cM\u0259i\u015f\u0259t zodak\u0131l\u0131\u011f\u0131 \u00f6lk\u0259d\u0259 h\u0259l\u0259 d\u0259 kriminal deyil. \u018fg\u0259r \u015fikay\u0259t\u00e7i ilk d\u0259f\u0259 zorak\u0131l\u0131qdan \u015fikay\u0259t edirs\u0259 v\u0259 sa\u011flaml\u0131\u011f\u0131na a\u011f\u0131r ziyan d\u0259ym\u0259yibs\u0259, bu halda z\u0259r\u0259rver\u0259n \u015f\u0259xs ki\u00e7ik c\u0259rim\u0259 il\u0259 v\u0259ziyy\u0259td\u0259n xilas ola bil\u0259r v\u0259 ard\u0131nca bel\u0259 bir \u015fikay\u0259ti etdiyi \u00fc\u00e7\u00fcn z\u0259r\u0259r\u00e7\u0259k\u0259n \u015f\u0259xsi daha b\u00f6y\u00fck t\u0259zyiql\u0259r\u0259 m\u0259ruz qoya bil\u0259r\u201d.\n<\/p>\n<p>\n  Gender aktivisti deyir ki, bu da \u0259ks\u0259r hallarda \u015fikay\u0259t etm\u0259k \u00fc\u00e7\u00fcn motivasiyan\u0131 azald\u0131r: \u201c\u00d6t\u0259n ilin dekabr\u0131nda veril\u0259n v\u0259dl\u0259r\u0259 g\u00f6r\u0259, qar\u015f\u0131dak\u0131 ill\u0259rd\u0259 \u00f6lk\u0259d\u0259 s\u0131\u011f\u0131nacaqlar\u0131n say\u0131 art\u0131r\u0131lacaqd\u0131. H\u0259l\u0259lik bu sah\u0259d\u0259 hans\u0131 yenilikl\u0259rin olaca\u011f\u0131n\u0131 g\u00f6zl\u0259yirik\u201d.\n<\/p>\n<p>\n  <b><br \/>\n    \u201cReal r\u0259q\u0259ml\u0259r zorak\u0131l\u0131qla ba\u011fl\u0131 r\u0259smi statistikadan qat-qat y\u00fcks\u0259kdir\u201d<br \/>\n  <\/b>\n<\/p>\n<p>\n  D\u00f6vl\u0259t Statistika Komit\u0259si 2020-ci ild\u0259 qad\u0131nlara qar\u015f\u0131 1180 m\u0259i\u015f\u0259t zorak\u0131l\u0131\u011f\u0131 hal\u0131n\u0131n qeyd\u0259 al\u0131nd\u0131\u011f\u0131n\u0131 bildirir.\n<\/p>\n<p>\n  V\u0259fa R\u00fcst\u0259m is\u0259 bildirir ki, zorak\u0131l\u0131qlar\u0131n latent xarakteri n\u0259z\u0259r\u0259 al\u0131nsa, real r\u0259q\u0259ml\u0259r qat-qat y\u00fcks\u0259kdir, \u00e7\u00fcnki bir qayda olaraq m\u0259i\u015f\u0259t zorak\u0131l\u0131\u011f\u0131ndan z\u0259r\u0259r\u00e7\u0259kmi\u015f \u015f\u0259xsl\u0259r bu bar\u0259d\u0259 dan\u0131\u015fmama\u011fa, d\u00f6vl\u0259t orqanlar\u0131na m\u00fcraci\u0259t etm\u0259m\u0259y\u0259 meyllidirl\u0259r: \u201cBunun da \u00e7e\u015fidli s\u0259b\u0259bl\u0259ri var, ba\u015f\u0131na g\u0259l\u0259nl\u0259rd\u0259n utanmaqdan tutmu\u015f, h\u00fcquqlar\u0131n\u0131 bilm\u0259m\u0259y\u0259, yaxud h\u00fcquqlar\u0131n\u0131 m\u00fcdafi\u0259 ed\u0259n qad\u0131n\u0131n \u0259trafdak\u0131lar t\u0259r\u0259find\u0259n dam\u011falanmas\u0131na, h\u00fcquq m\u00fchafiz\u0259 sisteminin s\u0259m\u0259r\u0259li olmamas\u0131na, \u0259dal\u0259t m\u00fchakim\u0259sin\u0259 \u00e7at\u0131ml\u0131l\u0131\u011fa mane\u0259l\u0259rin olmas\u0131na kimi m\u00fcxt\u0259lif s\u0259b\u0259bl\u0259r g\u00f6st\u0259r\u0259 bil\u0259rik&quot;.\n<\/p>\n<p>\n  &quot;D\u00f6vl\u0259t Statistika Komit\u0259sinin 2019-cu ild\u0259ki r\u0259smi d\u00f6vl\u0259t statistikas\u0131na \u0259sas\u0259n, m\u0259i\u015f\u0259t zorak\u0131l\u0131\u011f\u0131 n\u0259tic\u0259sind\u0259 z\u0259r\u0259r\u00e7\u0259k\u0259nl\u0259rin 76.4 faizi (1038 n\u0259f\u0259r), m\u0259i\u015f\u0259t zorak\u0131l\u0131\u011f\u0131 z\u0259minind\u0259 \u00f6ld\u00fcr\u00fcl\u0259nl\u0259rin 84.1 faizi, \u0259zaba verilmi\u015f z\u0259r\u0259r\u00e7\u0259k\u0259nl\u0259rin is\u0259 88.9 faizi qad\u0131n olub. Bu r\u0259q\u0259ml\u0259r a\u00e7\u0131q-a\u015fkar g\u00f6st\u0259rir ki, \u00f6lk\u0259d\u0259 qad\u0131na qar\u015f\u0131 ciddi ayr\u0131-se\u00e7kilik var. Bu ayr\u0131-se\u00e7kiliyi \u0259halinin m\u0259\u015f\u011fullu\u011fu, iqtisadi g\u00f6st\u0259ricil\u0259rl\u0259 ba\u011fl\u0131 statistikada da g\u00f6r\u00fcr\u00fck. Qad\u0131nlar patriarxal \u0259n\u0259n\u0259l\u0259rin, gender b\u0259rab\u0259rsizliyin\u0259 \u0259saslanan stereotipl\u0259rin qurban\u0131d\u0131rlar\u201d, &#8211; V\u0259fa R\u00fcst\u0259m bel\u0259 deyir.\n<\/p>\n<p>\n  <b><br \/>\n    Pandemiya d\u00f6vr\u00fc m\u0259i\u015f\u0259t zorak\u0131l\u0131\u011f\u0131 art\u0131b?<br \/>\n  <\/b>\n<\/p>\n<p>\n  COVID-19 pandemiyas\u0131 d\u00f6vr\u00fcn\u0259 d\u00fc\u015f\u0259n son bir il, y\u0259ni karantin d\u00f6vr\u00fcnd\u0259 b\u00fct\u00fcn d\u00fcnyada oldu\u011fu kimi Az\u0259rbaycanda da ail\u0259daxili zorak\u0131l\u0131q hallar\u0131 art\u0131b.\n<\/p>\n<p>\n  \u0130zolyasiya \u015f\u0259raiti v\u0259 el\u0259c\u0259 d\u0259 qurbanlara yard\u0131m imkanlar\u0131n\u0131n m\u0259hdud olmas\u0131 onlar\u0131n laz\u0131m\u0131 k\u00f6m\u0259k almas\u0131n\u0131 \u00e7\u0259tinl\u0259\u015fdirib.\n<\/p>\n<p>\n  COVID 19-la m\u00fcbariz\u0259 m\u0259qs\u0259di il\u0259 t\u0259tbiq edil\u0259n karantinin el\u0259 ilk h\u0259ft\u0259l\u0259rind\u0259n b\u0259zi Avropa Birliyi v\u0259 el\u0259c\u0259 d\u0259 dig\u0259r \u00f6lk\u0259l\u0259rd\u0259 ail\u0259daxili zorak\u0131l\u0131\u011f\u0131n \u00fc\u00e7 d\u0259f\u0259 art\u0131\u011f\u0131 m\u00fc\u015fahid\u0259 edilib.\n<\/p>\n<p>\n  Bak\u0131dak\u0131 Qad\u0131n v\u0259 U\u015faq S\u0131\u011f\u0131naca\u011f\u0131na is\u0259 karantinin ilk ay\u0131nda 14 qad\u0131n m\u00fcraci\u0259t edib. S\u0131\u011f\u0131naca\u011f\u0131n r\u0259hb\u0259ri Mehriban Zeynalova bel\u0259 deyir.\n<\/p>\n<figure class=\"wp-block-image size-large\">\n  <img decoding=\"async\" src=\"https:\/\/www.meydan.tv\/az\/mehriban-zeynalova-3\/\" alt=\"Mehriban Zeynalova\" class=\"wp-image-95130\"\/><figcaption>\n    Mehriban Zeynalova<br \/>\n  <\/figcaption><\/figure>\n<p>\n  BMT v\u0259 \u00dcmumd\u00fcnya S\u0259hiyy\u0259 T\u0259\u015fkilat\u0131 (\u00dcST) ilk g\u00fcnl\u0259rd\u0259n karantin rejiminin d\u00fcnyan\u0131n b\u00fct\u00fcn \u00f6lk\u0259l\u0259rind\u0259 ail\u0259daxili zorak\u0131l\u0131\u011f\u0131n artmas\u0131na s\u0259b\u0259b olaca\u011f\u0131n\u0131 bildirmi\u015fdil\u0259r.\n<\/p>\n<p>\n  \u00dcST-\u00fcn m\u0259lumat\u0131na \u0259sas\u0259n, qad\u0131nlara d\u0259st\u0259k xidm\u0259tl\u0259rin\u0259 \u0259rl\u0259ri v\u0259 ya partnyorlar\u0131 t\u0259r\u0259find\u0259n zorak\u0131l\u0131\u011fa m\u0259ruz qalmalar\u0131 haqda m\u00fcraci\u0259tl\u0259r 2019-cu ilin apreli il\u0259 m\u00fcqayis\u0259d\u0259 2020-ci ilin eyni d\u00f6vr\u00fc 60 faiz art\u0131b.\n<\/p>\n<p>\n  <b><br \/>\n    \u201cQaynar x\u0259tt\u201dl\u0259r\u0259 m\u00fcraci\u0259tl\u0259r is\u0259 \u00fcmumilikd\u0259 be\u015f d\u0259f\u0259 \u00e7oxal\u0131b.<br \/>\n  <\/b>\n<\/p>\n<p>\n  \u00dcST-n\u0131n n\u00fcmay\u0259nd\u0259si Hans Kl\u00fcqen bildirib ki, zorak\u0131l\u0131\u011f\u0131n artmas\u0131n\u0131n s\u0259b\u0259bl\u0259ri aras\u0131nda i\u015f yerl\u0259rinin itirilm\u0259si, alkoqol istifad\u0259sinin artmas\u0131, el\u0259c\u0259 d\u0259 \u00e7oxunu narahat ed\u0259n stress, qorxu v\u0259 h\u0259y\u0259can da var.\n<\/p>\n<p>\n  <b><br \/>\n    \u201cH\u00f6kum\u0259t qad\u0131n h\u00fcquqlar\u0131n\u0131 m\u00fcdafi\u0259 ed\u0259n aktivist v\u0259 feministl\u0259r\u0259 d\u0259 t\u0259zyiq edir\u201d<br \/>\n  <\/b>\n<\/p>\n<p>\n  G\u00fclnar\u0259 Mehdiyeva deyir ki, Az\u0259rbaycandak\u0131 durumun a\u011f\u0131rl\u0131\u011f\u0131 h\u00f6kum\u0259tin v\u0259ziyy\u0259td\u0259n \u00e7\u0131x\u0131\u015f yolu \u00fc\u00e7\u00fcn h\u0259r hans\u0131 add\u0131m atmaq ist\u0259m\u0259m\u0259sidir: \u201cH\u00f6kum\u0259t bu sah\u0259d\u0259 islahat aparmaq \u00fc\u00e7\u00fcn ciddi maraq g\u00f6st\u0259rmir. Bu azm\u0131\u015f kimi, qad\u0131n haqlar\u0131n\u0131n qorunmas\u0131 \u00fc\u00e7\u00fcn t\u0259l\u0259bl\u0259r ir\u0259li s\u00fcr\u0259n v\u0259 f\u0259aliyy\u0259t g\u00f6st\u0259r\u0259n aktivistl\u0259r\u0259, feministl\u0259r\u0259 d\u0259 t\u0259zyiqi davam etdirir\u201d.\n<\/p>\n<p>\n  \u201cAmnesty \u0130nternational\u201d Beyn\u0259lxalq T\u0259\u015fkilat\u0131 da may\u0131n 12-d\u0259 ke\u00e7irdiyi brifinqd\u0259 Az\u0259rbaycan hakimiyy\u0259tini qad\u0131n h\u00fcquq m\u00fcdafi\u0259\u00e7il\u0259ri v\u0259 f\u0259allara qar\u015f\u0131 gender \u0259sasl\u0131 \u015fidd\u0259t kampaniyas\u0131na d\u0259rhal son qoyma\u011fa, v\u0259ziyy\u0259ti ara\u015fd\u0131rma\u011fa v\u0259 ist\u0259r f\u0259rdi, ist\u0259r v\u0259zif\u0259li, ist\u0259rs\u0259 d\u0259 t\u0259hl\u00fck\u0259sizlik q\u00fcvv\u0259l\u0259rinin \u0259m\u0259kda\u015flar\u0131 olan \u015f\u0259xsl\u0259ri \u0259dal\u0259t m\u00fchakim\u0259sin\u0259 c\u0259lb etm\u0259y\u0259 \u00e7a\u011f\u0131r\u0131b.\n<\/p>\n<p>\n  \u201cAz\u0259rbaycanda ictimai f\u0259all\u0131qla m\u0259\u015f\u011ful olan qad\u0131nlara b\u00f6htan at\u0131l\u0131r\u201d\n<\/p>\n<p>\n  T\u0259\u015fkilat bildirib ki, qad\u0131n aktivistl\u0259rin \u015fidd\u0259t\u0259 m\u0259ruz qalmas\u0131 Az\u0259rbaycan h\u00f6kum\u0259tinin t\u0259nqid\u00e7il\u0259rini susdurma\u011fa v\u0259 qad\u0131nlar\u0131n siyasi v\u0259 ictimai f\u0259all\u0131\u011f\u0131n\u0131 yat\u0131rma\u011fa y\u00f6n\u0259lmi\u015f strategiyan\u0131n bir hiss\u0259sidir.\n<\/p>\n<p>\n  T\u0259\u015fkilat h\u0259m \u00f6zl\u0259ri siyasi v\u0259 ya ictimai f\u0259all\u0131qla m\u0259\u015f\u011ful olan qad\u0131nlara, h\u0259m d\u0259 ki\u015fi f\u0259allarla \u0259laq\u0259si olan qad\u0131nlara b\u00f6htan atma\u011fa v\u0259 onlar\u0131 susdurma\u011fa y\u00f6n\u0259lmi\u015f sistemli c\u0259hdl\u0259ri s\u0259n\u0259dl\u0259\u015fdirib.\n<\/p>\n<p>\n  \u201cBir t\u0259r\u0259fd\u0259n onlar b\u00f6htan kampaniyalar\u0131na m\u0259ruz qal\u0131r v\u0259 \u201cpis h\u0259yat yolda\u015f\u0131\u201d v\u0259 ya \u201cpis ana\u201d olmaqda ittiham olunur. Dig\u0259r t\u0259r\u0259fd\u0259n, onlar sosial \u015f\u0259b\u0259k\u0259l\u0259rd\u0259ki hesablar\u0131 s\u0131nd\u0131r\u0131lmaqla v\u0259 \u015f\u0259xsi yaz\u0131\u015fmalar\u0131n\u0131n, \u015f\u0259xsi m\u0259lumatlar\u0131n\u0131n v\u0259 cinsi xarakterli materiallar\u0131n d\u0259rc edilm\u0259si il\u0259 \u015fantaj edilir. Son iki ild\u0259 \u0259n az 15 bel\u0259 hadis\u0259 olub v\u0259 bu hallar\u0131n say\u0131 art\u0131r\u201d, \u2013 t\u0259\u015fkilat b\u0259yan edib.\n<\/p>\n<p>\n  &quot;D\u00f6vl\u0259t m\u00fcvafiq add\u0131mlar at\u0131lmal\u0131d\u0131r&quot;\n<\/p>\n<p>\n  Demokratik \u0130slahatlar Partiyas\u0131n\u0131n s\u0259dri, Milli M\u0259clisin Beyn\u0259lxalq m\u00fcnasib\u0259tl\u0259r komit\u0259sinin \u00fczv\u00fc Asim Mollazad\u0259 deyir ki, qad\u0131nlara qar\u015f\u0131 zorak\u0131l\u0131q \u0259sas\u0259n pandemiya d\u00f6vr\u00fcnd\u0259 art\u0131b: &quot;Qad\u0131nlara qar\u015f\u0131 zorak\u0131l\u0131q d\u00fcnyan\u0131n bir s\u0131ra b\u00f6lg\u0259l\u0259rind\u0259 d\u0259 art\u0131b. Bu, pandemiyan\u0131n oldu\u011fu m\u00fcdd\u0259td\u0259 daha \u00e7ox diqq\u0259t \u00e7\u0259kir&quot;.\n<\/p>\n<figure class=\"wp-block-image size-large\">\n  <img decoding=\"async\" src=\"https:\/\/www.meydan.tv\/az\/asim-mollazade\/\" alt=\"Asim Mollazad\u0259\" class=\"wp-image-100581\"\/><figcaption>\n    Asim Mollazad\u0259<br \/>\n  <\/figcaption><\/figure>\n<p>\n  Deputat hesab edir ki, bu hallar\u0131n qar\u015f\u0131s\u0131n\u0131 almaq Az\u0259rbaycan \u00fc\u00e7\u00fcn d\u0259 \u00e7ox m\u00fch\u00fcm \u0259h\u0259miyy\u0259t k\u0259sb edir:\n<\/p>\n<p>\n  &quot;Qad\u0131nlar\u0131n c\u0259miyy\u0259td\u0259 rolu Az\u0259rbaycan \u00fc\u00e7\u00fcn tarixi d\u0259y\u0259rdir. \u00c7\u00fcnki Az\u0259rbaycan \u0259ks\u0259r Avropa \u00f6lk\u0259l\u0259rdind\u0259n qad\u0131nlara daha tez se\u00e7m\u0259k v\u0259 se\u00e7ilm\u0259k h\u00fcququ verib. \u015e\u0259rqd\u0259 t\u0259hsil h\u00fcququ v\u0259 c\u0259miyy\u0259td\u0259 dialoq \u0259ld\u0259 etm\u0259k haqq\u0131n\u0131 ilk d\u0259f\u0259 m\u0259hz Az\u0259rbaycan qad\u0131nlar\u0131 qazan\u0131blar. Onun \u00fc\u00e7\u00fcn qad\u0131nlar\u0131n h\u00fcquqlar\u0131 il\u0259 ba\u011fl\u0131 b\u00fct\u00fcn probleml\u0259r\u0259 diqq\u0259tl\u0259 yana\u015fmaq laz\u0131md\u0131r. Ail\u0259, Qad\u0131n v\u0259 U\u015faq Probleml\u0259ri \u00fczr\u0259 D\u00f6vl\u0259t Komit\u0259si bu m\u0259s\u0259l\u0259l\u0259r\u0259 ciddi yana\u015f\u0131b h\u0259r bir fakt\u0131 ara\u015fd\u0131rmal\u0131, d\u00f6vl\u0259t t\u0259r\u0259find\u0259n m\u00fcvafiq add\u0131mlar at\u0131lmal\u0131d\u0131r. N\u0259hay\u0259t, Milli M\u0259clisin m\u00fcvafiq komit\u0259si d\u0259 d\u00f6vl\u0259t komit\u0259si il\u0259 birg\u0259 h\u0259r bir fakt\u0131 ara\u015fd\u0131r\u0131b i\u015f plan\u0131n\u0131 m\u00fczakir\u0259 etm\u0259li v\u0259 z\u0259ruri add\u0131mlar atmal\u0131d\u0131r&quot;.<\/p>\n","protected":false},"excerpt":{"rendered":"<p>Deputat hesab edir ki, bu hallar\u0131n qar\u015f\u0131s\u0131n\u0131 almaq Az\u0259rbaycan \u00fc\u00e7\u00fcn d\u0259 \u00e7ox m\u00fch\u00fcm \u0259h\u0259miyy\u0259t k\u0259sb edir<\/p>\n","protected":false},"author":11,"featured_media":161157,"comment_status":"closed","ping_status":"open","sticky":false,"template":"","format":"standard","meta":{"_acf_changed":false,"_sitemap_exclude":false,"_sitemap_priority":"","_sitemap_frequency":"","footnotes":""},"categories":[62],"tags":[],"class_list":["post-206355","post","type-post","status-publish","format-standard","has-post-thumbnail","hentry","category-sosial","infinite-scroll-item","generate-columns","tablet-grid-50","mobile-grid-100","grid-parent","grid-33","no-featured-image-padding"],"acf":[],"yoast_head":"<!-- This site is optimized with the Yoast SEO plugin v27.5 - https:\/\/yoast.com\/product\/yoast-seo-wordpress\/ -->\n<title>Norve\u00e7 Helsinki Komit\u0259si: Az\u0259rbaycanda qad\u0131nlar m\u00fcdafi\u0259sizdir - MEYDAN.TV<\/title>\n<meta name=\"robots\" content=\"index, follow, max-snippet:-1, max-image-preview:large, max-video-preview:-1\" \/>\n<link rel=\"canonical\" href=\"https:\/\/www.meydan.tv\/az\/article\/norvec-helsinki-komitesi-azerbaycanda-qadinlar-mudafiesizdir\/\" \/>\n<meta property=\"og:locale\" content=\"az_AZ\" \/>\n<meta property=\"og:type\" content=\"article\" \/>\n<meta property=\"og:title\" content=\"Norve\u00e7 Helsinki Komit\u0259si: Az\u0259rbaycanda qad\u0131nlar m\u00fcdafi\u0259sizdir - MEYDAN.TV\" \/>\n<meta property=\"og:description\" content=\"Deputat hesab edir ki, bu hallar\u0131n qar\u015f\u0131s\u0131n\u0131 almaq Az\u0259rbaycan \u00fc\u00e7\u00fcn d\u0259 \u00e7ox m\u00fch\u00fcm \u0259h\u0259miyy\u0259t k\u0259sb edir\" \/>\n<meta property=\"og:url\" content=\"https:\/\/www.meydan.tv\/az\/article\/norvec-helsinki-komitesi-azerbaycanda-qadinlar-mudafiesizdir\/\" \/>\n<meta property=\"og:site_name\" content=\"MEYDAN.TV\" \/>\n<meta property=\"article:published_time\" content=\"2021-05-24T13:10:07+00:00\" \/>\n<meta property=\"og:image\" content=\"https:\/\/www.meydan.tv\/wp-content\/uploads\/logo_med-blabakgrunn_engelsk-1920x1200-1.jpg\" \/>\n\t<meta property=\"og:image:width\" content=\"1920\" \/>\n\t<meta property=\"og:image:height\" content=\"1200\" \/>\n\t<meta property=\"og:image:type\" content=\"image\/jpeg\" \/>\n<meta name=\"author\" content=\"user-manager\" \/>\n<meta name=\"twitter:card\" content=\"summary_large_image\" \/>\n<script type=\"application\/ld+json\" class=\"yoast-schema-graph\">{\"@context\":\"https:\\\/\\\/schema.org\",\"@graph\":[{\"@type\":\"Article\",\"@id\":\"https:\\\/\\\/www.meydan.tv\\\/az\\\/article\\\/norvec-helsinki-komitesi-azerbaycanda-qadinlar-mudafiesizdir\\\/#article\",\"isPartOf\":{\"@id\":\"https:\\\/\\\/www.meydan.tv\\\/az\\\/article\\\/norvec-helsinki-komitesi-azerbaycanda-qadinlar-mudafiesizdir\\\/\"},\"author\":{\"name\":\"user-manager\",\"@id\":\"https:\\\/\\\/www.meydan.tv\\\/az\\\/#\\\/schema\\\/person\\\/10d11eccf6da3662cf5fdab9806ea91a\"},\"headline\":\"Norve\u00e7 Helsinki Komit\u0259si: Az\u0259rbaycanda qad\u0131nlar m\u00fcdafi\u0259sizdir\",\"datePublished\":\"2021-05-24T13:10:07+00:00\",\"mainEntityOfPage\":{\"@id\":\"https:\\\/\\\/www.meydan.tv\\\/az\\\/article\\\/norvec-helsinki-komitesi-azerbaycanda-qadinlar-mudafiesizdir\\\/\"},\"wordCount\":2415,\"publisher\":{\"@id\":\"https:\\\/\\\/www.meydan.tv\\\/az\\\/#organization\"},\"image\":{\"@id\":\"https:\\\/\\\/www.meydan.tv\\\/az\\\/article\\\/norvec-helsinki-komitesi-azerbaycanda-qadinlar-mudafiesizdir\\\/#primaryimage\"},\"thumbnailUrl\":\"https:\\\/\\\/www.meydan.tv\\\/wp-content\\\/uploads\\\/logo_med-blabakgrunn_engelsk-1920x1200-1.jpg\",\"articleSection\":[\"Sosial\"],\"inLanguage\":\"az\"},{\"@type\":\"WebPage\",\"@id\":\"https:\\\/\\\/www.meydan.tv\\\/az\\\/article\\\/norvec-helsinki-komitesi-azerbaycanda-qadinlar-mudafiesizdir\\\/\",\"url\":\"https:\\\/\\\/www.meydan.tv\\\/az\\\/article\\\/norvec-helsinki-komitesi-azerbaycanda-qadinlar-mudafiesizdir\\\/\",\"name\":\"Norve\u00e7 Helsinki Komit\u0259si: Az\u0259rbaycanda qad\u0131nlar m\u00fcdafi\u0259sizdir - MEYDAN.TV\",\"isPartOf\":{\"@id\":\"https:\\\/\\\/www.meydan.tv\\\/az\\\/#website\"},\"primaryImageOfPage\":{\"@id\":\"https:\\\/\\\/www.meydan.tv\\\/az\\\/article\\\/norvec-helsinki-komitesi-azerbaycanda-qadinlar-mudafiesizdir\\\/#primaryimage\"},\"image\":{\"@id\":\"https:\\\/\\\/www.meydan.tv\\\/az\\\/article\\\/norvec-helsinki-komitesi-azerbaycanda-qadinlar-mudafiesizdir\\\/#primaryimage\"},\"thumbnailUrl\":\"https:\\\/\\\/www.meydan.tv\\\/wp-content\\\/uploads\\\/logo_med-blabakgrunn_engelsk-1920x1200-1.jpg\",\"datePublished\":\"2021-05-24T13:10:07+00:00\",\"breadcrumb\":{\"@id\":\"https:\\\/\\\/www.meydan.tv\\\/az\\\/article\\\/norvec-helsinki-komitesi-azerbaycanda-qadinlar-mudafiesizdir\\\/#breadcrumb\"},\"inLanguage\":\"az\",\"potentialAction\":[{\"@type\":\"ReadAction\",\"target\":[\"https:\\\/\\\/www.meydan.tv\\\/az\\\/article\\\/norvec-helsinki-komitesi-azerbaycanda-qadinlar-mudafiesizdir\\\/\"]}]},{\"@type\":\"ImageObject\",\"inLanguage\":\"az\",\"@id\":\"https:\\\/\\\/www.meydan.tv\\\/az\\\/article\\\/norvec-helsinki-komitesi-azerbaycanda-qadinlar-mudafiesizdir\\\/#primaryimage\",\"url\":\"https:\\\/\\\/www.meydan.tv\\\/wp-content\\\/uploads\\\/logo_med-blabakgrunn_engelsk-1920x1200-1.jpg\",\"contentUrl\":\"https:\\\/\\\/www.meydan.tv\\\/wp-content\\\/uploads\\\/logo_med-blabakgrunn_engelsk-1920x1200-1.jpg\",\"width\":1920,\"height\":1200,\"caption\":\"Source: Specify Source\"},{\"@type\":\"BreadcrumbList\",\"@id\":\"https:\\\/\\\/www.meydan.tv\\\/az\\\/article\\\/norvec-helsinki-komitesi-azerbaycanda-qadinlar-mudafiesizdir\\\/#breadcrumb\",\"itemListElement\":[{\"@type\":\"ListItem\",\"position\":1,\"name\":\"Ana s\u0259hif\u0259\",\"item\":\"https:\\\/\\\/www.meydan.tv\\\/az\\\/\"},{\"@type\":\"ListItem\",\"position\":2,\"name\":\"Sosial\",\"item\":\"https:\\\/\\\/www.meydan.tv\\\/az\\\/section\\\/sosial\\\/\"},{\"@type\":\"ListItem\",\"position\":3,\"name\":\"Norve\u00e7 Helsinki Komit\u0259si: Az\u0259rbaycanda qad\u0131nlar m\u00fcdafi\u0259sizdir\"}]},{\"@type\":\"WebSite\",\"@id\":\"https:\\\/\\\/www.meydan.tv\\\/az\\\/#website\",\"url\":\"https:\\\/\\\/www.meydan.tv\\\/az\\\/\",\"name\":\"MEYDAN.TV\",\"description\":\"Meydan TV Az\u0259rbaycan\u0131n media m\u0259kan\u0131ndak\u0131 alternativ s\u0259sidir\",\"publisher\":{\"@id\":\"https:\\\/\\\/www.meydan.tv\\\/az\\\/#organization\"},\"potentialAction\":[{\"@type\":\"SearchAction\",\"target\":{\"@type\":\"EntryPoint\",\"urlTemplate\":\"https:\\\/\\\/www.meydan.tv\\\/az\\\/?s={search_term_string}\"},\"query-input\":{\"@type\":\"PropertyValueSpecification\",\"valueRequired\":true,\"valueName\":\"search_term_string\"}}],\"inLanguage\":\"az\"},{\"@type\":\"Organization\",\"@id\":\"https:\\\/\\\/www.meydan.tv\\\/az\\\/#organization\",\"name\":\"Meydan TV\",\"url\":\"https:\\\/\\\/www.meydan.tv\\\/az\\\/\",\"logo\":{\"@type\":\"ImageObject\",\"inLanguage\":\"az\",\"@id\":\"https:\\\/\\\/www.meydan.tv\\\/az\\\/#\\\/schema\\\/logo\\\/image\\\/\",\"url\":\"https:\\\/\\\/www.meydan.tv\\\/wp-content\\\/uploads\\\/2021\\\/07\\\/meydan-logo.svg\",\"contentUrl\":\"https:\\\/\\\/www.meydan.tv\\\/wp-content\\\/uploads\\\/2021\\\/07\\\/meydan-logo.svg\",\"width\":195,\"height\":46,\"caption\":\"Meydan TV\"},\"image\":{\"@id\":\"https:\\\/\\\/www.meydan.tv\\\/az\\\/#\\\/schema\\\/logo\\\/image\\\/\"}},{\"@type\":\"Person\",\"@id\":\"https:\\\/\\\/www.meydan.tv\\\/az\\\/#\\\/schema\\\/person\\\/10d11eccf6da3662cf5fdab9806ea91a\",\"name\":\"user-manager\"}]}<\/script>\n<!-- \/ Yoast SEO plugin. -->","yoast_head_json":{"title":"Norve\u00e7 Helsinki Komit\u0259si: Az\u0259rbaycanda qad\u0131nlar m\u00fcdafi\u0259sizdir - MEYDAN.TV","robots":{"index":"index","follow":"follow","max-snippet":"max-snippet:-1","max-image-preview":"max-image-preview:large","max-video-preview":"max-video-preview:-1"},"canonical":"https:\/\/www.meydan.tv\/az\/article\/norvec-helsinki-komitesi-azerbaycanda-qadinlar-mudafiesizdir\/","og_locale":"az_AZ","og_type":"article","og_title":"Norve\u00e7 Helsinki Komit\u0259si: Az\u0259rbaycanda qad\u0131nlar m\u00fcdafi\u0259sizdir - MEYDAN.TV","og_description":"Deputat hesab edir ki, bu hallar\u0131n qar\u015f\u0131s\u0131n\u0131 almaq Az\u0259rbaycan \u00fc\u00e7\u00fcn d\u0259 \u00e7ox m\u00fch\u00fcm \u0259h\u0259miyy\u0259t k\u0259sb edir","og_url":"https:\/\/www.meydan.tv\/az\/article\/norvec-helsinki-komitesi-azerbaycanda-qadinlar-mudafiesizdir\/","og_site_name":"MEYDAN.TV","article_published_time":"2021-05-24T13:10:07+00:00","og_image":[{"width":1920,"height":1200,"url":"https:\/\/www.meydan.tv\/wp-content\/uploads\/logo_med-blabakgrunn_engelsk-1920x1200-1.jpg","type":"image\/jpeg"}],"author":"user-manager","twitter_card":"summary_large_image","schema":{"@context":"https:\/\/schema.org","@graph":[{"@type":"Article","@id":"https:\/\/www.meydan.tv\/az\/article\/norvec-helsinki-komitesi-azerbaycanda-qadinlar-mudafiesizdir\/#article","isPartOf":{"@id":"https:\/\/www.meydan.tv\/az\/article\/norvec-helsinki-komitesi-azerbaycanda-qadinlar-mudafiesizdir\/"},"author":{"name":"user-manager","@id":"https:\/\/www.meydan.tv\/az\/#\/schema\/person\/10d11eccf6da3662cf5fdab9806ea91a"},"headline":"Norve\u00e7 Helsinki Komit\u0259si: Az\u0259rbaycanda qad\u0131nlar m\u00fcdafi\u0259sizdir","datePublished":"2021-05-24T13:10:07+00:00","mainEntityOfPage":{"@id":"https:\/\/www.meydan.tv\/az\/article\/norvec-helsinki-komitesi-azerbaycanda-qadinlar-mudafiesizdir\/"},"wordCount":2415,"publisher":{"@id":"https:\/\/www.meydan.tv\/az\/#organization"},"image":{"@id":"https:\/\/www.meydan.tv\/az\/article\/norvec-helsinki-komitesi-azerbaycanda-qadinlar-mudafiesizdir\/#primaryimage"},"thumbnailUrl":"https:\/\/www.meydan.tv\/wp-content\/uploads\/logo_med-blabakgrunn_engelsk-1920x1200-1.jpg","articleSection":["Sosial"],"inLanguage":"az"},{"@type":"WebPage","@id":"https:\/\/www.meydan.tv\/az\/article\/norvec-helsinki-komitesi-azerbaycanda-qadinlar-mudafiesizdir\/","url":"https:\/\/www.meydan.tv\/az\/article\/norvec-helsinki-komitesi-azerbaycanda-qadinlar-mudafiesizdir\/","name":"Norve\u00e7 Helsinki Komit\u0259si: Az\u0259rbaycanda qad\u0131nlar m\u00fcdafi\u0259sizdir - MEYDAN.TV","isPartOf":{"@id":"https:\/\/www.meydan.tv\/az\/#website"},"primaryImageOfPage":{"@id":"https:\/\/www.meydan.tv\/az\/article\/norvec-helsinki-komitesi-azerbaycanda-qadinlar-mudafiesizdir\/#primaryimage"},"image":{"@id":"https:\/\/www.meydan.tv\/az\/article\/norvec-helsinki-komitesi-azerbaycanda-qadinlar-mudafiesizdir\/#primaryimage"},"thumbnailUrl":"https:\/\/www.meydan.tv\/wp-content\/uploads\/logo_med-blabakgrunn_engelsk-1920x1200-1.jpg","datePublished":"2021-05-24T13:10:07+00:00","breadcrumb":{"@id":"https:\/\/www.meydan.tv\/az\/article\/norvec-helsinki-komitesi-azerbaycanda-qadinlar-mudafiesizdir\/#breadcrumb"},"inLanguage":"az","potentialAction":[{"@type":"ReadAction","target":["https:\/\/www.meydan.tv\/az\/article\/norvec-helsinki-komitesi-azerbaycanda-qadinlar-mudafiesizdir\/"]}]},{"@type":"ImageObject","inLanguage":"az","@id":"https:\/\/www.meydan.tv\/az\/article\/norvec-helsinki-komitesi-azerbaycanda-qadinlar-mudafiesizdir\/#primaryimage","url":"https:\/\/www.meydan.tv\/wp-content\/uploads\/logo_med-blabakgrunn_engelsk-1920x1200-1.jpg","contentUrl":"https:\/\/www.meydan.tv\/wp-content\/uploads\/logo_med-blabakgrunn_engelsk-1920x1200-1.jpg","width":1920,"height":1200,"caption":"Source: Specify Source"},{"@type":"BreadcrumbList","@id":"https:\/\/www.meydan.tv\/az\/article\/norvec-helsinki-komitesi-azerbaycanda-qadinlar-mudafiesizdir\/#breadcrumb","itemListElement":[{"@type":"ListItem","position":1,"name":"Ana s\u0259hif\u0259","item":"https:\/\/www.meydan.tv\/az\/"},{"@type":"ListItem","position":2,"name":"Sosial","item":"https:\/\/www.meydan.tv\/az\/section\/sosial\/"},{"@type":"ListItem","position":3,"name":"Norve\u00e7 Helsinki Komit\u0259si: Az\u0259rbaycanda qad\u0131nlar m\u00fcdafi\u0259sizdir"}]},{"@type":"WebSite","@id":"https:\/\/www.meydan.tv\/az\/#website","url":"https:\/\/www.meydan.tv\/az\/","name":"MEYDAN.TV","description":"Meydan TV Az\u0259rbaycan\u0131n media m\u0259kan\u0131ndak\u0131 alternativ s\u0259sidir","publisher":{"@id":"https:\/\/www.meydan.tv\/az\/#organization"},"potentialAction":[{"@type":"SearchAction","target":{"@type":"EntryPoint","urlTemplate":"https:\/\/www.meydan.tv\/az\/?s={search_term_string}"},"query-input":{"@type":"PropertyValueSpecification","valueRequired":true,"valueName":"search_term_string"}}],"inLanguage":"az"},{"@type":"Organization","@id":"https:\/\/www.meydan.tv\/az\/#organization","name":"Meydan TV","url":"https:\/\/www.meydan.tv\/az\/","logo":{"@type":"ImageObject","inLanguage":"az","@id":"https:\/\/www.meydan.tv\/az\/#\/schema\/logo\/image\/","url":"https:\/\/www.meydan.tv\/wp-content\/uploads\/2021\/07\/meydan-logo.svg","contentUrl":"https:\/\/www.meydan.tv\/wp-content\/uploads\/2021\/07\/meydan-logo.svg","width":195,"height":46,"caption":"Meydan TV"},"image":{"@id":"https:\/\/www.meydan.tv\/az\/#\/schema\/logo\/image\/"}},{"@type":"Person","@id":"https:\/\/www.meydan.tv\/az\/#\/schema\/person\/10d11eccf6da3662cf5fdab9806ea91a","name":"user-manager"}]}},"_links":{"self":[{"href":"https:\/\/www.meydan.tv\/az\/wp-json\/wp\/v2\/posts\/206355","targetHints":{"allow":["GET"]}}],"collection":[{"href":"https:\/\/www.meydan.tv\/az\/wp-json\/wp\/v2\/posts"}],"about":[{"href":"https:\/\/www.meydan.tv\/az\/wp-json\/wp\/v2\/types\/post"}],"author":[{"embeddable":true,"href":"https:\/\/www.meydan.tv\/az\/wp-json\/wp\/v2\/users\/11"}],"replies":[{"embeddable":true,"href":"https:\/\/www.meydan.tv\/az\/wp-json\/wp\/v2\/comments?post=206355"}],"version-history":[{"count":0,"href":"https:\/\/www.meydan.tv\/az\/wp-json\/wp\/v2\/posts\/206355\/revisions"}],"wp:featuredmedia":[{"embeddable":true,"href":"https:\/\/www.meydan.tv\/az\/wp-json\/wp\/v2\/media\/161157"}],"wp:attachment":[{"href":"https:\/\/www.meydan.tv\/az\/wp-json\/wp\/v2\/media?parent=206355"}],"wp:term":[{"taxonomy":"category","embeddable":true,"href":"https:\/\/www.meydan.tv\/az\/wp-json\/wp\/v2\/categories?post=206355"},{"taxonomy":"post_tag","embeddable":true,"href":"https:\/\/www.meydan.tv\/az\/wp-json\/wp\/v2\/tags?post=206355"}],"curies":[{"name":"wp","href":"https:\/\/api.w.org\/{rel}","templated":true}]}}