{"id":206348,"date":"2021-05-22T18:43:23","date_gmt":"2021-05-22T18:43:23","guid":{"rendered":"https:\/\/www.meydan.tv\/article\/azerbaycanin-beynelxalq-yukdasimasi-mehve-dogru-gedir\/"},"modified":"2021-05-22T18:43:23","modified_gmt":"2021-05-22T18:43:23","slug":"azerbaycanin-beynelxalq-yukdasimasi-mehve-dogru-gedir","status":"publish","type":"post","link":"https:\/\/www.meydan.tv\/az\/article\/azerbaycanin-beynelxalq-yukdasimasi-mehve-dogru-gedir\/","title":{"rendered":"\u201cAz\u0259rbaycan\u0131n beyn\u0259lxalq y\u00fckda\u015f\u0131mas\u0131 m\u0259hv\u0259 do\u011fru gedir\u201d"},"content":{"rendered":"<figure class=\"wp-block-embed is-type-video is-provider-youtube wp-block-embed-youtube wp-embed-aspect-16-9 wp-has-aspect-ratio\">\n<div class=\"wp-block-embed__wrapper\">\n    <iframe\ttitle=\"\u201cAz\u0259rbaycan\u0131n beyn\u0259lxalq y\u00fckda\u015f\u0131mas\u0131 m\u0259hv\u0259 do\u011fru gedir\u201d\" width=\"1200\" height=\"675\" data-src=\"https:\/\/www.youtube.com\/embed\/IIknpvD9J5Y\"\tframeborder=\"0\"\tallow=\"accelerometer; autoplay; clipboard-write; encrypted-media; gyroscope; picture-in-picture\" allowfullscreen src=\"data:image\/svg+xml;base64,PHN2ZyB3aWR0aD0iMSIgaGVpZ2h0PSIxIiB4bWxucz0iaHR0cDovL3d3dy53My5vcmcvMjAwMC9zdmciPjwvc3ZnPg==\" class=\"lazyload\" data-load-mode=\"1\"><\/iframe>\n  <\/div><figcaption>\n    \u201cAz\u0259rbaycan\u0131n beyn\u0259lxalq y\u00fckda\u015f\u0131mas\u0131 m\u0259hv\u0259 do\u011fru gedir\u201d<br \/>\n  <\/figcaption><\/figure>\n<p>\n  \u201cQaraba\u011f Transport\u201d y\u00fckda\u015f\u0131ma \u015firk\u0259ti 3 ildir ki, r\u0259smi \u015f\u0259kild\u0259 f\u0259aliyy\u0259t g\u00f6st\u0259rir. \u015eirk\u0259tin t\u0259sis\u00e7isi Ramil B\u0259yl\u0259rov deyir ki, Az\u0259rbaycanda G\u00f6mr\u00fck Komit\u0259si v\u0259 N\u0259qliyyat Departamenti beyn\u0259lxalq y\u00fckda\u015f\u0131man\u0131n inki\u015faf\u0131na mane olur.\n<\/p>\n<p>\n  Sahibkar bildirir ki, g\u00f6mr\u00fck ke\u00e7id m\u0259nt\u0259q\u0259sind\u0259 onlara y\u00fck\u00fcn hans\u0131 rejimd\u0259 bo\u015fald\u0131l\u0131b-y\u0131\u011f\u0131lmas\u0131 il\u0259 ba\u011fl\u0131 protokol verilmir.\n<\/p>\n<p>\n  Ramil B\u0259yl\u0259rov iddia edir ki, g\u00f6mr\u00fck postundan ke\u00e7\u0259n Da\u011f\u0131stan s\u00fcr\u00fcc\u00fcl\u0259rind\u0259n d\u0259 qeyri-qanuni pul al\u0131n\u0131r. N\u0259tic\u0259d\u0259 Az\u0259rbaycan y\u00fckda\u015f\u0131y\u0131c\u0131lar\u0131 g\u00fcnl\u0259rl\u0259 s\u00fcni t\u0131xaclarda g\u00f6zl\u0259m\u0259li olur. Bu is\u0259 m\u0259hsulun xarab olmas\u0131na v\u0259 s\u00fcr\u00fcc\u00fcl\u0259rin \u0259lav\u0259 x\u0259rcl\u0259rinin yaranmas\u0131na \u015f\u0259rait yarad\u0131r.\n<\/p>\n<p>\n  \u015eirk\u0259t r\u0259hb\u0259ri sahibkarl\u0131\u011fa d\u00f6vl\u0259t d\u0259st\u0259yinin olmamas\u0131ndan da \u015fikay\u0259t\u00e7idir. Deyir ki, \u00f6lk\u0259daxili tenderl\u0259rd\u0259 i\u015ftirak ed\u0259 bilmirl\u0259r. O, bunun s\u0259b\u0259bini tenderl\u0259rd\u0259 tan\u0131\u015fl\u0131q v\u0259 qohumbazl\u0131\u011f\u0131n \u00fcst\u00fcnl\u00fck t\u0259\u015fkil etm\u0259sind\u0259 g\u00f6r\u00fcr.\n<\/p>\n<p>\n  \u0130qtisad\u00e7\u0131 ekspert Natiq C\u0259f\u0259rli deyir ki, Az\u0259rbaycanda is\u0259 g\u00f6mr\u00fck sah\u0259sind\u0259 do\u011fru idar\u0259etm\u0259 sistemi qurulmay\u0131b. O, problemi h\u0259m d\u0259 Az\u0259rbaycanda g\u00f6mr\u00fck qaydalar\u0131n\u0131 t\u0259nziml\u0259y\u0259n prosedurlar\u0131n olmamas\u0131nda g\u00f6r\u00fcr.\n<\/p>\n<p>\n  \u0130qtisad\u00e7\u0131 bildirir ki, y\u00fckda\u015f\u0131mada Rusiya t\u0259r\u0259fd\u0259n qaynaqlanan \u0259ng\u0259ll\u0259r d\u0259 \u00e7oxdur. Onun fikrinc\u0259, bundan \u00e7\u0131x\u0131\u015f yolu h\u00f6kum\u0259tin m\u0259s\u0259l\u0259y\u0259 m\u00fcdaxil\u0259 etm\u0259si v\u0259 \u00f6lk\u0259l\u0259raras\u0131 y\u00fckda\u015f\u0131mada m\u00fcqavil\u0259nin ba\u011flanmas\u0131d\u0131r.<\/p>\n","protected":false},"excerpt":{"rendered":"<p>\u201cQaraba\u011f Transport\u201d y\u00fckda\u015f\u0131ma \u015firk\u0259ti 3 ildir ki, r\u0259smi \u015f\u0259kild\u0259 f\u0259aliyy\u0259t g\u00f6st\u0259rir.<\/p>\n","protected":false},"author":11,"featured_media":161130,"comment_status":"closed","ping_status":"open","sticky":false,"template":"","format":"standard","meta":{"_acf_changed":false,"_sitemap_exclude":false,"_sitemap_priority":"","_sitemap_frequency":"","footnotes":""},"categories":[63],"tags":[],"class_list":["post-206348","post","type-post","status-publish","format-standard","has-post-thumbnail","hentry","category-video-2","infinite-scroll-item","generate-columns","tablet-grid-50","mobile-grid-100","grid-parent","grid-33","no-featured-image-padding"],"acf":[],"yoast_head":"<!-- This site is optimized with the Yoast SEO plugin v27.5 - https:\/\/yoast.com\/product\/yoast-seo-wordpress\/ -->\n<title>\u201cAz\u0259rbaycan\u0131n beyn\u0259lxalq y\u00fckda\u015f\u0131mas\u0131 m\u0259hv\u0259 do\u011fru gedir\u201d - MEYDAN.TV<\/title>\n<meta name=\"robots\" content=\"index, follow, max-snippet:-1, max-image-preview:large, max-video-preview:-1\" \/>\n<link rel=\"canonical\" href=\"https:\/\/www.meydan.tv\/az\/article\/azerbaycanin-beynelxalq-yukdasimasi-mehve-dogru-gedir\/\" \/>\n<meta property=\"og:locale\" content=\"az_AZ\" \/>\n<meta property=\"og:type\" content=\"article\" \/>\n<meta property=\"og:title\" content=\"\u201cAz\u0259rbaycan\u0131n beyn\u0259lxalq y\u00fckda\u015f\u0131mas\u0131 m\u0259hv\u0259 do\u011fru gedir\u201d - MEYDAN.TV\" \/>\n<meta property=\"og:description\" content=\"\u201cQaraba\u011f Transport\u201d y\u00fckda\u015f\u0131ma \u015firk\u0259ti 3 ildir ki, r\u0259smi \u015f\u0259kild\u0259 f\u0259aliyy\u0259t g\u00f6st\u0259rir.\" \/>\n<meta property=\"og:url\" content=\"https:\/\/www.meydan.tv\/az\/article\/azerbaycanin-beynelxalq-yukdasimasi-mehve-dogru-gedir\/\" \/>\n<meta property=\"og:site_name\" content=\"MEYDAN.TV\" \/>\n<meta property=\"article:published_time\" content=\"2021-05-22T18:43:23+00:00\" \/>\n<meta property=\"og:image\" content=\"https:\/\/www.meydan.tv\/wp-content\/uploads\/45545321.png\" \/>\n\t<meta property=\"og:image:width\" content=\"1280\" \/>\n\t<meta property=\"og:image:height\" content=\"720\" \/>\n\t<meta property=\"og:image:type\" content=\"image\/png\" \/>\n<meta name=\"author\" content=\"user-manager\" \/>\n<meta name=\"twitter:card\" content=\"summary_large_image\" \/>\n<script type=\"application\/ld+json\" class=\"yoast-schema-graph\">{\"@context\":\"https:\\\/\\\/schema.org\",\"@graph\":[{\"@type\":\"Article\",\"@id\":\"https:\\\/\\\/www.meydan.tv\\\/az\\\/article\\\/azerbaycanin-beynelxalq-yukdasimasi-mehve-dogru-gedir\\\/#article\",\"isPartOf\":{\"@id\":\"https:\\\/\\\/www.meydan.tv\\\/az\\\/article\\\/azerbaycanin-beynelxalq-yukdasimasi-mehve-dogru-gedir\\\/\"},\"author\":{\"name\":\"user-manager\",\"@id\":\"https:\\\/\\\/www.meydan.tv\\\/az\\\/#\\\/schema\\\/person\\\/10d11eccf6da3662cf5fdab9806ea91a\"},\"headline\":\"\u201cAz\u0259rbaycan\u0131n beyn\u0259lxalq y\u00fckda\u015f\u0131mas\u0131 m\u0259hv\u0259 do\u011fru gedir\u201d\",\"datePublished\":\"2021-05-22T18:43:23+00:00\",\"mainEntityOfPage\":{\"@id\":\"https:\\\/\\\/www.meydan.tv\\\/az\\\/article\\\/azerbaycanin-beynelxalq-yukdasimasi-mehve-dogru-gedir\\\/\"},\"wordCount\":322,\"publisher\":{\"@id\":\"https:\\\/\\\/www.meydan.tv\\\/az\\\/#organization\"},\"image\":{\"@id\":\"https:\\\/\\\/www.meydan.tv\\\/az\\\/article\\\/azerbaycanin-beynelxalq-yukdasimasi-mehve-dogru-gedir\\\/#primaryimage\"},\"thumbnailUrl\":\"https:\\\/\\\/www.meydan.tv\\\/wp-content\\\/uploads\\\/45545321.png\",\"articleSection\":[\"Video\"],\"inLanguage\":\"az\"},{\"@type\":\"WebPage\",\"@id\":\"https:\\\/\\\/www.meydan.tv\\\/az\\\/article\\\/azerbaycanin-beynelxalq-yukdasimasi-mehve-dogru-gedir\\\/\",\"url\":\"https:\\\/\\\/www.meydan.tv\\\/az\\\/article\\\/azerbaycanin-beynelxalq-yukdasimasi-mehve-dogru-gedir\\\/\",\"name\":\"\u201cAz\u0259rbaycan\u0131n beyn\u0259lxalq y\u00fckda\u015f\u0131mas\u0131 m\u0259hv\u0259 do\u011fru gedir\u201d - MEYDAN.TV\",\"isPartOf\":{\"@id\":\"https:\\\/\\\/www.meydan.tv\\\/az\\\/#website\"},\"primaryImageOfPage\":{\"@id\":\"https:\\\/\\\/www.meydan.tv\\\/az\\\/article\\\/azerbaycanin-beynelxalq-yukdasimasi-mehve-dogru-gedir\\\/#primaryimage\"},\"image\":{\"@id\":\"https:\\\/\\\/www.meydan.tv\\\/az\\\/article\\\/azerbaycanin-beynelxalq-yukdasimasi-mehve-dogru-gedir\\\/#primaryimage\"},\"thumbnailUrl\":\"https:\\\/\\\/www.meydan.tv\\\/wp-content\\\/uploads\\\/45545321.png\",\"datePublished\":\"2021-05-22T18:43:23+00:00\",\"breadcrumb\":{\"@id\":\"https:\\\/\\\/www.meydan.tv\\\/az\\\/article\\\/azerbaycanin-beynelxalq-yukdasimasi-mehve-dogru-gedir\\\/#breadcrumb\"},\"inLanguage\":\"az\",\"potentialAction\":[{\"@type\":\"ReadAction\",\"target\":[\"https:\\\/\\\/www.meydan.tv\\\/az\\\/article\\\/azerbaycanin-beynelxalq-yukdasimasi-mehve-dogru-gedir\\\/\"]}]},{\"@type\":\"ImageObject\",\"inLanguage\":\"az\",\"@id\":\"https:\\\/\\\/www.meydan.tv\\\/az\\\/article\\\/azerbaycanin-beynelxalq-yukdasimasi-mehve-dogru-gedir\\\/#primaryimage\",\"url\":\"https:\\\/\\\/www.meydan.tv\\\/wp-content\\\/uploads\\\/45545321.png\",\"contentUrl\":\"https:\\\/\\\/www.meydan.tv\\\/wp-content\\\/uploads\\\/45545321.png\",\"width\":1280,\"height\":720,\"caption\":\"Source: Meydan.TV\"},{\"@type\":\"BreadcrumbList\",\"@id\":\"https:\\\/\\\/www.meydan.tv\\\/az\\\/article\\\/azerbaycanin-beynelxalq-yukdasimasi-mehve-dogru-gedir\\\/#breadcrumb\",\"itemListElement\":[{\"@type\":\"ListItem\",\"position\":1,\"name\":\"Ana s\u0259hif\u0259\",\"item\":\"https:\\\/\\\/www.meydan.tv\\\/az\\\/\"},{\"@type\":\"ListItem\",\"position\":2,\"name\":\"Video\",\"item\":\"https:\\\/\\\/www.meydan.tv\\\/az\\\/section\\\/video-2\\\/\"},{\"@type\":\"ListItem\",\"position\":3,\"name\":\"\u201cAz\u0259rbaycan\u0131n beyn\u0259lxalq y\u00fckda\u015f\u0131mas\u0131 m\u0259hv\u0259 do\u011fru gedir\u201d\"}]},{\"@type\":\"WebSite\",\"@id\":\"https:\\\/\\\/www.meydan.tv\\\/az\\\/#website\",\"url\":\"https:\\\/\\\/www.meydan.tv\\\/az\\\/\",\"name\":\"MEYDAN.TV\",\"description\":\"Meydan TV Az\u0259rbaycan\u0131n media m\u0259kan\u0131ndak\u0131 alternativ s\u0259sidir\",\"publisher\":{\"@id\":\"https:\\\/\\\/www.meydan.tv\\\/az\\\/#organization\"},\"potentialAction\":[{\"@type\":\"SearchAction\",\"target\":{\"@type\":\"EntryPoint\",\"urlTemplate\":\"https:\\\/\\\/www.meydan.tv\\\/az\\\/?s={search_term_string}\"},\"query-input\":{\"@type\":\"PropertyValueSpecification\",\"valueRequired\":true,\"valueName\":\"search_term_string\"}}],\"inLanguage\":\"az\"},{\"@type\":\"Organization\",\"@id\":\"https:\\\/\\\/www.meydan.tv\\\/az\\\/#organization\",\"name\":\"Meydan TV\",\"url\":\"https:\\\/\\\/www.meydan.tv\\\/az\\\/\",\"logo\":{\"@type\":\"ImageObject\",\"inLanguage\":\"az\",\"@id\":\"https:\\\/\\\/www.meydan.tv\\\/az\\\/#\\\/schema\\\/logo\\\/image\\\/\",\"url\":\"https:\\\/\\\/www.meydan.tv\\\/wp-content\\\/uploads\\\/2021\\\/07\\\/meydan-logo.svg\",\"contentUrl\":\"https:\\\/\\\/www.meydan.tv\\\/wp-content\\\/uploads\\\/2021\\\/07\\\/meydan-logo.svg\",\"width\":195,\"height\":46,\"caption\":\"Meydan TV\"},\"image\":{\"@id\":\"https:\\\/\\\/www.meydan.tv\\\/az\\\/#\\\/schema\\\/logo\\\/image\\\/\"}},{\"@type\":\"Person\",\"@id\":\"https:\\\/\\\/www.meydan.tv\\\/az\\\/#\\\/schema\\\/person\\\/10d11eccf6da3662cf5fdab9806ea91a\",\"name\":\"user-manager\"}]}<\/script>\n<!-- \/ Yoast SEO plugin. -->","yoast_head_json":{"title":"\u201cAz\u0259rbaycan\u0131n beyn\u0259lxalq y\u00fckda\u015f\u0131mas\u0131 m\u0259hv\u0259 do\u011fru gedir\u201d - MEYDAN.TV","robots":{"index":"index","follow":"follow","max-snippet":"max-snippet:-1","max-image-preview":"max-image-preview:large","max-video-preview":"max-video-preview:-1"},"canonical":"https:\/\/www.meydan.tv\/az\/article\/azerbaycanin-beynelxalq-yukdasimasi-mehve-dogru-gedir\/","og_locale":"az_AZ","og_type":"article","og_title":"\u201cAz\u0259rbaycan\u0131n beyn\u0259lxalq y\u00fckda\u015f\u0131mas\u0131 m\u0259hv\u0259 do\u011fru gedir\u201d - MEYDAN.TV","og_description":"\u201cQaraba\u011f Transport\u201d y\u00fckda\u015f\u0131ma \u015firk\u0259ti 3 ildir ki, r\u0259smi \u015f\u0259kild\u0259 f\u0259aliyy\u0259t g\u00f6st\u0259rir.","og_url":"https:\/\/www.meydan.tv\/az\/article\/azerbaycanin-beynelxalq-yukdasimasi-mehve-dogru-gedir\/","og_site_name":"MEYDAN.TV","article_published_time":"2021-05-22T18:43:23+00:00","og_image":[{"width":1280,"height":720,"url":"https:\/\/www.meydan.tv\/wp-content\/uploads\/45545321.png","type":"image\/png"}],"author":"user-manager","twitter_card":"summary_large_image","schema":{"@context":"https:\/\/schema.org","@graph":[{"@type":"Article","@id":"https:\/\/www.meydan.tv\/az\/article\/azerbaycanin-beynelxalq-yukdasimasi-mehve-dogru-gedir\/#article","isPartOf":{"@id":"https:\/\/www.meydan.tv\/az\/article\/azerbaycanin-beynelxalq-yukdasimasi-mehve-dogru-gedir\/"},"author":{"name":"user-manager","@id":"https:\/\/www.meydan.tv\/az\/#\/schema\/person\/10d11eccf6da3662cf5fdab9806ea91a"},"headline":"\u201cAz\u0259rbaycan\u0131n beyn\u0259lxalq y\u00fckda\u015f\u0131mas\u0131 m\u0259hv\u0259 do\u011fru gedir\u201d","datePublished":"2021-05-22T18:43:23+00:00","mainEntityOfPage":{"@id":"https:\/\/www.meydan.tv\/az\/article\/azerbaycanin-beynelxalq-yukdasimasi-mehve-dogru-gedir\/"},"wordCount":322,"publisher":{"@id":"https:\/\/www.meydan.tv\/az\/#organization"},"image":{"@id":"https:\/\/www.meydan.tv\/az\/article\/azerbaycanin-beynelxalq-yukdasimasi-mehve-dogru-gedir\/#primaryimage"},"thumbnailUrl":"https:\/\/www.meydan.tv\/wp-content\/uploads\/45545321.png","articleSection":["Video"],"inLanguage":"az"},{"@type":"WebPage","@id":"https:\/\/www.meydan.tv\/az\/article\/azerbaycanin-beynelxalq-yukdasimasi-mehve-dogru-gedir\/","url":"https:\/\/www.meydan.tv\/az\/article\/azerbaycanin-beynelxalq-yukdasimasi-mehve-dogru-gedir\/","name":"\u201cAz\u0259rbaycan\u0131n beyn\u0259lxalq y\u00fckda\u015f\u0131mas\u0131 m\u0259hv\u0259 do\u011fru gedir\u201d - MEYDAN.TV","isPartOf":{"@id":"https:\/\/www.meydan.tv\/az\/#website"},"primaryImageOfPage":{"@id":"https:\/\/www.meydan.tv\/az\/article\/azerbaycanin-beynelxalq-yukdasimasi-mehve-dogru-gedir\/#primaryimage"},"image":{"@id":"https:\/\/www.meydan.tv\/az\/article\/azerbaycanin-beynelxalq-yukdasimasi-mehve-dogru-gedir\/#primaryimage"},"thumbnailUrl":"https:\/\/www.meydan.tv\/wp-content\/uploads\/45545321.png","datePublished":"2021-05-22T18:43:23+00:00","breadcrumb":{"@id":"https:\/\/www.meydan.tv\/az\/article\/azerbaycanin-beynelxalq-yukdasimasi-mehve-dogru-gedir\/#breadcrumb"},"inLanguage":"az","potentialAction":[{"@type":"ReadAction","target":["https:\/\/www.meydan.tv\/az\/article\/azerbaycanin-beynelxalq-yukdasimasi-mehve-dogru-gedir\/"]}]},{"@type":"ImageObject","inLanguage":"az","@id":"https:\/\/www.meydan.tv\/az\/article\/azerbaycanin-beynelxalq-yukdasimasi-mehve-dogru-gedir\/#primaryimage","url":"https:\/\/www.meydan.tv\/wp-content\/uploads\/45545321.png","contentUrl":"https:\/\/www.meydan.tv\/wp-content\/uploads\/45545321.png","width":1280,"height":720,"caption":"Source: Meydan.TV"},{"@type":"BreadcrumbList","@id":"https:\/\/www.meydan.tv\/az\/article\/azerbaycanin-beynelxalq-yukdasimasi-mehve-dogru-gedir\/#breadcrumb","itemListElement":[{"@type":"ListItem","position":1,"name":"Ana s\u0259hif\u0259","item":"https:\/\/www.meydan.tv\/az\/"},{"@type":"ListItem","position":2,"name":"Video","item":"https:\/\/www.meydan.tv\/az\/section\/video-2\/"},{"@type":"ListItem","position":3,"name":"\u201cAz\u0259rbaycan\u0131n beyn\u0259lxalq y\u00fckda\u015f\u0131mas\u0131 m\u0259hv\u0259 do\u011fru gedir\u201d"}]},{"@type":"WebSite","@id":"https:\/\/www.meydan.tv\/az\/#website","url":"https:\/\/www.meydan.tv\/az\/","name":"MEYDAN.TV","description":"Meydan TV Az\u0259rbaycan\u0131n media m\u0259kan\u0131ndak\u0131 alternativ s\u0259sidir","publisher":{"@id":"https:\/\/www.meydan.tv\/az\/#organization"},"potentialAction":[{"@type":"SearchAction","target":{"@type":"EntryPoint","urlTemplate":"https:\/\/www.meydan.tv\/az\/?s={search_term_string}"},"query-input":{"@type":"PropertyValueSpecification","valueRequired":true,"valueName":"search_term_string"}}],"inLanguage":"az"},{"@type":"Organization","@id":"https:\/\/www.meydan.tv\/az\/#organization","name":"Meydan TV","url":"https:\/\/www.meydan.tv\/az\/","logo":{"@type":"ImageObject","inLanguage":"az","@id":"https:\/\/www.meydan.tv\/az\/#\/schema\/logo\/image\/","url":"https:\/\/www.meydan.tv\/wp-content\/uploads\/2021\/07\/meydan-logo.svg","contentUrl":"https:\/\/www.meydan.tv\/wp-content\/uploads\/2021\/07\/meydan-logo.svg","width":195,"height":46,"caption":"Meydan TV"},"image":{"@id":"https:\/\/www.meydan.tv\/az\/#\/schema\/logo\/image\/"}},{"@type":"Person","@id":"https:\/\/www.meydan.tv\/az\/#\/schema\/person\/10d11eccf6da3662cf5fdab9806ea91a","name":"user-manager"}]}},"_links":{"self":[{"href":"https:\/\/www.meydan.tv\/az\/wp-json\/wp\/v2\/posts\/206348","targetHints":{"allow":["GET"]}}],"collection":[{"href":"https:\/\/www.meydan.tv\/az\/wp-json\/wp\/v2\/posts"}],"about":[{"href":"https:\/\/www.meydan.tv\/az\/wp-json\/wp\/v2\/types\/post"}],"author":[{"embeddable":true,"href":"https:\/\/www.meydan.tv\/az\/wp-json\/wp\/v2\/users\/11"}],"replies":[{"embeddable":true,"href":"https:\/\/www.meydan.tv\/az\/wp-json\/wp\/v2\/comments?post=206348"}],"version-history":[{"count":0,"href":"https:\/\/www.meydan.tv\/az\/wp-json\/wp\/v2\/posts\/206348\/revisions"}],"wp:featuredmedia":[{"embeddable":true,"href":"https:\/\/www.meydan.tv\/az\/wp-json\/wp\/v2\/media\/161130"}],"wp:attachment":[{"href":"https:\/\/www.meydan.tv\/az\/wp-json\/wp\/v2\/media?parent=206348"}],"wp:term":[{"taxonomy":"category","embeddable":true,"href":"https:\/\/www.meydan.tv\/az\/wp-json\/wp\/v2\/categories?post=206348"},{"taxonomy":"post_tag","embeddable":true,"href":"https:\/\/www.meydan.tv\/az\/wp-json\/wp\/v2\/tags?post=206348"}],"curies":[{"name":"wp","href":"https:\/\/api.w.org\/{rel}","templated":true}]}}