{"id":206337,"date":"2021-05-21T14:35:14","date_gmt":"2021-05-21T14:35:14","guid":{"rendered":"https:\/\/www.meydan.tv\/article\/faiq-suceddinov-azerbaycan-eurovision-musabiqesinde-ilk-3-yerden-birini-tutacaq\/"},"modified":"2021-05-21T14:35:14","modified_gmt":"2021-05-21T14:35:14","slug":"faiq-suceddinov-azerbaycan-eurovision-musabiqesinde-ilk-3-yerden-birini-tutacaq","status":"publish","type":"post","link":"https:\/\/www.meydan.tv\/az\/article\/faiq-suceddinov-azerbaycan-eurovision-musabiqesinde-ilk-3-yerden-birini-tutacaq\/","title":{"rendered":"Faiq S\u00fcc\u0259ddinov: Az\u0259rbaycan \u201cEurovision\u201d m\u00fcsabiq\u0259sind\u0259 ilk 3 yerd\u0259n birini tutacaq"},"content":{"rendered":"<p>\n  <i><br \/>\n    &quot;\u0130lk d\u0259f\u0259dir ki, t\u0259msil\u00e7inin \u00e7\u0131x\u0131\u015f\u0131 xo\u015fuma g\u0259ldi\u201d<br \/>\n  <\/i>\n<\/p>\n<p>\n  \u201cM\u0259n yeddi il \u201cEurovision\u201d m\u00fcsabiq\u0259sinin Az\u0259rbaycan t\u0259msil\u00e7isinin se\u00e7iml\u0259rind\u0259 m\u00fcnsif olmu\u015fam. \u0130lk d\u0259f\u0259dir ki, t\u0259msil\u00e7inin \u00e7\u0131x\u0131\u015f\u0131 xo\u015fuma g\u0259ldi, \u00e7ox u\u011furlu mahn\u0131d\u0131r\u201d.\n<\/p>\n<p>\n  \u018fm\u0259kdar inc\u0259s\u0259n\u0259t xadimi Faiq S\u00fcc\u0259ddinov Meydan TV-y\u0259 bel\u0259 deyir.\n<\/p>\n<p>\n  B\u0259st\u0259kar\u0131n proqnozuna g\u00f6r\u0259, Az\u0259rbaycan finalda ilk \u00fc\u00e7 yerd\u0259n birini tutacaq: \u201cM\u0259nc\u0259, Az\u0259rbaycan ilk \u00fc\u00e7 yerd\u0259n birind\u0259 q\u0259rarla\u015facaq. T\u0259bii ki, bu, m\u0259nim t\u0259xminl\u0259rimdir. Onu da deyim ki, \u201cMata Hari\u201d mahn\u0131s\u0131nda milli \u00e7alarlar \u00e7oxdur. G\u0259l\u0259c\u0259kd\u0259 milli komanda il\u0259 d\u0259 i\u015fl\u0259y\u0259c\u0259yimiz\u0259 \u00fcmid edir\u0259m. \u0130nan\u0131ram ki, yar\u0131\u015fmada \u00f6z r\u0259qqaslar\u0131m\u0131z, musiqi\u00e7il\u0259rimiz olacaq\u201d.\n<\/p>\n<p>\n  2007-ci ild\u0259 Az\u0259rbaycan \u0130ctimai Televiziyan\u0131n Avropa Yay\u0131m \u0130ttifaq\u0131n\u0131n \u00fczv\u00fc olmas\u0131ndan sonra 2008-ci ild\u0259 birinci d\u0259f\u0259 qit\u0259 miqyas\u0131l\u0131 m\u00fcsabiq\u0259y\u0259 qat\u0131l\u0131b.\n<\/p>\n<p>\n  Serbiyan\u0131n paytaxt\u0131 Belqradda ke\u00e7iril\u0259n 53-c\u00fc \u201cEurovision\u201d mahn\u0131 m\u00fcsabiq\u0259sind\u0259 Az\u0259rbaycan\u0131 Elnur H\u00fcseynov v\u0259 Samir Cavadzad\u0259 \u201cDay After Day\u201d mahn\u0131s\u0131yla t\u0259msil edib.\n<\/p>\n<p>\n  Onlar 132 xalla 8-ci yeri tutub.\n<\/p>\n<p>\n  2009-cu ild\u0259 Aysel Teymurzad\u0259yl\u0259 \u0130ran \u0259silli \u0130sve\u00e7 m\u00fc\u011f\u0259nnisi Ara\u015f \u201cAlways\u201d mahn\u0131s\u0131 il\u0259 ikinci, 2010-cu ild\u0259 S\u0259fur\u0259 \u018flizad\u0259 \u201cDrip Drop\u201d mahn\u0131s\u0131yla ikinci yeri tutub.\n<\/p>\n<p>\n  2011-ci ild\u0259 is\u0259 Az\u0259rbaycan m\u00fcsabiq\u0259nin qalibi olub.\n<\/p>\n<p>\n  Almaniyan\u0131n D\u00fcsseldorf \u015f\u0259h\u0259rinin ev sahibliyi etdiyi m\u00fcsabiq\u0259d\u0259 Eldar Qas\u0131mov v\u0259 Nigar Camal\u0131n \u201cRunning Scared\u201d mahn\u0131s\u0131 q\u0259l\u0259b\u0259 qazan\u0131b.\n<\/p>\n<p>\n  2012-ci ild\u0259 yar\u0131\u015fma Az\u0259rbaycanda ke\u00e7irilib.\n<\/p>\n<p>\n  \u0130sve\u00e7li ifa\u00e7\u0131 Lorin birinci olub. Az\u0259rbaycan t\u0259msil\u00e7isi S\u0259bin\u0259 Babayeva \u201cWhen the Music Dies\u201d mahn\u0131s\u0131 il\u0259 4-c\u00fc yeri tutub.\n<\/p>\n<p>\n  2013-c\u00fc ild\u0259 F\u0259rid M\u0259mm\u0259dov \u201cHold Me\u201d mahn\u0131s\u0131 il\u0259 ikinci, 2014-c\u00fc ild\u0259 Dilar\u0259 Kaz\u0131mova 22-ci, 2015-ci ild\u0259 Elnur H\u00fcseynov 12-ci, 2016-c\u0131 ild\u0259 S\u0259mra R\u0259himli 17-ci yeri tutub.\n<\/p>\n<p>\n  2017-ci ild\u0259 Kiyevd\u0259 ke\u00e7iril\u0259n m\u00fcsabiq\u0259d\u0259 Az\u0259rbaycan\u0131 Diana Hac\u0131yeva \u201cSkeletons\u201d mahn\u0131s\u0131 il\u0259 t\u0259msil ed\u0259r\u0259k, 14-c\u00fc yerd\u0259 q\u0259rarla\u015f\u0131b. 2018-ci ild\u0259 Az\u0259rbaycan\u0131 Aysel M\u0259mm\u0259dova \u201cX My Heart\u201d mahn\u0131s\u0131 il\u0259 t\u0259msil edib, lakin ikinci yar\u0131mfinala ke\u00e7\u0259 bilm\u0259yib.\n<\/p>\n<p>\n  2019-cu ild\u0259 is\u0259 \u00c7ingiz Mustafayev ifa etdiyi \u201cTruth\u201d mahn\u0131s\u0131 il\u0259 8-ci yerd\u0259 q\u0259rarla\u015f\u0131b.\n<\/p>\n<p>\n  \u201cEurovision\u201d yar\u0131\u015fmas\u0131 2020-ci ild\u0259 pandemiya s\u0259b\u0259bind\u0259n ke\u00e7irilm\u0259yib.\n<\/p>\n<p>\n  Builki yar\u0131\u015fmada Az\u0259rbaycan\u0131 Samir\u0259 \u018ff\u0259ndi \u201cMata Hari\u201d mahn\u0131s\u0131 il\u0259 t\u0259msil edir. M\u00fcsabiq\u0259nin final\u0131 may\u0131n 22-d\u0259 ke\u00e7iril\u0259c\u0259k.\n<\/p>\n<p>\n  Finalda Az\u0259rbaycan, \u0130srail, \u0130sve\u00e7, Rusiya, Norve\u00e7, Malta, Serbiya, Litva, Kipr, Ukrayna, Bel\u00e7ika, Bolqar\u0131stan, Albaniya, Moldova, Portuqaliya, \u0130slandiya, San-Marino, \u0130sve\u00e7r\u0259, Finlandiya v\u0259 Yunan\u0131stan t\u0259msil\u00e7il\u0259ri \u00e7\u0131x\u0131\u015f ed\u0259c\u0259k.<\/p>\n","protected":false},"excerpt":{"rendered":"<p>Onlar 132 xalla 8-ci yeri tutub.<\/p>\n","protected":false},"author":11,"featured_media":160962,"comment_status":"closed","ping_status":"open","sticky":false,"template":"","format":"standard","meta":{"_acf_changed":false,"_sitemap_exclude":false,"_sitemap_priority":"","_sitemap_frequency":"","footnotes":""},"categories":[52],"tags":[],"class_list":["post-206337","post","type-post","status-publish","format-standard","has-post-thumbnail","hentry","category-medeniyyet","infinite-scroll-item","generate-columns","tablet-grid-50","mobile-grid-100","grid-parent","grid-33","no-featured-image-padding"],"acf":[],"yoast_head":"<!-- This site is optimized with the Yoast SEO plugin v27.4 - https:\/\/yoast.com\/product\/yoast-seo-wordpress\/ -->\n<title>Faiq S\u00fcc\u0259ddinov: Az\u0259rbaycan \u201cEurovision\u201d m\u00fcsabiq\u0259sind\u0259 ilk 3 yerd\u0259n birini tutacaq - MEYDAN.TV<\/title>\n<meta name=\"robots\" content=\"index, follow, max-snippet:-1, max-image-preview:large, max-video-preview:-1\" \/>\n<link rel=\"canonical\" href=\"https:\/\/www.meydan.tv\/az\/article\/faiq-suceddinov-azerbaycan-eurovision-musabiqesinde-ilk-3-yerden-birini-tutacaq\/\" \/>\n<meta property=\"og:locale\" content=\"az_AZ\" \/>\n<meta property=\"og:type\" content=\"article\" \/>\n<meta property=\"og:title\" content=\"Faiq S\u00fcc\u0259ddinov: Az\u0259rbaycan \u201cEurovision\u201d m\u00fcsabiq\u0259sind\u0259 ilk 3 yerd\u0259n birini tutacaq - MEYDAN.TV\" \/>\n<meta property=\"og:description\" content=\"Onlar 132 xalla 8-ci yeri tutub.\" \/>\n<meta property=\"og:url\" content=\"https:\/\/www.meydan.tv\/az\/article\/faiq-suceddinov-azerbaycan-eurovision-musabiqesinde-ilk-3-yerden-birini-tutacaq\/\" \/>\n<meta property=\"og:site_name\" content=\"MEYDAN.TV\" \/>\n<meta property=\"article:published_time\" content=\"2021-05-21T14:35:14+00:00\" \/>\n<meta property=\"og:image\" content=\"https:\/\/www.meydan.tv\/wp-content\/uploads\/maxresdefault_y1lebn0.jpg\" \/>\n\t<meta property=\"og:image:width\" content=\"1280\" \/>\n\t<meta property=\"og:image:height\" content=\"720\" \/>\n\t<meta property=\"og:image:type\" content=\"image\/jpeg\" \/>\n<meta name=\"author\" content=\"user-manager\" \/>\n<meta name=\"twitter:card\" content=\"summary_large_image\" \/>\n<script type=\"application\/ld+json\" class=\"yoast-schema-graph\">{\"@context\":\"https:\\\/\\\/schema.org\",\"@graph\":[{\"@type\":\"Article\",\"@id\":\"https:\\\/\\\/www.meydan.tv\\\/az\\\/article\\\/faiq-suceddinov-azerbaycan-eurovision-musabiqesinde-ilk-3-yerden-birini-tutacaq\\\/#article\",\"isPartOf\":{\"@id\":\"https:\\\/\\\/www.meydan.tv\\\/az\\\/article\\\/faiq-suceddinov-azerbaycan-eurovision-musabiqesinde-ilk-3-yerden-birini-tutacaq\\\/\"},\"author\":{\"name\":\"user-manager\",\"@id\":\"https:\\\/\\\/www.meydan.tv\\\/az\\\/#\\\/schema\\\/person\\\/10d11eccf6da3662cf5fdab9806ea91a\"},\"headline\":\"Faiq S\u00fcc\u0259ddinov: Az\u0259rbaycan \u201cEurovision\u201d m\u00fcsabiq\u0259sind\u0259 ilk 3 yerd\u0259n birini tutacaq\",\"datePublished\":\"2021-05-21T14:35:14+00:00\",\"mainEntityOfPage\":{\"@id\":\"https:\\\/\\\/www.meydan.tv\\\/az\\\/article\\\/faiq-suceddinov-azerbaycan-eurovision-musabiqesinde-ilk-3-yerden-birini-tutacaq\\\/\"},\"wordCount\":502,\"publisher\":{\"@id\":\"https:\\\/\\\/www.meydan.tv\\\/az\\\/#organization\"},\"image\":{\"@id\":\"https:\\\/\\\/www.meydan.tv\\\/az\\\/article\\\/faiq-suceddinov-azerbaycan-eurovision-musabiqesinde-ilk-3-yerden-birini-tutacaq\\\/#primaryimage\"},\"thumbnailUrl\":\"https:\\\/\\\/www.meydan.tv\\\/wp-content\\\/uploads\\\/maxresdefault_y1lebn0.jpg\",\"articleSection\":[\"M\u0259d\u0259niyy\u0259t\"],\"inLanguage\":\"az\"},{\"@type\":\"WebPage\",\"@id\":\"https:\\\/\\\/www.meydan.tv\\\/az\\\/article\\\/faiq-suceddinov-azerbaycan-eurovision-musabiqesinde-ilk-3-yerden-birini-tutacaq\\\/\",\"url\":\"https:\\\/\\\/www.meydan.tv\\\/az\\\/article\\\/faiq-suceddinov-azerbaycan-eurovision-musabiqesinde-ilk-3-yerden-birini-tutacaq\\\/\",\"name\":\"Faiq S\u00fcc\u0259ddinov: Az\u0259rbaycan \u201cEurovision\u201d m\u00fcsabiq\u0259sind\u0259 ilk 3 yerd\u0259n birini tutacaq - MEYDAN.TV\",\"isPartOf\":{\"@id\":\"https:\\\/\\\/www.meydan.tv\\\/az\\\/#website\"},\"primaryImageOfPage\":{\"@id\":\"https:\\\/\\\/www.meydan.tv\\\/az\\\/article\\\/faiq-suceddinov-azerbaycan-eurovision-musabiqesinde-ilk-3-yerden-birini-tutacaq\\\/#primaryimage\"},\"image\":{\"@id\":\"https:\\\/\\\/www.meydan.tv\\\/az\\\/article\\\/faiq-suceddinov-azerbaycan-eurovision-musabiqesinde-ilk-3-yerden-birini-tutacaq\\\/#primaryimage\"},\"thumbnailUrl\":\"https:\\\/\\\/www.meydan.tv\\\/wp-content\\\/uploads\\\/maxresdefault_y1lebn0.jpg\",\"datePublished\":\"2021-05-21T14:35:14+00:00\",\"breadcrumb\":{\"@id\":\"https:\\\/\\\/www.meydan.tv\\\/az\\\/article\\\/faiq-suceddinov-azerbaycan-eurovision-musabiqesinde-ilk-3-yerden-birini-tutacaq\\\/#breadcrumb\"},\"inLanguage\":\"az\",\"potentialAction\":[{\"@type\":\"ReadAction\",\"target\":[\"https:\\\/\\\/www.meydan.tv\\\/az\\\/article\\\/faiq-suceddinov-azerbaycan-eurovision-musabiqesinde-ilk-3-yerden-birini-tutacaq\\\/\"]}]},{\"@type\":\"ImageObject\",\"inLanguage\":\"az\",\"@id\":\"https:\\\/\\\/www.meydan.tv\\\/az\\\/article\\\/faiq-suceddinov-azerbaycan-eurovision-musabiqesinde-ilk-3-yerden-birini-tutacaq\\\/#primaryimage\",\"url\":\"https:\\\/\\\/www.meydan.tv\\\/wp-content\\\/uploads\\\/maxresdefault_y1lebn0.jpg\",\"contentUrl\":\"https:\\\/\\\/www.meydan.tv\\\/wp-content\\\/uploads\\\/maxresdefault_y1lebn0.jpg\",\"width\":1280,\"height\":720,\"caption\":\"Source: Specify Source\"},{\"@type\":\"BreadcrumbList\",\"@id\":\"https:\\\/\\\/www.meydan.tv\\\/az\\\/article\\\/faiq-suceddinov-azerbaycan-eurovision-musabiqesinde-ilk-3-yerden-birini-tutacaq\\\/#breadcrumb\",\"itemListElement\":[{\"@type\":\"ListItem\",\"position\":1,\"name\":\"Ana s\u0259hif\u0259\",\"item\":\"https:\\\/\\\/www.meydan.tv\\\/az\\\/\"},{\"@type\":\"ListItem\",\"position\":2,\"name\":\"M\u0259d\u0259niyy\u0259t\",\"item\":\"https:\\\/\\\/www.meydan.tv\\\/az\\\/section\\\/medeniyyet\\\/\"},{\"@type\":\"ListItem\",\"position\":3,\"name\":\"Faiq S\u00fcc\u0259ddinov: Az\u0259rbaycan \u201cEurovision\u201d m\u00fcsabiq\u0259sind\u0259 ilk 3 yerd\u0259n birini tutacaq\"}]},{\"@type\":\"WebSite\",\"@id\":\"https:\\\/\\\/www.meydan.tv\\\/az\\\/#website\",\"url\":\"https:\\\/\\\/www.meydan.tv\\\/az\\\/\",\"name\":\"MEYDAN.TV\",\"description\":\"Meydan TV Az\u0259rbaycan\u0131n media m\u0259kan\u0131ndak\u0131 alternativ s\u0259sidir\",\"publisher\":{\"@id\":\"https:\\\/\\\/www.meydan.tv\\\/az\\\/#organization\"},\"potentialAction\":[{\"@type\":\"SearchAction\",\"target\":{\"@type\":\"EntryPoint\",\"urlTemplate\":\"https:\\\/\\\/www.meydan.tv\\\/az\\\/?s={search_term_string}\"},\"query-input\":{\"@type\":\"PropertyValueSpecification\",\"valueRequired\":true,\"valueName\":\"search_term_string\"}}],\"inLanguage\":\"az\"},{\"@type\":\"Organization\",\"@id\":\"https:\\\/\\\/www.meydan.tv\\\/az\\\/#organization\",\"name\":\"Meydan TV\",\"url\":\"https:\\\/\\\/www.meydan.tv\\\/az\\\/\",\"logo\":{\"@type\":\"ImageObject\",\"inLanguage\":\"az\",\"@id\":\"https:\\\/\\\/www.meydan.tv\\\/az\\\/#\\\/schema\\\/logo\\\/image\\\/\",\"url\":\"https:\\\/\\\/www.meydan.tv\\\/wp-content\\\/uploads\\\/2021\\\/07\\\/meydan-logo.svg\",\"contentUrl\":\"https:\\\/\\\/www.meydan.tv\\\/wp-content\\\/uploads\\\/2021\\\/07\\\/meydan-logo.svg\",\"width\":195,\"height\":46,\"caption\":\"Meydan TV\"},\"image\":{\"@id\":\"https:\\\/\\\/www.meydan.tv\\\/az\\\/#\\\/schema\\\/logo\\\/image\\\/\"}},{\"@type\":\"Person\",\"@id\":\"https:\\\/\\\/www.meydan.tv\\\/az\\\/#\\\/schema\\\/person\\\/10d11eccf6da3662cf5fdab9806ea91a\",\"name\":\"user-manager\"}]}<\/script>\n<!-- \/ Yoast SEO plugin. -->","yoast_head_json":{"title":"Faiq S\u00fcc\u0259ddinov: Az\u0259rbaycan \u201cEurovision\u201d m\u00fcsabiq\u0259sind\u0259 ilk 3 yerd\u0259n birini tutacaq - MEYDAN.TV","robots":{"index":"index","follow":"follow","max-snippet":"max-snippet:-1","max-image-preview":"max-image-preview:large","max-video-preview":"max-video-preview:-1"},"canonical":"https:\/\/www.meydan.tv\/az\/article\/faiq-suceddinov-azerbaycan-eurovision-musabiqesinde-ilk-3-yerden-birini-tutacaq\/","og_locale":"az_AZ","og_type":"article","og_title":"Faiq S\u00fcc\u0259ddinov: Az\u0259rbaycan \u201cEurovision\u201d m\u00fcsabiq\u0259sind\u0259 ilk 3 yerd\u0259n birini tutacaq - MEYDAN.TV","og_description":"Onlar 132 xalla 8-ci yeri tutub.","og_url":"https:\/\/www.meydan.tv\/az\/article\/faiq-suceddinov-azerbaycan-eurovision-musabiqesinde-ilk-3-yerden-birini-tutacaq\/","og_site_name":"MEYDAN.TV","article_published_time":"2021-05-21T14:35:14+00:00","og_image":[{"width":1280,"height":720,"url":"https:\/\/www.meydan.tv\/wp-content\/uploads\/maxresdefault_y1lebn0.jpg","type":"image\/jpeg"}],"author":"user-manager","twitter_card":"summary_large_image","schema":{"@context":"https:\/\/schema.org","@graph":[{"@type":"Article","@id":"https:\/\/www.meydan.tv\/az\/article\/faiq-suceddinov-azerbaycan-eurovision-musabiqesinde-ilk-3-yerden-birini-tutacaq\/#article","isPartOf":{"@id":"https:\/\/www.meydan.tv\/az\/article\/faiq-suceddinov-azerbaycan-eurovision-musabiqesinde-ilk-3-yerden-birini-tutacaq\/"},"author":{"name":"user-manager","@id":"https:\/\/www.meydan.tv\/az\/#\/schema\/person\/10d11eccf6da3662cf5fdab9806ea91a"},"headline":"Faiq S\u00fcc\u0259ddinov: Az\u0259rbaycan \u201cEurovision\u201d m\u00fcsabiq\u0259sind\u0259 ilk 3 yerd\u0259n birini tutacaq","datePublished":"2021-05-21T14:35:14+00:00","mainEntityOfPage":{"@id":"https:\/\/www.meydan.tv\/az\/article\/faiq-suceddinov-azerbaycan-eurovision-musabiqesinde-ilk-3-yerden-birini-tutacaq\/"},"wordCount":502,"publisher":{"@id":"https:\/\/www.meydan.tv\/az\/#organization"},"image":{"@id":"https:\/\/www.meydan.tv\/az\/article\/faiq-suceddinov-azerbaycan-eurovision-musabiqesinde-ilk-3-yerden-birini-tutacaq\/#primaryimage"},"thumbnailUrl":"https:\/\/www.meydan.tv\/wp-content\/uploads\/maxresdefault_y1lebn0.jpg","articleSection":["M\u0259d\u0259niyy\u0259t"],"inLanguage":"az"},{"@type":"WebPage","@id":"https:\/\/www.meydan.tv\/az\/article\/faiq-suceddinov-azerbaycan-eurovision-musabiqesinde-ilk-3-yerden-birini-tutacaq\/","url":"https:\/\/www.meydan.tv\/az\/article\/faiq-suceddinov-azerbaycan-eurovision-musabiqesinde-ilk-3-yerden-birini-tutacaq\/","name":"Faiq S\u00fcc\u0259ddinov: Az\u0259rbaycan \u201cEurovision\u201d m\u00fcsabiq\u0259sind\u0259 ilk 3 yerd\u0259n birini tutacaq - MEYDAN.TV","isPartOf":{"@id":"https:\/\/www.meydan.tv\/az\/#website"},"primaryImageOfPage":{"@id":"https:\/\/www.meydan.tv\/az\/article\/faiq-suceddinov-azerbaycan-eurovision-musabiqesinde-ilk-3-yerden-birini-tutacaq\/#primaryimage"},"image":{"@id":"https:\/\/www.meydan.tv\/az\/article\/faiq-suceddinov-azerbaycan-eurovision-musabiqesinde-ilk-3-yerden-birini-tutacaq\/#primaryimage"},"thumbnailUrl":"https:\/\/www.meydan.tv\/wp-content\/uploads\/maxresdefault_y1lebn0.jpg","datePublished":"2021-05-21T14:35:14+00:00","breadcrumb":{"@id":"https:\/\/www.meydan.tv\/az\/article\/faiq-suceddinov-azerbaycan-eurovision-musabiqesinde-ilk-3-yerden-birini-tutacaq\/#breadcrumb"},"inLanguage":"az","potentialAction":[{"@type":"ReadAction","target":["https:\/\/www.meydan.tv\/az\/article\/faiq-suceddinov-azerbaycan-eurovision-musabiqesinde-ilk-3-yerden-birini-tutacaq\/"]}]},{"@type":"ImageObject","inLanguage":"az","@id":"https:\/\/www.meydan.tv\/az\/article\/faiq-suceddinov-azerbaycan-eurovision-musabiqesinde-ilk-3-yerden-birini-tutacaq\/#primaryimage","url":"https:\/\/www.meydan.tv\/wp-content\/uploads\/maxresdefault_y1lebn0.jpg","contentUrl":"https:\/\/www.meydan.tv\/wp-content\/uploads\/maxresdefault_y1lebn0.jpg","width":1280,"height":720,"caption":"Source: Specify Source"},{"@type":"BreadcrumbList","@id":"https:\/\/www.meydan.tv\/az\/article\/faiq-suceddinov-azerbaycan-eurovision-musabiqesinde-ilk-3-yerden-birini-tutacaq\/#breadcrumb","itemListElement":[{"@type":"ListItem","position":1,"name":"Ana s\u0259hif\u0259","item":"https:\/\/www.meydan.tv\/az\/"},{"@type":"ListItem","position":2,"name":"M\u0259d\u0259niyy\u0259t","item":"https:\/\/www.meydan.tv\/az\/section\/medeniyyet\/"},{"@type":"ListItem","position":3,"name":"Faiq S\u00fcc\u0259ddinov: Az\u0259rbaycan \u201cEurovision\u201d m\u00fcsabiq\u0259sind\u0259 ilk 3 yerd\u0259n birini tutacaq"}]},{"@type":"WebSite","@id":"https:\/\/www.meydan.tv\/az\/#website","url":"https:\/\/www.meydan.tv\/az\/","name":"MEYDAN.TV","description":"Meydan TV Az\u0259rbaycan\u0131n media m\u0259kan\u0131ndak\u0131 alternativ s\u0259sidir","publisher":{"@id":"https:\/\/www.meydan.tv\/az\/#organization"},"potentialAction":[{"@type":"SearchAction","target":{"@type":"EntryPoint","urlTemplate":"https:\/\/www.meydan.tv\/az\/?s={search_term_string}"},"query-input":{"@type":"PropertyValueSpecification","valueRequired":true,"valueName":"search_term_string"}}],"inLanguage":"az"},{"@type":"Organization","@id":"https:\/\/www.meydan.tv\/az\/#organization","name":"Meydan TV","url":"https:\/\/www.meydan.tv\/az\/","logo":{"@type":"ImageObject","inLanguage":"az","@id":"https:\/\/www.meydan.tv\/az\/#\/schema\/logo\/image\/","url":"https:\/\/www.meydan.tv\/wp-content\/uploads\/2021\/07\/meydan-logo.svg","contentUrl":"https:\/\/www.meydan.tv\/wp-content\/uploads\/2021\/07\/meydan-logo.svg","width":195,"height":46,"caption":"Meydan TV"},"image":{"@id":"https:\/\/www.meydan.tv\/az\/#\/schema\/logo\/image\/"}},{"@type":"Person","@id":"https:\/\/www.meydan.tv\/az\/#\/schema\/person\/10d11eccf6da3662cf5fdab9806ea91a","name":"user-manager"}]}},"_links":{"self":[{"href":"https:\/\/www.meydan.tv\/az\/wp-json\/wp\/v2\/posts\/206337","targetHints":{"allow":["GET"]}}],"collection":[{"href":"https:\/\/www.meydan.tv\/az\/wp-json\/wp\/v2\/posts"}],"about":[{"href":"https:\/\/www.meydan.tv\/az\/wp-json\/wp\/v2\/types\/post"}],"author":[{"embeddable":true,"href":"https:\/\/www.meydan.tv\/az\/wp-json\/wp\/v2\/users\/11"}],"replies":[{"embeddable":true,"href":"https:\/\/www.meydan.tv\/az\/wp-json\/wp\/v2\/comments?post=206337"}],"version-history":[{"count":0,"href":"https:\/\/www.meydan.tv\/az\/wp-json\/wp\/v2\/posts\/206337\/revisions"}],"wp:featuredmedia":[{"embeddable":true,"href":"https:\/\/www.meydan.tv\/az\/wp-json\/wp\/v2\/media\/160962"}],"wp:attachment":[{"href":"https:\/\/www.meydan.tv\/az\/wp-json\/wp\/v2\/media?parent=206337"}],"wp:term":[{"taxonomy":"category","embeddable":true,"href":"https:\/\/www.meydan.tv\/az\/wp-json\/wp\/v2\/categories?post=206337"},{"taxonomy":"post_tag","embeddable":true,"href":"https:\/\/www.meydan.tv\/az\/wp-json\/wp\/v2\/tags?post=206337"}],"curies":[{"name":"wp","href":"https:\/\/api.w.org\/{rel}","templated":true}]}}