{"id":206333,"date":"2021-05-21T11:38:41","date_gmt":"2021-05-21T11:38:41","guid":{"rendered":"https:\/\/www.meydan.tv\/article\/azerbaycan-talislarin-ictimai-surasinin-xaribulbul-festivali-ile-bagli-iradlari-var\/"},"modified":"2021-05-21T11:38:41","modified_gmt":"2021-05-21T11:38:41","slug":"azerbaycan-talislarin-ictimai-surasinin-xaribulbul-festivali-ile-bagli-iradlari-var","status":"publish","type":"post","link":"https:\/\/www.meydan.tv\/az\/article\/azerbaycan-talislarin-ictimai-surasinin-xaribulbul-festivali-ile-bagli-iradlari-var\/","title":{"rendered":"Az\u0259rbaycan Tal\u0131\u015flar\u0131n \u0130ctimai \u015euras\u0131n\u0131n \u201cXar\u0131b\u00fclb\u00fcl\u201d festival\u0131 il\u0259 ba\u011fl\u0131 iradlar\u0131 var"},"content":{"rendered":"<p>\n  <i><br \/>\n    \u015eura b\u0259yanat yay\u0131b<br \/>\n  <\/i>\n<\/p>\n<p>\n  Az\u0259rbaycan Tal\u0131\u015flar\u0131n \u0130ctimai \u015euras\u0131 (AT\u0130\u015e) 12 -13 may 2021-ci il tarixl\u0259rd\u0259 \u015eu\u015fa \u015f\u0259h\u0259rind\u0259 ke\u00e7iril\u0259n \u201cXar\u0131b\u00fclb\u00fcl\u201d m\u00fcsiqi festival\u0131 il\u0259 ba\u011fl\u0131 b\u0259yanat yay\u0131b. Festival\u0131n ke\u00e7irilm\u0259sini alq\u0131\u015flayan b\u0259yanat m\u00fc\u0259llifl\u0259ri tal\u0131\u015f xalq\u0131n\u0131n xalq folklor kollektivl\u0259rinin d\u0259 orada i\u015ftirak\u0131na diqq\u0259t \u00e7\u0259kib.\n<\/p>\n<p>\n  AT\u0130\u015e festivalla ba\u011fl\u0131 iradlar\u0131n\u0131 \u00e7atd\u0131r\u0131b:\n<\/p>\n<p>\n  \u201cAT\u0130\u015e L\u0259nk\u0259ran rayonu Separadi k\u0259ndinin \u201cN\u0259n\u0259l\u0259r\u201d v\u0259 Masall\u0131 rayonu Mahmudavar k\u0259ndinin \u201dHalay\u201d tal\u0131\u015f xalq folklor kollektivl\u0259rinin adlar\u0131n\u0131 \u00fcmumil\u0259\u015fdir\u0259r\u0259k, he\u00e7 kimin tan\u0131mad\u0131\u011f\u0131, \u201cVeteranlar\u201d folklor kollektivi kimi, el\u0259c\u0259 d\u0259 h\u0259min kollektivl\u0259rin m\u00fc\u0259llif m\u0259tni \u0259sas\u0131nda birg\u0259 kompozisiya \u015f\u0259klind\u0259 ifa etdikl\u0259ri mahn\u0131n\u0131 t\u0259hrif ed\u0259r\u0259k, \u201cTal\u0131\u015f xalq folklor motivl\u0259ri\u201d ad\u0131 alt\u0131nda t\u0259qdim etm\u0259yi sad\u0259c\u0259 olaraq saxtakarl\u0131q, saf niyy\u0259td\u0259n uzaq, son n\u0259tic\u0259d\u0259 is\u0259 assimlasiyaya xidm\u0259t ed\u0259 bil\u0259c\u0259k bir plan\u0131n t\u0259rkib hiss\u0259si hesab edir v\u0259 bu sayaq yana\u015fmalar\u0131n yolverilm\u0259z oldu\u011funu bir daha b\u0259yan edir!\u201d\n<\/p>\n<p>\n  \u201cTarixd\u0259n m\u0259lum oldu\u011fu kimi 1812-1813-c\u00fc ill\u0259rd\u0259 Rusiya \u0130mperiyas\u0131 v\u0259 \u0130ran \u015fahl\u0131\u011f\u0131 aras\u0131nda ged\u0259n m\u00fcharib\u0259 n\u0259tic\u0259sind\u0259 tal\u0131\u015f xalq\u0131 ikiy\u0259 b\u00f6l\u00fcn\u00fcb v\u0259 o c\u00fcml\u0259d\u0259n, onun k\u0259d\u0259r, nisgil, ayr\u0131l\u0131q simvolu say\u0131lan Astara \u015f\u0259h\u0259ri d\u0259 iki hiss\u0259y\u0259 ayr\u0131l\u0131b. Nec\u0259 ola bil\u0259r ki, \u201cXar\u0131b\u00fclb\u00fcl\u201d festival\u0131nda tal\u0131\u015f xalq motivl\u0259ri \u0259sas\u0131nda Astara\u00e7ay deyil, Araz \u00e7ay\u0131n\u0131n ikiy\u0259 b\u00f6l\u00fcnm\u0259si tal\u0131\u015f folklor kollektivi t\u0259r\u0259find\u0259n m\u0259hz tal\u0131\u015f dilind\u0259 deyil, Az\u0259rbaycan dilind\u0259 tama\u015fa\u00e7\u0131lara t\u0259qdim edilir\u201d, &#8211; dey\u0259 b\u0259yanatda deyilir.\n<\/p>\n<p>\n  S\u0259n\u0259dd\u0259 daha sonra deyilir ki, tal\u0131\u015f xalq\u0131 ya\u015fad\u0131\u011f\u0131 regionun aborigen sakini kimi uzun y\u00fczillikl\u0259r \u0259rzind\u0259 tarix\u0259n t\u0259kc\u0259 \u00f6z folklor n\u00fcmun\u0259l\u0259rini deyil, h\u0259m d\u0259 xalq musiqisini d\u0259 inki\u015faf etdirib:\n<\/p>\n<p>\n  \u201cBu g\u00fcn \u00f6z ana dilind\u0259 xalq mahn\u0131lar\u0131n\u0131 ifa ed\u0259n ne\u00e7\u0259-ne\u00e7\u0259 tal\u0131\u015f m\u00fc\u011f\u0259nnil\u0259ri t\u0259kc\u0259 Az\u0259rbaycanda deyil, \u00f6lk\u0259mizd\u0259n \u00e7ox-\u00e7ox uzaqlarda tan\u0131n\u0131r, dinl\u0259nir v\u0259 alq\u0131\u015flan\u0131r. Lakin t\u0259cc\u00fcbl\u00fc buras\u0131ndad\u0131r ki, tal\u0131\u015f xalq musiqi n\u00fcmun\u0259l\u0259ri he\u00e7 bir d\u00f6vl\u0259t t\u0259dbirl\u0259rind\u0259 t\u0259bli\u011f v\u0259 t\u0259qdim edilmir. Halbuki, \u201cXar\u0131b\u00fclb\u00fcl\u201d festival\u0131nda dig\u0259r xalqlar\u0131n xalq m\u00fcsiqisind\u0259n n\u00fcmun\u0259l\u0259r festival i\u015ftirak\u00e7\u0131lar\u0131n\u0131n diqq\u0259tin\u0259 \u00e7atd\u0131r\u0131ld\u0131\u201d.\n<\/p>\n<p>\n  \u201cAT\u0130\u015e qeyd edil\u0259n neqativ h\u0259r\u0259k\u0259tl\u0259ri tal\u0131\u015f xalq\u0131na qar\u015f\u0131 y\u00f6n\u0259l\u0259n assimilyasiya, diskriminasiya hallar\u0131, o c\u00fcml\u0259d\u0259n son ill\u0259rd\u0259 uydurulan c\u00fcrb\u0259c\u00fcr m\u0259krli planlar\u0131n t\u0259rkib hiss\u0259si hesab edir v\u0259 hakimiyy\u0259t orqanlar\u0131ndan bu c\u00fcr saxtakarl\u0131qlara son qoyulmas\u0131n\u0131 t\u0259l\u0259b edir\u201c, &#8211; b\u0259yanatda vur\u011fulan\u0131r.<\/p>\n","protected":false},"excerpt":{"rendered":"<p>\u201cTarixd\u0259n m\u0259lum oldu\u011fu kimi 1812-1813-c\u00fc ill\u0259rd\u0259 Rusiya \u0130mperiyas\u0131 v\u0259 \u0130ran \u015fahl\u0131\u011f\u0131 aras\u0131nda ged\u0259n m\u00fcharib\u0259 n\u0259tic\u0259sind\u0259 tal\u0131\u015f xalq\u0131 ikiy\u0259 b\u00f6l\u00fcn\u00fcb&#8221;<\/p>\n","protected":false},"author":11,"featured_media":160941,"comment_status":"closed","ping_status":"open","sticky":false,"template":"","format":"standard","meta":{"_acf_changed":false,"_sitemap_exclude":false,"_sitemap_priority":"","_sitemap_frequency":"","footnotes":""},"categories":[52],"tags":[],"class_list":["post-206333","post","type-post","status-publish","format-standard","has-post-thumbnail","hentry","category-medeniyyet","infinite-scroll-item","generate-columns","tablet-grid-50","mobile-grid-100","grid-parent","grid-33","no-featured-image-padding"],"acf":[],"yoast_head":"<!-- This site is optimized with the Yoast SEO plugin v27.4 - https:\/\/yoast.com\/product\/yoast-seo-wordpress\/ -->\n<title>Az\u0259rbaycan Tal\u0131\u015flar\u0131n \u0130ctimai \u015euras\u0131n\u0131n \u201cXar\u0131b\u00fclb\u00fcl\u201d festival\u0131 il\u0259 ba\u011fl\u0131 iradlar\u0131 var - MEYDAN.TV<\/title>\n<meta name=\"robots\" content=\"index, follow, max-snippet:-1, max-image-preview:large, max-video-preview:-1\" \/>\n<link rel=\"canonical\" href=\"https:\/\/www.meydan.tv\/az\/article\/azerbaycan-talislarin-ictimai-surasinin-xaribulbul-festivali-ile-bagli-iradlari-var\/\" \/>\n<meta property=\"og:locale\" content=\"az_AZ\" \/>\n<meta property=\"og:type\" content=\"article\" \/>\n<meta property=\"og:title\" content=\"Az\u0259rbaycan Tal\u0131\u015flar\u0131n \u0130ctimai \u015euras\u0131n\u0131n \u201cXar\u0131b\u00fclb\u00fcl\u201d festival\u0131 il\u0259 ba\u011fl\u0131 iradlar\u0131 var - MEYDAN.TV\" \/>\n<meta property=\"og:description\" content=\"\u201cTarixd\u0259n m\u0259lum oldu\u011fu kimi 1812-1813-c\u00fc ill\u0259rd\u0259 Rusiya \u0130mperiyas\u0131 v\u0259 \u0130ran \u015fahl\u0131\u011f\u0131 aras\u0131nda ged\u0259n m\u00fcharib\u0259 n\u0259tic\u0259sind\u0259 tal\u0131\u015f xalq\u0131 ikiy\u0259 b\u00f6l\u00fcn\u00fcb&quot;\" \/>\n<meta property=\"og:url\" content=\"https:\/\/www.meydan.tv\/az\/article\/azerbaycan-talislarin-ictimai-surasinin-xaribulbul-festivali-ile-bagli-iradlari-var\/\" \/>\n<meta property=\"og:site_name\" content=\"MEYDAN.TV\" \/>\n<meta property=\"article:published_time\" content=\"2021-05-21T11:38:41+00:00\" \/>\n<meta property=\"og:image\" content=\"https:\/\/www.meydan.tv\/wp-content\/uploads\/021100024461_t1et7ze.jpg\" \/>\n\t<meta property=\"og:image:width\" content=\"800\" \/>\n\t<meta property=\"og:image:height\" content=\"667\" \/>\n\t<meta property=\"og:image:type\" content=\"image\/jpeg\" \/>\n<meta name=\"author\" content=\"user-manager\" \/>\n<meta name=\"twitter:card\" content=\"summary_large_image\" \/>\n<script type=\"application\/ld+json\" class=\"yoast-schema-graph\">{\"@context\":\"https:\\\/\\\/schema.org\",\"@graph\":[{\"@type\":\"Article\",\"@id\":\"https:\\\/\\\/www.meydan.tv\\\/az\\\/article\\\/azerbaycan-talislarin-ictimai-surasinin-xaribulbul-festivali-ile-bagli-iradlari-var\\\/#article\",\"isPartOf\":{\"@id\":\"https:\\\/\\\/www.meydan.tv\\\/az\\\/article\\\/azerbaycan-talislarin-ictimai-surasinin-xaribulbul-festivali-ile-bagli-iradlari-var\\\/\"},\"author\":{\"name\":\"user-manager\",\"@id\":\"https:\\\/\\\/www.meydan.tv\\\/az\\\/#\\\/schema\\\/person\\\/10d11eccf6da3662cf5fdab9806ea91a\"},\"headline\":\"Az\u0259rbaycan Tal\u0131\u015flar\u0131n \u0130ctimai \u015euras\u0131n\u0131n \u201cXar\u0131b\u00fclb\u00fcl\u201d festival\u0131 il\u0259 ba\u011fl\u0131 iradlar\u0131 var\",\"datePublished\":\"2021-05-21T11:38:41+00:00\",\"mainEntityOfPage\":{\"@id\":\"https:\\\/\\\/www.meydan.tv\\\/az\\\/article\\\/azerbaycan-talislarin-ictimai-surasinin-xaribulbul-festivali-ile-bagli-iradlari-var\\\/\"},\"wordCount\":537,\"publisher\":{\"@id\":\"https:\\\/\\\/www.meydan.tv\\\/az\\\/#organization\"},\"image\":{\"@id\":\"https:\\\/\\\/www.meydan.tv\\\/az\\\/article\\\/azerbaycan-talislarin-ictimai-surasinin-xaribulbul-festivali-ile-bagli-iradlari-var\\\/#primaryimage\"},\"thumbnailUrl\":\"https:\\\/\\\/www.meydan.tv\\\/wp-content\\\/uploads\\\/021100024461_t1et7ze.jpg\",\"articleSection\":[\"M\u0259d\u0259niyy\u0259t\"],\"inLanguage\":\"az\"},{\"@type\":\"WebPage\",\"@id\":\"https:\\\/\\\/www.meydan.tv\\\/az\\\/article\\\/azerbaycan-talislarin-ictimai-surasinin-xaribulbul-festivali-ile-bagli-iradlari-var\\\/\",\"url\":\"https:\\\/\\\/www.meydan.tv\\\/az\\\/article\\\/azerbaycan-talislarin-ictimai-surasinin-xaribulbul-festivali-ile-bagli-iradlari-var\\\/\",\"name\":\"Az\u0259rbaycan Tal\u0131\u015flar\u0131n \u0130ctimai \u015euras\u0131n\u0131n \u201cXar\u0131b\u00fclb\u00fcl\u201d festival\u0131 il\u0259 ba\u011fl\u0131 iradlar\u0131 var - MEYDAN.TV\",\"isPartOf\":{\"@id\":\"https:\\\/\\\/www.meydan.tv\\\/az\\\/#website\"},\"primaryImageOfPage\":{\"@id\":\"https:\\\/\\\/www.meydan.tv\\\/az\\\/article\\\/azerbaycan-talislarin-ictimai-surasinin-xaribulbul-festivali-ile-bagli-iradlari-var\\\/#primaryimage\"},\"image\":{\"@id\":\"https:\\\/\\\/www.meydan.tv\\\/az\\\/article\\\/azerbaycan-talislarin-ictimai-surasinin-xaribulbul-festivali-ile-bagli-iradlari-var\\\/#primaryimage\"},\"thumbnailUrl\":\"https:\\\/\\\/www.meydan.tv\\\/wp-content\\\/uploads\\\/021100024461_t1et7ze.jpg\",\"datePublished\":\"2021-05-21T11:38:41+00:00\",\"breadcrumb\":{\"@id\":\"https:\\\/\\\/www.meydan.tv\\\/az\\\/article\\\/azerbaycan-talislarin-ictimai-surasinin-xaribulbul-festivali-ile-bagli-iradlari-var\\\/#breadcrumb\"},\"inLanguage\":\"az\",\"potentialAction\":[{\"@type\":\"ReadAction\",\"target\":[\"https:\\\/\\\/www.meydan.tv\\\/az\\\/article\\\/azerbaycan-talislarin-ictimai-surasinin-xaribulbul-festivali-ile-bagli-iradlari-var\\\/\"]}]},{\"@type\":\"ImageObject\",\"inLanguage\":\"az\",\"@id\":\"https:\\\/\\\/www.meydan.tv\\\/az\\\/article\\\/azerbaycan-talislarin-ictimai-surasinin-xaribulbul-festivali-ile-bagli-iradlari-var\\\/#primaryimage\",\"url\":\"https:\\\/\\\/www.meydan.tv\\\/wp-content\\\/uploads\\\/021100024461_t1et7ze.jpg\",\"contentUrl\":\"https:\\\/\\\/www.meydan.tv\\\/wp-content\\\/uploads\\\/021100024461_t1et7ze.jpg\",\"width\":800,\"height\":667,\"caption\":\"Source: Specify Source\"},{\"@type\":\"BreadcrumbList\",\"@id\":\"https:\\\/\\\/www.meydan.tv\\\/az\\\/article\\\/azerbaycan-talislarin-ictimai-surasinin-xaribulbul-festivali-ile-bagli-iradlari-var\\\/#breadcrumb\",\"itemListElement\":[{\"@type\":\"ListItem\",\"position\":1,\"name\":\"Ana s\u0259hif\u0259\",\"item\":\"https:\\\/\\\/www.meydan.tv\\\/az\\\/\"},{\"@type\":\"ListItem\",\"position\":2,\"name\":\"M\u0259d\u0259niyy\u0259t\",\"item\":\"https:\\\/\\\/www.meydan.tv\\\/az\\\/section\\\/medeniyyet\\\/\"},{\"@type\":\"ListItem\",\"position\":3,\"name\":\"Az\u0259rbaycan Tal\u0131\u015flar\u0131n \u0130ctimai \u015euras\u0131n\u0131n \u201cXar\u0131b\u00fclb\u00fcl\u201d festival\u0131 il\u0259 ba\u011fl\u0131 iradlar\u0131 var\"}]},{\"@type\":\"WebSite\",\"@id\":\"https:\\\/\\\/www.meydan.tv\\\/az\\\/#website\",\"url\":\"https:\\\/\\\/www.meydan.tv\\\/az\\\/\",\"name\":\"MEYDAN.TV\",\"description\":\"Meydan TV Az\u0259rbaycan\u0131n media m\u0259kan\u0131ndak\u0131 alternativ s\u0259sidir\",\"publisher\":{\"@id\":\"https:\\\/\\\/www.meydan.tv\\\/az\\\/#organization\"},\"potentialAction\":[{\"@type\":\"SearchAction\",\"target\":{\"@type\":\"EntryPoint\",\"urlTemplate\":\"https:\\\/\\\/www.meydan.tv\\\/az\\\/?s={search_term_string}\"},\"query-input\":{\"@type\":\"PropertyValueSpecification\",\"valueRequired\":true,\"valueName\":\"search_term_string\"}}],\"inLanguage\":\"az\"},{\"@type\":\"Organization\",\"@id\":\"https:\\\/\\\/www.meydan.tv\\\/az\\\/#organization\",\"name\":\"Meydan TV\",\"url\":\"https:\\\/\\\/www.meydan.tv\\\/az\\\/\",\"logo\":{\"@type\":\"ImageObject\",\"inLanguage\":\"az\",\"@id\":\"https:\\\/\\\/www.meydan.tv\\\/az\\\/#\\\/schema\\\/logo\\\/image\\\/\",\"url\":\"https:\\\/\\\/www.meydan.tv\\\/wp-content\\\/uploads\\\/2021\\\/07\\\/meydan-logo.svg\",\"contentUrl\":\"https:\\\/\\\/www.meydan.tv\\\/wp-content\\\/uploads\\\/2021\\\/07\\\/meydan-logo.svg\",\"width\":195,\"height\":46,\"caption\":\"Meydan TV\"},\"image\":{\"@id\":\"https:\\\/\\\/www.meydan.tv\\\/az\\\/#\\\/schema\\\/logo\\\/image\\\/\"}},{\"@type\":\"Person\",\"@id\":\"https:\\\/\\\/www.meydan.tv\\\/az\\\/#\\\/schema\\\/person\\\/10d11eccf6da3662cf5fdab9806ea91a\",\"name\":\"user-manager\"}]}<\/script>\n<!-- \/ Yoast SEO plugin. -->","yoast_head_json":{"title":"Az\u0259rbaycan Tal\u0131\u015flar\u0131n \u0130ctimai \u015euras\u0131n\u0131n \u201cXar\u0131b\u00fclb\u00fcl\u201d festival\u0131 il\u0259 ba\u011fl\u0131 iradlar\u0131 var - MEYDAN.TV","robots":{"index":"index","follow":"follow","max-snippet":"max-snippet:-1","max-image-preview":"max-image-preview:large","max-video-preview":"max-video-preview:-1"},"canonical":"https:\/\/www.meydan.tv\/az\/article\/azerbaycan-talislarin-ictimai-surasinin-xaribulbul-festivali-ile-bagli-iradlari-var\/","og_locale":"az_AZ","og_type":"article","og_title":"Az\u0259rbaycan Tal\u0131\u015flar\u0131n \u0130ctimai \u015euras\u0131n\u0131n \u201cXar\u0131b\u00fclb\u00fcl\u201d festival\u0131 il\u0259 ba\u011fl\u0131 iradlar\u0131 var - MEYDAN.TV","og_description":"\u201cTarixd\u0259n m\u0259lum oldu\u011fu kimi 1812-1813-c\u00fc ill\u0259rd\u0259 Rusiya \u0130mperiyas\u0131 v\u0259 \u0130ran \u015fahl\u0131\u011f\u0131 aras\u0131nda ged\u0259n m\u00fcharib\u0259 n\u0259tic\u0259sind\u0259 tal\u0131\u015f xalq\u0131 ikiy\u0259 b\u00f6l\u00fcn\u00fcb\"","og_url":"https:\/\/www.meydan.tv\/az\/article\/azerbaycan-talislarin-ictimai-surasinin-xaribulbul-festivali-ile-bagli-iradlari-var\/","og_site_name":"MEYDAN.TV","article_published_time":"2021-05-21T11:38:41+00:00","og_image":[{"width":800,"height":667,"url":"https:\/\/www.meydan.tv\/wp-content\/uploads\/021100024461_t1et7ze.jpg","type":"image\/jpeg"}],"author":"user-manager","twitter_card":"summary_large_image","schema":{"@context":"https:\/\/schema.org","@graph":[{"@type":"Article","@id":"https:\/\/www.meydan.tv\/az\/article\/azerbaycan-talislarin-ictimai-surasinin-xaribulbul-festivali-ile-bagli-iradlari-var\/#article","isPartOf":{"@id":"https:\/\/www.meydan.tv\/az\/article\/azerbaycan-talislarin-ictimai-surasinin-xaribulbul-festivali-ile-bagli-iradlari-var\/"},"author":{"name":"user-manager","@id":"https:\/\/www.meydan.tv\/az\/#\/schema\/person\/10d11eccf6da3662cf5fdab9806ea91a"},"headline":"Az\u0259rbaycan Tal\u0131\u015flar\u0131n \u0130ctimai \u015euras\u0131n\u0131n \u201cXar\u0131b\u00fclb\u00fcl\u201d festival\u0131 il\u0259 ba\u011fl\u0131 iradlar\u0131 var","datePublished":"2021-05-21T11:38:41+00:00","mainEntityOfPage":{"@id":"https:\/\/www.meydan.tv\/az\/article\/azerbaycan-talislarin-ictimai-surasinin-xaribulbul-festivali-ile-bagli-iradlari-var\/"},"wordCount":537,"publisher":{"@id":"https:\/\/www.meydan.tv\/az\/#organization"},"image":{"@id":"https:\/\/www.meydan.tv\/az\/article\/azerbaycan-talislarin-ictimai-surasinin-xaribulbul-festivali-ile-bagli-iradlari-var\/#primaryimage"},"thumbnailUrl":"https:\/\/www.meydan.tv\/wp-content\/uploads\/021100024461_t1et7ze.jpg","articleSection":["M\u0259d\u0259niyy\u0259t"],"inLanguage":"az"},{"@type":"WebPage","@id":"https:\/\/www.meydan.tv\/az\/article\/azerbaycan-talislarin-ictimai-surasinin-xaribulbul-festivali-ile-bagli-iradlari-var\/","url":"https:\/\/www.meydan.tv\/az\/article\/azerbaycan-talislarin-ictimai-surasinin-xaribulbul-festivali-ile-bagli-iradlari-var\/","name":"Az\u0259rbaycan Tal\u0131\u015flar\u0131n \u0130ctimai \u015euras\u0131n\u0131n \u201cXar\u0131b\u00fclb\u00fcl\u201d festival\u0131 il\u0259 ba\u011fl\u0131 iradlar\u0131 var - MEYDAN.TV","isPartOf":{"@id":"https:\/\/www.meydan.tv\/az\/#website"},"primaryImageOfPage":{"@id":"https:\/\/www.meydan.tv\/az\/article\/azerbaycan-talislarin-ictimai-surasinin-xaribulbul-festivali-ile-bagli-iradlari-var\/#primaryimage"},"image":{"@id":"https:\/\/www.meydan.tv\/az\/article\/azerbaycan-talislarin-ictimai-surasinin-xaribulbul-festivali-ile-bagli-iradlari-var\/#primaryimage"},"thumbnailUrl":"https:\/\/www.meydan.tv\/wp-content\/uploads\/021100024461_t1et7ze.jpg","datePublished":"2021-05-21T11:38:41+00:00","breadcrumb":{"@id":"https:\/\/www.meydan.tv\/az\/article\/azerbaycan-talislarin-ictimai-surasinin-xaribulbul-festivali-ile-bagli-iradlari-var\/#breadcrumb"},"inLanguage":"az","potentialAction":[{"@type":"ReadAction","target":["https:\/\/www.meydan.tv\/az\/article\/azerbaycan-talislarin-ictimai-surasinin-xaribulbul-festivali-ile-bagli-iradlari-var\/"]}]},{"@type":"ImageObject","inLanguage":"az","@id":"https:\/\/www.meydan.tv\/az\/article\/azerbaycan-talislarin-ictimai-surasinin-xaribulbul-festivali-ile-bagli-iradlari-var\/#primaryimage","url":"https:\/\/www.meydan.tv\/wp-content\/uploads\/021100024461_t1et7ze.jpg","contentUrl":"https:\/\/www.meydan.tv\/wp-content\/uploads\/021100024461_t1et7ze.jpg","width":800,"height":667,"caption":"Source: Specify Source"},{"@type":"BreadcrumbList","@id":"https:\/\/www.meydan.tv\/az\/article\/azerbaycan-talislarin-ictimai-surasinin-xaribulbul-festivali-ile-bagli-iradlari-var\/#breadcrumb","itemListElement":[{"@type":"ListItem","position":1,"name":"Ana s\u0259hif\u0259","item":"https:\/\/www.meydan.tv\/az\/"},{"@type":"ListItem","position":2,"name":"M\u0259d\u0259niyy\u0259t","item":"https:\/\/www.meydan.tv\/az\/section\/medeniyyet\/"},{"@type":"ListItem","position":3,"name":"Az\u0259rbaycan Tal\u0131\u015flar\u0131n \u0130ctimai \u015euras\u0131n\u0131n \u201cXar\u0131b\u00fclb\u00fcl\u201d festival\u0131 il\u0259 ba\u011fl\u0131 iradlar\u0131 var"}]},{"@type":"WebSite","@id":"https:\/\/www.meydan.tv\/az\/#website","url":"https:\/\/www.meydan.tv\/az\/","name":"MEYDAN.TV","description":"Meydan TV Az\u0259rbaycan\u0131n media m\u0259kan\u0131ndak\u0131 alternativ s\u0259sidir","publisher":{"@id":"https:\/\/www.meydan.tv\/az\/#organization"},"potentialAction":[{"@type":"SearchAction","target":{"@type":"EntryPoint","urlTemplate":"https:\/\/www.meydan.tv\/az\/?s={search_term_string}"},"query-input":{"@type":"PropertyValueSpecification","valueRequired":true,"valueName":"search_term_string"}}],"inLanguage":"az"},{"@type":"Organization","@id":"https:\/\/www.meydan.tv\/az\/#organization","name":"Meydan TV","url":"https:\/\/www.meydan.tv\/az\/","logo":{"@type":"ImageObject","inLanguage":"az","@id":"https:\/\/www.meydan.tv\/az\/#\/schema\/logo\/image\/","url":"https:\/\/www.meydan.tv\/wp-content\/uploads\/2021\/07\/meydan-logo.svg","contentUrl":"https:\/\/www.meydan.tv\/wp-content\/uploads\/2021\/07\/meydan-logo.svg","width":195,"height":46,"caption":"Meydan TV"},"image":{"@id":"https:\/\/www.meydan.tv\/az\/#\/schema\/logo\/image\/"}},{"@type":"Person","@id":"https:\/\/www.meydan.tv\/az\/#\/schema\/person\/10d11eccf6da3662cf5fdab9806ea91a","name":"user-manager"}]}},"_links":{"self":[{"href":"https:\/\/www.meydan.tv\/az\/wp-json\/wp\/v2\/posts\/206333","targetHints":{"allow":["GET"]}}],"collection":[{"href":"https:\/\/www.meydan.tv\/az\/wp-json\/wp\/v2\/posts"}],"about":[{"href":"https:\/\/www.meydan.tv\/az\/wp-json\/wp\/v2\/types\/post"}],"author":[{"embeddable":true,"href":"https:\/\/www.meydan.tv\/az\/wp-json\/wp\/v2\/users\/11"}],"replies":[{"embeddable":true,"href":"https:\/\/www.meydan.tv\/az\/wp-json\/wp\/v2\/comments?post=206333"}],"version-history":[{"count":0,"href":"https:\/\/www.meydan.tv\/az\/wp-json\/wp\/v2\/posts\/206333\/revisions"}],"wp:featuredmedia":[{"embeddable":true,"href":"https:\/\/www.meydan.tv\/az\/wp-json\/wp\/v2\/media\/160941"}],"wp:attachment":[{"href":"https:\/\/www.meydan.tv\/az\/wp-json\/wp\/v2\/media?parent=206333"}],"wp:term":[{"taxonomy":"category","embeddable":true,"href":"https:\/\/www.meydan.tv\/az\/wp-json\/wp\/v2\/categories?post=206333"},{"taxonomy":"post_tag","embeddable":true,"href":"https:\/\/www.meydan.tv\/az\/wp-json\/wp\/v2\/tags?post=206333"}],"curies":[{"name":"wp","href":"https:\/\/api.w.org\/{rel}","templated":true}]}}