{"id":206327,"date":"2021-05-21T08:11:27","date_gmt":"2021-05-21T08:11:27","guid":{"rendered":"https:\/\/www.meydan.tv\/article\/insan-haqlari-uzre-avropa-mehkemesi-qarabag-munaqisesinin-meselelerini-nezerden-kecirecek\/"},"modified":"2021-05-21T08:11:27","modified_gmt":"2021-05-21T08:11:27","slug":"insan-haqlari-uzre-avropa-mehkemesi-qarabag-munaqisesinin-meselelerini-nezerden-kecirecek","status":"publish","type":"post","link":"https:\/\/www.meydan.tv\/az\/article\/insan-haqlari-uzre-avropa-mehkemesi-qarabag-munaqisesinin-meselelerini-nezerden-kecirecek\/","title":{"rendered":"\u0130nsan Haqlar\u0131 \u00fczr\u0259 Avropa M\u0259hk\u0259m\u0259si Qaraba\u011f m\u00fcnaqi\u015f\u0259sinin m\u0259s\u0259l\u0259l\u0259rini n\u0259z\u0259rd\u0259n ke\u00e7ir\u0259c\u0259k"},"content":{"rendered":"<p>\n  Az\u0259rbaycan il\u0259 Erm\u0259nistan aras\u0131nda \u00f6t\u0259n ilin pay\u0131z\u0131nda m\u00fcharib\u0259 il\u0259 n\u0259tic\u0259l\u0259nmi\u015f qar\u015f\u0131durma haz\u0131rda h\u00fcquqi m\u00fcst\u0259viy\u0259 ke\u00e7ir. \u0130nsan Haqlar\u0131 \u00fczr\u0259 Avropa M\u0259hk\u0259m\u0259si (\u0130HAM) h\u0259r iki \u00f6lk\u0259nin bir-birin\u0259 olan \u015fikay\u0259tl\u0259rini bax\u0131lmas\u0131 \u00fc\u00e7\u00fcn q\u0259bul edib.\n<\/p>\n<p>\n  Bu proses indi ba\u015flamay\u0131b. H\u0259l\u0259 2020-ci ilin sentyabr-oktyabr aylar\u0131nda Az\u0259rbaycan v\u0259 Erm\u0259nistan \u0130HAM-n\u0259 bir-birin\u0259 olan \u015fikay\u0259tl\u0259rini g\u00f6nd\u0259rib. H\u0259min \u015fikay\u0259tl\u0259rd\u0259 m\u00fclki h\u0259d\u0259fl\u0259rin ni\u015fan al\u0131nmas\u0131 bar\u0259d\u0259 deyilir v\u0259 \u0259razi suverenliyi m\u0259s\u0259l\u0259l\u0259ri qald\u0131r\u0131l\u0131rd\u0131. \u015eikay\u0259tl\u0259r h\u00fcquqi m\u0259hk\u0259m\u0259y\u0259 aid olmasa da, orda h\u0259m d\u0259 insan haqlar\u0131 m\u0259s\u0259l\u0259l\u0259ri qald\u0131r\u0131l\u0131rd\u0131.\n<\/p>\n<p>\n  Az\u0259rbaycan oktyabr\u0131n sonunda \u0130HAM-n\u0259 m\u00fcraci\u0259t ed\u0259r\u0259k, Erm\u0259nistan h\u00f6kum\u0259tinin Erm\u0259nistan \u0259razisind\u0259n v\u0259 i\u015f\u011fal olunmu\u015f \u0259razil\u0259rd\u0259n Az\u0259rbaycan \u0259razisind\u0259ki m\u00fclki v\u0259 ictimai binalar\u0131, q\u0259biristanl\u0131qlar\u0131 v\u0259 dig\u0259r ya\u015fay\u0131\u015f infrastrukturlar\u0131n\u0131 artilleriya v\u0259 raket at\u0259\u015fin\u0259 tutma\u011fa, kriminal \u201cavtoritet\u201dl\u0259rin i\u015f\u011fal olunmu\u015f \u0259razil\u0259rd\u0259 h\u0259rbi, siyasi, maliyy\u0259 d\u0259st\u0259y\u0259, Qaraba\u011fa h\u0259rbi g\u00fcc, h\u0259rbi texnika v\u0259 muzdlu g\u00f6nd\u0259rm\u0259y\u0259 son qoymas\u0131n\u0131 v\u0259 art\u0131q orda yerl\u0259\u015f\u0259nl\u0259ri \u00e7\u0131xarmas\u0131n\u0131 t\u0259l\u0259b etmi\u015fdi. Bak\u0131 Erm\u0259nistana qar\u015f\u0131 iddialar\u0131n t\u0259min olunmas\u0131n\u0131 t\u0259l\u0259b edirdi. Daha \u0259vv\u0259l Erm\u0259nistan \u0130HAM-n\u0259 ox\u015far sor\u011fu g\u00f6nd\u0259rmi\u015fdi.\n<\/p>\n<p>\n  \u0130nsan Haqlar\u0131 \u00fczr\u0259 Avropa M\u0259hk\u0259m\u0259si bununla \u0259laq\u0259dar Da\u011fl\u0131q Qaraba\u011fdak\u0131 m\u00fcnaqi\u015f\u0259y\u0259 m\u00fcnasib\u0259td\u0259 M\u0259hk\u0259m\u0259 Reqlamentinin 39-cu madd\u0259sini t\u0259tbiq etm\u0259yi q\u0259rara al\u0131b. Bu madd\u0259y\u0259 g\u00f6r\u0259, \u201chaz\u0131rk\u0131 madd\u0259nin 4-c\u00fc b\u0259ndi \u0259sas\u0131nda t\u0259yin olumu\u015f n\u00f6vb\u0259t\u00e7i hakim v\u0259 ya Seksiyan\u0131n S\u0259dri maraql\u0131 t\u0259r\u0259fl\u0259rin biri v\u0259 ya h\u0259r ikisinin, ya da ist\u0259nil\u0259n maraql\u0131 \u015f\u0259xsin xahi\u015fi il\u0259 z\u0259rur\u0259t yarananda v\u0259 ya Palatan\u0131n \u015f\u0259xsi t\u0259\u015f\u0259bb\u00fcs\u00fc il\u0259 t\u0259r\u0259fl\u0259rin maraqlar\u0131 \u00fc\u00e7\u00fcn z\u0259ruri sayd\u0131qlar\u0131 ist\u0259nil\u0259n ilkin t\u0259dbir\u0259 q\u0259rar ver\u0259 bil\u0259r\u201d. M\u0259hk\u0259m\u0259 dilind\u0259n \u00e7evirdikd\u0259, bu o dem\u0259kdir ki, z\u0259ruri halda m\u0259hk\u0259m\u0259 \u0259g\u0259r q\u0259rar\u0131n icras\u0131 \u00fc\u00e7\u00fcn mane\u0259l\u0259r yaranarsa, iddian\u0131n t\u0259min olunmas\u0131 \u00fc\u00e7\u00fcn t\u0259dbir g\u00f6r\u0259 bil\u0259r.\n<\/p>\n<p>\n  \u0130HAM-d\u0259 hesab edibl\u0259r ki, Qaraba\u011fdak\u0131 v\u0259ziyy\u0259t \u201c\u0130nsan haqlar\u0131 v\u0259 \u0259sas azadl\u0131qlar\u0131n m\u00fcdafi\u0259si \u00fczr\u0259 Avropa Konvensiyas\u0131\u201dnda ciddi pozuntulara g\u0259tirib \u00e7\u0131xar\u0131b. M\u0259hk\u0259m\u0259 Az\u0259rbaycan v\u0259 Erm\u0259nistan\u0131 h\u0259r hans\u0131 bir t\u0259dbirin g\u00f6r\u00fclm\u0259sind\u0259n uzaq durma\u011fa \u00e7a\u011f\u0131r\u0131b. Bura m\u00fclki \u0259halinin haqlar\u0131n\u0131n pozulmas\u0131na g\u0259tirib \u00e7\u0131xaran, o c\u00fcml\u0259d\u0259n h\u0259yat v\u0259 sa\u011flaml\u0131\u011fa t\u0259hl\u00fck\u0259 ola bil\u0259c\u0259k h\u0259rbi \u0259m\u0259liyyatlar daxildir. M\u0259hk\u0259m\u0259 h\u0259m\u00e7inin m\u00fcnaqi\u015f\u0259y\u0259 c\u0259lb olunmu\u015f \u00f6lk\u0259l\u0259ri, o c\u00fcml\u0259d\u0259n T\u00fcrkiy\u0259ni Konvensiya \u00fczr\u0259 \u00f6h\u0259dilik\u0259rini, x\u00fcsusil\u0259 d\u0259 2-ci madd\u0259y\u0259 (ya\u015famaq h\u00fcququ) v\u0259 3-c\u00fc madd\u0259y\u0259 (i\u015fg\u0259nc\u0259 v\u0259 qeyri-insani, al\u00e7ald\u0131c\u0131 davran\u0131\u015f v\u0259 c\u0259zalar\u0131n qada\u011fan olunmas\u0131) m\u00fcnasib\u0259td\u0259 \u00f6hd\u0259likl\u0259rini yerin\u0259 yetirm\u0259y\u0259 \u00e7a\u011f\u0131r\u0131b. M\u0259hk\u0259m\u0259 \u00f6t\u0259n il noyabr\u0131n 4-d\u0259 verdiyi b\u0259yanatda is\u0259 t\u0259krar olaraq h\u0259r iki \u00f6lk\u0259ni Konvensiya \u00fczr\u0259 \u00f6hd\u0259likl\u0259rin\u0259, o c\u00fcml\u0259d\u0259n \u0259sirl\u0259rin haqlar\u0131n\u0131n qorunmas\u0131na \u0259m\u0259l etm\u0259y\u0259 \u00e7a\u011f\u0131r\u0131b. H\u0259min vaxt s\u00f6hb\u0259t 149 v\u0259t\u0259nda\u015f\u0131n \u0259riz\u0259sind\u0259n gedirdi. \u0130HAM-n\u0259 bu \u0259riz\u0259l\u0259ri Erm\u0259nistan v\u0259 Az\u0259rbaycan h\u00f6kum\u0259tl\u0259ri, h\u0259m\u00e7inin \u0259sirl\u0259rin qohumlar\u0131 t\u0259qdim etmi\u015fdi. M\u0259hk\u0259m\u0259 h\u0259r iki t\u0259r\u0259f\u0259 h\u0259min \u015f\u0259xsl\u0259r, tibbi m\u00fcayin\u0259 v\u0259 ya m\u00fcalic\u0259 d\u0259 daxil olmaqla onlar\u0131n saxlan\u0131lma \u015f\u0259raitl\u0259ri, 2020-ci il noyabr\u0131n 10-da ba\u011flanm\u0131\u015f at\u0259\u015fk\u0259sin \u015f\u0259rtl\u0259rin\u0259 uy\u011fun \u0259sirl\u0259rin d\u0259yi\u015fdirilm\u0259si il\u0259 \u0259laq\u0259dar g\u00f6r\u00fcl\u0259n t\u0259dbirl\u0259r bar\u0259d\u0259 m\u0259lumat verm\u0259yi t\u0259klif etmi\u015fdi. O, h\u0259m\u00e7inin \u0259sir d\u00fc\u015fm\u00fc\u015f \u015f\u0259xsl\u0259rin m\u00fcdafi\u0259si \u00fczr\u0259 beyn\u0259lxalq m\u00fcxanizml\u0259rin m\u00f6vcudlu\u011fu bar\u0259d\u0259 xat\u0131rlatm\u0131\u015f, Az\u0259rbaycan v\u0259 Erm\u0259nistan\u0131 israrla \u201cuy\u011fun prosedurlarda i\u015ftirak etm\u0259y\u0259\u201d \u00e7a\u011f\u0131rm\u0131\u015fd\u0131.\n<\/p>\n<p>\n  Az\u0259rbaycan 2020-ci il dekabr\u0131n 3-d\u0259 \u0130HAM-\u0259 m\u00fcraci\u0259t ed\u0259r\u0259k, 2020-ci il sentyabr\u0131n 29-u ona m\u00fcnasib\u0259td\u0259 \u00e7\u0131xar\u0131lm\u0131\u015f t\u0259minedici \u00f6l\u00e7\u00fcl\u0259rin l\u0259\u011fv olunmas\u0131n\u0131 xahi\u015f edib. Erm\u0259nistan h\u00f6kum\u0259tinin \u0259riz\u0259nin r\u0259dd edilm\u0259si z\u0259rur\u0259ti bar\u0259d\u0259 b\u0259yan etdiyini s\u00f6yl\u0259m\u0259k art\u0131qd\u0131r v\u0259 \u0130HAM Az\u0259rbaycan\u0131n n\u0259z\u0259rd\u0259 tutulan \u0259sirl\u0259rl\u0259 ba\u011fl\u0131 sor\u011fuya bax\u0131lams\u0131n\u0131n dayand\u0131r\u0131lmas\u0131 il\u0259 ba\u011fl\u0131 xahi\u015fini r\u0259dd edib. M\u0259hk\u0259m\u0259 \u00f6z q\u0259rar\u0131n\u0131 \u201c39-cu madd\u0259 \u00fczr\u0259 h\u0259dd\u0259n art\u0131q sor\u011funun g\u00f6nd\u0259rilm\u0259si, \u2013 bu sor\u011fular \u0259sas etibar\u0131 il\u0259 Az\u0259rbyacana qar\u015f\u0131d\u0131r\u201d \u2013 il\u0259 \u0259sasland\u0131r\u0131b.\u201d. M\u0259hk\u0259m\u0259nin q\u0259rar\u0131nda qeyd olunur ki, \u201cAz\u0259rbaycan M\u0259hk\u0259m\u0259nin ist\u0259diyi m\u0259lumat\u0131 \u00e7ox vaxt t\u0259qdim etm\u0259yib\u201d. Bundan ba\u015fqa, \u0130HAM qar\u015f\u0131l\u0131ql\u0131 \u0259sir m\u00fcbadil\u0259sinin ba\u015flamas\u0131n\u0131 t\u0259qdir\u0259layiq bils\u0259 d\u0259, hesab edir ki, h\u0259m Erm\u0259nistan, h\u0259m d\u0259 Az\u0259rbaycana m\u00fcnasib\u0259td\u0259 \u00fcnvanlanm\u0131\u015f \u00fcmumi m\u00fcv\u0259qq\u0259ti \u00f6l\u00e7\u00fc q\u00fcvv\u0259d\u0259 qalmal\u0131 v\u0259 h\u0259r iki t\u0259r\u0259f\u0259 \u00f6z \u00f6hd\u0259likl\u0259rini xat\u0131rlatmal\u0131d\u0131r. Y\u0259qin ki bununla \u0259laq\u0259dar olaraq Az\u0259rbaqycan art\u0131q 2021-ci ilin \u0259vv\u0259lind\u0259 \u0130HAM-\u0259 son 30 il \u0259rzind\u0259 v\u0259t\u0259nda\u015flar\u0131n h\u00fcquq v\u0259 azadl\u0131qlar\u0131n\u0131n pozulmas\u0131 bar\u0259d\u0259 \u0259riz\u0259 g\u00f6nd\u0259rib.\n<\/p>\n<p>\n  Daha sonra Erm\u0259nistan h\u00f6kum\u0259ti \u0130HAM-\u0259 Az\u0259rbaycan\u0131n \u0259sir g\u00f6t\u00fcrd\u00fcy\u00fc 249 ertm\u0259niy\u0259 m\u00fcnasib\u0259td\u0259 m\u00fcv\u0259qq\u0259ti t\u0259dbir g\u00f6r\u00fclm\u0259si bar\u0259d\u0259 \u0259riz\u0259 g\u00f6nd\u0259rib. Ayd\u0131nla\u015fd\u0131r\u0131ld\u0131\u011f\u0131 kimi, ad\u0131 \u00e7\u0259kil\u0259n 249 erm\u0259ninin 58-i 2020-ci ilin dekabr\u0131ndan 2021-ci ilin fevral\u0131nad\u0259k olan m\u00fcdd\u0259td\u0259 repartasiya olunub. Daha 112 n\u0259f\u0259ri Az\u0259rbaycanda olan \u0259sirl\u0259r aras\u0131nda tan\u0131ya bilm\u0259yibl\u0259r. Qeyd etm\u0259k laz\u0131md\u0131r ki, m\u0259hk\u0259m\u0259 h\u0259m\u00e7inin Erm\u0259nistan\u0131n \u0259sir g\u00f6t\u00fcrd\u00fcy\u00fc 16 az\u0259rbaycanl\u0131 bar\u0259d\u0259 m\u00fcv\u0259qq\u0259ti t\u0259dbir g\u00f6r\u00fclm\u0259si bar\u0259d\u0259 sor\u011fular al\u0131b. Ayd\u0131nla\u015fd\u0131r\u0131ld\u0131\u011f\u0131 kimi, Erm\u0259nistan h\u00f6kum\u0259ti bu qrupdan 12 n\u0259f\u0259ri \u0259sir kimi tan\u0131y\u0131b v\u0259 h\u0259l\u0259 2020-ci ilin dekabr\u0131nda repartasiya edib. \u018fsir m\u00fcbadil\u0259sind\u0259 meydana g\u0259lmi\u015f anla\u015f\u0131lmazl\u0131q Erm\u0259nistanla Az\u0259rbaycan\u0131n bu m\u0259s\u0259l\u0259y\u0259 m\u00fcnasib\u0259tind\u0259n ir\u0259li g\u0259lib.\n<\/p>\n<p>\n  Az\u0259rbaycan X\u0130N-in r\u0259hb\u0259ri Ceyhun Bayramov b\u0259yan edir ki, Az\u0259rbaycan noyabr\u0131n 10-da ba\u011flanm\u0131\u015f at\u0259\u015fk\u0259s \u00e7\u0259r\u00e7iv\u0259sind\u0259 \u201cErm\u0259nistana Qaraba\u011fdak\u0131 h\u0259rbi \u0259m\u0259liyyatlar zaman\u0131 g\u00f6t\u00fcr\u00fclm\u00fc\u015f b\u00fct\u00fcn \u0259sirl\u0259ri qaytar\u0131b\u201d. H\u0259r\u00e7\u0259nd o qeyd edib ki, Az\u0259rbaycan t\u0259r\u0259finin saxlad\u0131\u011f\u0131 erm\u0259ni h\u0259rb\u00e7il\u0259ri \u201ch\u0259rbi \u0259sir say\u0131lm\u0131r, bel\u0259 ki ,onlar h\u0259rbi \u0259m\u0259liyyatlar zaman\u0131 saxlan\u0131lmay\u0131b\u201d. Bu \u015f\u0259xsl\u0259r noyabr\u0131n 26-s\u0131, h\u0259rbi \u0259m\u0259liyyatlar dayand\u0131r\u0131ld\u0131qdan v\u0259 at\u0259\u015fk\u0259s\u0259 qol \u00e7\u0259kildikd\u0259n sonra saxlan\u0131l\u0131b.\n<\/p>\n<p>\n  \u0130HAM-in palatas\u0131 mart\u0131n \u0259vv\u0259lind\u0259 b\u00fct\u00fcn bu qar\u015f\u0131l\u0131ql\u0131 \u015fikay\u0259t v\u0259 iddialar\u0131n n\u0259tic\u0259l\u0259rin\u0259 g\u00f6r\u0259, \u2013 orda \u201cErm\u0259nistan Az\u0259rbaycana qar\u015f\u0131\u201d (\u2116 4521\\20) v\u0259 \u201cAz\u0259rbaycan Erm\u0259nistana qar\u015f\u0131\u201d (\u2116 47319\\20) beyn\u0259lxalq i\u015fl\u0259r olub, \u2013 M\u0259hk\u0259m\u0259nin B\u00f6y\u00fck Palatas\u0131n\u0131n xeyrin\u0259 bu i\u015fl\u0259r \u00fczr\u0259 yurisdiksiyadan imtina edib. N\u0259 Az\u0259rbaycan, n\u0259 d\u0259 Erm\u0259nistan buna qar\u015f\u0131 \u00e7\u0131x\u0131b. \u0130HAM yayd\u0131\u011f\u0131 press-relizd\u0259 bu add\u0131m\u0131 bel\u0259 izah edib ki, h\u0259r iki t\u0259r\u0259fin \u0259riz\u0259l\u0259ri daha \u00e7ox 2020-ci ilin pay\u0131z\u0131nda Qaraba\u011fda ba\u015f vermi\u015f m\u00fcharib\u0259 il\u0259 ba\u011fl\u0131d\u0131r. H\u0259min \u0259riz\u0259l\u0259rd\u0259 t\u0259r\u0259fl\u0259r bir-birini zorak\u0131l\u0131qda, m\u00fclki \u015f\u0259xsl\u0259r\u0259, \u015f\u0259xsi v\u0259 ictimai m\u00fclkiyy\u0259t v\u0259 infrastruktura h\u00fccum etm\u0259kd\u0259, h\u0259rb\u00e7il\u0259rl\u0259 v\u0259 m\u00fclki \u015f\u0259xsl\u0259rl\u0259 pis davran\u0131\u015fda, onlara z\u0259r\u0259r verm\u0259kd\u0259, h\u0259rbi \u0259sirl\u0259ri \u0259l\u0259 ke\u00e7irm\u0259kd\u0259 v\u0259 uzun m\u00fcdd\u0259t saxlamaqda, h\u0259rbi \u0259m\u0259liyyatlar\u0131n ke\u00e7irildiyi rayonlarda m\u00fclki \u0259halinin zorla ba\u015fqa yer\u0259 k\u00f6\u00e7\u00fcr\u00fclm\u0259sind\u0259 ittiham edir. \u00dcst\u0259lik Az\u0259rbaycan Erm\u0259nistan\u0131 bir s\u0131ra konvensiyan\u0131 pozmaqda, \u2013 bura 1992-ci ild\u0259 y\u00fcz minl\u0259rl\u0259 az\u0259rbaycanl\u0131n\u0131n \u00f6z yurdundan did\u0259rgin sal\u0131nmas\u0131; az\u0259rbaycanl\u0131 v\u0259t\u0259nda\u015flarla q\u0259ddar davran\u0131\u015f v\u0259 onlar\u0131n yoxa \u00e7\u0131xmas\u0131, h\u0259min hadis\u0259l\u0259rin t\u0259dqiq edilm\u0259m\u0259si; m\u0259d\u0259ni v\u0259 dini d\u0259y\u0259rl\u0259rin m\u0259hv edilm\u0259si aiddir, \u2013 g\u00fcnahland\u0131r\u0131r.\n<\/p>\n<p>\n  Yeri g\u0259lmi\u015fk\u0259n, Erm\u0259nistan Qaraba\u011fdak\u0131 m\u00fcharib\u0259 il\u0259 ba\u011fl\u0131 Az\u0259rbaycana qar\u015f\u0131 \u015fikay\u0259t \u00e7\u0259r\u00e7iv\u0259sind\u0259 \u0130HAM-\u0259 h\u0259m d\u0259 T\u00fcrkiy\u0259y\u0259 qar\u015f\u0131 \u015fikay\u0259t edib. Bu sor\u011fu \u2116 43517\\20 \u0259lav\u0259si kimi qeyd olunub (Erm\u0259nistan T\u00fcrkiy\u0259y\u0259 qar\u015f\u0131) v\u0259 m\u0259hk\u0259m\u0259 2020-ci il oktyabr\u0131n 6-s\u0131 T\u00fcrkiy\u0259y\u0259 m\u00fcnasib\u0259td\u0259 m\u0259hk\u0259m\u0259 reqlamentinin 39-cu madd\u0259sini t\u0259tbiq etm\u0259yi q\u0259rara al\u0131b. Lakin noyabr\u0131n ortas\u0131nda T\u00fcrkiy\u0259 h\u00f6kum\u0259ti \u0130HAM-\u0259 m\u00fcraci\u0259t ed\u0259r\u0259k, bu q\u0259rara yenid\u0259n bax\u0131lmas\u0131n\u0131 xahi\u015f edib v\u0259 bu zaman Az\u0259rbaycan v\u0259 Rusiya prezidentl\u0259rinin, Erm\u0259nistan\u0131n Ba\u015f nazirinin imzalad\u0131qlar\u0131 at\u0259\u015fk\u0259s raz\u0131la\u015fmas\u0131na \u0259saslan\u0131b. M\u0259hk\u0259m\u0259 T\u00fcrkiy\u0259nin xahi\u015fini t\u0259min etm\u0259yi q\u0259rara al\u0131b, lakin Da\u011fl\u0131q Qaraba\u011f m\u00fcnaqi\u015f\u0259sin\u0259 m\u00fcnasib\u0259td\u0259 39-cu madd\u0259y\u0259 uy\u011fun al\u0131nm\u0131\u015f q\u0259rarlar q\u00fcvv\u0259d\u0259 qal\u0131b.\n<\/p>\n<p>\n  \u0130HAM-in B\u00f6y\u00fck Palatas\u0131 m\u0259hk\u0259m\u0259 prezidentind\u0259n, vitse-prezidentl\u0259rd\u0259n, seksiya prezidentl\u0259rind\u0259n, milli hakim v\u0259 h\u0259m\u00e7inin p\u00fc\u015fk \u0259snas\u0131nda se\u00e7ilmi\u015f hakiml\u0259rd\u0259n ibar\u0259tdir. Onlar h\u0259m\u00e7inin i\u015ftirak ed\u0259 bil\u0259rl\u0259r, bel\u0259 ki, i\u015f olduqca m\u00fcr\u0259kk\u0259bdir. 2020-ci ilin sentyabr\u0131nda \u0130HAM Az\u0259rbaycan v\u0259 Erm\u0259nistan\u0131 h\u0259rbi \u0259m\u0259liyyatlardan uzaq durma\u011fa \u00e7a\u011f\u0131randa, \u2013 h\u0259min \u0259m\u0259liyyatlar m\u00fclki \u0259halinin haqlar\u0131n\u0131 poza bil\u0259rdi, \u2013 Erm\u0259nistan\u0131n \u0130HAM-d\u0259 n\u00fcmay\u0259nd\u0259si olan Yeqi\u015fe Kirakosyan bunu erm\u0259ni t\u0259r\u0259finin u\u011furu kimi qiym\u0259tl\u0259ndirmi\u015fdi. Lakin Az\u0259rbaycan da bu m\u00fcraci\u0259ti q\u0259l\u0259b\u0259 kimi qiym\u0259tl\u0259ndirmi\u015fdi. Az\u0259rbaycan X\u0130N-i is\u0259 b\u0259yan etmi\u015fdi ki, \u201cErm\u0259nistan\u0131n Avropa m\u0259hk\u0259m\u0259sind\u0259n \u2013 h\u00fcquqi al\u0259td\u0259n siyasi m\u0259qs\u0259dl\u0259r \u00fc\u00e7\u00fcn istifad\u0259 etm\u0259k c\u0259hdi \u00f6z\u00fcn\u0259 qar\u015f\u0131 \u00e7evrildi\u201d. Bu arada \u201cAmnesty International \u201cAt\u0259\u015f x\u0259ttind\u0259: Da\u011fl\u0131q Qaraba\u011f \u0259traf\u0131ndak\u0131 erm\u0259ni-az\u0259rbaycanl\u0131 m\u00fcnaqi\u015f\u0259sind\u0259 qeyri-qanuni h\u00fccumlar\u0131n m\u00fclki qurbanlar\u0131\u201d adl\u0131 m\u0259ruz\u0259 d\u0259rs edib. H\u0259min m\u0259ruz\u0259d\u0259 h\u0259r iki t\u0259r\u0259fin \u201cqeyri-se\u00e7ici silahdan\u201d, o c\u00fcml\u0259d\u0259n kasetli bombalar t\u0259hl\u00fck\u0259 do\u011furan partlay\u0131c\u0131 silahdan d\u0259f\u0259l\u0259rl\u0259 istifad\u0259 etm\u0259si bar\u0259d\u0259 yaz\u0131l\u0131rd\u0131.\n<\/p>\n<p>\n  B\u00f6y\u00fck Palatan\u0131n iddialara n\u0259 vaxt baxaca\u011f\u0131 h\u0259l\u0259lik m\u0259lum deyil. Lakin bu proses \u00e7oxm\u0259rh\u0259l\u0259lidir. M\u0259hk\u0259m\u0259 h\u0259r iki t\u0259r\u0259fd\u0259n tam s\u0259n\u0259dl\u0259\u015fdirm\u0259 t\u0259l\u0259b ed\u0259c\u0259k. H\u0259min s\u0259n\u0259dl\u0259r etirazlar\u0131n haz\u0131rlanmas\u0131 \u00fc\u00e7\u00fcn cavabdeh\u0259 \u00f6t\u00fcr\u00fcl\u0259c\u0259k. Etirazlar oldu\u011fu halda m\u0259hk\u0259m\u0259 iddia\u00e7\u0131lardan \u0259lav\u0259 arqumentl\u0259r, s\u0259n\u0259dl\u0259r v\u0259 \u015fahid ifad\u0259l\u0259ri t\u0259qdim etm\u0259yi t\u0259l\u0259b ed\u0259c\u0259k. \u0130\u015f m\u00fcr\u0259kk\u0259bl\u0259\u015fdiyi halda, \u2013 bu is\u0259 m\u0259hz m\u00fcr\u0259kk\u0259b i\u015fdir, \u2013 m\u0259hk\u0259m\u0259 m\u00fcst\u0259qil ekspertiza \u00fc\u00e7\u00fcn k\u0259nardan ekspertl\u0259r c\u0259lb ed\u0259 bil\u0259r. M\u0259hk\u0259m\u0259 yaln\u0131z bundan sonra q\u0259rar \u00e7\u0131xara bil\u0259r. Q\u0259rar\u0131n h\u0259yata ke\u00e7irilm\u0259sinin t\u0259min olunmas\u0131 Avropa \u015euras\u0131 Nazirl\u0259r Kabinetinin \u00f6hd\u0259sin\u0259 qoyulur. Q\u0259rar yerin\u0259 yetirilm\u0259diyi t\u0259qdird\u0259 Avropa \u015euras\u0131 h\u0259min d\u00f6vl\u0259t\u0259 sanksiyalar\u0131n qoyulmas\u0131 bar\u0259d\u0259 q\u0259rar \u00e7\u0131xara bil\u0259r. Bu, Avropa \u015euras\u0131nda m\u00fc\u0259yy\u0259n zaman k\u0259siyind\u0259 s\u0259s h\u00fcququnun al\u0131nas\u0131 v\u0259 ya \u00fczvl\u00fcy\u00fcn dayand\u0131r\u0131lmas\u0131, h\u0259m\u00e7inin Avropa \u015euras\u0131ndan \u00e7\u0131xar\u0131lma ola bil\u0259r. M\u0259hk\u0259m\u0259 i\u015fi ill\u0259rl\u0259, h\u0259tta on ill\u0259rl\u0259 \u00e7\u0259k\u0259 bil\u0259r. M\u0259s\u0259l\u0259n, 2006-c\u0131 ild\u0259 G\u00fcrc\u00fcstan \u0130HAM-\u0259 m\u00fcraci\u0259t ed\u0259r\u0259k, g\u00fcrc\u00fcl\u0259rin Rusiyadan qeyri-qanuni \u015f\u0259kild\u0259 \u00e7\u0131xar\u0131lmas\u0131 il\u0259 ba\u011fl\u0131 Rusiyaya qar\u015f\u0131 iddia qald\u0131rm\u0131\u015fd\u0131. Lakin m\u0259hk\u0259m\u0259 G\u00fcrc\u00fcstan\u0131n xeyrin\u0259 yaln\u0131z 2014-c\u00fc ild\u0259 q\u0259rar \u00e7\u0131xarm\u0131\u015fd\u0131. Z\u0259r\u0259r\u00e7\u0259k\u0259nl\u0259r\u0259 10 milyon avro h\u0259cmind\u0259 t\u0259zminat\u0131n verilm\u0259si q\u0259rar\u0131 is\u0259 2019-cu ild\u0259 \u00e7\u0131xar\u0131lm\u0131\u015fd\u0131.\n<\/p>\n<p>\n  S\u00f6zs\u00fcz ki, \u0130HAM \u0259razi m\u0259s\u0259l\u0259l\u0259ri \u00fczr\u0259 he\u00e7 bir q\u0259rar \u00e7\u0131xarmayacaq. \u00dcst\u0259lik m\u0259hk\u0259m\u0259nin Erm\u0259nistanla Az\u0259rbaycan aras\u0131nda ideoloji m\u00fcbariz\u0259 arenas\u0131na \u00e7evrilm\u0259sin\u0259 yol verm\u0259y\u0259c\u0259k. \u00dcmumilikd\u0259 \u0130HAM-in \u0259m\u0259ll\u0259rin\u0259 h\u0259r iki t\u0259r\u0259f\u0259, h\u0259tta m\u00fcnaqi\u015f\u0259 \u015f\u0259raitind\u0259 bel\u0259 insan haqlar\u0131 sah\u0259sind\u0259 \u00f6z beyn\u0259lxalq \u00f6hd\u0259likl\u0259rini unutmamas\u0131n\u0131 xat\u0131rlatmas\u0131 kimi baxmaq laz\u0131md\u0131r. Bel\u0259 ki, qanun \u00fcst\u00fcnl\u00fcy\u00fcn\u00fc tan\u0131madan, \u00fcmumiyy\u0259tl\u0259, \u0130HAM-\u0259 m\u00fcraci\u0259t etm\u0259yin bir anlam\u0131 yoxdur.<\/p>\n","protected":false},"excerpt":{"rendered":"<p>Az\u0259rbaycan il\u0259 Erm\u0259nistan aras\u0131nda \u00f6t\u0259n ilin pay\u0131z\u0131nda m\u00fcharib\u0259 il\u0259 n\u0259tic\u0259l\u0259nmi\u015f qar\u015f\u0131durma haz\u0131rda h\u00fcquqi m\u00fcst\u0259viy\u0259 ke\u00e7ir<\/p>\n","protected":false},"author":11,"featured_media":160860,"comment_status":"closed","ping_status":"open","sticky":false,"template":"","format":"standard","meta":{"_acf_changed":false,"_sitemap_exclude":false,"_sitemap_priority":"","_sitemap_frequency":"","footnotes":""},"categories":[51],"tags":[],"class_list":["post-206327","post","type-post","status-publish","format-standard","has-post-thumbnail","hentry","category-analitika","infinite-scroll-item","generate-columns","tablet-grid-50","mobile-grid-100","grid-parent","grid-33","no-featured-image-padding"],"acf":[],"yoast_head":"<!-- This site is optimized with the Yoast SEO plugin v27.4 - https:\/\/yoast.com\/product\/yoast-seo-wordpress\/ -->\n<title>\u0130nsan Haqlar\u0131 \u00fczr\u0259 Avropa M\u0259hk\u0259m\u0259si Qaraba\u011f m\u00fcnaqi\u015f\u0259sinin m\u0259s\u0259l\u0259l\u0259rini n\u0259z\u0259rd\u0259n ke\u00e7ir\u0259c\u0259k - MEYDAN.TV<\/title>\n<meta name=\"robots\" content=\"index, follow, max-snippet:-1, max-image-preview:large, max-video-preview:-1\" \/>\n<link rel=\"canonical\" href=\"https:\/\/www.meydan.tv\/az\/article\/insan-haqlari-uzre-avropa-mehkemesi-qarabag-munaqisesinin-meselelerini-nezerden-kecirecek\/\" \/>\n<meta property=\"og:locale\" content=\"az_AZ\" \/>\n<meta property=\"og:type\" content=\"article\" \/>\n<meta property=\"og:title\" content=\"\u0130nsan Haqlar\u0131 \u00fczr\u0259 Avropa M\u0259hk\u0259m\u0259si Qaraba\u011f m\u00fcnaqi\u015f\u0259sinin m\u0259s\u0259l\u0259l\u0259rini n\u0259z\u0259rd\u0259n ke\u00e7ir\u0259c\u0259k - MEYDAN.TV\" \/>\n<meta property=\"og:description\" content=\"Az\u0259rbaycan il\u0259 Erm\u0259nistan aras\u0131nda \u00f6t\u0259n ilin pay\u0131z\u0131nda m\u00fcharib\u0259 il\u0259 n\u0259tic\u0259l\u0259nmi\u015f qar\u015f\u0131durma haz\u0131rda h\u00fcquqi m\u00fcst\u0259viy\u0259 ke\u00e7ir\" \/>\n<meta property=\"og:url\" content=\"https:\/\/www.meydan.tv\/az\/article\/insan-haqlari-uzre-avropa-mehkemesi-qarabag-munaqisesinin-meselelerini-nezerden-kecirecek\/\" \/>\n<meta property=\"og:site_name\" content=\"MEYDAN.TV\" \/>\n<meta property=\"article:published_time\" content=\"2021-05-21T08:11:27+00:00\" \/>\n<meta property=\"og:image\" content=\"https:\/\/www.meydan.tv\/wp-content\/uploads\/evrosud_a4smqen.jpg\" \/>\n\t<meta property=\"og:image:width\" content=\"869\" \/>\n\t<meta property=\"og:image:height\" content=\"541\" \/>\n\t<meta property=\"og:image:type\" content=\"image\/jpeg\" \/>\n<meta name=\"author\" content=\"user-manager\" \/>\n<meta name=\"twitter:card\" content=\"summary_large_image\" \/>\n<script type=\"application\/ld+json\" class=\"yoast-schema-graph\">{\"@context\":\"https:\\\/\\\/schema.org\",\"@graph\":[{\"@type\":\"Article\",\"@id\":\"https:\\\/\\\/www.meydan.tv\\\/az\\\/article\\\/insan-haqlari-uzre-avropa-mehkemesi-qarabag-munaqisesinin-meselelerini-nezerden-kecirecek\\\/#article\",\"isPartOf\":{\"@id\":\"https:\\\/\\\/www.meydan.tv\\\/az\\\/article\\\/insan-haqlari-uzre-avropa-mehkemesi-qarabag-munaqisesinin-meselelerini-nezerden-kecirecek\\\/\"},\"author\":{\"name\":\"user-manager\",\"@id\":\"https:\\\/\\\/www.meydan.tv\\\/az\\\/#\\\/schema\\\/person\\\/10d11eccf6da3662cf5fdab9806ea91a\"},\"headline\":\"\u0130nsan Haqlar\u0131 \u00fczr\u0259 Avropa M\u0259hk\u0259m\u0259si Qaraba\u011f m\u00fcnaqi\u015f\u0259sinin m\u0259s\u0259l\u0259l\u0259rini n\u0259z\u0259rd\u0259n ke\u00e7ir\u0259c\u0259k\",\"datePublished\":\"2021-05-21T08:11:27+00:00\",\"mainEntityOfPage\":{\"@id\":\"https:\\\/\\\/www.meydan.tv\\\/az\\\/article\\\/insan-haqlari-uzre-avropa-mehkemesi-qarabag-munaqisesinin-meselelerini-nezerden-kecirecek\\\/\"},\"wordCount\":2413,\"publisher\":{\"@id\":\"https:\\\/\\\/www.meydan.tv\\\/az\\\/#organization\"},\"image\":{\"@id\":\"https:\\\/\\\/www.meydan.tv\\\/az\\\/article\\\/insan-haqlari-uzre-avropa-mehkemesi-qarabag-munaqisesinin-meselelerini-nezerden-kecirecek\\\/#primaryimage\"},\"thumbnailUrl\":\"https:\\\/\\\/www.meydan.tv\\\/wp-content\\\/uploads\\\/evrosud_a4smqen.jpg\",\"articleSection\":[\"Analitika\"],\"inLanguage\":\"az\"},{\"@type\":\"WebPage\",\"@id\":\"https:\\\/\\\/www.meydan.tv\\\/az\\\/article\\\/insan-haqlari-uzre-avropa-mehkemesi-qarabag-munaqisesinin-meselelerini-nezerden-kecirecek\\\/\",\"url\":\"https:\\\/\\\/www.meydan.tv\\\/az\\\/article\\\/insan-haqlari-uzre-avropa-mehkemesi-qarabag-munaqisesinin-meselelerini-nezerden-kecirecek\\\/\",\"name\":\"\u0130nsan Haqlar\u0131 \u00fczr\u0259 Avropa M\u0259hk\u0259m\u0259si Qaraba\u011f m\u00fcnaqi\u015f\u0259sinin m\u0259s\u0259l\u0259l\u0259rini n\u0259z\u0259rd\u0259n ke\u00e7ir\u0259c\u0259k - MEYDAN.TV\",\"isPartOf\":{\"@id\":\"https:\\\/\\\/www.meydan.tv\\\/az\\\/#website\"},\"primaryImageOfPage\":{\"@id\":\"https:\\\/\\\/www.meydan.tv\\\/az\\\/article\\\/insan-haqlari-uzre-avropa-mehkemesi-qarabag-munaqisesinin-meselelerini-nezerden-kecirecek\\\/#primaryimage\"},\"image\":{\"@id\":\"https:\\\/\\\/www.meydan.tv\\\/az\\\/article\\\/insan-haqlari-uzre-avropa-mehkemesi-qarabag-munaqisesinin-meselelerini-nezerden-kecirecek\\\/#primaryimage\"},\"thumbnailUrl\":\"https:\\\/\\\/www.meydan.tv\\\/wp-content\\\/uploads\\\/evrosud_a4smqen.jpg\",\"datePublished\":\"2021-05-21T08:11:27+00:00\",\"breadcrumb\":{\"@id\":\"https:\\\/\\\/www.meydan.tv\\\/az\\\/article\\\/insan-haqlari-uzre-avropa-mehkemesi-qarabag-munaqisesinin-meselelerini-nezerden-kecirecek\\\/#breadcrumb\"},\"inLanguage\":\"az\",\"potentialAction\":[{\"@type\":\"ReadAction\",\"target\":[\"https:\\\/\\\/www.meydan.tv\\\/az\\\/article\\\/insan-haqlari-uzre-avropa-mehkemesi-qarabag-munaqisesinin-meselelerini-nezerden-kecirecek\\\/\"]}]},{\"@type\":\"ImageObject\",\"inLanguage\":\"az\",\"@id\":\"https:\\\/\\\/www.meydan.tv\\\/az\\\/article\\\/insan-haqlari-uzre-avropa-mehkemesi-qarabag-munaqisesinin-meselelerini-nezerden-kecirecek\\\/#primaryimage\",\"url\":\"https:\\\/\\\/www.meydan.tv\\\/wp-content\\\/uploads\\\/evrosud_a4smqen.jpg\",\"contentUrl\":\"https:\\\/\\\/www.meydan.tv\\\/wp-content\\\/uploads\\\/evrosud_a4smqen.jpg\",\"width\":869,\"height\":541,\"caption\":\"Source: \u0410\u0440\u0445\u0438\u0432\"},{\"@type\":\"BreadcrumbList\",\"@id\":\"https:\\\/\\\/www.meydan.tv\\\/az\\\/article\\\/insan-haqlari-uzre-avropa-mehkemesi-qarabag-munaqisesinin-meselelerini-nezerden-kecirecek\\\/#breadcrumb\",\"itemListElement\":[{\"@type\":\"ListItem\",\"position\":1,\"name\":\"Ana s\u0259hif\u0259\",\"item\":\"https:\\\/\\\/www.meydan.tv\\\/az\\\/\"},{\"@type\":\"ListItem\",\"position\":2,\"name\":\"Analitika\",\"item\":\"https:\\\/\\\/www.meydan.tv\\\/az\\\/section\\\/analitika\\\/\"},{\"@type\":\"ListItem\",\"position\":3,\"name\":\"\u0130nsan Haqlar\u0131 \u00fczr\u0259 Avropa M\u0259hk\u0259m\u0259si Qaraba\u011f m\u00fcnaqi\u015f\u0259sinin m\u0259s\u0259l\u0259l\u0259rini n\u0259z\u0259rd\u0259n ke\u00e7ir\u0259c\u0259k\"}]},{\"@type\":\"WebSite\",\"@id\":\"https:\\\/\\\/www.meydan.tv\\\/az\\\/#website\",\"url\":\"https:\\\/\\\/www.meydan.tv\\\/az\\\/\",\"name\":\"MEYDAN.TV\",\"description\":\"Meydan TV Az\u0259rbaycan\u0131n media m\u0259kan\u0131ndak\u0131 alternativ s\u0259sidir\",\"publisher\":{\"@id\":\"https:\\\/\\\/www.meydan.tv\\\/az\\\/#organization\"},\"potentialAction\":[{\"@type\":\"SearchAction\",\"target\":{\"@type\":\"EntryPoint\",\"urlTemplate\":\"https:\\\/\\\/www.meydan.tv\\\/az\\\/?s={search_term_string}\"},\"query-input\":{\"@type\":\"PropertyValueSpecification\",\"valueRequired\":true,\"valueName\":\"search_term_string\"}}],\"inLanguage\":\"az\"},{\"@type\":\"Organization\",\"@id\":\"https:\\\/\\\/www.meydan.tv\\\/az\\\/#organization\",\"name\":\"Meydan TV\",\"url\":\"https:\\\/\\\/www.meydan.tv\\\/az\\\/\",\"logo\":{\"@type\":\"ImageObject\",\"inLanguage\":\"az\",\"@id\":\"https:\\\/\\\/www.meydan.tv\\\/az\\\/#\\\/schema\\\/logo\\\/image\\\/\",\"url\":\"https:\\\/\\\/www.meydan.tv\\\/wp-content\\\/uploads\\\/2021\\\/07\\\/meydan-logo.svg\",\"contentUrl\":\"https:\\\/\\\/www.meydan.tv\\\/wp-content\\\/uploads\\\/2021\\\/07\\\/meydan-logo.svg\",\"width\":195,\"height\":46,\"caption\":\"Meydan TV\"},\"image\":{\"@id\":\"https:\\\/\\\/www.meydan.tv\\\/az\\\/#\\\/schema\\\/logo\\\/image\\\/\"}},{\"@type\":\"Person\",\"@id\":\"https:\\\/\\\/www.meydan.tv\\\/az\\\/#\\\/schema\\\/person\\\/10d11eccf6da3662cf5fdab9806ea91a\",\"name\":\"user-manager\"}]}<\/script>\n<!-- \/ Yoast SEO plugin. -->","yoast_head_json":{"title":"\u0130nsan Haqlar\u0131 \u00fczr\u0259 Avropa M\u0259hk\u0259m\u0259si Qaraba\u011f m\u00fcnaqi\u015f\u0259sinin m\u0259s\u0259l\u0259l\u0259rini n\u0259z\u0259rd\u0259n ke\u00e7ir\u0259c\u0259k - MEYDAN.TV","robots":{"index":"index","follow":"follow","max-snippet":"max-snippet:-1","max-image-preview":"max-image-preview:large","max-video-preview":"max-video-preview:-1"},"canonical":"https:\/\/www.meydan.tv\/az\/article\/insan-haqlari-uzre-avropa-mehkemesi-qarabag-munaqisesinin-meselelerini-nezerden-kecirecek\/","og_locale":"az_AZ","og_type":"article","og_title":"\u0130nsan Haqlar\u0131 \u00fczr\u0259 Avropa M\u0259hk\u0259m\u0259si Qaraba\u011f m\u00fcnaqi\u015f\u0259sinin m\u0259s\u0259l\u0259l\u0259rini n\u0259z\u0259rd\u0259n ke\u00e7ir\u0259c\u0259k - MEYDAN.TV","og_description":"Az\u0259rbaycan il\u0259 Erm\u0259nistan aras\u0131nda \u00f6t\u0259n ilin pay\u0131z\u0131nda m\u00fcharib\u0259 il\u0259 n\u0259tic\u0259l\u0259nmi\u015f qar\u015f\u0131durma haz\u0131rda h\u00fcquqi m\u00fcst\u0259viy\u0259 ke\u00e7ir","og_url":"https:\/\/www.meydan.tv\/az\/article\/insan-haqlari-uzre-avropa-mehkemesi-qarabag-munaqisesinin-meselelerini-nezerden-kecirecek\/","og_site_name":"MEYDAN.TV","article_published_time":"2021-05-21T08:11:27+00:00","og_image":[{"width":869,"height":541,"url":"https:\/\/www.meydan.tv\/wp-content\/uploads\/evrosud_a4smqen.jpg","type":"image\/jpeg"}],"author":"user-manager","twitter_card":"summary_large_image","schema":{"@context":"https:\/\/schema.org","@graph":[{"@type":"Article","@id":"https:\/\/www.meydan.tv\/az\/article\/insan-haqlari-uzre-avropa-mehkemesi-qarabag-munaqisesinin-meselelerini-nezerden-kecirecek\/#article","isPartOf":{"@id":"https:\/\/www.meydan.tv\/az\/article\/insan-haqlari-uzre-avropa-mehkemesi-qarabag-munaqisesinin-meselelerini-nezerden-kecirecek\/"},"author":{"name":"user-manager","@id":"https:\/\/www.meydan.tv\/az\/#\/schema\/person\/10d11eccf6da3662cf5fdab9806ea91a"},"headline":"\u0130nsan Haqlar\u0131 \u00fczr\u0259 Avropa M\u0259hk\u0259m\u0259si Qaraba\u011f m\u00fcnaqi\u015f\u0259sinin m\u0259s\u0259l\u0259l\u0259rini n\u0259z\u0259rd\u0259n ke\u00e7ir\u0259c\u0259k","datePublished":"2021-05-21T08:11:27+00:00","mainEntityOfPage":{"@id":"https:\/\/www.meydan.tv\/az\/article\/insan-haqlari-uzre-avropa-mehkemesi-qarabag-munaqisesinin-meselelerini-nezerden-kecirecek\/"},"wordCount":2413,"publisher":{"@id":"https:\/\/www.meydan.tv\/az\/#organization"},"image":{"@id":"https:\/\/www.meydan.tv\/az\/article\/insan-haqlari-uzre-avropa-mehkemesi-qarabag-munaqisesinin-meselelerini-nezerden-kecirecek\/#primaryimage"},"thumbnailUrl":"https:\/\/www.meydan.tv\/wp-content\/uploads\/evrosud_a4smqen.jpg","articleSection":["Analitika"],"inLanguage":"az"},{"@type":"WebPage","@id":"https:\/\/www.meydan.tv\/az\/article\/insan-haqlari-uzre-avropa-mehkemesi-qarabag-munaqisesinin-meselelerini-nezerden-kecirecek\/","url":"https:\/\/www.meydan.tv\/az\/article\/insan-haqlari-uzre-avropa-mehkemesi-qarabag-munaqisesinin-meselelerini-nezerden-kecirecek\/","name":"\u0130nsan Haqlar\u0131 \u00fczr\u0259 Avropa M\u0259hk\u0259m\u0259si Qaraba\u011f m\u00fcnaqi\u015f\u0259sinin m\u0259s\u0259l\u0259l\u0259rini n\u0259z\u0259rd\u0259n ke\u00e7ir\u0259c\u0259k - MEYDAN.TV","isPartOf":{"@id":"https:\/\/www.meydan.tv\/az\/#website"},"primaryImageOfPage":{"@id":"https:\/\/www.meydan.tv\/az\/article\/insan-haqlari-uzre-avropa-mehkemesi-qarabag-munaqisesinin-meselelerini-nezerden-kecirecek\/#primaryimage"},"image":{"@id":"https:\/\/www.meydan.tv\/az\/article\/insan-haqlari-uzre-avropa-mehkemesi-qarabag-munaqisesinin-meselelerini-nezerden-kecirecek\/#primaryimage"},"thumbnailUrl":"https:\/\/www.meydan.tv\/wp-content\/uploads\/evrosud_a4smqen.jpg","datePublished":"2021-05-21T08:11:27+00:00","breadcrumb":{"@id":"https:\/\/www.meydan.tv\/az\/article\/insan-haqlari-uzre-avropa-mehkemesi-qarabag-munaqisesinin-meselelerini-nezerden-kecirecek\/#breadcrumb"},"inLanguage":"az","potentialAction":[{"@type":"ReadAction","target":["https:\/\/www.meydan.tv\/az\/article\/insan-haqlari-uzre-avropa-mehkemesi-qarabag-munaqisesinin-meselelerini-nezerden-kecirecek\/"]}]},{"@type":"ImageObject","inLanguage":"az","@id":"https:\/\/www.meydan.tv\/az\/article\/insan-haqlari-uzre-avropa-mehkemesi-qarabag-munaqisesinin-meselelerini-nezerden-kecirecek\/#primaryimage","url":"https:\/\/www.meydan.tv\/wp-content\/uploads\/evrosud_a4smqen.jpg","contentUrl":"https:\/\/www.meydan.tv\/wp-content\/uploads\/evrosud_a4smqen.jpg","width":869,"height":541,"caption":"Source: \u0410\u0440\u0445\u0438\u0432"},{"@type":"BreadcrumbList","@id":"https:\/\/www.meydan.tv\/az\/article\/insan-haqlari-uzre-avropa-mehkemesi-qarabag-munaqisesinin-meselelerini-nezerden-kecirecek\/#breadcrumb","itemListElement":[{"@type":"ListItem","position":1,"name":"Ana s\u0259hif\u0259","item":"https:\/\/www.meydan.tv\/az\/"},{"@type":"ListItem","position":2,"name":"Analitika","item":"https:\/\/www.meydan.tv\/az\/section\/analitika\/"},{"@type":"ListItem","position":3,"name":"\u0130nsan Haqlar\u0131 \u00fczr\u0259 Avropa M\u0259hk\u0259m\u0259si Qaraba\u011f m\u00fcnaqi\u015f\u0259sinin m\u0259s\u0259l\u0259l\u0259rini n\u0259z\u0259rd\u0259n ke\u00e7ir\u0259c\u0259k"}]},{"@type":"WebSite","@id":"https:\/\/www.meydan.tv\/az\/#website","url":"https:\/\/www.meydan.tv\/az\/","name":"MEYDAN.TV","description":"Meydan TV Az\u0259rbaycan\u0131n media m\u0259kan\u0131ndak\u0131 alternativ s\u0259sidir","publisher":{"@id":"https:\/\/www.meydan.tv\/az\/#organization"},"potentialAction":[{"@type":"SearchAction","target":{"@type":"EntryPoint","urlTemplate":"https:\/\/www.meydan.tv\/az\/?s={search_term_string}"},"query-input":{"@type":"PropertyValueSpecification","valueRequired":true,"valueName":"search_term_string"}}],"inLanguage":"az"},{"@type":"Organization","@id":"https:\/\/www.meydan.tv\/az\/#organization","name":"Meydan TV","url":"https:\/\/www.meydan.tv\/az\/","logo":{"@type":"ImageObject","inLanguage":"az","@id":"https:\/\/www.meydan.tv\/az\/#\/schema\/logo\/image\/","url":"https:\/\/www.meydan.tv\/wp-content\/uploads\/2021\/07\/meydan-logo.svg","contentUrl":"https:\/\/www.meydan.tv\/wp-content\/uploads\/2021\/07\/meydan-logo.svg","width":195,"height":46,"caption":"Meydan TV"},"image":{"@id":"https:\/\/www.meydan.tv\/az\/#\/schema\/logo\/image\/"}},{"@type":"Person","@id":"https:\/\/www.meydan.tv\/az\/#\/schema\/person\/10d11eccf6da3662cf5fdab9806ea91a","name":"user-manager"}]}},"_links":{"self":[{"href":"https:\/\/www.meydan.tv\/az\/wp-json\/wp\/v2\/posts\/206327","targetHints":{"allow":["GET"]}}],"collection":[{"href":"https:\/\/www.meydan.tv\/az\/wp-json\/wp\/v2\/posts"}],"about":[{"href":"https:\/\/www.meydan.tv\/az\/wp-json\/wp\/v2\/types\/post"}],"author":[{"embeddable":true,"href":"https:\/\/www.meydan.tv\/az\/wp-json\/wp\/v2\/users\/11"}],"replies":[{"embeddable":true,"href":"https:\/\/www.meydan.tv\/az\/wp-json\/wp\/v2\/comments?post=206327"}],"version-history":[{"count":0,"href":"https:\/\/www.meydan.tv\/az\/wp-json\/wp\/v2\/posts\/206327\/revisions"}],"wp:featuredmedia":[{"embeddable":true,"href":"https:\/\/www.meydan.tv\/az\/wp-json\/wp\/v2\/media\/160860"}],"wp:attachment":[{"href":"https:\/\/www.meydan.tv\/az\/wp-json\/wp\/v2\/media?parent=206327"}],"wp:term":[{"taxonomy":"category","embeddable":true,"href":"https:\/\/www.meydan.tv\/az\/wp-json\/wp\/v2\/categories?post=206327"},{"taxonomy":"post_tag","embeddable":true,"href":"https:\/\/www.meydan.tv\/az\/wp-json\/wp\/v2\/tags?post=206327"}],"curies":[{"name":"wp","href":"https:\/\/api.w.org\/{rel}","templated":true}]}}