{"id":206322,"date":"2021-05-20T18:18:40","date_gmt":"2021-05-20T18:18:40","guid":{"rendered":"https:\/\/www.meydan.tv\/article\/sikayetci-polis-reisi-evimi-elimden-alir\/"},"modified":"2021-05-20T18:18:40","modified_gmt":"2021-05-20T18:18:40","slug":"sikayetci-polis-reisi-evimi-elimden-alir","status":"publish","type":"post","link":"https:\/\/www.meydan.tv\/az\/article\/sikayetci-polis-reisi-evimi-elimden-alir\/","title":{"rendered":"\u015eikay\u0259t\u00e7i: \u201cPolis r\u0259isi evimi \u0259limd\u0259n al\u0131r\u201d"},"content":{"rendered":"<figure class=\"wp-block-embed is-type-video is-provider-youtube wp-block-embed-youtube wp-embed-aspect-16-9 wp-has-aspect-ratio\">\n<div class=\"wp-block-embed__wrapper\">\n    <iframe\ttitle=\"\u015eikay\u0259t\u00e7i: \u201cPolis r\u0259isi evimi \u0259limd\u0259n al\u0131r\u201d\" width=\"1200\" height=\"675\" data-src=\"https:\/\/www.youtube.com\/embed\/Her-vwIvdJ8\"\tframeborder=\"0\"\tallow=\"accelerometer; autoplay; clipboard-write; encrypted-media; gyroscope; picture-in-picture\" allowfullscreen src=\"data:image\/svg+xml;base64,PHN2ZyB3aWR0aD0iMSIgaGVpZ2h0PSIxIiB4bWxucz0iaHR0cDovL3d3dy53My5vcmcvMjAwMC9zdmciPjwvc3ZnPg==\" class=\"lazyload\" data-load-mode=\"1\"><\/iframe>\n  <\/div><figcaption>\n    \u015eikay\u0259t\u00e7i: \u201cPolis r\u0259isi evimi \u0259limd\u0259n al\u0131r\u201d<br \/>\n  <\/figcaption><\/figure>\n<p>\n  Azad\u0259 Abdullayeva 1996-c\u0131 ild\u0259n yas\u0327ad\u0131g\u0306\u0131 m\u0259nzild\u0259n \u00e7\u0131xar\u0131lmaq t\u0259hl\u00fck\u0259si il\u0259 \u00fczl\u0259s\u0327ib.\n<\/p>\n<p>\n  O bildirir ki, faiz\u0259 pul g\u00f6t\u00fcrm\u0259k \u00fc\u00e7\u00fcn m\u0259nzinilin s\u0259n\u0259dini X\u0259z\u0259r Rayon Polis I\u0307dar\u0259sinin r\u0259isi olan \u018fli I\u0307brahimova verib. Pul \u00f6d\u0259nilm\u0259dikd\u0259 is\u0259 onun m\u0259nzili qanunsuz olaraq bas\u0327qa s\u0327\u0259xsin ad\u0131na s\u0259n\u0259dl\u0259s\u0327dirilib.\n<\/p>\n<p>\n  S\u0327ikay\u0259t\u00e7i iddia edir ki, \u018fli I\u0307brahimov onun haz\u0131rda h\u0259yatda olan h\u0259yat yoldas\u0327\u0131 L\u0259tif Abdullayevin ad\u0131na \u00f6l\u00fcm akt\u0131 alaraq s\u0259n\u0259dl\u0259s\u0327m\u0259 is\u0327ini asan h\u0259yata ke\u00e7ir\u0259 bilib.\n<\/p>\n<p>\n  M\u0259nzil m\u00fcbahis\u0259l\u0259ndirm\u0259si m\u0259hk\u0259m\u0259 m\u00fcst\u0259visin\u0259 \u00e7\u0131xar\u0131l\u0131b. N\u0259rimanov Rayon M\u0259hk\u0259m\u0259si Abdullayeva Azad\u0259nin lehin\u0259 q\u0259tnam\u0259 \u00e7\u0131xar\u0131b. Lakin qars\u0327\u0131 t\u0259r\u0259fin apelyasiya s\u0327ikay\u0259ti t\u0259min olunub.\n<\/p>\n<p>\n  Azad\u0259 Abdullayeva eyni s\u0327ikay\u0259t il\u0259 may\u0131n 7-d\u0259 Bak\u0131da bas\u0327 tutan aksiyada is\u0327tirak edib v\u0259 bu zaman polis zorak\u0131l\u0131g\u0306\u0131na m\u0259ruz qal\u0131d\u0131g\u0306\u0131n\u0131 deyir.\n<\/p>\n<p>\n  Azad\u0259 Abdullayeva m\u0259hk\u0259m\u0259nin q\u0259rar\u0131na v\u0259 evd\u0259 \u00e7\u0131xar\u0131lmas\u0131 t\u0259hl\u00fck\u0259sin\u0259 etiraz olaraq \u018fdliyy\u0259 Nazirliyinin qars\u0327\u0131s\u0131nda \u00f6z\u00fcn\u00fc yand\u0131rmag\u0306a c\u0259hd edib. Onun bu c\u0259hdinin qars\u0327\u0131s\u0131 nazirliyin \u0259m\u0259kdas\u0327lar\u0131 t\u0259r\u0259find\u0259n al\u0131n\u0131b v\u0259 o q\u0259bul otag\u0306\u0131na apar\u0131l\u0131b. Nazirlikd\u0259 Azad\u0259 Abdullayevaya yenid\u0259n m\u0259hk\u0259m\u0259y\u0259 m\u00fcraci\u0259t etm\u0259si t\u00f6vsiy\u0259 olunub.\n<\/p>\n<p>\n  M\u0259s\u0259l\u0259 il\u0259 ba\u011fl\u0131 Daxili \u0130\u015fl\u0259r Nazirliyinin m\u0259tbuat katibi Ehsan Zahidov da v\u0259t\u0259nda\u015fa yenid\u0259n m\u0259hk\u0259m\u0259y\u0259 m\u00fcraci\u0259t etm\u0259yi m\u0259sl\u0259h\u0259t g\u00f6r\u00fcb.<\/p>\n","protected":false},"excerpt":{"rendered":"<p>Azad\u0259 Abdullayeva 1996-c\u0131 ild\u0259n yas\u0327ad\u0131g\u0306\u0131 m\u0259nzild\u0259n \u00e7\u0131xar\u0131lmaq t\u0259hl\u00fck\u0259si il\u0259 \u00fczl\u0259s\u0327ib.<\/p>\n","protected":false},"author":11,"featured_media":160932,"comment_status":"closed","ping_status":"open","sticky":false,"template":"","format":"standard","meta":{"_acf_changed":false,"_sitemap_exclude":false,"_sitemap_priority":"","_sitemap_frequency":"","footnotes":""},"categories":[63],"tags":[],"class_list":["post-206322","post","type-post","status-publish","format-standard","has-post-thumbnail","hentry","category-video-2","infinite-scroll-item","generate-columns","tablet-grid-50","mobile-grid-100","grid-parent","grid-33","no-featured-image-padding"],"acf":[],"yoast_head":"<!-- This site is optimized with the Yoast SEO plugin v27.5 - https:\/\/yoast.com\/product\/yoast-seo-wordpress\/ -->\n<title>\u015eikay\u0259t\u00e7i: \u201cPolis r\u0259isi evimi \u0259limd\u0259n al\u0131r\u201d - MEYDAN.TV<\/title>\n<meta name=\"robots\" content=\"index, follow, max-snippet:-1, max-image-preview:large, max-video-preview:-1\" \/>\n<link rel=\"canonical\" href=\"https:\/\/www.meydan.tv\/az\/article\/sikayetci-polis-reisi-evimi-elimden-alir\/\" \/>\n<meta property=\"og:locale\" content=\"az_AZ\" \/>\n<meta property=\"og:type\" content=\"article\" \/>\n<meta property=\"og:title\" content=\"\u015eikay\u0259t\u00e7i: \u201cPolis r\u0259isi evimi \u0259limd\u0259n al\u0131r\u201d - MEYDAN.TV\" \/>\n<meta property=\"og:description\" content=\"Azad\u0259 Abdullayeva 1996-c\u0131 ild\u0259n yas\u0327ad\u0131g\u0306\u0131 m\u0259nzild\u0259n \u00e7\u0131xar\u0131lmaq t\u0259hl\u00fck\u0259si il\u0259 \u00fczl\u0259s\u0327ib.\" \/>\n<meta property=\"og:url\" content=\"https:\/\/www.meydan.tv\/az\/article\/sikayetci-polis-reisi-evimi-elimden-alir\/\" \/>\n<meta property=\"og:site_name\" content=\"MEYDAN.TV\" \/>\n<meta property=\"article:published_time\" content=\"2021-05-20T18:18:40+00:00\" \/>\n<meta property=\"og:image\" content=\"https:\/\/www.meydan.tv\/wp-content\/uploads\/6536_wzm47w4.png\" \/>\n\t<meta property=\"og:image:width\" content=\"1280\" \/>\n\t<meta property=\"og:image:height\" content=\"720\" \/>\n\t<meta property=\"og:image:type\" content=\"image\/png\" \/>\n<meta name=\"author\" content=\"user-manager\" \/>\n<meta name=\"twitter:card\" content=\"summary_large_image\" \/>\n<script type=\"application\/ld+json\" class=\"yoast-schema-graph\">{\"@context\":\"https:\\\/\\\/schema.org\",\"@graph\":[{\"@type\":\"Article\",\"@id\":\"https:\\\/\\\/www.meydan.tv\\\/az\\\/article\\\/sikayetci-polis-reisi-evimi-elimden-alir\\\/#article\",\"isPartOf\":{\"@id\":\"https:\\\/\\\/www.meydan.tv\\\/az\\\/article\\\/sikayetci-polis-reisi-evimi-elimden-alir\\\/\"},\"author\":{\"name\":\"user-manager\",\"@id\":\"https:\\\/\\\/www.meydan.tv\\\/az\\\/#\\\/schema\\\/person\\\/10d11eccf6da3662cf5fdab9806ea91a\"},\"headline\":\"\u015eikay\u0259t\u00e7i: \u201cPolis r\u0259isi evimi \u0259limd\u0259n al\u0131r\u201d\",\"datePublished\":\"2021-05-20T18:18:40+00:00\",\"mainEntityOfPage\":{\"@id\":\"https:\\\/\\\/www.meydan.tv\\\/az\\\/article\\\/sikayetci-polis-reisi-evimi-elimden-alir\\\/\"},\"wordCount\":324,\"publisher\":{\"@id\":\"https:\\\/\\\/www.meydan.tv\\\/az\\\/#organization\"},\"image\":{\"@id\":\"https:\\\/\\\/www.meydan.tv\\\/az\\\/article\\\/sikayetci-polis-reisi-evimi-elimden-alir\\\/#primaryimage\"},\"thumbnailUrl\":\"https:\\\/\\\/www.meydan.tv\\\/wp-content\\\/uploads\\\/6536_wzm47w4.png\",\"articleSection\":[\"Video\"],\"inLanguage\":\"az\"},{\"@type\":\"WebPage\",\"@id\":\"https:\\\/\\\/www.meydan.tv\\\/az\\\/article\\\/sikayetci-polis-reisi-evimi-elimden-alir\\\/\",\"url\":\"https:\\\/\\\/www.meydan.tv\\\/az\\\/article\\\/sikayetci-polis-reisi-evimi-elimden-alir\\\/\",\"name\":\"\u015eikay\u0259t\u00e7i: \u201cPolis r\u0259isi evimi \u0259limd\u0259n al\u0131r\u201d - MEYDAN.TV\",\"isPartOf\":{\"@id\":\"https:\\\/\\\/www.meydan.tv\\\/az\\\/#website\"},\"primaryImageOfPage\":{\"@id\":\"https:\\\/\\\/www.meydan.tv\\\/az\\\/article\\\/sikayetci-polis-reisi-evimi-elimden-alir\\\/#primaryimage\"},\"image\":{\"@id\":\"https:\\\/\\\/www.meydan.tv\\\/az\\\/article\\\/sikayetci-polis-reisi-evimi-elimden-alir\\\/#primaryimage\"},\"thumbnailUrl\":\"https:\\\/\\\/www.meydan.tv\\\/wp-content\\\/uploads\\\/6536_wzm47w4.png\",\"datePublished\":\"2021-05-20T18:18:40+00:00\",\"breadcrumb\":{\"@id\":\"https:\\\/\\\/www.meydan.tv\\\/az\\\/article\\\/sikayetci-polis-reisi-evimi-elimden-alir\\\/#breadcrumb\"},\"inLanguage\":\"az\",\"potentialAction\":[{\"@type\":\"ReadAction\",\"target\":[\"https:\\\/\\\/www.meydan.tv\\\/az\\\/article\\\/sikayetci-polis-reisi-evimi-elimden-alir\\\/\"]}]},{\"@type\":\"ImageObject\",\"inLanguage\":\"az\",\"@id\":\"https:\\\/\\\/www.meydan.tv\\\/az\\\/article\\\/sikayetci-polis-reisi-evimi-elimden-alir\\\/#primaryimage\",\"url\":\"https:\\\/\\\/www.meydan.tv\\\/wp-content\\\/uploads\\\/6536_wzm47w4.png\",\"contentUrl\":\"https:\\\/\\\/www.meydan.tv\\\/wp-content\\\/uploads\\\/6536_wzm47w4.png\",\"width\":1280,\"height\":720,\"caption\":\"Source: Meydan.TV\"},{\"@type\":\"BreadcrumbList\",\"@id\":\"https:\\\/\\\/www.meydan.tv\\\/az\\\/article\\\/sikayetci-polis-reisi-evimi-elimden-alir\\\/#breadcrumb\",\"itemListElement\":[{\"@type\":\"ListItem\",\"position\":1,\"name\":\"Ana s\u0259hif\u0259\",\"item\":\"https:\\\/\\\/www.meydan.tv\\\/az\\\/\"},{\"@type\":\"ListItem\",\"position\":2,\"name\":\"Video\",\"item\":\"https:\\\/\\\/www.meydan.tv\\\/az\\\/section\\\/video-2\\\/\"},{\"@type\":\"ListItem\",\"position\":3,\"name\":\"\u015eikay\u0259t\u00e7i: \u201cPolis r\u0259isi evimi \u0259limd\u0259n al\u0131r\u201d\"}]},{\"@type\":\"WebSite\",\"@id\":\"https:\\\/\\\/www.meydan.tv\\\/az\\\/#website\",\"url\":\"https:\\\/\\\/www.meydan.tv\\\/az\\\/\",\"name\":\"MEYDAN.TV\",\"description\":\"Meydan TV Az\u0259rbaycan\u0131n media m\u0259kan\u0131ndak\u0131 alternativ s\u0259sidir\",\"publisher\":{\"@id\":\"https:\\\/\\\/www.meydan.tv\\\/az\\\/#organization\"},\"potentialAction\":[{\"@type\":\"SearchAction\",\"target\":{\"@type\":\"EntryPoint\",\"urlTemplate\":\"https:\\\/\\\/www.meydan.tv\\\/az\\\/?s={search_term_string}\"},\"query-input\":{\"@type\":\"PropertyValueSpecification\",\"valueRequired\":true,\"valueName\":\"search_term_string\"}}],\"inLanguage\":\"az\"},{\"@type\":\"Organization\",\"@id\":\"https:\\\/\\\/www.meydan.tv\\\/az\\\/#organization\",\"name\":\"Meydan TV\",\"url\":\"https:\\\/\\\/www.meydan.tv\\\/az\\\/\",\"logo\":{\"@type\":\"ImageObject\",\"inLanguage\":\"az\",\"@id\":\"https:\\\/\\\/www.meydan.tv\\\/az\\\/#\\\/schema\\\/logo\\\/image\\\/\",\"url\":\"https:\\\/\\\/www.meydan.tv\\\/wp-content\\\/uploads\\\/2021\\\/07\\\/meydan-logo.svg\",\"contentUrl\":\"https:\\\/\\\/www.meydan.tv\\\/wp-content\\\/uploads\\\/2021\\\/07\\\/meydan-logo.svg\",\"width\":195,\"height\":46,\"caption\":\"Meydan TV\"},\"image\":{\"@id\":\"https:\\\/\\\/www.meydan.tv\\\/az\\\/#\\\/schema\\\/logo\\\/image\\\/\"}},{\"@type\":\"Person\",\"@id\":\"https:\\\/\\\/www.meydan.tv\\\/az\\\/#\\\/schema\\\/person\\\/10d11eccf6da3662cf5fdab9806ea91a\",\"name\":\"user-manager\"}]}<\/script>\n<!-- \/ Yoast SEO plugin. -->","yoast_head_json":{"title":"\u015eikay\u0259t\u00e7i: \u201cPolis r\u0259isi evimi \u0259limd\u0259n al\u0131r\u201d - MEYDAN.TV","robots":{"index":"index","follow":"follow","max-snippet":"max-snippet:-1","max-image-preview":"max-image-preview:large","max-video-preview":"max-video-preview:-1"},"canonical":"https:\/\/www.meydan.tv\/az\/article\/sikayetci-polis-reisi-evimi-elimden-alir\/","og_locale":"az_AZ","og_type":"article","og_title":"\u015eikay\u0259t\u00e7i: \u201cPolis r\u0259isi evimi \u0259limd\u0259n al\u0131r\u201d - MEYDAN.TV","og_description":"Azad\u0259 Abdullayeva 1996-c\u0131 ild\u0259n yas\u0327ad\u0131g\u0306\u0131 m\u0259nzild\u0259n \u00e7\u0131xar\u0131lmaq t\u0259hl\u00fck\u0259si il\u0259 \u00fczl\u0259s\u0327ib.","og_url":"https:\/\/www.meydan.tv\/az\/article\/sikayetci-polis-reisi-evimi-elimden-alir\/","og_site_name":"MEYDAN.TV","article_published_time":"2021-05-20T18:18:40+00:00","og_image":[{"width":1280,"height":720,"url":"https:\/\/www.meydan.tv\/wp-content\/uploads\/6536_wzm47w4.png","type":"image\/png"}],"author":"user-manager","twitter_card":"summary_large_image","schema":{"@context":"https:\/\/schema.org","@graph":[{"@type":"Article","@id":"https:\/\/www.meydan.tv\/az\/article\/sikayetci-polis-reisi-evimi-elimden-alir\/#article","isPartOf":{"@id":"https:\/\/www.meydan.tv\/az\/article\/sikayetci-polis-reisi-evimi-elimden-alir\/"},"author":{"name":"user-manager","@id":"https:\/\/www.meydan.tv\/az\/#\/schema\/person\/10d11eccf6da3662cf5fdab9806ea91a"},"headline":"\u015eikay\u0259t\u00e7i: \u201cPolis r\u0259isi evimi \u0259limd\u0259n al\u0131r\u201d","datePublished":"2021-05-20T18:18:40+00:00","mainEntityOfPage":{"@id":"https:\/\/www.meydan.tv\/az\/article\/sikayetci-polis-reisi-evimi-elimden-alir\/"},"wordCount":324,"publisher":{"@id":"https:\/\/www.meydan.tv\/az\/#organization"},"image":{"@id":"https:\/\/www.meydan.tv\/az\/article\/sikayetci-polis-reisi-evimi-elimden-alir\/#primaryimage"},"thumbnailUrl":"https:\/\/www.meydan.tv\/wp-content\/uploads\/6536_wzm47w4.png","articleSection":["Video"],"inLanguage":"az"},{"@type":"WebPage","@id":"https:\/\/www.meydan.tv\/az\/article\/sikayetci-polis-reisi-evimi-elimden-alir\/","url":"https:\/\/www.meydan.tv\/az\/article\/sikayetci-polis-reisi-evimi-elimden-alir\/","name":"\u015eikay\u0259t\u00e7i: \u201cPolis r\u0259isi evimi \u0259limd\u0259n al\u0131r\u201d - MEYDAN.TV","isPartOf":{"@id":"https:\/\/www.meydan.tv\/az\/#website"},"primaryImageOfPage":{"@id":"https:\/\/www.meydan.tv\/az\/article\/sikayetci-polis-reisi-evimi-elimden-alir\/#primaryimage"},"image":{"@id":"https:\/\/www.meydan.tv\/az\/article\/sikayetci-polis-reisi-evimi-elimden-alir\/#primaryimage"},"thumbnailUrl":"https:\/\/www.meydan.tv\/wp-content\/uploads\/6536_wzm47w4.png","datePublished":"2021-05-20T18:18:40+00:00","breadcrumb":{"@id":"https:\/\/www.meydan.tv\/az\/article\/sikayetci-polis-reisi-evimi-elimden-alir\/#breadcrumb"},"inLanguage":"az","potentialAction":[{"@type":"ReadAction","target":["https:\/\/www.meydan.tv\/az\/article\/sikayetci-polis-reisi-evimi-elimden-alir\/"]}]},{"@type":"ImageObject","inLanguage":"az","@id":"https:\/\/www.meydan.tv\/az\/article\/sikayetci-polis-reisi-evimi-elimden-alir\/#primaryimage","url":"https:\/\/www.meydan.tv\/wp-content\/uploads\/6536_wzm47w4.png","contentUrl":"https:\/\/www.meydan.tv\/wp-content\/uploads\/6536_wzm47w4.png","width":1280,"height":720,"caption":"Source: Meydan.TV"},{"@type":"BreadcrumbList","@id":"https:\/\/www.meydan.tv\/az\/article\/sikayetci-polis-reisi-evimi-elimden-alir\/#breadcrumb","itemListElement":[{"@type":"ListItem","position":1,"name":"Ana s\u0259hif\u0259","item":"https:\/\/www.meydan.tv\/az\/"},{"@type":"ListItem","position":2,"name":"Video","item":"https:\/\/www.meydan.tv\/az\/section\/video-2\/"},{"@type":"ListItem","position":3,"name":"\u015eikay\u0259t\u00e7i: \u201cPolis r\u0259isi evimi \u0259limd\u0259n al\u0131r\u201d"}]},{"@type":"WebSite","@id":"https:\/\/www.meydan.tv\/az\/#website","url":"https:\/\/www.meydan.tv\/az\/","name":"MEYDAN.TV","description":"Meydan TV Az\u0259rbaycan\u0131n media m\u0259kan\u0131ndak\u0131 alternativ s\u0259sidir","publisher":{"@id":"https:\/\/www.meydan.tv\/az\/#organization"},"potentialAction":[{"@type":"SearchAction","target":{"@type":"EntryPoint","urlTemplate":"https:\/\/www.meydan.tv\/az\/?s={search_term_string}"},"query-input":{"@type":"PropertyValueSpecification","valueRequired":true,"valueName":"search_term_string"}}],"inLanguage":"az"},{"@type":"Organization","@id":"https:\/\/www.meydan.tv\/az\/#organization","name":"Meydan TV","url":"https:\/\/www.meydan.tv\/az\/","logo":{"@type":"ImageObject","inLanguage":"az","@id":"https:\/\/www.meydan.tv\/az\/#\/schema\/logo\/image\/","url":"https:\/\/www.meydan.tv\/wp-content\/uploads\/2021\/07\/meydan-logo.svg","contentUrl":"https:\/\/www.meydan.tv\/wp-content\/uploads\/2021\/07\/meydan-logo.svg","width":195,"height":46,"caption":"Meydan TV"},"image":{"@id":"https:\/\/www.meydan.tv\/az\/#\/schema\/logo\/image\/"}},{"@type":"Person","@id":"https:\/\/www.meydan.tv\/az\/#\/schema\/person\/10d11eccf6da3662cf5fdab9806ea91a","name":"user-manager"}]}},"_links":{"self":[{"href":"https:\/\/www.meydan.tv\/az\/wp-json\/wp\/v2\/posts\/206322","targetHints":{"allow":["GET"]}}],"collection":[{"href":"https:\/\/www.meydan.tv\/az\/wp-json\/wp\/v2\/posts"}],"about":[{"href":"https:\/\/www.meydan.tv\/az\/wp-json\/wp\/v2\/types\/post"}],"author":[{"embeddable":true,"href":"https:\/\/www.meydan.tv\/az\/wp-json\/wp\/v2\/users\/11"}],"replies":[{"embeddable":true,"href":"https:\/\/www.meydan.tv\/az\/wp-json\/wp\/v2\/comments?post=206322"}],"version-history":[{"count":0,"href":"https:\/\/www.meydan.tv\/az\/wp-json\/wp\/v2\/posts\/206322\/revisions"}],"wp:featuredmedia":[{"embeddable":true,"href":"https:\/\/www.meydan.tv\/az\/wp-json\/wp\/v2\/media\/160932"}],"wp:attachment":[{"href":"https:\/\/www.meydan.tv\/az\/wp-json\/wp\/v2\/media?parent=206322"}],"wp:term":[{"taxonomy":"category","embeddable":true,"href":"https:\/\/www.meydan.tv\/az\/wp-json\/wp\/v2\/categories?post=206322"},{"taxonomy":"post_tag","embeddable":true,"href":"https:\/\/www.meydan.tv\/az\/wp-json\/wp\/v2\/tags?post=206322"}],"curies":[{"name":"wp","href":"https:\/\/api.w.org\/{rel}","templated":true}]}}