{"id":206319,"date":"2021-05-20T15:46:11","date_gmt":"2021-05-20T15:46:11","guid":{"rendered":"https:\/\/www.meydan.tv\/article\/musfiq-hetemov-televiziya-rehberi-teyin-olundu\/"},"modified":"2021-05-20T15:46:11","modified_gmt":"2021-05-20T15:46:11","slug":"musfiq-hetemov-televiziya-rehberi-teyin-olundu","status":"publish","type":"post","link":"https:\/\/www.meydan.tv\/az\/article\/musfiq-hetemov-televiziya-rehberi-teyin-olundu\/","title":{"rendered":"M\u00fc\u015ffiq H\u0259t\u0259mov televiziya r\u0259hb\u0259ri t\u0259yin olundu"},"content":{"rendered":"<p>\n  <i><br \/>\n    Kinoprod\u00fcser \u201cSpace\u201d\u0259 r\u0259hb\u0259rlik ed\u0259c\u0259k<br \/>\n  <\/i>\n<\/p>\n<p>\n  \u201cSpace\u201d teleradio \u015firk\u0259tin\u0259 yeni r\u0259hb\u0259r t\u0259yin olunub.\n<\/p>\n<p>\n  \u201cReport\u201d x\u0259b\u0259r verir ki, bu v\u0259zif\u0259y\u0259 \u018fm\u0259kdar inc\u0259s\u0259n\u0259t xadimi, ssenarist, kinoprod\u00fcser M\u00fc\u015ffiq H\u0259t\u0259mov g\u0259tirilib.\n<\/p>\n<p>\n  M\u00fc\u015ffiq H\u0259t\u0259mov 2011\u20132019-cu ill\u0259rd\u0259 C\u0259f\u0259r Cabbarl\u0131 ad\u0131na \u201cAz\u0259rbaycanfilm\u201d kinostudiyas\u0131n\u0131n direktoru v\u0259zif\u0259sind\u0259 \u00e7al\u0131\u015f\u0131b.\n<\/p>\n<p>\n  2006-2021-ci ill\u0259rd\u0259 \u201cSpace\u201din r\u0259hb\u0259ri v\u0259zif\u0259sind\u0259 \u00e7al\u0131\u015fan Vaqif Mustafayev bu ilin \u0259vv\u0259lind\u0259 i\u015fd\u0259n \u00e7\u0131xar\u0131l\u0131b.\n<\/p>\n<p>\n  Sonra \u015firk\u0259tin r\u0259hb\u0259r v\u0259zif\u0259sinin m\u00fcv\u0259qq\u0259ti icras\u0131 televiziyan\u0131n ba\u015f prod\u00fcseri Kamil \u015eahverdiyev\u0259 tap\u015f\u0131r\u0131l\u0131b.\n<\/p>\n<p>\n  Daha sonra bu v\u0259zif\u0259y\u0259 ADA Universitetinin ba\u015f m\u00fc\u0259llimi, T\u0259hsil Nazirliyi yan\u0131nda \u0130ctimai \u015euran\u0131n \u00fczv\u00fc, M\u00fcasir T\u0259hsil v\u0259 T\u0259dris\u0259 Yard\u0131m \u0130ctimai Birliyinin r\u0259hb\u0259ri \u00dclviyy\u0259 Mikay\u0131lova g\u0259tirils\u0259 d\u0259, o, bir ne\u00e7\u0259 g\u00fcn sonra istefa verib.<\/p>\n","protected":false},"excerpt":{"rendered":"<p>Daha sonra bu v\u0259zif\u0259y\u0259 ADA Universitetinin ba\u015f m\u00fc\u0259llimi, T\u0259hsil Nazirliyi yan\u0131nda \u0130ctimai \u015euran\u0131n \u00fczv\u00fc, M\u00fcasir T\u0259hsil v\u0259 T\u0259dris\u0259 Yard\u0131m \u0130ctimai Birliyinin r\u0259hb\u0259ri \u00dclviyy\u0259 Mikay\u0131lova g\u0259tirils\u0259 d\u0259, o, bir ne\u00e7\u0259 g\u00fcn sonra istefa verib.<\/p>\n","protected":false},"author":11,"featured_media":160923,"comment_status":"closed","ping_status":"open","sticky":false,"template":"","format":"standard","meta":{"_acf_changed":false,"_sitemap_exclude":false,"_sitemap_priority":"","_sitemap_frequency":"","footnotes":""},"categories":[52],"tags":[],"class_list":["post-206319","post","type-post","status-publish","format-standard","has-post-thumbnail","hentry","category-medeniyyet","infinite-scroll-item","generate-columns","tablet-grid-50","mobile-grid-100","grid-parent","grid-33","no-featured-image-padding"],"acf":[],"yoast_head":"<!-- This site is optimized with the Yoast SEO plugin v27.4 - https:\/\/yoast.com\/product\/yoast-seo-wordpress\/ -->\n<title>M\u00fc\u015ffiq H\u0259t\u0259mov televiziya r\u0259hb\u0259ri t\u0259yin olundu - MEYDAN.TV<\/title>\n<meta name=\"robots\" content=\"index, follow, max-snippet:-1, max-image-preview:large, max-video-preview:-1\" \/>\n<link rel=\"canonical\" href=\"https:\/\/www.meydan.tv\/az\/article\/musfiq-hetemov-televiziya-rehberi-teyin-olundu\/\" \/>\n<meta property=\"og:locale\" content=\"az_AZ\" \/>\n<meta property=\"og:type\" content=\"article\" \/>\n<meta property=\"og:title\" content=\"M\u00fc\u015ffiq H\u0259t\u0259mov televiziya r\u0259hb\u0259ri t\u0259yin olundu - MEYDAN.TV\" \/>\n<meta property=\"og:description\" content=\"Daha sonra bu v\u0259zif\u0259y\u0259 ADA Universitetinin ba\u015f m\u00fc\u0259llimi, T\u0259hsil Nazirliyi yan\u0131nda \u0130ctimai \u015euran\u0131n \u00fczv\u00fc, M\u00fcasir T\u0259hsil v\u0259 T\u0259dris\u0259 Yard\u0131m \u0130ctimai Birliyinin r\u0259hb\u0259ri \u00dclviyy\u0259 Mikay\u0131lova g\u0259tirils\u0259 d\u0259, o, bir ne\u00e7\u0259 g\u00fcn sonra istefa verib.\" \/>\n<meta property=\"og:url\" content=\"https:\/\/www.meydan.tv\/az\/article\/musfiq-hetemov-televiziya-rehberi-teyin-olundu\/\" \/>\n<meta property=\"og:site_name\" content=\"MEYDAN.TV\" \/>\n<meta property=\"article:published_time\" content=\"2021-05-20T15:46:11+00:00\" \/>\n<meta property=\"og:image\" content=\"https:\/\/www.meydan.tv\/wp-content\/uploads\/photo_2021-05-20_15.25.34.jpeg\" \/>\n\t<meta property=\"og:image:width\" content=\"1280\" \/>\n\t<meta property=\"og:image:height\" content=\"853\" \/>\n\t<meta property=\"og:image:type\" content=\"image\/jpeg\" \/>\n<meta name=\"author\" content=\"user-manager\" \/>\n<meta name=\"twitter:card\" content=\"summary_large_image\" \/>\n<script type=\"application\/ld+json\" class=\"yoast-schema-graph\">{\"@context\":\"https:\\\/\\\/schema.org\",\"@graph\":[{\"@type\":\"Article\",\"@id\":\"https:\\\/\\\/www.meydan.tv\\\/az\\\/article\\\/musfiq-hetemov-televiziya-rehberi-teyin-olundu\\\/#article\",\"isPartOf\":{\"@id\":\"https:\\\/\\\/www.meydan.tv\\\/az\\\/article\\\/musfiq-hetemov-televiziya-rehberi-teyin-olundu\\\/\"},\"author\":{\"name\":\"user-manager\",\"@id\":\"https:\\\/\\\/www.meydan.tv\\\/az\\\/#\\\/schema\\\/person\\\/10d11eccf6da3662cf5fdab9806ea91a\"},\"headline\":\"M\u00fc\u015ffiq H\u0259t\u0259mov televiziya r\u0259hb\u0259ri t\u0259yin olundu\",\"datePublished\":\"2021-05-20T15:46:11+00:00\",\"mainEntityOfPage\":{\"@id\":\"https:\\\/\\\/www.meydan.tv\\\/az\\\/article\\\/musfiq-hetemov-televiziya-rehberi-teyin-olundu\\\/\"},\"wordCount\":183,\"publisher\":{\"@id\":\"https:\\\/\\\/www.meydan.tv\\\/az\\\/#organization\"},\"image\":{\"@id\":\"https:\\\/\\\/www.meydan.tv\\\/az\\\/article\\\/musfiq-hetemov-televiziya-rehberi-teyin-olundu\\\/#primaryimage\"},\"thumbnailUrl\":\"https:\\\/\\\/www.meydan.tv\\\/wp-content\\\/uploads\\\/photo_2021-05-20_15.25.34.jpeg\",\"articleSection\":[\"M\u0259d\u0259niyy\u0259t\"],\"inLanguage\":\"az\"},{\"@type\":\"WebPage\",\"@id\":\"https:\\\/\\\/www.meydan.tv\\\/az\\\/article\\\/musfiq-hetemov-televiziya-rehberi-teyin-olundu\\\/\",\"url\":\"https:\\\/\\\/www.meydan.tv\\\/az\\\/article\\\/musfiq-hetemov-televiziya-rehberi-teyin-olundu\\\/\",\"name\":\"M\u00fc\u015ffiq H\u0259t\u0259mov televiziya r\u0259hb\u0259ri t\u0259yin olundu - MEYDAN.TV\",\"isPartOf\":{\"@id\":\"https:\\\/\\\/www.meydan.tv\\\/az\\\/#website\"},\"primaryImageOfPage\":{\"@id\":\"https:\\\/\\\/www.meydan.tv\\\/az\\\/article\\\/musfiq-hetemov-televiziya-rehberi-teyin-olundu\\\/#primaryimage\"},\"image\":{\"@id\":\"https:\\\/\\\/www.meydan.tv\\\/az\\\/article\\\/musfiq-hetemov-televiziya-rehberi-teyin-olundu\\\/#primaryimage\"},\"thumbnailUrl\":\"https:\\\/\\\/www.meydan.tv\\\/wp-content\\\/uploads\\\/photo_2021-05-20_15.25.34.jpeg\",\"datePublished\":\"2021-05-20T15:46:11+00:00\",\"breadcrumb\":{\"@id\":\"https:\\\/\\\/www.meydan.tv\\\/az\\\/article\\\/musfiq-hetemov-televiziya-rehberi-teyin-olundu\\\/#breadcrumb\"},\"inLanguage\":\"az\",\"potentialAction\":[{\"@type\":\"ReadAction\",\"target\":[\"https:\\\/\\\/www.meydan.tv\\\/az\\\/article\\\/musfiq-hetemov-televiziya-rehberi-teyin-olundu\\\/\"]}]},{\"@type\":\"ImageObject\",\"inLanguage\":\"az\",\"@id\":\"https:\\\/\\\/www.meydan.tv\\\/az\\\/article\\\/musfiq-hetemov-televiziya-rehberi-teyin-olundu\\\/#primaryimage\",\"url\":\"https:\\\/\\\/www.meydan.tv\\\/wp-content\\\/uploads\\\/photo_2021-05-20_15.25.34.jpeg\",\"contentUrl\":\"https:\\\/\\\/www.meydan.tv\\\/wp-content\\\/uploads\\\/photo_2021-05-20_15.25.34.jpeg\",\"width\":1280,\"height\":853,\"caption\":\"Source: Specify Source\"},{\"@type\":\"BreadcrumbList\",\"@id\":\"https:\\\/\\\/www.meydan.tv\\\/az\\\/article\\\/musfiq-hetemov-televiziya-rehberi-teyin-olundu\\\/#breadcrumb\",\"itemListElement\":[{\"@type\":\"ListItem\",\"position\":1,\"name\":\"Ana s\u0259hif\u0259\",\"item\":\"https:\\\/\\\/www.meydan.tv\\\/az\\\/\"},{\"@type\":\"ListItem\",\"position\":2,\"name\":\"M\u0259d\u0259niyy\u0259t\",\"item\":\"https:\\\/\\\/www.meydan.tv\\\/az\\\/section\\\/medeniyyet\\\/\"},{\"@type\":\"ListItem\",\"position\":3,\"name\":\"M\u00fc\u015ffiq H\u0259t\u0259mov televiziya r\u0259hb\u0259ri t\u0259yin olundu\"}]},{\"@type\":\"WebSite\",\"@id\":\"https:\\\/\\\/www.meydan.tv\\\/az\\\/#website\",\"url\":\"https:\\\/\\\/www.meydan.tv\\\/az\\\/\",\"name\":\"MEYDAN.TV\",\"description\":\"Meydan TV Az\u0259rbaycan\u0131n media m\u0259kan\u0131ndak\u0131 alternativ s\u0259sidir\",\"publisher\":{\"@id\":\"https:\\\/\\\/www.meydan.tv\\\/az\\\/#organization\"},\"potentialAction\":[{\"@type\":\"SearchAction\",\"target\":{\"@type\":\"EntryPoint\",\"urlTemplate\":\"https:\\\/\\\/www.meydan.tv\\\/az\\\/?s={search_term_string}\"},\"query-input\":{\"@type\":\"PropertyValueSpecification\",\"valueRequired\":true,\"valueName\":\"search_term_string\"}}],\"inLanguage\":\"az\"},{\"@type\":\"Organization\",\"@id\":\"https:\\\/\\\/www.meydan.tv\\\/az\\\/#organization\",\"name\":\"Meydan TV\",\"url\":\"https:\\\/\\\/www.meydan.tv\\\/az\\\/\",\"logo\":{\"@type\":\"ImageObject\",\"inLanguage\":\"az\",\"@id\":\"https:\\\/\\\/www.meydan.tv\\\/az\\\/#\\\/schema\\\/logo\\\/image\\\/\",\"url\":\"https:\\\/\\\/www.meydan.tv\\\/wp-content\\\/uploads\\\/2021\\\/07\\\/meydan-logo.svg\",\"contentUrl\":\"https:\\\/\\\/www.meydan.tv\\\/wp-content\\\/uploads\\\/2021\\\/07\\\/meydan-logo.svg\",\"width\":195,\"height\":46,\"caption\":\"Meydan TV\"},\"image\":{\"@id\":\"https:\\\/\\\/www.meydan.tv\\\/az\\\/#\\\/schema\\\/logo\\\/image\\\/\"}},{\"@type\":\"Person\",\"@id\":\"https:\\\/\\\/www.meydan.tv\\\/az\\\/#\\\/schema\\\/person\\\/10d11eccf6da3662cf5fdab9806ea91a\",\"name\":\"user-manager\"}]}<\/script>\n<!-- \/ Yoast SEO plugin. -->","yoast_head_json":{"title":"M\u00fc\u015ffiq H\u0259t\u0259mov televiziya r\u0259hb\u0259ri t\u0259yin olundu - MEYDAN.TV","robots":{"index":"index","follow":"follow","max-snippet":"max-snippet:-1","max-image-preview":"max-image-preview:large","max-video-preview":"max-video-preview:-1"},"canonical":"https:\/\/www.meydan.tv\/az\/article\/musfiq-hetemov-televiziya-rehberi-teyin-olundu\/","og_locale":"az_AZ","og_type":"article","og_title":"M\u00fc\u015ffiq H\u0259t\u0259mov televiziya r\u0259hb\u0259ri t\u0259yin olundu - MEYDAN.TV","og_description":"Daha sonra bu v\u0259zif\u0259y\u0259 ADA Universitetinin ba\u015f m\u00fc\u0259llimi, T\u0259hsil Nazirliyi yan\u0131nda \u0130ctimai \u015euran\u0131n \u00fczv\u00fc, M\u00fcasir T\u0259hsil v\u0259 T\u0259dris\u0259 Yard\u0131m \u0130ctimai Birliyinin r\u0259hb\u0259ri \u00dclviyy\u0259 Mikay\u0131lova g\u0259tirils\u0259 d\u0259, o, bir ne\u00e7\u0259 g\u00fcn sonra istefa verib.","og_url":"https:\/\/www.meydan.tv\/az\/article\/musfiq-hetemov-televiziya-rehberi-teyin-olundu\/","og_site_name":"MEYDAN.TV","article_published_time":"2021-05-20T15:46:11+00:00","og_image":[{"width":1280,"height":853,"url":"https:\/\/www.meydan.tv\/wp-content\/uploads\/photo_2021-05-20_15.25.34.jpeg","type":"image\/jpeg"}],"author":"user-manager","twitter_card":"summary_large_image","schema":{"@context":"https:\/\/schema.org","@graph":[{"@type":"Article","@id":"https:\/\/www.meydan.tv\/az\/article\/musfiq-hetemov-televiziya-rehberi-teyin-olundu\/#article","isPartOf":{"@id":"https:\/\/www.meydan.tv\/az\/article\/musfiq-hetemov-televiziya-rehberi-teyin-olundu\/"},"author":{"name":"user-manager","@id":"https:\/\/www.meydan.tv\/az\/#\/schema\/person\/10d11eccf6da3662cf5fdab9806ea91a"},"headline":"M\u00fc\u015ffiq H\u0259t\u0259mov televiziya r\u0259hb\u0259ri t\u0259yin olundu","datePublished":"2021-05-20T15:46:11+00:00","mainEntityOfPage":{"@id":"https:\/\/www.meydan.tv\/az\/article\/musfiq-hetemov-televiziya-rehberi-teyin-olundu\/"},"wordCount":183,"publisher":{"@id":"https:\/\/www.meydan.tv\/az\/#organization"},"image":{"@id":"https:\/\/www.meydan.tv\/az\/article\/musfiq-hetemov-televiziya-rehberi-teyin-olundu\/#primaryimage"},"thumbnailUrl":"https:\/\/www.meydan.tv\/wp-content\/uploads\/photo_2021-05-20_15.25.34.jpeg","articleSection":["M\u0259d\u0259niyy\u0259t"],"inLanguage":"az"},{"@type":"WebPage","@id":"https:\/\/www.meydan.tv\/az\/article\/musfiq-hetemov-televiziya-rehberi-teyin-olundu\/","url":"https:\/\/www.meydan.tv\/az\/article\/musfiq-hetemov-televiziya-rehberi-teyin-olundu\/","name":"M\u00fc\u015ffiq H\u0259t\u0259mov televiziya r\u0259hb\u0259ri t\u0259yin olundu - MEYDAN.TV","isPartOf":{"@id":"https:\/\/www.meydan.tv\/az\/#website"},"primaryImageOfPage":{"@id":"https:\/\/www.meydan.tv\/az\/article\/musfiq-hetemov-televiziya-rehberi-teyin-olundu\/#primaryimage"},"image":{"@id":"https:\/\/www.meydan.tv\/az\/article\/musfiq-hetemov-televiziya-rehberi-teyin-olundu\/#primaryimage"},"thumbnailUrl":"https:\/\/www.meydan.tv\/wp-content\/uploads\/photo_2021-05-20_15.25.34.jpeg","datePublished":"2021-05-20T15:46:11+00:00","breadcrumb":{"@id":"https:\/\/www.meydan.tv\/az\/article\/musfiq-hetemov-televiziya-rehberi-teyin-olundu\/#breadcrumb"},"inLanguage":"az","potentialAction":[{"@type":"ReadAction","target":["https:\/\/www.meydan.tv\/az\/article\/musfiq-hetemov-televiziya-rehberi-teyin-olundu\/"]}]},{"@type":"ImageObject","inLanguage":"az","@id":"https:\/\/www.meydan.tv\/az\/article\/musfiq-hetemov-televiziya-rehberi-teyin-olundu\/#primaryimage","url":"https:\/\/www.meydan.tv\/wp-content\/uploads\/photo_2021-05-20_15.25.34.jpeg","contentUrl":"https:\/\/www.meydan.tv\/wp-content\/uploads\/photo_2021-05-20_15.25.34.jpeg","width":1280,"height":853,"caption":"Source: Specify Source"},{"@type":"BreadcrumbList","@id":"https:\/\/www.meydan.tv\/az\/article\/musfiq-hetemov-televiziya-rehberi-teyin-olundu\/#breadcrumb","itemListElement":[{"@type":"ListItem","position":1,"name":"Ana s\u0259hif\u0259","item":"https:\/\/www.meydan.tv\/az\/"},{"@type":"ListItem","position":2,"name":"M\u0259d\u0259niyy\u0259t","item":"https:\/\/www.meydan.tv\/az\/section\/medeniyyet\/"},{"@type":"ListItem","position":3,"name":"M\u00fc\u015ffiq H\u0259t\u0259mov televiziya r\u0259hb\u0259ri t\u0259yin olundu"}]},{"@type":"WebSite","@id":"https:\/\/www.meydan.tv\/az\/#website","url":"https:\/\/www.meydan.tv\/az\/","name":"MEYDAN.TV","description":"Meydan TV Az\u0259rbaycan\u0131n media m\u0259kan\u0131ndak\u0131 alternativ s\u0259sidir","publisher":{"@id":"https:\/\/www.meydan.tv\/az\/#organization"},"potentialAction":[{"@type":"SearchAction","target":{"@type":"EntryPoint","urlTemplate":"https:\/\/www.meydan.tv\/az\/?s={search_term_string}"},"query-input":{"@type":"PropertyValueSpecification","valueRequired":true,"valueName":"search_term_string"}}],"inLanguage":"az"},{"@type":"Organization","@id":"https:\/\/www.meydan.tv\/az\/#organization","name":"Meydan TV","url":"https:\/\/www.meydan.tv\/az\/","logo":{"@type":"ImageObject","inLanguage":"az","@id":"https:\/\/www.meydan.tv\/az\/#\/schema\/logo\/image\/","url":"https:\/\/www.meydan.tv\/wp-content\/uploads\/2021\/07\/meydan-logo.svg","contentUrl":"https:\/\/www.meydan.tv\/wp-content\/uploads\/2021\/07\/meydan-logo.svg","width":195,"height":46,"caption":"Meydan TV"},"image":{"@id":"https:\/\/www.meydan.tv\/az\/#\/schema\/logo\/image\/"}},{"@type":"Person","@id":"https:\/\/www.meydan.tv\/az\/#\/schema\/person\/10d11eccf6da3662cf5fdab9806ea91a","name":"user-manager"}]}},"_links":{"self":[{"href":"https:\/\/www.meydan.tv\/az\/wp-json\/wp\/v2\/posts\/206319","targetHints":{"allow":["GET"]}}],"collection":[{"href":"https:\/\/www.meydan.tv\/az\/wp-json\/wp\/v2\/posts"}],"about":[{"href":"https:\/\/www.meydan.tv\/az\/wp-json\/wp\/v2\/types\/post"}],"author":[{"embeddable":true,"href":"https:\/\/www.meydan.tv\/az\/wp-json\/wp\/v2\/users\/11"}],"replies":[{"embeddable":true,"href":"https:\/\/www.meydan.tv\/az\/wp-json\/wp\/v2\/comments?post=206319"}],"version-history":[{"count":0,"href":"https:\/\/www.meydan.tv\/az\/wp-json\/wp\/v2\/posts\/206319\/revisions"}],"wp:featuredmedia":[{"embeddable":true,"href":"https:\/\/www.meydan.tv\/az\/wp-json\/wp\/v2\/media\/160923"}],"wp:attachment":[{"href":"https:\/\/www.meydan.tv\/az\/wp-json\/wp\/v2\/media?parent=206319"}],"wp:term":[{"taxonomy":"category","embeddable":true,"href":"https:\/\/www.meydan.tv\/az\/wp-json\/wp\/v2\/categories?post=206319"},{"taxonomy":"post_tag","embeddable":true,"href":"https:\/\/www.meydan.tv\/az\/wp-json\/wp\/v2\/tags?post=206319"}],"curies":[{"name":"wp","href":"https:\/\/api.w.org\/{rel}","templated":true}]}}