{"id":206289,"date":"2021-05-19T12:20:22","date_gmt":"2021-05-19T12:20:22","guid":{"rendered":"https:\/\/www.meydan.tv\/article\/azerbaycan-eurovision-musabiqesinin-finalinda\/"},"modified":"2021-05-19T12:20:22","modified_gmt":"2021-05-19T12:20:22","slug":"azerbaycan-eurovision-musabiqesinin-finalinda","status":"publish","type":"post","link":"https:\/\/www.meydan.tv\/az\/article\/azerbaycan-eurovision-musabiqesinin-finalinda\/","title":{"rendered":"Az\u0259rbaycan \u201cEurovision\u201d m\u00fcsabiq\u0259sinin final\u0131nda"},"content":{"rendered":"<p>\n  <i><br \/>\n    \u018ff\u0259ndinin s\u0259hn\u0259y\u0259 hans\u0131 n\u00f6mr\u0259 il\u0259 \u00e7\u0131xaca\u011f\u0131 ikinci yar\u0131mfinal n\u0259tic\u0259l\u0259rind\u0259n sonra b\u0259lli olacaq<br \/>\n  <\/i>\n<\/p>\n<p>\n  2020-ci ild\u0259 pandemiyaya g\u00f6r\u0259 t\u0259xir\u0259 sal\u0131nan \u201cEurovision\u201d m\u00fcsabiq\u0259si bu il may\u0131n 18-d\u0259 Niderland\u0131n Rotterdam \u015f\u0259h\u0259rind\u0259 start g\u00f6t\u00fcr\u00fcb.\n<\/p>\n<p>\n  \u201cAhoy\u201d arenas\u0131nda ke\u00e7iril\u0259n birinci yar\u0131mfinalda Az\u0259rbaycan, Litva, Sloveniya, Rusiya, \u0130sve\u00e7, Avstraliya, Makedoniya, \u015eimali \u0130rlandiya, Kipr, Norve\u00e7, Xorvatiya, Bel\u00e7ika, \u0130srail, Rum\u0131niya, Ukrayna, Malta t\u0259msil\u00e7il\u0259ri \u00e7\u0131x\u0131\u015f edib.\n<\/p>\n<p>\n  Malta, \u0130srail, Rusiya v\u0259 Ukrayna t\u0259msil\u00e7il\u0259rinin ifas\u0131 daha yaddaqalan olub.\n<\/p>\n<p>\n  Az\u0259rbaycan t\u0259msil\u00e7isi Samir\u0259 \u018ff\u0259ndi s\u0259hn\u0259y\u0259 14 n\u00f6mr\u0259 alt\u0131nda \u00e7\u0131x\u0131b, \u201cMata Hari\u201d mahn\u0131s\u0131n\u0131 oxuyub.\n<\/p>\n<p>\n  S\u0259s\u0259verm\u0259nin n\u0259tic\u0259l\u0259rin\u0259 \u0259sas\u0259n, ikinci yar\u0131mfinala Norve\u00e7, \u0130srail, Rusiya, Az\u0259rbaycan, Malta, Litva, Kipr, \u0130sve\u00e7, Bel\u00e7ika v\u0259 Ukrayna v\u0259siq\u0259 qazan\u0131b.\n<\/p>\n<p>\n  Samir\u0259 \u018ff\u0259ndinin ikinci yar\u0131mfinaldak\u0131 \u00e7\u0131x\u0131\u015f\u0131 ikinci hiss\u0259d\u0259 olacaq. Bu bar\u0259d\u0259 m\u00fcsabiq\u0259nin ilk yar\u0131mfinal m\u0259rh\u0259l\u0259sind\u0259n sonra ke\u00e7iril\u0259n p\u00fc\u015fkatma v\u0259 m\u0259tbuat konfrans\u0131nda bildirilib.\n<\/p>\n<p>\n  Az\u0259rbaycan t\u0259msil\u00e7isinin finalda hans\u0131 n\u00f6mr\u0259 alt\u0131nda \u00e7\u0131x\u0131\u015f ed\u0259c\u0259yi is\u0259 ikinci yar\u0131mfinal n\u0259tic\u0259l\u0259rind\u0259n sonra b\u0259lli olacaq.\n<\/p>\n<p>\n  \u00dcmumilikd\u0259 39 \u00f6lk\u0259d\u0259n 34 i\u015ftirak\u00e7\u0131n\u0131n \u00e7\u0131x\u0131\u015f ed\u0259c\u0259yi m\u00fcsabiq\u0259nin final g\u00fcn\u00fc may\u0131n 22-d\u0259dir.<\/p>\n","protected":false},"excerpt":{"rendered":"<p>Az\u0259rbaycan t\u0259msil\u00e7isi Samir\u0259 \u018ff\u0259ndi s\u0259hn\u0259y\u0259 14 n\u00f6mr\u0259 alt\u0131nda \u00e7\u0131x\u0131b, \u201cMata Hari\u201d mahn\u0131s\u0131n\u0131 oxuyub.<\/p>\n","protected":false},"author":11,"featured_media":160809,"comment_status":"closed","ping_status":"open","sticky":false,"template":"","format":"standard","meta":{"_acf_changed":false,"_sitemap_exclude":false,"_sitemap_priority":"","_sitemap_frequency":"","footnotes":""},"categories":[52],"tags":[],"class_list":["post-206289","post","type-post","status-publish","format-standard","has-post-thumbnail","hentry","category-medeniyyet","infinite-scroll-item","generate-columns","tablet-grid-50","mobile-grid-100","grid-parent","grid-33","no-featured-image-padding"],"acf":[],"yoast_head":"<!-- This site is optimized with the Yoast SEO plugin v27.4 - https:\/\/yoast.com\/product\/yoast-seo-wordpress\/ -->\n<title>Az\u0259rbaycan \u201cEurovision\u201d m\u00fcsabiq\u0259sinin final\u0131nda - MEYDAN.TV<\/title>\n<meta name=\"robots\" content=\"index, follow, max-snippet:-1, max-image-preview:large, max-video-preview:-1\" \/>\n<link rel=\"canonical\" href=\"https:\/\/www.meydan.tv\/az\/article\/azerbaycan-eurovision-musabiqesinin-finalinda\/\" \/>\n<meta property=\"og:locale\" content=\"az_AZ\" \/>\n<meta property=\"og:type\" content=\"article\" \/>\n<meta property=\"og:title\" content=\"Az\u0259rbaycan \u201cEurovision\u201d m\u00fcsabiq\u0259sinin final\u0131nda - MEYDAN.TV\" \/>\n<meta property=\"og:description\" content=\"Az\u0259rbaycan t\u0259msil\u00e7isi Samir\u0259 \u018ff\u0259ndi s\u0259hn\u0259y\u0259 14 n\u00f6mr\u0259 alt\u0131nda \u00e7\u0131x\u0131b, \u201cMata Hari\u201d mahn\u0131s\u0131n\u0131 oxuyub.\" \/>\n<meta property=\"og:url\" content=\"https:\/\/www.meydan.tv\/az\/article\/azerbaycan-eurovision-musabiqesinin-finalinda\/\" \/>\n<meta property=\"og:site_name\" content=\"MEYDAN.TV\" \/>\n<meta property=\"article:published_time\" content=\"2021-05-19T12:20:22+00:00\" \/>\n<meta property=\"og:image\" content=\"https:\/\/www.meydan.tv\/wp-content\/uploads\/wergerger.gif\" \/>\n\t<meta property=\"og:image:width\" content=\"853\" \/>\n\t<meta property=\"og:image:height\" content=\"480\" \/>\n\t<meta property=\"og:image:type\" content=\"image\/gif\" \/>\n<meta name=\"author\" content=\"user-manager\" \/>\n<meta name=\"twitter:card\" content=\"summary_large_image\" \/>\n<script type=\"application\/ld+json\" class=\"yoast-schema-graph\">{\"@context\":\"https:\\\/\\\/schema.org\",\"@graph\":[{\"@type\":\"Article\",\"@id\":\"https:\\\/\\\/www.meydan.tv\\\/az\\\/article\\\/azerbaycan-eurovision-musabiqesinin-finalinda\\\/#article\",\"isPartOf\":{\"@id\":\"https:\\\/\\\/www.meydan.tv\\\/az\\\/article\\\/azerbaycan-eurovision-musabiqesinin-finalinda\\\/\"},\"author\":{\"name\":\"user-manager\",\"@id\":\"https:\\\/\\\/www.meydan.tv\\\/az\\\/#\\\/schema\\\/person\\\/10d11eccf6da3662cf5fdab9806ea91a\"},\"headline\":\"Az\u0259rbaycan \u201cEurovision\u201d m\u00fcsabiq\u0259sinin final\u0131nda\",\"datePublished\":\"2021-05-19T12:20:22+00:00\",\"mainEntityOfPage\":{\"@id\":\"https:\\\/\\\/www.meydan.tv\\\/az\\\/article\\\/azerbaycan-eurovision-musabiqesinin-finalinda\\\/\"},\"wordCount\":246,\"publisher\":{\"@id\":\"https:\\\/\\\/www.meydan.tv\\\/az\\\/#organization\"},\"image\":{\"@id\":\"https:\\\/\\\/www.meydan.tv\\\/az\\\/article\\\/azerbaycan-eurovision-musabiqesinin-finalinda\\\/#primaryimage\"},\"thumbnailUrl\":\"https:\\\/\\\/www.meydan.tv\\\/wp-content\\\/uploads\\\/wergerger-e1696856997573.gif\",\"articleSection\":[\"M\u0259d\u0259niyy\u0259t\"],\"inLanguage\":\"az\"},{\"@type\":\"WebPage\",\"@id\":\"https:\\\/\\\/www.meydan.tv\\\/az\\\/article\\\/azerbaycan-eurovision-musabiqesinin-finalinda\\\/\",\"url\":\"https:\\\/\\\/www.meydan.tv\\\/az\\\/article\\\/azerbaycan-eurovision-musabiqesinin-finalinda\\\/\",\"name\":\"Az\u0259rbaycan \u201cEurovision\u201d m\u00fcsabiq\u0259sinin final\u0131nda - MEYDAN.TV\",\"isPartOf\":{\"@id\":\"https:\\\/\\\/www.meydan.tv\\\/az\\\/#website\"},\"primaryImageOfPage\":{\"@id\":\"https:\\\/\\\/www.meydan.tv\\\/az\\\/article\\\/azerbaycan-eurovision-musabiqesinin-finalinda\\\/#primaryimage\"},\"image\":{\"@id\":\"https:\\\/\\\/www.meydan.tv\\\/az\\\/article\\\/azerbaycan-eurovision-musabiqesinin-finalinda\\\/#primaryimage\"},\"thumbnailUrl\":\"https:\\\/\\\/www.meydan.tv\\\/wp-content\\\/uploads\\\/wergerger-e1696856997573.gif\",\"datePublished\":\"2021-05-19T12:20:22+00:00\",\"breadcrumb\":{\"@id\":\"https:\\\/\\\/www.meydan.tv\\\/az\\\/article\\\/azerbaycan-eurovision-musabiqesinin-finalinda\\\/#breadcrumb\"},\"inLanguage\":\"az\",\"potentialAction\":[{\"@type\":\"ReadAction\",\"target\":[\"https:\\\/\\\/www.meydan.tv\\\/az\\\/article\\\/azerbaycan-eurovision-musabiqesinin-finalinda\\\/\"]}]},{\"@type\":\"ImageObject\",\"inLanguage\":\"az\",\"@id\":\"https:\\\/\\\/www.meydan.tv\\\/az\\\/article\\\/azerbaycan-eurovision-musabiqesinin-finalinda\\\/#primaryimage\",\"url\":\"https:\\\/\\\/www.meydan.tv\\\/wp-content\\\/uploads\\\/wergerger-e1696856997573.gif\",\"contentUrl\":\"https:\\\/\\\/www.meydan.tv\\\/wp-content\\\/uploads\\\/wergerger-e1696856997573.gif\",\"width\":853,\"height\":312,\"caption\":\"Foto: publika.az\"},{\"@type\":\"BreadcrumbList\",\"@id\":\"https:\\\/\\\/www.meydan.tv\\\/az\\\/article\\\/azerbaycan-eurovision-musabiqesinin-finalinda\\\/#breadcrumb\",\"itemListElement\":[{\"@type\":\"ListItem\",\"position\":1,\"name\":\"Ana s\u0259hif\u0259\",\"item\":\"https:\\\/\\\/www.meydan.tv\\\/az\\\/\"},{\"@type\":\"ListItem\",\"position\":2,\"name\":\"M\u0259d\u0259niyy\u0259t\",\"item\":\"https:\\\/\\\/www.meydan.tv\\\/az\\\/section\\\/medeniyyet\\\/\"},{\"@type\":\"ListItem\",\"position\":3,\"name\":\"Az\u0259rbaycan \u201cEurovision\u201d m\u00fcsabiq\u0259sinin final\u0131nda\"}]},{\"@type\":\"WebSite\",\"@id\":\"https:\\\/\\\/www.meydan.tv\\\/az\\\/#website\",\"url\":\"https:\\\/\\\/www.meydan.tv\\\/az\\\/\",\"name\":\"MEYDAN.TV\",\"description\":\"Meydan TV Az\u0259rbaycan\u0131n media m\u0259kan\u0131ndak\u0131 alternativ s\u0259sidir\",\"publisher\":{\"@id\":\"https:\\\/\\\/www.meydan.tv\\\/az\\\/#organization\"},\"potentialAction\":[{\"@type\":\"SearchAction\",\"target\":{\"@type\":\"EntryPoint\",\"urlTemplate\":\"https:\\\/\\\/www.meydan.tv\\\/az\\\/?s={search_term_string}\"},\"query-input\":{\"@type\":\"PropertyValueSpecification\",\"valueRequired\":true,\"valueName\":\"search_term_string\"}}],\"inLanguage\":\"az\"},{\"@type\":\"Organization\",\"@id\":\"https:\\\/\\\/www.meydan.tv\\\/az\\\/#organization\",\"name\":\"Meydan TV\",\"url\":\"https:\\\/\\\/www.meydan.tv\\\/az\\\/\",\"logo\":{\"@type\":\"ImageObject\",\"inLanguage\":\"az\",\"@id\":\"https:\\\/\\\/www.meydan.tv\\\/az\\\/#\\\/schema\\\/logo\\\/image\\\/\",\"url\":\"https:\\\/\\\/www.meydan.tv\\\/wp-content\\\/uploads\\\/2021\\\/07\\\/meydan-logo.svg\",\"contentUrl\":\"https:\\\/\\\/www.meydan.tv\\\/wp-content\\\/uploads\\\/2021\\\/07\\\/meydan-logo.svg\",\"width\":195,\"height\":46,\"caption\":\"Meydan TV\"},\"image\":{\"@id\":\"https:\\\/\\\/www.meydan.tv\\\/az\\\/#\\\/schema\\\/logo\\\/image\\\/\"}},{\"@type\":\"Person\",\"@id\":\"https:\\\/\\\/www.meydan.tv\\\/az\\\/#\\\/schema\\\/person\\\/10d11eccf6da3662cf5fdab9806ea91a\",\"name\":\"user-manager\"}]}<\/script>\n<!-- \/ Yoast SEO plugin. -->","yoast_head_json":{"title":"Az\u0259rbaycan \u201cEurovision\u201d m\u00fcsabiq\u0259sinin final\u0131nda - MEYDAN.TV","robots":{"index":"index","follow":"follow","max-snippet":"max-snippet:-1","max-image-preview":"max-image-preview:large","max-video-preview":"max-video-preview:-1"},"canonical":"https:\/\/www.meydan.tv\/az\/article\/azerbaycan-eurovision-musabiqesinin-finalinda\/","og_locale":"az_AZ","og_type":"article","og_title":"Az\u0259rbaycan \u201cEurovision\u201d m\u00fcsabiq\u0259sinin final\u0131nda - MEYDAN.TV","og_description":"Az\u0259rbaycan t\u0259msil\u00e7isi Samir\u0259 \u018ff\u0259ndi s\u0259hn\u0259y\u0259 14 n\u00f6mr\u0259 alt\u0131nda \u00e7\u0131x\u0131b, \u201cMata Hari\u201d mahn\u0131s\u0131n\u0131 oxuyub.","og_url":"https:\/\/www.meydan.tv\/az\/article\/azerbaycan-eurovision-musabiqesinin-finalinda\/","og_site_name":"MEYDAN.TV","article_published_time":"2021-05-19T12:20:22+00:00","og_image":[{"width":853,"height":480,"url":"https:\/\/www.meydan.tv\/wp-content\/uploads\/wergerger.gif","type":"image\/gif"}],"author":"user-manager","twitter_card":"summary_large_image","schema":{"@context":"https:\/\/schema.org","@graph":[{"@type":"Article","@id":"https:\/\/www.meydan.tv\/az\/article\/azerbaycan-eurovision-musabiqesinin-finalinda\/#article","isPartOf":{"@id":"https:\/\/www.meydan.tv\/az\/article\/azerbaycan-eurovision-musabiqesinin-finalinda\/"},"author":{"name":"user-manager","@id":"https:\/\/www.meydan.tv\/az\/#\/schema\/person\/10d11eccf6da3662cf5fdab9806ea91a"},"headline":"Az\u0259rbaycan \u201cEurovision\u201d m\u00fcsabiq\u0259sinin final\u0131nda","datePublished":"2021-05-19T12:20:22+00:00","mainEntityOfPage":{"@id":"https:\/\/www.meydan.tv\/az\/article\/azerbaycan-eurovision-musabiqesinin-finalinda\/"},"wordCount":246,"publisher":{"@id":"https:\/\/www.meydan.tv\/az\/#organization"},"image":{"@id":"https:\/\/www.meydan.tv\/az\/article\/azerbaycan-eurovision-musabiqesinin-finalinda\/#primaryimage"},"thumbnailUrl":"https:\/\/www.meydan.tv\/wp-content\/uploads\/wergerger-e1696856997573.gif","articleSection":["M\u0259d\u0259niyy\u0259t"],"inLanguage":"az"},{"@type":"WebPage","@id":"https:\/\/www.meydan.tv\/az\/article\/azerbaycan-eurovision-musabiqesinin-finalinda\/","url":"https:\/\/www.meydan.tv\/az\/article\/azerbaycan-eurovision-musabiqesinin-finalinda\/","name":"Az\u0259rbaycan \u201cEurovision\u201d m\u00fcsabiq\u0259sinin final\u0131nda - MEYDAN.TV","isPartOf":{"@id":"https:\/\/www.meydan.tv\/az\/#website"},"primaryImageOfPage":{"@id":"https:\/\/www.meydan.tv\/az\/article\/azerbaycan-eurovision-musabiqesinin-finalinda\/#primaryimage"},"image":{"@id":"https:\/\/www.meydan.tv\/az\/article\/azerbaycan-eurovision-musabiqesinin-finalinda\/#primaryimage"},"thumbnailUrl":"https:\/\/www.meydan.tv\/wp-content\/uploads\/wergerger-e1696856997573.gif","datePublished":"2021-05-19T12:20:22+00:00","breadcrumb":{"@id":"https:\/\/www.meydan.tv\/az\/article\/azerbaycan-eurovision-musabiqesinin-finalinda\/#breadcrumb"},"inLanguage":"az","potentialAction":[{"@type":"ReadAction","target":["https:\/\/www.meydan.tv\/az\/article\/azerbaycan-eurovision-musabiqesinin-finalinda\/"]}]},{"@type":"ImageObject","inLanguage":"az","@id":"https:\/\/www.meydan.tv\/az\/article\/azerbaycan-eurovision-musabiqesinin-finalinda\/#primaryimage","url":"https:\/\/www.meydan.tv\/wp-content\/uploads\/wergerger-e1696856997573.gif","contentUrl":"https:\/\/www.meydan.tv\/wp-content\/uploads\/wergerger-e1696856997573.gif","width":853,"height":312,"caption":"Foto: publika.az"},{"@type":"BreadcrumbList","@id":"https:\/\/www.meydan.tv\/az\/article\/azerbaycan-eurovision-musabiqesinin-finalinda\/#breadcrumb","itemListElement":[{"@type":"ListItem","position":1,"name":"Ana s\u0259hif\u0259","item":"https:\/\/www.meydan.tv\/az\/"},{"@type":"ListItem","position":2,"name":"M\u0259d\u0259niyy\u0259t","item":"https:\/\/www.meydan.tv\/az\/section\/medeniyyet\/"},{"@type":"ListItem","position":3,"name":"Az\u0259rbaycan \u201cEurovision\u201d m\u00fcsabiq\u0259sinin final\u0131nda"}]},{"@type":"WebSite","@id":"https:\/\/www.meydan.tv\/az\/#website","url":"https:\/\/www.meydan.tv\/az\/","name":"MEYDAN.TV","description":"Meydan TV Az\u0259rbaycan\u0131n media m\u0259kan\u0131ndak\u0131 alternativ s\u0259sidir","publisher":{"@id":"https:\/\/www.meydan.tv\/az\/#organization"},"potentialAction":[{"@type":"SearchAction","target":{"@type":"EntryPoint","urlTemplate":"https:\/\/www.meydan.tv\/az\/?s={search_term_string}"},"query-input":{"@type":"PropertyValueSpecification","valueRequired":true,"valueName":"search_term_string"}}],"inLanguage":"az"},{"@type":"Organization","@id":"https:\/\/www.meydan.tv\/az\/#organization","name":"Meydan TV","url":"https:\/\/www.meydan.tv\/az\/","logo":{"@type":"ImageObject","inLanguage":"az","@id":"https:\/\/www.meydan.tv\/az\/#\/schema\/logo\/image\/","url":"https:\/\/www.meydan.tv\/wp-content\/uploads\/2021\/07\/meydan-logo.svg","contentUrl":"https:\/\/www.meydan.tv\/wp-content\/uploads\/2021\/07\/meydan-logo.svg","width":195,"height":46,"caption":"Meydan TV"},"image":{"@id":"https:\/\/www.meydan.tv\/az\/#\/schema\/logo\/image\/"}},{"@type":"Person","@id":"https:\/\/www.meydan.tv\/az\/#\/schema\/person\/10d11eccf6da3662cf5fdab9806ea91a","name":"user-manager"}]}},"_links":{"self":[{"href":"https:\/\/www.meydan.tv\/az\/wp-json\/wp\/v2\/posts\/206289","targetHints":{"allow":["GET"]}}],"collection":[{"href":"https:\/\/www.meydan.tv\/az\/wp-json\/wp\/v2\/posts"}],"about":[{"href":"https:\/\/www.meydan.tv\/az\/wp-json\/wp\/v2\/types\/post"}],"author":[{"embeddable":true,"href":"https:\/\/www.meydan.tv\/az\/wp-json\/wp\/v2\/users\/11"}],"replies":[{"embeddable":true,"href":"https:\/\/www.meydan.tv\/az\/wp-json\/wp\/v2\/comments?post=206289"}],"version-history":[{"count":0,"href":"https:\/\/www.meydan.tv\/az\/wp-json\/wp\/v2\/posts\/206289\/revisions"}],"wp:featuredmedia":[{"embeddable":true,"href":"https:\/\/www.meydan.tv\/az\/wp-json\/wp\/v2\/media\/160809"}],"wp:attachment":[{"href":"https:\/\/www.meydan.tv\/az\/wp-json\/wp\/v2\/media?parent=206289"}],"wp:term":[{"taxonomy":"category","embeddable":true,"href":"https:\/\/www.meydan.tv\/az\/wp-json\/wp\/v2\/categories?post=206289"},{"taxonomy":"post_tag","embeddable":true,"href":"https:\/\/www.meydan.tv\/az\/wp-json\/wp\/v2\/tags?post=206289"}],"curies":[{"name":"wp","href":"https:\/\/api.w.org\/{rel}","templated":true}]}}