{"id":206271,"date":"2021-05-18T10:57:33","date_gmt":"2021-05-18T10:57:33","guid":{"rendered":"https:\/\/www.meydan.tv\/article\/qubad-ibadoglu-azerbaycanda-qiymetler-suretle-artir\/"},"modified":"2021-05-18T10:57:33","modified_gmt":"2021-05-18T10:57:33","slug":"qubad-ibadoglu-azerbaycanda-qiymetler-suretle-artir","status":"publish","type":"post","link":"https:\/\/www.meydan.tv\/az\/article\/qubad-ibadoglu-azerbaycanda-qiymetler-suretle-artir\/","title":{"rendered":"Qubad \u0130bado\u011flu: Az\u0259rbaycanda qiym\u0259tl\u0259r s\u00fcr\u0259tl\u0259 art\u0131r"},"content":{"rendered":"<p>\n  <i><br \/>\n    Nem\u0259t \u018fliyev: &quot;Komit\u0259nin m\u0259lumatlar\u0131 reall\u0131\u011f\u0131 \u0259ks etdirmir\u201d<br \/>\n  <\/i>\n<\/p>\n<p>\n  \u201cAz\u0259rbaycanda qiym\u0259tl\u0259r \u00e7ox s\u00fcr\u0259tl\u0259 art\u0131r. 2021-ci ilin birinci r\u00fcb\u00fcnd\u0259 MDB d\u00f6vl\u0259tl\u0259ri aras\u0131nda istehsal qiym\u0259tl\u0259ri indeksi Az\u0259rbaycanda \u0259n y\u00fcks\u0259k s\u0259viyy\u0259d\u0259 art\u0131b\u201d.\n<\/p>\n<p>\n  \u0130qtisad\u00e7\u0131 Qubad \u0130bado\u011flu bel\u0259 deyir.\n<\/p>\n<p>\n  O bildirib ki, Az\u0259rbaycanda qiym\u0259t art\u0131m\u0131n\u0131n s\u0259b\u0259bl\u0259rind\u0259n biri d\u0259 m\u0259d\u0259n s\u0259nayesi b\u00f6lm\u0259sind\u0259 istehsal olunun m\u0259hsullar\u0131n qiym\u0259tl\u0259rin bahala\u015fmas\u0131d\u0131r.\n<\/p>\n<p>\n  Az\u0259rbaycan D\u00f6vl\u0259t Statistika Komit\u0259sinin (DSK) a\u00e7\u0131qlamas\u0131na g\u00f6r\u0259, 2021-ci ilin yanvar-aprel aylar\u0131nda inflyasiya 2020-ci ilin yanvar-aprel aylar\u0131na nisb\u0259t\u0259n 4 faiz olub.\n<\/p>\n<p>\n  DSK h\u0259min d\u00f6vr \u0259rzind\u0259 \u0259rzaq m\u0259hsullar\u0131n\u0131n 4,7 faiz bahala\u015fd\u0131\u011f\u0131n\u0131 bildirir.\n<\/p>\n<p>\n  Qubad \u0130bado\u011flu deyir ki, MDB \u00f6lk\u0259l\u0259ri \u00fczr\u0259 a\u00e7\u0131qlanan statistikada \u0259n \u00e7ox bahala\u015fman\u0131n Az\u0259rbaycanda oldu\u011fu g\u00f6st\u0259rir.\n<\/p>\n<p>\n  \u0130stehlak qiym\u0259tl\u0259ri indeksin\u0259 g\u0259linc\u0259, iqtisad\u00e7\u0131 bildirir ki, Az\u0259rbaycanda 1 r\u00fcb\u00fcn n\u0259tic\u0259l\u0259ri \u00fczr\u0259 m\u00fcvafiq g\u00f6st\u0259rici MDB \u00fczr\u0259 orta g\u00f6st\u0259ricid\u0259n 2,3 d\u0259f\u0259 y\u00fcks\u0259k olub: \u201cSon 4 ay\u0131n g\u00f6st\u0259ricil\u0259rin\u0259 g\u00f6r\u0259, istehlak bazar\u0131nda qiym\u0259tl\u0259r daha s\u00fcr\u0259tl\u0259 art\u0131b. Bel\u0259 ki, 2021-ci ilin yanvar-aprel aylar\u0131nda istehlak qiym\u0259tl\u0259ri indeksi 2020-ci ilin yanvar-aprel aylar\u0131na nisb\u0259t\u0259n 104,0 faiz, o c\u00fcml\u0259d\u0259n \u0259rzaq m\u0259hsullar\u0131, i\u00e7kil\u0259r v\u0259 t\u00fct\u00fcn m\u0259mulatlar\u0131 \u00fczr\u0259 104,7 faiz, qeyri-\u0259rzaq m\u0259hsullar\u0131 \u00fczr\u0259 103,7 faiz, \u0259haliy\u0259 g\u00f6st\u0259rilmi\u015f \u00f6d\u0259ni\u015fli xidm\u0259tl\u0259r \u00fczr\u0259 103,1 faiz t\u0259\u015fkil edib\u201d.\n<\/p>\n<figure class=\"wp-block-image size-large\">\n  <img decoding=\"async\" src=\"https:\/\/www.meydan.tv\/az\/qubad-ibadoglu-3-jpg\/\" alt=\"Qubad Ibadoglu (3).jpg\" class=\"wp-image-147383\"\/><figcaption>\n    Qubad \u0130bado\u011flu<br \/>\n  <\/figcaption><\/figure>\n<p>\n  \u0130qtisad\u00e7\u0131 qiym\u0259t art\u0131m\u0131n\u0131n y\u00fcks\u0259k tempini ilin \u0259vv\u0259lind\u0259 benzinin v\u0259 suyun bahala\u015fmas\u0131 il\u0259 izah edir. O h\u0259m\u00e7inin art\u0131mda idxal olunan mallar\u0131n b\u0259zil\u0259rinin m\u0259n\u015f\u0259 qiym\u0259tininin, da\u015f\u0131nma x\u0259rcl\u0259rinin v\u0259 g\u00f6mr\u00fck \u00f6d\u0259ni\u015fl\u0259rinin s\u00fcni art\u0131r\u0131lmas\u0131n\u0131n da rolunun oldu\u011funu d\u00fc\u015f\u00fcn\u00fcr: \u201cBel\u0259likl\u0259 d\u0259, \u0259rzaq m\u0259hsullar\u0131, tikinti materiallar\u0131 daha \u00e7ox bahala\u015fmaya m\u0259ruz qal\u0131b. El\u0259 bu s\u0259b\u0259bd\u0259n d\u0259, ad\u0259t\u0259n, m\u00f6vs\u00fcmi amill\u0259rin t\u0259siri il\u0259 deflyasiya qeyd\u0259 al\u0131nan aprel-may aylar\u0131nda da qiym\u0259tl\u0259r bahala\u015fmaqda davam edir\u201d.\n<\/p>\n<p>\n  Qubad \u0130bado\u011flunun s\u00f6zl\u0259rin\u0259 g\u00f6r\u0259, haz\u0131rda Az\u0259rbaycanda qiym\u0259t art\u0131m\u0131 g\u00f6zl\u0259ntisi y\u00fcks\u0259kdir: &quot;Buna g\u00f6r\u0259 d\u0259 bahala\u015fma davaml\u0131 olacaq. G\u00f6r\u00fcn\u00fcr ki, bu gedi\u015fl\u0259 Az\u0259rbaycan qiym\u0259t g\u00f6st\u0259ricil\u0259ri \u00fczr\u0259 MDB d\u00f6vl\u0259tl\u0259ri aras\u0131nda liderliyi il \u0259rzind\u0259 \u0259ld\u0259n verm\u0259y\u0259c\u0259k\u201d.\n<\/p>\n<p>\n  \u0130qtisad\u00e7\u0131 Nem\u0259t \u018fliyev d\u0259 Azadl\u0131qRadiosuna bildirib ki, idxal mallar\u0131n\u0131n qiym\u0259t t\u0259siri n\u0259z\u0259r\u0259 al\u0131nsa, daxili bazarlarda 30 faiz qiym\u0259t art\u0131m\u0131yla g\u00f6t\u00fcr\u00fcls\u0259, dem\u0259k, 15-17 faiz bahala\u015fma var.\n<\/p>\n<p>\n  \u0130qtisad\u00e7\u0131 sual edir: &quot;60 faiz \u00e7\u0259kisi olan idxal mallar\u0131n\u0131n qiym\u0259tl\u0259ri bahala\u015fanda 40 faiz \u00e7\u0259kisi olan yerli mallar\u0131n qiym\u0259tl\u0259ri yerind\u0259 say\u0131r, yoxsa a\u015fa\u011f\u0131 d\u00fc\u015f\u00fcr?&quot;\n<\/p>\n<p>\n  &quot;\u018fg\u0259r bunlarda da qiym\u0259t art\u0131m\u0131 ba\u015f verirs\u0259, dem\u0259li, Az\u0259rbaycanda bahala\u015fma s\u0259viyy\u0259si 15-17 faiz civar\u0131ndad\u0131r\u201d, &#8211; Nem\u0259t \u018fliyev bel\u0259 d\u00fc\u015f\u00fcn\u00fcr.\n<\/p>\n<figure class=\"wp-block-image size-large\">\n  <img decoding=\"async\" src=\"https:\/\/www.meydan.tv\/az\/nemet-eliyev-6\/\" alt=\"Nem\u0259t \u018fliyev\" class=\"wp-image-117401\"\/><figcaption>\n    Nem\u0259t \u018fliyev<br \/>\n  <\/figcaption><\/figure>\n<p>\n  \u0130qtisad\u00e7\u0131 DSK-n\u0131n 4, 7 faiz bahala\u015fma olmas\u0131 il\u0259 ba\u011fl\u0131 a\u00e7\u0131qlamas\u0131n\u0131 inand\u0131r\u0131c\u0131 saym\u0131r: &quot;D\u0259f\u0259l\u0259rl\u0259 tan\u0131nm\u0131\u015f m\u00fct\u0259x\u0259ssisl\u0259r bu bar\u0259d\u0259 x\u0259b\u0259rdarl\u0131qlar ets\u0259 d\u0259, komit\u0259 \u00f6z\u00fcn\u00fc e\u015fitm\u0259m\u0259zliy\u0259 qoyub. Yax\u015f\u0131 olard\u0131, komit\u0259 a\u00e7\u0131qlad\u0131\u011f\u0131 r\u0259smi r\u0259q\u0259ml\u0259r\u0259 h\u00f6rm\u0259t etsin\u201d.\n<\/p>\n<p>\n  Nem\u0259t \u018fliyev bundan sonra da \u0259rzaq mallar\u0131n\u0131n daha s\u00fcr\u0259tl\u0259 bahala\u015faca\u011f\u0131 q\u0259na\u0259tind\u0259dir: \u201cMarketl\u0259rd\u0259ki qiym\u0259tl\u0259ri bir il \u0259vv\u0259lki qiym\u0259tl\u0259rl\u0259 m\u00fcqayis\u0259 edin, o zaman bahala\u015fma s\u0259viyy\u0259sinin n\u0259 q\u0259d\u0259r s\u00fcr\u0259tl\u0259 davaml\u0131 oldu\u011funu m\u00fc\u015fahid\u0259 ed\u0259rdiniz. Onsuz da istehlak\u00e7\u0131lar qiym\u0259t s\u0259viyy\u0259sinin nec\u0259 s\u00fcr\u0259tl\u0259 artd\u0131\u011f\u0131n\u0131 yax\u015f\u0131 bilirl\u0259r. Bu bax\u0131mdan komit\u0259nin m\u0259lumatlar\u0131 reall\u0131\u011f\u0131 \u0259ks etdirmir\u201d.<\/p>\n","protected":false},"excerpt":{"rendered":"<p>\u0130qtisad\u00e7\u0131 DSK-n\u0131n 4, 7 faiz bahala\u015fma olmas\u0131 il\u0259 ba\u011fl\u0131 a\u00e7\u0131qlamas\u0131n\u0131 inand\u0131r\u0131c\u0131 saym\u0131r<\/p>\n","protected":false},"author":11,"featured_media":160758,"comment_status":"closed","ping_status":"open","sticky":false,"template":"","format":"standard","meta":{"_acf_changed":false,"_sitemap_exclude":false,"_sitemap_priority":"","_sitemap_frequency":"","footnotes":""},"categories":[53],"tags":[],"class_list":["post-206271","post","type-post","status-publish","format-standard","has-post-thumbnail","hentry","category-iqtisadiyyat","infinite-scroll-item","generate-columns","tablet-grid-50","mobile-grid-100","grid-parent","grid-33","no-featured-image-padding"],"acf":[],"yoast_head":"<!-- This site is optimized with the Yoast SEO plugin v27.5 - https:\/\/yoast.com\/product\/yoast-seo-wordpress\/ -->\n<title>Qubad \u0130bado\u011flu: Az\u0259rbaycanda qiym\u0259tl\u0259r s\u00fcr\u0259tl\u0259 art\u0131r - MEYDAN.TV<\/title>\n<meta name=\"robots\" content=\"index, follow, max-snippet:-1, max-image-preview:large, max-video-preview:-1\" \/>\n<link rel=\"canonical\" href=\"https:\/\/www.meydan.tv\/az\/article\/qubad-ibadoglu-azerbaycanda-qiymetler-suretle-artir\/\" \/>\n<meta property=\"og:locale\" content=\"az_AZ\" \/>\n<meta property=\"og:type\" content=\"article\" \/>\n<meta property=\"og:title\" content=\"Qubad \u0130bado\u011flu: Az\u0259rbaycanda qiym\u0259tl\u0259r s\u00fcr\u0259tl\u0259 art\u0131r - MEYDAN.TV\" \/>\n<meta property=\"og:description\" content=\"\u0130qtisad\u00e7\u0131 DSK-n\u0131n 4, 7 faiz bahala\u015fma olmas\u0131 il\u0259 ba\u011fl\u0131 a\u00e7\u0131qlamas\u0131n\u0131 inand\u0131r\u0131c\u0131 saym\u0131r\" \/>\n<meta property=\"og:url\" content=\"https:\/\/www.meydan.tv\/az\/article\/qubad-ibadoglu-azerbaycanda-qiymetler-suretle-artir\/\" \/>\n<meta property=\"og:site_name\" content=\"MEYDAN.TV\" \/>\n<meta property=\"article:published_time\" content=\"2021-05-18T10:57:33+00:00\" \/>\n<meta property=\"og:image\" content=\"https:\/\/www.meydan.tv\/wp-content\/uploads\/unnamed_ont9ahj.jpg\" \/>\n\t<meta property=\"og:image:width\" content=\"867\" \/>\n\t<meta property=\"og:image:height\" content=\"488\" \/>\n\t<meta property=\"og:image:type\" content=\"image\/jpeg\" \/>\n<meta name=\"author\" content=\"user-manager\" \/>\n<meta name=\"twitter:card\" content=\"summary_large_image\" \/>\n<script type=\"application\/ld+json\" class=\"yoast-schema-graph\">{\"@context\":\"https:\\\/\\\/schema.org\",\"@graph\":[{\"@type\":\"Article\",\"@id\":\"https:\\\/\\\/www.meydan.tv\\\/az\\\/article\\\/qubad-ibadoglu-azerbaycanda-qiymetler-suretle-artir\\\/#article\",\"isPartOf\":{\"@id\":\"https:\\\/\\\/www.meydan.tv\\\/az\\\/article\\\/qubad-ibadoglu-azerbaycanda-qiymetler-suretle-artir\\\/\"},\"author\":{\"name\":\"user-manager\",\"@id\":\"https:\\\/\\\/www.meydan.tv\\\/az\\\/#\\\/schema\\\/person\\\/10d11eccf6da3662cf5fdab9806ea91a\"},\"headline\":\"Qubad \u0130bado\u011flu: Az\u0259rbaycanda qiym\u0259tl\u0259r s\u00fcr\u0259tl\u0259 art\u0131r\",\"datePublished\":\"2021-05-18T10:57:33+00:00\",\"mainEntityOfPage\":{\"@id\":\"https:\\\/\\\/www.meydan.tv\\\/az\\\/article\\\/qubad-ibadoglu-azerbaycanda-qiymetler-suretle-artir\\\/\"},\"wordCount\":739,\"publisher\":{\"@id\":\"https:\\\/\\\/www.meydan.tv\\\/az\\\/#organization\"},\"image\":{\"@id\":\"https:\\\/\\\/www.meydan.tv\\\/az\\\/article\\\/qubad-ibadoglu-azerbaycanda-qiymetler-suretle-artir\\\/#primaryimage\"},\"thumbnailUrl\":\"https:\\\/\\\/www.meydan.tv\\\/wp-content\\\/uploads\\\/unnamed_ont9ahj.jpg\",\"articleSection\":[\"\u0130qtisadiyyat\"],\"inLanguage\":\"az\"},{\"@type\":\"WebPage\",\"@id\":\"https:\\\/\\\/www.meydan.tv\\\/az\\\/article\\\/qubad-ibadoglu-azerbaycanda-qiymetler-suretle-artir\\\/\",\"url\":\"https:\\\/\\\/www.meydan.tv\\\/az\\\/article\\\/qubad-ibadoglu-azerbaycanda-qiymetler-suretle-artir\\\/\",\"name\":\"Qubad \u0130bado\u011flu: Az\u0259rbaycanda qiym\u0259tl\u0259r s\u00fcr\u0259tl\u0259 art\u0131r - MEYDAN.TV\",\"isPartOf\":{\"@id\":\"https:\\\/\\\/www.meydan.tv\\\/az\\\/#website\"},\"primaryImageOfPage\":{\"@id\":\"https:\\\/\\\/www.meydan.tv\\\/az\\\/article\\\/qubad-ibadoglu-azerbaycanda-qiymetler-suretle-artir\\\/#primaryimage\"},\"image\":{\"@id\":\"https:\\\/\\\/www.meydan.tv\\\/az\\\/article\\\/qubad-ibadoglu-azerbaycanda-qiymetler-suretle-artir\\\/#primaryimage\"},\"thumbnailUrl\":\"https:\\\/\\\/www.meydan.tv\\\/wp-content\\\/uploads\\\/unnamed_ont9ahj.jpg\",\"datePublished\":\"2021-05-18T10:57:33+00:00\",\"breadcrumb\":{\"@id\":\"https:\\\/\\\/www.meydan.tv\\\/az\\\/article\\\/qubad-ibadoglu-azerbaycanda-qiymetler-suretle-artir\\\/#breadcrumb\"},\"inLanguage\":\"az\",\"potentialAction\":[{\"@type\":\"ReadAction\",\"target\":[\"https:\\\/\\\/www.meydan.tv\\\/az\\\/article\\\/qubad-ibadoglu-azerbaycanda-qiymetler-suretle-artir\\\/\"]}]},{\"@type\":\"ImageObject\",\"inLanguage\":\"az\",\"@id\":\"https:\\\/\\\/www.meydan.tv\\\/az\\\/article\\\/qubad-ibadoglu-azerbaycanda-qiymetler-suretle-artir\\\/#primaryimage\",\"url\":\"https:\\\/\\\/www.meydan.tv\\\/wp-content\\\/uploads\\\/unnamed_ont9ahj.jpg\",\"contentUrl\":\"https:\\\/\\\/www.meydan.tv\\\/wp-content\\\/uploads\\\/unnamed_ont9ahj.jpg\",\"width\":867,\"height\":488,\"caption\":\"Source: Specify Source\"},{\"@type\":\"BreadcrumbList\",\"@id\":\"https:\\\/\\\/www.meydan.tv\\\/az\\\/article\\\/qubad-ibadoglu-azerbaycanda-qiymetler-suretle-artir\\\/#breadcrumb\",\"itemListElement\":[{\"@type\":\"ListItem\",\"position\":1,\"name\":\"Ana s\u0259hif\u0259\",\"item\":\"https:\\\/\\\/www.meydan.tv\\\/az\\\/\"},{\"@type\":\"ListItem\",\"position\":2,\"name\":\"\u0130qtisadiyyat\",\"item\":\"https:\\\/\\\/www.meydan.tv\\\/az\\\/section\\\/iqtisadiyyat\\\/\"},{\"@type\":\"ListItem\",\"position\":3,\"name\":\"Qubad \u0130bado\u011flu: Az\u0259rbaycanda qiym\u0259tl\u0259r s\u00fcr\u0259tl\u0259 art\u0131r\"}]},{\"@type\":\"WebSite\",\"@id\":\"https:\\\/\\\/www.meydan.tv\\\/az\\\/#website\",\"url\":\"https:\\\/\\\/www.meydan.tv\\\/az\\\/\",\"name\":\"MEYDAN.TV\",\"description\":\"Meydan TV Az\u0259rbaycan\u0131n media m\u0259kan\u0131ndak\u0131 alternativ s\u0259sidir\",\"publisher\":{\"@id\":\"https:\\\/\\\/www.meydan.tv\\\/az\\\/#organization\"},\"potentialAction\":[{\"@type\":\"SearchAction\",\"target\":{\"@type\":\"EntryPoint\",\"urlTemplate\":\"https:\\\/\\\/www.meydan.tv\\\/az\\\/?s={search_term_string}\"},\"query-input\":{\"@type\":\"PropertyValueSpecification\",\"valueRequired\":true,\"valueName\":\"search_term_string\"}}],\"inLanguage\":\"az\"},{\"@type\":\"Organization\",\"@id\":\"https:\\\/\\\/www.meydan.tv\\\/az\\\/#organization\",\"name\":\"Meydan TV\",\"url\":\"https:\\\/\\\/www.meydan.tv\\\/az\\\/\",\"logo\":{\"@type\":\"ImageObject\",\"inLanguage\":\"az\",\"@id\":\"https:\\\/\\\/www.meydan.tv\\\/az\\\/#\\\/schema\\\/logo\\\/image\\\/\",\"url\":\"https:\\\/\\\/www.meydan.tv\\\/wp-content\\\/uploads\\\/2021\\\/07\\\/meydan-logo.svg\",\"contentUrl\":\"https:\\\/\\\/www.meydan.tv\\\/wp-content\\\/uploads\\\/2021\\\/07\\\/meydan-logo.svg\",\"width\":195,\"height\":46,\"caption\":\"Meydan TV\"},\"image\":{\"@id\":\"https:\\\/\\\/www.meydan.tv\\\/az\\\/#\\\/schema\\\/logo\\\/image\\\/\"}},{\"@type\":\"Person\",\"@id\":\"https:\\\/\\\/www.meydan.tv\\\/az\\\/#\\\/schema\\\/person\\\/10d11eccf6da3662cf5fdab9806ea91a\",\"name\":\"user-manager\"}]}<\/script>\n<!-- \/ Yoast SEO plugin. -->","yoast_head_json":{"title":"Qubad \u0130bado\u011flu: Az\u0259rbaycanda qiym\u0259tl\u0259r s\u00fcr\u0259tl\u0259 art\u0131r - MEYDAN.TV","robots":{"index":"index","follow":"follow","max-snippet":"max-snippet:-1","max-image-preview":"max-image-preview:large","max-video-preview":"max-video-preview:-1"},"canonical":"https:\/\/www.meydan.tv\/az\/article\/qubad-ibadoglu-azerbaycanda-qiymetler-suretle-artir\/","og_locale":"az_AZ","og_type":"article","og_title":"Qubad \u0130bado\u011flu: Az\u0259rbaycanda qiym\u0259tl\u0259r s\u00fcr\u0259tl\u0259 art\u0131r - MEYDAN.TV","og_description":"\u0130qtisad\u00e7\u0131 DSK-n\u0131n 4, 7 faiz bahala\u015fma olmas\u0131 il\u0259 ba\u011fl\u0131 a\u00e7\u0131qlamas\u0131n\u0131 inand\u0131r\u0131c\u0131 saym\u0131r","og_url":"https:\/\/www.meydan.tv\/az\/article\/qubad-ibadoglu-azerbaycanda-qiymetler-suretle-artir\/","og_site_name":"MEYDAN.TV","article_published_time":"2021-05-18T10:57:33+00:00","og_image":[{"width":867,"height":488,"url":"https:\/\/www.meydan.tv\/wp-content\/uploads\/unnamed_ont9ahj.jpg","type":"image\/jpeg"}],"author":"user-manager","twitter_card":"summary_large_image","schema":{"@context":"https:\/\/schema.org","@graph":[{"@type":"Article","@id":"https:\/\/www.meydan.tv\/az\/article\/qubad-ibadoglu-azerbaycanda-qiymetler-suretle-artir\/#article","isPartOf":{"@id":"https:\/\/www.meydan.tv\/az\/article\/qubad-ibadoglu-azerbaycanda-qiymetler-suretle-artir\/"},"author":{"name":"user-manager","@id":"https:\/\/www.meydan.tv\/az\/#\/schema\/person\/10d11eccf6da3662cf5fdab9806ea91a"},"headline":"Qubad \u0130bado\u011flu: Az\u0259rbaycanda qiym\u0259tl\u0259r s\u00fcr\u0259tl\u0259 art\u0131r","datePublished":"2021-05-18T10:57:33+00:00","mainEntityOfPage":{"@id":"https:\/\/www.meydan.tv\/az\/article\/qubad-ibadoglu-azerbaycanda-qiymetler-suretle-artir\/"},"wordCount":739,"publisher":{"@id":"https:\/\/www.meydan.tv\/az\/#organization"},"image":{"@id":"https:\/\/www.meydan.tv\/az\/article\/qubad-ibadoglu-azerbaycanda-qiymetler-suretle-artir\/#primaryimage"},"thumbnailUrl":"https:\/\/www.meydan.tv\/wp-content\/uploads\/unnamed_ont9ahj.jpg","articleSection":["\u0130qtisadiyyat"],"inLanguage":"az"},{"@type":"WebPage","@id":"https:\/\/www.meydan.tv\/az\/article\/qubad-ibadoglu-azerbaycanda-qiymetler-suretle-artir\/","url":"https:\/\/www.meydan.tv\/az\/article\/qubad-ibadoglu-azerbaycanda-qiymetler-suretle-artir\/","name":"Qubad \u0130bado\u011flu: Az\u0259rbaycanda qiym\u0259tl\u0259r s\u00fcr\u0259tl\u0259 art\u0131r - MEYDAN.TV","isPartOf":{"@id":"https:\/\/www.meydan.tv\/az\/#website"},"primaryImageOfPage":{"@id":"https:\/\/www.meydan.tv\/az\/article\/qubad-ibadoglu-azerbaycanda-qiymetler-suretle-artir\/#primaryimage"},"image":{"@id":"https:\/\/www.meydan.tv\/az\/article\/qubad-ibadoglu-azerbaycanda-qiymetler-suretle-artir\/#primaryimage"},"thumbnailUrl":"https:\/\/www.meydan.tv\/wp-content\/uploads\/unnamed_ont9ahj.jpg","datePublished":"2021-05-18T10:57:33+00:00","breadcrumb":{"@id":"https:\/\/www.meydan.tv\/az\/article\/qubad-ibadoglu-azerbaycanda-qiymetler-suretle-artir\/#breadcrumb"},"inLanguage":"az","potentialAction":[{"@type":"ReadAction","target":["https:\/\/www.meydan.tv\/az\/article\/qubad-ibadoglu-azerbaycanda-qiymetler-suretle-artir\/"]}]},{"@type":"ImageObject","inLanguage":"az","@id":"https:\/\/www.meydan.tv\/az\/article\/qubad-ibadoglu-azerbaycanda-qiymetler-suretle-artir\/#primaryimage","url":"https:\/\/www.meydan.tv\/wp-content\/uploads\/unnamed_ont9ahj.jpg","contentUrl":"https:\/\/www.meydan.tv\/wp-content\/uploads\/unnamed_ont9ahj.jpg","width":867,"height":488,"caption":"Source: Specify Source"},{"@type":"BreadcrumbList","@id":"https:\/\/www.meydan.tv\/az\/article\/qubad-ibadoglu-azerbaycanda-qiymetler-suretle-artir\/#breadcrumb","itemListElement":[{"@type":"ListItem","position":1,"name":"Ana s\u0259hif\u0259","item":"https:\/\/www.meydan.tv\/az\/"},{"@type":"ListItem","position":2,"name":"\u0130qtisadiyyat","item":"https:\/\/www.meydan.tv\/az\/section\/iqtisadiyyat\/"},{"@type":"ListItem","position":3,"name":"Qubad \u0130bado\u011flu: Az\u0259rbaycanda qiym\u0259tl\u0259r s\u00fcr\u0259tl\u0259 art\u0131r"}]},{"@type":"WebSite","@id":"https:\/\/www.meydan.tv\/az\/#website","url":"https:\/\/www.meydan.tv\/az\/","name":"MEYDAN.TV","description":"Meydan TV Az\u0259rbaycan\u0131n media m\u0259kan\u0131ndak\u0131 alternativ s\u0259sidir","publisher":{"@id":"https:\/\/www.meydan.tv\/az\/#organization"},"potentialAction":[{"@type":"SearchAction","target":{"@type":"EntryPoint","urlTemplate":"https:\/\/www.meydan.tv\/az\/?s={search_term_string}"},"query-input":{"@type":"PropertyValueSpecification","valueRequired":true,"valueName":"search_term_string"}}],"inLanguage":"az"},{"@type":"Organization","@id":"https:\/\/www.meydan.tv\/az\/#organization","name":"Meydan TV","url":"https:\/\/www.meydan.tv\/az\/","logo":{"@type":"ImageObject","inLanguage":"az","@id":"https:\/\/www.meydan.tv\/az\/#\/schema\/logo\/image\/","url":"https:\/\/www.meydan.tv\/wp-content\/uploads\/2021\/07\/meydan-logo.svg","contentUrl":"https:\/\/www.meydan.tv\/wp-content\/uploads\/2021\/07\/meydan-logo.svg","width":195,"height":46,"caption":"Meydan TV"},"image":{"@id":"https:\/\/www.meydan.tv\/az\/#\/schema\/logo\/image\/"}},{"@type":"Person","@id":"https:\/\/www.meydan.tv\/az\/#\/schema\/person\/10d11eccf6da3662cf5fdab9806ea91a","name":"user-manager"}]}},"_links":{"self":[{"href":"https:\/\/www.meydan.tv\/az\/wp-json\/wp\/v2\/posts\/206271","targetHints":{"allow":["GET"]}}],"collection":[{"href":"https:\/\/www.meydan.tv\/az\/wp-json\/wp\/v2\/posts"}],"about":[{"href":"https:\/\/www.meydan.tv\/az\/wp-json\/wp\/v2\/types\/post"}],"author":[{"embeddable":true,"href":"https:\/\/www.meydan.tv\/az\/wp-json\/wp\/v2\/users\/11"}],"replies":[{"embeddable":true,"href":"https:\/\/www.meydan.tv\/az\/wp-json\/wp\/v2\/comments?post=206271"}],"version-history":[{"count":0,"href":"https:\/\/www.meydan.tv\/az\/wp-json\/wp\/v2\/posts\/206271\/revisions"}],"wp:featuredmedia":[{"embeddable":true,"href":"https:\/\/www.meydan.tv\/az\/wp-json\/wp\/v2\/media\/160758"}],"wp:attachment":[{"href":"https:\/\/www.meydan.tv\/az\/wp-json\/wp\/v2\/media?parent=206271"}],"wp:term":[{"taxonomy":"category","embeddable":true,"href":"https:\/\/www.meydan.tv\/az\/wp-json\/wp\/v2\/categories?post=206271"},{"taxonomy":"post_tag","embeddable":true,"href":"https:\/\/www.meydan.tv\/az\/wp-json\/wp\/v2\/tags?post=206271"}],"curies":[{"name":"wp","href":"https:\/\/api.w.org\/{rel}","templated":true}]}}