{"id":206240,"date":"2021-05-16T12:45:24","date_gmt":"2021-05-16T12:45:24","guid":{"rendered":"https:\/\/www.meydan.tv\/article\/cernobil-sergisi-zamanin-donduruldugu-seher\/"},"modified":"2021-05-16T12:45:24","modified_gmt":"2021-05-16T12:45:24","slug":"cernobil-sergisi-zamanin-donduruldugu-seher","status":"publish","type":"post","link":"https:\/\/www.meydan.tv\/az\/article\/cernobil-sergisi-zamanin-donduruldugu-seher\/","title":{"rendered":"\u00c7ernob\u0131l s\u0259rgisi: Zaman\u0131n donduruldu\u011fu \u015f\u0259h\u0259r"},"content":{"rendered":"<figure class=\"wp-block-embed is-type-video is-provider-youtube wp-block-embed-youtube wp-embed-aspect-16-9 wp-has-aspect-ratio\">\n<div class=\"wp-block-embed__wrapper\">\n    <iframe\ttitle=\"\u00c7ernob\u0131l s\u0259rgisi: Zaman\u0131n donduruldu\u011fu \u015f\u0259h\u0259r\" width=\"1200\" height=\"675\" data-src=\"https:\/\/www.youtube.com\/embed\/XCITpcsBc48\"\tframeborder=\"0\"\tallow=\"accelerometer; autoplay; clipboard-write; encrypted-media; gyroscope; picture-in-picture\" allowfullscreen src=\"data:image\/svg+xml;base64,PHN2ZyB3aWR0aD0iMSIgaGVpZ2h0PSIxIiB4bWxucz0iaHR0cDovL3d3dy53My5vcmcvMjAwMC9zdmciPjwvc3ZnPg==\" class=\"lazyload\" data-load-mode=\"1\"><\/iframe>\n  <\/div><figcaption>\n    \u00c7ernob\u0131l s\u0259rgisi: Zaman\u0131n donduruldu\u011fu \u015f\u0259h\u0259r<br \/>\n  <\/figcaption><\/figure>\n<p>\n  Melodiya 33 il \u00f6nc\u0259 ba\u015f ver\u0259n \u00c7ernob\u0131l faci\u0259si \u00fc\u00e7\u00fcn \u00e7al\u0131n\u0131r\n<\/p>\n<p>\n  Fotoqraf Orxan \u018fzim \u00c7ernob\u0131l Atom Elektrik Stansiyas\u0131n\u0131n yax\u0131nl\u0131\u011f\u0131ndak\u0131 Pripyat \u015f\u0259h\u0259rind\u0259n \u00e7\u0259kdiyi fotolar\u0131 s\u0259rgil\u0259yib.\n<\/p>\n<p>\n  &quot;\u015e\u0259h\u0259ri bir n\u00f6v dondurublar. He\u00e7 n\u0259 yoxdur, h\u0259r \u015fey oldu\u011fu kimi qal\u0131b. D\u00fczd\u00fcr, vaxt\u0131nda b\u0259zi \u015feyl\u0259ri adamlar o\u011furlay\u0131b, sat\u0131blar. Amma, m\u0259s\u0259l\u0259n, x\u0259st\u0259xanaya gir\u0259nd\u0259 g\u00f6r\u00fcrs\u0259n ki, he\u00e7 n\u0259y\u0259 toxunulmay\u0131b. S\u0259n\u0259dl\u0259r, sistem iyn\u0259l\u0259r, ampulalar, \u0259m\u0259liyyat otaqlar\u0131 &#8211; ham\u0131s\u0131 oldu\u011fu kimidir. Sovetin ruhu orada qal\u0131b&quot;, &#8211; Orxan \u018fzim deyir.\n<\/p>\n<p>\n  Bu, fotoqraf\u0131n ikinci s\u0259rgisidir. Bu yax\u0131nlarda ekranla\u015fd\u0131r\u0131lan &quot;\u00c7ernob\u0131l&quot; serial\u0131ndan sonra hadis\u0259y\u0259 b\u00f6y\u00fck maraq yarand\u0131\u011f\u0131ndan, o, yenid\u0259n s\u0259rgi ke\u00e7irib.\n<\/p>\n<p>\n  Orxan \u018fzim \u00c7ernob\u0131l s\u0259f\u0259rind\u0259n t\u0259kc\u0259 fotolarla d\u00f6nm\u0259yib. S\u0259hh\u0259tind\u0259 d\u0259 d\u0259yi\u015fiklikl\u0259r olub\n<\/p>\n<p>\n  &quot;\u00c7al\u0131\u015f\u0131ram, psixoloji olaraq o hadis\u0259yl\u0259 ba\u011flamay\u0131m, amma b\u0259d\u0259nimd\u0259 m\u00fc\u0259yy\u0259n allergik \u015feyl\u0259r var. M\u0259s\u0259l\u0259n, qa\u015f\u0131nmalar v\u0259 bir az da sa\u00e7\u0131m t\u00f6k\u00fcl\u00fcr. Bax\u0131ram 2016-ci ild\u0259ki \u015f\u0259kill\u0259r\u0259, g\u00f6r\u00fcr\u0259m sa\u00e7\u0131m \u00e7ox idi, amma indi bir az azal\u0131b&quot;, &#8211; fotoqraf Orxan \u018fzim deyir.\n<\/p>\n<p>\n  H\u0259r \u015fey\u0259 r\u0259\u011fm\u0259n \u00c7ernob\u0131la yenid\u0259n getm\u0259k ist\u0259diyini deyir.\n<\/p>\n<p>\n  &quot;B\u0259lk\u0259 d\u0259, \u015f\u0259kil \u00e7\u0259km\u0259y\u0259 yox, o ab-havan\u0131 yenid\u0259n hiss etm\u0259k \u00fc\u00e7\u00fcn ged\u0259r\u0259m. 5 il bundan \u0259vv\u0259l g\u0259lmi\u015f\u0259m, indi g\u00f6r\u00fcm nec\u0259 hiss edir\u0259m \u00f6z\u00fcm\u00fc&quot;.\n<\/p>\n<p>\n  \u00c7ernob\u0131l s\u0259rgisi iyunun 26-na kimi davam ed\u0259c\u0259k.<\/p>\n","protected":false},"excerpt":{"rendered":"<p>Melodiya 33 il \u00f6nc\u0259 ba\u015f ver\u0259n \u00c7ernob\u0131l faci\u0259si \u00fc\u00e7\u00fcn \u00e7al\u0131n\u0131r<\/p>\n","protected":false},"author":11,"featured_media":125773,"comment_status":"closed","ping_status":"open","sticky":false,"template":"","format":"standard","meta":{"_acf_changed":false,"_sitemap_exclude":false,"_sitemap_priority":"","_sitemap_frequency":"","footnotes":""},"categories":[63],"tags":[],"class_list":["post-206240","post","type-post","status-publish","format-standard","has-post-thumbnail","hentry","category-video-2","infinite-scroll-item","generate-columns","tablet-grid-50","mobile-grid-100","grid-parent","grid-33","no-featured-image-padding"],"acf":[],"yoast_head":"<!-- This site is optimized with the Yoast SEO plugin v27.5 - https:\/\/yoast.com\/product\/yoast-seo-wordpress\/ -->\n<title>\u00c7ernob\u0131l s\u0259rgisi: Zaman\u0131n donduruldu\u011fu \u015f\u0259h\u0259r - MEYDAN.TV<\/title>\n<meta name=\"robots\" content=\"index, follow, max-snippet:-1, max-image-preview:large, max-video-preview:-1\" \/>\n<link rel=\"canonical\" href=\"https:\/\/www.meydan.tv\/az\/article\/cernobil-sergisi-zamanin-donduruldugu-seher\/\" \/>\n<meta property=\"og:locale\" content=\"az_AZ\" \/>\n<meta property=\"og:type\" content=\"article\" \/>\n<meta property=\"og:title\" content=\"\u00c7ernob\u0131l s\u0259rgisi: Zaman\u0131n donduruldu\u011fu \u015f\u0259h\u0259r - MEYDAN.TV\" \/>\n<meta property=\"og:description\" content=\"Melodiya 33 il \u00f6nc\u0259 ba\u015f ver\u0259n \u00c7ernob\u0131l faci\u0259si \u00fc\u00e7\u00fcn \u00e7al\u0131n\u0131r\" \/>\n<meta property=\"og:url\" content=\"https:\/\/www.meydan.tv\/az\/article\/cernobil-sergisi-zamanin-donduruldugu-seher\/\" \/>\n<meta property=\"og:site_name\" content=\"MEYDAN.TV\" \/>\n<meta property=\"article:published_time\" content=\"2021-05-16T12:45:24+00:00\" \/>\n<meta property=\"og:image\" content=\"https:\/\/www.meydan.tv\/wp-content\/uploads\/maxresdefault_i9klpsp.jpg\" \/>\n\t<meta property=\"og:image:width\" content=\"1280\" \/>\n\t<meta property=\"og:image:height\" content=\"720\" \/>\n\t<meta property=\"og:image:type\" content=\"image\/jpeg\" \/>\n<meta name=\"author\" content=\"user-manager\" \/>\n<meta name=\"twitter:card\" content=\"summary_large_image\" \/>\n<script type=\"application\/ld+json\" class=\"yoast-schema-graph\">{\"@context\":\"https:\\\/\\\/schema.org\",\"@graph\":[{\"@type\":\"Article\",\"@id\":\"https:\\\/\\\/www.meydan.tv\\\/az\\\/article\\\/cernobil-sergisi-zamanin-donduruldugu-seher\\\/#article\",\"isPartOf\":{\"@id\":\"https:\\\/\\\/www.meydan.tv\\\/az\\\/article\\\/cernobil-sergisi-zamanin-donduruldugu-seher\\\/\"},\"author\":{\"name\":\"user-manager\",\"@id\":\"https:\\\/\\\/www.meydan.tv\\\/az\\\/#\\\/schema\\\/person\\\/10d11eccf6da3662cf5fdab9806ea91a\"},\"headline\":\"\u00c7ernob\u0131l s\u0259rgisi: Zaman\u0131n donduruldu\u011fu \u015f\u0259h\u0259r\",\"datePublished\":\"2021-05-16T12:45:24+00:00\",\"mainEntityOfPage\":{\"@id\":\"https:\\\/\\\/www.meydan.tv\\\/az\\\/article\\\/cernobil-sergisi-zamanin-donduruldugu-seher\\\/\"},\"wordCount\":323,\"publisher\":{\"@id\":\"https:\\\/\\\/www.meydan.tv\\\/az\\\/#organization\"},\"image\":{\"@id\":\"https:\\\/\\\/www.meydan.tv\\\/az\\\/article\\\/cernobil-sergisi-zamanin-donduruldugu-seher\\\/#primaryimage\"},\"thumbnailUrl\":\"https:\\\/\\\/www.meydan.tv\\\/wp-content\\\/uploads\\\/maxresdefault_i9klpsp.jpg\",\"articleSection\":[\"Video\"],\"inLanguage\":\"az\"},{\"@type\":\"WebPage\",\"@id\":\"https:\\\/\\\/www.meydan.tv\\\/az\\\/article\\\/cernobil-sergisi-zamanin-donduruldugu-seher\\\/\",\"url\":\"https:\\\/\\\/www.meydan.tv\\\/az\\\/article\\\/cernobil-sergisi-zamanin-donduruldugu-seher\\\/\",\"name\":\"\u00c7ernob\u0131l s\u0259rgisi: Zaman\u0131n donduruldu\u011fu \u015f\u0259h\u0259r - MEYDAN.TV\",\"isPartOf\":{\"@id\":\"https:\\\/\\\/www.meydan.tv\\\/az\\\/#website\"},\"primaryImageOfPage\":{\"@id\":\"https:\\\/\\\/www.meydan.tv\\\/az\\\/article\\\/cernobil-sergisi-zamanin-donduruldugu-seher\\\/#primaryimage\"},\"image\":{\"@id\":\"https:\\\/\\\/www.meydan.tv\\\/az\\\/article\\\/cernobil-sergisi-zamanin-donduruldugu-seher\\\/#primaryimage\"},\"thumbnailUrl\":\"https:\\\/\\\/www.meydan.tv\\\/wp-content\\\/uploads\\\/maxresdefault_i9klpsp.jpg\",\"datePublished\":\"2021-05-16T12:45:24+00:00\",\"breadcrumb\":{\"@id\":\"https:\\\/\\\/www.meydan.tv\\\/az\\\/article\\\/cernobil-sergisi-zamanin-donduruldugu-seher\\\/#breadcrumb\"},\"inLanguage\":\"az\",\"potentialAction\":[{\"@type\":\"ReadAction\",\"target\":[\"https:\\\/\\\/www.meydan.tv\\\/az\\\/article\\\/cernobil-sergisi-zamanin-donduruldugu-seher\\\/\"]}]},{\"@type\":\"ImageObject\",\"inLanguage\":\"az\",\"@id\":\"https:\\\/\\\/www.meydan.tv\\\/az\\\/article\\\/cernobil-sergisi-zamanin-donduruldugu-seher\\\/#primaryimage\",\"url\":\"https:\\\/\\\/www.meydan.tv\\\/wp-content\\\/uploads\\\/maxresdefault_i9klpsp.jpg\",\"contentUrl\":\"https:\\\/\\\/www.meydan.tv\\\/wp-content\\\/uploads\\\/maxresdefault_i9klpsp.jpg\",\"width\":1280,\"height\":720,\"caption\":\"Source: Meydan TV\"},{\"@type\":\"BreadcrumbList\",\"@id\":\"https:\\\/\\\/www.meydan.tv\\\/az\\\/article\\\/cernobil-sergisi-zamanin-donduruldugu-seher\\\/#breadcrumb\",\"itemListElement\":[{\"@type\":\"ListItem\",\"position\":1,\"name\":\"Ana s\u0259hif\u0259\",\"item\":\"https:\\\/\\\/www.meydan.tv\\\/az\\\/\"},{\"@type\":\"ListItem\",\"position\":2,\"name\":\"Video\",\"item\":\"https:\\\/\\\/www.meydan.tv\\\/az\\\/section\\\/video-2\\\/\"},{\"@type\":\"ListItem\",\"position\":3,\"name\":\"\u00c7ernob\u0131l s\u0259rgisi: Zaman\u0131n donduruldu\u011fu \u015f\u0259h\u0259r\"}]},{\"@type\":\"WebSite\",\"@id\":\"https:\\\/\\\/www.meydan.tv\\\/az\\\/#website\",\"url\":\"https:\\\/\\\/www.meydan.tv\\\/az\\\/\",\"name\":\"MEYDAN.TV\",\"description\":\"Meydan TV Az\u0259rbaycan\u0131n media m\u0259kan\u0131ndak\u0131 alternativ s\u0259sidir\",\"publisher\":{\"@id\":\"https:\\\/\\\/www.meydan.tv\\\/az\\\/#organization\"},\"potentialAction\":[{\"@type\":\"SearchAction\",\"target\":{\"@type\":\"EntryPoint\",\"urlTemplate\":\"https:\\\/\\\/www.meydan.tv\\\/az\\\/?s={search_term_string}\"},\"query-input\":{\"@type\":\"PropertyValueSpecification\",\"valueRequired\":true,\"valueName\":\"search_term_string\"}}],\"inLanguage\":\"az\"},{\"@type\":\"Organization\",\"@id\":\"https:\\\/\\\/www.meydan.tv\\\/az\\\/#organization\",\"name\":\"Meydan TV\",\"url\":\"https:\\\/\\\/www.meydan.tv\\\/az\\\/\",\"logo\":{\"@type\":\"ImageObject\",\"inLanguage\":\"az\",\"@id\":\"https:\\\/\\\/www.meydan.tv\\\/az\\\/#\\\/schema\\\/logo\\\/image\\\/\",\"url\":\"https:\\\/\\\/www.meydan.tv\\\/wp-content\\\/uploads\\\/2021\\\/07\\\/meydan-logo.svg\",\"contentUrl\":\"https:\\\/\\\/www.meydan.tv\\\/wp-content\\\/uploads\\\/2021\\\/07\\\/meydan-logo.svg\",\"width\":195,\"height\":46,\"caption\":\"Meydan TV\"},\"image\":{\"@id\":\"https:\\\/\\\/www.meydan.tv\\\/az\\\/#\\\/schema\\\/logo\\\/image\\\/\"}},{\"@type\":\"Person\",\"@id\":\"https:\\\/\\\/www.meydan.tv\\\/az\\\/#\\\/schema\\\/person\\\/10d11eccf6da3662cf5fdab9806ea91a\",\"name\":\"user-manager\"}]}<\/script>\n<!-- \/ Yoast SEO plugin. -->","yoast_head_json":{"title":"\u00c7ernob\u0131l s\u0259rgisi: Zaman\u0131n donduruldu\u011fu \u015f\u0259h\u0259r - MEYDAN.TV","robots":{"index":"index","follow":"follow","max-snippet":"max-snippet:-1","max-image-preview":"max-image-preview:large","max-video-preview":"max-video-preview:-1"},"canonical":"https:\/\/www.meydan.tv\/az\/article\/cernobil-sergisi-zamanin-donduruldugu-seher\/","og_locale":"az_AZ","og_type":"article","og_title":"\u00c7ernob\u0131l s\u0259rgisi: Zaman\u0131n donduruldu\u011fu \u015f\u0259h\u0259r - MEYDAN.TV","og_description":"Melodiya 33 il \u00f6nc\u0259 ba\u015f ver\u0259n \u00c7ernob\u0131l faci\u0259si \u00fc\u00e7\u00fcn \u00e7al\u0131n\u0131r","og_url":"https:\/\/www.meydan.tv\/az\/article\/cernobil-sergisi-zamanin-donduruldugu-seher\/","og_site_name":"MEYDAN.TV","article_published_time":"2021-05-16T12:45:24+00:00","og_image":[{"width":1280,"height":720,"url":"https:\/\/www.meydan.tv\/wp-content\/uploads\/maxresdefault_i9klpsp.jpg","type":"image\/jpeg"}],"author":"user-manager","twitter_card":"summary_large_image","schema":{"@context":"https:\/\/schema.org","@graph":[{"@type":"Article","@id":"https:\/\/www.meydan.tv\/az\/article\/cernobil-sergisi-zamanin-donduruldugu-seher\/#article","isPartOf":{"@id":"https:\/\/www.meydan.tv\/az\/article\/cernobil-sergisi-zamanin-donduruldugu-seher\/"},"author":{"name":"user-manager","@id":"https:\/\/www.meydan.tv\/az\/#\/schema\/person\/10d11eccf6da3662cf5fdab9806ea91a"},"headline":"\u00c7ernob\u0131l s\u0259rgisi: Zaman\u0131n donduruldu\u011fu \u015f\u0259h\u0259r","datePublished":"2021-05-16T12:45:24+00:00","mainEntityOfPage":{"@id":"https:\/\/www.meydan.tv\/az\/article\/cernobil-sergisi-zamanin-donduruldugu-seher\/"},"wordCount":323,"publisher":{"@id":"https:\/\/www.meydan.tv\/az\/#organization"},"image":{"@id":"https:\/\/www.meydan.tv\/az\/article\/cernobil-sergisi-zamanin-donduruldugu-seher\/#primaryimage"},"thumbnailUrl":"https:\/\/www.meydan.tv\/wp-content\/uploads\/maxresdefault_i9klpsp.jpg","articleSection":["Video"],"inLanguage":"az"},{"@type":"WebPage","@id":"https:\/\/www.meydan.tv\/az\/article\/cernobil-sergisi-zamanin-donduruldugu-seher\/","url":"https:\/\/www.meydan.tv\/az\/article\/cernobil-sergisi-zamanin-donduruldugu-seher\/","name":"\u00c7ernob\u0131l s\u0259rgisi: Zaman\u0131n donduruldu\u011fu \u015f\u0259h\u0259r - MEYDAN.TV","isPartOf":{"@id":"https:\/\/www.meydan.tv\/az\/#website"},"primaryImageOfPage":{"@id":"https:\/\/www.meydan.tv\/az\/article\/cernobil-sergisi-zamanin-donduruldugu-seher\/#primaryimage"},"image":{"@id":"https:\/\/www.meydan.tv\/az\/article\/cernobil-sergisi-zamanin-donduruldugu-seher\/#primaryimage"},"thumbnailUrl":"https:\/\/www.meydan.tv\/wp-content\/uploads\/maxresdefault_i9klpsp.jpg","datePublished":"2021-05-16T12:45:24+00:00","breadcrumb":{"@id":"https:\/\/www.meydan.tv\/az\/article\/cernobil-sergisi-zamanin-donduruldugu-seher\/#breadcrumb"},"inLanguage":"az","potentialAction":[{"@type":"ReadAction","target":["https:\/\/www.meydan.tv\/az\/article\/cernobil-sergisi-zamanin-donduruldugu-seher\/"]}]},{"@type":"ImageObject","inLanguage":"az","@id":"https:\/\/www.meydan.tv\/az\/article\/cernobil-sergisi-zamanin-donduruldugu-seher\/#primaryimage","url":"https:\/\/www.meydan.tv\/wp-content\/uploads\/maxresdefault_i9klpsp.jpg","contentUrl":"https:\/\/www.meydan.tv\/wp-content\/uploads\/maxresdefault_i9klpsp.jpg","width":1280,"height":720,"caption":"Source: Meydan TV"},{"@type":"BreadcrumbList","@id":"https:\/\/www.meydan.tv\/az\/article\/cernobil-sergisi-zamanin-donduruldugu-seher\/#breadcrumb","itemListElement":[{"@type":"ListItem","position":1,"name":"Ana s\u0259hif\u0259","item":"https:\/\/www.meydan.tv\/az\/"},{"@type":"ListItem","position":2,"name":"Video","item":"https:\/\/www.meydan.tv\/az\/section\/video-2\/"},{"@type":"ListItem","position":3,"name":"\u00c7ernob\u0131l s\u0259rgisi: Zaman\u0131n donduruldu\u011fu \u015f\u0259h\u0259r"}]},{"@type":"WebSite","@id":"https:\/\/www.meydan.tv\/az\/#website","url":"https:\/\/www.meydan.tv\/az\/","name":"MEYDAN.TV","description":"Meydan TV Az\u0259rbaycan\u0131n media m\u0259kan\u0131ndak\u0131 alternativ s\u0259sidir","publisher":{"@id":"https:\/\/www.meydan.tv\/az\/#organization"},"potentialAction":[{"@type":"SearchAction","target":{"@type":"EntryPoint","urlTemplate":"https:\/\/www.meydan.tv\/az\/?s={search_term_string}"},"query-input":{"@type":"PropertyValueSpecification","valueRequired":true,"valueName":"search_term_string"}}],"inLanguage":"az"},{"@type":"Organization","@id":"https:\/\/www.meydan.tv\/az\/#organization","name":"Meydan TV","url":"https:\/\/www.meydan.tv\/az\/","logo":{"@type":"ImageObject","inLanguage":"az","@id":"https:\/\/www.meydan.tv\/az\/#\/schema\/logo\/image\/","url":"https:\/\/www.meydan.tv\/wp-content\/uploads\/2021\/07\/meydan-logo.svg","contentUrl":"https:\/\/www.meydan.tv\/wp-content\/uploads\/2021\/07\/meydan-logo.svg","width":195,"height":46,"caption":"Meydan TV"},"image":{"@id":"https:\/\/www.meydan.tv\/az\/#\/schema\/logo\/image\/"}},{"@type":"Person","@id":"https:\/\/www.meydan.tv\/az\/#\/schema\/person\/10d11eccf6da3662cf5fdab9806ea91a","name":"user-manager"}]}},"_links":{"self":[{"href":"https:\/\/www.meydan.tv\/az\/wp-json\/wp\/v2\/posts\/206240","targetHints":{"allow":["GET"]}}],"collection":[{"href":"https:\/\/www.meydan.tv\/az\/wp-json\/wp\/v2\/posts"}],"about":[{"href":"https:\/\/www.meydan.tv\/az\/wp-json\/wp\/v2\/types\/post"}],"author":[{"embeddable":true,"href":"https:\/\/www.meydan.tv\/az\/wp-json\/wp\/v2\/users\/11"}],"replies":[{"embeddable":true,"href":"https:\/\/www.meydan.tv\/az\/wp-json\/wp\/v2\/comments?post=206240"}],"version-history":[{"count":0,"href":"https:\/\/www.meydan.tv\/az\/wp-json\/wp\/v2\/posts\/206240\/revisions"}],"wp:featuredmedia":[{"embeddable":true,"href":"https:\/\/www.meydan.tv\/az\/wp-json\/wp\/v2\/media\/125773"}],"wp:attachment":[{"href":"https:\/\/www.meydan.tv\/az\/wp-json\/wp\/v2\/media?parent=206240"}],"wp:term":[{"taxonomy":"category","embeddable":true,"href":"https:\/\/www.meydan.tv\/az\/wp-json\/wp\/v2\/categories?post=206240"},{"taxonomy":"post_tag","embeddable":true,"href":"https:\/\/www.meydan.tv\/az\/wp-json\/wp\/v2\/tags?post=206240"}],"curies":[{"name":"wp","href":"https:\/\/api.w.org\/{rel}","templated":true}]}}