{"id":206229,"date":"2021-05-15T12:44:17","date_gmt":"2021-05-15T12:44:17","guid":{"rendered":"https:\/\/www.meydan.tv\/article\/kubra-eliyeva-kinoya-cekilmeyeceyini-deyir\/"},"modified":"2021-05-15T12:44:17","modified_gmt":"2021-05-15T12:44:17","slug":"kubra-eliyeva-kinoya-cekilmeyeceyini-deyir","status":"publish","type":"post","link":"https:\/\/www.meydan.tv\/az\/article\/kubra-eliyeva-kinoya-cekilmeyeceyini-deyir\/","title":{"rendered":"K\u00fcbra \u018fliyeva kinoya \u00e7\u0259kilm\u0259y\u0259c\u0259yini deyir"},"content":{"rendered":"<p>\n  <i><br \/>\n    \u018fm\u0259kdar artist: &quot;S\u0259hh\u0259tim imkan vermir&quot;<br \/>\n  <\/i>\n<\/p>\n<p>\n  \u018fm\u0259kdar artist K\u00fcbra \u018fliyeva kinoya \u00e7\u0259kilm\u0259y\u0259c\u0259yini deyir.\n<\/p>\n<p>\n  Aktrisa Meydan TV-y\u0259 bildirib ki, buna s\u0259hh\u0259ti imkan vermir.\n<\/p>\n<p>\n  \u201cM\u0259n\u0259 baxan, \u00fczd\u0259n yax\u015f\u0131 g\u00f6r\u00fcr. Amma daxild\u0259ki K\u00fcbran\u0131 g\u00f6rm\u00fcrl\u0259r, toparlan\u0131ram. A\u011f\u0131r s\u0131naqlardan ke\u00e7dim. \u00d6z\u00fcm\u00fc qoruyuram. Allah \u00f6m\u00fcr veribs\u0259, ya\u015fayaca\u011fam. \u0130nsanlar bu d\u00fcnyaya g\u0259lir v\u0259 gedir. H\u0259yat el\u0259dir ki, d\u00f6vr edir. Yeni n\u0259sill\u0259r g\u0259lir, biz k\u00f6hn\u0259lib, qocal\u0131b gedirik. Bu, h\u0259yat\u0131n qanunudur\u201d, &#8211; dey\u0259 o bildirib.\n<\/p>\n<p>\n  S\u00fcd v\u0259zi x\u0259r\u00e7\u0259ngind\u0259n a\u011f\u0131r \u0259m\u0259liyyatlar ke\u00e7ir\u0259n K\u00fcbra \u018fliyeva haz\u0131rda \u00f6z\u00fcn\u00fc yax\u015f\u0131 hiss edir.\n<\/p>\n<p>\n  Az\u0259rbaycan teatr v\u0259 kino aktrisas\u0131 K\u00fcbra \u018fliyeva 1950-ci ild\u0259 G\u0259nc\u0259d\u0259 do\u011fulub.<\/p>\n","protected":false},"excerpt":{"rendered":"<p>\u018fm\u0259kdar artist: &#8220;S\u0259hh\u0259tim imkan vermir&#8221;<\/p>\n","protected":false},"author":11,"featured_media":160674,"comment_status":"closed","ping_status":"open","sticky":false,"template":"","format":"standard","meta":{"_acf_changed":false,"_sitemap_exclude":false,"_sitemap_priority":"","_sitemap_frequency":"","footnotes":""},"categories":[52],"tags":[],"class_list":["post-206229","post","type-post","status-publish","format-standard","has-post-thumbnail","hentry","category-medeniyyet","infinite-scroll-item","generate-columns","tablet-grid-50","mobile-grid-100","grid-parent","grid-33","no-featured-image-padding"],"acf":[],"yoast_head":"<!-- This site is optimized with the Yoast SEO plugin v28.4 - https:\/\/yoast.com\/product\/yoast-seo-wordpress\/ -->\n<title>K\u00fcbra \u018fliyeva kinoya \u00e7\u0259kilm\u0259y\u0259c\u0259yini deyir - MEYDAN.TV<\/title>\n<meta name=\"robots\" content=\"index, follow, max-snippet:-1, max-image-preview:large, max-video-preview:-1\" \/>\n<link rel=\"canonical\" href=\"https:\/\/www.meydan.tv\/az\/article\/kubra-eliyeva-kinoya-cekilmeyeceyini-deyir\/\" \/>\n<meta property=\"og:locale\" content=\"az_AZ\" \/>\n<meta property=\"og:type\" content=\"article\" \/>\n<meta property=\"og:title\" content=\"K\u00fcbra \u018fliyeva kinoya \u00e7\u0259kilm\u0259y\u0259c\u0259yini deyir - MEYDAN.TV\" \/>\n<meta property=\"og:description\" content=\"\u018fm\u0259kdar artist: &quot;S\u0259hh\u0259tim imkan vermir&quot;\" \/>\n<meta property=\"og:url\" content=\"https:\/\/www.meydan.tv\/az\/article\/kubra-eliyeva-kinoya-cekilmeyeceyini-deyir\/\" \/>\n<meta property=\"og:site_name\" content=\"MEYDAN.TV\" \/>\n<meta property=\"article:published_time\" content=\"2021-05-15T12:44:17+00:00\" \/>\n<meta property=\"og:image\" content=\"https:\/\/www.meydan.tv\/wp-content\/uploads\/e1aa1477-3935-44c9-96ee-2fcddfba73b4.jpeg\" \/>\n\t<meta property=\"og:image:width\" content=\"800\" \/>\n\t<meta property=\"og:image:height\" content=\"600\" \/>\n\t<meta property=\"og:image:type\" content=\"image\/jpeg\" \/>\n<meta name=\"twitter:card\" content=\"summary_large_image\" \/>\n<!-- \/ Yoast SEO plugin. -->","yoast_head_json":{"title":"K\u00fcbra \u018fliyeva kinoya \u00e7\u0259kilm\u0259y\u0259c\u0259yini deyir - MEYDAN.TV","robots":{"index":"index","follow":"follow","max-snippet":"max-snippet:-1","max-image-preview":"max-image-preview:large","max-video-preview":"max-video-preview:-1"},"canonical":"https:\/\/www.meydan.tv\/az\/article\/kubra-eliyeva-kinoya-cekilmeyeceyini-deyir\/","og_locale":"az_AZ","og_type":"article","og_title":"K\u00fcbra \u018fliyeva kinoya \u00e7\u0259kilm\u0259y\u0259c\u0259yini deyir - MEYDAN.TV","og_description":"\u018fm\u0259kdar artist: \"S\u0259hh\u0259tim imkan vermir\"","og_url":"https:\/\/www.meydan.tv\/az\/article\/kubra-eliyeva-kinoya-cekilmeyeceyini-deyir\/","og_site_name":"MEYDAN.TV","article_published_time":"2021-05-15T12:44:17+00:00","og_image":[{"width":800,"height":600,"url":"https:\/\/www.meydan.tv\/wp-content\/uploads\/e1aa1477-3935-44c9-96ee-2fcddfba73b4.jpeg","type":"image\/jpeg"}],"twitter_card":"summary_large_image","schema":{"@context":"https:\/\/schema.org","@graph":[{"@type":"Article","@id":"https:\/\/www.meydan.tv\/az\/article\/kubra-eliyeva-kinoya-cekilmeyeceyini-deyir\/#article","isPartOf":{"@id":"https:\/\/www.meydan.tv\/az\/article\/kubra-eliyeva-kinoya-cekilmeyeceyini-deyir\/"},"author":{"name":"user-manager","@id":"https:\/\/www.meydan.tv\/az\/#\/schema\/person\/10d11eccf6da3662cf5fdab9806ea91a"},"headline":"K\u00fcbra \u018fliyeva kinoya \u00e7\u0259kilm\u0259y\u0259c\u0259yini deyir","datePublished":"2021-05-15T12:44:17+00:00","mainEntityOfPage":{"@id":"https:\/\/www.meydan.tv\/az\/article\/kubra-eliyeva-kinoya-cekilmeyeceyini-deyir\/"},"wordCount":157,"publisher":{"@id":"https:\/\/www.meydan.tv\/az\/#organization"},"image":{"@id":"https:\/\/www.meydan.tv\/az\/article\/kubra-eliyeva-kinoya-cekilmeyeceyini-deyir\/#primaryimage"},"thumbnailUrl":"https:\/\/www.meydan.tv\/wp-content\/uploads\/e1aa1477-3935-44c9-96ee-2fcddfba73b4.jpeg","articleSection":["M\u0259d\u0259niyy\u0259t"],"inLanguage":"az"},{"@type":"WebPage","@id":"https:\/\/www.meydan.tv\/az\/article\/kubra-eliyeva-kinoya-cekilmeyeceyini-deyir\/","url":"https:\/\/www.meydan.tv\/az\/article\/kubra-eliyeva-kinoya-cekilmeyeceyini-deyir\/","name":"K\u00fcbra \u018fliyeva kinoya \u00e7\u0259kilm\u0259y\u0259c\u0259yini deyir - MEYDAN.TV","isPartOf":{"@id":"https:\/\/www.meydan.tv\/az\/#website"},"primaryImageOfPage":{"@id":"https:\/\/www.meydan.tv\/az\/article\/kubra-eliyeva-kinoya-cekilmeyeceyini-deyir\/#primaryimage"},"image":{"@id":"https:\/\/www.meydan.tv\/az\/article\/kubra-eliyeva-kinoya-cekilmeyeceyini-deyir\/#primaryimage"},"thumbnailUrl":"https:\/\/www.meydan.tv\/wp-content\/uploads\/e1aa1477-3935-44c9-96ee-2fcddfba73b4.jpeg","datePublished":"2021-05-15T12:44:17+00:00","breadcrumb":{"@id":"https:\/\/www.meydan.tv\/az\/article\/kubra-eliyeva-kinoya-cekilmeyeceyini-deyir\/#breadcrumb"},"inLanguage":"az","potentialAction":[{"@type":"ReadAction","target":["https:\/\/www.meydan.tv\/az\/article\/kubra-eliyeva-kinoya-cekilmeyeceyini-deyir\/"]}]},{"@type":"ImageObject","inLanguage":"az","@id":"https:\/\/www.meydan.tv\/az\/article\/kubra-eliyeva-kinoya-cekilmeyeceyini-deyir\/#primaryimage","url":"https:\/\/www.meydan.tv\/wp-content\/uploads\/e1aa1477-3935-44c9-96ee-2fcddfba73b4.jpeg","contentUrl":"https:\/\/www.meydan.tv\/wp-content\/uploads\/e1aa1477-3935-44c9-96ee-2fcddfba73b4.jpeg","width":800,"height":600,"caption":"Source: M"},{"@type":"BreadcrumbList","@id":"https:\/\/www.meydan.tv\/az\/article\/kubra-eliyeva-kinoya-cekilmeyeceyini-deyir\/#breadcrumb","itemListElement":[{"@type":"ListItem","position":1,"name":"Ana s\u0259hif\u0259","item":"https:\/\/www.meydan.tv\/az\/"},{"@type":"ListItem","position":2,"name":"M\u0259d\u0259niyy\u0259t","item":"https:\/\/www.meydan.tv\/az\/section\/medeniyyet\/"},{"@type":"ListItem","position":3,"name":"K\u00fcbra \u018fliyeva kinoya \u00e7\u0259kilm\u0259y\u0259c\u0259yini deyir"}]},{"@type":"WebSite","@id":"https:\/\/www.meydan.tv\/az\/#website","url":"https:\/\/www.meydan.tv\/az\/","name":"MEYDAN.TV","description":"Meydan TV Az\u0259rbaycan\u0131n media m\u0259kan\u0131ndak\u0131 alternativ s\u0259sidir","publisher":{"@id":"https:\/\/www.meydan.tv\/az\/#organization"},"potentialAction":[{"@type":"SearchAction","target":{"@type":"EntryPoint","urlTemplate":"https:\/\/www.meydan.tv\/az\/?s={search_term_string}"},"query-input":{"@type":"PropertyValueSpecification","valueRequired":true,"valueName":"search_term_string"}}],"inLanguage":"az"},{"@type":"Organization","@id":"https:\/\/www.meydan.tv\/az\/#organization","name":"Meydan TV","url":"https:\/\/www.meydan.tv\/az\/","logo":{"@type":"ImageObject","inLanguage":"az","@id":"https:\/\/www.meydan.tv\/az\/#\/schema\/logo\/image\/","url":"https:\/\/www.meydan.tv\/wp-content\/uploads\/2021\/07\/meydan-logo.svg","contentUrl":"https:\/\/www.meydan.tv\/wp-content\/uploads\/2021\/07\/meydan-logo.svg","width":195,"height":46,"caption":"Meydan TV"},"image":{"@id":"https:\/\/www.meydan.tv\/az\/#\/schema\/logo\/image\/"}},{"@type":"Person","@id":"https:\/\/www.meydan.tv\/az\/#\/schema\/person\/10d11eccf6da3662cf5fdab9806ea91a","name":"user-manager"}]}},"_links":{"self":[{"href":"https:\/\/www.meydan.tv\/az\/wp-json\/wp\/v2\/posts\/206229","targetHints":{"allow":["GET"]}}],"collection":[{"href":"https:\/\/www.meydan.tv\/az\/wp-json\/wp\/v2\/posts"}],"about":[{"href":"https:\/\/www.meydan.tv\/az\/wp-json\/wp\/v2\/types\/post"}],"author":[{"embeddable":true,"href":"https:\/\/www.meydan.tv\/az\/wp-json\/wp\/v2\/users\/11"}],"replies":[{"embeddable":true,"href":"https:\/\/www.meydan.tv\/az\/wp-json\/wp\/v2\/comments?post=206229"}],"version-history":[{"count":0,"href":"https:\/\/www.meydan.tv\/az\/wp-json\/wp\/v2\/posts\/206229\/revisions"}],"wp:featuredmedia":[{"embeddable":true,"href":"https:\/\/www.meydan.tv\/az\/wp-json\/wp\/v2\/media\/160674"}],"wp:attachment":[{"href":"https:\/\/www.meydan.tv\/az\/wp-json\/wp\/v2\/media?parent=206229"}],"wp:term":[{"taxonomy":"category","embeddable":true,"href":"https:\/\/www.meydan.tv\/az\/wp-json\/wp\/v2\/categories?post=206229"},{"taxonomy":"post_tag","embeddable":true,"href":"https:\/\/www.meydan.tv\/az\/wp-json\/wp\/v2\/tags?post=206229"}],"curies":[{"name":"wp","href":"https:\/\/api.w.org\/{rel}","templated":true}]}}