{"id":206226,"date":"2021-05-14T15:11:16","date_gmt":"2021-05-14T15:11:16","guid":{"rendered":"https:\/\/www.meydan.tv\/article\/azerbaycan-ermenistan-serhedinde-bas-verenlere-beynelxalq-reaksiya\/"},"modified":"2021-05-14T15:11:16","modified_gmt":"2021-05-14T15:11:16","slug":"azerbaycan-ermenistan-serhedinde-bas-verenlere-beynelxalq-reaksiya","status":"publish","type":"post","link":"https:\/\/www.meydan.tv\/az\/article\/azerbaycan-ermenistan-serhedinde-bas-verenlere-beynelxalq-reaksiya\/","title":{"rendered":"DSX: S\u0259rh\u0259d m\u00fchafiz\u0259 orqanlar\u0131n\u0131n n\u00fcmay\u0259nd\u0259l\u0259ri m\u00fczakir\u0259 apar\u0131r (yenil\u0259nir)"},"content":{"rendered":"<p>\n  <b><br \/>\n    17.05.<br \/>\n  <\/b><br \/>\n  Erm\u0259nistan\u0131n Ba\u015f naziri v\u0259zif\u0259sini icra ed\u0259n Nikol Pa\u015finyan Sunikd\u0259ki situasiyaya g\u00f6r\u0259 Kollektiv T\u0259hl\u00fck\u0259sizlik M\u00fcqavil\u0259si T\u0259\u015fkilat\u0131n\u0131n (KTMT) haz\u0131rk\u0131 s\u0259dri, Tacikistan Prezidenti \u0130mamoli Rahmanova m\u00fcraci\u0259t<br \/>\n  <a href=\"https:\/\/ru.armeniasputnik.am\/politics\/20210514\/27546344\/Io-premer-ministra-Armenii-Nikol-Pashinyan-ofitsialno-obratilsya-v-ODKB.html\"><br \/>\n    edib<br \/>\n  <\/a><br \/>\n  . Ba\u015f nazir m\u00fcraci\u0259tind\u0259 KTMT-nin Nizamnam\u0259sinin 2-ci madd\u0259sini \u0259sas g\u00f6t\u00fcr\u0259r\u0259k, quruma \u00fczv \u00f6lk\u0259l\u0259rin t\u0259hl\u00fck\u0259ni aradan qald\u0131rmaq \u00fc\u00e7\u00fcn t\u0259dbirl\u0259r g\u00f6rm\u0259y\u0259 \u00e7a\u011f\u0131r\u0131b.\n<\/p>\n<p>\n  KTMT-nin m\u0259tbuat katibi Vladimir Zainetdinov is\u0259 bildirib ki, h\u0259l\u0259 r\u0259smi Yerevan KTMT-y\u0259 m\u00fcraci\u0259t<br \/>\n  <a href=\"https:\/\/yandex.ru\/news\/story\/Armeniya_poka_ne_napravlyala_oficialnykh_obrashhenij_vODKB_posituacii_vSyunikskoj_oblasti--7572d8827be3e8040b8465381d7a3d47?lang=ru&amp;rubric=personal_feed&amp;fan=1&amp;stid=7JLBSdnlf1P19G3lylzV&amp;t=1620992367&amp;persistent_id=143024159\"><br \/>\n    etm\u0259yib<br \/>\n  <\/a><br \/>\n  .\n<\/p>\n<p>\n  ***\n<\/p>\n<p>\n  <b><br \/>\n    16.28.<br \/>\n  <\/b><br \/>\n  <i><br \/>\n    &quot;Haz\u0131rda Az\u0259rbaycan v\u0259 Erm\u0259nistan s\u0259rh\u0259d m\u00fchafiz\u0259 orqanlar\u0131n\u0131n n\u00fcmay\u0259nd\u0259l\u0259rinin i\u015ftirak\u0131 il\u0259 m\u00fczakir\u0259l\u0259r apar\u0131l\u0131r&quot;.<br \/>\n  <\/i>\n<\/p>\n<p>\n  <i><br \/>\n    Bu a\u00e7\u0131qlaman\u0131 D\u00f6vl\u0259t S\u0259rh\u0259d Xidm\u0259tinin (DSX) Az\u0259rbaycan v\u0259 Erm\u0259nistan s\u0259rh\u0259dind\u0259 ba\u015f ver\u0259nl\u0259r haqda m\u0259lumat\u0131nda \u0259ks olunub.<br \/>\n  <\/i>\n<\/p>\n<p>\n  <i><br \/>\n    DSX bildirib ki, Az\u0259rbaycan\u0131n \u0259razi b\u00fct\u00f6vl\u00fcy\u00fc b\u0259rpa edildikd\u0259n sonra Erm\u0259nistanla d\u00f6vl\u0259t s\u0259rh\u0259dind\u0259 z\u0259ruri s\u0259rh\u0259d m\u00fcdafi\u0259 v\u0259 m\u00fchafiz\u0259 infrastrukturunun yarad\u0131lmas\u0131 davam etdirilir:<br \/>\n  <\/i>\n<\/p>\n<p>\n  <i><br \/>\n    &quot;Son g\u00fcnl\u0259r bu istiqam\u0259td\u0259 ba\u015f ver\u0259nl\u0259rl\u0259 ba\u011fl\u0131 Az\u0259rbaycan\u0131n Xarici \u0130\u015fl\u0259r Nazirliyi t\u0259r\u0259find\u0259n r\u0259smi m\u00f6vqe bildirilib. Haz\u0131rda Az\u0259rbaycan v\u0259 Erm\u0259nistan s\u0259rh\u0259d m\u00fchafiz\u0259 orqanlar\u0131n\u0131n n\u00fcmay\u0259nd\u0259l\u0259rinin i\u015ftirak\u0131 il\u0259 m\u00fczakir\u0259l\u0259r apar\u0131l\u0131r&quot;.<br \/>\n  <\/i>\n<\/p>\n<p>\n  ***\n<\/p>\n<p>\n  <b><br \/>\n    16.03.<br \/>\n  <\/b><br \/>\n  <i><br \/>\n    May\u0131n 14-d\u0259 Az\u0259rbaycan xarici i\u015fl\u0259r naziri Ceyhun Bayramov il\u0259 AB\u015e-\u0131n Avropa v\u0259 Avrasiya m\u0259s\u0259l\u0259l\u0259ri \u00fczr\u0259 D\u00f6vl\u0259t Katibinin k\u00f6m\u0259k\u00e7isi v\u0259zif\u0259sini icra ed\u0259n Filip Riker aras\u0131nda telefon dan\u0131\u015f\u0131\u011f\u0131 olub. X\u0130N m\u0259tbuat xidm\u0259tinin yayd\u0131\u011f\u0131<br \/>\n  <\/i><br \/>\n  <a href=\"https:\/\/www.mfa.gov.az\/az\/news\/7324\/view\"><br \/>\n    <i><br \/>\n      m\u0259lumat<br \/>\n    <\/i><br \/>\n  <\/a><br \/>\n  <i><br \/>\n    da t\u0259r\u0259fl\u0259rin b\u00f6lg\u0259d\u0259 m\u00f6vcud olan cari v\u0259ziyy\u0259t, Az\u0259rbaycan v\u0259 Erm\u0259nistan s\u0259rh\u0259dind\u0259 ba\u015f ver\u0259n g\u0259rginlikl\u0259 ba\u011fl\u0131 fikir m\u00fcbadil\u0259si apard\u0131qlar\u0131 qeyd olunub:<br \/>\n  <\/i>\n<\/p>\n<p>\n  <i><br \/>\n    &quot;Bu kimi g\u0259rginlikl\u0259rin diplomatik yolla v\u0259 dan\u0131\u015f\u0131qlar vasit\u0259sil\u0259 h\u0259llinin vacibliyi vur\u011fuland\u0131. Nazir Ceyhun Bayramov Az\u0259rbaycan\u0131n b\u00f6lg\u0259d\u0259ki g\u0259rginliyin aradan qald\u0131r\u0131lmas\u0131na sadiq oldu\u011funu deyib. O, s\u0259rh\u0259dd\u0259 ya\u015fanan g\u0259rginliyin q\u0131sa m\u00fcdd\u0259t \u0259rzind\u0259 h\u0259lli \u00fc\u00e7\u00fcn bir ne\u00e7\u0259 saat \u0259rzind\u0259 Az\u0259rbaycan D\u00f6vl\u0259t S\u0259rh\u0259d Xidm\u0259tinin r\u0259hb\u0259rliyinin b\u00f6lg\u0259y\u0259 ezam edildiyini v\u0259 qar\u015f\u0131 t\u0259r\u0259fl\u0259 dan\u0131\u015f\u0131qlar\u0131n apar\u0131ld\u0131\u011f\u0131n\u0131 h\u0259ms\u00f6hb\u0259tin diqq\u0259tin\u0259 \u00e7atd\u0131rd\u0131&quot;.<br \/>\n  <\/i>\n<\/p>\n<p>\n  ***\n<\/p>\n<p>\n  <b><br \/>\n    15.11.<br \/>\n  <\/b><br \/>\n  <i><br \/>\n    Erm\u0259nistan M\u00fcdafi\u0259 Nazirliyi Az\u0259rbaycan h\u0259rb\u00e7il\u0259rinin h\u0259l\u0259 Sunikd\u0259 qald\u0131\u011f\u0131n\u0131 bildirib.<br \/>\n  <\/i>\n<\/p>\n<p>\n  <i><br \/>\n    Nazirliyin m\u0259tbuat xidm\u0259tinin yayd\u0131\u011f\u0131<br \/>\n  <\/i><br \/>\n  <a href=\"https:\/\/news.am\/rus\/news\/643665.html\"><br \/>\n    <i><br \/>\n      m\u0259lumat<br \/>\n    <\/i><br \/>\n  <\/a><br \/>\n  <i><br \/>\n    da deyilir ki, Az\u0259rbaycan t\u0259r\u0259fl\u0259 dan\u0131\u015f\u0131qlarda buran\u0131n onlar\u0131n \u0259razisi oldu\u011fu, 1 metr d\u0259 geri \u00e7\u0259kilm\u0259y\u0259c\u0259kl\u0259ri bildirilib.<br \/>\n  <\/i>\n<\/p>\n<p>\n  <i><br \/>\n    May\u0131n 14-d\u0259 Erm\u0259nistan\u0131n t\u0259hl\u00fck\u0259sizlik katibi Armen Qriroryan rusiyal\u0131 h\u0259mkar\u0131 Nikolay Patru\u015fevl\u0259 telefonla<br \/>\n  <\/i><br \/>\n  <a href=\"https:\/\/news.am\/rus\/news\/643670.html\"><br \/>\n    <i><br \/>\n      dan\u0131\u015f\u0131b<br \/>\n    <\/i><br \/>\n  <\/a><br \/>\n  <i><br \/>\n    .<br \/>\n  <\/i>\n<\/p>\n<p>\n  <i><br \/>\n    Dan\u0131\u015f\u0131\u011f\u0131n \u0259sas m\u00f6vzusu Erm\u0259nistan-Az\u0259rbaycan s\u0259rh\u0259dind\u0259 ba\u015f ver\u0259nl\u0259r oldu\u011fu qeyd edilir.<br \/>\n  <\/i>\n<\/p>\n<p>\n  <i><br \/>\n    \u201cNews.am\u201d yaz\u0131r ki, Armen Qriqoryan olay\u0131 Az\u0259rbaycan\u0131n Erm\u0259nistan\u0131n suveren \u0259razisin\u0259 t\u0259cav\u00fcz\u00fc kimi d\u0259y\u0259rl\u0259ndirib v\u0259 bunun Yerevan \u00fc\u00e7\u00fcn q\u0259buledilm\u0259z oldu\u011funu s\u00f6yl\u0259yib. O, Az\u0259rbaycan silahl\u0131 birl\u0259\u015fm\u0259l\u0259rinin \u0259razini t\u0259rk etm\u0259l\u0259rinin vacibliyini vur\u011fulay\u0131b.<br \/>\n  <\/i>\n<\/p>\n<p>\n  <i><br \/>\n    A.Qriqoryan deyib ki, Az\u0259rbaycan\u0131n iddialar\u0131 \u0259sass\u0131zd\u0131r v\u0259 Sovet d\u00f6vr\u00fcnd\u0259n qalma \u0259razil\u0259rin erm\u0259ni m\u0259n\u015f\u0259yini \u0259sasland\u0131ran x\u0259rit\u0259l\u0259r var. T\u0259hl\u00fck\u0259sizlik katibi Erm\u0259nistan\u0131n Kollektiv T\u0259hl\u00fck\u0259sizlik M\u00fcqavil\u0259si T\u0259\u015fkilat\u0131na (KTMT) m\u00fcraci\u0259t etm\u0259si m\u0259s\u0259l\u0259sin\u0259 toxunub v\u0259 m\u0259s\u0259l\u0259nin \u0259n q\u0131sa m\u00fcdd\u0259td\u0259 h\u0259lli \u00fc\u00e7\u00fcn t\u0259\u015fkilat \u00e7\u0259r\u00e7iv\u0259sind\u0259 laz\u0131mi mexanizml\u0259rd\u0259n istifad\u0259 edilm\u0259sinin vacibliyini qeyd edib.<br \/>\n  <\/i>\n<\/p>\n<p>\n  <i><br \/>\n    &quot;Nikolay Patru\u015fev bu m\u0259s\u0259l\u0259d\u0259 erm\u0259ni t\u0259r\u0259finin t\u0259mkinini y\u00fcks\u0259k qiym\u0259tl\u0259ndirdi v\u0259 bunun h\u0259lli \u00fc\u00e7\u00fcn b\u00fct\u00fcn m\u00fcmk\u00fcn diplomatik s\u0259yl\u0259rd\u0259n istifad\u0259 edilm\u0259sinin vacibliyini qeyd etdi. Rusiya t\u0259r\u0259finin b\u00fct\u00fcn s\u0259viyy\u0259l\u0259rd\u0259 m\u0259s\u0259l\u0259ni \u0259n q\u0131sa m\u00fcdd\u0259td\u0259 h\u0259ll etm\u0259k \u00fc\u00e7\u00fcn intensiv \u00e7al\u0131\u015fd\u0131\u011f\u0131n\u0131 bildirdi&quot;,-dey\u0259 m\u0259lumatda vur\u011fulan\u0131b.<br \/>\n  <\/i>\n<\/p>\n<p>\n  ***\n<\/p>\n<p>\n  AB\u015e D\u00f6vl\u0259t Departamenti t\u0259r\u0259fl\u0259ri t\u0259mkinli olma\u011fa \u00e7a\u011f\u0131rd\u0131, Makron Erm\u0259nistan\u0131n yan\u0131nda oldu\u011funu b\u0259yan etdi\n<\/p>\n<p>\n  \u201cErm\u0259nistan-Az\u0259rbaycan s\u0259rh\u0259dinin demarkasiya olunmam\u0131\u015f hiss\u0259sind\u0259 g\u0259rginliyin artmas\u0131 bar\u0259d\u0259 x\u0259b\u0259rl\u0259ri diqq\u0259tl\u0259 izl\u0259yirik. Biz ba\u015fa d\u00fc\u015f\u00fcr\u00fck ki, t\u0259r\u0259fl\u0259r aras\u0131nda kommunikasiya davam edir v\u0259 onlar\u0131 g\u0259rginliyin s\u00fclh yolu il\u0259 de-eskalasiyas\u0131na \u00e7a\u011f\u0131r\u0131r\u0131q\u201d.\n<\/p>\n<p>\n  Bu fikirl\u0259ri AB\u015e D\u00f6vl\u0259t Departamentinin s\u00f6z\u00e7\u00fcs\u00fc Ned Prays \u201cTwitter\u201d hesab\u0131nda payla\u015f\u0131b. O, t\u0259r\u0259fl\u0259ri t\u0259mkinli olma\u011fa \u00e7a\u011f\u0131r\u0131b.\n<\/p>\n<p>\n  May\u0131n 12-d\u0259 Az\u0259rbaycan silahl\u0131 q\u00fcvv\u0259l\u0259rinin Erm\u0259nistan\u0131n S\u00fcnik vilay\u0259tin\u0259 bir ne\u00e7\u0259 kilometr ir\u0259lil\u0259m\u0259si haqda x\u0259b\u0259rl\u0259r yay\u0131l\u0131b. R\u0259smi Bak\u0131 ba\u015f ver\u0259nl\u0259ri s\u0259rh\u0259dl\u0259rin d\u0259qiql\u0259\u015fdirilm\u0259si kimi izah ed\u0259r\u0259k, h\u0259rb\u00e7il\u0259rinin Erm\u0259nistan \u0259razisin\u0259 girm\u0259diyini vur\u011fulay\u0131b.<br \/>\n  <a href=\"https:\/\/www.meydan.tv\/az\/article\/ktmt-ermenistan-azerbaycan-serhedinde-bas-verenleri-izleyirik\/?ref=homepage-headline\"><br \/>\n    Az\u0259rbaycan Xarici \u0130\u015fl\u0259r Nazirliyi<br \/>\n  <\/a><br \/>\n  nin may\u0131n 13-d\u0259 yayd\u0131\u011f\u0131 b\u0259yanat\u0131nda R\u0259smi Yerevan\u0131n etirazlar\u0131ndan t\u0259\u0259cc\u00fcbl\u0259ndiyi vur\u011fulan\u0131r: &quot;Erm\u0259nistan\u0131n siyasi-h\u0259rbi dair\u0259l\u0259rin\u0259 t\u0259\u015fvi\u015f\u0259 d\u00fc\u015fm\u0259m\u0259yi, Az\u0259rbaycan\u0131n Z\u0259ngilan, Qubadl\u0131, La\u00e7\u0131n v\u0259 K\u0259lb\u0259c\u0259r rayonlar\u0131 boyunca d\u00f6vl\u0259tl\u0259raras\u0131 s\u0259rh\u0259d rejimi reall\u0131\u011f\u0131n\u0131 q\u0259bul etm\u0259yi v\u0259 \u0259sass\u0131z olaraq b\u00f6lg\u0259d\u0259 v\u0259ziyy\u0259ti g\u0259rginl\u0259\u015fdirm\u0259m\u0259yi t\u00f6vsiy\u0259 edirik&quot;.\n<\/p>\n<p>\n  Fransa prezidenti Emmanuel Makron da Erm\u0259nistan-Az\u0259rbaycan s\u0259rh\u0259dind\u0259 ba\u015f ver\u0259nl\u0259r\u0259 \u201cFacebook\u201d hesab\u0131ndan reaksiya verib:\n<\/p>\n<p>\n  &quot;Az\u0259rbaycan silahl\u0131 q\u00fcvv\u0259l\u0259ri Erm\u0259nistan \u0259razisini i\u015f\u011fal edib. Onlar d\u0259rhal geri \u00e7\u0259kilm\u0259lidirl\u0259r. Bir daha erm\u0259ni xalq\u0131na deyir\u0259m, Fransa sizinl\u0259dir v\u0259 bel\u0259 d\u0259 qalacaq&quot;.\n<\/p>\n<p>\n  E.Makron fikirl\u0259rini erm\u0259nic\u0259 payla\u015f\u0131b.\n<\/p>\n<figure class=\"wp-block-image size-large\">\n  <img decoding=\"async\" src=\"https:\/\/www.meydan.tv\/az\/185692972_3618987741538776_4586325904923665625_n-jpg\/\" alt=\"185692972_3618987741538776_4586325904923665625_n.jpg\" class=\"wp-image-160635\"\/><figcaption>\n    E.Makronun a\u00e7\u0131qlamas\u0131<br \/>\n  <\/figcaption><\/figure>\n<p>\n  Fransa prezidentinin b\u0259yanatdan \u00f6nc\u0259 Erm\u0259nistan\u0131n Ba\u015f naziri v\u0259zif\u0259sini icra ed\u0259n Nikol Pa\u015finyanla telefonla dan\u0131\u015fd\u0131\u011f\u0131 bildirilir.\n<\/p>\n<p>\n  Makronun idar\u0259sinin b\u0259yanat\u0131nda deyilir ki, prezident BMT-nin T\u0259hl\u00fck\u0259sizlik \u015euras\u0131n\u0131n \u201cregionda sabitlik v\u0259 t\u0259hl\u00fck\u0259sizliyin b\u0259rpas\u0131na\u201d k\u00f6m\u0259k ed\u0259 bil\u0259c\u0259yini vur\u011fulay\u0131b.\n<\/p>\n<p>\n  Erm\u0259nistan\u0131n Ba\u015f naziri v\u0259zif\u0259sini icra ed\u0259n Nikol Pa\u015finyan il\u0259 Rusiya Prezidenti Vladimir Putin telefonla dan\u0131\u015f\u0131blar. &quot;Sputnik Armeniya&quot;n\u0131n<br \/>\n  <a href=\"https:\/\/ru.armeniasputnik.am\/politics\/20210514\/27541744\/Pashinyan-i-Putin-obsudili-intsident-v-Syunike.html\"><br \/>\n    m\u0259lumat<br \/>\n  <\/a><br \/>\n  \u0131na g\u00f6r\u0259, t\u0259r\u0259fl\u0259r Da\u011fl\u0131q Qaraba\u011f \u0259traf\u0131ndak\u0131 v\u0259ziyy\u0259ti d\u0259 m\u00fczakir\u0259 edibl\u0259r. Rusiya prezidenti at\u0259\u015fk\u0259sin ciddi \u015f\u0259kild\u0259 yerin\u0259 yetirilm\u0259li oldu\u011funu s\u00f6yl\u0259yib.<\/p>\n","protected":false},"excerpt":{"rendered":"<p>Fransa prezidentinin b\u0259yanatdan \u00f6nc\u0259 Erm\u0259nistan\u0131n Ba\u015f naziri v\u0259zif\u0259sini icra ed\u0259n Nikol Pa\u015finyanla telefonla dan\u0131\u015fd\u0131\u011f\u0131 bildirilir.<\/p>\n","protected":false},"author":11,"featured_media":160620,"comment_status":"closed","ping_status":"open","sticky":false,"template":"","format":"standard","meta":{"_acf_changed":false,"_sitemap_exclude":false,"_sitemap_priority":"","_sitemap_frequency":"","footnotes":""},"categories":[59],"tags":[],"class_list":["post-206226","post","type-post","status-publish","format-standard","has-post-thumbnail","hentry","category-siyaset","infinite-scroll-item","generate-columns","tablet-grid-50","mobile-grid-100","grid-parent","grid-33","no-featured-image-padding"],"acf":[],"yoast_head":"<!-- This site is optimized with the Yoast SEO plugin v27.5 - https:\/\/yoast.com\/product\/yoast-seo-wordpress\/ -->\n<title>DSX: S\u0259rh\u0259d m\u00fchafiz\u0259 orqanlar\u0131n\u0131n n\u00fcmay\u0259nd\u0259l\u0259ri m\u00fczakir\u0259 apar\u0131r (yenil\u0259nir) - MEYDAN.TV<\/title>\n<meta name=\"robots\" content=\"index, follow, max-snippet:-1, max-image-preview:large, max-video-preview:-1\" \/>\n<link rel=\"canonical\" href=\"https:\/\/www.meydan.tv\/az\/article\/azerbaycan-ermenistan-serhedinde-bas-verenlere-beynelxalq-reaksiya\/\" \/>\n<meta property=\"og:locale\" content=\"az_AZ\" \/>\n<meta property=\"og:type\" content=\"article\" \/>\n<meta property=\"og:title\" content=\"DSX: S\u0259rh\u0259d m\u00fchafiz\u0259 orqanlar\u0131n\u0131n n\u00fcmay\u0259nd\u0259l\u0259ri m\u00fczakir\u0259 apar\u0131r (yenil\u0259nir) - MEYDAN.TV\" \/>\n<meta property=\"og:description\" content=\"Fransa prezidentinin b\u0259yanatdan \u00f6nc\u0259 Erm\u0259nistan\u0131n Ba\u015f naziri v\u0259zif\u0259sini icra ed\u0259n Nikol Pa\u015finyanla telefonla dan\u0131\u015fd\u0131\u011f\u0131 bildirilir.\" \/>\n<meta property=\"og:url\" content=\"https:\/\/www.meydan.tv\/az\/article\/azerbaycan-ermenistan-serhedinde-bas-verenlere-beynelxalq-reaksiya\/\" \/>\n<meta property=\"og:site_name\" content=\"MEYDAN.TV\" \/>\n<meta property=\"article:published_time\" content=\"2021-05-14T15:11:16+00:00\" \/>\n<meta property=\"og:image\" content=\"https:\/\/www.meydan.tv\/wp-content\/uploads\/sunik.jpg\" \/>\n\t<meta property=\"og:image:width\" content=\"1000\" \/>\n\t<meta property=\"og:image:height\" content=\"541\" \/>\n\t<meta property=\"og:image:type\" content=\"image\/jpeg\" \/>\n<meta name=\"author\" content=\"user-manager\" \/>\n<meta name=\"twitter:card\" content=\"summary_large_image\" \/>\n<script type=\"application\/ld+json\" class=\"yoast-schema-graph\">{\"@context\":\"https:\\\/\\\/schema.org\",\"@graph\":[{\"@type\":\"Article\",\"@id\":\"https:\\\/\\\/www.meydan.tv\\\/az\\\/article\\\/azerbaycan-ermenistan-serhedinde-bas-verenlere-beynelxalq-reaksiya\\\/#article\",\"isPartOf\":{\"@id\":\"https:\\\/\\\/www.meydan.tv\\\/az\\\/article\\\/azerbaycan-ermenistan-serhedinde-bas-verenlere-beynelxalq-reaksiya\\\/\"},\"author\":{\"name\":\"user-manager\",\"@id\":\"https:\\\/\\\/www.meydan.tv\\\/az\\\/#\\\/schema\\\/person\\\/10d11eccf6da3662cf5fdab9806ea91a\"},\"headline\":\"DSX: S\u0259rh\u0259d m\u00fchafiz\u0259 orqanlar\u0131n\u0131n n\u00fcmay\u0259nd\u0259l\u0259ri m\u00fczakir\u0259 apar\u0131r (yenil\u0259nir)\",\"datePublished\":\"2021-05-14T15:11:16+00:00\",\"mainEntityOfPage\":{\"@id\":\"https:\\\/\\\/www.meydan.tv\\\/az\\\/article\\\/azerbaycan-ermenistan-serhedinde-bas-verenlere-beynelxalq-reaksiya\\\/\"},\"wordCount\":1254,\"publisher\":{\"@id\":\"https:\\\/\\\/www.meydan.tv\\\/az\\\/#organization\"},\"image\":{\"@id\":\"https:\\\/\\\/www.meydan.tv\\\/az\\\/article\\\/azerbaycan-ermenistan-serhedinde-bas-verenlere-beynelxalq-reaksiya\\\/#primaryimage\"},\"thumbnailUrl\":\"https:\\\/\\\/www.meydan.tv\\\/wp-content\\\/uploads\\\/sunik.jpg\",\"articleSection\":[\"Siyas\u0259t\"],\"inLanguage\":\"az\"},{\"@type\":\"WebPage\",\"@id\":\"https:\\\/\\\/www.meydan.tv\\\/az\\\/article\\\/azerbaycan-ermenistan-serhedinde-bas-verenlere-beynelxalq-reaksiya\\\/\",\"url\":\"https:\\\/\\\/www.meydan.tv\\\/az\\\/article\\\/azerbaycan-ermenistan-serhedinde-bas-verenlere-beynelxalq-reaksiya\\\/\",\"name\":\"DSX: S\u0259rh\u0259d m\u00fchafiz\u0259 orqanlar\u0131n\u0131n n\u00fcmay\u0259nd\u0259l\u0259ri m\u00fczakir\u0259 apar\u0131r (yenil\u0259nir) - MEYDAN.TV\",\"isPartOf\":{\"@id\":\"https:\\\/\\\/www.meydan.tv\\\/az\\\/#website\"},\"primaryImageOfPage\":{\"@id\":\"https:\\\/\\\/www.meydan.tv\\\/az\\\/article\\\/azerbaycan-ermenistan-serhedinde-bas-verenlere-beynelxalq-reaksiya\\\/#primaryimage\"},\"image\":{\"@id\":\"https:\\\/\\\/www.meydan.tv\\\/az\\\/article\\\/azerbaycan-ermenistan-serhedinde-bas-verenlere-beynelxalq-reaksiya\\\/#primaryimage\"},\"thumbnailUrl\":\"https:\\\/\\\/www.meydan.tv\\\/wp-content\\\/uploads\\\/sunik.jpg\",\"datePublished\":\"2021-05-14T15:11:16+00:00\",\"breadcrumb\":{\"@id\":\"https:\\\/\\\/www.meydan.tv\\\/az\\\/article\\\/azerbaycan-ermenistan-serhedinde-bas-verenlere-beynelxalq-reaksiya\\\/#breadcrumb\"},\"inLanguage\":\"az\",\"potentialAction\":[{\"@type\":\"ReadAction\",\"target\":[\"https:\\\/\\\/www.meydan.tv\\\/az\\\/article\\\/azerbaycan-ermenistan-serhedinde-bas-verenlere-beynelxalq-reaksiya\\\/\"]}]},{\"@type\":\"ImageObject\",\"inLanguage\":\"az\",\"@id\":\"https:\\\/\\\/www.meydan.tv\\\/az\\\/article\\\/azerbaycan-ermenistan-serhedinde-bas-verenlere-beynelxalq-reaksiya\\\/#primaryimage\",\"url\":\"https:\\\/\\\/www.meydan.tv\\\/wp-content\\\/uploads\\\/sunik.jpg\",\"contentUrl\":\"https:\\\/\\\/www.meydan.tv\\\/wp-content\\\/uploads\\\/sunik.jpg\",\"width\":1000,\"height\":541,\"caption\":\"Source: \u0421\u043f\u0443\u0442\u043d\u0438\u043a-\u0410\u0440\u043c\u0435\u043d\u0438\u044f\"},{\"@type\":\"BreadcrumbList\",\"@id\":\"https:\\\/\\\/www.meydan.tv\\\/az\\\/article\\\/azerbaycan-ermenistan-serhedinde-bas-verenlere-beynelxalq-reaksiya\\\/#breadcrumb\",\"itemListElement\":[{\"@type\":\"ListItem\",\"position\":1,\"name\":\"Ana s\u0259hif\u0259\",\"item\":\"https:\\\/\\\/www.meydan.tv\\\/az\\\/\"},{\"@type\":\"ListItem\",\"position\":2,\"name\":\"Siyas\u0259t\",\"item\":\"https:\\\/\\\/www.meydan.tv\\\/az\\\/section\\\/siyaset\\\/\"},{\"@type\":\"ListItem\",\"position\":3,\"name\":\"DSX: S\u0259rh\u0259d m\u00fchafiz\u0259 orqanlar\u0131n\u0131n n\u00fcmay\u0259nd\u0259l\u0259ri m\u00fczakir\u0259 apar\u0131r (yenil\u0259nir)\"}]},{\"@type\":\"WebSite\",\"@id\":\"https:\\\/\\\/www.meydan.tv\\\/az\\\/#website\",\"url\":\"https:\\\/\\\/www.meydan.tv\\\/az\\\/\",\"name\":\"MEYDAN.TV\",\"description\":\"Meydan TV Az\u0259rbaycan\u0131n media m\u0259kan\u0131ndak\u0131 alternativ s\u0259sidir\",\"publisher\":{\"@id\":\"https:\\\/\\\/www.meydan.tv\\\/az\\\/#organization\"},\"potentialAction\":[{\"@type\":\"SearchAction\",\"target\":{\"@type\":\"EntryPoint\",\"urlTemplate\":\"https:\\\/\\\/www.meydan.tv\\\/az\\\/?s={search_term_string}\"},\"query-input\":{\"@type\":\"PropertyValueSpecification\",\"valueRequired\":true,\"valueName\":\"search_term_string\"}}],\"inLanguage\":\"az\"},{\"@type\":\"Organization\",\"@id\":\"https:\\\/\\\/www.meydan.tv\\\/az\\\/#organization\",\"name\":\"Meydan TV\",\"url\":\"https:\\\/\\\/www.meydan.tv\\\/az\\\/\",\"logo\":{\"@type\":\"ImageObject\",\"inLanguage\":\"az\",\"@id\":\"https:\\\/\\\/www.meydan.tv\\\/az\\\/#\\\/schema\\\/logo\\\/image\\\/\",\"url\":\"https:\\\/\\\/www.meydan.tv\\\/wp-content\\\/uploads\\\/2021\\\/07\\\/meydan-logo.svg\",\"contentUrl\":\"https:\\\/\\\/www.meydan.tv\\\/wp-content\\\/uploads\\\/2021\\\/07\\\/meydan-logo.svg\",\"width\":195,\"height\":46,\"caption\":\"Meydan TV\"},\"image\":{\"@id\":\"https:\\\/\\\/www.meydan.tv\\\/az\\\/#\\\/schema\\\/logo\\\/image\\\/\"}},{\"@type\":\"Person\",\"@id\":\"https:\\\/\\\/www.meydan.tv\\\/az\\\/#\\\/schema\\\/person\\\/10d11eccf6da3662cf5fdab9806ea91a\",\"name\":\"user-manager\"}]}<\/script>\n<!-- \/ Yoast SEO plugin. -->","yoast_head_json":{"title":"DSX: S\u0259rh\u0259d m\u00fchafiz\u0259 orqanlar\u0131n\u0131n n\u00fcmay\u0259nd\u0259l\u0259ri m\u00fczakir\u0259 apar\u0131r (yenil\u0259nir) - MEYDAN.TV","robots":{"index":"index","follow":"follow","max-snippet":"max-snippet:-1","max-image-preview":"max-image-preview:large","max-video-preview":"max-video-preview:-1"},"canonical":"https:\/\/www.meydan.tv\/az\/article\/azerbaycan-ermenistan-serhedinde-bas-verenlere-beynelxalq-reaksiya\/","og_locale":"az_AZ","og_type":"article","og_title":"DSX: S\u0259rh\u0259d m\u00fchafiz\u0259 orqanlar\u0131n\u0131n n\u00fcmay\u0259nd\u0259l\u0259ri m\u00fczakir\u0259 apar\u0131r (yenil\u0259nir) - MEYDAN.TV","og_description":"Fransa prezidentinin b\u0259yanatdan \u00f6nc\u0259 Erm\u0259nistan\u0131n Ba\u015f naziri v\u0259zif\u0259sini icra ed\u0259n Nikol Pa\u015finyanla telefonla dan\u0131\u015fd\u0131\u011f\u0131 bildirilir.","og_url":"https:\/\/www.meydan.tv\/az\/article\/azerbaycan-ermenistan-serhedinde-bas-verenlere-beynelxalq-reaksiya\/","og_site_name":"MEYDAN.TV","article_published_time":"2021-05-14T15:11:16+00:00","og_image":[{"width":1000,"height":541,"url":"https:\/\/www.meydan.tv\/wp-content\/uploads\/sunik.jpg","type":"image\/jpeg"}],"author":"user-manager","twitter_card":"summary_large_image","schema":{"@context":"https:\/\/schema.org","@graph":[{"@type":"Article","@id":"https:\/\/www.meydan.tv\/az\/article\/azerbaycan-ermenistan-serhedinde-bas-verenlere-beynelxalq-reaksiya\/#article","isPartOf":{"@id":"https:\/\/www.meydan.tv\/az\/article\/azerbaycan-ermenistan-serhedinde-bas-verenlere-beynelxalq-reaksiya\/"},"author":{"name":"user-manager","@id":"https:\/\/www.meydan.tv\/az\/#\/schema\/person\/10d11eccf6da3662cf5fdab9806ea91a"},"headline":"DSX: S\u0259rh\u0259d m\u00fchafiz\u0259 orqanlar\u0131n\u0131n n\u00fcmay\u0259nd\u0259l\u0259ri m\u00fczakir\u0259 apar\u0131r (yenil\u0259nir)","datePublished":"2021-05-14T15:11:16+00:00","mainEntityOfPage":{"@id":"https:\/\/www.meydan.tv\/az\/article\/azerbaycan-ermenistan-serhedinde-bas-verenlere-beynelxalq-reaksiya\/"},"wordCount":1254,"publisher":{"@id":"https:\/\/www.meydan.tv\/az\/#organization"},"image":{"@id":"https:\/\/www.meydan.tv\/az\/article\/azerbaycan-ermenistan-serhedinde-bas-verenlere-beynelxalq-reaksiya\/#primaryimage"},"thumbnailUrl":"https:\/\/www.meydan.tv\/wp-content\/uploads\/sunik.jpg","articleSection":["Siyas\u0259t"],"inLanguage":"az"},{"@type":"WebPage","@id":"https:\/\/www.meydan.tv\/az\/article\/azerbaycan-ermenistan-serhedinde-bas-verenlere-beynelxalq-reaksiya\/","url":"https:\/\/www.meydan.tv\/az\/article\/azerbaycan-ermenistan-serhedinde-bas-verenlere-beynelxalq-reaksiya\/","name":"DSX: S\u0259rh\u0259d m\u00fchafiz\u0259 orqanlar\u0131n\u0131n n\u00fcmay\u0259nd\u0259l\u0259ri m\u00fczakir\u0259 apar\u0131r (yenil\u0259nir) - MEYDAN.TV","isPartOf":{"@id":"https:\/\/www.meydan.tv\/az\/#website"},"primaryImageOfPage":{"@id":"https:\/\/www.meydan.tv\/az\/article\/azerbaycan-ermenistan-serhedinde-bas-verenlere-beynelxalq-reaksiya\/#primaryimage"},"image":{"@id":"https:\/\/www.meydan.tv\/az\/article\/azerbaycan-ermenistan-serhedinde-bas-verenlere-beynelxalq-reaksiya\/#primaryimage"},"thumbnailUrl":"https:\/\/www.meydan.tv\/wp-content\/uploads\/sunik.jpg","datePublished":"2021-05-14T15:11:16+00:00","breadcrumb":{"@id":"https:\/\/www.meydan.tv\/az\/article\/azerbaycan-ermenistan-serhedinde-bas-verenlere-beynelxalq-reaksiya\/#breadcrumb"},"inLanguage":"az","potentialAction":[{"@type":"ReadAction","target":["https:\/\/www.meydan.tv\/az\/article\/azerbaycan-ermenistan-serhedinde-bas-verenlere-beynelxalq-reaksiya\/"]}]},{"@type":"ImageObject","inLanguage":"az","@id":"https:\/\/www.meydan.tv\/az\/article\/azerbaycan-ermenistan-serhedinde-bas-verenlere-beynelxalq-reaksiya\/#primaryimage","url":"https:\/\/www.meydan.tv\/wp-content\/uploads\/sunik.jpg","contentUrl":"https:\/\/www.meydan.tv\/wp-content\/uploads\/sunik.jpg","width":1000,"height":541,"caption":"Source: \u0421\u043f\u0443\u0442\u043d\u0438\u043a-\u0410\u0440\u043c\u0435\u043d\u0438\u044f"},{"@type":"BreadcrumbList","@id":"https:\/\/www.meydan.tv\/az\/article\/azerbaycan-ermenistan-serhedinde-bas-verenlere-beynelxalq-reaksiya\/#breadcrumb","itemListElement":[{"@type":"ListItem","position":1,"name":"Ana s\u0259hif\u0259","item":"https:\/\/www.meydan.tv\/az\/"},{"@type":"ListItem","position":2,"name":"Siyas\u0259t","item":"https:\/\/www.meydan.tv\/az\/section\/siyaset\/"},{"@type":"ListItem","position":3,"name":"DSX: S\u0259rh\u0259d m\u00fchafiz\u0259 orqanlar\u0131n\u0131n n\u00fcmay\u0259nd\u0259l\u0259ri m\u00fczakir\u0259 apar\u0131r (yenil\u0259nir)"}]},{"@type":"WebSite","@id":"https:\/\/www.meydan.tv\/az\/#website","url":"https:\/\/www.meydan.tv\/az\/","name":"MEYDAN.TV","description":"Meydan TV Az\u0259rbaycan\u0131n media m\u0259kan\u0131ndak\u0131 alternativ s\u0259sidir","publisher":{"@id":"https:\/\/www.meydan.tv\/az\/#organization"},"potentialAction":[{"@type":"SearchAction","target":{"@type":"EntryPoint","urlTemplate":"https:\/\/www.meydan.tv\/az\/?s={search_term_string}"},"query-input":{"@type":"PropertyValueSpecification","valueRequired":true,"valueName":"search_term_string"}}],"inLanguage":"az"},{"@type":"Organization","@id":"https:\/\/www.meydan.tv\/az\/#organization","name":"Meydan TV","url":"https:\/\/www.meydan.tv\/az\/","logo":{"@type":"ImageObject","inLanguage":"az","@id":"https:\/\/www.meydan.tv\/az\/#\/schema\/logo\/image\/","url":"https:\/\/www.meydan.tv\/wp-content\/uploads\/2021\/07\/meydan-logo.svg","contentUrl":"https:\/\/www.meydan.tv\/wp-content\/uploads\/2021\/07\/meydan-logo.svg","width":195,"height":46,"caption":"Meydan TV"},"image":{"@id":"https:\/\/www.meydan.tv\/az\/#\/schema\/logo\/image\/"}},{"@type":"Person","@id":"https:\/\/www.meydan.tv\/az\/#\/schema\/person\/10d11eccf6da3662cf5fdab9806ea91a","name":"user-manager"}]}},"_links":{"self":[{"href":"https:\/\/www.meydan.tv\/az\/wp-json\/wp\/v2\/posts\/206226","targetHints":{"allow":["GET"]}}],"collection":[{"href":"https:\/\/www.meydan.tv\/az\/wp-json\/wp\/v2\/posts"}],"about":[{"href":"https:\/\/www.meydan.tv\/az\/wp-json\/wp\/v2\/types\/post"}],"author":[{"embeddable":true,"href":"https:\/\/www.meydan.tv\/az\/wp-json\/wp\/v2\/users\/11"}],"replies":[{"embeddable":true,"href":"https:\/\/www.meydan.tv\/az\/wp-json\/wp\/v2\/comments?post=206226"}],"version-history":[{"count":0,"href":"https:\/\/www.meydan.tv\/az\/wp-json\/wp\/v2\/posts\/206226\/revisions"}],"wp:featuredmedia":[{"embeddable":true,"href":"https:\/\/www.meydan.tv\/az\/wp-json\/wp\/v2\/media\/160620"}],"wp:attachment":[{"href":"https:\/\/www.meydan.tv\/az\/wp-json\/wp\/v2\/media?parent=206226"}],"wp:term":[{"taxonomy":"category","embeddable":true,"href":"https:\/\/www.meydan.tv\/az\/wp-json\/wp\/v2\/categories?post=206226"},{"taxonomy":"post_tag","embeddable":true,"href":"https:\/\/www.meydan.tv\/az\/wp-json\/wp\/v2\/tags?post=206226"}],"curies":[{"name":"wp","href":"https:\/\/api.w.org\/{rel}","templated":true}]}}