{"id":206221,"date":"2021-05-13T20:22:08","date_gmt":"2021-05-13T20:22:08","guid":{"rendered":"https:\/\/www.meydan.tv\/article\/ktmt-ermenistan-azerbaycan-serhedinde-bas-verenleri-izleyirik\/"},"modified":"2021-05-13T20:22:08","modified_gmt":"2021-05-13T20:22:08","slug":"ktmt-ermenistan-azerbaycan-serhedinde-bas-verenleri-izleyirik","status":"publish","type":"post","link":"https:\/\/www.meydan.tv\/az\/article\/ktmt-ermenistan-azerbaycan-serhedinde-bas-verenleri-izleyirik\/","title":{"rendered":"KTMT: Erm\u0259nistan-Az\u0259rbaycan s\u0259rh\u0259dind\u0259 ba\u015f ver\u0259nl\u0259ri izl\u0259yirik (yenil\u0259nib)"},"content":{"rendered":"<p>\n  <b><br \/>\n    22.20.<br \/>\n  <\/b><br \/>\n  <i><br \/>\n    Az\u0259rbaycan X\u0130N Erm\u0259nistanla s\u0259rh\u0259dd\u0259ki v\u0259ziyy\u0259tl\u0259 ba\u011fl\u0131<br \/>\n  <\/i><br \/>\n  <a href=\"https:\/\/www.mfa.gov.az\/az\/news\/7323\/view\"><br \/>\n    b\u0259yanat<br \/>\n  <\/a><br \/>\n  <i><br \/>\n    yay\u0131b:<br \/>\n  <\/i>\n<\/p>\n<p>\n  <i><br \/>\n    &quot;10 noyabr 2020-ci il tarixind\u0259 imzalanm\u0131\u015f \u00fc\u00e7t\u0259r\u0259fli b\u0259yanata \u0259sas\u0259n i\u015f\u011faldan azad edilmi\u015f La\u00e7\u0131n v\u0259 K\u0259lb\u0259c\u0259r rayonlar\u0131n\u0131n Erm\u0259nistan il\u0259 h\u0259ms\u0259rh\u0259d b\u00f6lg\u0259l\u0259rind\u0259 \u00e7\u0259tin da\u011f relyefi qurulu\u015funa v\u0259 iqlim \u015f\u0259raitin\u0259 malik olan m\u0259nt\u0259q\u0259l\u0259rd\u0259 hava \u015f\u0259raitinin yax\u015f\u0131la\u015fmas\u0131 il\u0259 Az\u0259rbaycan s\u0259rh\u0259d q\u00fcvv\u0259l\u0259ri \u00f6lk\u0259miz\u0259 aid m\u00f6vqel\u0259rd\u0259 yerl\u0259\u015fdirilir. Bu proses adi rejimd\u0259 v\u0259 sistematik qaydada icra edilir\u201d.<br \/>\n  <\/i>\n<\/p>\n<p>\n  <i><br \/>\n    B\u0259yanatda bildirilib ki, Az\u0259rbaycan\u0131n \u0259razi b\u00fct\u00f6vl\u00fcy\u00fc \u00e7\u0259r\u00e7iv\u0259sind\u0259 h\u0259yata ke\u00e7iril\u0259n s\u0259rh\u0259d-m\u00fchafiz\u0259 sisteminin g\u00fccl\u0259ndirilm\u0259si t\u0259dbirl\u0259ri Erm\u0259nistan v\u0259 Az\u0259rbaycan aras\u0131nda s\u0259rh\u0259d x\u0259ttini m\u00fc\u0259yy\u0259n ed\u0259n v\u0259 t\u0259r\u0259fl\u0259rd\u0259 olan x\u0259rit\u0259l\u0259r \u0259sas\u0131nda apar\u0131l\u0131r.<br \/>\n  <\/i>\n<\/p>\n<p>\n  <i><br \/>\n    \u201cBu prosesl\u0259 ba\u011fl\u0131 Erm\u0259nistan t\u0259r\u0259finin qeyri-adekvat reaksiya ver\u0259r\u0259k, t\u0259xribat xarakterli b\u0259yanatlarla \u00e7\u0131x\u0131\u015f etm\u0259si t\u0259\u0259cc\u00fcb do\u011furur.<br \/>\n  <\/i>\n<\/p>\n<p>\n  <i><br \/>\n    Erm\u0259nistan\u0131n siyasi-h\u0259rbi dair\u0259l\u0259rin\u0259 t\u0259\u015fvi\u015f\u0259 d\u00fc\u015fm\u0259m\u0259yi, Az\u0259rbaycan\u0131n Z\u0259ngilan, Qubadl\u0131, La\u00e7\u0131n v\u0259 K\u0259lb\u0259c\u0259r rayonlar\u0131 boyunca d\u00f6vl\u0259tl\u0259raras\u0131 s\u0259rh\u0259d rejimi reall\u0131\u011f\u0131n\u0131 q\u0259bul etm\u0259yi v\u0259 \u0259sass\u0131z olaraq b\u00f6lg\u0259d\u0259 v\u0259ziyy\u0259ti g\u0259rginl\u0259\u015fdirm\u0259m\u0259yi t\u00f6vsiy\u0259 edirik&quot;.<br \/>\n  <\/i>\n<\/p>\n<p>\n  ***\n<\/p>\n<p>\n  <i><br \/>\n    Pa\u015finyan: Az\u0259rbaycan h\u0259rb\u00e7il\u0259ri Erm\u0259nistan \u0259razisind\u0259 3,5 kilometr ir\u0259lil\u0259yibl\u0259r<br \/>\n  <\/i>\n<\/p>\n<p>\n  \u201cAz\u0259rbaycan Silahl\u0131 Q\u00fcvv\u0259l\u0259ri \u201cs\u0259rh\u0259dl\u0259ri d\u0259qiql\u0259\u015fdirm\u0259k\u201d b\u0259han\u0259sil\u0259 Erm\u0259nistan\u0131n Sisian v\u0259 Vardenis b\u00f6lg\u0259l\u0259rind\u0259n ir\u0259lil\u0259m\u0259kl\u0259 n\u00f6vb\u0259ti d\u0259f\u0259 Erm\u0259nistan\u0131n suveren \u0259razisin\u0259 qar\u015f\u0131 t\u0259xribat t\u00f6r\u0259dib\u201d. Erm\u0259nistan M\u00fcdafi\u0259 Nazirliyinin may\u0131n 13-d\u0259 yayd\u0131\u011f\u0131 m\u0259lumat\u0131nda bel\u0259 deyilir.\n<\/p>\n<p>\n  <a href=\"https:\/\/m.ru.armeniasputnik.am\/politics\/20210513\/27534911\/Azerbaydzhanskie-VS-popytalis-prodvinutsya-v-napravlenii-Sisiana-i-Vardenisa.html\"><br \/>\n    \u201cSputnik Armenia<br \/>\n  <\/a><br \/>\n  \u201d nazirliy\u0259 istinad\u0259n yaz\u0131r ki, may\u0131n 12-d\u0259n etibar\u0259n Az\u0259rbaycan Silahl\u0131 Q\u00fcvv\u0259l\u0259ri s\u0259rh\u0259d b\u00f6lg\u0259l\u0259rind\u0259n birind\u0259 m\u00fc\u0259yy\u0259n i\u015fl\u0259r g\u00f6rm\u0259y\u0259 \u00e7al\u0131\u015f\u0131b. Erm\u0259ni birl\u0259\u015fm\u0259l\u0259ri t\u0259r\u0259find\u0259n g\u00f6r\u00fcl\u0259n t\u0259dbirl\u0259rd\u0259n sonra Az\u0259rbaycan h\u0259rb\u00e7il\u0259ri bu i\u015fi dayand\u0131r\u0131blar.\n<\/p>\n<p>\n  May\u0131n 12-d\u0259, ax\u015fam saatlar\u0131nda Erm\u0259nistan\u0131n Ba\u015f naziri v\u0259zif\u0259sini icra ed\u0259n Nikol Pa\u015finyan T\u0259hl\u00fck\u0259sizlik \u015euras\u0131n\u0131n iclas\u0131n\u0131 ke\u00e7ir\u0259r\u0259k, Sunik (Az\u0259rbaycanda bu \u0259razi Z\u0259ng\u0259zur adland\u0131r\u0131l\u0131r) vilay\u0259tind\u0259ki Qarag\u00f6l (Sevli\u00e7) \u0259traf\u0131nda ba\u015f ver\u0259nl\u0259ri m\u00fczakir\u0259y\u0259 \u00e7\u0131xar\u0131b.\n<\/p>\n<p>\n  Qarag\u00f6l Az\u0259rbaycan\u0131n La\u00e7\u0131n rayonu il\u0259 Erm\u0259nistan\u0131n Gorus rayonu s\u0259rh\u0259dind\u0259 yerl\u0259\u015fir.\n<\/p>\n<p>\n  Azad\u0131q Radiosunun Erm\u0259ni xidm\u0259ti \u201cAzatutyun\u201dun yazd\u0131\u011f\u0131na g\u00f6r\u0259, Pa\u015finyan deyib ki, may\u0131n 12-d\u0259 s\u0259h\u0259r saatlar\u0131nda Az\u0259rbaycan\u0131n Silahl\u0131 Q\u00fcvv\u0259l\u0259ri Erm\u0259nistan \u0259razisinin 3.5 kilometrliyin\u0259 girib. Pa\u015finyan\u0131n s\u00f6zl\u0259rin\u0259 g\u00f6r\u0259, Az\u0259rbaycan t\u0259r\u0259fi g\u00f6l\u00fc n\u0259zar\u0259tin\u0259 alma\u011fa \u00e7al\u0131\u015f\u0131b v\u0259 bunu \u201cdiversiya ir\u0259lil\u0259m\u0259si\u201d adland\u0131r\u0131b.\n<\/p>\n<p>\n  \u201cYaranm\u0131\u015f v\u0259ziyy\u0259t q\u0259buledil\u0259n deyil v\u0259 Erm\u0259nistan bu v\u0259ziyy\u0259tl\u0259 bar\u0131\u015fa bilm\u0259z. \u0130lkin v\u0259zif\u0259miz durumu dan\u0131\u015f\u0131qlar, o c\u00fcml\u0259d\u0259n diplomatik yolla h\u0259ll etm\u0259kdir. Ancaq bu, variantlardan yaln\u0131z biridir\u201d, \u2013 Pa\u015finyan deyib.\n<\/p>\n<p>\n  May\u0131n 13-d\u0259 h\u00f6kum\u0259tin iclas\u0131n\u0131 ke\u00e7ir\u0259n Nikol Pa\u015finyan bildirib ki, \u0259razid\u0259 v\u0259ziyy\u0259t d\u0259yi\u015fm\u0259yib.\n<\/p>\n<p>\n  Onun s\u00f6zl\u0259rin\u0259 g\u00f6r\u0259, g\u00f6l\u00fcn yax\u0131nl\u0131\u011f\u0131nda h\u0259m Az\u0259rbaycan, h\u0259m d\u0259 Erm\u0259nistan h\u0259rb\u00e7il\u0259ri var. Pa\u015finyan deyib ki, \u0259razid\u0259 h\u0259rbi eskalasiya, at\u0131\u015fma, yaxud qar\u015f\u0131durma ba\u015f verm\u0259yib, Az\u0259rbaycan \u0259sg\u0259rl\u0259rinin \u0259razid\u0259n \u00e7\u0131xar\u0131lmas\u0131 \u00fc\u00e7\u00fcn i\u015f apar\u0131l\u0131r.\n<\/p>\n<p>\n  O, ba\u015f ver\u0259nl\u0259ri planla\u015fd\u0131r\u0131lm\u0131\u015f provokasiya adland\u0131r\u0131b: \u201c\u018fll\u0259rind\u0259ki saxta x\u0259rit\u0259l\u0259rl\u0259 \u0259sasland\u0131rmaq ist\u0259yirl\u0259r ki, Az\u0259rbaycan\u0131n s\u0259rh\u0259dl\u0259ri daxilind\u0259dirl\u0259r. Bunlar saxta x\u0259rit\u0259l\u0259rdir, bunu sovet d\u00f6vr\u00fc x\u0259rit\u0259l\u0259ri il\u0259 m\u00fcqayis\u0259 ed\u0259nd\u0259 g\u00f6rm\u0259k olar. Amma saxta x\u0259rit\u0259l\u0259rin m\u00f6vcudlu\u011fu onu g\u00f6st\u0259rir ki, t\u0259\u015fkil olunmu\u015f provokasiya il\u0259 \u00fcz-\u00fcz\u0259yik\u201d.\n<\/p>\n<p>\n  Kollektiv T\u0259hl\u00fck\u0259sizlik M\u00fcqavil\u0259si T\u0259\u015fkilat\u0131 (KTMT) da may\u0131n 13-d\u0259 Erm\u0259nistan-Az\u0259rbaycan s\u0259rh\u0259dind\u0259 ba\u015f ver\u0259nl\u0259rl\u0259 ba\u011fl\u0131 b\u0259yanat yay\u0131b, v\u0259ziyy\u0259ti izl\u0259dikl\u0259rini bildirib.\n<\/p>\n<p>\n  Azadl\u0131q Radiosunun<br \/>\n  <a href=\"https:\/\/www.azadliq.org\/a\/31252645.html\"><br \/>\n    m\u0259lumat<br \/>\n  <\/a><br \/>\n  \u0131na g\u00f6r\u0259, t\u0259\u015fkilat\u0131n b\u0259yanat\u0131nda deyilir ki, KTMT-nin ba\u015f katibi Stanislav Zas yaranm\u0131\u015f v\u0259ziyy\u0259ti Erm\u0259nistan m\u00fcdafi\u0259 naziri Vaqar\u015fak Arutyunyan v\u0259 xarici i\u015fl\u0259r naziri Ara Ayvazyanla m\u00fczakir\u0259 edib.\n<\/p>\n<p>\n  KTMT-nin ba\u015f katibi bildirib ki, t\u0259\u015fkilat iki \u00f6lk\u0259nin s\u0259rh\u0259dind\u0259, Erm\u0259nistan\u0131n Sunik vilay\u0259tinin h\u0259ms\u0259rh\u0259d b\u00f6lg\u0259l\u0259rind\u0259 yaranm\u0131\u015f v\u0259ziyy\u0259ti diqq\u0259tl\u0259 izl\u0259yir v\u0259 laz\u0131m g\u0259l\u0259rs\u0259, KTMT-nin Nizamnam\u0259sind\u0259 kollektiv t\u0259hl\u00fck\u0259sizliy\u0259 dair m\u00fcdd\u0259alara uy\u011fun olaraq h\u0259r\u0259k\u0259t edil\u0259c\u0259kdir.\n<\/p>\n<p>\n  \u201c<br \/>\n  <a href=\"https:\/\/hraparak.am\/post\/092bea4f8e1ec89408b003a4bf080b2d\"><br \/>\n    Hraparak<br \/>\n  <\/a><br \/>\n  \u201d q\u0259zeti yaz\u0131r ki, Erm\u0259nistan h\u0259rbi r\u0259hb\u0259rliyi Qarag\u00f6l g\u00f6l\u00fcn\u00fc n\u0259zar\u0259t\u0259 g\u00f6t\u00fcr\u0259n Az\u0259rbaycan h\u0259rb\u00e7il\u0259rin\u0259 ultimatum verib. Bildirib ki, Az\u0259rbaycan h\u0259rb\u00e7il\u0259ri geri \u00e7\u0259kilm\u0259s\u0259, onlara qar\u015f\u0131 g\u00fcc istifad\u0259 olunacaq. Q\u0259zet yaz\u0131r ki, Az\u0259rbaycan h\u0259rb\u00e7il\u0259ri Erm\u0259nistan\u0131n suveren \u0259razisini pozaraq 3,5 km ir\u0259lil\u0259yibl\u0259r.\n<\/p>\n<p>\n  H\u0259m\u00e7inin bildirilib ki, Az\u0259rbaycan \u0259sirliyind\u0259 olan h\u0259rb\u00e7il\u0259rin valideynl\u0259ri Rusiya s\u00fclhm\u0259raml\u0131lar\u0131na m\u00fcraci\u0259t ed\u0259r\u0259k, \u00f6vladlar\u0131 il\u0259 d\u0259yi\u015fdirm\u0259k \u00fc\u00e7\u00fcn Az\u0259rbaycan h\u0259rb\u00e7il\u0259rini \u0259sir g\u00f6t\u00fcrm\u0259l\u0259rini xahi\u015f edibl\u0259r.\n<\/p>\n<p>\n  Q\u0259zet m\u0259nb\u0259sin\u0259 istinad\u0259n yaz\u0131b ki, Rusiya s\u00fclhm\u0259raml\u0131lar\u0131 dan\u0131\u015f\u0131qlarda m\u00fcmk\u00fcn q\u0259d\u0259r i\u015ftirak etdikl\u0259rini s\u00f6yl\u0259yibl\u0259r. S\u00fclhm\u0259raml\u0131lar g\u00fcc t\u0259tbiq etm\u0259y\u0259c\u0259kl\u0259rini, v\u0259zif\u0259l\u0259rinin silahl\u0131 qar\u015f\u0131durma olmad\u0131\u011f\u0131n\u0131 deyibl\u0259r. \u201cHans\u0131 \u0259razinin kimin n\u0259zar\u0259tind\u0259 olaca\u011f\u0131 onlar \u00fc\u00e7\u00fcn vacib deyil\u201d, &#8211; q\u0259zet yaz\u0131b.\n<\/p>\n<p>\n  Erm\u0259nistan\u0131n Ba\u015f prokurorunun m\u00fc\u015faviri Gor Abraamyan is\u0259 \u00f6z \u201cFacebook\u201d hesab\u0131nda yaz\u0131b ki, h\u0259rbi polis\u0259 S\u00fcnik vilay\u0259tind\u0259 s\u0259rh\u0259dd\u0259 n\u0259 ba\u015f verdiyini h\u0259rt\u0259r\u0259fli ayd\u0131nla\u015fd\u0131rmaq v\u0259 h\u00fcquqi qiym\u0259t verm\u0259k tap\u015f\u0131r\u0131l\u0131b.\n<\/p>\n<p>\n  Az\u0259rbaycan Xarici \u0130\u015fl\u0259r Nazirliyinin yayd\u0131\u011f\u0131 m\u0259lumata g\u00f6r\u0259, may\u0131n 13-d\u0259 \u00f6lk\u0259nin xarici i\u015fl\u0259r naziri Ceyhun Bayramovla rusiyal\u0131 h\u0259mkar\u0131 Sergey Lavrov telefonla dan\u0131\u015f\u0131blar.\n<\/p>\n<p>\n  M\u0259lumatda deyilir ki, nazirl\u0259r Az\u0259rbaycan v\u0259 Erm\u0259nistan s\u0259rh\u0259dind\u0259 ba\u015f ver\u0259n g\u0259rginlikl\u0259 ba\u011fl\u0131 fikir m\u00fcbadil\u0259si apar\u0131blar:\n<\/p>\n<p>\n  \u201cT\u0259r\u0259fl\u0259r h\u0259r hans\u0131 g\u0259rginliyin siyasi v\u0259 diplomatik yolla h\u0259llinin vacibliyini vur\u011fulay\u0131blar.Nazirl\u0259r b\u00f6lg\u0259d\u0259 s\u00fclh\u00fcn t\u0259min olunmas\u0131 \u00fc\u00e7\u00fcn \u00fc\u00e7t\u0259r\u0259fli b\u0259yanatlar\u0131n h\u0259yata ke\u00e7irilm\u0259sinin z\u0259ruri oldu\u011funu qeyd edibl\u0259r\u201d.<\/p>\n","protected":false},"excerpt":{"rendered":"<p>M\u0259lumatda deyilir ki, nazirl\u0259r Az\u0259rbaycan v\u0259 Erm\u0259nistan s\u0259rh\u0259dind\u0259 ba\u015f ver\u0259n g\u0259rginlikl\u0259 ba\u011fl\u0131 fikir m\u00fcbadil\u0259si apar\u0131blar<\/p>\n","protected":false},"author":11,"featured_media":160629,"comment_status":"closed","ping_status":"open","sticky":false,"template":"","format":"standard","meta":{"_acf_changed":false,"_sitemap_exclude":false,"_sitemap_priority":"","_sitemap_frequency":"","footnotes":""},"categories":[59],"tags":[],"class_list":["post-206221","post","type-post","status-publish","format-standard","has-post-thumbnail","hentry","category-siyaset","infinite-scroll-item","generate-columns","tablet-grid-50","mobile-grid-100","grid-parent","grid-33","no-featured-image-padding"],"acf":[],"yoast_head":"<!-- This site is optimized with the Yoast SEO plugin v27.5 - https:\/\/yoast.com\/product\/yoast-seo-wordpress\/ -->\n<title>KTMT: Erm\u0259nistan-Az\u0259rbaycan s\u0259rh\u0259dind\u0259 ba\u015f ver\u0259nl\u0259ri izl\u0259yirik (yenil\u0259nib) - MEYDAN.TV<\/title>\n<meta name=\"robots\" content=\"index, follow, max-snippet:-1, max-image-preview:large, max-video-preview:-1\" \/>\n<link rel=\"canonical\" href=\"https:\/\/www.meydan.tv\/az\/article\/ktmt-ermenistan-azerbaycan-serhedinde-bas-verenleri-izleyirik\/\" \/>\n<meta property=\"og:locale\" content=\"az_AZ\" \/>\n<meta property=\"og:type\" content=\"article\" \/>\n<meta property=\"og:title\" content=\"KTMT: Erm\u0259nistan-Az\u0259rbaycan s\u0259rh\u0259dind\u0259 ba\u015f ver\u0259nl\u0259ri izl\u0259yirik (yenil\u0259nib) - MEYDAN.TV\" \/>\n<meta property=\"og:description\" content=\"M\u0259lumatda deyilir ki, nazirl\u0259r Az\u0259rbaycan v\u0259 Erm\u0259nistan s\u0259rh\u0259dind\u0259 ba\u015f ver\u0259n g\u0259rginlikl\u0259 ba\u011fl\u0131 fikir m\u00fcbadil\u0259si apar\u0131blar\" \/>\n<meta property=\"og:url\" content=\"https:\/\/www.meydan.tv\/az\/article\/ktmt-ermenistan-azerbaycan-serhedinde-bas-verenleri-izleyirik\/\" \/>\n<meta property=\"og:site_name\" content=\"MEYDAN.TV\" \/>\n<meta property=\"article:published_time\" content=\"2021-05-13T20:22:08+00:00\" \/>\n<meta property=\"og:image\" content=\"https:\/\/www.meydan.tv\/wp-content\/uploads\/416740915.jpg\" \/>\n\t<meta property=\"og:image:width\" content=\"1000\" \/>\n\t<meta property=\"og:image:height\" content=\"541\" \/>\n\t<meta property=\"og:image:type\" content=\"image\/jpeg\" \/>\n<meta name=\"author\" content=\"user-manager\" \/>\n<meta name=\"twitter:card\" content=\"summary_large_image\" \/>\n<script type=\"application\/ld+json\" class=\"yoast-schema-graph\">{\"@context\":\"https:\\\/\\\/schema.org\",\"@graph\":[{\"@type\":\"Article\",\"@id\":\"https:\\\/\\\/www.meydan.tv\\\/az\\\/article\\\/ktmt-ermenistan-azerbaycan-serhedinde-bas-verenleri-izleyirik\\\/#article\",\"isPartOf\":{\"@id\":\"https:\\\/\\\/www.meydan.tv\\\/az\\\/article\\\/ktmt-ermenistan-azerbaycan-serhedinde-bas-verenleri-izleyirik\\\/\"},\"author\":{\"name\":\"user-manager\",\"@id\":\"https:\\\/\\\/www.meydan.tv\\\/az\\\/#\\\/schema\\\/person\\\/10d11eccf6da3662cf5fdab9806ea91a\"},\"headline\":\"KTMT: Erm\u0259nistan-Az\u0259rbaycan s\u0259rh\u0259dind\u0259 ba\u015f ver\u0259nl\u0259ri izl\u0259yirik (yenil\u0259nib)\",\"datePublished\":\"2021-05-13T20:22:08+00:00\",\"mainEntityOfPage\":{\"@id\":\"https:\\\/\\\/www.meydan.tv\\\/az\\\/article\\\/ktmt-ermenistan-azerbaycan-serhedinde-bas-verenleri-izleyirik\\\/\"},\"wordCount\":1276,\"publisher\":{\"@id\":\"https:\\\/\\\/www.meydan.tv\\\/az\\\/#organization\"},\"image\":{\"@id\":\"https:\\\/\\\/www.meydan.tv\\\/az\\\/article\\\/ktmt-ermenistan-azerbaycan-serhedinde-bas-verenleri-izleyirik\\\/#primaryimage\"},\"thumbnailUrl\":\"https:\\\/\\\/www.meydan.tv\\\/wp-content\\\/uploads\\\/416740915.jpg\",\"articleSection\":[\"Siyas\u0259t\"],\"inLanguage\":\"az\"},{\"@type\":\"WebPage\",\"@id\":\"https:\\\/\\\/www.meydan.tv\\\/az\\\/article\\\/ktmt-ermenistan-azerbaycan-serhedinde-bas-verenleri-izleyirik\\\/\",\"url\":\"https:\\\/\\\/www.meydan.tv\\\/az\\\/article\\\/ktmt-ermenistan-azerbaycan-serhedinde-bas-verenleri-izleyirik\\\/\",\"name\":\"KTMT: Erm\u0259nistan-Az\u0259rbaycan s\u0259rh\u0259dind\u0259 ba\u015f ver\u0259nl\u0259ri izl\u0259yirik (yenil\u0259nib) - MEYDAN.TV\",\"isPartOf\":{\"@id\":\"https:\\\/\\\/www.meydan.tv\\\/az\\\/#website\"},\"primaryImageOfPage\":{\"@id\":\"https:\\\/\\\/www.meydan.tv\\\/az\\\/article\\\/ktmt-ermenistan-azerbaycan-serhedinde-bas-verenleri-izleyirik\\\/#primaryimage\"},\"image\":{\"@id\":\"https:\\\/\\\/www.meydan.tv\\\/az\\\/article\\\/ktmt-ermenistan-azerbaycan-serhedinde-bas-verenleri-izleyirik\\\/#primaryimage\"},\"thumbnailUrl\":\"https:\\\/\\\/www.meydan.tv\\\/wp-content\\\/uploads\\\/416740915.jpg\",\"datePublished\":\"2021-05-13T20:22:08+00:00\",\"breadcrumb\":{\"@id\":\"https:\\\/\\\/www.meydan.tv\\\/az\\\/article\\\/ktmt-ermenistan-azerbaycan-serhedinde-bas-verenleri-izleyirik\\\/#breadcrumb\"},\"inLanguage\":\"az\",\"potentialAction\":[{\"@type\":\"ReadAction\",\"target\":[\"https:\\\/\\\/www.meydan.tv\\\/az\\\/article\\\/ktmt-ermenistan-azerbaycan-serhedinde-bas-verenleri-izleyirik\\\/\"]}]},{\"@type\":\"ImageObject\",\"inLanguage\":\"az\",\"@id\":\"https:\\\/\\\/www.meydan.tv\\\/az\\\/article\\\/ktmt-ermenistan-azerbaycan-serhedinde-bas-verenleri-izleyirik\\\/#primaryimage\",\"url\":\"https:\\\/\\\/www.meydan.tv\\\/wp-content\\\/uploads\\\/416740915.jpg\",\"contentUrl\":\"https:\\\/\\\/www.meydan.tv\\\/wp-content\\\/uploads\\\/416740915.jpg\",\"width\":1000,\"height\":541,\"caption\":\"Source: Specify Source\"},{\"@type\":\"BreadcrumbList\",\"@id\":\"https:\\\/\\\/www.meydan.tv\\\/az\\\/article\\\/ktmt-ermenistan-azerbaycan-serhedinde-bas-verenleri-izleyirik\\\/#breadcrumb\",\"itemListElement\":[{\"@type\":\"ListItem\",\"position\":1,\"name\":\"Ana s\u0259hif\u0259\",\"item\":\"https:\\\/\\\/www.meydan.tv\\\/az\\\/\"},{\"@type\":\"ListItem\",\"position\":2,\"name\":\"Siyas\u0259t\",\"item\":\"https:\\\/\\\/www.meydan.tv\\\/az\\\/section\\\/siyaset\\\/\"},{\"@type\":\"ListItem\",\"position\":3,\"name\":\"KTMT: Erm\u0259nistan-Az\u0259rbaycan s\u0259rh\u0259dind\u0259 ba\u015f ver\u0259nl\u0259ri izl\u0259yirik (yenil\u0259nib)\"}]},{\"@type\":\"WebSite\",\"@id\":\"https:\\\/\\\/www.meydan.tv\\\/az\\\/#website\",\"url\":\"https:\\\/\\\/www.meydan.tv\\\/az\\\/\",\"name\":\"MEYDAN.TV\",\"description\":\"Meydan TV Az\u0259rbaycan\u0131n media m\u0259kan\u0131ndak\u0131 alternativ s\u0259sidir\",\"publisher\":{\"@id\":\"https:\\\/\\\/www.meydan.tv\\\/az\\\/#organization\"},\"potentialAction\":[{\"@type\":\"SearchAction\",\"target\":{\"@type\":\"EntryPoint\",\"urlTemplate\":\"https:\\\/\\\/www.meydan.tv\\\/az\\\/?s={search_term_string}\"},\"query-input\":{\"@type\":\"PropertyValueSpecification\",\"valueRequired\":true,\"valueName\":\"search_term_string\"}}],\"inLanguage\":\"az\"},{\"@type\":\"Organization\",\"@id\":\"https:\\\/\\\/www.meydan.tv\\\/az\\\/#organization\",\"name\":\"Meydan TV\",\"url\":\"https:\\\/\\\/www.meydan.tv\\\/az\\\/\",\"logo\":{\"@type\":\"ImageObject\",\"inLanguage\":\"az\",\"@id\":\"https:\\\/\\\/www.meydan.tv\\\/az\\\/#\\\/schema\\\/logo\\\/image\\\/\",\"url\":\"https:\\\/\\\/www.meydan.tv\\\/wp-content\\\/uploads\\\/2021\\\/07\\\/meydan-logo.svg\",\"contentUrl\":\"https:\\\/\\\/www.meydan.tv\\\/wp-content\\\/uploads\\\/2021\\\/07\\\/meydan-logo.svg\",\"width\":195,\"height\":46,\"caption\":\"Meydan TV\"},\"image\":{\"@id\":\"https:\\\/\\\/www.meydan.tv\\\/az\\\/#\\\/schema\\\/logo\\\/image\\\/\"}},{\"@type\":\"Person\",\"@id\":\"https:\\\/\\\/www.meydan.tv\\\/az\\\/#\\\/schema\\\/person\\\/10d11eccf6da3662cf5fdab9806ea91a\",\"name\":\"user-manager\"}]}<\/script>\n<!-- \/ Yoast SEO plugin. -->","yoast_head_json":{"title":"KTMT: Erm\u0259nistan-Az\u0259rbaycan s\u0259rh\u0259dind\u0259 ba\u015f ver\u0259nl\u0259ri izl\u0259yirik (yenil\u0259nib) - MEYDAN.TV","robots":{"index":"index","follow":"follow","max-snippet":"max-snippet:-1","max-image-preview":"max-image-preview:large","max-video-preview":"max-video-preview:-1"},"canonical":"https:\/\/www.meydan.tv\/az\/article\/ktmt-ermenistan-azerbaycan-serhedinde-bas-verenleri-izleyirik\/","og_locale":"az_AZ","og_type":"article","og_title":"KTMT: Erm\u0259nistan-Az\u0259rbaycan s\u0259rh\u0259dind\u0259 ba\u015f ver\u0259nl\u0259ri izl\u0259yirik (yenil\u0259nib) - MEYDAN.TV","og_description":"M\u0259lumatda deyilir ki, nazirl\u0259r Az\u0259rbaycan v\u0259 Erm\u0259nistan s\u0259rh\u0259dind\u0259 ba\u015f ver\u0259n g\u0259rginlikl\u0259 ba\u011fl\u0131 fikir m\u00fcbadil\u0259si apar\u0131blar","og_url":"https:\/\/www.meydan.tv\/az\/article\/ktmt-ermenistan-azerbaycan-serhedinde-bas-verenleri-izleyirik\/","og_site_name":"MEYDAN.TV","article_published_time":"2021-05-13T20:22:08+00:00","og_image":[{"width":1000,"height":541,"url":"https:\/\/www.meydan.tv\/wp-content\/uploads\/416740915.jpg","type":"image\/jpeg"}],"author":"user-manager","twitter_card":"summary_large_image","schema":{"@context":"https:\/\/schema.org","@graph":[{"@type":"Article","@id":"https:\/\/www.meydan.tv\/az\/article\/ktmt-ermenistan-azerbaycan-serhedinde-bas-verenleri-izleyirik\/#article","isPartOf":{"@id":"https:\/\/www.meydan.tv\/az\/article\/ktmt-ermenistan-azerbaycan-serhedinde-bas-verenleri-izleyirik\/"},"author":{"name":"user-manager","@id":"https:\/\/www.meydan.tv\/az\/#\/schema\/person\/10d11eccf6da3662cf5fdab9806ea91a"},"headline":"KTMT: Erm\u0259nistan-Az\u0259rbaycan s\u0259rh\u0259dind\u0259 ba\u015f ver\u0259nl\u0259ri izl\u0259yirik (yenil\u0259nib)","datePublished":"2021-05-13T20:22:08+00:00","mainEntityOfPage":{"@id":"https:\/\/www.meydan.tv\/az\/article\/ktmt-ermenistan-azerbaycan-serhedinde-bas-verenleri-izleyirik\/"},"wordCount":1276,"publisher":{"@id":"https:\/\/www.meydan.tv\/az\/#organization"},"image":{"@id":"https:\/\/www.meydan.tv\/az\/article\/ktmt-ermenistan-azerbaycan-serhedinde-bas-verenleri-izleyirik\/#primaryimage"},"thumbnailUrl":"https:\/\/www.meydan.tv\/wp-content\/uploads\/416740915.jpg","articleSection":["Siyas\u0259t"],"inLanguage":"az"},{"@type":"WebPage","@id":"https:\/\/www.meydan.tv\/az\/article\/ktmt-ermenistan-azerbaycan-serhedinde-bas-verenleri-izleyirik\/","url":"https:\/\/www.meydan.tv\/az\/article\/ktmt-ermenistan-azerbaycan-serhedinde-bas-verenleri-izleyirik\/","name":"KTMT: Erm\u0259nistan-Az\u0259rbaycan s\u0259rh\u0259dind\u0259 ba\u015f ver\u0259nl\u0259ri izl\u0259yirik (yenil\u0259nib) - MEYDAN.TV","isPartOf":{"@id":"https:\/\/www.meydan.tv\/az\/#website"},"primaryImageOfPage":{"@id":"https:\/\/www.meydan.tv\/az\/article\/ktmt-ermenistan-azerbaycan-serhedinde-bas-verenleri-izleyirik\/#primaryimage"},"image":{"@id":"https:\/\/www.meydan.tv\/az\/article\/ktmt-ermenistan-azerbaycan-serhedinde-bas-verenleri-izleyirik\/#primaryimage"},"thumbnailUrl":"https:\/\/www.meydan.tv\/wp-content\/uploads\/416740915.jpg","datePublished":"2021-05-13T20:22:08+00:00","breadcrumb":{"@id":"https:\/\/www.meydan.tv\/az\/article\/ktmt-ermenistan-azerbaycan-serhedinde-bas-verenleri-izleyirik\/#breadcrumb"},"inLanguage":"az","potentialAction":[{"@type":"ReadAction","target":["https:\/\/www.meydan.tv\/az\/article\/ktmt-ermenistan-azerbaycan-serhedinde-bas-verenleri-izleyirik\/"]}]},{"@type":"ImageObject","inLanguage":"az","@id":"https:\/\/www.meydan.tv\/az\/article\/ktmt-ermenistan-azerbaycan-serhedinde-bas-verenleri-izleyirik\/#primaryimage","url":"https:\/\/www.meydan.tv\/wp-content\/uploads\/416740915.jpg","contentUrl":"https:\/\/www.meydan.tv\/wp-content\/uploads\/416740915.jpg","width":1000,"height":541,"caption":"Source: Specify Source"},{"@type":"BreadcrumbList","@id":"https:\/\/www.meydan.tv\/az\/article\/ktmt-ermenistan-azerbaycan-serhedinde-bas-verenleri-izleyirik\/#breadcrumb","itemListElement":[{"@type":"ListItem","position":1,"name":"Ana s\u0259hif\u0259","item":"https:\/\/www.meydan.tv\/az\/"},{"@type":"ListItem","position":2,"name":"Siyas\u0259t","item":"https:\/\/www.meydan.tv\/az\/section\/siyaset\/"},{"@type":"ListItem","position":3,"name":"KTMT: Erm\u0259nistan-Az\u0259rbaycan s\u0259rh\u0259dind\u0259 ba\u015f ver\u0259nl\u0259ri izl\u0259yirik (yenil\u0259nib)"}]},{"@type":"WebSite","@id":"https:\/\/www.meydan.tv\/az\/#website","url":"https:\/\/www.meydan.tv\/az\/","name":"MEYDAN.TV","description":"Meydan TV Az\u0259rbaycan\u0131n media m\u0259kan\u0131ndak\u0131 alternativ s\u0259sidir","publisher":{"@id":"https:\/\/www.meydan.tv\/az\/#organization"},"potentialAction":[{"@type":"SearchAction","target":{"@type":"EntryPoint","urlTemplate":"https:\/\/www.meydan.tv\/az\/?s={search_term_string}"},"query-input":{"@type":"PropertyValueSpecification","valueRequired":true,"valueName":"search_term_string"}}],"inLanguage":"az"},{"@type":"Organization","@id":"https:\/\/www.meydan.tv\/az\/#organization","name":"Meydan TV","url":"https:\/\/www.meydan.tv\/az\/","logo":{"@type":"ImageObject","inLanguage":"az","@id":"https:\/\/www.meydan.tv\/az\/#\/schema\/logo\/image\/","url":"https:\/\/www.meydan.tv\/wp-content\/uploads\/2021\/07\/meydan-logo.svg","contentUrl":"https:\/\/www.meydan.tv\/wp-content\/uploads\/2021\/07\/meydan-logo.svg","width":195,"height":46,"caption":"Meydan TV"},"image":{"@id":"https:\/\/www.meydan.tv\/az\/#\/schema\/logo\/image\/"}},{"@type":"Person","@id":"https:\/\/www.meydan.tv\/az\/#\/schema\/person\/10d11eccf6da3662cf5fdab9806ea91a","name":"user-manager"}]}},"_links":{"self":[{"href":"https:\/\/www.meydan.tv\/az\/wp-json\/wp\/v2\/posts\/206221","targetHints":{"allow":["GET"]}}],"collection":[{"href":"https:\/\/www.meydan.tv\/az\/wp-json\/wp\/v2\/posts"}],"about":[{"href":"https:\/\/www.meydan.tv\/az\/wp-json\/wp\/v2\/types\/post"}],"author":[{"embeddable":true,"href":"https:\/\/www.meydan.tv\/az\/wp-json\/wp\/v2\/users\/11"}],"replies":[{"embeddable":true,"href":"https:\/\/www.meydan.tv\/az\/wp-json\/wp\/v2\/comments?post=206221"}],"version-history":[{"count":0,"href":"https:\/\/www.meydan.tv\/az\/wp-json\/wp\/v2\/posts\/206221\/revisions"}],"wp:featuredmedia":[{"embeddable":true,"href":"https:\/\/www.meydan.tv\/az\/wp-json\/wp\/v2\/media\/160629"}],"wp:attachment":[{"href":"https:\/\/www.meydan.tv\/az\/wp-json\/wp\/v2\/media?parent=206221"}],"wp:term":[{"taxonomy":"category","embeddable":true,"href":"https:\/\/www.meydan.tv\/az\/wp-json\/wp\/v2\/categories?post=206221"},{"taxonomy":"post_tag","embeddable":true,"href":"https:\/\/www.meydan.tv\/az\/wp-json\/wp\/v2\/tags?post=206221"}],"curies":[{"name":"wp","href":"https:\/\/api.w.org\/{rel}","templated":true}]}}