{"id":206219,"date":"2021-05-13T16:21:29","date_gmt":"2021-05-13T16:21:29","guid":{"rendered":"https:\/\/www.meydan.tv\/article\/ressam-musabiqede-qalib-gelsem-de-mukafati-ala-bilmirem\/"},"modified":"2021-05-13T16:21:29","modified_gmt":"2021-05-13T16:21:29","slug":"ressam-musabiqede-qalib-gelsem-de-mukafati-ala-bilmirem","status":"publish","type":"post","link":"https:\/\/www.meydan.tv\/az\/article\/ressam-musabiqede-qalib-gelsem-de-mukafati-ala-bilmirem\/","title":{"rendered":"R\u0259ssam: M\u00fcsabiq\u0259d\u0259 qalib g\u0259ls\u0259m d\u0259, m\u00fckafat\u0131 ala bilmir\u0259m"},"content":{"rendered":"<p>\n  <i><br \/>\n    \u015eahin Quliyev R\u0259ssamlar \u0130ttifaq\u0131 il\u0259 M\u0259d\u0259niyy\u0259t Nazirliyinin aras\u0131nda qal\u0131b<br \/>\n  <\/i>\n<\/p>\n<p>\n  \u201cM\u0259d\u0259niyy\u0259t Nazirliyi g\u00f6zd\u0259n p\u0259rd\u0259 asmaq \u00fc\u00e7\u00fcn h\u0259r d\u0259f\u0259 m\u00fcsabiq\u0259 elan\u0131n\u0131 verir, s\u0259rgil\u0259r ya ke\u00e7irilmir, ya da m\u00fckafatlar verilmir\u201d.\n<\/p>\n<p>\n  Bu s\u00f6zl\u0259ri r\u0259ssam \u015eahin Quliyev deyir. O, Az\u0259rbaycan R\u0259ssamlar ittifaq\u0131n\u0131n \u00fczv\u00fc, Az\u0259rbaycan D\u00f6vl\u0259t M\u0259d\u0259niyy\u0259t v\u0259 \u0130nc\u0259s\u0259n\u0259t Universitetinin m\u00fc\u0259llimidir.\n<\/p>\n<p>\n  R\u0259ssam karikaturalar\u0131 il\u0259 d\u0259 tan\u0131n\u0131r, amma d\u00fc\u015f\u00fcn\u00fcr ki, \u00f6lk\u0259d\u0259 bu sah\u0259y\u0259 d\u0259y\u0259r verilmir:\n<\/p>\n<p>\n  \u201cKarikatura \u00e7ox azad bir sah\u0259 olmal\u0131d\u0131r. \u00c7\u00fcnki r\u0259ssaml\u0131\u011f\u0131n bu sah\u0259si t\u0259nqid\u00e7ilikdir. \u018fg\u0259r karikatura\u00e7\u0131 t\u0259nqid ed\u0259 bilmirs\u0259, onun \u00f6z\u00fc d\u0259 bir karikatura m\u00f6vzusu say\u0131la bil\u0259r\u201d.\n<\/p>\n<p>\n  \u015eahin deyir ki, onun fikirl\u0259ri \u0259ks\u0259r r\u0259ssamlardan f\u0259rql\u0259nir. O, pasifistdir, m\u00fcharib\u0259y\u0259 qar\u015f\u0131d\u0131r. M\u00fcharib\u0259ni t\u0259nqid etdikd\u0259 \u0259s\u0259rl\u0259rini d\u00f6vl\u0259tin ke\u00e7irdiyi t\u0259dbirl\u0259r\u0259 \u00e7\u0131xara bilm\u0259y\u0259c\u0259k. \u018fvv\u0259ll\u0259r is\u0259 m\u00fcxt\u0259lif m\u00fcsabiq\u0259l\u0259rd\u0259 i\u015ftirak edib. M\u0259s\u0259l\u0259n, \u0259s\u0259ri 2019-cu ild\u0259 R\u0259ssamlar \u0130ttifaq\u0131 v\u0259 M\u0259d\u0259niyy\u0259t Nazirliyinin t\u0259\u015fkilat\u00e7\u0131l\u0131\u011f\u0131 il\u0259 ke\u00e7iril\u0259n m\u00fcsabiq\u0259d\u0259 h\u0259v\u0259sl\u0259ndirici m\u00fckafata layiq g\u00f6r\u00fcl\u00fcb. Lakin o, 2 ildir ki, bu m\u00fckafat\u0131 ala bilmir:\n<\/p>\n<p>\n  \u201c2019-cu ild\u0259 R\u0259ssamlar \u0130ttifaq\u0131 v\u0259 M\u0259d\u0259niyy\u0259t Nazirliyinin birg\u0259 t\u0259\u015fkilat\u00e7\u0131l\u0131\u011f\u0131 il\u0259 \u201cAz\u0259rbaycanda soyq\u0131r\u0131m\u201d m\u00f6vzusunda m\u00fcsabiq\u0259li s\u0259rgi ke\u00e7irildi. Soyq\u0131r\u0131m m\u00f6vzusuna 1918-ci il hadis\u0259l\u0259ri, Qaraba\u011f m\u0259s\u0259l\u0259si v\u0259 Xocal\u0131 soyq\u0131r\u0131m\u0131 daxil idi. S\u0259rgid\u0259 m\u00fc\u0259yy\u0259n m\u00fckafatlar v\u0259d edilmi\u015fdi. M\u0259n yer tutmasam da, h\u0259v\u0259sl\u0259ndirici m\u00fckafata layiq g\u00f6r\u00fcld\u00fcm. Elanda m\u0259nim m\u00fckafat\u0131m\u0131n m\u0259bl\u0259\u011fi d\u0259qiq yaz\u0131lmam\u0131\u015fd\u0131. Amma 1-ci yer 3000, ikinci yer 2000, 3-c\u00fc yer 1000 manat il\u0259 m\u00fckafatland\u0131r\u0131ld\u0131\u011f\u0131ndan d\u00fc\u015f\u00fcn\u00fcr\u0259m ki, h\u0259v\u0259sl\u0259ndirici yer olaraq 500-600 manat da m\u0259n\u0259 verilm\u0259lidir. R\u0259ssamlar \u0130ttifaq\u0131 o vaxt m\u0259n\u0259 dedi ki, biz s\u0259n\u0259dl\u0259ri y\u0131\u011f\u0131b vermi\u015fik M\u0259d\u0259niyy\u0259t Nazirliyin\u0259. Ora m\u00fcraci\u0259t etm\u0259yimi ist\u0259dil\u0259r. M\u0259n d\u0259 getdim nazirliy\u0259. Orda da dedil\u0259r ki, ittifaq biz\u0259 dem\u0259d\u0259n qalibl\u0259ri se\u00e7ib, ona g\u00f6r\u0259 s\u0259n\u0259dl\u0259\u015fm\u0259 gecikib. Bunu m\u0259n\u0259 nazirlikd\u0259ki hans\u0131sa \u015f\u00f6b\u0259nin m\u00fcdiri, h\u0259m d\u0259 D\u00f6vl\u0259t R\u0259sm Qalereyas\u0131n\u0131n r\u0259hb\u0259ri Qalib Qas\u0131mov dedi. Onun s\u00f6zl\u0259rin\u0259 g\u00f6r\u0259, vaxt\u0131nda Maliyy\u0259 Nazirliyin\u0259 bu s\u0259n\u0259dl\u0259ri g\u00f6nd\u0259r\u0259 bilm\u0259yibl\u0259r, n\u0259tic\u0259d\u0259 hesabat yekunla\u015f\u0131b v\u0259 pul ayr\u0131lmay\u0131b. Dedi ki, ilin sonunda Maliyy\u0259 Nazirliyi yenid\u0259n hesabat aparacaq, \u0259g\u0259r art\u0131q pul qalsa, m\u00fckafatlar veril\u0259c\u0259k\u201d.\n<\/p>\n<p>\n  R\u0259ssam deyir ki, bir ne\u00e7\u0259 ay g\u00f6zl\u0259dikd\u0259n sonra yenid\u0259n Qalib Qas\u0131movla \u0259laq\u0259 saxlay\u0131b:\n<\/p>\n<p>\n  \u201cBu d\u0259f\u0259 d\u0259 tamam ba\u015fqa c\u00fcr dan\u0131\u015fd\u0131. Dedi ki, bu, bizlik deyil, bunu R\u0259ssamlar \u0130ttifaq\u0131 t\u0259\u015fkil edib. Bizim bu m\u00fcsabiq\u0259y\u0259 aidiyyat\u0131m\u0131z yoxdur. Halbuki s\u0259rginin elan\u0131nda yaz\u0131l\u0131b ki, s\u0259rgi h\u0259m R\u0259ssamlar \u0130ttifaq\u0131n\u0131n, h\u0259m d\u0259 M\u0259d\u0259niyy\u0259t Nazirliyinin t\u0259\u015fkilat\u00e7\u0131l\u0131\u011f\u0131 il\u0259 ke\u00e7irilib. Yer tutan \u0259s\u0259rl\u0259r d\u0259 nazirliyin fonduna ke\u00e7ib. M\u0259nim i\u015fim h\u0259l\u0259 d\u0259 onlardad\u0131r. M\u00fckafata ad\u0131m qeyd olunanda m\u0259nd\u0259n \u015f\u0259xsiyy\u0259t v\u0259siq\u0259min sur\u0259tini, \u015f\u0259klimi ist\u0259dil\u0259r, amma o g\u00fcnd\u0259n-bu g\u00fcn\u0259 onlardan x\u0259b\u0259r yoxdur. M\u0259d\u0259niyy\u0259t Nazirliyi g\u00f6zd\u0259n p\u0259rd\u0259 asmaq \u00fc\u00e7\u00fcn h\u0259r d\u0259f\u0259 m\u00fcsabiq\u0259 elan\u0131n\u0131 verir, s\u0259rgil\u0259r ya ke\u00e7ilmir, ya da m\u00fckafatlar verilmir\u201d.\n<\/p>\n<p>\n  \u015eahin Quliyev deyir ki, 2019-cu ild\u0259 M\u0259d\u0259niyy\u0259t Nazirliyi onun \u0259s\u0259rinin i\u015ftirak ed\u0259c\u0259yi ba\u015fqa bir s\u0259rgini d\u0259 t\u0259xir\u0259 sal\u0131b:\n<\/p>\n<p>\n  \u201cN\u0259simi ili il\u0259 ba\u011fl\u0131 M\u0259d\u0259niyy\u0259t Nazirliyi v\u0259 D\u00f6vl\u0259t R\u0259sm Qalereyas\u0131 birg\u0259 s\u0259rgi t\u0259\u015fkil etmi\u015fdi. R\u0259ssamlardan i\u015fl\u0259ri t\u0259hvil ald\u0131lar. Bir ay sonra qeyri-r\u0259smi formada qalereyan\u0131n i\u015f\u00e7isi mesaj yazd\u0131 ki, s\u0259rgi t\u0259xir\u0259 sal\u0131n\u0131b, g\u0259lin i\u015fl\u0259rinizi g\u00f6t\u00fcr\u00fcn. 10-15 g\u00fcn sonra yen\u0259 mesaj yazd\u0131lar ki, sizin i\u015finiz birinci m\u0259rh\u0259l\u0259d\u0259n ke\u00e7m\u0259yib, g\u0259lin i\u015finizi g\u00f6t\u00fcr\u00fcn. Yen\u0259 g\u00f6zl\u0259dim. Onlar 3-c\u00fc d\u0259f\u0259 m\u0259n\u0259 yazd\u0131lar. Bu d\u0259f\u0259 yenid\u0259n s\u0259rginin t\u0259xir\u0259 d\u00fc\u015fd\u00fcy\u00fcn\u00fc dedil\u0259r. Gedib s\u0259b\u0259bini soru\u015fdum, b\u0259zi probleml\u0259rin oldu\u011funu s\u00f6yl\u0259dil\u0259r. Bunlar he\u00e7 bir r\u0259smi a\u00e7\u0131qlama g\u0259tirmir, r\u0259ssamlar\u0131n \u0259ziyy\u0259tini, \u0259s\u0259rl\u0259rinin, \u0259m\u0259kl\u0259rinin d\u0259y\u0259rini n\u0259z\u0259r\u0259 alm\u0131rlar. Birinci s\u0259rgi ictimail\u0259\u015fdirilir, \u201cm\u00fckafat 10 min manard\u0131r\u201d elan\u0131 verilir, sonra he\u00e7 bir \u0259sas g\u0259tirm\u0259d\u0259n l\u0259\u011fv olunur\u201d.\n<\/p>\n<p>\n  R\u0259ssam\u0131 indi iki m\u0259s\u0259l\u0259 qay\u011f\u0131land\u0131r\u0131r:\n<\/p>\n<p>\n  \u201cBilm\u0259k ist\u0259rdim, g\u00f6r\u0259s\u0259n Karikatura\u00e7\u0131lar Birliyi m\u00fcst\u0259qil r\u0259ssam kimi f\u0259aliyy\u0259tim\u0259 d\u0259st\u0259k ver\u0259rmi? Bir d\u0259 m\u00fckafat\u0131 n\u0259 zaman ala bil\u0259c\u0259yimi \u00f6yr\u0259nm\u0259k ist\u0259yir\u0259m\u201d.\n<\/p>\n<p>\n  \u00d6z\u00fc bu suallara cavab tapmaq \u00fc\u00e7\u00fcn Karikatura\u00e7\u0131lar Birliyi il\u0259 \u0259laq\u0259 saxlay\u0131b. Ona \u201csiz\u0259 z\u0259ng ed\u0259c\u0259kl\u0259r\u201d deyils\u0259 d\u0259, yada salan olmay\u0131b.\n<\/p>\n<p>\n  R\u0259ssamlar \u0130ttifaq\u0131ndan Meydan TV-y\u0259 deyilib ki, m\u00fckafat qazanan \u0259s\u0259rl\u0259r M\u0259d\u0259niyy\u0259t Nazirliyinin m\u00fclkiyy\u0259tin\u0259 ke\u00e7ib, ona g\u00f6r\u0259 d\u0259 qalibl\u0259ri h\u0259min qurum m\u00fckafatland\u0131rmal\u0131d\u0131r. M\u0259d\u0259niyy\u0259t Nazirliyind\u0259n is\u0259 m\u0259s\u0259l\u0259ni ara\u015fd\u0131racaqlar\u0131n\u0131 deyibl\u0259r.\n<\/p>\n<p>\n  \u0130ndi \u015eahin Quliyev yegan\u0259 \u00e7\u0131x\u0131\u015f yolunu qurumlar\u0131 m\u0259hk\u0259m\u0259y\u0259 verm\u0259kd\u0259 g\u00f6r\u00fcr.\n<\/p>\n<p>\n  H\u00fcquq\u015f\u00fcnas Jal\u0259 Bayramova da deyir ki, M\u0259d\u0259niyy\u0259t Nazirliyi s\u00f6z\u00fcged\u0259n m\u0259s\u0259l\u0259d\u0259 inzibati orqan yox, t\u0259r\u0259f qismind\u0259 \u00e7\u0131x\u0131\u015f edir. Buna g\u00f6r\u0259 d\u0259 \u015fikay\u0259t\u00e7i ist\u0259diyi vaxt M\u00fclki M\u0259c\u0259ll\u0259nin 1079 (X\u00fcsusi m\u00fckafatland\u0131rman\u0131n a\u00e7\u0131q elan edilm\u0259si anlay\u0131\u015f\u0131), 1081 (A\u00e7\u0131q elanda n\u0259z\u0259rd\u0259 tutulan m\u00fckafat\u0131n verilm\u0259si) v\u0259 1082-ci (M\u00fcsabiq\u0259 anlay\u0131\u015f\u0131 v\u0259 onun h\u00fcquqi n\u0259tic\u0259l\u0259ri) madd\u0259l\u0259rini \u0259sas g\u00f6t\u00fcr\u00fcb m\u0259hk\u0259m\u0259y\u0259 m\u00fcraci\u0259t ed\u0259 bil\u0259r.<\/p>\n","protected":false},"excerpt":{"rendered":"<p>\u015eahin Quliyev R\u0259ssamlar \u0130ttifaq\u0131 il\u0259 M\u0259d\u0259niyy\u0259t Nazirliyinin aras\u0131nda qal\u0131b<\/p>\n","protected":false},"author":11,"featured_media":160626,"comment_status":"closed","ping_status":"open","sticky":false,"template":"","format":"standard","meta":{"_acf_changed":false,"_sitemap_exclude":false,"_sitemap_priority":"","_sitemap_frequency":"","footnotes":""},"categories":[52],"tags":[],"class_list":["post-206219","post","type-post","status-publish","format-standard","has-post-thumbnail","hentry","category-medeniyyet","infinite-scroll-item","generate-columns","tablet-grid-50","mobile-grid-100","grid-parent","grid-33","no-featured-image-padding"],"acf":[],"yoast_head":"<!-- This site is optimized with the Yoast SEO plugin v27.4 - https:\/\/yoast.com\/product\/yoast-seo-wordpress\/ -->\n<title>R\u0259ssam: M\u00fcsabiq\u0259d\u0259 qalib g\u0259ls\u0259m d\u0259, m\u00fckafat\u0131 ala bilmir\u0259m - MEYDAN.TV<\/title>\n<meta name=\"robots\" content=\"index, follow, max-snippet:-1, max-image-preview:large, max-video-preview:-1\" \/>\n<link rel=\"canonical\" href=\"https:\/\/www.meydan.tv\/az\/article\/ressam-musabiqede-qalib-gelsem-de-mukafati-ala-bilmirem\/\" \/>\n<meta property=\"og:locale\" content=\"az_AZ\" \/>\n<meta property=\"og:type\" content=\"article\" \/>\n<meta property=\"og:title\" content=\"R\u0259ssam: M\u00fcsabiq\u0259d\u0259 qalib g\u0259ls\u0259m d\u0259, m\u00fckafat\u0131 ala bilmir\u0259m - MEYDAN.TV\" \/>\n<meta property=\"og:description\" content=\"\u015eahin Quliyev R\u0259ssamlar \u0130ttifaq\u0131 il\u0259 M\u0259d\u0259niyy\u0259t Nazirliyinin aras\u0131nda qal\u0131b\" \/>\n<meta property=\"og:url\" content=\"https:\/\/www.meydan.tv\/az\/article\/ressam-musabiqede-qalib-gelsem-de-mukafati-ala-bilmirem\/\" \/>\n<meta property=\"og:site_name\" content=\"MEYDAN.TV\" \/>\n<meta property=\"article:published_time\" content=\"2021-05-13T16:21:29+00:00\" \/>\n<meta property=\"og:image\" content=\"https:\/\/www.meydan.tv\/wp-content\/uploads\/8deff187-9cb8-4f07-97ce-fb50a3e7ffc4.jpeg\" \/>\n\t<meta property=\"og:image:width\" content=\"828\" \/>\n\t<meta property=\"og:image:height\" content=\"621\" \/>\n\t<meta property=\"og:image:type\" content=\"image\/jpeg\" \/>\n<meta name=\"author\" content=\"user-manager\" \/>\n<meta name=\"twitter:card\" content=\"summary_large_image\" \/>\n<script type=\"application\/ld+json\" class=\"yoast-schema-graph\">{\"@context\":\"https:\\\/\\\/schema.org\",\"@graph\":[{\"@type\":\"Article\",\"@id\":\"https:\\\/\\\/www.meydan.tv\\\/az\\\/article\\\/ressam-musabiqede-qalib-gelsem-de-mukafati-ala-bilmirem\\\/#article\",\"isPartOf\":{\"@id\":\"https:\\\/\\\/www.meydan.tv\\\/az\\\/article\\\/ressam-musabiqede-qalib-gelsem-de-mukafati-ala-bilmirem\\\/\"},\"author\":{\"name\":\"user-manager\",\"@id\":\"https:\\\/\\\/www.meydan.tv\\\/az\\\/#\\\/schema\\\/person\\\/10d11eccf6da3662cf5fdab9806ea91a\"},\"headline\":\"R\u0259ssam: M\u00fcsabiq\u0259d\u0259 qalib g\u0259ls\u0259m d\u0259, m\u00fckafat\u0131 ala bilmir\u0259m\",\"datePublished\":\"2021-05-13T16:21:29+00:00\",\"mainEntityOfPage\":{\"@id\":\"https:\\\/\\\/www.meydan.tv\\\/az\\\/article\\\/ressam-musabiqede-qalib-gelsem-de-mukafati-ala-bilmirem\\\/\"},\"wordCount\":1159,\"publisher\":{\"@id\":\"https:\\\/\\\/www.meydan.tv\\\/az\\\/#organization\"},\"image\":{\"@id\":\"https:\\\/\\\/www.meydan.tv\\\/az\\\/article\\\/ressam-musabiqede-qalib-gelsem-de-mukafati-ala-bilmirem\\\/#primaryimage\"},\"thumbnailUrl\":\"https:\\\/\\\/www.meydan.tv\\\/wp-content\\\/uploads\\\/8deff187-9cb8-4f07-97ce-fb50a3e7ffc4.jpeg\",\"articleSection\":[\"M\u0259d\u0259niyy\u0259t\"],\"inLanguage\":\"az\"},{\"@type\":\"WebPage\",\"@id\":\"https:\\\/\\\/www.meydan.tv\\\/az\\\/article\\\/ressam-musabiqede-qalib-gelsem-de-mukafati-ala-bilmirem\\\/\",\"url\":\"https:\\\/\\\/www.meydan.tv\\\/az\\\/article\\\/ressam-musabiqede-qalib-gelsem-de-mukafati-ala-bilmirem\\\/\",\"name\":\"R\u0259ssam: M\u00fcsabiq\u0259d\u0259 qalib g\u0259ls\u0259m d\u0259, m\u00fckafat\u0131 ala bilmir\u0259m - MEYDAN.TV\",\"isPartOf\":{\"@id\":\"https:\\\/\\\/www.meydan.tv\\\/az\\\/#website\"},\"primaryImageOfPage\":{\"@id\":\"https:\\\/\\\/www.meydan.tv\\\/az\\\/article\\\/ressam-musabiqede-qalib-gelsem-de-mukafati-ala-bilmirem\\\/#primaryimage\"},\"image\":{\"@id\":\"https:\\\/\\\/www.meydan.tv\\\/az\\\/article\\\/ressam-musabiqede-qalib-gelsem-de-mukafati-ala-bilmirem\\\/#primaryimage\"},\"thumbnailUrl\":\"https:\\\/\\\/www.meydan.tv\\\/wp-content\\\/uploads\\\/8deff187-9cb8-4f07-97ce-fb50a3e7ffc4.jpeg\",\"datePublished\":\"2021-05-13T16:21:29+00:00\",\"breadcrumb\":{\"@id\":\"https:\\\/\\\/www.meydan.tv\\\/az\\\/article\\\/ressam-musabiqede-qalib-gelsem-de-mukafati-ala-bilmirem\\\/#breadcrumb\"},\"inLanguage\":\"az\",\"potentialAction\":[{\"@type\":\"ReadAction\",\"target\":[\"https:\\\/\\\/www.meydan.tv\\\/az\\\/article\\\/ressam-musabiqede-qalib-gelsem-de-mukafati-ala-bilmirem\\\/\"]}]},{\"@type\":\"ImageObject\",\"inLanguage\":\"az\",\"@id\":\"https:\\\/\\\/www.meydan.tv\\\/az\\\/article\\\/ressam-musabiqede-qalib-gelsem-de-mukafati-ala-bilmirem\\\/#primaryimage\",\"url\":\"https:\\\/\\\/www.meydan.tv\\\/wp-content\\\/uploads\\\/8deff187-9cb8-4f07-97ce-fb50a3e7ffc4.jpeg\",\"contentUrl\":\"https:\\\/\\\/www.meydan.tv\\\/wp-content\\\/uploads\\\/8deff187-9cb8-4f07-97ce-fb50a3e7ffc4.jpeg\",\"width\":828,\"height\":621,\"caption\":\"Source: Meydan Tv\"},{\"@type\":\"BreadcrumbList\",\"@id\":\"https:\\\/\\\/www.meydan.tv\\\/az\\\/article\\\/ressam-musabiqede-qalib-gelsem-de-mukafati-ala-bilmirem\\\/#breadcrumb\",\"itemListElement\":[{\"@type\":\"ListItem\",\"position\":1,\"name\":\"Ana s\u0259hif\u0259\",\"item\":\"https:\\\/\\\/www.meydan.tv\\\/az\\\/\"},{\"@type\":\"ListItem\",\"position\":2,\"name\":\"M\u0259d\u0259niyy\u0259t\",\"item\":\"https:\\\/\\\/www.meydan.tv\\\/az\\\/section\\\/medeniyyet\\\/\"},{\"@type\":\"ListItem\",\"position\":3,\"name\":\"R\u0259ssam: M\u00fcsabiq\u0259d\u0259 qalib g\u0259ls\u0259m d\u0259, m\u00fckafat\u0131 ala bilmir\u0259m\"}]},{\"@type\":\"WebSite\",\"@id\":\"https:\\\/\\\/www.meydan.tv\\\/az\\\/#website\",\"url\":\"https:\\\/\\\/www.meydan.tv\\\/az\\\/\",\"name\":\"MEYDAN.TV\",\"description\":\"Meydan TV Az\u0259rbaycan\u0131n media m\u0259kan\u0131ndak\u0131 alternativ s\u0259sidir\",\"publisher\":{\"@id\":\"https:\\\/\\\/www.meydan.tv\\\/az\\\/#organization\"},\"potentialAction\":[{\"@type\":\"SearchAction\",\"target\":{\"@type\":\"EntryPoint\",\"urlTemplate\":\"https:\\\/\\\/www.meydan.tv\\\/az\\\/?s={search_term_string}\"},\"query-input\":{\"@type\":\"PropertyValueSpecification\",\"valueRequired\":true,\"valueName\":\"search_term_string\"}}],\"inLanguage\":\"az\"},{\"@type\":\"Organization\",\"@id\":\"https:\\\/\\\/www.meydan.tv\\\/az\\\/#organization\",\"name\":\"Meydan TV\",\"url\":\"https:\\\/\\\/www.meydan.tv\\\/az\\\/\",\"logo\":{\"@type\":\"ImageObject\",\"inLanguage\":\"az\",\"@id\":\"https:\\\/\\\/www.meydan.tv\\\/az\\\/#\\\/schema\\\/logo\\\/image\\\/\",\"url\":\"https:\\\/\\\/www.meydan.tv\\\/wp-content\\\/uploads\\\/2021\\\/07\\\/meydan-logo.svg\",\"contentUrl\":\"https:\\\/\\\/www.meydan.tv\\\/wp-content\\\/uploads\\\/2021\\\/07\\\/meydan-logo.svg\",\"width\":195,\"height\":46,\"caption\":\"Meydan TV\"},\"image\":{\"@id\":\"https:\\\/\\\/www.meydan.tv\\\/az\\\/#\\\/schema\\\/logo\\\/image\\\/\"}},{\"@type\":\"Person\",\"@id\":\"https:\\\/\\\/www.meydan.tv\\\/az\\\/#\\\/schema\\\/person\\\/10d11eccf6da3662cf5fdab9806ea91a\",\"name\":\"user-manager\"}]}<\/script>\n<!-- \/ Yoast SEO plugin. -->","yoast_head_json":{"title":"R\u0259ssam: M\u00fcsabiq\u0259d\u0259 qalib g\u0259ls\u0259m d\u0259, m\u00fckafat\u0131 ala bilmir\u0259m - MEYDAN.TV","robots":{"index":"index","follow":"follow","max-snippet":"max-snippet:-1","max-image-preview":"max-image-preview:large","max-video-preview":"max-video-preview:-1"},"canonical":"https:\/\/www.meydan.tv\/az\/article\/ressam-musabiqede-qalib-gelsem-de-mukafati-ala-bilmirem\/","og_locale":"az_AZ","og_type":"article","og_title":"R\u0259ssam: M\u00fcsabiq\u0259d\u0259 qalib g\u0259ls\u0259m d\u0259, m\u00fckafat\u0131 ala bilmir\u0259m - MEYDAN.TV","og_description":"\u015eahin Quliyev R\u0259ssamlar \u0130ttifaq\u0131 il\u0259 M\u0259d\u0259niyy\u0259t Nazirliyinin aras\u0131nda qal\u0131b","og_url":"https:\/\/www.meydan.tv\/az\/article\/ressam-musabiqede-qalib-gelsem-de-mukafati-ala-bilmirem\/","og_site_name":"MEYDAN.TV","article_published_time":"2021-05-13T16:21:29+00:00","og_image":[{"width":828,"height":621,"url":"https:\/\/www.meydan.tv\/wp-content\/uploads\/8deff187-9cb8-4f07-97ce-fb50a3e7ffc4.jpeg","type":"image\/jpeg"}],"author":"user-manager","twitter_card":"summary_large_image","schema":{"@context":"https:\/\/schema.org","@graph":[{"@type":"Article","@id":"https:\/\/www.meydan.tv\/az\/article\/ressam-musabiqede-qalib-gelsem-de-mukafati-ala-bilmirem\/#article","isPartOf":{"@id":"https:\/\/www.meydan.tv\/az\/article\/ressam-musabiqede-qalib-gelsem-de-mukafati-ala-bilmirem\/"},"author":{"name":"user-manager","@id":"https:\/\/www.meydan.tv\/az\/#\/schema\/person\/10d11eccf6da3662cf5fdab9806ea91a"},"headline":"R\u0259ssam: M\u00fcsabiq\u0259d\u0259 qalib g\u0259ls\u0259m d\u0259, m\u00fckafat\u0131 ala bilmir\u0259m","datePublished":"2021-05-13T16:21:29+00:00","mainEntityOfPage":{"@id":"https:\/\/www.meydan.tv\/az\/article\/ressam-musabiqede-qalib-gelsem-de-mukafati-ala-bilmirem\/"},"wordCount":1159,"publisher":{"@id":"https:\/\/www.meydan.tv\/az\/#organization"},"image":{"@id":"https:\/\/www.meydan.tv\/az\/article\/ressam-musabiqede-qalib-gelsem-de-mukafati-ala-bilmirem\/#primaryimage"},"thumbnailUrl":"https:\/\/www.meydan.tv\/wp-content\/uploads\/8deff187-9cb8-4f07-97ce-fb50a3e7ffc4.jpeg","articleSection":["M\u0259d\u0259niyy\u0259t"],"inLanguage":"az"},{"@type":"WebPage","@id":"https:\/\/www.meydan.tv\/az\/article\/ressam-musabiqede-qalib-gelsem-de-mukafati-ala-bilmirem\/","url":"https:\/\/www.meydan.tv\/az\/article\/ressam-musabiqede-qalib-gelsem-de-mukafati-ala-bilmirem\/","name":"R\u0259ssam: M\u00fcsabiq\u0259d\u0259 qalib g\u0259ls\u0259m d\u0259, m\u00fckafat\u0131 ala bilmir\u0259m - MEYDAN.TV","isPartOf":{"@id":"https:\/\/www.meydan.tv\/az\/#website"},"primaryImageOfPage":{"@id":"https:\/\/www.meydan.tv\/az\/article\/ressam-musabiqede-qalib-gelsem-de-mukafati-ala-bilmirem\/#primaryimage"},"image":{"@id":"https:\/\/www.meydan.tv\/az\/article\/ressam-musabiqede-qalib-gelsem-de-mukafati-ala-bilmirem\/#primaryimage"},"thumbnailUrl":"https:\/\/www.meydan.tv\/wp-content\/uploads\/8deff187-9cb8-4f07-97ce-fb50a3e7ffc4.jpeg","datePublished":"2021-05-13T16:21:29+00:00","breadcrumb":{"@id":"https:\/\/www.meydan.tv\/az\/article\/ressam-musabiqede-qalib-gelsem-de-mukafati-ala-bilmirem\/#breadcrumb"},"inLanguage":"az","potentialAction":[{"@type":"ReadAction","target":["https:\/\/www.meydan.tv\/az\/article\/ressam-musabiqede-qalib-gelsem-de-mukafati-ala-bilmirem\/"]}]},{"@type":"ImageObject","inLanguage":"az","@id":"https:\/\/www.meydan.tv\/az\/article\/ressam-musabiqede-qalib-gelsem-de-mukafati-ala-bilmirem\/#primaryimage","url":"https:\/\/www.meydan.tv\/wp-content\/uploads\/8deff187-9cb8-4f07-97ce-fb50a3e7ffc4.jpeg","contentUrl":"https:\/\/www.meydan.tv\/wp-content\/uploads\/8deff187-9cb8-4f07-97ce-fb50a3e7ffc4.jpeg","width":828,"height":621,"caption":"Source: Meydan Tv"},{"@type":"BreadcrumbList","@id":"https:\/\/www.meydan.tv\/az\/article\/ressam-musabiqede-qalib-gelsem-de-mukafati-ala-bilmirem\/#breadcrumb","itemListElement":[{"@type":"ListItem","position":1,"name":"Ana s\u0259hif\u0259","item":"https:\/\/www.meydan.tv\/az\/"},{"@type":"ListItem","position":2,"name":"M\u0259d\u0259niyy\u0259t","item":"https:\/\/www.meydan.tv\/az\/section\/medeniyyet\/"},{"@type":"ListItem","position":3,"name":"R\u0259ssam: M\u00fcsabiq\u0259d\u0259 qalib g\u0259ls\u0259m d\u0259, m\u00fckafat\u0131 ala bilmir\u0259m"}]},{"@type":"WebSite","@id":"https:\/\/www.meydan.tv\/az\/#website","url":"https:\/\/www.meydan.tv\/az\/","name":"MEYDAN.TV","description":"Meydan TV Az\u0259rbaycan\u0131n media m\u0259kan\u0131ndak\u0131 alternativ s\u0259sidir","publisher":{"@id":"https:\/\/www.meydan.tv\/az\/#organization"},"potentialAction":[{"@type":"SearchAction","target":{"@type":"EntryPoint","urlTemplate":"https:\/\/www.meydan.tv\/az\/?s={search_term_string}"},"query-input":{"@type":"PropertyValueSpecification","valueRequired":true,"valueName":"search_term_string"}}],"inLanguage":"az"},{"@type":"Organization","@id":"https:\/\/www.meydan.tv\/az\/#organization","name":"Meydan TV","url":"https:\/\/www.meydan.tv\/az\/","logo":{"@type":"ImageObject","inLanguage":"az","@id":"https:\/\/www.meydan.tv\/az\/#\/schema\/logo\/image\/","url":"https:\/\/www.meydan.tv\/wp-content\/uploads\/2021\/07\/meydan-logo.svg","contentUrl":"https:\/\/www.meydan.tv\/wp-content\/uploads\/2021\/07\/meydan-logo.svg","width":195,"height":46,"caption":"Meydan TV"},"image":{"@id":"https:\/\/www.meydan.tv\/az\/#\/schema\/logo\/image\/"}},{"@type":"Person","@id":"https:\/\/www.meydan.tv\/az\/#\/schema\/person\/10d11eccf6da3662cf5fdab9806ea91a","name":"user-manager"}]}},"_links":{"self":[{"href":"https:\/\/www.meydan.tv\/az\/wp-json\/wp\/v2\/posts\/206219","targetHints":{"allow":["GET"]}}],"collection":[{"href":"https:\/\/www.meydan.tv\/az\/wp-json\/wp\/v2\/posts"}],"about":[{"href":"https:\/\/www.meydan.tv\/az\/wp-json\/wp\/v2\/types\/post"}],"author":[{"embeddable":true,"href":"https:\/\/www.meydan.tv\/az\/wp-json\/wp\/v2\/users\/11"}],"replies":[{"embeddable":true,"href":"https:\/\/www.meydan.tv\/az\/wp-json\/wp\/v2\/comments?post=206219"}],"version-history":[{"count":0,"href":"https:\/\/www.meydan.tv\/az\/wp-json\/wp\/v2\/posts\/206219\/revisions"}],"wp:featuredmedia":[{"embeddable":true,"href":"https:\/\/www.meydan.tv\/az\/wp-json\/wp\/v2\/media\/160626"}],"wp:attachment":[{"href":"https:\/\/www.meydan.tv\/az\/wp-json\/wp\/v2\/media?parent=206219"}],"wp:term":[{"taxonomy":"category","embeddable":true,"href":"https:\/\/www.meydan.tv\/az\/wp-json\/wp\/v2\/categories?post=206219"},{"taxonomy":"post_tag","embeddable":true,"href":"https:\/\/www.meydan.tv\/az\/wp-json\/wp\/v2\/tags?post=206219"}],"curies":[{"name":"wp","href":"https:\/\/api.w.org\/{rel}","templated":true}]}}