{"id":206212,"date":"2021-05-13T10:12:13","date_gmt":"2021-05-13T10:12:13","guid":{"rendered":"https:\/\/www.meydan.tv\/article\/xaribulbul-festivali-yekunlasir\/"},"modified":"2021-05-13T10:12:13","modified_gmt":"2021-05-13T10:12:13","slug":"xaribulbul-festivali-yekunlasir","status":"publish","type":"post","link":"https:\/\/www.meydan.tv\/az\/article\/xaribulbul-festivali-yekunlasir\/","title":{"rendered":"\u201cXar\u0131b\u00fclb\u00fcl\u201d festival\u0131 yekunla\u015f\u0131r"},"content":{"rendered":"<p>\n  <i><br \/>\n    M\u00fc\u011f\u0259nnil\u0259rin qala konserti olacaq<br \/>\n  <\/i>\n<\/p>\n<p>\n  \u015eu\u015fada t\u0259\u015fkil olunan \u201cXar\u0131b\u00fclb\u00fcl\u201d beyn\u0259lxalq inc\u0259s\u0259n\u0259t festival\u0131 davam edir.\n<\/p>\n<p>\n  T\u0259dbirin ilk g\u00fcn\u00fcnd\u0259 C\u0131d\u0131r d\u00fcz\u00fcnd\u0259 Az\u0259rbaycanda ya\u015fayan m\u00fcxt\u0259lif xalqlar\u0131n musiqi yarad\u0131c\u0131l\u0131\u011f\u0131 t\u0259qdim edilib.\n<\/p>\n<p>\n  Eyni zamanda, B\u00fclb\u00fcl\u00fcn, Seyid \u015eu\u015finksinin, Xan \u015eu\u015finskinin, R\u0259\u015fid Behbudovun, \u015e\u00f6vk\u0259t \u018fl\u0259kb\u0259rovan\u0131n Az\u0259rbaycan\u0131 v\u0259 Qaraba\u011f\u0131 v\u0259sf ed\u0259n ifalar\u0131 s\u0259sl\u0259ndirilib. Festivalda h\u0259m\u00e7inin 13 \u00f6lk\u0259ni t\u0259msil ed\u0259n 32 r\u0259ssamlar\u0131n \u0259s\u0259rl\u0259ri s\u0259rgil\u0259nib.\n<\/p>\n<p>\n  M\u0259rasimd\u0259 Az\u0259rbaycan b\u0259st\u0259karl\u0131q m\u0259kt\u0259binin 6 n\u00fcmay\u0259nd\u0259si &#8211; As\u0259f Zeynall\u0131, C\u00f6vd\u0259t Hac\u0131yev, Fikr\u0259t \u018fmirov, Qara Qarayev, Niyazi v\u0259 Vasif Ad\u0131g\u00f6z\u0259lovun \u0259s\u0259rl\u0259rinin notlar\u0131 yer alan toplu t\u0259qdim olunub.\n<\/p>\n<p>\n  \u201cXar\u0131 b\u00fclb\u00fcl\u201d Beyn\u0259lxalq Festival\u0131 xan\u0259nd\u0259 Seyid \u015eu\u015finskinin 100 illik yubileyi il\u0259 \u0259laq\u0259dar 1989-cu ild\u0259n ke\u00e7irilm\u0259y\u0259 ba\u015flan\u0131b. H\u0259min il festival A\u011fdam\u0131n Abdal G\u00fclabl\u0131 k\u0259ndind\u0259n ba\u015flay\u0131b, \u015eu\u015fada davam edib. Daha sonra A\u011fdamda yekun konsertl\u0259 bitib. Festival t\u0259kc\u0259 Az\u0259rbaycanda deyil, b\u00fct\u00fcn d\u00fcnyada \u0259n vacib m\u0259d\u0259niyy\u0259t t\u0259dbirl\u0259rind\u0259n biri hesab olunub.\n<\/p>\n<p>\n  C\u0131d\u0131r d\u00fcz\u00fcnd\u0259ki bud\u0259f\u0259ki \u201cXar\u0131b\u00fclb\u00fcl\u201d musiqi festival\u0131 Heyd\u0259r \u018fliyev Fondunun t\u0259\u015fkilat\u00e7\u0131l\u0131\u011f\u0131 il\u0259 ke\u00e7irilir.\n<\/p>\n<p>\n  Festival\u0131m ikinci g\u00fcn\u00fcnd\u0259 m\u00fc\u011f\u0259nnil\u0259rin \u00e7\u0131x\u0131\u015flar\u0131ndan ibar\u0259t qala konsertin ke\u00e7irilm\u0259si planla\u015fd\u0131r\u0131l\u0131r.<\/p>\n","protected":false},"excerpt":{"rendered":"<p>M\u00fc\u011f\u0259nnil\u0259rin qala konserti olacaq<\/p>\n","protected":false},"author":11,"featured_media":160605,"comment_status":"closed","ping_status":"open","sticky":false,"template":"","format":"standard","meta":{"_acf_changed":false,"_sitemap_exclude":false,"_sitemap_priority":"","_sitemap_frequency":"","footnotes":""},"categories":[52],"tags":[],"class_list":["post-206212","post","type-post","status-publish","format-standard","has-post-thumbnail","hentry","category-medeniyyet","infinite-scroll-item","generate-columns","tablet-grid-50","mobile-grid-100","grid-parent","grid-33","no-featured-image-padding"],"acf":[],"yoast_head":"<!-- This site is optimized with the Yoast SEO plugin v27.4 - https:\/\/yoast.com\/product\/yoast-seo-wordpress\/ -->\n<title>\u201cXar\u0131b\u00fclb\u00fcl\u201d festival\u0131 yekunla\u015f\u0131r - MEYDAN.TV<\/title>\n<meta name=\"robots\" content=\"index, follow, max-snippet:-1, max-image-preview:large, max-video-preview:-1\" \/>\n<link rel=\"canonical\" href=\"https:\/\/www.meydan.tv\/az\/article\/xaribulbul-festivali-yekunlasir\/\" \/>\n<meta property=\"og:locale\" content=\"az_AZ\" \/>\n<meta property=\"og:type\" content=\"article\" \/>\n<meta property=\"og:title\" content=\"\u201cXar\u0131b\u00fclb\u00fcl\u201d festival\u0131 yekunla\u015f\u0131r - MEYDAN.TV\" \/>\n<meta property=\"og:description\" content=\"M\u00fc\u011f\u0259nnil\u0259rin qala konserti olacaq\" \/>\n<meta property=\"og:url\" content=\"https:\/\/www.meydan.tv\/az\/article\/xaribulbul-festivali-yekunlasir\/\" \/>\n<meta property=\"og:site_name\" content=\"MEYDAN.TV\" \/>\n<meta property=\"article:published_time\" content=\"2021-05-13T10:12:13+00:00\" \/>\n<meta property=\"og:image\" content=\"https:\/\/www.meydan.tv\/wp-content\/uploads\/e1ms4scxsamzb9h.jpeg\" \/>\n\t<meta property=\"og:image:width\" content=\"1125\" \/>\n\t<meta property=\"og:image:height\" content=\"609\" \/>\n\t<meta property=\"og:image:type\" content=\"image\/jpeg\" \/>\n<meta name=\"author\" content=\"user-manager\" \/>\n<meta name=\"twitter:card\" content=\"summary_large_image\" \/>\n<script type=\"application\/ld+json\" class=\"yoast-schema-graph\">{\"@context\":\"https:\\\/\\\/schema.org\",\"@graph\":[{\"@type\":\"Article\",\"@id\":\"https:\\\/\\\/www.meydan.tv\\\/az\\\/article\\\/xaribulbul-festivali-yekunlasir\\\/#article\",\"isPartOf\":{\"@id\":\"https:\\\/\\\/www.meydan.tv\\\/az\\\/article\\\/xaribulbul-festivali-yekunlasir\\\/\"},\"author\":{\"name\":\"user-manager\",\"@id\":\"https:\\\/\\\/www.meydan.tv\\\/az\\\/#\\\/schema\\\/person\\\/10d11eccf6da3662cf5fdab9806ea91a\"},\"headline\":\"\u201cXar\u0131b\u00fclb\u00fcl\u201d festival\u0131 yekunla\u015f\u0131r\",\"datePublished\":\"2021-05-13T10:12:13+00:00\",\"mainEntityOfPage\":{\"@id\":\"https:\\\/\\\/www.meydan.tv\\\/az\\\/article\\\/xaribulbul-festivali-yekunlasir\\\/\"},\"wordCount\":284,\"publisher\":{\"@id\":\"https:\\\/\\\/www.meydan.tv\\\/az\\\/#organization\"},\"image\":{\"@id\":\"https:\\\/\\\/www.meydan.tv\\\/az\\\/article\\\/xaribulbul-festivali-yekunlasir\\\/#primaryimage\"},\"thumbnailUrl\":\"https:\\\/\\\/www.meydan.tv\\\/wp-content\\\/uploads\\\/e1ms4scxsamzb9h.jpeg\",\"articleSection\":[\"M\u0259d\u0259niyy\u0259t\"],\"inLanguage\":\"az\"},{\"@type\":\"WebPage\",\"@id\":\"https:\\\/\\\/www.meydan.tv\\\/az\\\/article\\\/xaribulbul-festivali-yekunlasir\\\/\",\"url\":\"https:\\\/\\\/www.meydan.tv\\\/az\\\/article\\\/xaribulbul-festivali-yekunlasir\\\/\",\"name\":\"\u201cXar\u0131b\u00fclb\u00fcl\u201d festival\u0131 yekunla\u015f\u0131r - MEYDAN.TV\",\"isPartOf\":{\"@id\":\"https:\\\/\\\/www.meydan.tv\\\/az\\\/#website\"},\"primaryImageOfPage\":{\"@id\":\"https:\\\/\\\/www.meydan.tv\\\/az\\\/article\\\/xaribulbul-festivali-yekunlasir\\\/#primaryimage\"},\"image\":{\"@id\":\"https:\\\/\\\/www.meydan.tv\\\/az\\\/article\\\/xaribulbul-festivali-yekunlasir\\\/#primaryimage\"},\"thumbnailUrl\":\"https:\\\/\\\/www.meydan.tv\\\/wp-content\\\/uploads\\\/e1ms4scxsamzb9h.jpeg\",\"datePublished\":\"2021-05-13T10:12:13+00:00\",\"breadcrumb\":{\"@id\":\"https:\\\/\\\/www.meydan.tv\\\/az\\\/article\\\/xaribulbul-festivali-yekunlasir\\\/#breadcrumb\"},\"inLanguage\":\"az\",\"potentialAction\":[{\"@type\":\"ReadAction\",\"target\":[\"https:\\\/\\\/www.meydan.tv\\\/az\\\/article\\\/xaribulbul-festivali-yekunlasir\\\/\"]}]},{\"@type\":\"ImageObject\",\"inLanguage\":\"az\",\"@id\":\"https:\\\/\\\/www.meydan.tv\\\/az\\\/article\\\/xaribulbul-festivali-yekunlasir\\\/#primaryimage\",\"url\":\"https:\\\/\\\/www.meydan.tv\\\/wp-content\\\/uploads\\\/e1ms4scxsamzb9h.jpeg\",\"contentUrl\":\"https:\\\/\\\/www.meydan.tv\\\/wp-content\\\/uploads\\\/e1ms4scxsamzb9h.jpeg\",\"width\":1125,\"height\":609,\"caption\":\"Source: Report\"},{\"@type\":\"BreadcrumbList\",\"@id\":\"https:\\\/\\\/www.meydan.tv\\\/az\\\/article\\\/xaribulbul-festivali-yekunlasir\\\/#breadcrumb\",\"itemListElement\":[{\"@type\":\"ListItem\",\"position\":1,\"name\":\"Ana s\u0259hif\u0259\",\"item\":\"https:\\\/\\\/www.meydan.tv\\\/az\\\/\"},{\"@type\":\"ListItem\",\"position\":2,\"name\":\"M\u0259d\u0259niyy\u0259t\",\"item\":\"https:\\\/\\\/www.meydan.tv\\\/az\\\/section\\\/medeniyyet\\\/\"},{\"@type\":\"ListItem\",\"position\":3,\"name\":\"\u201cXar\u0131b\u00fclb\u00fcl\u201d festival\u0131 yekunla\u015f\u0131r\"}]},{\"@type\":\"WebSite\",\"@id\":\"https:\\\/\\\/www.meydan.tv\\\/az\\\/#website\",\"url\":\"https:\\\/\\\/www.meydan.tv\\\/az\\\/\",\"name\":\"MEYDAN.TV\",\"description\":\"Meydan TV Az\u0259rbaycan\u0131n media m\u0259kan\u0131ndak\u0131 alternativ s\u0259sidir\",\"publisher\":{\"@id\":\"https:\\\/\\\/www.meydan.tv\\\/az\\\/#organization\"},\"potentialAction\":[{\"@type\":\"SearchAction\",\"target\":{\"@type\":\"EntryPoint\",\"urlTemplate\":\"https:\\\/\\\/www.meydan.tv\\\/az\\\/?s={search_term_string}\"},\"query-input\":{\"@type\":\"PropertyValueSpecification\",\"valueRequired\":true,\"valueName\":\"search_term_string\"}}],\"inLanguage\":\"az\"},{\"@type\":\"Organization\",\"@id\":\"https:\\\/\\\/www.meydan.tv\\\/az\\\/#organization\",\"name\":\"Meydan TV\",\"url\":\"https:\\\/\\\/www.meydan.tv\\\/az\\\/\",\"logo\":{\"@type\":\"ImageObject\",\"inLanguage\":\"az\",\"@id\":\"https:\\\/\\\/www.meydan.tv\\\/az\\\/#\\\/schema\\\/logo\\\/image\\\/\",\"url\":\"https:\\\/\\\/www.meydan.tv\\\/wp-content\\\/uploads\\\/2021\\\/07\\\/meydan-logo.svg\",\"contentUrl\":\"https:\\\/\\\/www.meydan.tv\\\/wp-content\\\/uploads\\\/2021\\\/07\\\/meydan-logo.svg\",\"width\":195,\"height\":46,\"caption\":\"Meydan TV\"},\"image\":{\"@id\":\"https:\\\/\\\/www.meydan.tv\\\/az\\\/#\\\/schema\\\/logo\\\/image\\\/\"}},{\"@type\":\"Person\",\"@id\":\"https:\\\/\\\/www.meydan.tv\\\/az\\\/#\\\/schema\\\/person\\\/10d11eccf6da3662cf5fdab9806ea91a\",\"name\":\"user-manager\"}]}<\/script>\n<!-- \/ Yoast SEO plugin. -->","yoast_head_json":{"title":"\u201cXar\u0131b\u00fclb\u00fcl\u201d festival\u0131 yekunla\u015f\u0131r - MEYDAN.TV","robots":{"index":"index","follow":"follow","max-snippet":"max-snippet:-1","max-image-preview":"max-image-preview:large","max-video-preview":"max-video-preview:-1"},"canonical":"https:\/\/www.meydan.tv\/az\/article\/xaribulbul-festivali-yekunlasir\/","og_locale":"az_AZ","og_type":"article","og_title":"\u201cXar\u0131b\u00fclb\u00fcl\u201d festival\u0131 yekunla\u015f\u0131r - MEYDAN.TV","og_description":"M\u00fc\u011f\u0259nnil\u0259rin qala konserti olacaq","og_url":"https:\/\/www.meydan.tv\/az\/article\/xaribulbul-festivali-yekunlasir\/","og_site_name":"MEYDAN.TV","article_published_time":"2021-05-13T10:12:13+00:00","og_image":[{"width":1125,"height":609,"url":"https:\/\/www.meydan.tv\/wp-content\/uploads\/e1ms4scxsamzb9h.jpeg","type":"image\/jpeg"}],"author":"user-manager","twitter_card":"summary_large_image","schema":{"@context":"https:\/\/schema.org","@graph":[{"@type":"Article","@id":"https:\/\/www.meydan.tv\/az\/article\/xaribulbul-festivali-yekunlasir\/#article","isPartOf":{"@id":"https:\/\/www.meydan.tv\/az\/article\/xaribulbul-festivali-yekunlasir\/"},"author":{"name":"user-manager","@id":"https:\/\/www.meydan.tv\/az\/#\/schema\/person\/10d11eccf6da3662cf5fdab9806ea91a"},"headline":"\u201cXar\u0131b\u00fclb\u00fcl\u201d festival\u0131 yekunla\u015f\u0131r","datePublished":"2021-05-13T10:12:13+00:00","mainEntityOfPage":{"@id":"https:\/\/www.meydan.tv\/az\/article\/xaribulbul-festivali-yekunlasir\/"},"wordCount":284,"publisher":{"@id":"https:\/\/www.meydan.tv\/az\/#organization"},"image":{"@id":"https:\/\/www.meydan.tv\/az\/article\/xaribulbul-festivali-yekunlasir\/#primaryimage"},"thumbnailUrl":"https:\/\/www.meydan.tv\/wp-content\/uploads\/e1ms4scxsamzb9h.jpeg","articleSection":["M\u0259d\u0259niyy\u0259t"],"inLanguage":"az"},{"@type":"WebPage","@id":"https:\/\/www.meydan.tv\/az\/article\/xaribulbul-festivali-yekunlasir\/","url":"https:\/\/www.meydan.tv\/az\/article\/xaribulbul-festivali-yekunlasir\/","name":"\u201cXar\u0131b\u00fclb\u00fcl\u201d festival\u0131 yekunla\u015f\u0131r - MEYDAN.TV","isPartOf":{"@id":"https:\/\/www.meydan.tv\/az\/#website"},"primaryImageOfPage":{"@id":"https:\/\/www.meydan.tv\/az\/article\/xaribulbul-festivali-yekunlasir\/#primaryimage"},"image":{"@id":"https:\/\/www.meydan.tv\/az\/article\/xaribulbul-festivali-yekunlasir\/#primaryimage"},"thumbnailUrl":"https:\/\/www.meydan.tv\/wp-content\/uploads\/e1ms4scxsamzb9h.jpeg","datePublished":"2021-05-13T10:12:13+00:00","breadcrumb":{"@id":"https:\/\/www.meydan.tv\/az\/article\/xaribulbul-festivali-yekunlasir\/#breadcrumb"},"inLanguage":"az","potentialAction":[{"@type":"ReadAction","target":["https:\/\/www.meydan.tv\/az\/article\/xaribulbul-festivali-yekunlasir\/"]}]},{"@type":"ImageObject","inLanguage":"az","@id":"https:\/\/www.meydan.tv\/az\/article\/xaribulbul-festivali-yekunlasir\/#primaryimage","url":"https:\/\/www.meydan.tv\/wp-content\/uploads\/e1ms4scxsamzb9h.jpeg","contentUrl":"https:\/\/www.meydan.tv\/wp-content\/uploads\/e1ms4scxsamzb9h.jpeg","width":1125,"height":609,"caption":"Source: Report"},{"@type":"BreadcrumbList","@id":"https:\/\/www.meydan.tv\/az\/article\/xaribulbul-festivali-yekunlasir\/#breadcrumb","itemListElement":[{"@type":"ListItem","position":1,"name":"Ana s\u0259hif\u0259","item":"https:\/\/www.meydan.tv\/az\/"},{"@type":"ListItem","position":2,"name":"M\u0259d\u0259niyy\u0259t","item":"https:\/\/www.meydan.tv\/az\/section\/medeniyyet\/"},{"@type":"ListItem","position":3,"name":"\u201cXar\u0131b\u00fclb\u00fcl\u201d festival\u0131 yekunla\u015f\u0131r"}]},{"@type":"WebSite","@id":"https:\/\/www.meydan.tv\/az\/#website","url":"https:\/\/www.meydan.tv\/az\/","name":"MEYDAN.TV","description":"Meydan TV Az\u0259rbaycan\u0131n media m\u0259kan\u0131ndak\u0131 alternativ s\u0259sidir","publisher":{"@id":"https:\/\/www.meydan.tv\/az\/#organization"},"potentialAction":[{"@type":"SearchAction","target":{"@type":"EntryPoint","urlTemplate":"https:\/\/www.meydan.tv\/az\/?s={search_term_string}"},"query-input":{"@type":"PropertyValueSpecification","valueRequired":true,"valueName":"search_term_string"}}],"inLanguage":"az"},{"@type":"Organization","@id":"https:\/\/www.meydan.tv\/az\/#organization","name":"Meydan TV","url":"https:\/\/www.meydan.tv\/az\/","logo":{"@type":"ImageObject","inLanguage":"az","@id":"https:\/\/www.meydan.tv\/az\/#\/schema\/logo\/image\/","url":"https:\/\/www.meydan.tv\/wp-content\/uploads\/2021\/07\/meydan-logo.svg","contentUrl":"https:\/\/www.meydan.tv\/wp-content\/uploads\/2021\/07\/meydan-logo.svg","width":195,"height":46,"caption":"Meydan TV"},"image":{"@id":"https:\/\/www.meydan.tv\/az\/#\/schema\/logo\/image\/"}},{"@type":"Person","@id":"https:\/\/www.meydan.tv\/az\/#\/schema\/person\/10d11eccf6da3662cf5fdab9806ea91a","name":"user-manager"}]}},"_links":{"self":[{"href":"https:\/\/www.meydan.tv\/az\/wp-json\/wp\/v2\/posts\/206212","targetHints":{"allow":["GET"]}}],"collection":[{"href":"https:\/\/www.meydan.tv\/az\/wp-json\/wp\/v2\/posts"}],"about":[{"href":"https:\/\/www.meydan.tv\/az\/wp-json\/wp\/v2\/types\/post"}],"author":[{"embeddable":true,"href":"https:\/\/www.meydan.tv\/az\/wp-json\/wp\/v2\/users\/11"}],"replies":[{"embeddable":true,"href":"https:\/\/www.meydan.tv\/az\/wp-json\/wp\/v2\/comments?post=206212"}],"version-history":[{"count":0,"href":"https:\/\/www.meydan.tv\/az\/wp-json\/wp\/v2\/posts\/206212\/revisions"}],"wp:featuredmedia":[{"embeddable":true,"href":"https:\/\/www.meydan.tv\/az\/wp-json\/wp\/v2\/media\/160605"}],"wp:attachment":[{"href":"https:\/\/www.meydan.tv\/az\/wp-json\/wp\/v2\/media?parent=206212"}],"wp:term":[{"taxonomy":"category","embeddable":true,"href":"https:\/\/www.meydan.tv\/az\/wp-json\/wp\/v2\/categories?post=206212"},{"taxonomy":"post_tag","embeddable":true,"href":"https:\/\/www.meydan.tv\/az\/wp-json\/wp\/v2\/tags?post=206212"}],"curies":[{"name":"wp","href":"https:\/\/api.w.org\/{rel}","templated":true}]}}