{"id":206210,"date":"2021-05-12T17:44:50","date_gmt":"2021-05-12T17:44:50","guid":{"rendered":"https:\/\/www.meydan.tv\/article\/serait-bezen-mecbur-edir-ki-sen-bir-nece-yerde-isleyesen\/"},"modified":"2021-05-12T17:44:50","modified_gmt":"2021-05-12T17:44:50","slug":"serait-bezen-mecbur-edir-ki-sen-bir-nece-yerde-isleyesen","status":"publish","type":"post","link":"https:\/\/www.meydan.tv\/az\/article\/serait-bezen-mecbur-edir-ki-sen-bir-nece-yerde-isleyesen\/","title":{"rendered":"\u201c\u015e\u0259rait b\u0259z\u0259n m\u0259cbur edir ki, s\u0259n bir ne\u00e7\u0259 yerd\u0259 i\u015fl\u0259y\u0259s\u0259n\u201d"},"content":{"rendered":"<figure class=\"wp-block-embed is-type-video is-provider-youtube wp-block-embed-youtube wp-embed-aspect-16-9 wp-has-aspect-ratio\">\n<div class=\"wp-block-embed__wrapper\">\n    <iframe\ttitle=\"\u201c\u015e\u0259rait b\u0259z\u0259n m\u0259cbur edir ki, s\u0259n bir ne\u00e7\u0259 yerd\u0259 i\u015fl\u0259y\u0259s\u0259n\u201d\" width=\"1200\" height=\"675\" data-src=\"https:\/\/www.youtube.com\/embed\/Hz8oOZWXij0\"\tframeborder=\"0\"\tallow=\"accelerometer; autoplay; clipboard-write; encrypted-media; gyroscope; picture-in-picture\" allowfullscreen src=\"data:image\/svg+xml;base64,PHN2ZyB3aWR0aD0iMSIgaGVpZ2h0PSIxIiB4bWxucz0iaHR0cDovL3d3dy53My5vcmcvMjAwMC9zdmciPjwvc3ZnPg==\" class=\"lazyload\" data-load-mode=\"1\"><\/iframe>\n  <\/div><figcaption>\n    \u201c\u015e\u0259rait b\u0259z\u0259n m\u0259cbur edir ki, s\u0259n bir ne\u00e7\u0259 yerd\u0259 i\u015fl\u0259y\u0259s\u0259n\u201d<br \/>\n  <\/figcaption><\/figure>\n<p>\n  Elg\u00fcn H\u0259midov h\u0259m Yu\u011f, h\u0259m d\u0259 Kukla teatr\u0131n\u0131n aktyorudur. O, eyni zamanda m\u00fcst\u0259qil teatrlarla da \u0259m\u0259kda\u015fl\u0131q edir. Deyir, indi pandemiya ucbat\u0131ndan, bir ild\u0259n \u00e7oxdur s\u0259hn\u0259d\u0259n uzaq d\u00fc\u015f\u00fcb. Aktyorun fikrinc\u0259, pandemiyan\u0131n m\u00fcsb\u0259t t\u0259r\u0259fl\u0259ri d\u0259 var.\n<\/p>\n<p>\n  Sinxron. \u00a8Bir ildir ki, art\u0131q biz tama\u015fa\u00e7\u0131 kimi oturub bax\u0131r\u0131q. M\u0259n indi oturub, bir ildir, \u00f6z\u00fcm\u0259 daha yax\u015f\u0131 baxa bilir\u0259m\u00a8,-aktyor deyir.\n<\/p>\n<p>\n  Elg\u00fcn H\u0259midov hesab edir ki, pandemiya d\u00f6vr\u00fcnd\u0259 aktyorlar\u0131n seriallara \u00e7\u0259kilm\u0259si maddi bax\u0131mdan z\u0259ruridir. O deyir ki, d\u00f6vl\u0259t teatrlar\u0131nda maa\u015flar\u0131 verils\u0259 d\u0259, \u00fcmumi f\u0259aliyy\u0259td\u0259 l\u0259ngim\u0259 var. Bu da passivliy\u0259 g\u0259tirib \u00e7\u0131xar\u0131r.\n<\/p>\n<p>\n  Sinxron. \u201cYox olmaz, i\u015fl\u0259m\u0259k laz\u0131md\u0131r, getm\u0259k laz\u0131md\u0131r. Yerind\u0259 dayanmaq, durmaq olmaz. Amma yen\u0259 d\u0259 g\u00f6r\u00fcrs\u0259n ki, \u0259vv\u0259lkin\u0259 baxanda passivlik yaran\u0131b\u00b4\u00b4,-aktyor deyir.\n<\/p>\n<p>\n  Elg\u00fcn H\u0259midova g\u00f6r\u0259, h\u0259r bir s\u0259hn\u0259 adam\u0131n\u0131n ara\u015fd\u0131rma\u011fa, oxuma\u011fa, \u00f6z b\u0259d\u0259n dili il\u0259 m\u0259\u015f\u011ful olma\u011fa zaman\u0131 olmal\u0131d\u0131r. Ancaq \u015f\u0259rait v\u0259 imkan b\u0259z\u0259n m\u0259cbur edir ki, aktyor bir ne\u00e7\u0259 yerd\u0259 i\u015fl\u0259sin.\n<\/p>\n<p>\n  Sinxron. \u201cAktyor, \u0259lb\u0259tt\u0259, ist\u0259y\u0259r ki, otursun bir teatrda i\u015fl\u0259sin, ara\u015fd\u0131rs\u0131n, \u00f6z\u00fc il\u0259 m\u0259\u015f\u011ful olsun. Eyni zamanda g\u00f6rd\u00fcy\u00fcn i\u015fin keyfiyy\u0259tini d\u0259 d\u00fc\u015f\u00fcnm\u0259lis\u0259n d\u0259. Birinci n\u00f6vb\u0259d\u0259 keyfiyy\u0259tdir, k\u0259miyy\u0259t deyil. Ancaq biz daha\u00a0\u00e7ox k\u0259miyy\u0259tl\u0259 m\u0259\u015f\u011ful oluruq bir \u00e7ox i\u015fl\u0259rd\u0259\u201d\n<\/p>\n<p>\n  M\u00fcsahib m\u00fcst\u0259qil teatrlara da, x\u00fcsusil\u0259, pandemiya zaman\u0131 d\u0259st\u0259yin vacib oldu\u011funu bildirir.\n<\/p>\n<p>\n  Sinxron. \u00a8Qald\u0131 ki, m\u00fcst\u0259qil teatrlar\u0131n m\u0259s\u0259l\u0259sin\u0259. T\u0259bii ki, \u0259g\u0259r bir teatr hans\u0131sa m\u0259kan\u0131 al\u0131b ya g\u00f6t\u00fcr\u00fcbs\u0259, bunun arendas\u0131 var, i\u015f\u0131q-qaz kommunal m\u0259s\u0259l\u0259l\u0259ri var v\u0259 \u00fcst\u0259lik, i\u015f\u00e7il\u0259ri var\u00a8,-m\u00fcsahib deyir.\n<\/p>\n<p>\n  Elg\u00fcn H\u0259midov deyir ki, s\u0259n\u0259t adamlar\u0131n\u0131n \u00f6zl\u0259rini realiz\u0259 etm\u0259l\u0259ri \u00fc\u00e7\u00fcn \u015f\u0259rait \u00e7\u0259tindir. Aktyor i\u015fini keyfiyy\u0259tli g\u00f6rm\u0259li, paralel olaraq da, ona k\u0259nardan h\u0259m m\u0259n\u0259vi, h\u0259m maddi d\u0259y\u0259r verilm\u0259lidir.\n<\/p>\n<p>\n  Sinxron. \u201cTutal\u0131m da, h\u0259yat m\u0259s\u0259l\u0259l\u0259ri, maddiyyat m\u0259s\u0259l\u0259l\u0259ri. Onlar mane olanda, m\u0259cbur qal\u0131rsan, o t\u0259r\u0259fi d\u0259 paralel aparma\u011fa. Bizd\u0259 b\u0259li pe\u015f\u0259kar insanlar var. Aktyorlar, rejissorlar, s\u0259n\u0259t adamlar\u0131 var. Amma onlar\u0131n bir araya topla\u015f\u0131b i\u015fl\u0259m\u0259kl\u0259ri \u00e7\u0259tindir. Onlar\u0131n \u00f6zl\u0259rini realiz\u0259 etm\u0259kl\u0259ri \u00fc\u00e7\u00fcn \u015f\u0259rait \u00e7\u0259tindir. T\u0259s\u0259vv\u00fcr edirsiz, maddiyyat azd\u0131r, material azd\u0131r, \u00fcst\u0259lik, vaxt da yoxdur. Burda ax\u0131 hans\u0131 b\u00f6y\u00fck bir i\u015fd\u0259n dan\u0131\u015fmaq olar?\u201d\n<\/p>\n<p>\n  Aktyor tezlikl\u0259 pandemiyan\u0131n bitm\u0259sini, \u0259vv\u0259lki h\u0259yat t\u0259rzin\u0259 qay\u0131tma\u011f\u0131 g\u00f6zl\u0259yir. O qeyd edir ki, hans\u0131 \u00e7\u0259tinlikl\u0259r olursa-olsun, bir yolu tutmusansa, s\u0259brl\u0259 getm\u0259lis\u0259n.<\/p>\n","protected":false},"excerpt":{"rendered":"<p>Elg\u00fcn H\u0259midov h\u0259m Yu\u011f, h\u0259m d\u0259 Kukla teatr\u0131n\u0131n aktyorudur. O, eyni zamanda m\u00fcst\u0259qil teatrlarla da \u0259m\u0259kda\u015fl\u0131q edir.<\/p>\n","protected":false},"author":11,"featured_media":160608,"comment_status":"closed","ping_status":"open","sticky":false,"template":"","format":"standard","meta":{"_acf_changed":false,"_sitemap_exclude":false,"_sitemap_priority":"","_sitemap_frequency":"","footnotes":""},"categories":[63],"tags":[],"class_list":["post-206210","post","type-post","status-publish","format-standard","has-post-thumbnail","hentry","category-video-2","infinite-scroll-item","generate-columns","tablet-grid-50","mobile-grid-100","grid-parent","grid-33","no-featured-image-padding"],"acf":[],"yoast_head":"<!-- This site is optimized with the Yoast SEO plugin v27.5 - https:\/\/yoast.com\/product\/yoast-seo-wordpress\/ -->\n<title>\u201c\u015e\u0259rait b\u0259z\u0259n m\u0259cbur edir ki, s\u0259n bir ne\u00e7\u0259 yerd\u0259 i\u015fl\u0259y\u0259s\u0259n\u201d - MEYDAN.TV<\/title>\n<meta name=\"robots\" content=\"index, follow, max-snippet:-1, max-image-preview:large, max-video-preview:-1\" \/>\n<link rel=\"canonical\" href=\"https:\/\/www.meydan.tv\/az\/article\/serait-bezen-mecbur-edir-ki-sen-bir-nece-yerde-isleyesen\/\" \/>\n<meta property=\"og:locale\" content=\"az_AZ\" \/>\n<meta property=\"og:type\" content=\"article\" \/>\n<meta property=\"og:title\" content=\"\u201c\u015e\u0259rait b\u0259z\u0259n m\u0259cbur edir ki, s\u0259n bir ne\u00e7\u0259 yerd\u0259 i\u015fl\u0259y\u0259s\u0259n\u201d - MEYDAN.TV\" \/>\n<meta property=\"og:description\" content=\"Elg\u00fcn H\u0259midov h\u0259m Yu\u011f, h\u0259m d\u0259 Kukla teatr\u0131n\u0131n aktyorudur. O, eyni zamanda m\u00fcst\u0259qil teatrlarla da \u0259m\u0259kda\u015fl\u0131q edir.\" \/>\n<meta property=\"og:url\" content=\"https:\/\/www.meydan.tv\/az\/article\/serait-bezen-mecbur-edir-ki-sen-bir-nece-yerde-isleyesen\/\" \/>\n<meta property=\"og:site_name\" content=\"MEYDAN.TV\" \/>\n<meta property=\"article:published_time\" content=\"2021-05-12T17:44:50+00:00\" \/>\n<meta property=\"og:image\" content=\"https:\/\/www.meydan.tv\/wp-content\/uploads\/1112212.png\" \/>\n\t<meta property=\"og:image:width\" content=\"1280\" \/>\n\t<meta property=\"og:image:height\" content=\"720\" \/>\n\t<meta property=\"og:image:type\" content=\"image\/png\" \/>\n<meta name=\"author\" content=\"user-manager\" \/>\n<meta name=\"twitter:card\" content=\"summary_large_image\" \/>\n<script type=\"application\/ld+json\" class=\"yoast-schema-graph\">{\"@context\":\"https:\\\/\\\/schema.org\",\"@graph\":[{\"@type\":\"Article\",\"@id\":\"https:\\\/\\\/www.meydan.tv\\\/az\\\/article\\\/serait-bezen-mecbur-edir-ki-sen-bir-nece-yerde-isleyesen\\\/#article\",\"isPartOf\":{\"@id\":\"https:\\\/\\\/www.meydan.tv\\\/az\\\/article\\\/serait-bezen-mecbur-edir-ki-sen-bir-nece-yerde-isleyesen\\\/\"},\"author\":{\"name\":\"user-manager\",\"@id\":\"https:\\\/\\\/www.meydan.tv\\\/az\\\/#\\\/schema\\\/person\\\/10d11eccf6da3662cf5fdab9806ea91a\"},\"headline\":\"\u201c\u015e\u0259rait b\u0259z\u0259n m\u0259cbur edir ki, s\u0259n bir ne\u00e7\u0259 yerd\u0259 i\u015fl\u0259y\u0259s\u0259n\u201d\",\"datePublished\":\"2021-05-12T17:44:50+00:00\",\"mainEntityOfPage\":{\"@id\":\"https:\\\/\\\/www.meydan.tv\\\/az\\\/article\\\/serait-bezen-mecbur-edir-ki-sen-bir-nece-yerde-isleyesen\\\/\"},\"wordCount\":570,\"publisher\":{\"@id\":\"https:\\\/\\\/www.meydan.tv\\\/az\\\/#organization\"},\"image\":{\"@id\":\"https:\\\/\\\/www.meydan.tv\\\/az\\\/article\\\/serait-bezen-mecbur-edir-ki-sen-bir-nece-yerde-isleyesen\\\/#primaryimage\"},\"thumbnailUrl\":\"https:\\\/\\\/www.meydan.tv\\\/wp-content\\\/uploads\\\/1112212.png\",\"articleSection\":[\"Video\"],\"inLanguage\":\"az\"},{\"@type\":\"WebPage\",\"@id\":\"https:\\\/\\\/www.meydan.tv\\\/az\\\/article\\\/serait-bezen-mecbur-edir-ki-sen-bir-nece-yerde-isleyesen\\\/\",\"url\":\"https:\\\/\\\/www.meydan.tv\\\/az\\\/article\\\/serait-bezen-mecbur-edir-ki-sen-bir-nece-yerde-isleyesen\\\/\",\"name\":\"\u201c\u015e\u0259rait b\u0259z\u0259n m\u0259cbur edir ki, s\u0259n bir ne\u00e7\u0259 yerd\u0259 i\u015fl\u0259y\u0259s\u0259n\u201d - MEYDAN.TV\",\"isPartOf\":{\"@id\":\"https:\\\/\\\/www.meydan.tv\\\/az\\\/#website\"},\"primaryImageOfPage\":{\"@id\":\"https:\\\/\\\/www.meydan.tv\\\/az\\\/article\\\/serait-bezen-mecbur-edir-ki-sen-bir-nece-yerde-isleyesen\\\/#primaryimage\"},\"image\":{\"@id\":\"https:\\\/\\\/www.meydan.tv\\\/az\\\/article\\\/serait-bezen-mecbur-edir-ki-sen-bir-nece-yerde-isleyesen\\\/#primaryimage\"},\"thumbnailUrl\":\"https:\\\/\\\/www.meydan.tv\\\/wp-content\\\/uploads\\\/1112212.png\",\"datePublished\":\"2021-05-12T17:44:50+00:00\",\"breadcrumb\":{\"@id\":\"https:\\\/\\\/www.meydan.tv\\\/az\\\/article\\\/serait-bezen-mecbur-edir-ki-sen-bir-nece-yerde-isleyesen\\\/#breadcrumb\"},\"inLanguage\":\"az\",\"potentialAction\":[{\"@type\":\"ReadAction\",\"target\":[\"https:\\\/\\\/www.meydan.tv\\\/az\\\/article\\\/serait-bezen-mecbur-edir-ki-sen-bir-nece-yerde-isleyesen\\\/\"]}]},{\"@type\":\"ImageObject\",\"inLanguage\":\"az\",\"@id\":\"https:\\\/\\\/www.meydan.tv\\\/az\\\/article\\\/serait-bezen-mecbur-edir-ki-sen-bir-nece-yerde-isleyesen\\\/#primaryimage\",\"url\":\"https:\\\/\\\/www.meydan.tv\\\/wp-content\\\/uploads\\\/1112212.png\",\"contentUrl\":\"https:\\\/\\\/www.meydan.tv\\\/wp-content\\\/uploads\\\/1112212.png\",\"width\":1280,\"height\":720,\"caption\":\"Source: Meydan.TV\"},{\"@type\":\"BreadcrumbList\",\"@id\":\"https:\\\/\\\/www.meydan.tv\\\/az\\\/article\\\/serait-bezen-mecbur-edir-ki-sen-bir-nece-yerde-isleyesen\\\/#breadcrumb\",\"itemListElement\":[{\"@type\":\"ListItem\",\"position\":1,\"name\":\"Ana s\u0259hif\u0259\",\"item\":\"https:\\\/\\\/www.meydan.tv\\\/az\\\/\"},{\"@type\":\"ListItem\",\"position\":2,\"name\":\"Video\",\"item\":\"https:\\\/\\\/www.meydan.tv\\\/az\\\/section\\\/video-2\\\/\"},{\"@type\":\"ListItem\",\"position\":3,\"name\":\"\u201c\u015e\u0259rait b\u0259z\u0259n m\u0259cbur edir ki, s\u0259n bir ne\u00e7\u0259 yerd\u0259 i\u015fl\u0259y\u0259s\u0259n\u201d\"}]},{\"@type\":\"WebSite\",\"@id\":\"https:\\\/\\\/www.meydan.tv\\\/az\\\/#website\",\"url\":\"https:\\\/\\\/www.meydan.tv\\\/az\\\/\",\"name\":\"MEYDAN.TV\",\"description\":\"Meydan TV Az\u0259rbaycan\u0131n media m\u0259kan\u0131ndak\u0131 alternativ s\u0259sidir\",\"publisher\":{\"@id\":\"https:\\\/\\\/www.meydan.tv\\\/az\\\/#organization\"},\"potentialAction\":[{\"@type\":\"SearchAction\",\"target\":{\"@type\":\"EntryPoint\",\"urlTemplate\":\"https:\\\/\\\/www.meydan.tv\\\/az\\\/?s={search_term_string}\"},\"query-input\":{\"@type\":\"PropertyValueSpecification\",\"valueRequired\":true,\"valueName\":\"search_term_string\"}}],\"inLanguage\":\"az\"},{\"@type\":\"Organization\",\"@id\":\"https:\\\/\\\/www.meydan.tv\\\/az\\\/#organization\",\"name\":\"Meydan TV\",\"url\":\"https:\\\/\\\/www.meydan.tv\\\/az\\\/\",\"logo\":{\"@type\":\"ImageObject\",\"inLanguage\":\"az\",\"@id\":\"https:\\\/\\\/www.meydan.tv\\\/az\\\/#\\\/schema\\\/logo\\\/image\\\/\",\"url\":\"https:\\\/\\\/www.meydan.tv\\\/wp-content\\\/uploads\\\/2021\\\/07\\\/meydan-logo.svg\",\"contentUrl\":\"https:\\\/\\\/www.meydan.tv\\\/wp-content\\\/uploads\\\/2021\\\/07\\\/meydan-logo.svg\",\"width\":195,\"height\":46,\"caption\":\"Meydan TV\"},\"image\":{\"@id\":\"https:\\\/\\\/www.meydan.tv\\\/az\\\/#\\\/schema\\\/logo\\\/image\\\/\"}},{\"@type\":\"Person\",\"@id\":\"https:\\\/\\\/www.meydan.tv\\\/az\\\/#\\\/schema\\\/person\\\/10d11eccf6da3662cf5fdab9806ea91a\",\"name\":\"user-manager\"}]}<\/script>\n<!-- \/ Yoast SEO plugin. -->","yoast_head_json":{"title":"\u201c\u015e\u0259rait b\u0259z\u0259n m\u0259cbur edir ki, s\u0259n bir ne\u00e7\u0259 yerd\u0259 i\u015fl\u0259y\u0259s\u0259n\u201d - MEYDAN.TV","robots":{"index":"index","follow":"follow","max-snippet":"max-snippet:-1","max-image-preview":"max-image-preview:large","max-video-preview":"max-video-preview:-1"},"canonical":"https:\/\/www.meydan.tv\/az\/article\/serait-bezen-mecbur-edir-ki-sen-bir-nece-yerde-isleyesen\/","og_locale":"az_AZ","og_type":"article","og_title":"\u201c\u015e\u0259rait b\u0259z\u0259n m\u0259cbur edir ki, s\u0259n bir ne\u00e7\u0259 yerd\u0259 i\u015fl\u0259y\u0259s\u0259n\u201d - MEYDAN.TV","og_description":"Elg\u00fcn H\u0259midov h\u0259m Yu\u011f, h\u0259m d\u0259 Kukla teatr\u0131n\u0131n aktyorudur. O, eyni zamanda m\u00fcst\u0259qil teatrlarla da \u0259m\u0259kda\u015fl\u0131q edir.","og_url":"https:\/\/www.meydan.tv\/az\/article\/serait-bezen-mecbur-edir-ki-sen-bir-nece-yerde-isleyesen\/","og_site_name":"MEYDAN.TV","article_published_time":"2021-05-12T17:44:50+00:00","og_image":[{"width":1280,"height":720,"url":"https:\/\/www.meydan.tv\/wp-content\/uploads\/1112212.png","type":"image\/png"}],"author":"user-manager","twitter_card":"summary_large_image","schema":{"@context":"https:\/\/schema.org","@graph":[{"@type":"Article","@id":"https:\/\/www.meydan.tv\/az\/article\/serait-bezen-mecbur-edir-ki-sen-bir-nece-yerde-isleyesen\/#article","isPartOf":{"@id":"https:\/\/www.meydan.tv\/az\/article\/serait-bezen-mecbur-edir-ki-sen-bir-nece-yerde-isleyesen\/"},"author":{"name":"user-manager","@id":"https:\/\/www.meydan.tv\/az\/#\/schema\/person\/10d11eccf6da3662cf5fdab9806ea91a"},"headline":"\u201c\u015e\u0259rait b\u0259z\u0259n m\u0259cbur edir ki, s\u0259n bir ne\u00e7\u0259 yerd\u0259 i\u015fl\u0259y\u0259s\u0259n\u201d","datePublished":"2021-05-12T17:44:50+00:00","mainEntityOfPage":{"@id":"https:\/\/www.meydan.tv\/az\/article\/serait-bezen-mecbur-edir-ki-sen-bir-nece-yerde-isleyesen\/"},"wordCount":570,"publisher":{"@id":"https:\/\/www.meydan.tv\/az\/#organization"},"image":{"@id":"https:\/\/www.meydan.tv\/az\/article\/serait-bezen-mecbur-edir-ki-sen-bir-nece-yerde-isleyesen\/#primaryimage"},"thumbnailUrl":"https:\/\/www.meydan.tv\/wp-content\/uploads\/1112212.png","articleSection":["Video"],"inLanguage":"az"},{"@type":"WebPage","@id":"https:\/\/www.meydan.tv\/az\/article\/serait-bezen-mecbur-edir-ki-sen-bir-nece-yerde-isleyesen\/","url":"https:\/\/www.meydan.tv\/az\/article\/serait-bezen-mecbur-edir-ki-sen-bir-nece-yerde-isleyesen\/","name":"\u201c\u015e\u0259rait b\u0259z\u0259n m\u0259cbur edir ki, s\u0259n bir ne\u00e7\u0259 yerd\u0259 i\u015fl\u0259y\u0259s\u0259n\u201d - MEYDAN.TV","isPartOf":{"@id":"https:\/\/www.meydan.tv\/az\/#website"},"primaryImageOfPage":{"@id":"https:\/\/www.meydan.tv\/az\/article\/serait-bezen-mecbur-edir-ki-sen-bir-nece-yerde-isleyesen\/#primaryimage"},"image":{"@id":"https:\/\/www.meydan.tv\/az\/article\/serait-bezen-mecbur-edir-ki-sen-bir-nece-yerde-isleyesen\/#primaryimage"},"thumbnailUrl":"https:\/\/www.meydan.tv\/wp-content\/uploads\/1112212.png","datePublished":"2021-05-12T17:44:50+00:00","breadcrumb":{"@id":"https:\/\/www.meydan.tv\/az\/article\/serait-bezen-mecbur-edir-ki-sen-bir-nece-yerde-isleyesen\/#breadcrumb"},"inLanguage":"az","potentialAction":[{"@type":"ReadAction","target":["https:\/\/www.meydan.tv\/az\/article\/serait-bezen-mecbur-edir-ki-sen-bir-nece-yerde-isleyesen\/"]}]},{"@type":"ImageObject","inLanguage":"az","@id":"https:\/\/www.meydan.tv\/az\/article\/serait-bezen-mecbur-edir-ki-sen-bir-nece-yerde-isleyesen\/#primaryimage","url":"https:\/\/www.meydan.tv\/wp-content\/uploads\/1112212.png","contentUrl":"https:\/\/www.meydan.tv\/wp-content\/uploads\/1112212.png","width":1280,"height":720,"caption":"Source: Meydan.TV"},{"@type":"BreadcrumbList","@id":"https:\/\/www.meydan.tv\/az\/article\/serait-bezen-mecbur-edir-ki-sen-bir-nece-yerde-isleyesen\/#breadcrumb","itemListElement":[{"@type":"ListItem","position":1,"name":"Ana s\u0259hif\u0259","item":"https:\/\/www.meydan.tv\/az\/"},{"@type":"ListItem","position":2,"name":"Video","item":"https:\/\/www.meydan.tv\/az\/section\/video-2\/"},{"@type":"ListItem","position":3,"name":"\u201c\u015e\u0259rait b\u0259z\u0259n m\u0259cbur edir ki, s\u0259n bir ne\u00e7\u0259 yerd\u0259 i\u015fl\u0259y\u0259s\u0259n\u201d"}]},{"@type":"WebSite","@id":"https:\/\/www.meydan.tv\/az\/#website","url":"https:\/\/www.meydan.tv\/az\/","name":"MEYDAN.TV","description":"Meydan TV Az\u0259rbaycan\u0131n media m\u0259kan\u0131ndak\u0131 alternativ s\u0259sidir","publisher":{"@id":"https:\/\/www.meydan.tv\/az\/#organization"},"potentialAction":[{"@type":"SearchAction","target":{"@type":"EntryPoint","urlTemplate":"https:\/\/www.meydan.tv\/az\/?s={search_term_string}"},"query-input":{"@type":"PropertyValueSpecification","valueRequired":true,"valueName":"search_term_string"}}],"inLanguage":"az"},{"@type":"Organization","@id":"https:\/\/www.meydan.tv\/az\/#organization","name":"Meydan TV","url":"https:\/\/www.meydan.tv\/az\/","logo":{"@type":"ImageObject","inLanguage":"az","@id":"https:\/\/www.meydan.tv\/az\/#\/schema\/logo\/image\/","url":"https:\/\/www.meydan.tv\/wp-content\/uploads\/2021\/07\/meydan-logo.svg","contentUrl":"https:\/\/www.meydan.tv\/wp-content\/uploads\/2021\/07\/meydan-logo.svg","width":195,"height":46,"caption":"Meydan TV"},"image":{"@id":"https:\/\/www.meydan.tv\/az\/#\/schema\/logo\/image\/"}},{"@type":"Person","@id":"https:\/\/www.meydan.tv\/az\/#\/schema\/person\/10d11eccf6da3662cf5fdab9806ea91a","name":"user-manager"}]}},"_links":{"self":[{"href":"https:\/\/www.meydan.tv\/az\/wp-json\/wp\/v2\/posts\/206210","targetHints":{"allow":["GET"]}}],"collection":[{"href":"https:\/\/www.meydan.tv\/az\/wp-json\/wp\/v2\/posts"}],"about":[{"href":"https:\/\/www.meydan.tv\/az\/wp-json\/wp\/v2\/types\/post"}],"author":[{"embeddable":true,"href":"https:\/\/www.meydan.tv\/az\/wp-json\/wp\/v2\/users\/11"}],"replies":[{"embeddable":true,"href":"https:\/\/www.meydan.tv\/az\/wp-json\/wp\/v2\/comments?post=206210"}],"version-history":[{"count":0,"href":"https:\/\/www.meydan.tv\/az\/wp-json\/wp\/v2\/posts\/206210\/revisions"}],"wp:featuredmedia":[{"embeddable":true,"href":"https:\/\/www.meydan.tv\/az\/wp-json\/wp\/v2\/media\/160608"}],"wp:attachment":[{"href":"https:\/\/www.meydan.tv\/az\/wp-json\/wp\/v2\/media?parent=206210"}],"wp:term":[{"taxonomy":"category","embeddable":true,"href":"https:\/\/www.meydan.tv\/az\/wp-json\/wp\/v2\/categories?post=206210"},{"taxonomy":"post_tag","embeddable":true,"href":"https:\/\/www.meydan.tv\/az\/wp-json\/wp\/v2\/tags?post=206210"}],"curies":[{"name":"wp","href":"https:\/\/api.w.org\/{rel}","templated":true}]}}