{"id":206163,"date":"2021-05-08T03:59:20","date_gmt":"2021-05-08T03:59:20","guid":{"rendered":"https:\/\/www.meydan.tv\/article\/oglunun-herbi-biletini-ala-bilmeyen-ana-ovladimin-mezarina-baxmaga-xecalet-cekirem\/"},"modified":"2021-05-08T03:59:20","modified_gmt":"2021-05-08T03:59:20","slug":"oglunun-herbi-biletini-ala-bilmeyen-ana-ovladimin-mezarina-baxmaga-xecalet-cekirem","status":"publish","type":"post","link":"https:\/\/www.meydan.tv\/az\/article\/oglunun-herbi-biletini-ala-bilmeyen-ana-ovladimin-mezarina-baxmaga-xecalet-cekirem\/","title":{"rendered":"O\u011flunun h\u0259rbi biletini ala bilm\u0259y\u0259n ana: &#8220;\u00d6vlad\u0131m\u0131n m\u0259zar\u0131na baxma\u011fa x\u0259cal\u0259t \u00e7\u0259kir\u0259m&#8221;"},"content":{"rendered":"<figure class=\"wp-block-embed is-type-video is-provider-youtube wp-block-embed-youtube wp-embed-aspect-16-9 wp-has-aspect-ratio\">\n<div class=\"wp-block-embed__wrapper\">\n    <iframe\ttitle=\"O\u011flunun h\u0259rbi biletini ala bilm\u0259y\u0259n ana: \"\u00d6vlad\u0131m\u0131n m\u0259zar\u0131na baxma\u011fa x\u0259cal\u0259t \u00e7\u0259kir\u0259m\"\" width=\"1200\" height=\"675\" data-src=\"https:\/\/www.youtube.com\/embed\/4V-XJJP4e94\"\tframeborder=\"0\"\tallow=\"accelerometer; autoplay; clipboard-write; encrypted-media; gyroscope; picture-in-picture\" allowfullscreen src=\"data:image\/svg+xml;base64,PHN2ZyB3aWR0aD0iMSIgaGVpZ2h0PSIxIiB4bWxucz0iaHR0cDovL3d3dy53My5vcmcvMjAwMC9zdmciPjwvc3ZnPg==\" class=\"lazyload\" data-load-mode=\"1\"><\/iframe>\n  <\/div><figcaption>\n    O\u011flunun h\u0259rbi biletini ala bilm\u0259y\u0259n ana: &#8220;\u00d6vlad\u0131m\u0131n m\u0259zar\u0131na baxma\u011fa x\u0259cal\u0259t \u00e7\u0259kir\u0259m&#8221;<br \/>\n  <\/figcaption><\/figure>\n<p>\n  Yanvar\u0131n 7-d\u0259 ya\u015fad\u0131\u011f\u0131 Sulut\u0259p\u0259 q\u0259s\u0259b\u0259sind\u0259 intihar ed\u0259n \u0130kinci Qaraba\u011f M\u00fcharib\u0259si i\u015ftirak\u00e7\u0131s\u0131 Yunis M\u0259nsurovun h\u0259rbi bileti h\u0259l\u0259 d\u0259 ail\u0259sin\u0259 t\u0259hvil verilmir. Anas\u0131 G\u00fclar\u0259 M\u0259nsurovaya  S\u0259f\u0259rb\u0259rlik v\u0259 H\u0259rbi Xidm\u0259t\u0259 \u00c7a\u011f\u0131r\u0131\u015f \u00fczr\u0259 D\u00f6vl\u0259t Xidm\u0259tinin N\u0259simi rayon \u015f\u00f6b\u0259sind\u0259n s\u0259n\u0259din h\u0259rbi hiss\u0259d\u0259n g\u00f6nd\u0259rilm\u0259diyini deyibl\u0259r.\n<\/p>\n<p>\n  G\u00fclar\u0259 M\u0259nsurova deyir ki,  Yunis F\u00fczuli rayonunda x\u0259st\u0259xanaya m\u00fcayin\u0259 \u00fc\u00e7\u00fcn g\u00f6nd\u0259rils\u0259 d\u0259, sad\u0259c\u0259 qeydiyyata al\u0131n\u0131b v\u0259 \u0259laq\u0259 saxlan\u0131laca\u011f\u0131 deyilib. Ail\u0259sin\u0259 yanvar\u0131n 8-d\u0259 t\u0259rxis olunaca\u011f\u0131n\u0131 dey\u0259n Yunisi he\u00e7 kim m\u00fcayin\u0259 \u00fc\u00e7\u00fcn \u00e7a\u011f\u0131rmay\u0131b. Anas\u0131 deyir ki, evd\u0259 oldu\u011fu bir h\u0259ft\u0259 \u0259rzind\u0259 Yunis \u0259vv\u0259lki adam deyildi.\n<\/p>\n<p>\n  M\u00fcdafi\u0259 Nazirliyi yanvar\u0131n 9-da Yunis M\u0259nsurovun intihar etdiyini t\u0259sdiql\u0259mi\u015fdi. Bildirilmi\u015fdi ki, faktla ba\u011fl\u0131 cinay\u0259t i\u015fi a\u00e7\u0131l\u0131b. Nazirliyin m\u0259tbuat xidm\u0259ti Meydan TV-nin sor\u011fusuna cavab olaraq bildirib ki, Yunis M\u0259nsurovun h\u0259rbi bileti il\u0259 ba\u011fl\u0131 m\u0259s\u0259l\u0259 ara\u015fd\u0131r\u0131lacaq.<\/p>\n","protected":false},"excerpt":{"rendered":"<p>Yanvar\u0131n 7-d\u0259 ya\u015fad\u0131\u011f\u0131 Sulut\u0259p\u0259 q\u0259s\u0259b\u0259sind\u0259 intihar ed\u0259n \u0130kinci Qaraba\u011f M\u00fcharib\u0259si i\u015ftirak\u00e7\u0131s\u0131 Yunis M\u0259nsurovun h\u0259rbi bileti h\u0259l\u0259 d\u0259 ail\u0259sin\u0259 t\u0259hvil verilmir.<\/p>\n","protected":false},"author":11,"featured_media":160470,"comment_status":"closed","ping_status":"open","sticky":false,"template":"","format":"standard","meta":{"_acf_changed":false,"_sitemap_exclude":false,"_sitemap_priority":"","_sitemap_frequency":"","footnotes":""},"categories":[63],"tags":[],"class_list":["post-206163","post","type-post","status-publish","format-standard","has-post-thumbnail","hentry","category-video-2","infinite-scroll-item","generate-columns","tablet-grid-50","mobile-grid-100","grid-parent","grid-33","no-featured-image-padding"],"acf":[],"yoast_head":"<!-- This site is optimized with the Yoast SEO plugin v27.5 - https:\/\/yoast.com\/product\/yoast-seo-wordpress\/ -->\n<title>O\u011flunun h\u0259rbi biletini ala bilm\u0259y\u0259n ana: &quot;\u00d6vlad\u0131m\u0131n m\u0259zar\u0131na baxma\u011fa x\u0259cal\u0259t \u00e7\u0259kir\u0259m&quot; - MEYDAN.TV<\/title>\n<meta name=\"robots\" content=\"index, follow, max-snippet:-1, max-image-preview:large, max-video-preview:-1\" \/>\n<link rel=\"canonical\" href=\"https:\/\/www.meydan.tv\/az\/article\/oglunun-herbi-biletini-ala-bilmeyen-ana-ovladimin-mezarina-baxmaga-xecalet-cekirem\/\" \/>\n<meta property=\"og:locale\" content=\"az_AZ\" \/>\n<meta property=\"og:type\" content=\"article\" \/>\n<meta property=\"og:title\" content=\"O\u011flunun h\u0259rbi biletini ala bilm\u0259y\u0259n ana: &quot;\u00d6vlad\u0131m\u0131n m\u0259zar\u0131na baxma\u011fa x\u0259cal\u0259t \u00e7\u0259kir\u0259m&quot; - MEYDAN.TV\" \/>\n<meta property=\"og:description\" content=\"Yanvar\u0131n 7-d\u0259 ya\u015fad\u0131\u011f\u0131 Sulut\u0259p\u0259 q\u0259s\u0259b\u0259sind\u0259 intihar ed\u0259n \u0130kinci Qaraba\u011f M\u00fcharib\u0259si i\u015ftirak\u00e7\u0131s\u0131 Yunis M\u0259nsurovun h\u0259rbi bileti h\u0259l\u0259 d\u0259 ail\u0259sin\u0259 t\u0259hvil verilmir.\" \/>\n<meta property=\"og:url\" content=\"https:\/\/www.meydan.tv\/az\/article\/oglunun-herbi-biletini-ala-bilmeyen-ana-ovladimin-mezarina-baxmaga-xecalet-cekirem\/\" \/>\n<meta property=\"og:site_name\" content=\"MEYDAN.TV\" \/>\n<meta property=\"article:published_time\" content=\"2021-05-08T03:59:20+00:00\" \/>\n<meta property=\"og:image\" content=\"https:\/\/www.meydan.tv\/wp-content\/uploads\/23245534.png\" \/>\n\t<meta property=\"og:image:width\" content=\"1280\" \/>\n\t<meta property=\"og:image:height\" content=\"720\" \/>\n\t<meta property=\"og:image:type\" content=\"image\/png\" \/>\n<meta name=\"author\" content=\"user-manager\" \/>\n<meta name=\"twitter:card\" content=\"summary_large_image\" \/>\n<script type=\"application\/ld+json\" class=\"yoast-schema-graph\">{\"@context\":\"https:\\\/\\\/schema.org\",\"@graph\":[{\"@type\":\"Article\",\"@id\":\"https:\\\/\\\/www.meydan.tv\\\/az\\\/article\\\/oglunun-herbi-biletini-ala-bilmeyen-ana-ovladimin-mezarina-baxmaga-xecalet-cekirem\\\/#article\",\"isPartOf\":{\"@id\":\"https:\\\/\\\/www.meydan.tv\\\/az\\\/article\\\/oglunun-herbi-biletini-ala-bilmeyen-ana-ovladimin-mezarina-baxmaga-xecalet-cekirem\\\/\"},\"author\":{\"name\":\"user-manager\",\"@id\":\"https:\\\/\\\/www.meydan.tv\\\/az\\\/#\\\/schema\\\/person\\\/10d11eccf6da3662cf5fdab9806ea91a\"},\"headline\":\"O\u011flunun h\u0259rbi biletini ala bilm\u0259y\u0259n ana: &#8220;\u00d6vlad\u0131m\u0131n m\u0259zar\u0131na baxma\u011fa x\u0259cal\u0259t \u00e7\u0259kir\u0259m&#8221;\",\"datePublished\":\"2021-05-08T03:59:20+00:00\",\"mainEntityOfPage\":{\"@id\":\"https:\\\/\\\/www.meydan.tv\\\/az\\\/article\\\/oglunun-herbi-biletini-ala-bilmeyen-ana-ovladimin-mezarina-baxmaga-xecalet-cekirem\\\/\"},\"wordCount\":247,\"publisher\":{\"@id\":\"https:\\\/\\\/www.meydan.tv\\\/az\\\/#organization\"},\"image\":{\"@id\":\"https:\\\/\\\/www.meydan.tv\\\/az\\\/article\\\/oglunun-herbi-biletini-ala-bilmeyen-ana-ovladimin-mezarina-baxmaga-xecalet-cekirem\\\/#primaryimage\"},\"thumbnailUrl\":\"https:\\\/\\\/www.meydan.tv\\\/wp-content\\\/uploads\\\/23245534.png\",\"articleSection\":[\"Video\"],\"inLanguage\":\"az\"},{\"@type\":\"WebPage\",\"@id\":\"https:\\\/\\\/www.meydan.tv\\\/az\\\/article\\\/oglunun-herbi-biletini-ala-bilmeyen-ana-ovladimin-mezarina-baxmaga-xecalet-cekirem\\\/\",\"url\":\"https:\\\/\\\/www.meydan.tv\\\/az\\\/article\\\/oglunun-herbi-biletini-ala-bilmeyen-ana-ovladimin-mezarina-baxmaga-xecalet-cekirem\\\/\",\"name\":\"O\u011flunun h\u0259rbi biletini ala bilm\u0259y\u0259n ana: \\\"\u00d6vlad\u0131m\u0131n m\u0259zar\u0131na baxma\u011fa x\u0259cal\u0259t \u00e7\u0259kir\u0259m\\\" - MEYDAN.TV\",\"isPartOf\":{\"@id\":\"https:\\\/\\\/www.meydan.tv\\\/az\\\/#website\"},\"primaryImageOfPage\":{\"@id\":\"https:\\\/\\\/www.meydan.tv\\\/az\\\/article\\\/oglunun-herbi-biletini-ala-bilmeyen-ana-ovladimin-mezarina-baxmaga-xecalet-cekirem\\\/#primaryimage\"},\"image\":{\"@id\":\"https:\\\/\\\/www.meydan.tv\\\/az\\\/article\\\/oglunun-herbi-biletini-ala-bilmeyen-ana-ovladimin-mezarina-baxmaga-xecalet-cekirem\\\/#primaryimage\"},\"thumbnailUrl\":\"https:\\\/\\\/www.meydan.tv\\\/wp-content\\\/uploads\\\/23245534.png\",\"datePublished\":\"2021-05-08T03:59:20+00:00\",\"breadcrumb\":{\"@id\":\"https:\\\/\\\/www.meydan.tv\\\/az\\\/article\\\/oglunun-herbi-biletini-ala-bilmeyen-ana-ovladimin-mezarina-baxmaga-xecalet-cekirem\\\/#breadcrumb\"},\"inLanguage\":\"az\",\"potentialAction\":[{\"@type\":\"ReadAction\",\"target\":[\"https:\\\/\\\/www.meydan.tv\\\/az\\\/article\\\/oglunun-herbi-biletini-ala-bilmeyen-ana-ovladimin-mezarina-baxmaga-xecalet-cekirem\\\/\"]}]},{\"@type\":\"ImageObject\",\"inLanguage\":\"az\",\"@id\":\"https:\\\/\\\/www.meydan.tv\\\/az\\\/article\\\/oglunun-herbi-biletini-ala-bilmeyen-ana-ovladimin-mezarina-baxmaga-xecalet-cekirem\\\/#primaryimage\",\"url\":\"https:\\\/\\\/www.meydan.tv\\\/wp-content\\\/uploads\\\/23245534.png\",\"contentUrl\":\"https:\\\/\\\/www.meydan.tv\\\/wp-content\\\/uploads\\\/23245534.png\",\"width\":1280,\"height\":720,\"caption\":\"Source: Meydan.TV\"},{\"@type\":\"BreadcrumbList\",\"@id\":\"https:\\\/\\\/www.meydan.tv\\\/az\\\/article\\\/oglunun-herbi-biletini-ala-bilmeyen-ana-ovladimin-mezarina-baxmaga-xecalet-cekirem\\\/#breadcrumb\",\"itemListElement\":[{\"@type\":\"ListItem\",\"position\":1,\"name\":\"Ana s\u0259hif\u0259\",\"item\":\"https:\\\/\\\/www.meydan.tv\\\/az\\\/\"},{\"@type\":\"ListItem\",\"position\":2,\"name\":\"Video\",\"item\":\"https:\\\/\\\/www.meydan.tv\\\/az\\\/section\\\/video-2\\\/\"},{\"@type\":\"ListItem\",\"position\":3,\"name\":\"O\u011flunun h\u0259rbi biletini ala bilm\u0259y\u0259n ana: &#8220;\u00d6vlad\u0131m\u0131n m\u0259zar\u0131na baxma\u011fa x\u0259cal\u0259t \u00e7\u0259kir\u0259m&#8221;\"}]},{\"@type\":\"WebSite\",\"@id\":\"https:\\\/\\\/www.meydan.tv\\\/az\\\/#website\",\"url\":\"https:\\\/\\\/www.meydan.tv\\\/az\\\/\",\"name\":\"MEYDAN.TV\",\"description\":\"Meydan TV Az\u0259rbaycan\u0131n media m\u0259kan\u0131ndak\u0131 alternativ s\u0259sidir\",\"publisher\":{\"@id\":\"https:\\\/\\\/www.meydan.tv\\\/az\\\/#organization\"},\"potentialAction\":[{\"@type\":\"SearchAction\",\"target\":{\"@type\":\"EntryPoint\",\"urlTemplate\":\"https:\\\/\\\/www.meydan.tv\\\/az\\\/?s={search_term_string}\"},\"query-input\":{\"@type\":\"PropertyValueSpecification\",\"valueRequired\":true,\"valueName\":\"search_term_string\"}}],\"inLanguage\":\"az\"},{\"@type\":\"Organization\",\"@id\":\"https:\\\/\\\/www.meydan.tv\\\/az\\\/#organization\",\"name\":\"Meydan TV\",\"url\":\"https:\\\/\\\/www.meydan.tv\\\/az\\\/\",\"logo\":{\"@type\":\"ImageObject\",\"inLanguage\":\"az\",\"@id\":\"https:\\\/\\\/www.meydan.tv\\\/az\\\/#\\\/schema\\\/logo\\\/image\\\/\",\"url\":\"https:\\\/\\\/www.meydan.tv\\\/wp-content\\\/uploads\\\/2021\\\/07\\\/meydan-logo.svg\",\"contentUrl\":\"https:\\\/\\\/www.meydan.tv\\\/wp-content\\\/uploads\\\/2021\\\/07\\\/meydan-logo.svg\",\"width\":195,\"height\":46,\"caption\":\"Meydan TV\"},\"image\":{\"@id\":\"https:\\\/\\\/www.meydan.tv\\\/az\\\/#\\\/schema\\\/logo\\\/image\\\/\"}},{\"@type\":\"Person\",\"@id\":\"https:\\\/\\\/www.meydan.tv\\\/az\\\/#\\\/schema\\\/person\\\/10d11eccf6da3662cf5fdab9806ea91a\",\"name\":\"user-manager\"}]}<\/script>\n<!-- \/ Yoast SEO plugin. -->","yoast_head_json":{"title":"O\u011flunun h\u0259rbi biletini ala bilm\u0259y\u0259n ana: \"\u00d6vlad\u0131m\u0131n m\u0259zar\u0131na baxma\u011fa x\u0259cal\u0259t \u00e7\u0259kir\u0259m\" - MEYDAN.TV","robots":{"index":"index","follow":"follow","max-snippet":"max-snippet:-1","max-image-preview":"max-image-preview:large","max-video-preview":"max-video-preview:-1"},"canonical":"https:\/\/www.meydan.tv\/az\/article\/oglunun-herbi-biletini-ala-bilmeyen-ana-ovladimin-mezarina-baxmaga-xecalet-cekirem\/","og_locale":"az_AZ","og_type":"article","og_title":"O\u011flunun h\u0259rbi biletini ala bilm\u0259y\u0259n ana: \"\u00d6vlad\u0131m\u0131n m\u0259zar\u0131na baxma\u011fa x\u0259cal\u0259t \u00e7\u0259kir\u0259m\" - MEYDAN.TV","og_description":"Yanvar\u0131n 7-d\u0259 ya\u015fad\u0131\u011f\u0131 Sulut\u0259p\u0259 q\u0259s\u0259b\u0259sind\u0259 intihar ed\u0259n \u0130kinci Qaraba\u011f M\u00fcharib\u0259si i\u015ftirak\u00e7\u0131s\u0131 Yunis M\u0259nsurovun h\u0259rbi bileti h\u0259l\u0259 d\u0259 ail\u0259sin\u0259 t\u0259hvil verilmir.","og_url":"https:\/\/www.meydan.tv\/az\/article\/oglunun-herbi-biletini-ala-bilmeyen-ana-ovladimin-mezarina-baxmaga-xecalet-cekirem\/","og_site_name":"MEYDAN.TV","article_published_time":"2021-05-08T03:59:20+00:00","og_image":[{"width":1280,"height":720,"url":"https:\/\/www.meydan.tv\/wp-content\/uploads\/23245534.png","type":"image\/png"}],"author":"user-manager","twitter_card":"summary_large_image","schema":{"@context":"https:\/\/schema.org","@graph":[{"@type":"Article","@id":"https:\/\/www.meydan.tv\/az\/article\/oglunun-herbi-biletini-ala-bilmeyen-ana-ovladimin-mezarina-baxmaga-xecalet-cekirem\/#article","isPartOf":{"@id":"https:\/\/www.meydan.tv\/az\/article\/oglunun-herbi-biletini-ala-bilmeyen-ana-ovladimin-mezarina-baxmaga-xecalet-cekirem\/"},"author":{"name":"user-manager","@id":"https:\/\/www.meydan.tv\/az\/#\/schema\/person\/10d11eccf6da3662cf5fdab9806ea91a"},"headline":"O\u011flunun h\u0259rbi biletini ala bilm\u0259y\u0259n ana: &#8220;\u00d6vlad\u0131m\u0131n m\u0259zar\u0131na baxma\u011fa x\u0259cal\u0259t \u00e7\u0259kir\u0259m&#8221;","datePublished":"2021-05-08T03:59:20+00:00","mainEntityOfPage":{"@id":"https:\/\/www.meydan.tv\/az\/article\/oglunun-herbi-biletini-ala-bilmeyen-ana-ovladimin-mezarina-baxmaga-xecalet-cekirem\/"},"wordCount":247,"publisher":{"@id":"https:\/\/www.meydan.tv\/az\/#organization"},"image":{"@id":"https:\/\/www.meydan.tv\/az\/article\/oglunun-herbi-biletini-ala-bilmeyen-ana-ovladimin-mezarina-baxmaga-xecalet-cekirem\/#primaryimage"},"thumbnailUrl":"https:\/\/www.meydan.tv\/wp-content\/uploads\/23245534.png","articleSection":["Video"],"inLanguage":"az"},{"@type":"WebPage","@id":"https:\/\/www.meydan.tv\/az\/article\/oglunun-herbi-biletini-ala-bilmeyen-ana-ovladimin-mezarina-baxmaga-xecalet-cekirem\/","url":"https:\/\/www.meydan.tv\/az\/article\/oglunun-herbi-biletini-ala-bilmeyen-ana-ovladimin-mezarina-baxmaga-xecalet-cekirem\/","name":"O\u011flunun h\u0259rbi biletini ala bilm\u0259y\u0259n ana: \"\u00d6vlad\u0131m\u0131n m\u0259zar\u0131na baxma\u011fa x\u0259cal\u0259t \u00e7\u0259kir\u0259m\" - MEYDAN.TV","isPartOf":{"@id":"https:\/\/www.meydan.tv\/az\/#website"},"primaryImageOfPage":{"@id":"https:\/\/www.meydan.tv\/az\/article\/oglunun-herbi-biletini-ala-bilmeyen-ana-ovladimin-mezarina-baxmaga-xecalet-cekirem\/#primaryimage"},"image":{"@id":"https:\/\/www.meydan.tv\/az\/article\/oglunun-herbi-biletini-ala-bilmeyen-ana-ovladimin-mezarina-baxmaga-xecalet-cekirem\/#primaryimage"},"thumbnailUrl":"https:\/\/www.meydan.tv\/wp-content\/uploads\/23245534.png","datePublished":"2021-05-08T03:59:20+00:00","breadcrumb":{"@id":"https:\/\/www.meydan.tv\/az\/article\/oglunun-herbi-biletini-ala-bilmeyen-ana-ovladimin-mezarina-baxmaga-xecalet-cekirem\/#breadcrumb"},"inLanguage":"az","potentialAction":[{"@type":"ReadAction","target":["https:\/\/www.meydan.tv\/az\/article\/oglunun-herbi-biletini-ala-bilmeyen-ana-ovladimin-mezarina-baxmaga-xecalet-cekirem\/"]}]},{"@type":"ImageObject","inLanguage":"az","@id":"https:\/\/www.meydan.tv\/az\/article\/oglunun-herbi-biletini-ala-bilmeyen-ana-ovladimin-mezarina-baxmaga-xecalet-cekirem\/#primaryimage","url":"https:\/\/www.meydan.tv\/wp-content\/uploads\/23245534.png","contentUrl":"https:\/\/www.meydan.tv\/wp-content\/uploads\/23245534.png","width":1280,"height":720,"caption":"Source: Meydan.TV"},{"@type":"BreadcrumbList","@id":"https:\/\/www.meydan.tv\/az\/article\/oglunun-herbi-biletini-ala-bilmeyen-ana-ovladimin-mezarina-baxmaga-xecalet-cekirem\/#breadcrumb","itemListElement":[{"@type":"ListItem","position":1,"name":"Ana s\u0259hif\u0259","item":"https:\/\/www.meydan.tv\/az\/"},{"@type":"ListItem","position":2,"name":"Video","item":"https:\/\/www.meydan.tv\/az\/section\/video-2\/"},{"@type":"ListItem","position":3,"name":"O\u011flunun h\u0259rbi biletini ala bilm\u0259y\u0259n ana: &#8220;\u00d6vlad\u0131m\u0131n m\u0259zar\u0131na baxma\u011fa x\u0259cal\u0259t \u00e7\u0259kir\u0259m&#8221;"}]},{"@type":"WebSite","@id":"https:\/\/www.meydan.tv\/az\/#website","url":"https:\/\/www.meydan.tv\/az\/","name":"MEYDAN.TV","description":"Meydan TV Az\u0259rbaycan\u0131n media m\u0259kan\u0131ndak\u0131 alternativ s\u0259sidir","publisher":{"@id":"https:\/\/www.meydan.tv\/az\/#organization"},"potentialAction":[{"@type":"SearchAction","target":{"@type":"EntryPoint","urlTemplate":"https:\/\/www.meydan.tv\/az\/?s={search_term_string}"},"query-input":{"@type":"PropertyValueSpecification","valueRequired":true,"valueName":"search_term_string"}}],"inLanguage":"az"},{"@type":"Organization","@id":"https:\/\/www.meydan.tv\/az\/#organization","name":"Meydan TV","url":"https:\/\/www.meydan.tv\/az\/","logo":{"@type":"ImageObject","inLanguage":"az","@id":"https:\/\/www.meydan.tv\/az\/#\/schema\/logo\/image\/","url":"https:\/\/www.meydan.tv\/wp-content\/uploads\/2021\/07\/meydan-logo.svg","contentUrl":"https:\/\/www.meydan.tv\/wp-content\/uploads\/2021\/07\/meydan-logo.svg","width":195,"height":46,"caption":"Meydan TV"},"image":{"@id":"https:\/\/www.meydan.tv\/az\/#\/schema\/logo\/image\/"}},{"@type":"Person","@id":"https:\/\/www.meydan.tv\/az\/#\/schema\/person\/10d11eccf6da3662cf5fdab9806ea91a","name":"user-manager"}]}},"_links":{"self":[{"href":"https:\/\/www.meydan.tv\/az\/wp-json\/wp\/v2\/posts\/206163","targetHints":{"allow":["GET"]}}],"collection":[{"href":"https:\/\/www.meydan.tv\/az\/wp-json\/wp\/v2\/posts"}],"about":[{"href":"https:\/\/www.meydan.tv\/az\/wp-json\/wp\/v2\/types\/post"}],"author":[{"embeddable":true,"href":"https:\/\/www.meydan.tv\/az\/wp-json\/wp\/v2\/users\/11"}],"replies":[{"embeddable":true,"href":"https:\/\/www.meydan.tv\/az\/wp-json\/wp\/v2\/comments?post=206163"}],"version-history":[{"count":0,"href":"https:\/\/www.meydan.tv\/az\/wp-json\/wp\/v2\/posts\/206163\/revisions"}],"wp:featuredmedia":[{"embeddable":true,"href":"https:\/\/www.meydan.tv\/az\/wp-json\/wp\/v2\/media\/160470"}],"wp:attachment":[{"href":"https:\/\/www.meydan.tv\/az\/wp-json\/wp\/v2\/media?parent=206163"}],"wp:term":[{"taxonomy":"category","embeddable":true,"href":"https:\/\/www.meydan.tv\/az\/wp-json\/wp\/v2\/categories?post=206163"},{"taxonomy":"post_tag","embeddable":true,"href":"https:\/\/www.meydan.tv\/az\/wp-json\/wp\/v2\/tags?post=206163"}],"curies":[{"name":"wp","href":"https:\/\/api.w.org\/{rel}","templated":true}]}}