{"id":206145,"date":"2021-05-07T10:26:21","date_gmt":"2021-05-07T10:26:21","guid":{"rendered":"https:\/\/www.meydan.tv\/article\/susa-azerbaycanin-medeniyyet-paytaxti-elan-edildi\/"},"modified":"2021-05-07T10:26:21","modified_gmt":"2021-05-07T10:26:21","slug":"susa-azerbaycanin-medeniyyet-paytaxti-elan-edildi","status":"publish","type":"post","link":"https:\/\/www.meydan.tv\/az\/article\/susa-azerbaycanin-medeniyyet-paytaxti-elan-edildi\/","title":{"rendered":"\u015eu\u015fa Az\u0259rbaycan\u0131n m\u0259d\u0259niyy\u0259t paytaxt\u0131 elan edildi"},"content":{"rendered":"<p>\n  <i><br \/>\n    \u0130lham \u018fliyev s\u0259r\u0259ncam imzalad\u0131<br \/>\n  <\/i>\n<\/p>\n<p>\n  \u015eu\u015fa \u015f\u0259h\u0259ri Az\u0259rbaycan\u0131n m\u0259d\u0259niyy\u0259t paytaxt\u0131 elan edilib.\n<\/p>\n<p>\n  Bu bar\u0259d\u0259 d\u00f6vl\u0259t ba\u015f\u00e7\u0131s\u0131 \u0130lham \u018fliyev may\u0131n 7-d\u0259 s\u0259r\u0259ncam<br \/>\n  <a href=\"https:\/\/president.az\/articles\/51394\"><br \/>\n    imzalay\u0131b<br \/>\n  <\/a><br \/>\n  .\n<\/p>\n<p>\n  S\u0259n\u0259dd\u0259 deyilir: &quot;Tarixi-m\u0259d\u0259ni \u0259h\u0259miyy\u0259ti v\u0259 Az\u0259rbaycan xalq\u0131 \u00fc\u00e7\u00fcn m\u00fcst\u0259sna m\u0259n\u0259vi d\u0259y\u0259r\u0259 malik olmas\u0131 \u015eu\u015faya x\u00fcsusi qay\u011f\u0131 v\u0259 h\u0259ssasl\u0131qla yana\u015f\u0131lmas\u0131n\u0131 z\u0259ruri edir. Bu bax\u0131mdan, \u015eu\u015fada d\u00f6vl\u0259t idar\u0259etm\u0259sinin v\u0259 h\u00fcquqi t\u0259nziml\u0259m\u0259nin daha da t\u0259kmill\u0259\u015fdirilm\u0259si \u015f\u0259h\u0259rd\u0259 tarixi-m\u0259d\u0259ni irsin b\u0259rpas\u0131na v\u0259 qorunub saxlanmas\u0131na xidm\u0259t etm\u0259kl\u0259 yana\u015f\u0131, onun daim inki\u015faf\u0131na \u015f\u0259rait yaradacaqd\u0131r. \u015eu\u015fa \u015f\u0259h\u0259rinin tarixi g\u00f6rk\u0259minin b\u0259rpas\u0131, \u0259vv\u0259lki \u015f\u00f6hr\u0259tinin \u00f6z\u00fcn\u0259 qaytar\u0131lmas\u0131 v\u0259 \u0259n\u0259n\u0259vi dol\u011fun m\u0259d\u0259ni h\u0259yat\u0131na qovu\u015fmas\u0131, el\u0259c\u0259 d\u0259 Az\u0259rbaycan\u0131n \u00e7ox\u0259srlik z\u0259ngin m\u0259d\u0259niyy\u0259tinin, memarl\u0131q v\u0259 \u015f\u0259h\u0259rsalma s\u0259n\u0259tinin parlaq incisi kimi beyn\u0259lxalq al\u0259md\u0259 t\u0259bli\u011fi m\u0259qs\u0259dil\u0259 m\u0259d\u0259niyy\u0259t paytaxt\u0131 elan edilir&quot;.\n<\/p>\n<p>\n  \u015eu\u015fa \u015f\u0259h\u0259ri 2020-ci il noyabr\u0131n 8-d\u0259 i\u015f\u011faldan azad olunub.<\/p>\n","protected":false},"excerpt":{"rendered":"<p>\u015eu\u015fa \u015f\u0259h\u0259ri 2020-ci il noyabr\u0131n 8-d\u0259 i\u015f\u011faldan azad olunub.<\/p>\n","protected":false},"author":11,"featured_media":151090,"comment_status":"closed","ping_status":"open","sticky":false,"template":"","format":"standard","meta":{"_acf_changed":false,"_sitemap_exclude":false,"_sitemap_priority":"","_sitemap_frequency":"","footnotes":""},"categories":[52],"tags":[],"class_list":["post-206145","post","type-post","status-publish","format-standard","has-post-thumbnail","hentry","category-medeniyyet","infinite-scroll-item","generate-columns","tablet-grid-50","mobile-grid-100","grid-parent","grid-33","no-featured-image-padding"],"acf":[],"yoast_head":"<!-- This site is optimized with the Yoast SEO plugin v28.4 - https:\/\/yoast.com\/product\/yoast-seo-wordpress\/ -->\n<title>\u015eu\u015fa Az\u0259rbaycan\u0131n m\u0259d\u0259niyy\u0259t paytaxt\u0131 elan edildi - MEYDAN.TV<\/title>\n<meta name=\"robots\" content=\"index, follow, max-snippet:-1, max-image-preview:large, max-video-preview:-1\" \/>\n<link rel=\"canonical\" href=\"https:\/\/www.meydan.tv\/az\/article\/susa-azerbaycanin-medeniyyet-paytaxti-elan-edildi\/\" \/>\n<meta property=\"og:locale\" content=\"az_AZ\" \/>\n<meta property=\"og:type\" content=\"article\" \/>\n<meta property=\"og:title\" content=\"\u015eu\u015fa Az\u0259rbaycan\u0131n m\u0259d\u0259niyy\u0259t paytaxt\u0131 elan edildi - MEYDAN.TV\" \/>\n<meta property=\"og:description\" content=\"\u015eu\u015fa \u015f\u0259h\u0259ri 2020-ci il noyabr\u0131n 8-d\u0259 i\u015f\u011faldan azad olunub.\" \/>\n<meta property=\"og:url\" content=\"https:\/\/www.meydan.tv\/az\/article\/susa-azerbaycanin-medeniyyet-paytaxti-elan-edildi\/\" \/>\n<meta property=\"og:site_name\" content=\"MEYDAN.TV\" \/>\n<meta property=\"article:published_time\" content=\"2021-05-07T10:26:21+00:00\" \/>\n<meta property=\"og:image\" content=\"https:\/\/www.meydan.tv\/wp-content\/uploads\/image_from_ios_8_kahrqnu-scaled.jpg\" \/>\n\t<meta property=\"og:image:width\" content=\"2560\" \/>\n\t<meta property=\"og:image:height\" content=\"1707\" \/>\n\t<meta property=\"og:image:type\" content=\"image\/jpeg\" \/>\n<meta name=\"twitter:card\" content=\"summary_large_image\" \/>\n<!-- \/ Yoast SEO plugin. -->","yoast_head_json":{"title":"\u015eu\u015fa Az\u0259rbaycan\u0131n m\u0259d\u0259niyy\u0259t paytaxt\u0131 elan edildi - MEYDAN.TV","robots":{"index":"index","follow":"follow","max-snippet":"max-snippet:-1","max-image-preview":"max-image-preview:large","max-video-preview":"max-video-preview:-1"},"canonical":"https:\/\/www.meydan.tv\/az\/article\/susa-azerbaycanin-medeniyyet-paytaxti-elan-edildi\/","og_locale":"az_AZ","og_type":"article","og_title":"\u015eu\u015fa Az\u0259rbaycan\u0131n m\u0259d\u0259niyy\u0259t paytaxt\u0131 elan edildi - MEYDAN.TV","og_description":"\u015eu\u015fa \u015f\u0259h\u0259ri 2020-ci il noyabr\u0131n 8-d\u0259 i\u015f\u011faldan azad olunub.","og_url":"https:\/\/www.meydan.tv\/az\/article\/susa-azerbaycanin-medeniyyet-paytaxti-elan-edildi\/","og_site_name":"MEYDAN.TV","article_published_time":"2021-05-07T10:26:21+00:00","og_image":[{"width":2560,"height":1707,"url":"https:\/\/www.meydan.tv\/wp-content\/uploads\/image_from_ios_8_kahrqnu-scaled.jpg","type":"image\/jpeg"}],"twitter_card":"summary_large_image","schema":{"@context":"https:\/\/schema.org","@graph":[{"@type":"Article","@id":"https:\/\/www.meydan.tv\/az\/article\/susa-azerbaycanin-medeniyyet-paytaxti-elan-edildi\/#article","isPartOf":{"@id":"https:\/\/www.meydan.tv\/az\/article\/susa-azerbaycanin-medeniyyet-paytaxti-elan-edildi\/"},"author":{"name":"user-manager","@id":"https:\/\/www.meydan.tv\/az\/#\/schema\/person\/10d11eccf6da3662cf5fdab9806ea91a"},"headline":"\u015eu\u015fa Az\u0259rbaycan\u0131n m\u0259d\u0259niyy\u0259t paytaxt\u0131 elan edildi","datePublished":"2021-05-07T10:26:21+00:00","mainEntityOfPage":{"@id":"https:\/\/www.meydan.tv\/az\/article\/susa-azerbaycanin-medeniyyet-paytaxti-elan-edildi\/"},"wordCount":230,"publisher":{"@id":"https:\/\/www.meydan.tv\/az\/#organization"},"image":{"@id":"https:\/\/www.meydan.tv\/az\/article\/susa-azerbaycanin-medeniyyet-paytaxti-elan-edildi\/#primaryimage"},"thumbnailUrl":"https:\/\/www.meydan.tv\/wp-content\/uploads\/image_from_ios_8_kahrqnu-scaled.jpg","articleSection":["M\u0259d\u0259niyy\u0259t"],"inLanguage":"az"},{"@type":"WebPage","@id":"https:\/\/www.meydan.tv\/az\/article\/susa-azerbaycanin-medeniyyet-paytaxti-elan-edildi\/","url":"https:\/\/www.meydan.tv\/az\/article\/susa-azerbaycanin-medeniyyet-paytaxti-elan-edildi\/","name":"\u015eu\u015fa Az\u0259rbaycan\u0131n m\u0259d\u0259niyy\u0259t paytaxt\u0131 elan edildi - MEYDAN.TV","isPartOf":{"@id":"https:\/\/www.meydan.tv\/az\/#website"},"primaryImageOfPage":{"@id":"https:\/\/www.meydan.tv\/az\/article\/susa-azerbaycanin-medeniyyet-paytaxti-elan-edildi\/#primaryimage"},"image":{"@id":"https:\/\/www.meydan.tv\/az\/article\/susa-azerbaycanin-medeniyyet-paytaxti-elan-edildi\/#primaryimage"},"thumbnailUrl":"https:\/\/www.meydan.tv\/wp-content\/uploads\/image_from_ios_8_kahrqnu-scaled.jpg","datePublished":"2021-05-07T10:26:21+00:00","breadcrumb":{"@id":"https:\/\/www.meydan.tv\/az\/article\/susa-azerbaycanin-medeniyyet-paytaxti-elan-edildi\/#breadcrumb"},"inLanguage":"az","potentialAction":[{"@type":"ReadAction","target":["https:\/\/www.meydan.tv\/az\/article\/susa-azerbaycanin-medeniyyet-paytaxti-elan-edildi\/"]}]},{"@type":"ImageObject","inLanguage":"az","@id":"https:\/\/www.meydan.tv\/az\/article\/susa-azerbaycanin-medeniyyet-paytaxti-elan-edildi\/#primaryimage","url":"https:\/\/www.meydan.tv\/wp-content\/uploads\/image_from_ios_8_kahrqnu-scaled.jpg","contentUrl":"https:\/\/www.meydan.tv\/wp-content\/uploads\/image_from_ios_8_kahrqnu-scaled.jpg","width":2560,"height":1707,"caption":"Foto: Meydan TV"},{"@type":"BreadcrumbList","@id":"https:\/\/www.meydan.tv\/az\/article\/susa-azerbaycanin-medeniyyet-paytaxti-elan-edildi\/#breadcrumb","itemListElement":[{"@type":"ListItem","position":1,"name":"Ana s\u0259hif\u0259","item":"https:\/\/www.meydan.tv\/az\/"},{"@type":"ListItem","position":2,"name":"M\u0259d\u0259niyy\u0259t","item":"https:\/\/www.meydan.tv\/az\/section\/medeniyyet\/"},{"@type":"ListItem","position":3,"name":"\u015eu\u015fa Az\u0259rbaycan\u0131n m\u0259d\u0259niyy\u0259t paytaxt\u0131 elan edildi"}]},{"@type":"WebSite","@id":"https:\/\/www.meydan.tv\/az\/#website","url":"https:\/\/www.meydan.tv\/az\/","name":"MEYDAN.TV","description":"Meydan TV Az\u0259rbaycan\u0131n media m\u0259kan\u0131ndak\u0131 alternativ s\u0259sidir","publisher":{"@id":"https:\/\/www.meydan.tv\/az\/#organization"},"potentialAction":[{"@type":"SearchAction","target":{"@type":"EntryPoint","urlTemplate":"https:\/\/www.meydan.tv\/az\/?s={search_term_string}"},"query-input":{"@type":"PropertyValueSpecification","valueRequired":true,"valueName":"search_term_string"}}],"inLanguage":"az"},{"@type":"Organization","@id":"https:\/\/www.meydan.tv\/az\/#organization","name":"Meydan TV","url":"https:\/\/www.meydan.tv\/az\/","logo":{"@type":"ImageObject","inLanguage":"az","@id":"https:\/\/www.meydan.tv\/az\/#\/schema\/logo\/image\/","url":"https:\/\/www.meydan.tv\/wp-content\/uploads\/2021\/07\/meydan-logo.svg","contentUrl":"https:\/\/www.meydan.tv\/wp-content\/uploads\/2021\/07\/meydan-logo.svg","width":195,"height":46,"caption":"Meydan TV"},"image":{"@id":"https:\/\/www.meydan.tv\/az\/#\/schema\/logo\/image\/"}},{"@type":"Person","@id":"https:\/\/www.meydan.tv\/az\/#\/schema\/person\/10d11eccf6da3662cf5fdab9806ea91a","name":"user-manager"}]}},"_links":{"self":[{"href":"https:\/\/www.meydan.tv\/az\/wp-json\/wp\/v2\/posts\/206145","targetHints":{"allow":["GET"]}}],"collection":[{"href":"https:\/\/www.meydan.tv\/az\/wp-json\/wp\/v2\/posts"}],"about":[{"href":"https:\/\/www.meydan.tv\/az\/wp-json\/wp\/v2\/types\/post"}],"author":[{"embeddable":true,"href":"https:\/\/www.meydan.tv\/az\/wp-json\/wp\/v2\/users\/11"}],"replies":[{"embeddable":true,"href":"https:\/\/www.meydan.tv\/az\/wp-json\/wp\/v2\/comments?post=206145"}],"version-history":[{"count":0,"href":"https:\/\/www.meydan.tv\/az\/wp-json\/wp\/v2\/posts\/206145\/revisions"}],"wp:featuredmedia":[{"embeddable":true,"href":"https:\/\/www.meydan.tv\/az\/wp-json\/wp\/v2\/media\/151090"}],"wp:attachment":[{"href":"https:\/\/www.meydan.tv\/az\/wp-json\/wp\/v2\/media?parent=206145"}],"wp:term":[{"taxonomy":"category","embeddable":true,"href":"https:\/\/www.meydan.tv\/az\/wp-json\/wp\/v2\/categories?post=206145"},{"taxonomy":"post_tag","embeddable":true,"href":"https:\/\/www.meydan.tv\/az\/wp-json\/wp\/v2\/tags?post=206145"}],"curies":[{"name":"wp","href":"https:\/\/api.w.org\/{rel}","templated":true}]}}