{"id":206114,"date":"2021-05-05T10:24:36","date_gmt":"2021-05-05T10:24:36","guid":{"rendered":"https:\/\/www.meydan.tv\/article\/teatr-tenqidcisi-azerbaycanda-musteqil-teatrlar-ucun-guzestler-olmalidir\/"},"modified":"2021-05-05T10:24:36","modified_gmt":"2021-05-05T10:24:36","slug":"teatr-tenqidcisi-azerbaycanda-musteqil-teatrlar-ucun-guzestler-olmalidir","status":"publish","type":"post","link":"https:\/\/www.meydan.tv\/az\/article\/teatr-tenqidcisi-azerbaycanda-musteqil-teatrlar-ucun-guzestler-olmalidir\/","title":{"rendered":"Teatr t\u0259nqid\u00e7isi: Az\u0259rbaycanda m\u00fcst\u0259qil teatrlar \u00fc\u00e7\u00fcn g\u00fcz\u0259\u015ftl\u0259r olmal\u0131d\u0131r"},"content":{"rendered":"<p>\n  <i><br \/>\n    &quot;\u00d6z\u00fcn\u00fc tan\u0131da bilm\u0259m\u0259k t\u0259k d\u00f6vl\u0259t deyil, m\u00fcst\u0259qil teatrlar\u0131n da problemidir&quot;<br \/>\n  <\/i>\n<\/p>\n<p>\n  \u201cB\u00fct\u00fcn d\u00fcnyada m\u00f6vcud pandemiya il\u0259 \u0259laq\u0259dar teatrlar \u00e7\u0259tinlik ya\u015fay\u0131r. Bu bax\u0131mdan Az\u0259rbaycanda m\u00fcst\u0259qil teatrlara d\u0259st\u0259k laz\u0131md\u0131r. D\u00f6vl\u0259t d\u0259st\u0259yi il\u0259 yana\u015f\u0131, onlar \u00fc\u00e7\u00fcn m\u00fc\u0259yy\u0259n g\u00fcz\u0259\u015ftl\u0259r olmal\u0131d\u0131r ki, ya\u015faya bilsinl\u0259r\u201d.\n<\/p>\n<p>\n  Teatr t\u0259nqid\u00e7isi Aliy\u0259 Dada\u015fova Meydan TV-y\u0259 a\u00e7\u0131qlamas\u0131nda bel\u0259 deyir.\n<\/p>\n<p>\n  Bildirir ki, d\u0259st\u0259k edilm\u0259y\u0259n m\u00fcst\u0259qil teatrlar\u0131n f\u0259aliyy\u0259ti d\u0259 uzun\u00f6m\u00fcrl\u00fc olmur: \u201c\u00c7ox \u00fcmid b\u0259sl\u0259diyimiz \u201cOL\u201d, \u201c\u00c7\u0131x\u0131\u015f\u201d kimi teatrlar yaran\u0131b. Onlar\u0131n yarad\u0131c\u0131 i\u015fin\u0259 b\u00f6y\u00fck inam vard\u0131. Lakin t\u0259\u0259ss\u00fcf ki, f\u0259aliyy\u0259tl\u0259rini davam etdir\u0259 bilm\u0259dil\u0259r. \u201c\u00c7\u0131x\u0131\u015f\u201d teatr\u0131n\u0131n c\u0259mi bir tama\u015fas\u0131 g\u00f6st\u0259rildi. M\u0259kan olmad\u0131, truppa da\u011f\u0131ld\u0131. M\u00fcst\u0259qil teatrlar stabilliyi, dayan\u0131ql\u0131l\u0131\u011f\u0131 saxlaya bilmir. Pandemiya il\u0259 \u0259laq\u0259dar b\u00fct\u00fcn d\u00fcnya teatrlar\u0131 b\u00f6hran ya\u015fay\u0131r\u201d.\n<\/p>\n<p>\n  Aliy\u0259 Dada\u015fova deyir ki, \u201cAz\u0259rbaycan teatr\u0131 2009-2019-cu ill\u0259rd\u0259\u201d d\u00f6vl\u0259t proqram\u0131 vard\u0131. M\u0259qs\u0259di teatrlar\u0131n inki\u015faf\u0131na t\u0259kan verm\u0259k idi: \u201cProqram\u0131n yenid\u0259n uzad\u0131lmas\u0131 g\u00f6zl\u0259nilirdi, olmad\u0131. Son ill\u0259r nazirlik m\u00fcst\u0259qil teatrlara tama\u015fa n\u00fcmayi\u015fi \u00fc\u00e7\u00fcn ayda iki d\u0259f\u0259 d\u00f6vl\u0259t teatrlar\u0131nda s\u0259hn\u0259 verirdi. Tamamil\u0259 pulsuz \u015f\u0259kild\u0259 m\u00fcst\u0259qil teatrlar \u00f6z tama\u015falar\u0131n\u0131 t\u0259qdim etm\u0259li idil\u0259r. H\u0259tta teatrlar vard\u0131 ki, bir d\u0259f\u0259 oynad\u0131lar, lakin ikinci d\u0259f\u0259y\u0259 art\u0131q tama\u015fa\u00e7\u0131 toplaya bilm\u0259dil\u0259r. Sosial \u015f\u0259b\u0259k\u0259l\u0259rl\u0259 i\u015fl\u0259m\u0259m\u0259k, piar qurmama\u011f\u0131n s\u0259b\u0259bidir. \u00d6z\u00fcn\u00fc tan\u0131da bilm\u0259m\u0259k &#8211; t\u0259k d\u00f6vl\u0259t deyil, m\u00fcst\u0259qil teatrlar\u0131n da problemidir\u201d.<\/p>\n","protected":false},"excerpt":{"rendered":"<p>\u201cProqram\u0131n yenid\u0259n uzad\u0131lmas\u0131 g\u00f6zl\u0259nilirdi, olmad\u0131\u201d.<\/p>\n","protected":false},"author":11,"featured_media":78306,"comment_status":"closed","ping_status":"open","sticky":false,"template":"","format":"standard","meta":{"_acf_changed":false,"_sitemap_exclude":false,"_sitemap_priority":"","_sitemap_frequency":"","footnotes":""},"categories":[52],"tags":[],"class_list":["post-206114","post","type-post","status-publish","format-standard","has-post-thumbnail","hentry","category-medeniyyet","infinite-scroll-item","generate-columns","tablet-grid-50","mobile-grid-100","grid-parent","grid-33","no-featured-image-padding"],"acf":[],"yoast_head":"<!-- This site is optimized with the Yoast SEO plugin v27.4 - https:\/\/yoast.com\/product\/yoast-seo-wordpress\/ -->\n<title>Teatr t\u0259nqid\u00e7isi: Az\u0259rbaycanda m\u00fcst\u0259qil teatrlar \u00fc\u00e7\u00fcn g\u00fcz\u0259\u015ftl\u0259r olmal\u0131d\u0131r - MEYDAN.TV<\/title>\n<meta name=\"robots\" content=\"index, follow, max-snippet:-1, max-image-preview:large, max-video-preview:-1\" \/>\n<link rel=\"canonical\" href=\"https:\/\/www.meydan.tv\/az\/article\/teatr-tenqidcisi-azerbaycanda-musteqil-teatrlar-ucun-guzestler-olmalidir\/\" \/>\n<meta property=\"og:locale\" content=\"az_AZ\" \/>\n<meta property=\"og:type\" content=\"article\" \/>\n<meta property=\"og:title\" content=\"Teatr t\u0259nqid\u00e7isi: Az\u0259rbaycanda m\u00fcst\u0259qil teatrlar \u00fc\u00e7\u00fcn g\u00fcz\u0259\u015ftl\u0259r olmal\u0131d\u0131r - MEYDAN.TV\" \/>\n<meta property=\"og:description\" content=\"\u201cProqram\u0131n yenid\u0259n uzad\u0131lmas\u0131 g\u00f6zl\u0259nilirdi, olmad\u0131\u201d.\" \/>\n<meta property=\"og:url\" content=\"https:\/\/www.meydan.tv\/az\/article\/teatr-tenqidcisi-azerbaycanda-musteqil-teatrlar-ucun-guzestler-olmalidir\/\" \/>\n<meta property=\"og:site_name\" content=\"MEYDAN.TV\" \/>\n<meta property=\"article:published_time\" content=\"2021-05-05T10:24:36+00:00\" \/>\n<meta property=\"og:image\" content=\"https:\/\/www.meydan.tv\/wp-content\/uploads\/30471.jpg\" \/>\n\t<meta property=\"og:image:width\" content=\"700\" \/>\n\t<meta property=\"og:image:height\" content=\"360\" \/>\n\t<meta property=\"og:image:type\" content=\"image\/jpeg\" \/>\n<meta name=\"author\" content=\"user-manager\" \/>\n<meta name=\"twitter:card\" content=\"summary_large_image\" \/>\n<script type=\"application\/ld+json\" class=\"yoast-schema-graph\">{\"@context\":\"https:\\\/\\\/schema.org\",\"@graph\":[{\"@type\":\"Article\",\"@id\":\"https:\\\/\\\/www.meydan.tv\\\/az\\\/article\\\/teatr-tenqidcisi-azerbaycanda-musteqil-teatrlar-ucun-guzestler-olmalidir\\\/#article\",\"isPartOf\":{\"@id\":\"https:\\\/\\\/www.meydan.tv\\\/az\\\/article\\\/teatr-tenqidcisi-azerbaycanda-musteqil-teatrlar-ucun-guzestler-olmalidir\\\/\"},\"author\":{\"name\":\"user-manager\",\"@id\":\"https:\\\/\\\/www.meydan.tv\\\/az\\\/#\\\/schema\\\/person\\\/10d11eccf6da3662cf5fdab9806ea91a\"},\"headline\":\"Teatr t\u0259nqid\u00e7isi: Az\u0259rbaycanda m\u00fcst\u0259qil teatrlar \u00fc\u00e7\u00fcn g\u00fcz\u0259\u015ftl\u0259r olmal\u0131d\u0131r\",\"datePublished\":\"2021-05-05T10:24:36+00:00\",\"mainEntityOfPage\":{\"@id\":\"https:\\\/\\\/www.meydan.tv\\\/az\\\/article\\\/teatr-tenqidcisi-azerbaycanda-musteqil-teatrlar-ucun-guzestler-olmalidir\\\/\"},\"wordCount\":353,\"publisher\":{\"@id\":\"https:\\\/\\\/www.meydan.tv\\\/az\\\/#organization\"},\"image\":{\"@id\":\"https:\\\/\\\/www.meydan.tv\\\/az\\\/article\\\/teatr-tenqidcisi-azerbaycanda-musteqil-teatrlar-ucun-guzestler-olmalidir\\\/#primaryimage\"},\"thumbnailUrl\":\"https:\\\/\\\/www.meydan.tv\\\/wp-content\\\/uploads\\\/30471.jpg\",\"articleSection\":[\"M\u0259d\u0259niyy\u0259t\"],\"inLanguage\":\"az\"},{\"@type\":\"WebPage\",\"@id\":\"https:\\\/\\\/www.meydan.tv\\\/az\\\/article\\\/teatr-tenqidcisi-azerbaycanda-musteqil-teatrlar-ucun-guzestler-olmalidir\\\/\",\"url\":\"https:\\\/\\\/www.meydan.tv\\\/az\\\/article\\\/teatr-tenqidcisi-azerbaycanda-musteqil-teatrlar-ucun-guzestler-olmalidir\\\/\",\"name\":\"Teatr t\u0259nqid\u00e7isi: Az\u0259rbaycanda m\u00fcst\u0259qil teatrlar \u00fc\u00e7\u00fcn g\u00fcz\u0259\u015ftl\u0259r olmal\u0131d\u0131r - MEYDAN.TV\",\"isPartOf\":{\"@id\":\"https:\\\/\\\/www.meydan.tv\\\/az\\\/#website\"},\"primaryImageOfPage\":{\"@id\":\"https:\\\/\\\/www.meydan.tv\\\/az\\\/article\\\/teatr-tenqidcisi-azerbaycanda-musteqil-teatrlar-ucun-guzestler-olmalidir\\\/#primaryimage\"},\"image\":{\"@id\":\"https:\\\/\\\/www.meydan.tv\\\/az\\\/article\\\/teatr-tenqidcisi-azerbaycanda-musteqil-teatrlar-ucun-guzestler-olmalidir\\\/#primaryimage\"},\"thumbnailUrl\":\"https:\\\/\\\/www.meydan.tv\\\/wp-content\\\/uploads\\\/30471.jpg\",\"datePublished\":\"2021-05-05T10:24:36+00:00\",\"breadcrumb\":{\"@id\":\"https:\\\/\\\/www.meydan.tv\\\/az\\\/article\\\/teatr-tenqidcisi-azerbaycanda-musteqil-teatrlar-ucun-guzestler-olmalidir\\\/#breadcrumb\"},\"inLanguage\":\"az\",\"potentialAction\":[{\"@type\":\"ReadAction\",\"target\":[\"https:\\\/\\\/www.meydan.tv\\\/az\\\/article\\\/teatr-tenqidcisi-azerbaycanda-musteqil-teatrlar-ucun-guzestler-olmalidir\\\/\"]}]},{\"@type\":\"ImageObject\",\"inLanguage\":\"az\",\"@id\":\"https:\\\/\\\/www.meydan.tv\\\/az\\\/article\\\/teatr-tenqidcisi-azerbaycanda-musteqil-teatrlar-ucun-guzestler-olmalidir\\\/#primaryimage\",\"url\":\"https:\\\/\\\/www.meydan.tv\\\/wp-content\\\/uploads\\\/30471.jpg\",\"contentUrl\":\"https:\\\/\\\/www.meydan.tv\\\/wp-content\\\/uploads\\\/30471.jpg\",\"width\":700,\"height\":360,\"caption\":\"Source:\"},{\"@type\":\"BreadcrumbList\",\"@id\":\"https:\\\/\\\/www.meydan.tv\\\/az\\\/article\\\/teatr-tenqidcisi-azerbaycanda-musteqil-teatrlar-ucun-guzestler-olmalidir\\\/#breadcrumb\",\"itemListElement\":[{\"@type\":\"ListItem\",\"position\":1,\"name\":\"Ana s\u0259hif\u0259\",\"item\":\"https:\\\/\\\/www.meydan.tv\\\/az\\\/\"},{\"@type\":\"ListItem\",\"position\":2,\"name\":\"M\u0259d\u0259niyy\u0259t\",\"item\":\"https:\\\/\\\/www.meydan.tv\\\/az\\\/section\\\/medeniyyet\\\/\"},{\"@type\":\"ListItem\",\"position\":3,\"name\":\"Teatr t\u0259nqid\u00e7isi: Az\u0259rbaycanda m\u00fcst\u0259qil teatrlar \u00fc\u00e7\u00fcn g\u00fcz\u0259\u015ftl\u0259r olmal\u0131d\u0131r\"}]},{\"@type\":\"WebSite\",\"@id\":\"https:\\\/\\\/www.meydan.tv\\\/az\\\/#website\",\"url\":\"https:\\\/\\\/www.meydan.tv\\\/az\\\/\",\"name\":\"MEYDAN.TV\",\"description\":\"Meydan TV Az\u0259rbaycan\u0131n media m\u0259kan\u0131ndak\u0131 alternativ s\u0259sidir\",\"publisher\":{\"@id\":\"https:\\\/\\\/www.meydan.tv\\\/az\\\/#organization\"},\"potentialAction\":[{\"@type\":\"SearchAction\",\"target\":{\"@type\":\"EntryPoint\",\"urlTemplate\":\"https:\\\/\\\/www.meydan.tv\\\/az\\\/?s={search_term_string}\"},\"query-input\":{\"@type\":\"PropertyValueSpecification\",\"valueRequired\":true,\"valueName\":\"search_term_string\"}}],\"inLanguage\":\"az\"},{\"@type\":\"Organization\",\"@id\":\"https:\\\/\\\/www.meydan.tv\\\/az\\\/#organization\",\"name\":\"Meydan TV\",\"url\":\"https:\\\/\\\/www.meydan.tv\\\/az\\\/\",\"logo\":{\"@type\":\"ImageObject\",\"inLanguage\":\"az\",\"@id\":\"https:\\\/\\\/www.meydan.tv\\\/az\\\/#\\\/schema\\\/logo\\\/image\\\/\",\"url\":\"https:\\\/\\\/www.meydan.tv\\\/wp-content\\\/uploads\\\/2021\\\/07\\\/meydan-logo.svg\",\"contentUrl\":\"https:\\\/\\\/www.meydan.tv\\\/wp-content\\\/uploads\\\/2021\\\/07\\\/meydan-logo.svg\",\"width\":195,\"height\":46,\"caption\":\"Meydan TV\"},\"image\":{\"@id\":\"https:\\\/\\\/www.meydan.tv\\\/az\\\/#\\\/schema\\\/logo\\\/image\\\/\"}},{\"@type\":\"Person\",\"@id\":\"https:\\\/\\\/www.meydan.tv\\\/az\\\/#\\\/schema\\\/person\\\/10d11eccf6da3662cf5fdab9806ea91a\",\"name\":\"user-manager\"}]}<\/script>\n<!-- \/ Yoast SEO plugin. -->","yoast_head_json":{"title":"Teatr t\u0259nqid\u00e7isi: Az\u0259rbaycanda m\u00fcst\u0259qil teatrlar \u00fc\u00e7\u00fcn g\u00fcz\u0259\u015ftl\u0259r olmal\u0131d\u0131r - MEYDAN.TV","robots":{"index":"index","follow":"follow","max-snippet":"max-snippet:-1","max-image-preview":"max-image-preview:large","max-video-preview":"max-video-preview:-1"},"canonical":"https:\/\/www.meydan.tv\/az\/article\/teatr-tenqidcisi-azerbaycanda-musteqil-teatrlar-ucun-guzestler-olmalidir\/","og_locale":"az_AZ","og_type":"article","og_title":"Teatr t\u0259nqid\u00e7isi: Az\u0259rbaycanda m\u00fcst\u0259qil teatrlar \u00fc\u00e7\u00fcn g\u00fcz\u0259\u015ftl\u0259r olmal\u0131d\u0131r - MEYDAN.TV","og_description":"\u201cProqram\u0131n yenid\u0259n uzad\u0131lmas\u0131 g\u00f6zl\u0259nilirdi, olmad\u0131\u201d.","og_url":"https:\/\/www.meydan.tv\/az\/article\/teatr-tenqidcisi-azerbaycanda-musteqil-teatrlar-ucun-guzestler-olmalidir\/","og_site_name":"MEYDAN.TV","article_published_time":"2021-05-05T10:24:36+00:00","og_image":[{"width":700,"height":360,"url":"https:\/\/www.meydan.tv\/wp-content\/uploads\/30471.jpg","type":"image\/jpeg"}],"author":"user-manager","twitter_card":"summary_large_image","schema":{"@context":"https:\/\/schema.org","@graph":[{"@type":"Article","@id":"https:\/\/www.meydan.tv\/az\/article\/teatr-tenqidcisi-azerbaycanda-musteqil-teatrlar-ucun-guzestler-olmalidir\/#article","isPartOf":{"@id":"https:\/\/www.meydan.tv\/az\/article\/teatr-tenqidcisi-azerbaycanda-musteqil-teatrlar-ucun-guzestler-olmalidir\/"},"author":{"name":"user-manager","@id":"https:\/\/www.meydan.tv\/az\/#\/schema\/person\/10d11eccf6da3662cf5fdab9806ea91a"},"headline":"Teatr t\u0259nqid\u00e7isi: Az\u0259rbaycanda m\u00fcst\u0259qil teatrlar \u00fc\u00e7\u00fcn g\u00fcz\u0259\u015ftl\u0259r olmal\u0131d\u0131r","datePublished":"2021-05-05T10:24:36+00:00","mainEntityOfPage":{"@id":"https:\/\/www.meydan.tv\/az\/article\/teatr-tenqidcisi-azerbaycanda-musteqil-teatrlar-ucun-guzestler-olmalidir\/"},"wordCount":353,"publisher":{"@id":"https:\/\/www.meydan.tv\/az\/#organization"},"image":{"@id":"https:\/\/www.meydan.tv\/az\/article\/teatr-tenqidcisi-azerbaycanda-musteqil-teatrlar-ucun-guzestler-olmalidir\/#primaryimage"},"thumbnailUrl":"https:\/\/www.meydan.tv\/wp-content\/uploads\/30471.jpg","articleSection":["M\u0259d\u0259niyy\u0259t"],"inLanguage":"az"},{"@type":"WebPage","@id":"https:\/\/www.meydan.tv\/az\/article\/teatr-tenqidcisi-azerbaycanda-musteqil-teatrlar-ucun-guzestler-olmalidir\/","url":"https:\/\/www.meydan.tv\/az\/article\/teatr-tenqidcisi-azerbaycanda-musteqil-teatrlar-ucun-guzestler-olmalidir\/","name":"Teatr t\u0259nqid\u00e7isi: Az\u0259rbaycanda m\u00fcst\u0259qil teatrlar \u00fc\u00e7\u00fcn g\u00fcz\u0259\u015ftl\u0259r olmal\u0131d\u0131r - MEYDAN.TV","isPartOf":{"@id":"https:\/\/www.meydan.tv\/az\/#website"},"primaryImageOfPage":{"@id":"https:\/\/www.meydan.tv\/az\/article\/teatr-tenqidcisi-azerbaycanda-musteqil-teatrlar-ucun-guzestler-olmalidir\/#primaryimage"},"image":{"@id":"https:\/\/www.meydan.tv\/az\/article\/teatr-tenqidcisi-azerbaycanda-musteqil-teatrlar-ucun-guzestler-olmalidir\/#primaryimage"},"thumbnailUrl":"https:\/\/www.meydan.tv\/wp-content\/uploads\/30471.jpg","datePublished":"2021-05-05T10:24:36+00:00","breadcrumb":{"@id":"https:\/\/www.meydan.tv\/az\/article\/teatr-tenqidcisi-azerbaycanda-musteqil-teatrlar-ucun-guzestler-olmalidir\/#breadcrumb"},"inLanguage":"az","potentialAction":[{"@type":"ReadAction","target":["https:\/\/www.meydan.tv\/az\/article\/teatr-tenqidcisi-azerbaycanda-musteqil-teatrlar-ucun-guzestler-olmalidir\/"]}]},{"@type":"ImageObject","inLanguage":"az","@id":"https:\/\/www.meydan.tv\/az\/article\/teatr-tenqidcisi-azerbaycanda-musteqil-teatrlar-ucun-guzestler-olmalidir\/#primaryimage","url":"https:\/\/www.meydan.tv\/wp-content\/uploads\/30471.jpg","contentUrl":"https:\/\/www.meydan.tv\/wp-content\/uploads\/30471.jpg","width":700,"height":360,"caption":"Source:"},{"@type":"BreadcrumbList","@id":"https:\/\/www.meydan.tv\/az\/article\/teatr-tenqidcisi-azerbaycanda-musteqil-teatrlar-ucun-guzestler-olmalidir\/#breadcrumb","itemListElement":[{"@type":"ListItem","position":1,"name":"Ana s\u0259hif\u0259","item":"https:\/\/www.meydan.tv\/az\/"},{"@type":"ListItem","position":2,"name":"M\u0259d\u0259niyy\u0259t","item":"https:\/\/www.meydan.tv\/az\/section\/medeniyyet\/"},{"@type":"ListItem","position":3,"name":"Teatr t\u0259nqid\u00e7isi: Az\u0259rbaycanda m\u00fcst\u0259qil teatrlar \u00fc\u00e7\u00fcn g\u00fcz\u0259\u015ftl\u0259r olmal\u0131d\u0131r"}]},{"@type":"WebSite","@id":"https:\/\/www.meydan.tv\/az\/#website","url":"https:\/\/www.meydan.tv\/az\/","name":"MEYDAN.TV","description":"Meydan TV Az\u0259rbaycan\u0131n media m\u0259kan\u0131ndak\u0131 alternativ s\u0259sidir","publisher":{"@id":"https:\/\/www.meydan.tv\/az\/#organization"},"potentialAction":[{"@type":"SearchAction","target":{"@type":"EntryPoint","urlTemplate":"https:\/\/www.meydan.tv\/az\/?s={search_term_string}"},"query-input":{"@type":"PropertyValueSpecification","valueRequired":true,"valueName":"search_term_string"}}],"inLanguage":"az"},{"@type":"Organization","@id":"https:\/\/www.meydan.tv\/az\/#organization","name":"Meydan TV","url":"https:\/\/www.meydan.tv\/az\/","logo":{"@type":"ImageObject","inLanguage":"az","@id":"https:\/\/www.meydan.tv\/az\/#\/schema\/logo\/image\/","url":"https:\/\/www.meydan.tv\/wp-content\/uploads\/2021\/07\/meydan-logo.svg","contentUrl":"https:\/\/www.meydan.tv\/wp-content\/uploads\/2021\/07\/meydan-logo.svg","width":195,"height":46,"caption":"Meydan TV"},"image":{"@id":"https:\/\/www.meydan.tv\/az\/#\/schema\/logo\/image\/"}},{"@type":"Person","@id":"https:\/\/www.meydan.tv\/az\/#\/schema\/person\/10d11eccf6da3662cf5fdab9806ea91a","name":"user-manager"}]}},"_links":{"self":[{"href":"https:\/\/www.meydan.tv\/az\/wp-json\/wp\/v2\/posts\/206114","targetHints":{"allow":["GET"]}}],"collection":[{"href":"https:\/\/www.meydan.tv\/az\/wp-json\/wp\/v2\/posts"}],"about":[{"href":"https:\/\/www.meydan.tv\/az\/wp-json\/wp\/v2\/types\/post"}],"author":[{"embeddable":true,"href":"https:\/\/www.meydan.tv\/az\/wp-json\/wp\/v2\/users\/11"}],"replies":[{"embeddable":true,"href":"https:\/\/www.meydan.tv\/az\/wp-json\/wp\/v2\/comments?post=206114"}],"version-history":[{"count":0,"href":"https:\/\/www.meydan.tv\/az\/wp-json\/wp\/v2\/posts\/206114\/revisions"}],"wp:featuredmedia":[{"embeddable":true,"href":"https:\/\/www.meydan.tv\/az\/wp-json\/wp\/v2\/media\/78306"}],"wp:attachment":[{"href":"https:\/\/www.meydan.tv\/az\/wp-json\/wp\/v2\/media?parent=206114"}],"wp:term":[{"taxonomy":"category","embeddable":true,"href":"https:\/\/www.meydan.tv\/az\/wp-json\/wp\/v2\/categories?post=206114"},{"taxonomy":"post_tag","embeddable":true,"href":"https:\/\/www.meydan.tv\/az\/wp-json\/wp\/v2\/tags?post=206114"}],"curies":[{"name":"wp","href":"https:\/\/api.w.org\/{rel}","templated":true}]}}