{"id":206090,"date":"2021-05-04T12:20:23","date_gmt":"2021-05-04T12:20:23","guid":{"rendered":"https:\/\/www.meydan.tv\/article\/qazi-cenab-prezident-xahis-edirem-qazilerin-problemlerini-nezarete-goturun\/"},"modified":"2021-05-04T12:20:23","modified_gmt":"2021-05-04T12:20:23","slug":"qazi-cenab-prezident-xahis-edirem-qazilerin-problemlerini-nezarete-goturun","status":"publish","type":"post","link":"https:\/\/www.meydan.tv\/az\/article\/qazi-cenab-prezident-xahis-edirem-qazilerin-problemlerini-nezarete-goturun\/","title":{"rendered":"Qazi: \u201cC\u0259nab prezident, xahi\u015f edir\u0259m, qazil\u0259rin probleml\u0259rini n\u0259zar\u0259t\u0259 g\u00f6t\u00fcr\u00fcn\u201c"},"content":{"rendered":"<figure class=\"wp-block-embed is-type-video is-provider-youtube wp-block-embed-youtube wp-embed-aspect-16-9 wp-has-aspect-ratio\">\n<div class=\"wp-block-embed__wrapper\">\n    <iframe\ttitle=\"Qazi: \u201cC\u0259nab prezident, xahi\u015f edir\u0259m, qazil\u0259rin probleml\u0259rini n\u0259zar\u0259t\u0259 g\u00f6t\u00fcr\u00fcn\u201c\" width=\"1200\" height=\"675\" data-src=\"https:\/\/www.youtube.com\/embed\/jhj1buAO2Bk\"\tframeborder=\"0\"\tallow=\"accelerometer; autoplay; clipboard-write; encrypted-media; gyroscope; picture-in-picture\" allowfullscreen src=\"data:image\/svg+xml;base64,PHN2ZyB3aWR0aD0iMSIgaGVpZ2h0PSIxIiB4bWxucz0iaHR0cDovL3d3dy53My5vcmcvMjAwMC9zdmciPjwvc3ZnPg==\" class=\"lazyload\" data-load-mode=\"1\"><\/iframe>\n  <\/div><figcaption>\n    Qazi: \u201cC\u0259nab prezident, xahi\u015f edir\u0259m, qazil\u0259rin probleml\u0259rini n\u0259zar\u0259t\u0259 g\u00f6t\u00fcr\u00fcn\u201c<br \/>\n  <\/figcaption><\/figure>\n<p>\n  <i><br \/>\n    Qazi: \u201cPrezidenti e\u015fid\u0259n yoxdur\u201d<br \/>\n  <\/i>\n<\/p>\n<p>\n  N\u0259simi Dada\u015fl\u0131 h\u0259r iki Qaraba\u011f m\u00fcharib\u0259sind\u0259 i\u015ftirak edib. \u0130kinci qrup \u00fczr\u0259 \u0259lillik d\u0259r\u0259c\u0259si var. O, 30 il\u0259 yax\u0131nd\u0131r ki, ail\u0259si il\u0259 birg\u0259 kiray\u0259d\u0259 ya\u015fay\u0131r.\n<\/p>\n<p>\n  \u201cAil\u0259, k\u00fclf\u0259t&#8230; Uzun m\u00fcdd\u0259tdir ki, biz qalm\u0131\u015f\u0131q kiray\u0259l\u0259rd\u0259. Y\u0259ni 12 sot torpaq d\u00fc\u015f\u00fcr m\u0259n\u0259, torpaq pay\u0131m\u0131 niy\u0259 vermirs\u0259n, ay icra ba\u015f\u00e7\u0131s\u0131, ay b\u0259l\u0259diyy\u0259\u201c, &#8211; qazi deyir.\n<\/p>\n<p>\n  N\u0259simi Dada\u015fl\u0131 ya\u015fay\u0131\u015f \u015f\u0259raitinin yax\u015f\u0131la\u015fd\u0131r\u0131lmas\u0131 \u00fc\u00e7\u00fcn d\u0259f\u0259l\u0259rl\u0259 Sosial M\u00fcdafi\u0259 Nazirliyin\u0259, Ab\u015feron Rayon \u0130cra Hakimiyy\u0259tinin ba\u015f\u00e7\u0131s\u0131 \u0130rad\u0259 G\u00fclm\u0259mm\u0259dovaya, Prezident Aparat\u0131na v\u0259 \u015f\u0259xs\u0259n prezident \u0130lham \u018fliyev\u0259 m\u0259ktublar yazsa da, ham\u0131s\u0131 cavabs\u0131z qal\u0131b.\n<\/p>\n<p>\n  N\u0259simi Dada\u015fl\u0131 deyir ki, Ab\u015feron rayonu \u0259razisind\u0259 b\u0259l\u0259diyy\u0259nin v\u0259 icra hakimiyy\u0259tinin raz\u0131l\u0131\u011f\u0131 il\u0259 birotaql\u0131 ev tikib. Yax\u0131n g\u00fcnl\u0259rd\u0259 kiray\u0259d\u0259n \u00e7\u0131xma\u011f\u0131 planla\u015fd\u0131rsa da, aprelin 25-d\u0259 gec\u0259 saatlar\u0131nda tikili nam\u0259lum \u015f\u0259xsl\u0259r t\u0259r\u0259find\u0259n s\u00f6k\u00fcl\u00fcb:\n<\/p>\n<p>\n  \u201cB\u00fct\u00fcn o da\u015f\u0131, qumu, sementi m\u0259nim qazi qarda\u015flar\u0131m, Qaraba\u011f \u0259lill\u0259ri al\u0131b, k\u00f6m\u0259k etmi\u015fdil\u0259r. Bir otaq tikm\u0259k \u00fc\u00e7\u00fcn m\u0259n\u0259 d\u0259st\u0259k olmu\u015fdular. \u00d6z\u00fcn\u00fcz d\u0259, \u015fahid olursunuz ki, indi ya\u015fad\u0131\u011f\u0131m \u00fcnvanda b\u00fct\u00fcn bizim \u0259\u015fyalar\u0131m\u0131z, evin mebell\u0259ri &#8211; ham\u0131s\u0131 s\u00f6k\u00fck v\u0259ziyy\u0259td\u0259dir. Biz burdan t\u0259cili k\u00f6\u00e7m\u0259liyik\u201d.\n<\/p>\n<p>\n  Meydan TV Ab\u015feron Rayon \u0130cra Hakimiyy\u0259tind\u0259n m\u0259s\u0259l\u0259y\u0259 m\u00fcnasib\u0259t \u00f6yr\u0259n\u0259 bim\u0259yib.\n<\/p>\n<p>\n  \u201cPrezidenti e\u015fid\u0259n yoxdur. Bel\u0259 g\u00f6r\u00fcn\u00fcr. \u0130cra hakimiyy\u0259tl\u0259ri, nazirl\u0259r prezidenti e\u015fitmirl\u0259r. \u00c7ox haqs\u0131zl\u0131qd\u0131r\u201d.\n<\/p>\n<p>\n  Qaraba\u011f qazisi haz\u0131rda i\u015fsizdir. 3 \u00f6vlad\u0131 var. Deyir ki, \u0259n \u00e7ox onlar\u0131n evsiz qald\u0131\u011f\u0131na g\u00f6r\u0259 narahatd\u0131r:\n<\/p>\n<p>\n  \u201c\u00c7\u0259tin, i\u015fsizliyin bu a\u011f\u0131r vaxt\u0131nda borc-x\u0259rcl\u0259 ya\u015fay\u0131r\u0131rq, dolan\u0131\u015f\u0131\u011f\u0131m\u0131z \u00e7\u0259tindir\u201d.\n<\/p>\n<p>\n  N\u0259simi Dada\u015fl\u0131 m\u0259s\u0259l\u0259nin ara\u015fd\u0131r\u0131lmas\u0131 \u00fc\u00e7\u00fcn daxili i\u015fl\u0259r naziri Vilay\u0259t Eyvazova v\u0259 Prezident \u0130lham \u018fliyev\u0259 m\u00fcraci\u0259t edir:\n<\/p>\n<p>\n  \u201cC\u0259nab prezident, qazil\u0259rin \u00fcmumi probleml\u0259ri, \u00e7\u0259tinlikl\u0259ri var. Xahi\u015f edir\u0259m, bununla yax\u0131ndan tan\u0131\u015f olun, n\u0259zar\u0259t\u0259 g\u00f6t\u00fcr\u00fcn\u201d.<\/p>\n","protected":false},"excerpt":{"rendered":"<p>Qazi: \u201cPrezidenti e\u015fid\u0259n yoxdur\u201d<\/p>\n","protected":false},"author":11,"featured_media":160302,"comment_status":"closed","ping_status":"open","sticky":false,"template":"","format":"standard","meta":{"_acf_changed":false,"_sitemap_exclude":false,"_sitemap_priority":"","_sitemap_frequency":"","footnotes":""},"categories":[63],"tags":[],"class_list":["post-206090","post","type-post","status-publish","format-standard","has-post-thumbnail","hentry","category-video-2","infinite-scroll-item","generate-columns","tablet-grid-50","mobile-grid-100","grid-parent","grid-33","no-featured-image-padding"],"acf":[],"yoast_head":"<!-- This site is optimized with the Yoast SEO plugin v27.5 - https:\/\/yoast.com\/product\/yoast-seo-wordpress\/ -->\n<title>Qazi: \u201cC\u0259nab prezident, xahi\u015f edir\u0259m, qazil\u0259rin probleml\u0259rini n\u0259zar\u0259t\u0259 g\u00f6t\u00fcr\u00fcn\u201c - MEYDAN.TV<\/title>\n<meta name=\"robots\" content=\"index, follow, max-snippet:-1, max-image-preview:large, max-video-preview:-1\" \/>\n<link rel=\"canonical\" href=\"https:\/\/www.meydan.tv\/az\/article\/qazi-cenab-prezident-xahis-edirem-qazilerin-problemlerini-nezarete-goturun\/\" \/>\n<meta property=\"og:locale\" content=\"az_AZ\" \/>\n<meta property=\"og:type\" content=\"article\" \/>\n<meta property=\"og:title\" content=\"Qazi: \u201cC\u0259nab prezident, xahi\u015f edir\u0259m, qazil\u0259rin probleml\u0259rini n\u0259zar\u0259t\u0259 g\u00f6t\u00fcr\u00fcn\u201c - MEYDAN.TV\" \/>\n<meta property=\"og:description\" content=\"Qazi: \u201cPrezidenti e\u015fid\u0259n yoxdur\u201d\" \/>\n<meta property=\"og:url\" content=\"https:\/\/www.meydan.tv\/az\/article\/qazi-cenab-prezident-xahis-edirem-qazilerin-problemlerini-nezarete-goturun\/\" \/>\n<meta property=\"og:site_name\" content=\"MEYDAN.TV\" \/>\n<meta property=\"article:published_time\" content=\"2021-05-04T12:20:23+00:00\" \/>\n<meta property=\"og:image\" content=\"https:\/\/www.meydan.tv\/wp-content\/uploads\/2434454.png\" \/>\n\t<meta property=\"og:image:width\" content=\"1280\" \/>\n\t<meta property=\"og:image:height\" content=\"720\" \/>\n\t<meta property=\"og:image:type\" content=\"image\/png\" \/>\n<meta name=\"author\" content=\"user-manager\" \/>\n<meta name=\"twitter:card\" content=\"summary_large_image\" \/>\n<script type=\"application\/ld+json\" class=\"yoast-schema-graph\">{\"@context\":\"https:\\\/\\\/schema.org\",\"@graph\":[{\"@type\":\"Article\",\"@id\":\"https:\\\/\\\/www.meydan.tv\\\/az\\\/article\\\/qazi-cenab-prezident-xahis-edirem-qazilerin-problemlerini-nezarete-goturun\\\/#article\",\"isPartOf\":{\"@id\":\"https:\\\/\\\/www.meydan.tv\\\/az\\\/article\\\/qazi-cenab-prezident-xahis-edirem-qazilerin-problemlerini-nezarete-goturun\\\/\"},\"author\":{\"name\":\"user-manager\",\"@id\":\"https:\\\/\\\/www.meydan.tv\\\/az\\\/#\\\/schema\\\/person\\\/10d11eccf6da3662cf5fdab9806ea91a\"},\"headline\":\"Qazi: \u201cC\u0259nab prezident, xahi\u015f edir\u0259m, qazil\u0259rin probleml\u0259rini n\u0259zar\u0259t\u0259 g\u00f6t\u00fcr\u00fcn\u201c\",\"datePublished\":\"2021-05-04T12:20:23+00:00\",\"mainEntityOfPage\":{\"@id\":\"https:\\\/\\\/www.meydan.tv\\\/az\\\/article\\\/qazi-cenab-prezident-xahis-edirem-qazilerin-problemlerini-nezarete-goturun\\\/\"},\"wordCount\":442,\"publisher\":{\"@id\":\"https:\\\/\\\/www.meydan.tv\\\/az\\\/#organization\"},\"image\":{\"@id\":\"https:\\\/\\\/www.meydan.tv\\\/az\\\/article\\\/qazi-cenab-prezident-xahis-edirem-qazilerin-problemlerini-nezarete-goturun\\\/#primaryimage\"},\"thumbnailUrl\":\"https:\\\/\\\/www.meydan.tv\\\/wp-content\\\/uploads\\\/2434454.png\",\"articleSection\":[\"Video\"],\"inLanguage\":\"az\"},{\"@type\":\"WebPage\",\"@id\":\"https:\\\/\\\/www.meydan.tv\\\/az\\\/article\\\/qazi-cenab-prezident-xahis-edirem-qazilerin-problemlerini-nezarete-goturun\\\/\",\"url\":\"https:\\\/\\\/www.meydan.tv\\\/az\\\/article\\\/qazi-cenab-prezident-xahis-edirem-qazilerin-problemlerini-nezarete-goturun\\\/\",\"name\":\"Qazi: \u201cC\u0259nab prezident, xahi\u015f edir\u0259m, qazil\u0259rin probleml\u0259rini n\u0259zar\u0259t\u0259 g\u00f6t\u00fcr\u00fcn\u201c - MEYDAN.TV\",\"isPartOf\":{\"@id\":\"https:\\\/\\\/www.meydan.tv\\\/az\\\/#website\"},\"primaryImageOfPage\":{\"@id\":\"https:\\\/\\\/www.meydan.tv\\\/az\\\/article\\\/qazi-cenab-prezident-xahis-edirem-qazilerin-problemlerini-nezarete-goturun\\\/#primaryimage\"},\"image\":{\"@id\":\"https:\\\/\\\/www.meydan.tv\\\/az\\\/article\\\/qazi-cenab-prezident-xahis-edirem-qazilerin-problemlerini-nezarete-goturun\\\/#primaryimage\"},\"thumbnailUrl\":\"https:\\\/\\\/www.meydan.tv\\\/wp-content\\\/uploads\\\/2434454.png\",\"datePublished\":\"2021-05-04T12:20:23+00:00\",\"breadcrumb\":{\"@id\":\"https:\\\/\\\/www.meydan.tv\\\/az\\\/article\\\/qazi-cenab-prezident-xahis-edirem-qazilerin-problemlerini-nezarete-goturun\\\/#breadcrumb\"},\"inLanguage\":\"az\",\"potentialAction\":[{\"@type\":\"ReadAction\",\"target\":[\"https:\\\/\\\/www.meydan.tv\\\/az\\\/article\\\/qazi-cenab-prezident-xahis-edirem-qazilerin-problemlerini-nezarete-goturun\\\/\"]}]},{\"@type\":\"ImageObject\",\"inLanguage\":\"az\",\"@id\":\"https:\\\/\\\/www.meydan.tv\\\/az\\\/article\\\/qazi-cenab-prezident-xahis-edirem-qazilerin-problemlerini-nezarete-goturun\\\/#primaryimage\",\"url\":\"https:\\\/\\\/www.meydan.tv\\\/wp-content\\\/uploads\\\/2434454.png\",\"contentUrl\":\"https:\\\/\\\/www.meydan.tv\\\/wp-content\\\/uploads\\\/2434454.png\",\"width\":1280,\"height\":720,\"caption\":\"Source: Meydan.TV\"},{\"@type\":\"BreadcrumbList\",\"@id\":\"https:\\\/\\\/www.meydan.tv\\\/az\\\/article\\\/qazi-cenab-prezident-xahis-edirem-qazilerin-problemlerini-nezarete-goturun\\\/#breadcrumb\",\"itemListElement\":[{\"@type\":\"ListItem\",\"position\":1,\"name\":\"Ana s\u0259hif\u0259\",\"item\":\"https:\\\/\\\/www.meydan.tv\\\/az\\\/\"},{\"@type\":\"ListItem\",\"position\":2,\"name\":\"Video\",\"item\":\"https:\\\/\\\/www.meydan.tv\\\/az\\\/section\\\/video-2\\\/\"},{\"@type\":\"ListItem\",\"position\":3,\"name\":\"Qazi: \u201cC\u0259nab prezident, xahi\u015f edir\u0259m, qazil\u0259rin probleml\u0259rini n\u0259zar\u0259t\u0259 g\u00f6t\u00fcr\u00fcn\u201c\"}]},{\"@type\":\"WebSite\",\"@id\":\"https:\\\/\\\/www.meydan.tv\\\/az\\\/#website\",\"url\":\"https:\\\/\\\/www.meydan.tv\\\/az\\\/\",\"name\":\"MEYDAN.TV\",\"description\":\"Meydan TV Az\u0259rbaycan\u0131n media m\u0259kan\u0131ndak\u0131 alternativ s\u0259sidir\",\"publisher\":{\"@id\":\"https:\\\/\\\/www.meydan.tv\\\/az\\\/#organization\"},\"potentialAction\":[{\"@type\":\"SearchAction\",\"target\":{\"@type\":\"EntryPoint\",\"urlTemplate\":\"https:\\\/\\\/www.meydan.tv\\\/az\\\/?s={search_term_string}\"},\"query-input\":{\"@type\":\"PropertyValueSpecification\",\"valueRequired\":true,\"valueName\":\"search_term_string\"}}],\"inLanguage\":\"az\"},{\"@type\":\"Organization\",\"@id\":\"https:\\\/\\\/www.meydan.tv\\\/az\\\/#organization\",\"name\":\"Meydan TV\",\"url\":\"https:\\\/\\\/www.meydan.tv\\\/az\\\/\",\"logo\":{\"@type\":\"ImageObject\",\"inLanguage\":\"az\",\"@id\":\"https:\\\/\\\/www.meydan.tv\\\/az\\\/#\\\/schema\\\/logo\\\/image\\\/\",\"url\":\"https:\\\/\\\/www.meydan.tv\\\/wp-content\\\/uploads\\\/2021\\\/07\\\/meydan-logo.svg\",\"contentUrl\":\"https:\\\/\\\/www.meydan.tv\\\/wp-content\\\/uploads\\\/2021\\\/07\\\/meydan-logo.svg\",\"width\":195,\"height\":46,\"caption\":\"Meydan TV\"},\"image\":{\"@id\":\"https:\\\/\\\/www.meydan.tv\\\/az\\\/#\\\/schema\\\/logo\\\/image\\\/\"}},{\"@type\":\"Person\",\"@id\":\"https:\\\/\\\/www.meydan.tv\\\/az\\\/#\\\/schema\\\/person\\\/10d11eccf6da3662cf5fdab9806ea91a\",\"name\":\"user-manager\"}]}<\/script>\n<!-- \/ Yoast SEO plugin. -->","yoast_head_json":{"title":"Qazi: \u201cC\u0259nab prezident, xahi\u015f edir\u0259m, qazil\u0259rin probleml\u0259rini n\u0259zar\u0259t\u0259 g\u00f6t\u00fcr\u00fcn\u201c - MEYDAN.TV","robots":{"index":"index","follow":"follow","max-snippet":"max-snippet:-1","max-image-preview":"max-image-preview:large","max-video-preview":"max-video-preview:-1"},"canonical":"https:\/\/www.meydan.tv\/az\/article\/qazi-cenab-prezident-xahis-edirem-qazilerin-problemlerini-nezarete-goturun\/","og_locale":"az_AZ","og_type":"article","og_title":"Qazi: \u201cC\u0259nab prezident, xahi\u015f edir\u0259m, qazil\u0259rin probleml\u0259rini n\u0259zar\u0259t\u0259 g\u00f6t\u00fcr\u00fcn\u201c - MEYDAN.TV","og_description":"Qazi: \u201cPrezidenti e\u015fid\u0259n yoxdur\u201d","og_url":"https:\/\/www.meydan.tv\/az\/article\/qazi-cenab-prezident-xahis-edirem-qazilerin-problemlerini-nezarete-goturun\/","og_site_name":"MEYDAN.TV","article_published_time":"2021-05-04T12:20:23+00:00","og_image":[{"width":1280,"height":720,"url":"https:\/\/www.meydan.tv\/wp-content\/uploads\/2434454.png","type":"image\/png"}],"author":"user-manager","twitter_card":"summary_large_image","schema":{"@context":"https:\/\/schema.org","@graph":[{"@type":"Article","@id":"https:\/\/www.meydan.tv\/az\/article\/qazi-cenab-prezident-xahis-edirem-qazilerin-problemlerini-nezarete-goturun\/#article","isPartOf":{"@id":"https:\/\/www.meydan.tv\/az\/article\/qazi-cenab-prezident-xahis-edirem-qazilerin-problemlerini-nezarete-goturun\/"},"author":{"name":"user-manager","@id":"https:\/\/www.meydan.tv\/az\/#\/schema\/person\/10d11eccf6da3662cf5fdab9806ea91a"},"headline":"Qazi: \u201cC\u0259nab prezident, xahi\u015f edir\u0259m, qazil\u0259rin probleml\u0259rini n\u0259zar\u0259t\u0259 g\u00f6t\u00fcr\u00fcn\u201c","datePublished":"2021-05-04T12:20:23+00:00","mainEntityOfPage":{"@id":"https:\/\/www.meydan.tv\/az\/article\/qazi-cenab-prezident-xahis-edirem-qazilerin-problemlerini-nezarete-goturun\/"},"wordCount":442,"publisher":{"@id":"https:\/\/www.meydan.tv\/az\/#organization"},"image":{"@id":"https:\/\/www.meydan.tv\/az\/article\/qazi-cenab-prezident-xahis-edirem-qazilerin-problemlerini-nezarete-goturun\/#primaryimage"},"thumbnailUrl":"https:\/\/www.meydan.tv\/wp-content\/uploads\/2434454.png","articleSection":["Video"],"inLanguage":"az"},{"@type":"WebPage","@id":"https:\/\/www.meydan.tv\/az\/article\/qazi-cenab-prezident-xahis-edirem-qazilerin-problemlerini-nezarete-goturun\/","url":"https:\/\/www.meydan.tv\/az\/article\/qazi-cenab-prezident-xahis-edirem-qazilerin-problemlerini-nezarete-goturun\/","name":"Qazi: \u201cC\u0259nab prezident, xahi\u015f edir\u0259m, qazil\u0259rin probleml\u0259rini n\u0259zar\u0259t\u0259 g\u00f6t\u00fcr\u00fcn\u201c - MEYDAN.TV","isPartOf":{"@id":"https:\/\/www.meydan.tv\/az\/#website"},"primaryImageOfPage":{"@id":"https:\/\/www.meydan.tv\/az\/article\/qazi-cenab-prezident-xahis-edirem-qazilerin-problemlerini-nezarete-goturun\/#primaryimage"},"image":{"@id":"https:\/\/www.meydan.tv\/az\/article\/qazi-cenab-prezident-xahis-edirem-qazilerin-problemlerini-nezarete-goturun\/#primaryimage"},"thumbnailUrl":"https:\/\/www.meydan.tv\/wp-content\/uploads\/2434454.png","datePublished":"2021-05-04T12:20:23+00:00","breadcrumb":{"@id":"https:\/\/www.meydan.tv\/az\/article\/qazi-cenab-prezident-xahis-edirem-qazilerin-problemlerini-nezarete-goturun\/#breadcrumb"},"inLanguage":"az","potentialAction":[{"@type":"ReadAction","target":["https:\/\/www.meydan.tv\/az\/article\/qazi-cenab-prezident-xahis-edirem-qazilerin-problemlerini-nezarete-goturun\/"]}]},{"@type":"ImageObject","inLanguage":"az","@id":"https:\/\/www.meydan.tv\/az\/article\/qazi-cenab-prezident-xahis-edirem-qazilerin-problemlerini-nezarete-goturun\/#primaryimage","url":"https:\/\/www.meydan.tv\/wp-content\/uploads\/2434454.png","contentUrl":"https:\/\/www.meydan.tv\/wp-content\/uploads\/2434454.png","width":1280,"height":720,"caption":"Source: Meydan.TV"},{"@type":"BreadcrumbList","@id":"https:\/\/www.meydan.tv\/az\/article\/qazi-cenab-prezident-xahis-edirem-qazilerin-problemlerini-nezarete-goturun\/#breadcrumb","itemListElement":[{"@type":"ListItem","position":1,"name":"Ana s\u0259hif\u0259","item":"https:\/\/www.meydan.tv\/az\/"},{"@type":"ListItem","position":2,"name":"Video","item":"https:\/\/www.meydan.tv\/az\/section\/video-2\/"},{"@type":"ListItem","position":3,"name":"Qazi: \u201cC\u0259nab prezident, xahi\u015f edir\u0259m, qazil\u0259rin probleml\u0259rini n\u0259zar\u0259t\u0259 g\u00f6t\u00fcr\u00fcn\u201c"}]},{"@type":"WebSite","@id":"https:\/\/www.meydan.tv\/az\/#website","url":"https:\/\/www.meydan.tv\/az\/","name":"MEYDAN.TV","description":"Meydan TV Az\u0259rbaycan\u0131n media m\u0259kan\u0131ndak\u0131 alternativ s\u0259sidir","publisher":{"@id":"https:\/\/www.meydan.tv\/az\/#organization"},"potentialAction":[{"@type":"SearchAction","target":{"@type":"EntryPoint","urlTemplate":"https:\/\/www.meydan.tv\/az\/?s={search_term_string}"},"query-input":{"@type":"PropertyValueSpecification","valueRequired":true,"valueName":"search_term_string"}}],"inLanguage":"az"},{"@type":"Organization","@id":"https:\/\/www.meydan.tv\/az\/#organization","name":"Meydan TV","url":"https:\/\/www.meydan.tv\/az\/","logo":{"@type":"ImageObject","inLanguage":"az","@id":"https:\/\/www.meydan.tv\/az\/#\/schema\/logo\/image\/","url":"https:\/\/www.meydan.tv\/wp-content\/uploads\/2021\/07\/meydan-logo.svg","contentUrl":"https:\/\/www.meydan.tv\/wp-content\/uploads\/2021\/07\/meydan-logo.svg","width":195,"height":46,"caption":"Meydan TV"},"image":{"@id":"https:\/\/www.meydan.tv\/az\/#\/schema\/logo\/image\/"}},{"@type":"Person","@id":"https:\/\/www.meydan.tv\/az\/#\/schema\/person\/10d11eccf6da3662cf5fdab9806ea91a","name":"user-manager"}]}},"_links":{"self":[{"href":"https:\/\/www.meydan.tv\/az\/wp-json\/wp\/v2\/posts\/206090","targetHints":{"allow":["GET"]}}],"collection":[{"href":"https:\/\/www.meydan.tv\/az\/wp-json\/wp\/v2\/posts"}],"about":[{"href":"https:\/\/www.meydan.tv\/az\/wp-json\/wp\/v2\/types\/post"}],"author":[{"embeddable":true,"href":"https:\/\/www.meydan.tv\/az\/wp-json\/wp\/v2\/users\/11"}],"replies":[{"embeddable":true,"href":"https:\/\/www.meydan.tv\/az\/wp-json\/wp\/v2\/comments?post=206090"}],"version-history":[{"count":0,"href":"https:\/\/www.meydan.tv\/az\/wp-json\/wp\/v2\/posts\/206090\/revisions"}],"wp:featuredmedia":[{"embeddable":true,"href":"https:\/\/www.meydan.tv\/az\/wp-json\/wp\/v2\/media\/160302"}],"wp:attachment":[{"href":"https:\/\/www.meydan.tv\/az\/wp-json\/wp\/v2\/media?parent=206090"}],"wp:term":[{"taxonomy":"category","embeddable":true,"href":"https:\/\/www.meydan.tv\/az\/wp-json\/wp\/v2\/categories?post=206090"},{"taxonomy":"post_tag","embeddable":true,"href":"https:\/\/www.meydan.tv\/az\/wp-json\/wp\/v2\/tags?post=206090"}],"curies":[{"name":"wp","href":"https:\/\/api.w.org\/{rel}","templated":true}]}}