{"id":206089,"date":"2021-05-04T13:33:48","date_gmt":"2021-05-04T13:33:48","guid":{"rendered":"https:\/\/www.meydan.tv\/article\/mugenni-yol-qezasinda-helak-olub\/"},"modified":"2021-05-04T13:33:48","modified_gmt":"2021-05-04T13:33:48","slug":"mugenni-yol-qezasinda-helak-olub","status":"publish","type":"post","link":"https:\/\/www.meydan.tv\/az\/article\/mugenni-yol-qezasinda-helak-olub\/","title":{"rendered":"M\u00fc\u011f\u0259nni yol q\u0259zas\u0131nda h\u0259lak olub"},"content":{"rendered":"<p>\n  <i><br \/>\n    Aslan H\u00fcseynovun idar\u0259 etdiyi ma\u015f\u0131n \u201cKamaz\u201dla toqqu\u015fub<br \/>\n  <\/i>\n<\/p>\n<p>\n  Q\u0131r\u011f\u0131z\u0131stan\u0131n \u0259m\u0259kdar artisti, az\u0259rbaycanl\u0131 m\u00fc\u011f\u0259nni Aslan H\u00fcseynov avtomobil q\u0259zas\u0131 n\u0259tic\u0259sind\u0259 h\u0259yat\u0131n\u0131 itirib.\n<\/p>\n<p>\n  \u201cReport\u201dun m\u0259lumat\u0131na g\u00f6r\u0259, Bak\u0131-Qazax yolunda \u00f6l\u00fcml\u0259 n\u0259tic\u0259l\u0259n\u0259n yol-n\u0259qliyyat hadis\u0259si olub.\n<\/p>\n<p>\n  Ba\u015f D\u00f6vl\u0259t Yol Polisi (DYP) \u0130dar\u0259sinin \u0130ctimai qurumlarla \u0259laq\u0259 \u015f\u00f6b\u0259sinin r\u0259isi, polis polkovnik-leytenat\u0131 Namidan Piriyev bildirib ki, hadis\u0259 yolun 60-c\u0131 km-d\u0259 qeyd\u0259 al\u0131n\u0131b:\n<\/p>\n<p>\n  \u201cM\u00fc\u011f\u0259nni Aslan H\u00fcseynova m\u0259xsus BMW markal\u0131 avtomobil qar\u015f\u0131da h\u0259r\u0259k\u0259t ed\u0259n \u201cKamaz\u201d markal\u0131 y\u00fck avtomobili il\u0259 toqqu\u015fub. N\u0259tic\u0259d\u0259 avtomobilin s\u00fcr\u00fcc\u00fcs\u00fc Aslan H\u00fcseynov v\u0259fat edib\u201d.\n<\/p>\n<p>\n  1967-ci il t\u0259v\u0259ll\u00fcdl\u00fc H\u00fcseynov Aslan Tofiq o\u011flunun anas\u0131 \u00f6t\u0259n ay v\u0259fat edib. H\u0259min vaxt m\u00fc\u011f\u0259nni Moskvada olub. A.H\u00fcseynovun Bak\u0131ya anas\u0131n\u0131n yas\u0131nda i\u015ftirak etm\u0259k \u00fc\u00e7\u00fcn g\u0259ldiyi bildirilir.<\/p>\n","protected":false},"excerpt":{"rendered":"<p>\u201cM\u00fc\u011f\u0259nni Aslan H\u00fcseynova m\u0259xsus BMW markal\u0131 avtomobil qar\u015f\u0131da h\u0259r\u0259k\u0259t ed\u0259n \u201cKamaz\u201d markal\u0131 y\u00fck avtomobili il\u0259 toqqu\u015fub. N\u0259tic\u0259d\u0259 avtomobilin s\u00fcr\u00fcc\u00fcs\u00fc Aslan H\u00fcseynov v\u0259fat edib\u201d.<\/p>\n","protected":false},"author":11,"featured_media":160320,"comment_status":"closed","ping_status":"open","sticky":false,"template":"","format":"standard","meta":{"_acf_changed":false,"_sitemap_exclude":false,"_sitemap_priority":"","_sitemap_frequency":"","footnotes":""},"categories":[52],"tags":[],"class_list":["post-206089","post","type-post","status-publish","format-standard","has-post-thumbnail","hentry","category-medeniyyet","infinite-scroll-item","generate-columns","tablet-grid-50","mobile-grid-100","grid-parent","grid-33","no-featured-image-padding"],"acf":[],"yoast_head":"<!-- This site is optimized with the Yoast SEO plugin v27.4 - https:\/\/yoast.com\/product\/yoast-seo-wordpress\/ -->\n<title>M\u00fc\u011f\u0259nni yol q\u0259zas\u0131nda h\u0259lak olub - MEYDAN.TV<\/title>\n<meta name=\"robots\" content=\"index, follow, max-snippet:-1, max-image-preview:large, max-video-preview:-1\" \/>\n<link rel=\"canonical\" href=\"https:\/\/www.meydan.tv\/az\/article\/mugenni-yol-qezasinda-helak-olub\/\" \/>\n<meta property=\"og:locale\" content=\"az_AZ\" \/>\n<meta property=\"og:type\" content=\"article\" \/>\n<meta property=\"og:title\" content=\"M\u00fc\u011f\u0259nni yol q\u0259zas\u0131nda h\u0259lak olub - MEYDAN.TV\" \/>\n<meta property=\"og:description\" content=\"\u201cM\u00fc\u011f\u0259nni Aslan H\u00fcseynova m\u0259xsus BMW markal\u0131 avtomobil qar\u015f\u0131da h\u0259r\u0259k\u0259t ed\u0259n \u201cKamaz\u201d markal\u0131 y\u00fck avtomobili il\u0259 toqqu\u015fub. N\u0259tic\u0259d\u0259 avtomobilin s\u00fcr\u00fcc\u00fcs\u00fc Aslan H\u00fcseynov v\u0259fat edib\u201d.\" \/>\n<meta property=\"og:url\" content=\"https:\/\/www.meydan.tv\/az\/article\/mugenni-yol-qezasinda-helak-olub\/\" \/>\n<meta property=\"og:site_name\" content=\"MEYDAN.TV\" \/>\n<meta property=\"article:published_time\" content=\"2021-05-04T13:33:48+00:00\" \/>\n<meta property=\"og:image\" content=\"https:\/\/www.meydan.tv\/wp-content\/uploads\/aslan_21620122543.jpg\" \/>\n\t<meta property=\"og:image:width\" content=\"890\" \/>\n\t<meta property=\"og:image:height\" content=\"482\" \/>\n\t<meta property=\"og:image:type\" content=\"image\/jpeg\" \/>\n<meta name=\"author\" content=\"user-manager\" \/>\n<meta name=\"twitter:card\" content=\"summary_large_image\" \/>\n<script type=\"application\/ld+json\" class=\"yoast-schema-graph\">{\"@context\":\"https:\\\/\\\/schema.org\",\"@graph\":[{\"@type\":\"Article\",\"@id\":\"https:\\\/\\\/www.meydan.tv\\\/az\\\/article\\\/mugenni-yol-qezasinda-helak-olub\\\/#article\",\"isPartOf\":{\"@id\":\"https:\\\/\\\/www.meydan.tv\\\/az\\\/article\\\/mugenni-yol-qezasinda-helak-olub\\\/\"},\"author\":{\"name\":\"user-manager\",\"@id\":\"https:\\\/\\\/www.meydan.tv\\\/az\\\/#\\\/schema\\\/person\\\/10d11eccf6da3662cf5fdab9806ea91a\"},\"headline\":\"M\u00fc\u011f\u0259nni yol q\u0259zas\u0131nda h\u0259lak olub\",\"datePublished\":\"2021-05-04T13:33:48+00:00\",\"mainEntityOfPage\":{\"@id\":\"https:\\\/\\\/www.meydan.tv\\\/az\\\/article\\\/mugenni-yol-qezasinda-helak-olub\\\/\"},\"wordCount\":181,\"publisher\":{\"@id\":\"https:\\\/\\\/www.meydan.tv\\\/az\\\/#organization\"},\"image\":{\"@id\":\"https:\\\/\\\/www.meydan.tv\\\/az\\\/article\\\/mugenni-yol-qezasinda-helak-olub\\\/#primaryimage\"},\"thumbnailUrl\":\"https:\\\/\\\/www.meydan.tv\\\/wp-content\\\/uploads\\\/aslan_21620122543.jpg\",\"articleSection\":[\"M\u0259d\u0259niyy\u0259t\"],\"inLanguage\":\"az\"},{\"@type\":\"WebPage\",\"@id\":\"https:\\\/\\\/www.meydan.tv\\\/az\\\/article\\\/mugenni-yol-qezasinda-helak-olub\\\/\",\"url\":\"https:\\\/\\\/www.meydan.tv\\\/az\\\/article\\\/mugenni-yol-qezasinda-helak-olub\\\/\",\"name\":\"M\u00fc\u011f\u0259nni yol q\u0259zas\u0131nda h\u0259lak olub - MEYDAN.TV\",\"isPartOf\":{\"@id\":\"https:\\\/\\\/www.meydan.tv\\\/az\\\/#website\"},\"primaryImageOfPage\":{\"@id\":\"https:\\\/\\\/www.meydan.tv\\\/az\\\/article\\\/mugenni-yol-qezasinda-helak-olub\\\/#primaryimage\"},\"image\":{\"@id\":\"https:\\\/\\\/www.meydan.tv\\\/az\\\/article\\\/mugenni-yol-qezasinda-helak-olub\\\/#primaryimage\"},\"thumbnailUrl\":\"https:\\\/\\\/www.meydan.tv\\\/wp-content\\\/uploads\\\/aslan_21620122543.jpg\",\"datePublished\":\"2021-05-04T13:33:48+00:00\",\"breadcrumb\":{\"@id\":\"https:\\\/\\\/www.meydan.tv\\\/az\\\/article\\\/mugenni-yol-qezasinda-helak-olub\\\/#breadcrumb\"},\"inLanguage\":\"az\",\"potentialAction\":[{\"@type\":\"ReadAction\",\"target\":[\"https:\\\/\\\/www.meydan.tv\\\/az\\\/article\\\/mugenni-yol-qezasinda-helak-olub\\\/\"]}]},{\"@type\":\"ImageObject\",\"inLanguage\":\"az\",\"@id\":\"https:\\\/\\\/www.meydan.tv\\\/az\\\/article\\\/mugenni-yol-qezasinda-helak-olub\\\/#primaryimage\",\"url\":\"https:\\\/\\\/www.meydan.tv\\\/wp-content\\\/uploads\\\/aslan_21620122543.jpg\",\"contentUrl\":\"https:\\\/\\\/www.meydan.tv\\\/wp-content\\\/uploads\\\/aslan_21620122543.jpg\",\"width\":890,\"height\":482,\"caption\":\"Source: Specify Source\"},{\"@type\":\"BreadcrumbList\",\"@id\":\"https:\\\/\\\/www.meydan.tv\\\/az\\\/article\\\/mugenni-yol-qezasinda-helak-olub\\\/#breadcrumb\",\"itemListElement\":[{\"@type\":\"ListItem\",\"position\":1,\"name\":\"Ana s\u0259hif\u0259\",\"item\":\"https:\\\/\\\/www.meydan.tv\\\/az\\\/\"},{\"@type\":\"ListItem\",\"position\":2,\"name\":\"M\u0259d\u0259niyy\u0259t\",\"item\":\"https:\\\/\\\/www.meydan.tv\\\/az\\\/section\\\/medeniyyet\\\/\"},{\"@type\":\"ListItem\",\"position\":3,\"name\":\"M\u00fc\u011f\u0259nni yol q\u0259zas\u0131nda h\u0259lak olub\"}]},{\"@type\":\"WebSite\",\"@id\":\"https:\\\/\\\/www.meydan.tv\\\/az\\\/#website\",\"url\":\"https:\\\/\\\/www.meydan.tv\\\/az\\\/\",\"name\":\"MEYDAN.TV\",\"description\":\"Meydan TV Az\u0259rbaycan\u0131n media m\u0259kan\u0131ndak\u0131 alternativ s\u0259sidir\",\"publisher\":{\"@id\":\"https:\\\/\\\/www.meydan.tv\\\/az\\\/#organization\"},\"potentialAction\":[{\"@type\":\"SearchAction\",\"target\":{\"@type\":\"EntryPoint\",\"urlTemplate\":\"https:\\\/\\\/www.meydan.tv\\\/az\\\/?s={search_term_string}\"},\"query-input\":{\"@type\":\"PropertyValueSpecification\",\"valueRequired\":true,\"valueName\":\"search_term_string\"}}],\"inLanguage\":\"az\"},{\"@type\":\"Organization\",\"@id\":\"https:\\\/\\\/www.meydan.tv\\\/az\\\/#organization\",\"name\":\"Meydan TV\",\"url\":\"https:\\\/\\\/www.meydan.tv\\\/az\\\/\",\"logo\":{\"@type\":\"ImageObject\",\"inLanguage\":\"az\",\"@id\":\"https:\\\/\\\/www.meydan.tv\\\/az\\\/#\\\/schema\\\/logo\\\/image\\\/\",\"url\":\"https:\\\/\\\/www.meydan.tv\\\/wp-content\\\/uploads\\\/2021\\\/07\\\/meydan-logo.svg\",\"contentUrl\":\"https:\\\/\\\/www.meydan.tv\\\/wp-content\\\/uploads\\\/2021\\\/07\\\/meydan-logo.svg\",\"width\":195,\"height\":46,\"caption\":\"Meydan TV\"},\"image\":{\"@id\":\"https:\\\/\\\/www.meydan.tv\\\/az\\\/#\\\/schema\\\/logo\\\/image\\\/\"}},{\"@type\":\"Person\",\"@id\":\"https:\\\/\\\/www.meydan.tv\\\/az\\\/#\\\/schema\\\/person\\\/10d11eccf6da3662cf5fdab9806ea91a\",\"name\":\"user-manager\"}]}<\/script>\n<!-- \/ Yoast SEO plugin. -->","yoast_head_json":{"title":"M\u00fc\u011f\u0259nni yol q\u0259zas\u0131nda h\u0259lak olub - MEYDAN.TV","robots":{"index":"index","follow":"follow","max-snippet":"max-snippet:-1","max-image-preview":"max-image-preview:large","max-video-preview":"max-video-preview:-1"},"canonical":"https:\/\/www.meydan.tv\/az\/article\/mugenni-yol-qezasinda-helak-olub\/","og_locale":"az_AZ","og_type":"article","og_title":"M\u00fc\u011f\u0259nni yol q\u0259zas\u0131nda h\u0259lak olub - MEYDAN.TV","og_description":"\u201cM\u00fc\u011f\u0259nni Aslan H\u00fcseynova m\u0259xsus BMW markal\u0131 avtomobil qar\u015f\u0131da h\u0259r\u0259k\u0259t ed\u0259n \u201cKamaz\u201d markal\u0131 y\u00fck avtomobili il\u0259 toqqu\u015fub. N\u0259tic\u0259d\u0259 avtomobilin s\u00fcr\u00fcc\u00fcs\u00fc Aslan H\u00fcseynov v\u0259fat edib\u201d.","og_url":"https:\/\/www.meydan.tv\/az\/article\/mugenni-yol-qezasinda-helak-olub\/","og_site_name":"MEYDAN.TV","article_published_time":"2021-05-04T13:33:48+00:00","og_image":[{"width":890,"height":482,"url":"https:\/\/www.meydan.tv\/wp-content\/uploads\/aslan_21620122543.jpg","type":"image\/jpeg"}],"author":"user-manager","twitter_card":"summary_large_image","schema":{"@context":"https:\/\/schema.org","@graph":[{"@type":"Article","@id":"https:\/\/www.meydan.tv\/az\/article\/mugenni-yol-qezasinda-helak-olub\/#article","isPartOf":{"@id":"https:\/\/www.meydan.tv\/az\/article\/mugenni-yol-qezasinda-helak-olub\/"},"author":{"name":"user-manager","@id":"https:\/\/www.meydan.tv\/az\/#\/schema\/person\/10d11eccf6da3662cf5fdab9806ea91a"},"headline":"M\u00fc\u011f\u0259nni yol q\u0259zas\u0131nda h\u0259lak olub","datePublished":"2021-05-04T13:33:48+00:00","mainEntityOfPage":{"@id":"https:\/\/www.meydan.tv\/az\/article\/mugenni-yol-qezasinda-helak-olub\/"},"wordCount":181,"publisher":{"@id":"https:\/\/www.meydan.tv\/az\/#organization"},"image":{"@id":"https:\/\/www.meydan.tv\/az\/article\/mugenni-yol-qezasinda-helak-olub\/#primaryimage"},"thumbnailUrl":"https:\/\/www.meydan.tv\/wp-content\/uploads\/aslan_21620122543.jpg","articleSection":["M\u0259d\u0259niyy\u0259t"],"inLanguage":"az"},{"@type":"WebPage","@id":"https:\/\/www.meydan.tv\/az\/article\/mugenni-yol-qezasinda-helak-olub\/","url":"https:\/\/www.meydan.tv\/az\/article\/mugenni-yol-qezasinda-helak-olub\/","name":"M\u00fc\u011f\u0259nni yol q\u0259zas\u0131nda h\u0259lak olub - MEYDAN.TV","isPartOf":{"@id":"https:\/\/www.meydan.tv\/az\/#website"},"primaryImageOfPage":{"@id":"https:\/\/www.meydan.tv\/az\/article\/mugenni-yol-qezasinda-helak-olub\/#primaryimage"},"image":{"@id":"https:\/\/www.meydan.tv\/az\/article\/mugenni-yol-qezasinda-helak-olub\/#primaryimage"},"thumbnailUrl":"https:\/\/www.meydan.tv\/wp-content\/uploads\/aslan_21620122543.jpg","datePublished":"2021-05-04T13:33:48+00:00","breadcrumb":{"@id":"https:\/\/www.meydan.tv\/az\/article\/mugenni-yol-qezasinda-helak-olub\/#breadcrumb"},"inLanguage":"az","potentialAction":[{"@type":"ReadAction","target":["https:\/\/www.meydan.tv\/az\/article\/mugenni-yol-qezasinda-helak-olub\/"]}]},{"@type":"ImageObject","inLanguage":"az","@id":"https:\/\/www.meydan.tv\/az\/article\/mugenni-yol-qezasinda-helak-olub\/#primaryimage","url":"https:\/\/www.meydan.tv\/wp-content\/uploads\/aslan_21620122543.jpg","contentUrl":"https:\/\/www.meydan.tv\/wp-content\/uploads\/aslan_21620122543.jpg","width":890,"height":482,"caption":"Source: Specify Source"},{"@type":"BreadcrumbList","@id":"https:\/\/www.meydan.tv\/az\/article\/mugenni-yol-qezasinda-helak-olub\/#breadcrumb","itemListElement":[{"@type":"ListItem","position":1,"name":"Ana s\u0259hif\u0259","item":"https:\/\/www.meydan.tv\/az\/"},{"@type":"ListItem","position":2,"name":"M\u0259d\u0259niyy\u0259t","item":"https:\/\/www.meydan.tv\/az\/section\/medeniyyet\/"},{"@type":"ListItem","position":3,"name":"M\u00fc\u011f\u0259nni yol q\u0259zas\u0131nda h\u0259lak olub"}]},{"@type":"WebSite","@id":"https:\/\/www.meydan.tv\/az\/#website","url":"https:\/\/www.meydan.tv\/az\/","name":"MEYDAN.TV","description":"Meydan TV Az\u0259rbaycan\u0131n media m\u0259kan\u0131ndak\u0131 alternativ s\u0259sidir","publisher":{"@id":"https:\/\/www.meydan.tv\/az\/#organization"},"potentialAction":[{"@type":"SearchAction","target":{"@type":"EntryPoint","urlTemplate":"https:\/\/www.meydan.tv\/az\/?s={search_term_string}"},"query-input":{"@type":"PropertyValueSpecification","valueRequired":true,"valueName":"search_term_string"}}],"inLanguage":"az"},{"@type":"Organization","@id":"https:\/\/www.meydan.tv\/az\/#organization","name":"Meydan TV","url":"https:\/\/www.meydan.tv\/az\/","logo":{"@type":"ImageObject","inLanguage":"az","@id":"https:\/\/www.meydan.tv\/az\/#\/schema\/logo\/image\/","url":"https:\/\/www.meydan.tv\/wp-content\/uploads\/2021\/07\/meydan-logo.svg","contentUrl":"https:\/\/www.meydan.tv\/wp-content\/uploads\/2021\/07\/meydan-logo.svg","width":195,"height":46,"caption":"Meydan TV"},"image":{"@id":"https:\/\/www.meydan.tv\/az\/#\/schema\/logo\/image\/"}},{"@type":"Person","@id":"https:\/\/www.meydan.tv\/az\/#\/schema\/person\/10d11eccf6da3662cf5fdab9806ea91a","name":"user-manager"}]}},"_links":{"self":[{"href":"https:\/\/www.meydan.tv\/az\/wp-json\/wp\/v2\/posts\/206089","targetHints":{"allow":["GET"]}}],"collection":[{"href":"https:\/\/www.meydan.tv\/az\/wp-json\/wp\/v2\/posts"}],"about":[{"href":"https:\/\/www.meydan.tv\/az\/wp-json\/wp\/v2\/types\/post"}],"author":[{"embeddable":true,"href":"https:\/\/www.meydan.tv\/az\/wp-json\/wp\/v2\/users\/11"}],"replies":[{"embeddable":true,"href":"https:\/\/www.meydan.tv\/az\/wp-json\/wp\/v2\/comments?post=206089"}],"version-history":[{"count":0,"href":"https:\/\/www.meydan.tv\/az\/wp-json\/wp\/v2\/posts\/206089\/revisions"}],"wp:featuredmedia":[{"embeddable":true,"href":"https:\/\/www.meydan.tv\/az\/wp-json\/wp\/v2\/media\/160320"}],"wp:attachment":[{"href":"https:\/\/www.meydan.tv\/az\/wp-json\/wp\/v2\/media?parent=206089"}],"wp:term":[{"taxonomy":"category","embeddable":true,"href":"https:\/\/www.meydan.tv\/az\/wp-json\/wp\/v2\/categories?post=206089"},{"taxonomy":"post_tag","embeddable":true,"href":"https:\/\/www.meydan.tv\/az\/wp-json\/wp\/v2\/tags?post=206089"}],"curies":[{"name":"wp","href":"https:\/\/api.w.org\/{rel}","templated":true}]}}