{"id":205978,"date":"2021-04-27T04:42:17","date_gmt":"2021-04-27T04:42:17","guid":{"rendered":"https:\/\/www.meydan.tv\/article\/mugenni-baloglan-esrefov-vefat-edib\/"},"modified":"2021-04-27T04:42:17","modified_gmt":"2021-04-27T04:42:17","slug":"mugenni-baloglan-esrefov-vefat-edib","status":"publish","type":"post","link":"https:\/\/www.meydan.tv\/az\/article\/mugenni-baloglan-esrefov-vefat-edib\/","title":{"rendered":"M\u00fc\u011f\u0259nni Balo\u011flan \u018f\u015fr\u0259fov v\u0259fat edib"},"content":{"rendered":"<p>\n  <i><br \/>\n    O, 18 g\u00fcnd\u00fcr koronavirusdan m\u00fcalic\u0259 ald\u0131\u011f\u0131n\u0131 deyirdi<br \/>\n  <\/i>\n<\/p>\n<p>\n  \u018fm\u0259kdar artist Balo\u011flan \u018f\u015fr\u0259fov koronavirusun qurban\u0131 oldu. Bu bar\u0259d\u0259 prod\u00fcsser Tolik kimi tan\u0131nan Tarix \u018fliyev m\u0259lumat yay\u0131b. Bir g\u00fcn \u00f6nc\u0259 is\u0259 m\u00fc\u011f\u0259nni Meydan TV-y\u0259<br \/>\n  <a href=\"https:\/\/d9mc3ts4czbpr.cloudfront.net\/az\/article\/baloglan-esrefov-koronavirusa-yoluxdu\/?ref=homepage-news\"><br \/>\n    a\u00e7\u0131qlamas<br \/>\n  <\/a><br \/>\n  \u0131nda \u201cOn s\u0259kkiz g\u00fcnd\u00fcr ki, ev \u015f\u0259raitind\u0259 m\u00fcalic\u0259 olunuram. S\u0259hh\u0259tim normald\u0131r. \u00d6z\u00fcm x\u0259st\u0259xanaya getm\u0259k ist\u0259mir\u0259m. Tezlikl\u0259 sa\u011falaca\u011f\u0131ma inan\u0131ram\u201d, &#8211; demi\u015fdi.\n<\/p>\n<p>\n  S\u0259n\u0259t\u00e7i 1951-ci ild\u0259 Masall\u0131da do\u011fulub. O, uzun m\u00fcdd\u0259t qaraciy\u0259r serrozundan \u0259ziyy\u0259t \u00e7\u0259kib. 2007-ci ild\u0259 az\u0259rbaycanl\u0131 i\u015f adam\u0131 M\u00fcbariz M\u0259nsimovun maddi yard\u0131m\u0131 il\u0259 ona T\u00fcrkiy\u0259d\u0259 qaraciy\u0259r k\u00f6\u00e7\u00fcr\u00fcl\u00fcb.<\/p>\n","protected":false},"excerpt":{"rendered":"<p>&#8221;Tezlikl\u0259 sa\u011falaca\u011f\u0131ma inan\u0131ram\u201d, &#8211; demi\u015fdi.<\/p>\n","protected":false},"author":11,"featured_media":159846,"comment_status":"closed","ping_status":"open","sticky":false,"template":"","format":"standard","meta":{"_acf_changed":false,"_sitemap_exclude":false,"_sitemap_priority":"","_sitemap_frequency":"","footnotes":""},"categories":[52],"tags":[],"class_list":["post-205978","post","type-post","status-publish","format-standard","has-post-thumbnail","hentry","category-medeniyyet","infinite-scroll-item","generate-columns","tablet-grid-50","mobile-grid-100","grid-parent","grid-33","no-featured-image-padding"],"acf":[],"yoast_head":"<!-- This site is optimized with the Yoast SEO plugin v27.4 - https:\/\/yoast.com\/product\/yoast-seo-wordpress\/ -->\n<title>M\u00fc\u011f\u0259nni Balo\u011flan \u018f\u015fr\u0259fov v\u0259fat edib - MEYDAN.TV<\/title>\n<meta name=\"robots\" content=\"index, follow, max-snippet:-1, max-image-preview:large, max-video-preview:-1\" \/>\n<link rel=\"canonical\" href=\"https:\/\/www.meydan.tv\/az\/article\/mugenni-baloglan-esrefov-vefat-edib\/\" \/>\n<meta property=\"og:locale\" content=\"az_AZ\" \/>\n<meta property=\"og:type\" content=\"article\" \/>\n<meta property=\"og:title\" content=\"M\u00fc\u011f\u0259nni Balo\u011flan \u018f\u015fr\u0259fov v\u0259fat edib - MEYDAN.TV\" \/>\n<meta property=\"og:description\" content=\"&#039;&#039;Tezlikl\u0259 sa\u011falaca\u011f\u0131ma inan\u0131ram\u201d, - demi\u015fdi.\" \/>\n<meta property=\"og:url\" content=\"https:\/\/www.meydan.tv\/az\/article\/mugenni-baloglan-esrefov-vefat-edib\/\" \/>\n<meta property=\"og:site_name\" content=\"MEYDAN.TV\" \/>\n<meta property=\"article:published_time\" content=\"2021-04-27T04:42:17+00:00\" \/>\n<meta property=\"og:image\" content=\"https:\/\/www.meydan.tv\/wp-content\/uploads\/baloglan_asrafov_260915.jpg\" \/>\n\t<meta property=\"og:image:width\" content=\"730\" \/>\n\t<meta property=\"og:image:height\" content=\"484\" \/>\n\t<meta property=\"og:image:type\" content=\"image\/jpeg\" \/>\n<meta name=\"author\" content=\"user-manager\" \/>\n<meta name=\"twitter:card\" content=\"summary_large_image\" \/>\n<script type=\"application\/ld+json\" class=\"yoast-schema-graph\">{\"@context\":\"https:\\\/\\\/schema.org\",\"@graph\":[{\"@type\":\"Article\",\"@id\":\"https:\\\/\\\/www.meydan.tv\\\/az\\\/article\\\/mugenni-baloglan-esrefov-vefat-edib\\\/#article\",\"isPartOf\":{\"@id\":\"https:\\\/\\\/www.meydan.tv\\\/az\\\/article\\\/mugenni-baloglan-esrefov-vefat-edib\\\/\"},\"author\":{\"name\":\"user-manager\",\"@id\":\"https:\\\/\\\/www.meydan.tv\\\/az\\\/#\\\/schema\\\/person\\\/10d11eccf6da3662cf5fdab9806ea91a\"},\"headline\":\"M\u00fc\u011f\u0259nni Balo\u011flan \u018f\u015fr\u0259fov v\u0259fat edib\",\"datePublished\":\"2021-04-27T04:42:17+00:00\",\"mainEntityOfPage\":{\"@id\":\"https:\\\/\\\/www.meydan.tv\\\/az\\\/article\\\/mugenni-baloglan-esrefov-vefat-edib\\\/\"},\"wordCount\":137,\"publisher\":{\"@id\":\"https:\\\/\\\/www.meydan.tv\\\/az\\\/#organization\"},\"image\":{\"@id\":\"https:\\\/\\\/www.meydan.tv\\\/az\\\/article\\\/mugenni-baloglan-esrefov-vefat-edib\\\/#primaryimage\"},\"thumbnailUrl\":\"https:\\\/\\\/www.meydan.tv\\\/wp-content\\\/uploads\\\/baloglan_asrafov_260915.jpg\",\"articleSection\":[\"M\u0259d\u0259niyy\u0259t\"],\"inLanguage\":\"az\"},{\"@type\":\"WebPage\",\"@id\":\"https:\\\/\\\/www.meydan.tv\\\/az\\\/article\\\/mugenni-baloglan-esrefov-vefat-edib\\\/\",\"url\":\"https:\\\/\\\/www.meydan.tv\\\/az\\\/article\\\/mugenni-baloglan-esrefov-vefat-edib\\\/\",\"name\":\"M\u00fc\u011f\u0259nni Balo\u011flan \u018f\u015fr\u0259fov v\u0259fat edib - MEYDAN.TV\",\"isPartOf\":{\"@id\":\"https:\\\/\\\/www.meydan.tv\\\/az\\\/#website\"},\"primaryImageOfPage\":{\"@id\":\"https:\\\/\\\/www.meydan.tv\\\/az\\\/article\\\/mugenni-baloglan-esrefov-vefat-edib\\\/#primaryimage\"},\"image\":{\"@id\":\"https:\\\/\\\/www.meydan.tv\\\/az\\\/article\\\/mugenni-baloglan-esrefov-vefat-edib\\\/#primaryimage\"},\"thumbnailUrl\":\"https:\\\/\\\/www.meydan.tv\\\/wp-content\\\/uploads\\\/baloglan_asrafov_260915.jpg\",\"datePublished\":\"2021-04-27T04:42:17+00:00\",\"breadcrumb\":{\"@id\":\"https:\\\/\\\/www.meydan.tv\\\/az\\\/article\\\/mugenni-baloglan-esrefov-vefat-edib\\\/#breadcrumb\"},\"inLanguage\":\"az\",\"potentialAction\":[{\"@type\":\"ReadAction\",\"target\":[\"https:\\\/\\\/www.meydan.tv\\\/az\\\/article\\\/mugenni-baloglan-esrefov-vefat-edib\\\/\"]}]},{\"@type\":\"ImageObject\",\"inLanguage\":\"az\",\"@id\":\"https:\\\/\\\/www.meydan.tv\\\/az\\\/article\\\/mugenni-baloglan-esrefov-vefat-edib\\\/#primaryimage\",\"url\":\"https:\\\/\\\/www.meydan.tv\\\/wp-content\\\/uploads\\\/baloglan_asrafov_260915.jpg\",\"contentUrl\":\"https:\\\/\\\/www.meydan.tv\\\/wp-content\\\/uploads\\\/baloglan_asrafov_260915.jpg\",\"width\":730,\"height\":484,\"caption\":\"Source: Specify Source\"},{\"@type\":\"BreadcrumbList\",\"@id\":\"https:\\\/\\\/www.meydan.tv\\\/az\\\/article\\\/mugenni-baloglan-esrefov-vefat-edib\\\/#breadcrumb\",\"itemListElement\":[{\"@type\":\"ListItem\",\"position\":1,\"name\":\"Ana s\u0259hif\u0259\",\"item\":\"https:\\\/\\\/www.meydan.tv\\\/az\\\/\"},{\"@type\":\"ListItem\",\"position\":2,\"name\":\"M\u0259d\u0259niyy\u0259t\",\"item\":\"https:\\\/\\\/www.meydan.tv\\\/az\\\/section\\\/medeniyyet\\\/\"},{\"@type\":\"ListItem\",\"position\":3,\"name\":\"M\u00fc\u011f\u0259nni Balo\u011flan \u018f\u015fr\u0259fov v\u0259fat edib\"}]},{\"@type\":\"WebSite\",\"@id\":\"https:\\\/\\\/www.meydan.tv\\\/az\\\/#website\",\"url\":\"https:\\\/\\\/www.meydan.tv\\\/az\\\/\",\"name\":\"MEYDAN.TV\",\"description\":\"Meydan TV Az\u0259rbaycan\u0131n media m\u0259kan\u0131ndak\u0131 alternativ s\u0259sidir\",\"publisher\":{\"@id\":\"https:\\\/\\\/www.meydan.tv\\\/az\\\/#organization\"},\"potentialAction\":[{\"@type\":\"SearchAction\",\"target\":{\"@type\":\"EntryPoint\",\"urlTemplate\":\"https:\\\/\\\/www.meydan.tv\\\/az\\\/?s={search_term_string}\"},\"query-input\":{\"@type\":\"PropertyValueSpecification\",\"valueRequired\":true,\"valueName\":\"search_term_string\"}}],\"inLanguage\":\"az\"},{\"@type\":\"Organization\",\"@id\":\"https:\\\/\\\/www.meydan.tv\\\/az\\\/#organization\",\"name\":\"Meydan TV\",\"url\":\"https:\\\/\\\/www.meydan.tv\\\/az\\\/\",\"logo\":{\"@type\":\"ImageObject\",\"inLanguage\":\"az\",\"@id\":\"https:\\\/\\\/www.meydan.tv\\\/az\\\/#\\\/schema\\\/logo\\\/image\\\/\",\"url\":\"https:\\\/\\\/www.meydan.tv\\\/wp-content\\\/uploads\\\/2021\\\/07\\\/meydan-logo.svg\",\"contentUrl\":\"https:\\\/\\\/www.meydan.tv\\\/wp-content\\\/uploads\\\/2021\\\/07\\\/meydan-logo.svg\",\"width\":195,\"height\":46,\"caption\":\"Meydan TV\"},\"image\":{\"@id\":\"https:\\\/\\\/www.meydan.tv\\\/az\\\/#\\\/schema\\\/logo\\\/image\\\/\"}},{\"@type\":\"Person\",\"@id\":\"https:\\\/\\\/www.meydan.tv\\\/az\\\/#\\\/schema\\\/person\\\/10d11eccf6da3662cf5fdab9806ea91a\",\"name\":\"user-manager\"}]}<\/script>\n<!-- \/ Yoast SEO plugin. -->","yoast_head_json":{"title":"M\u00fc\u011f\u0259nni Balo\u011flan \u018f\u015fr\u0259fov v\u0259fat edib - MEYDAN.TV","robots":{"index":"index","follow":"follow","max-snippet":"max-snippet:-1","max-image-preview":"max-image-preview:large","max-video-preview":"max-video-preview:-1"},"canonical":"https:\/\/www.meydan.tv\/az\/article\/mugenni-baloglan-esrefov-vefat-edib\/","og_locale":"az_AZ","og_type":"article","og_title":"M\u00fc\u011f\u0259nni Balo\u011flan \u018f\u015fr\u0259fov v\u0259fat edib - MEYDAN.TV","og_description":"''Tezlikl\u0259 sa\u011falaca\u011f\u0131ma inan\u0131ram\u201d, - demi\u015fdi.","og_url":"https:\/\/www.meydan.tv\/az\/article\/mugenni-baloglan-esrefov-vefat-edib\/","og_site_name":"MEYDAN.TV","article_published_time":"2021-04-27T04:42:17+00:00","og_image":[{"width":730,"height":484,"url":"https:\/\/www.meydan.tv\/wp-content\/uploads\/baloglan_asrafov_260915.jpg","type":"image\/jpeg"}],"author":"user-manager","twitter_card":"summary_large_image","schema":{"@context":"https:\/\/schema.org","@graph":[{"@type":"Article","@id":"https:\/\/www.meydan.tv\/az\/article\/mugenni-baloglan-esrefov-vefat-edib\/#article","isPartOf":{"@id":"https:\/\/www.meydan.tv\/az\/article\/mugenni-baloglan-esrefov-vefat-edib\/"},"author":{"name":"user-manager","@id":"https:\/\/www.meydan.tv\/az\/#\/schema\/person\/10d11eccf6da3662cf5fdab9806ea91a"},"headline":"M\u00fc\u011f\u0259nni Balo\u011flan \u018f\u015fr\u0259fov v\u0259fat edib","datePublished":"2021-04-27T04:42:17+00:00","mainEntityOfPage":{"@id":"https:\/\/www.meydan.tv\/az\/article\/mugenni-baloglan-esrefov-vefat-edib\/"},"wordCount":137,"publisher":{"@id":"https:\/\/www.meydan.tv\/az\/#organization"},"image":{"@id":"https:\/\/www.meydan.tv\/az\/article\/mugenni-baloglan-esrefov-vefat-edib\/#primaryimage"},"thumbnailUrl":"https:\/\/www.meydan.tv\/wp-content\/uploads\/baloglan_asrafov_260915.jpg","articleSection":["M\u0259d\u0259niyy\u0259t"],"inLanguage":"az"},{"@type":"WebPage","@id":"https:\/\/www.meydan.tv\/az\/article\/mugenni-baloglan-esrefov-vefat-edib\/","url":"https:\/\/www.meydan.tv\/az\/article\/mugenni-baloglan-esrefov-vefat-edib\/","name":"M\u00fc\u011f\u0259nni Balo\u011flan \u018f\u015fr\u0259fov v\u0259fat edib - MEYDAN.TV","isPartOf":{"@id":"https:\/\/www.meydan.tv\/az\/#website"},"primaryImageOfPage":{"@id":"https:\/\/www.meydan.tv\/az\/article\/mugenni-baloglan-esrefov-vefat-edib\/#primaryimage"},"image":{"@id":"https:\/\/www.meydan.tv\/az\/article\/mugenni-baloglan-esrefov-vefat-edib\/#primaryimage"},"thumbnailUrl":"https:\/\/www.meydan.tv\/wp-content\/uploads\/baloglan_asrafov_260915.jpg","datePublished":"2021-04-27T04:42:17+00:00","breadcrumb":{"@id":"https:\/\/www.meydan.tv\/az\/article\/mugenni-baloglan-esrefov-vefat-edib\/#breadcrumb"},"inLanguage":"az","potentialAction":[{"@type":"ReadAction","target":["https:\/\/www.meydan.tv\/az\/article\/mugenni-baloglan-esrefov-vefat-edib\/"]}]},{"@type":"ImageObject","inLanguage":"az","@id":"https:\/\/www.meydan.tv\/az\/article\/mugenni-baloglan-esrefov-vefat-edib\/#primaryimage","url":"https:\/\/www.meydan.tv\/wp-content\/uploads\/baloglan_asrafov_260915.jpg","contentUrl":"https:\/\/www.meydan.tv\/wp-content\/uploads\/baloglan_asrafov_260915.jpg","width":730,"height":484,"caption":"Source: Specify Source"},{"@type":"BreadcrumbList","@id":"https:\/\/www.meydan.tv\/az\/article\/mugenni-baloglan-esrefov-vefat-edib\/#breadcrumb","itemListElement":[{"@type":"ListItem","position":1,"name":"Ana s\u0259hif\u0259","item":"https:\/\/www.meydan.tv\/az\/"},{"@type":"ListItem","position":2,"name":"M\u0259d\u0259niyy\u0259t","item":"https:\/\/www.meydan.tv\/az\/section\/medeniyyet\/"},{"@type":"ListItem","position":3,"name":"M\u00fc\u011f\u0259nni Balo\u011flan \u018f\u015fr\u0259fov v\u0259fat edib"}]},{"@type":"WebSite","@id":"https:\/\/www.meydan.tv\/az\/#website","url":"https:\/\/www.meydan.tv\/az\/","name":"MEYDAN.TV","description":"Meydan TV Az\u0259rbaycan\u0131n media m\u0259kan\u0131ndak\u0131 alternativ s\u0259sidir","publisher":{"@id":"https:\/\/www.meydan.tv\/az\/#organization"},"potentialAction":[{"@type":"SearchAction","target":{"@type":"EntryPoint","urlTemplate":"https:\/\/www.meydan.tv\/az\/?s={search_term_string}"},"query-input":{"@type":"PropertyValueSpecification","valueRequired":true,"valueName":"search_term_string"}}],"inLanguage":"az"},{"@type":"Organization","@id":"https:\/\/www.meydan.tv\/az\/#organization","name":"Meydan TV","url":"https:\/\/www.meydan.tv\/az\/","logo":{"@type":"ImageObject","inLanguage":"az","@id":"https:\/\/www.meydan.tv\/az\/#\/schema\/logo\/image\/","url":"https:\/\/www.meydan.tv\/wp-content\/uploads\/2021\/07\/meydan-logo.svg","contentUrl":"https:\/\/www.meydan.tv\/wp-content\/uploads\/2021\/07\/meydan-logo.svg","width":195,"height":46,"caption":"Meydan TV"},"image":{"@id":"https:\/\/www.meydan.tv\/az\/#\/schema\/logo\/image\/"}},{"@type":"Person","@id":"https:\/\/www.meydan.tv\/az\/#\/schema\/person\/10d11eccf6da3662cf5fdab9806ea91a","name":"user-manager"}]}},"_links":{"self":[{"href":"https:\/\/www.meydan.tv\/az\/wp-json\/wp\/v2\/posts\/205978","targetHints":{"allow":["GET"]}}],"collection":[{"href":"https:\/\/www.meydan.tv\/az\/wp-json\/wp\/v2\/posts"}],"about":[{"href":"https:\/\/www.meydan.tv\/az\/wp-json\/wp\/v2\/types\/post"}],"author":[{"embeddable":true,"href":"https:\/\/www.meydan.tv\/az\/wp-json\/wp\/v2\/users\/11"}],"replies":[{"embeddable":true,"href":"https:\/\/www.meydan.tv\/az\/wp-json\/wp\/v2\/comments?post=205978"}],"version-history":[{"count":0,"href":"https:\/\/www.meydan.tv\/az\/wp-json\/wp\/v2\/posts\/205978\/revisions"}],"wp:featuredmedia":[{"embeddable":true,"href":"https:\/\/www.meydan.tv\/az\/wp-json\/wp\/v2\/media\/159846"}],"wp:attachment":[{"href":"https:\/\/www.meydan.tv\/az\/wp-json\/wp\/v2\/media?parent=205978"}],"wp:term":[{"taxonomy":"category","embeddable":true,"href":"https:\/\/www.meydan.tv\/az\/wp-json\/wp\/v2\/categories?post=205978"},{"taxonomy":"post_tag","embeddable":true,"href":"https:\/\/www.meydan.tv\/az\/wp-json\/wp\/v2\/tags?post=205978"}],"curies":[{"name":"wp","href":"https:\/\/api.w.org\/{rel}","templated":true}]}}