{"id":205943,"date":"2021-04-24T19:12:04","date_gmt":"2021-04-24T19:12:04","guid":{"rendered":"https:\/\/www.meydan.tv\/article\/tebib-kemaleddin-heyderovun-dediklerini-yalanladi\/"},"modified":"2021-04-24T19:12:04","modified_gmt":"2021-04-24T19:12:04","slug":"tebib-kemaleddin-heyderovun-dediklerini-yalanladi","status":"publish","type":"post","link":"https:\/\/www.meydan.tv\/az\/article\/tebib-kemaleddin-heyderovun-dediklerini-yalanladi\/","title":{"rendered":"T\u018fB\u0130B K\u0259mal\u0259ddin Heyd\u0259rovun dedikl\u0259rini yalanlad\u0131"},"content":{"rendered":"<p>\n  <i><br \/>\n    \u201cT\u018fB\u0130B il\u0259 F\u00f6vq\u0259lad\u0259 Hallar Nazirliyi v\u0259 ya onun x\u0259st\u0259xanas\u0131 aras\u0131nda h\u0259r hans\u0131 m\u00fcqavil\u0259 ba\u011flanmay\u0131b\u201d<br \/>\n  <\/i>\n<\/p>\n<p>\n  F\u00f6vq\u0259lad\u0259 hallar naziri K\u0259mal\u0259ddin Heyd\u0259rov FHN-nin Tibb M\u0259rk\u0259zinin Modul Tipli Hospital\u0131n\u0131n ba\u015f h\u0259kimi, \u00f6t\u0259n g\u00fcn saxlan\u0131lan \u0130mran A\u011fayevin h\u0259bsin\u0259 m\u00fcnasib\u0259t bildirib.\n<\/p>\n<p>\n  K.Heyd\u0259rov unikal.org-a<br \/>\n  <a href=\"https:\/\/www.unikal.org\/news\/287184\/korrupsiya-ele-bir-seydir-ki-genc-yasli-tanimir-kemaleddin-heyderov\"><br \/>\n    a\u00e7\u0131qlama<br \/>\n  <\/a><br \/>\n  s\u0131nda \u0130mran A\u011fayevin FHN-nin \u0259m\u0259kda\u015f\u0131 olmad\u0131\u011f\u0131n\u0131 deyib:\n<\/p>\n<p>\n  \u201cO, bizim i\u015f\u00e7imiz deyil. H\u0259bs edil\u0259n ba\u015f h\u0259kim v\u0259 \u0259m\u0259kda\u015flar\u0131 T\u018fB\u0130B-l\u0259 m\u00fcqavil\u0259 \u0259sas\u0131nda i\u015fl\u0259yib. Bizd\u0259 pul n\u0259 g\u0259zir ki, onlar\u0131 maliyy\u0259l\u0259\u015fdir\u0259k? H\u0259min Modul Tipli Hospital\u0131 d\u00f6vl\u0259t maliyy\u0259l\u0259\u015fdirir\u201d.\n<\/p>\n<p>\n  Nazir korrupsiya il\u0259 ba\u011fl\u0131 da fikirl\u0259rini bildiib: \u201cKorrupsiya el\u0259 bir \u015feydir ki, g\u0259nc, ya\u015fl\u0131 tan\u0131m\u0131r. Kimin qan\u0131nda varsa, o i\u015fl\u0259 m\u0259\u015f\u011ful olur\u201d.\n<\/p>\n<figure class=\"wp-block-image size-large\">\n  <img decoding=\"async\" src=\"https:\/\/www.meydan.tv\/az\/kamaleddin-heyderov\/\" alt=\"Kamal\u0259ddin Heyd\u0259rov\" class=\"wp-image-48655\"\/><figcaption>\n    K\u0259mal\u0259ddin Heyd\u0259rov<br \/>\n  <\/figcaption><\/figure>\n<p>\n  T\u018fB\u0130B is\u0259 nazirin s\u00f6yl\u0259dikl\u0259rini t\u0259kzib edib. Qurumun m\u0259tbuat xidm\u0259tinin a\u00e7\u0131qlamas\u0131nda bildirilir:\n<\/p>\n<p>\n  \u201cB\u0259zi k\u00fctl\u0259vi informasiya vasit\u0259l\u0259rind\u0259 yer alan m\u0259lumata g\u00f6r\u0259, F\u00f6vq\u0259lad\u0259 Hallar Nazirliyinin \u201cZ\u0131\u011f\u201d Modul Tipli Hospital\u0131n\u0131n h\u0259bs olunan ba\u015f h\u0259kimi \u0130mran A\u011fayev v\u0259 dig\u0259r \u0259m\u0259kda\u015flar\u0131 T\u018fB\u0130B-l\u0259 m\u00fcqavil\u0259 \u0259sas\u0131nda i\u015fl\u0259yibl\u0259r. Birm\u0259nal\u0131 \u015f\u0259kild\u0259 bildiririk ki, bu m\u0259lumat h\u0259qiq\u0259ti \u0259ks etdirmir. T\u018fB\u0130B il\u0259 F\u00f6vq\u0259lad\u0259 Hallar Nazirliyi v\u0259 ya onun x\u0259st\u0259xanas\u0131 aras\u0131nda h\u0259r hans\u0131 m\u00fcqavil\u0259 ba\u011flanmay\u0131b. Hospital FHN-nin Tibb Xidm\u0259ti n\u0259zdind\u0259 f\u0259aliyy\u0259t g\u00f6st\u0259rir v\u0259 T\u018fB\u0130B t\u0259r\u0259find\u0259n h\u0259min hospital\u0131n ba\u015f h\u0259kim v\u0259 \u0259m\u0259kda\u015flar\u0131n\u0131n f\u0259aliyy\u0259tin\u0259 bu v\u0259 ya dig\u0259r formada m\u00fcdaxil\u0259 v\u0259 ya n\u0259zar\u0259td\u0259n s\u00f6hb\u0259t ged\u0259 bilm\u0259z\u201d.\n<\/p>\n<p>\n  M\u0259lumatda o da deyilir ki, T\u018fB\u0130B olaraq d\u0259f\u0259l\u0259rl\u0259 ictimaiyy\u0259t\u0259 h\u0259r hans\u0131 neqativ hallarla rastla\u015fd\u0131qda h\u00fcquq-m\u00fchafiz\u0259 orqanlar\u0131na m\u0259lumat verm\u0259l\u0259ri bar\u0259d\u0259 m\u00fcraci\u0259t edibl\u0259r:\n<\/p>\n<p>\n  \u201cBundan ba\u015fqa, f\u0259aliyy\u0259tind\u0259 n\u00f6qsanlara yol ver\u0259n tibb i\u015f\u00e7il\u0259rinin if\u015fas\u0131 istiqam\u0259tind\u0259 t\u0259r\u0259fimizd\u0259n d\u0259 indiy\u0259d\u0259k m\u00fc\u0259yy\u0259n t\u0259dbirl\u0259r g\u00f6r\u00fcl\u00fcb. N\u00f6qsanlara yol ver\u0259n, qanunsuz \u0259m\u0259ll\u0259rl\u0259 m\u0259\u015f\u011ful olanlar tutdu\u011fu v\u0259zif\u0259d\u0259n uzaqla\u015fd\u0131r\u0131l\u0131b, bir \u00e7ox tibb m\u00fc\u0259ssis\u0259sinin r\u0259hb\u0259ri d\u0259yi\u015fdirilib. Bundan sonra da T\u018fB\u0130B t\u0259r\u0259find\u0259n bu istiqam\u0259td\u0259 ciddi m\u00fcbariz\u0259 apar\u0131lacaq, kimliyind\u0259n as\u0131l\u0131 olmayaraq neqativ hallara yol ver\u0259n \u015f\u0259xsl\u0259r\u0259 qar\u015f\u0131 h\u00fcquq-m\u00fchafiz\u0259 orqanlar\u0131 il\u0259 birlikd\u0259 m\u00fcvafiq t\u0259dbirl\u0259r g\u00f6r\u00fcl\u0259c\u0259k\u201d.\n<\/p>\n<p>\n  \u0130.A\u011fayev F\u00f6vq\u0259lad\u0259 Hallar nazirinin m\u00fcavini, general-leytinant Faiq Ta\u011f\u0131zad\u0259nin bac\u0131s\u0131 o\u011fludur. \u00d6t\u0259n ay x\u0259st\u0259xanan\u0131n bir qrup i\u015f\u00e7isi \u0259m\u0259khaqlar\u0131n\u0131n verilm\u0259m\u0259si v\u0259 i\u015fd\u0259n \u00e7\u0131xar\u0131ld\u0131qlar\u0131 \u00fc\u00e7\u00fcn tibb m\u00fc\u0259ssis\u0259sinin qar\u015f\u0131s\u0131nda etiraz aksiyas\u0131 ke\u00e7irib. X\u0259st\u0259 yax\u0131nlar\u0131 bildiribl\u0259r ki, son bir ne\u00e7\u0259 ayda x\u0259st\u0259xanaya x\u0259st\u0259 q\u0259bulu 900-2000 manat aras\u0131nda olub.<\/p>\n","protected":false},"excerpt":{"rendered":"<p>&#8220;Hospital FHN-nin Tibb Xidm\u0259ti n\u0259zdind\u0259 f\u0259aliyy\u0259t g\u00f6st\u0259rir v\u0259 T\u018fB\u0130B t\u0259r\u0259find\u0259n h\u0259min hospital\u0131n ba\u015f h\u0259kim v\u0259 \u0259m\u0259kda\u015flar\u0131n\u0131n f\u0259aliyy\u0259tin\u0259 bu v\u0259 ya dig\u0259r formada m\u00fcdaxil\u0259 v\u0259 ya n\u0259zar\u0259td\u0259n s\u00f6hb\u0259t ged\u0259 bilm\u0259z\u201d.<\/p>\n","protected":false},"author":11,"featured_media":145055,"comment_status":"closed","ping_status":"open","sticky":false,"template":"","format":"standard","meta":{"_acf_changed":false,"_sitemap_exclude":false,"_sitemap_priority":"","_sitemap_frequency":"","footnotes":""},"categories":[54],"tags":[],"class_list":["post-205943","post","type-post","status-publish","format-standard","has-post-thumbnail","hentry","category-sagliq","infinite-scroll-item","generate-columns","tablet-grid-50","mobile-grid-100","grid-parent","grid-33","no-featured-image-padding"],"acf":[],"yoast_head":"<!-- This site is optimized with the Yoast SEO plugin v27.4 - https:\/\/yoast.com\/product\/yoast-seo-wordpress\/ -->\n<title>T\u018fB\u0130B K\u0259mal\u0259ddin Heyd\u0259rovun dedikl\u0259rini yalanlad\u0131 - MEYDAN.TV<\/title>\n<meta name=\"robots\" content=\"index, follow, max-snippet:-1, max-image-preview:large, max-video-preview:-1\" \/>\n<link rel=\"canonical\" href=\"https:\/\/www.meydan.tv\/az\/article\/tebib-kemaleddin-heyderovun-dediklerini-yalanladi\/\" \/>\n<meta property=\"og:locale\" content=\"az_AZ\" \/>\n<meta property=\"og:type\" content=\"article\" \/>\n<meta property=\"og:title\" content=\"T\u018fB\u0130B K\u0259mal\u0259ddin Heyd\u0259rovun dedikl\u0259rini yalanlad\u0131 - MEYDAN.TV\" \/>\n<meta property=\"og:description\" content=\"&quot;Hospital FHN-nin Tibb Xidm\u0259ti n\u0259zdind\u0259 f\u0259aliyy\u0259t g\u00f6st\u0259rir v\u0259 T\u018fB\u0130B t\u0259r\u0259find\u0259n h\u0259min hospital\u0131n ba\u015f h\u0259kim v\u0259 \u0259m\u0259kda\u015flar\u0131n\u0131n f\u0259aliyy\u0259tin\u0259 bu v\u0259 ya dig\u0259r formada m\u00fcdaxil\u0259 v\u0259 ya n\u0259zar\u0259td\u0259n s\u00f6hb\u0259t ged\u0259 bilm\u0259z\u201d.\" \/>\n<meta property=\"og:url\" content=\"https:\/\/www.meydan.tv\/az\/article\/tebib-kemaleddin-heyderovun-dediklerini-yalanladi\/\" \/>\n<meta property=\"og:site_name\" content=\"MEYDAN.TV\" \/>\n<meta property=\"article:published_time\" content=\"2021-04-24T19:12:04+00:00\" \/>\n<meta property=\"og:image\" content=\"https:\/\/www.meydan.tv\/wp-content\/uploads\/65ea0c30a1ed57.jpg\" \/>\n\t<meta property=\"og:image:width\" content=\"750\" \/>\n\t<meta property=\"og:image:height\" content=\"500\" \/>\n\t<meta property=\"og:image:type\" content=\"image\/jpeg\" \/>\n<meta name=\"author\" content=\"user-manager\" \/>\n<meta name=\"twitter:card\" content=\"summary_large_image\" \/>\n<script type=\"application\/ld+json\" class=\"yoast-schema-graph\">{\"@context\":\"https:\\\/\\\/schema.org\",\"@graph\":[{\"@type\":\"Article\",\"@id\":\"https:\\\/\\\/www.meydan.tv\\\/az\\\/article\\\/tebib-kemaleddin-heyderovun-dediklerini-yalanladi\\\/#article\",\"isPartOf\":{\"@id\":\"https:\\\/\\\/www.meydan.tv\\\/az\\\/article\\\/tebib-kemaleddin-heyderovun-dediklerini-yalanladi\\\/\"},\"author\":{\"name\":\"user-manager\",\"@id\":\"https:\\\/\\\/www.meydan.tv\\\/az\\\/#\\\/schema\\\/person\\\/10d11eccf6da3662cf5fdab9806ea91a\"},\"headline\":\"T\u018fB\u0130B K\u0259mal\u0259ddin Heyd\u0259rovun dedikl\u0259rini yalanlad\u0131\",\"datePublished\":\"2021-04-24T19:12:04+00:00\",\"mainEntityOfPage\":{\"@id\":\"https:\\\/\\\/www.meydan.tv\\\/az\\\/article\\\/tebib-kemaleddin-heyderovun-dediklerini-yalanladi\\\/\"},\"wordCount\":582,\"publisher\":{\"@id\":\"https:\\\/\\\/www.meydan.tv\\\/az\\\/#organization\"},\"image\":{\"@id\":\"https:\\\/\\\/www.meydan.tv\\\/az\\\/article\\\/tebib-kemaleddin-heyderovun-dediklerini-yalanladi\\\/#primaryimage\"},\"thumbnailUrl\":\"https:\\\/\\\/www.meydan.tv\\\/wp-content\\\/uploads\\\/65ea0c30a1ed57.jpg\",\"articleSection\":[\"Sa\u011fl\u0131q\"],\"inLanguage\":\"az\"},{\"@type\":\"WebPage\",\"@id\":\"https:\\\/\\\/www.meydan.tv\\\/az\\\/article\\\/tebib-kemaleddin-heyderovun-dediklerini-yalanladi\\\/\",\"url\":\"https:\\\/\\\/www.meydan.tv\\\/az\\\/article\\\/tebib-kemaleddin-heyderovun-dediklerini-yalanladi\\\/\",\"name\":\"T\u018fB\u0130B K\u0259mal\u0259ddin Heyd\u0259rovun dedikl\u0259rini yalanlad\u0131 - MEYDAN.TV\",\"isPartOf\":{\"@id\":\"https:\\\/\\\/www.meydan.tv\\\/az\\\/#website\"},\"primaryImageOfPage\":{\"@id\":\"https:\\\/\\\/www.meydan.tv\\\/az\\\/article\\\/tebib-kemaleddin-heyderovun-dediklerini-yalanladi\\\/#primaryimage\"},\"image\":{\"@id\":\"https:\\\/\\\/www.meydan.tv\\\/az\\\/article\\\/tebib-kemaleddin-heyderovun-dediklerini-yalanladi\\\/#primaryimage\"},\"thumbnailUrl\":\"https:\\\/\\\/www.meydan.tv\\\/wp-content\\\/uploads\\\/65ea0c30a1ed57.jpg\",\"datePublished\":\"2021-04-24T19:12:04+00:00\",\"breadcrumb\":{\"@id\":\"https:\\\/\\\/www.meydan.tv\\\/az\\\/article\\\/tebib-kemaleddin-heyderovun-dediklerini-yalanladi\\\/#breadcrumb\"},\"inLanguage\":\"az\",\"potentialAction\":[{\"@type\":\"ReadAction\",\"target\":[\"https:\\\/\\\/www.meydan.tv\\\/az\\\/article\\\/tebib-kemaleddin-heyderovun-dediklerini-yalanladi\\\/\"]}]},{\"@type\":\"ImageObject\",\"inLanguage\":\"az\",\"@id\":\"https:\\\/\\\/www.meydan.tv\\\/az\\\/article\\\/tebib-kemaleddin-heyderovun-dediklerini-yalanladi\\\/#primaryimage\",\"url\":\"https:\\\/\\\/www.meydan.tv\\\/wp-content\\\/uploads\\\/65ea0c30a1ed57.jpg\",\"contentUrl\":\"https:\\\/\\\/www.meydan.tv\\\/wp-content\\\/uploads\\\/65ea0c30a1ed57.jpg\",\"width\":750,\"height\":500,\"caption\":\"Foto: Meydan TV\"},{\"@type\":\"BreadcrumbList\",\"@id\":\"https:\\\/\\\/www.meydan.tv\\\/az\\\/article\\\/tebib-kemaleddin-heyderovun-dediklerini-yalanladi\\\/#breadcrumb\",\"itemListElement\":[{\"@type\":\"ListItem\",\"position\":1,\"name\":\"Ana s\u0259hif\u0259\",\"item\":\"https:\\\/\\\/www.meydan.tv\\\/az\\\/\"},{\"@type\":\"ListItem\",\"position\":2,\"name\":\"Sa\u011fl\u0131q\",\"item\":\"https:\\\/\\\/www.meydan.tv\\\/az\\\/section\\\/sagliq\\\/\"},{\"@type\":\"ListItem\",\"position\":3,\"name\":\"T\u018fB\u0130B K\u0259mal\u0259ddin Heyd\u0259rovun dedikl\u0259rini yalanlad\u0131\"}]},{\"@type\":\"WebSite\",\"@id\":\"https:\\\/\\\/www.meydan.tv\\\/az\\\/#website\",\"url\":\"https:\\\/\\\/www.meydan.tv\\\/az\\\/\",\"name\":\"MEYDAN.TV\",\"description\":\"Meydan TV Az\u0259rbaycan\u0131n media m\u0259kan\u0131ndak\u0131 alternativ s\u0259sidir\",\"publisher\":{\"@id\":\"https:\\\/\\\/www.meydan.tv\\\/az\\\/#organization\"},\"potentialAction\":[{\"@type\":\"SearchAction\",\"target\":{\"@type\":\"EntryPoint\",\"urlTemplate\":\"https:\\\/\\\/www.meydan.tv\\\/az\\\/?s={search_term_string}\"},\"query-input\":{\"@type\":\"PropertyValueSpecification\",\"valueRequired\":true,\"valueName\":\"search_term_string\"}}],\"inLanguage\":\"az\"},{\"@type\":\"Organization\",\"@id\":\"https:\\\/\\\/www.meydan.tv\\\/az\\\/#organization\",\"name\":\"Meydan TV\",\"url\":\"https:\\\/\\\/www.meydan.tv\\\/az\\\/\",\"logo\":{\"@type\":\"ImageObject\",\"inLanguage\":\"az\",\"@id\":\"https:\\\/\\\/www.meydan.tv\\\/az\\\/#\\\/schema\\\/logo\\\/image\\\/\",\"url\":\"https:\\\/\\\/www.meydan.tv\\\/wp-content\\\/uploads\\\/2021\\\/07\\\/meydan-logo.svg\",\"contentUrl\":\"https:\\\/\\\/www.meydan.tv\\\/wp-content\\\/uploads\\\/2021\\\/07\\\/meydan-logo.svg\",\"width\":195,\"height\":46,\"caption\":\"Meydan TV\"},\"image\":{\"@id\":\"https:\\\/\\\/www.meydan.tv\\\/az\\\/#\\\/schema\\\/logo\\\/image\\\/\"}},{\"@type\":\"Person\",\"@id\":\"https:\\\/\\\/www.meydan.tv\\\/az\\\/#\\\/schema\\\/person\\\/10d11eccf6da3662cf5fdab9806ea91a\",\"name\":\"user-manager\"}]}<\/script>\n<!-- \/ Yoast SEO plugin. -->","yoast_head_json":{"title":"T\u018fB\u0130B K\u0259mal\u0259ddin Heyd\u0259rovun dedikl\u0259rini yalanlad\u0131 - MEYDAN.TV","robots":{"index":"index","follow":"follow","max-snippet":"max-snippet:-1","max-image-preview":"max-image-preview:large","max-video-preview":"max-video-preview:-1"},"canonical":"https:\/\/www.meydan.tv\/az\/article\/tebib-kemaleddin-heyderovun-dediklerini-yalanladi\/","og_locale":"az_AZ","og_type":"article","og_title":"T\u018fB\u0130B K\u0259mal\u0259ddin Heyd\u0259rovun dedikl\u0259rini yalanlad\u0131 - MEYDAN.TV","og_description":"\"Hospital FHN-nin Tibb Xidm\u0259ti n\u0259zdind\u0259 f\u0259aliyy\u0259t g\u00f6st\u0259rir v\u0259 T\u018fB\u0130B t\u0259r\u0259find\u0259n h\u0259min hospital\u0131n ba\u015f h\u0259kim v\u0259 \u0259m\u0259kda\u015flar\u0131n\u0131n f\u0259aliyy\u0259tin\u0259 bu v\u0259 ya dig\u0259r formada m\u00fcdaxil\u0259 v\u0259 ya n\u0259zar\u0259td\u0259n s\u00f6hb\u0259t ged\u0259 bilm\u0259z\u201d.","og_url":"https:\/\/www.meydan.tv\/az\/article\/tebib-kemaleddin-heyderovun-dediklerini-yalanladi\/","og_site_name":"MEYDAN.TV","article_published_time":"2021-04-24T19:12:04+00:00","og_image":[{"width":750,"height":500,"url":"https:\/\/www.meydan.tv\/wp-content\/uploads\/65ea0c30a1ed57.jpg","type":"image\/jpeg"}],"author":"user-manager","twitter_card":"summary_large_image","schema":{"@context":"https:\/\/schema.org","@graph":[{"@type":"Article","@id":"https:\/\/www.meydan.tv\/az\/article\/tebib-kemaleddin-heyderovun-dediklerini-yalanladi\/#article","isPartOf":{"@id":"https:\/\/www.meydan.tv\/az\/article\/tebib-kemaleddin-heyderovun-dediklerini-yalanladi\/"},"author":{"name":"user-manager","@id":"https:\/\/www.meydan.tv\/az\/#\/schema\/person\/10d11eccf6da3662cf5fdab9806ea91a"},"headline":"T\u018fB\u0130B K\u0259mal\u0259ddin Heyd\u0259rovun dedikl\u0259rini yalanlad\u0131","datePublished":"2021-04-24T19:12:04+00:00","mainEntityOfPage":{"@id":"https:\/\/www.meydan.tv\/az\/article\/tebib-kemaleddin-heyderovun-dediklerini-yalanladi\/"},"wordCount":582,"publisher":{"@id":"https:\/\/www.meydan.tv\/az\/#organization"},"image":{"@id":"https:\/\/www.meydan.tv\/az\/article\/tebib-kemaleddin-heyderovun-dediklerini-yalanladi\/#primaryimage"},"thumbnailUrl":"https:\/\/www.meydan.tv\/wp-content\/uploads\/65ea0c30a1ed57.jpg","articleSection":["Sa\u011fl\u0131q"],"inLanguage":"az"},{"@type":"WebPage","@id":"https:\/\/www.meydan.tv\/az\/article\/tebib-kemaleddin-heyderovun-dediklerini-yalanladi\/","url":"https:\/\/www.meydan.tv\/az\/article\/tebib-kemaleddin-heyderovun-dediklerini-yalanladi\/","name":"T\u018fB\u0130B K\u0259mal\u0259ddin Heyd\u0259rovun dedikl\u0259rini yalanlad\u0131 - MEYDAN.TV","isPartOf":{"@id":"https:\/\/www.meydan.tv\/az\/#website"},"primaryImageOfPage":{"@id":"https:\/\/www.meydan.tv\/az\/article\/tebib-kemaleddin-heyderovun-dediklerini-yalanladi\/#primaryimage"},"image":{"@id":"https:\/\/www.meydan.tv\/az\/article\/tebib-kemaleddin-heyderovun-dediklerini-yalanladi\/#primaryimage"},"thumbnailUrl":"https:\/\/www.meydan.tv\/wp-content\/uploads\/65ea0c30a1ed57.jpg","datePublished":"2021-04-24T19:12:04+00:00","breadcrumb":{"@id":"https:\/\/www.meydan.tv\/az\/article\/tebib-kemaleddin-heyderovun-dediklerini-yalanladi\/#breadcrumb"},"inLanguage":"az","potentialAction":[{"@type":"ReadAction","target":["https:\/\/www.meydan.tv\/az\/article\/tebib-kemaleddin-heyderovun-dediklerini-yalanladi\/"]}]},{"@type":"ImageObject","inLanguage":"az","@id":"https:\/\/www.meydan.tv\/az\/article\/tebib-kemaleddin-heyderovun-dediklerini-yalanladi\/#primaryimage","url":"https:\/\/www.meydan.tv\/wp-content\/uploads\/65ea0c30a1ed57.jpg","contentUrl":"https:\/\/www.meydan.tv\/wp-content\/uploads\/65ea0c30a1ed57.jpg","width":750,"height":500,"caption":"Foto: Meydan TV"},{"@type":"BreadcrumbList","@id":"https:\/\/www.meydan.tv\/az\/article\/tebib-kemaleddin-heyderovun-dediklerini-yalanladi\/#breadcrumb","itemListElement":[{"@type":"ListItem","position":1,"name":"Ana s\u0259hif\u0259","item":"https:\/\/www.meydan.tv\/az\/"},{"@type":"ListItem","position":2,"name":"Sa\u011fl\u0131q","item":"https:\/\/www.meydan.tv\/az\/section\/sagliq\/"},{"@type":"ListItem","position":3,"name":"T\u018fB\u0130B K\u0259mal\u0259ddin Heyd\u0259rovun dedikl\u0259rini yalanlad\u0131"}]},{"@type":"WebSite","@id":"https:\/\/www.meydan.tv\/az\/#website","url":"https:\/\/www.meydan.tv\/az\/","name":"MEYDAN.TV","description":"Meydan TV Az\u0259rbaycan\u0131n media m\u0259kan\u0131ndak\u0131 alternativ s\u0259sidir","publisher":{"@id":"https:\/\/www.meydan.tv\/az\/#organization"},"potentialAction":[{"@type":"SearchAction","target":{"@type":"EntryPoint","urlTemplate":"https:\/\/www.meydan.tv\/az\/?s={search_term_string}"},"query-input":{"@type":"PropertyValueSpecification","valueRequired":true,"valueName":"search_term_string"}}],"inLanguage":"az"},{"@type":"Organization","@id":"https:\/\/www.meydan.tv\/az\/#organization","name":"Meydan TV","url":"https:\/\/www.meydan.tv\/az\/","logo":{"@type":"ImageObject","inLanguage":"az","@id":"https:\/\/www.meydan.tv\/az\/#\/schema\/logo\/image\/","url":"https:\/\/www.meydan.tv\/wp-content\/uploads\/2021\/07\/meydan-logo.svg","contentUrl":"https:\/\/www.meydan.tv\/wp-content\/uploads\/2021\/07\/meydan-logo.svg","width":195,"height":46,"caption":"Meydan TV"},"image":{"@id":"https:\/\/www.meydan.tv\/az\/#\/schema\/logo\/image\/"}},{"@type":"Person","@id":"https:\/\/www.meydan.tv\/az\/#\/schema\/person\/10d11eccf6da3662cf5fdab9806ea91a","name":"user-manager"}]}},"_links":{"self":[{"href":"https:\/\/www.meydan.tv\/az\/wp-json\/wp\/v2\/posts\/205943","targetHints":{"allow":["GET"]}}],"collection":[{"href":"https:\/\/www.meydan.tv\/az\/wp-json\/wp\/v2\/posts"}],"about":[{"href":"https:\/\/www.meydan.tv\/az\/wp-json\/wp\/v2\/types\/post"}],"author":[{"embeddable":true,"href":"https:\/\/www.meydan.tv\/az\/wp-json\/wp\/v2\/users\/11"}],"replies":[{"embeddable":true,"href":"https:\/\/www.meydan.tv\/az\/wp-json\/wp\/v2\/comments?post=205943"}],"version-history":[{"count":0,"href":"https:\/\/www.meydan.tv\/az\/wp-json\/wp\/v2\/posts\/205943\/revisions"}],"wp:featuredmedia":[{"embeddable":true,"href":"https:\/\/www.meydan.tv\/az\/wp-json\/wp\/v2\/media\/145055"}],"wp:attachment":[{"href":"https:\/\/www.meydan.tv\/az\/wp-json\/wp\/v2\/media?parent=205943"}],"wp:term":[{"taxonomy":"category","embeddable":true,"href":"https:\/\/www.meydan.tv\/az\/wp-json\/wp\/v2\/categories?post=205943"},{"taxonomy":"post_tag","embeddable":true,"href":"https:\/\/www.meydan.tv\/az\/wp-json\/wp\/v2\/tags?post=205943"}],"curies":[{"name":"wp","href":"https:\/\/api.w.org\/{rel}","templated":true}]}}