{"id":205928,"date":"2021-04-23T18:49:55","date_gmt":"2021-04-23T18:49:55","guid":{"rendered":"https:\/\/www.meydan.tv\/article\/sahibkar-cenab-prezident-sehid-ailesini-saymayan-memurlarin-arxasinda-kim-dayanir\/"},"modified":"2021-04-23T18:49:55","modified_gmt":"2021-04-23T18:49:55","slug":"sahibkar-cenab-prezident-sehid-ailesini-saymayan-memurlarin-arxasinda-kim-dayanir","status":"publish","type":"post","link":"https:\/\/www.meydan.tv\/az\/article\/sahibkar-cenab-prezident-sehid-ailesini-saymayan-memurlarin-arxasinda-kim-dayanir\/","title":{"rendered":"Sahibkar: C\u0259nab prezident, \u015f\u0259hid ail\u0259sini saymayan m\u0259murlar\u0131n arxas\u0131nda kim dayan\u0131r?"},"content":{"rendered":"<figure class=\"wp-block-embed is-type-video is-provider-youtube wp-block-embed-youtube wp-embed-aspect-16-9 wp-has-aspect-ratio\">\n<div class=\"wp-block-embed__wrapper\">\n    <iframe\ttitle=\"Sahibkar: C\u0259nab prezident, \u015f\u0259hid ail\u0259sini saymayan m\u0259murlar\u0131n arxas\u0131nda kim dayan\u0131r?\" width=\"1200\" height=\"675\" data-src=\"https:\/\/www.youtube.com\/embed\/si4Hx1Pj62Q\"\tframeborder=\"0\"\tallow=\"accelerometer; autoplay; clipboard-write; encrypted-media; gyroscope; picture-in-picture\" allowfullscreen src=\"data:image\/svg+xml;base64,PHN2ZyB3aWR0aD0iMSIgaGVpZ2h0PSIxIiB4bWxucz0iaHR0cDovL3d3dy53My5vcmcvMjAwMC9zdmciPjwvc3ZnPg==\" class=\"lazyload\" data-load-mode=\"1\"><\/iframe>\n  <\/div><figcaption>\n    Sahibkar: C\u0259nab prezident, \u015f\u0259hid ail\u0259sini saymayan m\u0259murlar\u0131n arxas\u0131nda kim dayan\u0131r?<br \/>\n  <\/figcaption><\/figure>\n<p>\n  Ramil H\u00fcseynov 7 il \u0259vv\u0259l \u0259mlaklar\u0131n\u0131 sataraq fermer t\u0259s\u0259rr\u00fcfat\u0131 il\u0259 m\u0259\u015f\u011ful olma\u011fa ba\u015flay\u0131b. Onun h\u0259m Ab\u015feron, h\u0259m d\u0259 Bil\u0259suvar rayonunda heyvandarl\u0131q kompleksi var.\n<\/p>\n<p>\n  2014-c\u00fc ild\u0259 komit\u0259 q\u0259rar\u0131 il\u0259 \u201cAz\u0259rQazBank\u201ddan sahibkara 120 min manat v\u0259sait t\u0259yin edilib. \u0130qtisadiyyat nazirinin m\u00fc\u015faviri \u015eirzad Abdullayev \u0259vv\u0259lc\u0259 h\u0259min m\u0259bl\u0259\u011fin 15 faizini t\u0259l\u0259b ets\u0259 d\u0259, sonradan bunu 20 faiz\u0259 qald\u0131r\u0131b.\n<\/p>\n<p>\n  \u015eikay\u0259tl\u0259rd\u0259n sonra \u201cAqrar Kredit\u201d v\u0259 \u0130nki\u015faf Agentliyi sahibkara 50 min manat verib. Ramil H\u00fcseynov deyir ki, Bil\u0259suvardak\u0131 fermada monitorinq t\u0259\u015fkil edilm\u0259sini ist\u0259s\u0259 d\u0259, onun t\u0259l\u0259bi yerin\u0259 yetirilm\u0259yib. Sahibkar\u0131n s\u00f6zl\u0259rin\u0259 g\u00f6r\u0259, m\u00f6vcud komit\u0259 q\u0259rar\u0131 o\u011furlan\u0131b, biznes layih\u0259si is\u0259 saxtala\u015fd\u0131r\u0131l\u0131b:\n<\/p>\n<p>\n  \u201cDem\u0259li, bunlar v\u0259zif\u0259 s\u0259lahiyy\u0259tl\u0259rini a\u015faraq m\u0259n\u0259 qanunsuz kredit veribl\u0259r\u201d.\n<\/p>\n<p>\n  2020-ci ilin noyabr\u0131nda Ba\u015f Prokurorluq yan\u0131nda Korrupsiya \u0130dar\u0259sin\u0259 \u015fikay\u0259t\u0259 ged\u0259n Ramil H\u00fcseynov s\u0259h\u0259ri g\u00fcn bir ayl\u0131q h\u0259bs olunub.\n<\/p>\n<p>\n  \u201cDedil\u0259r, s\u0259ni s\u0259hv g\u0259tirmi\u015fik. Onda m\u0259s\u0259l\u0259ni bel\u0259 s\u0259n\u0259dl\u0259\u015fdir\u0259k; guya kiminl\u0259s\u0259 y\u00fcks\u0259k s\u0259sl\u0259 telefonla dan\u0131\u015f\u0131b, s\u00f6ym\u00fcs\u0259n. H\u0259min vaxt bizim dedikl\u0259rimiz\u0259 riay\u0259t etm\u0259mis\u0259n\u201d, &#8211; sahibkar h\u0259bsinin motivind\u0259n dan\u0131\u015f\u0131r.\n<\/p>\n<p>\n  Ramil H\u00fcseynov m\u0259hk\u0259m\u0259y\u0259 m\u00fcraci\u0259t ets\u0259 d\u0259, onun \u015fikay\u0259ti t\u0259min edilm\u0259yib. V\u0259kil El\u00e7in Sad\u0131qov bildirir ki, Bin\u0259q\u0259di Rayon M\u0259hk\u0259m\u0259sind\u0259 Korrupsiyaya Qar\u015f\u0131 M\u00fcbariz\u0259 \u0130dar\u0259sinin q\u0259rar\u0131n\u0131n tam qanunsuzlu\u011fu s\u00fcbut olunub.\n<\/p>\n<p>\n  Ramil H\u00fcseynov iqtisadiyyat nazirinin m\u00fc\u015faviri \u015eirzad Abdullayevd\u0259n, Ba\u015f prokuror Kamran \u018fliyevd\u0259n, \u201cAz\u0259rQazBank\u201d r\u0259hb\u0259rliyind\u0259n v\u0259 Az\u0259rbaycan Sahibkarlar Konfederasiyas\u0131n\u0131n prezidenti M\u0259mm\u0259d Musayevd\u0259n \u015fikay\u0259t\u00e7idir:\n<\/p>\n<p>\n  \u201cC\u0259nab prezident, bel\u0259 Allah\u0131 tan\u0131mayan, siz\u0259 h\u00f6rm\u0259tsizlik ed\u0259n, \u015f\u0259hid ail\u0259sin\u0259 h\u00f6rm\u0259tsizlik ed\u0259n m\u0259murlar\u0131n arxas\u0131nda kim dayan\u0131r? M\u0259n siz\u0259 inan\u0131ram, atan\u0131z Heyd\u0259r \u018fliyevin ruhuna and i\u00e7ir\u0259m ki, m\u0259ni ya q\u0259bul edin, ya da n\u0259zar\u0259tiniz\u0259 alas\u0131n\u0131z, Apelyasiya M\u0259hk\u0259m\u0259si birinci instansiya m\u0259hk\u0259m\u0259sinin \u0259dal\u0259tsiz q\u0259rar\u0131n\u0131 l\u0259\u011fv el\u0259sin\u201d.\n<\/p>\n<p>\n  \u0130qtisadiyyat Nazirliyi v\u0259 Az\u0259rbaycan Respublikas\u0131n\u0131n Ba\u015f Prokurorlu\u011funa m\u00fcraci\u0259t ets\u0259k d\u0259, suallar\u0131m\u0131za cavab ala bilm\u0259dik.\n<\/p>\n<p>\n  Sahibkar m\u0259s\u0259l\u0259nin ara\u015fd\u0131r\u0131lmas\u0131 \u00fc\u00e7\u00fcn ekspertiza t\u0259yin edilm\u0259sini, komit\u0259 q\u0259rar\u0131n\u0131n tap\u0131l\u0131b ona verilm\u0259sini t\u0259l\u0259b edir. \u018fks halda sahibkar Avropa M\u0259hk\u0259m\u0259sin\u0259 \u015fikay\u0259t ed\u0259c\u0259yini bildirib.<\/p>\n","protected":false},"excerpt":{"rendered":"<p>Ramil H\u00fcseynov 7 il \u0259vv\u0259l \u0259mlaklar\u0131n\u0131 sataraq fermer t\u0259s\u0259rr\u00fcfat\u0131 il\u0259 m\u0259\u015f\u011ful olma\u011fa ba\u015flay\u0131b.<\/p>\n","protected":false},"author":11,"featured_media":159798,"comment_status":"closed","ping_status":"open","sticky":false,"template":"","format":"standard","meta":{"_acf_changed":false,"_sitemap_exclude":false,"_sitemap_priority":"","_sitemap_frequency":"","footnotes":""},"categories":[63],"tags":[],"class_list":["post-205928","post","type-post","status-publish","format-standard","has-post-thumbnail","hentry","category-video-2","infinite-scroll-item","generate-columns","tablet-grid-50","mobile-grid-100","grid-parent","grid-33","no-featured-image-padding"],"acf":[],"yoast_head":"<!-- This site is optimized with the Yoast SEO plugin v27.5 - https:\/\/yoast.com\/product\/yoast-seo-wordpress\/ -->\n<title>Sahibkar: C\u0259nab prezident, \u015f\u0259hid ail\u0259sini saymayan m\u0259murlar\u0131n arxas\u0131nda kim dayan\u0131r? - MEYDAN.TV<\/title>\n<meta name=\"robots\" content=\"index, follow, max-snippet:-1, max-image-preview:large, max-video-preview:-1\" \/>\n<link rel=\"canonical\" href=\"https:\/\/www.meydan.tv\/az\/article\/sahibkar-cenab-prezident-sehid-ailesini-saymayan-memurlarin-arxasinda-kim-dayanir\/\" \/>\n<meta property=\"og:locale\" content=\"az_AZ\" \/>\n<meta property=\"og:type\" content=\"article\" \/>\n<meta property=\"og:title\" content=\"Sahibkar: C\u0259nab prezident, \u015f\u0259hid ail\u0259sini saymayan m\u0259murlar\u0131n arxas\u0131nda kim dayan\u0131r? - MEYDAN.TV\" \/>\n<meta property=\"og:description\" content=\"Ramil H\u00fcseynov 7 il \u0259vv\u0259l \u0259mlaklar\u0131n\u0131 sataraq fermer t\u0259s\u0259rr\u00fcfat\u0131 il\u0259 m\u0259\u015f\u011ful olma\u011fa ba\u015flay\u0131b.\" \/>\n<meta property=\"og:url\" content=\"https:\/\/www.meydan.tv\/az\/article\/sahibkar-cenab-prezident-sehid-ailesini-saymayan-memurlarin-arxasinda-kim-dayanir\/\" \/>\n<meta property=\"og:site_name\" content=\"MEYDAN.TV\" \/>\n<meta property=\"article:published_time\" content=\"2021-04-23T18:49:55+00:00\" \/>\n<meta property=\"og:image\" content=\"https:\/\/www.meydan.tv\/wp-content\/uploads\/screenshot_at_apr_23_18-48-28.png\" \/>\n\t<meta property=\"og:image:width\" content=\"1426\" \/>\n\t<meta property=\"og:image:height\" content=\"800\" \/>\n\t<meta property=\"og:image:type\" content=\"image\/png\" \/>\n<meta name=\"author\" content=\"user-manager\" \/>\n<meta name=\"twitter:card\" content=\"summary_large_image\" \/>\n<script type=\"application\/ld+json\" class=\"yoast-schema-graph\">{\"@context\":\"https:\\\/\\\/schema.org\",\"@graph\":[{\"@type\":\"Article\",\"@id\":\"https:\\\/\\\/www.meydan.tv\\\/az\\\/article\\\/sahibkar-cenab-prezident-sehid-ailesini-saymayan-memurlarin-arxasinda-kim-dayanir\\\/#article\",\"isPartOf\":{\"@id\":\"https:\\\/\\\/www.meydan.tv\\\/az\\\/article\\\/sahibkar-cenab-prezident-sehid-ailesini-saymayan-memurlarin-arxasinda-kim-dayanir\\\/\"},\"author\":{\"name\":\"user-manager\",\"@id\":\"https:\\\/\\\/www.meydan.tv\\\/az\\\/#\\\/schema\\\/person\\\/10d11eccf6da3662cf5fdab9806ea91a\"},\"headline\":\"Sahibkar: C\u0259nab prezident, \u015f\u0259hid ail\u0259sini saymayan m\u0259murlar\u0131n arxas\u0131nda kim dayan\u0131r?\",\"datePublished\":\"2021-04-23T18:49:55+00:00\",\"mainEntityOfPage\":{\"@id\":\"https:\\\/\\\/www.meydan.tv\\\/az\\\/article\\\/sahibkar-cenab-prezident-sehid-ailesini-saymayan-memurlarin-arxasinda-kim-dayanir\\\/\"},\"wordCount\":508,\"publisher\":{\"@id\":\"https:\\\/\\\/www.meydan.tv\\\/az\\\/#organization\"},\"image\":{\"@id\":\"https:\\\/\\\/www.meydan.tv\\\/az\\\/article\\\/sahibkar-cenab-prezident-sehid-ailesini-saymayan-memurlarin-arxasinda-kim-dayanir\\\/#primaryimage\"},\"thumbnailUrl\":\"https:\\\/\\\/www.meydan.tv\\\/wp-content\\\/uploads\\\/screenshot_at_apr_23_18-48-28.png\",\"articleSection\":[\"Video\"],\"inLanguage\":\"az\"},{\"@type\":\"WebPage\",\"@id\":\"https:\\\/\\\/www.meydan.tv\\\/az\\\/article\\\/sahibkar-cenab-prezident-sehid-ailesini-saymayan-memurlarin-arxasinda-kim-dayanir\\\/\",\"url\":\"https:\\\/\\\/www.meydan.tv\\\/az\\\/article\\\/sahibkar-cenab-prezident-sehid-ailesini-saymayan-memurlarin-arxasinda-kim-dayanir\\\/\",\"name\":\"Sahibkar: C\u0259nab prezident, \u015f\u0259hid ail\u0259sini saymayan m\u0259murlar\u0131n arxas\u0131nda kim dayan\u0131r? - MEYDAN.TV\",\"isPartOf\":{\"@id\":\"https:\\\/\\\/www.meydan.tv\\\/az\\\/#website\"},\"primaryImageOfPage\":{\"@id\":\"https:\\\/\\\/www.meydan.tv\\\/az\\\/article\\\/sahibkar-cenab-prezident-sehid-ailesini-saymayan-memurlarin-arxasinda-kim-dayanir\\\/#primaryimage\"},\"image\":{\"@id\":\"https:\\\/\\\/www.meydan.tv\\\/az\\\/article\\\/sahibkar-cenab-prezident-sehid-ailesini-saymayan-memurlarin-arxasinda-kim-dayanir\\\/#primaryimage\"},\"thumbnailUrl\":\"https:\\\/\\\/www.meydan.tv\\\/wp-content\\\/uploads\\\/screenshot_at_apr_23_18-48-28.png\",\"datePublished\":\"2021-04-23T18:49:55+00:00\",\"breadcrumb\":{\"@id\":\"https:\\\/\\\/www.meydan.tv\\\/az\\\/article\\\/sahibkar-cenab-prezident-sehid-ailesini-saymayan-memurlarin-arxasinda-kim-dayanir\\\/#breadcrumb\"},\"inLanguage\":\"az\",\"potentialAction\":[{\"@type\":\"ReadAction\",\"target\":[\"https:\\\/\\\/www.meydan.tv\\\/az\\\/article\\\/sahibkar-cenab-prezident-sehid-ailesini-saymayan-memurlarin-arxasinda-kim-dayanir\\\/\"]}]},{\"@type\":\"ImageObject\",\"inLanguage\":\"az\",\"@id\":\"https:\\\/\\\/www.meydan.tv\\\/az\\\/article\\\/sahibkar-cenab-prezident-sehid-ailesini-saymayan-memurlarin-arxasinda-kim-dayanir\\\/#primaryimage\",\"url\":\"https:\\\/\\\/www.meydan.tv\\\/wp-content\\\/uploads\\\/screenshot_at_apr_23_18-48-28.png\",\"contentUrl\":\"https:\\\/\\\/www.meydan.tv\\\/wp-content\\\/uploads\\\/screenshot_at_apr_23_18-48-28.png\",\"width\":1426,\"height\":800,\"caption\":\"Source: Meydan.TV\"},{\"@type\":\"BreadcrumbList\",\"@id\":\"https:\\\/\\\/www.meydan.tv\\\/az\\\/article\\\/sahibkar-cenab-prezident-sehid-ailesini-saymayan-memurlarin-arxasinda-kim-dayanir\\\/#breadcrumb\",\"itemListElement\":[{\"@type\":\"ListItem\",\"position\":1,\"name\":\"Ana s\u0259hif\u0259\",\"item\":\"https:\\\/\\\/www.meydan.tv\\\/az\\\/\"},{\"@type\":\"ListItem\",\"position\":2,\"name\":\"Video\",\"item\":\"https:\\\/\\\/www.meydan.tv\\\/az\\\/section\\\/video-2\\\/\"},{\"@type\":\"ListItem\",\"position\":3,\"name\":\"Sahibkar: C\u0259nab prezident, \u015f\u0259hid ail\u0259sini saymayan m\u0259murlar\u0131n arxas\u0131nda kim dayan\u0131r?\"}]},{\"@type\":\"WebSite\",\"@id\":\"https:\\\/\\\/www.meydan.tv\\\/az\\\/#website\",\"url\":\"https:\\\/\\\/www.meydan.tv\\\/az\\\/\",\"name\":\"MEYDAN.TV\",\"description\":\"Meydan TV Az\u0259rbaycan\u0131n media m\u0259kan\u0131ndak\u0131 alternativ s\u0259sidir\",\"publisher\":{\"@id\":\"https:\\\/\\\/www.meydan.tv\\\/az\\\/#organization\"},\"potentialAction\":[{\"@type\":\"SearchAction\",\"target\":{\"@type\":\"EntryPoint\",\"urlTemplate\":\"https:\\\/\\\/www.meydan.tv\\\/az\\\/?s={search_term_string}\"},\"query-input\":{\"@type\":\"PropertyValueSpecification\",\"valueRequired\":true,\"valueName\":\"search_term_string\"}}],\"inLanguage\":\"az\"},{\"@type\":\"Organization\",\"@id\":\"https:\\\/\\\/www.meydan.tv\\\/az\\\/#organization\",\"name\":\"Meydan TV\",\"url\":\"https:\\\/\\\/www.meydan.tv\\\/az\\\/\",\"logo\":{\"@type\":\"ImageObject\",\"inLanguage\":\"az\",\"@id\":\"https:\\\/\\\/www.meydan.tv\\\/az\\\/#\\\/schema\\\/logo\\\/image\\\/\",\"url\":\"https:\\\/\\\/www.meydan.tv\\\/wp-content\\\/uploads\\\/2021\\\/07\\\/meydan-logo.svg\",\"contentUrl\":\"https:\\\/\\\/www.meydan.tv\\\/wp-content\\\/uploads\\\/2021\\\/07\\\/meydan-logo.svg\",\"width\":195,\"height\":46,\"caption\":\"Meydan TV\"},\"image\":{\"@id\":\"https:\\\/\\\/www.meydan.tv\\\/az\\\/#\\\/schema\\\/logo\\\/image\\\/\"}},{\"@type\":\"Person\",\"@id\":\"https:\\\/\\\/www.meydan.tv\\\/az\\\/#\\\/schema\\\/person\\\/10d11eccf6da3662cf5fdab9806ea91a\",\"name\":\"user-manager\"}]}<\/script>\n<!-- \/ Yoast SEO plugin. -->","yoast_head_json":{"title":"Sahibkar: C\u0259nab prezident, \u015f\u0259hid ail\u0259sini saymayan m\u0259murlar\u0131n arxas\u0131nda kim dayan\u0131r? - MEYDAN.TV","robots":{"index":"index","follow":"follow","max-snippet":"max-snippet:-1","max-image-preview":"max-image-preview:large","max-video-preview":"max-video-preview:-1"},"canonical":"https:\/\/www.meydan.tv\/az\/article\/sahibkar-cenab-prezident-sehid-ailesini-saymayan-memurlarin-arxasinda-kim-dayanir\/","og_locale":"az_AZ","og_type":"article","og_title":"Sahibkar: C\u0259nab prezident, \u015f\u0259hid ail\u0259sini saymayan m\u0259murlar\u0131n arxas\u0131nda kim dayan\u0131r? - MEYDAN.TV","og_description":"Ramil H\u00fcseynov 7 il \u0259vv\u0259l \u0259mlaklar\u0131n\u0131 sataraq fermer t\u0259s\u0259rr\u00fcfat\u0131 il\u0259 m\u0259\u015f\u011ful olma\u011fa ba\u015flay\u0131b.","og_url":"https:\/\/www.meydan.tv\/az\/article\/sahibkar-cenab-prezident-sehid-ailesini-saymayan-memurlarin-arxasinda-kim-dayanir\/","og_site_name":"MEYDAN.TV","article_published_time":"2021-04-23T18:49:55+00:00","og_image":[{"width":1426,"height":800,"url":"https:\/\/www.meydan.tv\/wp-content\/uploads\/screenshot_at_apr_23_18-48-28.png","type":"image\/png"}],"author":"user-manager","twitter_card":"summary_large_image","schema":{"@context":"https:\/\/schema.org","@graph":[{"@type":"Article","@id":"https:\/\/www.meydan.tv\/az\/article\/sahibkar-cenab-prezident-sehid-ailesini-saymayan-memurlarin-arxasinda-kim-dayanir\/#article","isPartOf":{"@id":"https:\/\/www.meydan.tv\/az\/article\/sahibkar-cenab-prezident-sehid-ailesini-saymayan-memurlarin-arxasinda-kim-dayanir\/"},"author":{"name":"user-manager","@id":"https:\/\/www.meydan.tv\/az\/#\/schema\/person\/10d11eccf6da3662cf5fdab9806ea91a"},"headline":"Sahibkar: C\u0259nab prezident, \u015f\u0259hid ail\u0259sini saymayan m\u0259murlar\u0131n arxas\u0131nda kim dayan\u0131r?","datePublished":"2021-04-23T18:49:55+00:00","mainEntityOfPage":{"@id":"https:\/\/www.meydan.tv\/az\/article\/sahibkar-cenab-prezident-sehid-ailesini-saymayan-memurlarin-arxasinda-kim-dayanir\/"},"wordCount":508,"publisher":{"@id":"https:\/\/www.meydan.tv\/az\/#organization"},"image":{"@id":"https:\/\/www.meydan.tv\/az\/article\/sahibkar-cenab-prezident-sehid-ailesini-saymayan-memurlarin-arxasinda-kim-dayanir\/#primaryimage"},"thumbnailUrl":"https:\/\/www.meydan.tv\/wp-content\/uploads\/screenshot_at_apr_23_18-48-28.png","articleSection":["Video"],"inLanguage":"az"},{"@type":"WebPage","@id":"https:\/\/www.meydan.tv\/az\/article\/sahibkar-cenab-prezident-sehid-ailesini-saymayan-memurlarin-arxasinda-kim-dayanir\/","url":"https:\/\/www.meydan.tv\/az\/article\/sahibkar-cenab-prezident-sehid-ailesini-saymayan-memurlarin-arxasinda-kim-dayanir\/","name":"Sahibkar: C\u0259nab prezident, \u015f\u0259hid ail\u0259sini saymayan m\u0259murlar\u0131n arxas\u0131nda kim dayan\u0131r? - MEYDAN.TV","isPartOf":{"@id":"https:\/\/www.meydan.tv\/az\/#website"},"primaryImageOfPage":{"@id":"https:\/\/www.meydan.tv\/az\/article\/sahibkar-cenab-prezident-sehid-ailesini-saymayan-memurlarin-arxasinda-kim-dayanir\/#primaryimage"},"image":{"@id":"https:\/\/www.meydan.tv\/az\/article\/sahibkar-cenab-prezident-sehid-ailesini-saymayan-memurlarin-arxasinda-kim-dayanir\/#primaryimage"},"thumbnailUrl":"https:\/\/www.meydan.tv\/wp-content\/uploads\/screenshot_at_apr_23_18-48-28.png","datePublished":"2021-04-23T18:49:55+00:00","breadcrumb":{"@id":"https:\/\/www.meydan.tv\/az\/article\/sahibkar-cenab-prezident-sehid-ailesini-saymayan-memurlarin-arxasinda-kim-dayanir\/#breadcrumb"},"inLanguage":"az","potentialAction":[{"@type":"ReadAction","target":["https:\/\/www.meydan.tv\/az\/article\/sahibkar-cenab-prezident-sehid-ailesini-saymayan-memurlarin-arxasinda-kim-dayanir\/"]}]},{"@type":"ImageObject","inLanguage":"az","@id":"https:\/\/www.meydan.tv\/az\/article\/sahibkar-cenab-prezident-sehid-ailesini-saymayan-memurlarin-arxasinda-kim-dayanir\/#primaryimage","url":"https:\/\/www.meydan.tv\/wp-content\/uploads\/screenshot_at_apr_23_18-48-28.png","contentUrl":"https:\/\/www.meydan.tv\/wp-content\/uploads\/screenshot_at_apr_23_18-48-28.png","width":1426,"height":800,"caption":"Source: Meydan.TV"},{"@type":"BreadcrumbList","@id":"https:\/\/www.meydan.tv\/az\/article\/sahibkar-cenab-prezident-sehid-ailesini-saymayan-memurlarin-arxasinda-kim-dayanir\/#breadcrumb","itemListElement":[{"@type":"ListItem","position":1,"name":"Ana s\u0259hif\u0259","item":"https:\/\/www.meydan.tv\/az\/"},{"@type":"ListItem","position":2,"name":"Video","item":"https:\/\/www.meydan.tv\/az\/section\/video-2\/"},{"@type":"ListItem","position":3,"name":"Sahibkar: C\u0259nab prezident, \u015f\u0259hid ail\u0259sini saymayan m\u0259murlar\u0131n arxas\u0131nda kim dayan\u0131r?"}]},{"@type":"WebSite","@id":"https:\/\/www.meydan.tv\/az\/#website","url":"https:\/\/www.meydan.tv\/az\/","name":"MEYDAN.TV","description":"Meydan TV Az\u0259rbaycan\u0131n media m\u0259kan\u0131ndak\u0131 alternativ s\u0259sidir","publisher":{"@id":"https:\/\/www.meydan.tv\/az\/#organization"},"potentialAction":[{"@type":"SearchAction","target":{"@type":"EntryPoint","urlTemplate":"https:\/\/www.meydan.tv\/az\/?s={search_term_string}"},"query-input":{"@type":"PropertyValueSpecification","valueRequired":true,"valueName":"search_term_string"}}],"inLanguage":"az"},{"@type":"Organization","@id":"https:\/\/www.meydan.tv\/az\/#organization","name":"Meydan TV","url":"https:\/\/www.meydan.tv\/az\/","logo":{"@type":"ImageObject","inLanguage":"az","@id":"https:\/\/www.meydan.tv\/az\/#\/schema\/logo\/image\/","url":"https:\/\/www.meydan.tv\/wp-content\/uploads\/2021\/07\/meydan-logo.svg","contentUrl":"https:\/\/www.meydan.tv\/wp-content\/uploads\/2021\/07\/meydan-logo.svg","width":195,"height":46,"caption":"Meydan TV"},"image":{"@id":"https:\/\/www.meydan.tv\/az\/#\/schema\/logo\/image\/"}},{"@type":"Person","@id":"https:\/\/www.meydan.tv\/az\/#\/schema\/person\/10d11eccf6da3662cf5fdab9806ea91a","name":"user-manager"}]}},"_links":{"self":[{"href":"https:\/\/www.meydan.tv\/az\/wp-json\/wp\/v2\/posts\/205928","targetHints":{"allow":["GET"]}}],"collection":[{"href":"https:\/\/www.meydan.tv\/az\/wp-json\/wp\/v2\/posts"}],"about":[{"href":"https:\/\/www.meydan.tv\/az\/wp-json\/wp\/v2\/types\/post"}],"author":[{"embeddable":true,"href":"https:\/\/www.meydan.tv\/az\/wp-json\/wp\/v2\/users\/11"}],"replies":[{"embeddable":true,"href":"https:\/\/www.meydan.tv\/az\/wp-json\/wp\/v2\/comments?post=205928"}],"version-history":[{"count":0,"href":"https:\/\/www.meydan.tv\/az\/wp-json\/wp\/v2\/posts\/205928\/revisions"}],"wp:featuredmedia":[{"embeddable":true,"href":"https:\/\/www.meydan.tv\/az\/wp-json\/wp\/v2\/media\/159798"}],"wp:attachment":[{"href":"https:\/\/www.meydan.tv\/az\/wp-json\/wp\/v2\/media?parent=205928"}],"wp:term":[{"taxonomy":"category","embeddable":true,"href":"https:\/\/www.meydan.tv\/az\/wp-json\/wp\/v2\/categories?post=205928"},{"taxonomy":"post_tag","embeddable":true,"href":"https:\/\/www.meydan.tv\/az\/wp-json\/wp\/v2\/tags?post=205928"}],"curies":[{"name":"wp","href":"https:\/\/api.w.org\/{rel}","templated":true}]}}