{"id":205877,"date":"2021-04-21T13:00:22","date_gmt":"2021-04-21T13:00:22","guid":{"rendered":"https:\/\/www.meydan.tv\/article\/azerbaycanda-nazir-yeni-nov-koronavirusa-yoluxdu\/"},"modified":"2021-04-21T13:00:22","modified_gmt":"2021-04-21T13:00:22","slug":"azerbaycanda-nazir-yeni-nov-koronavirusa-yoluxdu","status":"publish","type":"post","link":"https:\/\/www.meydan.tv\/az\/article\/azerbaycanda-nazir-yeni-nov-koronavirusa-yoluxdu\/","title":{"rendered":"Az\u0259rbaycanda nazir yeni n\u00f6v koronavirusa yoluxdu"},"content":{"rendered":"<p>\n  <i><br \/>\n    Anar K\u0259rimovla t\u0259masda olan nazirlik i\u015f\u00e7il\u0259ri karantin\u0259 al\u0131n\u0131blar<br \/>\n  <\/i>\n<\/p>\n<p>\n  M\u0259d\u0259niyy\u0259t naziri Anar K\u0259rimov yeni n\u00f6v koronavirus (COVID-19) infeksiyas\u0131na yoluxub.\n<\/p>\n<p>\n  Nazirliyin m\u0259lumat\u0131na g\u00f6r\u0259, nazirin analiz n\u00fcmun\u0259sinin n\u0259tic\u0259si m\u00fcsb\u0259t \u00e7\u0131xd\u0131\u011f\u0131ndan o, karantin\u0259 al\u0131n\u0131b.\n<\/p>\n<p>\n  \u201cCOVID-19 virusuna yoluxan Anar K\u0259rimov 16 aprel 2021-ci il tarixind\u0259n m\u00fcalic\u0259 olunur v\u0259 haz\u0131rda v\u0259ziyy\u0259ti stabildir\u201d, &#8211; nazirliyin m\u0259lumat\u0131nda bildirilir.\n<\/p>\n<p>\n  Anar K\u0259rimovla yax\u0131n t\u0259masda olan M\u0259d\u0259niyy\u0259t Nazirliyinin \u0259m\u0259kda\u015flar\u0131n\u0131n da qaydalara uy\u011fun olaraq karantin\u0259 al\u0131nd\u0131\u011f\u0131 v\u0259 bir m\u00fcdd\u0259tdir f\u0259aliyy\u0259tl\u0259rini m\u0259saf\u0259d\u0259n h\u0259yata ke\u00e7irdikl\u0259ri bildirilib.<\/p>\n","protected":false},"excerpt":{"rendered":"<p>Anar K\u0259rimovla yax\u0131n t\u0259masda olan M\u0259d\u0259niyy\u0259t Nazirliyinin \u0259m\u0259kda\u015flar\u0131n\u0131n da qaydalara uy\u011fun olaraq karantin\u0259 al\u0131nd\u0131\u011f\u0131 v\u0259 bir m\u00fcdd\u0259tdir f\u0259aliyy\u0259tl\u0259rini m\u0259saf\u0259d\u0259n h\u0259yata ke\u00e7irdikl\u0259ri bildirilib.<\/p>\n","protected":false},"author":11,"featured_media":159681,"comment_status":"closed","ping_status":"open","sticky":false,"template":"","format":"standard","meta":{"_acf_changed":false,"_sitemap_exclude":false,"_sitemap_priority":"","_sitemap_frequency":"","footnotes":""},"categories":[52],"tags":[],"class_list":["post-205877","post","type-post","status-publish","format-standard","has-post-thumbnail","hentry","category-medeniyyet","infinite-scroll-item","generate-columns","tablet-grid-50","mobile-grid-100","grid-parent","grid-33","no-featured-image-padding"],"acf":[],"yoast_head":"<!-- This site is optimized with the Yoast SEO plugin v27.4 - https:\/\/yoast.com\/product\/yoast-seo-wordpress\/ -->\n<title>Az\u0259rbaycanda nazir yeni n\u00f6v koronavirusa yoluxdu - MEYDAN.TV<\/title>\n<meta name=\"robots\" content=\"index, follow, max-snippet:-1, max-image-preview:large, max-video-preview:-1\" \/>\n<link rel=\"canonical\" href=\"https:\/\/www.meydan.tv\/az\/article\/azerbaycanda-nazir-yeni-nov-koronavirusa-yoluxdu\/\" \/>\n<meta property=\"og:locale\" content=\"az_AZ\" \/>\n<meta property=\"og:type\" content=\"article\" \/>\n<meta property=\"og:title\" content=\"Az\u0259rbaycanda nazir yeni n\u00f6v koronavirusa yoluxdu - MEYDAN.TV\" \/>\n<meta property=\"og:description\" content=\"Anar K\u0259rimovla yax\u0131n t\u0259masda olan M\u0259d\u0259niyy\u0259t Nazirliyinin \u0259m\u0259kda\u015flar\u0131n\u0131n da qaydalara uy\u011fun olaraq karantin\u0259 al\u0131nd\u0131\u011f\u0131 v\u0259 bir m\u00fcdd\u0259tdir f\u0259aliyy\u0259tl\u0259rini m\u0259saf\u0259d\u0259n h\u0259yata ke\u00e7irdikl\u0259ri bildirilib.\" \/>\n<meta property=\"og:url\" content=\"https:\/\/www.meydan.tv\/az\/article\/azerbaycanda-nazir-yeni-nov-koronavirusa-yoluxdu\/\" \/>\n<meta property=\"og:site_name\" content=\"MEYDAN.TV\" \/>\n<meta property=\"article:published_time\" content=\"2021-04-21T13:00:22+00:00\" \/>\n<meta property=\"og:image\" content=\"https:\/\/www.meydan.tv\/wp-content\/uploads\/1618998602029_buyqygic.jpg\" \/>\n\t<meta property=\"og:image:width\" content=\"750\" \/>\n\t<meta property=\"og:image:height\" content=\"500\" \/>\n\t<meta property=\"og:image:type\" content=\"image\/jpeg\" \/>\n<meta name=\"author\" content=\"user-manager\" \/>\n<meta name=\"twitter:card\" content=\"summary_large_image\" \/>\n<script type=\"application\/ld+json\" class=\"yoast-schema-graph\">{\"@context\":\"https:\\\/\\\/schema.org\",\"@graph\":[{\"@type\":\"Article\",\"@id\":\"https:\\\/\\\/www.meydan.tv\\\/az\\\/article\\\/azerbaycanda-nazir-yeni-nov-koronavirusa-yoluxdu\\\/#article\",\"isPartOf\":{\"@id\":\"https:\\\/\\\/www.meydan.tv\\\/az\\\/article\\\/azerbaycanda-nazir-yeni-nov-koronavirusa-yoluxdu\\\/\"},\"author\":{\"name\":\"user-manager\",\"@id\":\"https:\\\/\\\/www.meydan.tv\\\/az\\\/#\\\/schema\\\/person\\\/10d11eccf6da3662cf5fdab9806ea91a\"},\"headline\":\"Az\u0259rbaycanda nazir yeni n\u00f6v koronavirusa yoluxdu\",\"datePublished\":\"2021-04-21T13:00:22+00:00\",\"mainEntityOfPage\":{\"@id\":\"https:\\\/\\\/www.meydan.tv\\\/az\\\/article\\\/azerbaycanda-nazir-yeni-nov-koronavirusa-yoluxdu\\\/\"},\"wordCount\":134,\"publisher\":{\"@id\":\"https:\\\/\\\/www.meydan.tv\\\/az\\\/#organization\"},\"image\":{\"@id\":\"https:\\\/\\\/www.meydan.tv\\\/az\\\/article\\\/azerbaycanda-nazir-yeni-nov-koronavirusa-yoluxdu\\\/#primaryimage\"},\"thumbnailUrl\":\"https:\\\/\\\/www.meydan.tv\\\/wp-content\\\/uploads\\\/1618998602029_buyqygic.jpg\",\"articleSection\":[\"M\u0259d\u0259niyy\u0259t\"],\"inLanguage\":\"az\"},{\"@type\":\"WebPage\",\"@id\":\"https:\\\/\\\/www.meydan.tv\\\/az\\\/article\\\/azerbaycanda-nazir-yeni-nov-koronavirusa-yoluxdu\\\/\",\"url\":\"https:\\\/\\\/www.meydan.tv\\\/az\\\/article\\\/azerbaycanda-nazir-yeni-nov-koronavirusa-yoluxdu\\\/\",\"name\":\"Az\u0259rbaycanda nazir yeni n\u00f6v koronavirusa yoluxdu - MEYDAN.TV\",\"isPartOf\":{\"@id\":\"https:\\\/\\\/www.meydan.tv\\\/az\\\/#website\"},\"primaryImageOfPage\":{\"@id\":\"https:\\\/\\\/www.meydan.tv\\\/az\\\/article\\\/azerbaycanda-nazir-yeni-nov-koronavirusa-yoluxdu\\\/#primaryimage\"},\"image\":{\"@id\":\"https:\\\/\\\/www.meydan.tv\\\/az\\\/article\\\/azerbaycanda-nazir-yeni-nov-koronavirusa-yoluxdu\\\/#primaryimage\"},\"thumbnailUrl\":\"https:\\\/\\\/www.meydan.tv\\\/wp-content\\\/uploads\\\/1618998602029_buyqygic.jpg\",\"datePublished\":\"2021-04-21T13:00:22+00:00\",\"breadcrumb\":{\"@id\":\"https:\\\/\\\/www.meydan.tv\\\/az\\\/article\\\/azerbaycanda-nazir-yeni-nov-koronavirusa-yoluxdu\\\/#breadcrumb\"},\"inLanguage\":\"az\",\"potentialAction\":[{\"@type\":\"ReadAction\",\"target\":[\"https:\\\/\\\/www.meydan.tv\\\/az\\\/article\\\/azerbaycanda-nazir-yeni-nov-koronavirusa-yoluxdu\\\/\"]}]},{\"@type\":\"ImageObject\",\"inLanguage\":\"az\",\"@id\":\"https:\\\/\\\/www.meydan.tv\\\/az\\\/article\\\/azerbaycanda-nazir-yeni-nov-koronavirusa-yoluxdu\\\/#primaryimage\",\"url\":\"https:\\\/\\\/www.meydan.tv\\\/wp-content\\\/uploads\\\/1618998602029_buyqygic.jpg\",\"contentUrl\":\"https:\\\/\\\/www.meydan.tv\\\/wp-content\\\/uploads\\\/1618998602029_buyqygic.jpg\",\"width\":750,\"height\":500,\"caption\":\"Source: APA\"},{\"@type\":\"BreadcrumbList\",\"@id\":\"https:\\\/\\\/www.meydan.tv\\\/az\\\/article\\\/azerbaycanda-nazir-yeni-nov-koronavirusa-yoluxdu\\\/#breadcrumb\",\"itemListElement\":[{\"@type\":\"ListItem\",\"position\":1,\"name\":\"Ana s\u0259hif\u0259\",\"item\":\"https:\\\/\\\/www.meydan.tv\\\/az\\\/\"},{\"@type\":\"ListItem\",\"position\":2,\"name\":\"M\u0259d\u0259niyy\u0259t\",\"item\":\"https:\\\/\\\/www.meydan.tv\\\/az\\\/section\\\/medeniyyet\\\/\"},{\"@type\":\"ListItem\",\"position\":3,\"name\":\"Az\u0259rbaycanda nazir yeni n\u00f6v koronavirusa yoluxdu\"}]},{\"@type\":\"WebSite\",\"@id\":\"https:\\\/\\\/www.meydan.tv\\\/az\\\/#website\",\"url\":\"https:\\\/\\\/www.meydan.tv\\\/az\\\/\",\"name\":\"MEYDAN.TV\",\"description\":\"Meydan TV Az\u0259rbaycan\u0131n media m\u0259kan\u0131ndak\u0131 alternativ s\u0259sidir\",\"publisher\":{\"@id\":\"https:\\\/\\\/www.meydan.tv\\\/az\\\/#organization\"},\"potentialAction\":[{\"@type\":\"SearchAction\",\"target\":{\"@type\":\"EntryPoint\",\"urlTemplate\":\"https:\\\/\\\/www.meydan.tv\\\/az\\\/?s={search_term_string}\"},\"query-input\":{\"@type\":\"PropertyValueSpecification\",\"valueRequired\":true,\"valueName\":\"search_term_string\"}}],\"inLanguage\":\"az\"},{\"@type\":\"Organization\",\"@id\":\"https:\\\/\\\/www.meydan.tv\\\/az\\\/#organization\",\"name\":\"Meydan TV\",\"url\":\"https:\\\/\\\/www.meydan.tv\\\/az\\\/\",\"logo\":{\"@type\":\"ImageObject\",\"inLanguage\":\"az\",\"@id\":\"https:\\\/\\\/www.meydan.tv\\\/az\\\/#\\\/schema\\\/logo\\\/image\\\/\",\"url\":\"https:\\\/\\\/www.meydan.tv\\\/wp-content\\\/uploads\\\/2021\\\/07\\\/meydan-logo.svg\",\"contentUrl\":\"https:\\\/\\\/www.meydan.tv\\\/wp-content\\\/uploads\\\/2021\\\/07\\\/meydan-logo.svg\",\"width\":195,\"height\":46,\"caption\":\"Meydan TV\"},\"image\":{\"@id\":\"https:\\\/\\\/www.meydan.tv\\\/az\\\/#\\\/schema\\\/logo\\\/image\\\/\"}},{\"@type\":\"Person\",\"@id\":\"https:\\\/\\\/www.meydan.tv\\\/az\\\/#\\\/schema\\\/person\\\/10d11eccf6da3662cf5fdab9806ea91a\",\"name\":\"user-manager\"}]}<\/script>\n<!-- \/ Yoast SEO plugin. -->","yoast_head_json":{"title":"Az\u0259rbaycanda nazir yeni n\u00f6v koronavirusa yoluxdu - MEYDAN.TV","robots":{"index":"index","follow":"follow","max-snippet":"max-snippet:-1","max-image-preview":"max-image-preview:large","max-video-preview":"max-video-preview:-1"},"canonical":"https:\/\/www.meydan.tv\/az\/article\/azerbaycanda-nazir-yeni-nov-koronavirusa-yoluxdu\/","og_locale":"az_AZ","og_type":"article","og_title":"Az\u0259rbaycanda nazir yeni n\u00f6v koronavirusa yoluxdu - MEYDAN.TV","og_description":"Anar K\u0259rimovla yax\u0131n t\u0259masda olan M\u0259d\u0259niyy\u0259t Nazirliyinin \u0259m\u0259kda\u015flar\u0131n\u0131n da qaydalara uy\u011fun olaraq karantin\u0259 al\u0131nd\u0131\u011f\u0131 v\u0259 bir m\u00fcdd\u0259tdir f\u0259aliyy\u0259tl\u0259rini m\u0259saf\u0259d\u0259n h\u0259yata ke\u00e7irdikl\u0259ri bildirilib.","og_url":"https:\/\/www.meydan.tv\/az\/article\/azerbaycanda-nazir-yeni-nov-koronavirusa-yoluxdu\/","og_site_name":"MEYDAN.TV","article_published_time":"2021-04-21T13:00:22+00:00","og_image":[{"width":750,"height":500,"url":"https:\/\/www.meydan.tv\/wp-content\/uploads\/1618998602029_buyqygic.jpg","type":"image\/jpeg"}],"author":"user-manager","twitter_card":"summary_large_image","schema":{"@context":"https:\/\/schema.org","@graph":[{"@type":"Article","@id":"https:\/\/www.meydan.tv\/az\/article\/azerbaycanda-nazir-yeni-nov-koronavirusa-yoluxdu\/#article","isPartOf":{"@id":"https:\/\/www.meydan.tv\/az\/article\/azerbaycanda-nazir-yeni-nov-koronavirusa-yoluxdu\/"},"author":{"name":"user-manager","@id":"https:\/\/www.meydan.tv\/az\/#\/schema\/person\/10d11eccf6da3662cf5fdab9806ea91a"},"headline":"Az\u0259rbaycanda nazir yeni n\u00f6v koronavirusa yoluxdu","datePublished":"2021-04-21T13:00:22+00:00","mainEntityOfPage":{"@id":"https:\/\/www.meydan.tv\/az\/article\/azerbaycanda-nazir-yeni-nov-koronavirusa-yoluxdu\/"},"wordCount":134,"publisher":{"@id":"https:\/\/www.meydan.tv\/az\/#organization"},"image":{"@id":"https:\/\/www.meydan.tv\/az\/article\/azerbaycanda-nazir-yeni-nov-koronavirusa-yoluxdu\/#primaryimage"},"thumbnailUrl":"https:\/\/www.meydan.tv\/wp-content\/uploads\/1618998602029_buyqygic.jpg","articleSection":["M\u0259d\u0259niyy\u0259t"],"inLanguage":"az"},{"@type":"WebPage","@id":"https:\/\/www.meydan.tv\/az\/article\/azerbaycanda-nazir-yeni-nov-koronavirusa-yoluxdu\/","url":"https:\/\/www.meydan.tv\/az\/article\/azerbaycanda-nazir-yeni-nov-koronavirusa-yoluxdu\/","name":"Az\u0259rbaycanda nazir yeni n\u00f6v koronavirusa yoluxdu - MEYDAN.TV","isPartOf":{"@id":"https:\/\/www.meydan.tv\/az\/#website"},"primaryImageOfPage":{"@id":"https:\/\/www.meydan.tv\/az\/article\/azerbaycanda-nazir-yeni-nov-koronavirusa-yoluxdu\/#primaryimage"},"image":{"@id":"https:\/\/www.meydan.tv\/az\/article\/azerbaycanda-nazir-yeni-nov-koronavirusa-yoluxdu\/#primaryimage"},"thumbnailUrl":"https:\/\/www.meydan.tv\/wp-content\/uploads\/1618998602029_buyqygic.jpg","datePublished":"2021-04-21T13:00:22+00:00","breadcrumb":{"@id":"https:\/\/www.meydan.tv\/az\/article\/azerbaycanda-nazir-yeni-nov-koronavirusa-yoluxdu\/#breadcrumb"},"inLanguage":"az","potentialAction":[{"@type":"ReadAction","target":["https:\/\/www.meydan.tv\/az\/article\/azerbaycanda-nazir-yeni-nov-koronavirusa-yoluxdu\/"]}]},{"@type":"ImageObject","inLanguage":"az","@id":"https:\/\/www.meydan.tv\/az\/article\/azerbaycanda-nazir-yeni-nov-koronavirusa-yoluxdu\/#primaryimage","url":"https:\/\/www.meydan.tv\/wp-content\/uploads\/1618998602029_buyqygic.jpg","contentUrl":"https:\/\/www.meydan.tv\/wp-content\/uploads\/1618998602029_buyqygic.jpg","width":750,"height":500,"caption":"Source: APA"},{"@type":"BreadcrumbList","@id":"https:\/\/www.meydan.tv\/az\/article\/azerbaycanda-nazir-yeni-nov-koronavirusa-yoluxdu\/#breadcrumb","itemListElement":[{"@type":"ListItem","position":1,"name":"Ana s\u0259hif\u0259","item":"https:\/\/www.meydan.tv\/az\/"},{"@type":"ListItem","position":2,"name":"M\u0259d\u0259niyy\u0259t","item":"https:\/\/www.meydan.tv\/az\/section\/medeniyyet\/"},{"@type":"ListItem","position":3,"name":"Az\u0259rbaycanda nazir yeni n\u00f6v koronavirusa yoluxdu"}]},{"@type":"WebSite","@id":"https:\/\/www.meydan.tv\/az\/#website","url":"https:\/\/www.meydan.tv\/az\/","name":"MEYDAN.TV","description":"Meydan TV Az\u0259rbaycan\u0131n media m\u0259kan\u0131ndak\u0131 alternativ s\u0259sidir","publisher":{"@id":"https:\/\/www.meydan.tv\/az\/#organization"},"potentialAction":[{"@type":"SearchAction","target":{"@type":"EntryPoint","urlTemplate":"https:\/\/www.meydan.tv\/az\/?s={search_term_string}"},"query-input":{"@type":"PropertyValueSpecification","valueRequired":true,"valueName":"search_term_string"}}],"inLanguage":"az"},{"@type":"Organization","@id":"https:\/\/www.meydan.tv\/az\/#organization","name":"Meydan TV","url":"https:\/\/www.meydan.tv\/az\/","logo":{"@type":"ImageObject","inLanguage":"az","@id":"https:\/\/www.meydan.tv\/az\/#\/schema\/logo\/image\/","url":"https:\/\/www.meydan.tv\/wp-content\/uploads\/2021\/07\/meydan-logo.svg","contentUrl":"https:\/\/www.meydan.tv\/wp-content\/uploads\/2021\/07\/meydan-logo.svg","width":195,"height":46,"caption":"Meydan TV"},"image":{"@id":"https:\/\/www.meydan.tv\/az\/#\/schema\/logo\/image\/"}},{"@type":"Person","@id":"https:\/\/www.meydan.tv\/az\/#\/schema\/person\/10d11eccf6da3662cf5fdab9806ea91a","name":"user-manager"}]}},"_links":{"self":[{"href":"https:\/\/www.meydan.tv\/az\/wp-json\/wp\/v2\/posts\/205877","targetHints":{"allow":["GET"]}}],"collection":[{"href":"https:\/\/www.meydan.tv\/az\/wp-json\/wp\/v2\/posts"}],"about":[{"href":"https:\/\/www.meydan.tv\/az\/wp-json\/wp\/v2\/types\/post"}],"author":[{"embeddable":true,"href":"https:\/\/www.meydan.tv\/az\/wp-json\/wp\/v2\/users\/11"}],"replies":[{"embeddable":true,"href":"https:\/\/www.meydan.tv\/az\/wp-json\/wp\/v2\/comments?post=205877"}],"version-history":[{"count":0,"href":"https:\/\/www.meydan.tv\/az\/wp-json\/wp\/v2\/posts\/205877\/revisions"}],"wp:featuredmedia":[{"embeddable":true,"href":"https:\/\/www.meydan.tv\/az\/wp-json\/wp\/v2\/media\/159681"}],"wp:attachment":[{"href":"https:\/\/www.meydan.tv\/az\/wp-json\/wp\/v2\/media?parent=205877"}],"wp:term":[{"taxonomy":"category","embeddable":true,"href":"https:\/\/www.meydan.tv\/az\/wp-json\/wp\/v2\/categories?post=205877"},{"taxonomy":"post_tag","embeddable":true,"href":"https:\/\/www.meydan.tv\/az\/wp-json\/wp\/v2\/tags?post=205877"}],"curies":[{"name":"wp","href":"https:\/\/api.w.org\/{rel}","templated":true}]}}