{"id":205857,"date":"2021-04-20T13:50:55","date_gmt":"2021-04-20T13:50:55","guid":{"rendered":"https:\/\/www.meydan.tv\/article\/vaqonda-yasayan-qazi-bedenimde-8-qelpe-var\/"},"modified":"2021-04-20T13:50:55","modified_gmt":"2021-04-20T13:50:55","slug":"vaqonda-yasayan-qazi-bedenimde-8-qelpe-var","status":"publish","type":"post","link":"https:\/\/www.meydan.tv\/az\/article\/vaqonda-yasayan-qazi-bedenimde-8-qelpe-var\/","title":{"rendered":"Vaqonda ya\u015fayan qazi: &#8220;B\u0259d\u0259nimd\u0259 8 q\u0259lp\u0259 var&#8221;"},"content":{"rendered":"<figure class=\"wp-block-embed is-type-video is-provider-youtube wp-block-embed-youtube wp-embed-aspect-16-9 wp-has-aspect-ratio\">\n<div class=\"wp-block-embed__wrapper\">\n    <iframe\ttitle=\"Vaqonda ya\u015fayan qazi: \"B\u0259d\u0259nimd\u0259 8 q\u0259lp\u0259 var\"\" width=\"1200\" height=\"675\" data-src=\"https:\/\/www.youtube.com\/embed\/6snWIRHrTmw\"\tframeborder=\"0\"\tallow=\"accelerometer; autoplay; clipboard-write; encrypted-media; gyroscope; picture-in-picture\" allowfullscreen src=\"data:image\/svg+xml;base64,PHN2ZyB3aWR0aD0iMSIgaGVpZ2h0PSIxIiB4bWxucz0iaHR0cDovL3d3dy53My5vcmcvMjAwMC9zdmciPjwvc3ZnPg==\" class=\"lazyload\" data-load-mode=\"1\"><\/iframe>\n  <\/div><figcaption>\n    Vaqonda ya\u015fayan qazi: &#8220;B\u0259d\u0259nimd\u0259 8 q\u0259lp\u0259 var&#8221;<br \/>\n  <\/figcaption><\/figure>\n<p>\n  A\u011fa A\u011fazad\u0259 \u0130kinci Qaraba\u011f m\u00fcharib\u0259sind\u0259n 8 q\u0259lp\u0259 il\u0259 qay\u0131d\u0131b. 24 ya\u015fl\u0131 A\u011fa m\u00fcharib\u0259y\u0259 k\u00f6n\u00fcll\u00fc yaz\u0131lanlardand\u0131r. O, \u00f6z torpa\u011f\u0131n\u0131 \u2013 C\u0259bray\u0131l\u0131 g\u00f6rm\u0259k \u00fc\u00e7\u00fcn s\u0259f\u0259rb\u0259rliy\u0259 yaz\u0131l\u0131b. 44 g\u00fcn d\u00f6y\u00fc\u015fl\u0259rin son g\u00fcn\u00fcnd\u0259 yaralan\u0131b. A\u011fa bildirir ki, c\u0259rrahlar \u0259m\u0259liyyat\u0131n t\u0259hl\u00fck\u0259li oldu\u011funu, b\u0259d\u0259nind\u0259 olan q\u0259lp\u0259l\u0259rl\u0259 ya\u015fama\u011fa m\u0259cbur qald\u0131\u011f\u0131n\u0131 deyibl\u0259r.\n<\/p>\n<p>\n  \u201cDeyirl\u0259r ki, bir-iki il a\u011fr\u0131yacaqsan. Deyir\u0259m ki, b\u0259s m\u0259n nec\u0259 ail\u0259mi doland\u0131racam? N\u0259 &quot;yararl\u0131&quot;, n\u0259 d\u0259 syarars\u0131z&quot; yaz\u0131l\u0131r. He\u00e7 bir cavab verilmir. \u201cYa\u015fat\u201d Fonduna da d\u0259f\u0259l\u0259rl\u0259 m\u0259ktubla v\u0259 z\u0259ngl\u0259 m\u00fcraci\u0259t olunub. Bu g\u00fcn, sabah des\u0259l\u0259r d\u0259, onlardan da bir adam g\u0259lib m\u0259niml\u0259 maraqlanmay\u0131b. Y\u0259ni, d\u00f6vl\u0259t t\u0259r\u0259find\u0259n m\u0259n he\u00e7 n\u0259 g\u00f6rm\u0259dim\u201d, &#8211; deyir A\u011fa A\u011fazad\u0259.\n<\/p>\n<p>\n  A\u011fazad\u0259 ail\u0259si Birinci Qaraba\u011f m\u00fcharib\u0259sind\u0259n sonra C\u0259bray\u0131ldan k\u00f6\u00e7k\u00fcn d\u00fc\u015f\u0259r\u0259k vaqona s\u0131\u011f\u0131n\u0131b. A\u011fa deyir ki, 24 ildir vaqonu \u00f6z\u00fcn\u0259 ev bilir. O, m\u00fcharib\u0259y\u0259c\u0259n y\u00fck ma\u015f\u0131n\u0131 s\u00fcr\u0259r\u0259k ail\u0259sini saxlay\u0131b. \u0130ndi i\u015fl\u0259y\u0259 bilm\u0259m\u0259siyl\u0259 bar\u0131\u015fa bilmir.\n<\/p>\n<p>\n  Ya\u015fat Fondundan bildirilib ki, A\u011fa A\u011fazad\u0259nin fonda r\u0259smi m\u00fcraci\u0259ti yoxdur. H\u0259m\u00e7inin onun x\u0259st\u0259lik haqq\u0131nda \u015f\u0259had\u0259tnam\u0259d\u0259sind\u0259 h\u0259rbi xidm\u0259t\u0259 yararl\u0131 oldu\u011fu qeyd edilib.<\/p>\n","protected":false},"excerpt":{"rendered":"<p>A\u011fa A\u011fazad\u0259 \u0130kinci Qaraba\u011f m\u00fcharib\u0259sind\u0259n 8 q\u0259lp\u0259 il\u0259 qay\u0131d\u0131b.<\/p>\n","protected":false},"author":11,"featured_media":159636,"comment_status":"closed","ping_status":"open","sticky":false,"template":"","format":"standard","meta":{"_acf_changed":false,"_sitemap_exclude":false,"_sitemap_priority":"","_sitemap_frequency":"","footnotes":""},"categories":[63],"tags":[],"class_list":["post-205857","post","type-post","status-publish","format-standard","has-post-thumbnail","hentry","category-video-2","infinite-scroll-item","generate-columns","tablet-grid-50","mobile-grid-100","grid-parent","grid-33","no-featured-image-padding"],"acf":[],"yoast_head":"<!-- This site is optimized with the Yoast SEO plugin v27.5 - https:\/\/yoast.com\/product\/yoast-seo-wordpress\/ -->\n<title>Vaqonda ya\u015fayan qazi: &quot;B\u0259d\u0259nimd\u0259 8 q\u0259lp\u0259 var&quot; - MEYDAN.TV<\/title>\n<meta name=\"robots\" content=\"index, follow, max-snippet:-1, max-image-preview:large, max-video-preview:-1\" \/>\n<link rel=\"canonical\" href=\"https:\/\/www.meydan.tv\/az\/article\/vaqonda-yasayan-qazi-bedenimde-8-qelpe-var\/\" \/>\n<meta property=\"og:locale\" content=\"az_AZ\" \/>\n<meta property=\"og:type\" content=\"article\" \/>\n<meta property=\"og:title\" content=\"Vaqonda ya\u015fayan qazi: &quot;B\u0259d\u0259nimd\u0259 8 q\u0259lp\u0259 var&quot; - MEYDAN.TV\" \/>\n<meta property=\"og:description\" content=\"A\u011fa A\u011fazad\u0259 \u0130kinci Qaraba\u011f m\u00fcharib\u0259sind\u0259n 8 q\u0259lp\u0259 il\u0259 qay\u0131d\u0131b.\" \/>\n<meta property=\"og:url\" content=\"https:\/\/www.meydan.tv\/az\/article\/vaqonda-yasayan-qazi-bedenimde-8-qelpe-var\/\" \/>\n<meta property=\"og:site_name\" content=\"MEYDAN.TV\" \/>\n<meta property=\"article:published_time\" content=\"2021-04-20T13:50:55+00:00\" \/>\n<meta property=\"og:image\" content=\"https:\/\/www.meydan.tv\/wp-content\/uploads\/screenshot_3_zijnkdz.png\" \/>\n\t<meta property=\"og:image:width\" content=\"1040\" \/>\n\t<meta property=\"og:image:height\" content=\"586\" \/>\n\t<meta property=\"og:image:type\" content=\"image\/png\" \/>\n<meta name=\"author\" content=\"user-manager\" \/>\n<meta name=\"twitter:card\" content=\"summary_large_image\" \/>\n<script type=\"application\/ld+json\" class=\"yoast-schema-graph\">{\"@context\":\"https:\\\/\\\/schema.org\",\"@graph\":[{\"@type\":\"Article\",\"@id\":\"https:\\\/\\\/www.meydan.tv\\\/az\\\/article\\\/vaqonda-yasayan-qazi-bedenimde-8-qelpe-var\\\/#article\",\"isPartOf\":{\"@id\":\"https:\\\/\\\/www.meydan.tv\\\/az\\\/article\\\/vaqonda-yasayan-qazi-bedenimde-8-qelpe-var\\\/\"},\"author\":{\"name\":\"user-manager\",\"@id\":\"https:\\\/\\\/www.meydan.tv\\\/az\\\/#\\\/schema\\\/person\\\/10d11eccf6da3662cf5fdab9806ea91a\"},\"headline\":\"Vaqonda ya\u015fayan qazi: &#8220;B\u0259d\u0259nimd\u0259 8 q\u0259lp\u0259 var&#8221;\",\"datePublished\":\"2021-04-20T13:50:55+00:00\",\"mainEntityOfPage\":{\"@id\":\"https:\\\/\\\/www.meydan.tv\\\/az\\\/article\\\/vaqonda-yasayan-qazi-bedenimde-8-qelpe-var\\\/\"},\"wordCount\":305,\"publisher\":{\"@id\":\"https:\\\/\\\/www.meydan.tv\\\/az\\\/#organization\"},\"image\":{\"@id\":\"https:\\\/\\\/www.meydan.tv\\\/az\\\/article\\\/vaqonda-yasayan-qazi-bedenimde-8-qelpe-var\\\/#primaryimage\"},\"thumbnailUrl\":\"https:\\\/\\\/www.meydan.tv\\\/wp-content\\\/uploads\\\/screenshot_3_zijnkdz.png\",\"articleSection\":[\"Video\"],\"inLanguage\":\"az\"},{\"@type\":\"WebPage\",\"@id\":\"https:\\\/\\\/www.meydan.tv\\\/az\\\/article\\\/vaqonda-yasayan-qazi-bedenimde-8-qelpe-var\\\/\",\"url\":\"https:\\\/\\\/www.meydan.tv\\\/az\\\/article\\\/vaqonda-yasayan-qazi-bedenimde-8-qelpe-var\\\/\",\"name\":\"Vaqonda ya\u015fayan qazi: \\\"B\u0259d\u0259nimd\u0259 8 q\u0259lp\u0259 var\\\" - MEYDAN.TV\",\"isPartOf\":{\"@id\":\"https:\\\/\\\/www.meydan.tv\\\/az\\\/#website\"},\"primaryImageOfPage\":{\"@id\":\"https:\\\/\\\/www.meydan.tv\\\/az\\\/article\\\/vaqonda-yasayan-qazi-bedenimde-8-qelpe-var\\\/#primaryimage\"},\"image\":{\"@id\":\"https:\\\/\\\/www.meydan.tv\\\/az\\\/article\\\/vaqonda-yasayan-qazi-bedenimde-8-qelpe-var\\\/#primaryimage\"},\"thumbnailUrl\":\"https:\\\/\\\/www.meydan.tv\\\/wp-content\\\/uploads\\\/screenshot_3_zijnkdz.png\",\"datePublished\":\"2021-04-20T13:50:55+00:00\",\"breadcrumb\":{\"@id\":\"https:\\\/\\\/www.meydan.tv\\\/az\\\/article\\\/vaqonda-yasayan-qazi-bedenimde-8-qelpe-var\\\/#breadcrumb\"},\"inLanguage\":\"az\",\"potentialAction\":[{\"@type\":\"ReadAction\",\"target\":[\"https:\\\/\\\/www.meydan.tv\\\/az\\\/article\\\/vaqonda-yasayan-qazi-bedenimde-8-qelpe-var\\\/\"]}]},{\"@type\":\"ImageObject\",\"inLanguage\":\"az\",\"@id\":\"https:\\\/\\\/www.meydan.tv\\\/az\\\/article\\\/vaqonda-yasayan-qazi-bedenimde-8-qelpe-var\\\/#primaryimage\",\"url\":\"https:\\\/\\\/www.meydan.tv\\\/wp-content\\\/uploads\\\/screenshot_3_zijnkdz.png\",\"contentUrl\":\"https:\\\/\\\/www.meydan.tv\\\/wp-content\\\/uploads\\\/screenshot_3_zijnkdz.png\",\"width\":1040,\"height\":586,\"caption\":\"Source: Meydan TV\"},{\"@type\":\"BreadcrumbList\",\"@id\":\"https:\\\/\\\/www.meydan.tv\\\/az\\\/article\\\/vaqonda-yasayan-qazi-bedenimde-8-qelpe-var\\\/#breadcrumb\",\"itemListElement\":[{\"@type\":\"ListItem\",\"position\":1,\"name\":\"Ana s\u0259hif\u0259\",\"item\":\"https:\\\/\\\/www.meydan.tv\\\/az\\\/\"},{\"@type\":\"ListItem\",\"position\":2,\"name\":\"Video\",\"item\":\"https:\\\/\\\/www.meydan.tv\\\/az\\\/section\\\/video-2\\\/\"},{\"@type\":\"ListItem\",\"position\":3,\"name\":\"Vaqonda ya\u015fayan qazi: &#8220;B\u0259d\u0259nimd\u0259 8 q\u0259lp\u0259 var&#8221;\"}]},{\"@type\":\"WebSite\",\"@id\":\"https:\\\/\\\/www.meydan.tv\\\/az\\\/#website\",\"url\":\"https:\\\/\\\/www.meydan.tv\\\/az\\\/\",\"name\":\"MEYDAN.TV\",\"description\":\"Meydan TV Az\u0259rbaycan\u0131n media m\u0259kan\u0131ndak\u0131 alternativ s\u0259sidir\",\"publisher\":{\"@id\":\"https:\\\/\\\/www.meydan.tv\\\/az\\\/#organization\"},\"potentialAction\":[{\"@type\":\"SearchAction\",\"target\":{\"@type\":\"EntryPoint\",\"urlTemplate\":\"https:\\\/\\\/www.meydan.tv\\\/az\\\/?s={search_term_string}\"},\"query-input\":{\"@type\":\"PropertyValueSpecification\",\"valueRequired\":true,\"valueName\":\"search_term_string\"}}],\"inLanguage\":\"az\"},{\"@type\":\"Organization\",\"@id\":\"https:\\\/\\\/www.meydan.tv\\\/az\\\/#organization\",\"name\":\"Meydan TV\",\"url\":\"https:\\\/\\\/www.meydan.tv\\\/az\\\/\",\"logo\":{\"@type\":\"ImageObject\",\"inLanguage\":\"az\",\"@id\":\"https:\\\/\\\/www.meydan.tv\\\/az\\\/#\\\/schema\\\/logo\\\/image\\\/\",\"url\":\"https:\\\/\\\/www.meydan.tv\\\/wp-content\\\/uploads\\\/2021\\\/07\\\/meydan-logo.svg\",\"contentUrl\":\"https:\\\/\\\/www.meydan.tv\\\/wp-content\\\/uploads\\\/2021\\\/07\\\/meydan-logo.svg\",\"width\":195,\"height\":46,\"caption\":\"Meydan TV\"},\"image\":{\"@id\":\"https:\\\/\\\/www.meydan.tv\\\/az\\\/#\\\/schema\\\/logo\\\/image\\\/\"}},{\"@type\":\"Person\",\"@id\":\"https:\\\/\\\/www.meydan.tv\\\/az\\\/#\\\/schema\\\/person\\\/10d11eccf6da3662cf5fdab9806ea91a\",\"name\":\"user-manager\"}]}<\/script>\n<!-- \/ Yoast SEO plugin. -->","yoast_head_json":{"title":"Vaqonda ya\u015fayan qazi: \"B\u0259d\u0259nimd\u0259 8 q\u0259lp\u0259 var\" - MEYDAN.TV","robots":{"index":"index","follow":"follow","max-snippet":"max-snippet:-1","max-image-preview":"max-image-preview:large","max-video-preview":"max-video-preview:-1"},"canonical":"https:\/\/www.meydan.tv\/az\/article\/vaqonda-yasayan-qazi-bedenimde-8-qelpe-var\/","og_locale":"az_AZ","og_type":"article","og_title":"Vaqonda ya\u015fayan qazi: \"B\u0259d\u0259nimd\u0259 8 q\u0259lp\u0259 var\" - MEYDAN.TV","og_description":"A\u011fa A\u011fazad\u0259 \u0130kinci Qaraba\u011f m\u00fcharib\u0259sind\u0259n 8 q\u0259lp\u0259 il\u0259 qay\u0131d\u0131b.","og_url":"https:\/\/www.meydan.tv\/az\/article\/vaqonda-yasayan-qazi-bedenimde-8-qelpe-var\/","og_site_name":"MEYDAN.TV","article_published_time":"2021-04-20T13:50:55+00:00","og_image":[{"width":1040,"height":586,"url":"https:\/\/www.meydan.tv\/wp-content\/uploads\/screenshot_3_zijnkdz.png","type":"image\/png"}],"author":"user-manager","twitter_card":"summary_large_image","schema":{"@context":"https:\/\/schema.org","@graph":[{"@type":"Article","@id":"https:\/\/www.meydan.tv\/az\/article\/vaqonda-yasayan-qazi-bedenimde-8-qelpe-var\/#article","isPartOf":{"@id":"https:\/\/www.meydan.tv\/az\/article\/vaqonda-yasayan-qazi-bedenimde-8-qelpe-var\/"},"author":{"name":"user-manager","@id":"https:\/\/www.meydan.tv\/az\/#\/schema\/person\/10d11eccf6da3662cf5fdab9806ea91a"},"headline":"Vaqonda ya\u015fayan qazi: &#8220;B\u0259d\u0259nimd\u0259 8 q\u0259lp\u0259 var&#8221;","datePublished":"2021-04-20T13:50:55+00:00","mainEntityOfPage":{"@id":"https:\/\/www.meydan.tv\/az\/article\/vaqonda-yasayan-qazi-bedenimde-8-qelpe-var\/"},"wordCount":305,"publisher":{"@id":"https:\/\/www.meydan.tv\/az\/#organization"},"image":{"@id":"https:\/\/www.meydan.tv\/az\/article\/vaqonda-yasayan-qazi-bedenimde-8-qelpe-var\/#primaryimage"},"thumbnailUrl":"https:\/\/www.meydan.tv\/wp-content\/uploads\/screenshot_3_zijnkdz.png","articleSection":["Video"],"inLanguage":"az"},{"@type":"WebPage","@id":"https:\/\/www.meydan.tv\/az\/article\/vaqonda-yasayan-qazi-bedenimde-8-qelpe-var\/","url":"https:\/\/www.meydan.tv\/az\/article\/vaqonda-yasayan-qazi-bedenimde-8-qelpe-var\/","name":"Vaqonda ya\u015fayan qazi: \"B\u0259d\u0259nimd\u0259 8 q\u0259lp\u0259 var\" - MEYDAN.TV","isPartOf":{"@id":"https:\/\/www.meydan.tv\/az\/#website"},"primaryImageOfPage":{"@id":"https:\/\/www.meydan.tv\/az\/article\/vaqonda-yasayan-qazi-bedenimde-8-qelpe-var\/#primaryimage"},"image":{"@id":"https:\/\/www.meydan.tv\/az\/article\/vaqonda-yasayan-qazi-bedenimde-8-qelpe-var\/#primaryimage"},"thumbnailUrl":"https:\/\/www.meydan.tv\/wp-content\/uploads\/screenshot_3_zijnkdz.png","datePublished":"2021-04-20T13:50:55+00:00","breadcrumb":{"@id":"https:\/\/www.meydan.tv\/az\/article\/vaqonda-yasayan-qazi-bedenimde-8-qelpe-var\/#breadcrumb"},"inLanguage":"az","potentialAction":[{"@type":"ReadAction","target":["https:\/\/www.meydan.tv\/az\/article\/vaqonda-yasayan-qazi-bedenimde-8-qelpe-var\/"]}]},{"@type":"ImageObject","inLanguage":"az","@id":"https:\/\/www.meydan.tv\/az\/article\/vaqonda-yasayan-qazi-bedenimde-8-qelpe-var\/#primaryimage","url":"https:\/\/www.meydan.tv\/wp-content\/uploads\/screenshot_3_zijnkdz.png","contentUrl":"https:\/\/www.meydan.tv\/wp-content\/uploads\/screenshot_3_zijnkdz.png","width":1040,"height":586,"caption":"Source: Meydan TV"},{"@type":"BreadcrumbList","@id":"https:\/\/www.meydan.tv\/az\/article\/vaqonda-yasayan-qazi-bedenimde-8-qelpe-var\/#breadcrumb","itemListElement":[{"@type":"ListItem","position":1,"name":"Ana s\u0259hif\u0259","item":"https:\/\/www.meydan.tv\/az\/"},{"@type":"ListItem","position":2,"name":"Video","item":"https:\/\/www.meydan.tv\/az\/section\/video-2\/"},{"@type":"ListItem","position":3,"name":"Vaqonda ya\u015fayan qazi: &#8220;B\u0259d\u0259nimd\u0259 8 q\u0259lp\u0259 var&#8221;"}]},{"@type":"WebSite","@id":"https:\/\/www.meydan.tv\/az\/#website","url":"https:\/\/www.meydan.tv\/az\/","name":"MEYDAN.TV","description":"Meydan TV Az\u0259rbaycan\u0131n media m\u0259kan\u0131ndak\u0131 alternativ s\u0259sidir","publisher":{"@id":"https:\/\/www.meydan.tv\/az\/#organization"},"potentialAction":[{"@type":"SearchAction","target":{"@type":"EntryPoint","urlTemplate":"https:\/\/www.meydan.tv\/az\/?s={search_term_string}"},"query-input":{"@type":"PropertyValueSpecification","valueRequired":true,"valueName":"search_term_string"}}],"inLanguage":"az"},{"@type":"Organization","@id":"https:\/\/www.meydan.tv\/az\/#organization","name":"Meydan TV","url":"https:\/\/www.meydan.tv\/az\/","logo":{"@type":"ImageObject","inLanguage":"az","@id":"https:\/\/www.meydan.tv\/az\/#\/schema\/logo\/image\/","url":"https:\/\/www.meydan.tv\/wp-content\/uploads\/2021\/07\/meydan-logo.svg","contentUrl":"https:\/\/www.meydan.tv\/wp-content\/uploads\/2021\/07\/meydan-logo.svg","width":195,"height":46,"caption":"Meydan TV"},"image":{"@id":"https:\/\/www.meydan.tv\/az\/#\/schema\/logo\/image\/"}},{"@type":"Person","@id":"https:\/\/www.meydan.tv\/az\/#\/schema\/person\/10d11eccf6da3662cf5fdab9806ea91a","name":"user-manager"}]}},"_links":{"self":[{"href":"https:\/\/www.meydan.tv\/az\/wp-json\/wp\/v2\/posts\/205857","targetHints":{"allow":["GET"]}}],"collection":[{"href":"https:\/\/www.meydan.tv\/az\/wp-json\/wp\/v2\/posts"}],"about":[{"href":"https:\/\/www.meydan.tv\/az\/wp-json\/wp\/v2\/types\/post"}],"author":[{"embeddable":true,"href":"https:\/\/www.meydan.tv\/az\/wp-json\/wp\/v2\/users\/11"}],"replies":[{"embeddable":true,"href":"https:\/\/www.meydan.tv\/az\/wp-json\/wp\/v2\/comments?post=205857"}],"version-history":[{"count":0,"href":"https:\/\/www.meydan.tv\/az\/wp-json\/wp\/v2\/posts\/205857\/revisions"}],"wp:featuredmedia":[{"embeddable":true,"href":"https:\/\/www.meydan.tv\/az\/wp-json\/wp\/v2\/media\/159636"}],"wp:attachment":[{"href":"https:\/\/www.meydan.tv\/az\/wp-json\/wp\/v2\/media?parent=205857"}],"wp:term":[{"taxonomy":"category","embeddable":true,"href":"https:\/\/www.meydan.tv\/az\/wp-json\/wp\/v2\/categories?post=205857"},{"taxonomy":"post_tag","embeddable":true,"href":"https:\/\/www.meydan.tv\/az\/wp-json\/wp\/v2\/tags?post=205857"}],"curies":[{"name":"wp","href":"https:\/\/api.w.org\/{rel}","templated":true}]}}