{"id":205835,"date":"2021-04-19T12:41:35","date_gmt":"2021-04-19T12:41:35","guid":{"rendered":"https:\/\/www.meydan.tv\/article\/ilham-eliyev-3-olkeye-sefir-teyin-etdi\/"},"modified":"2021-04-19T12:41:35","modified_gmt":"2021-04-19T12:41:35","slug":"ilham-eliyev-3-olkeye-sefir-teyin-etdi","status":"publish","type":"post","link":"https:\/\/www.meydan.tv\/az\/article\/ilham-eliyev-3-olkeye-sefir-teyin-etdi\/","title":{"rendered":"\u0130lham \u018fliyev 3 \u00f6lk\u0259y\u0259 s\u0259fir t\u0259yin etdi"},"content":{"rendered":"<p>\n  <i><br \/>\n    S\u0259r\u0259ncam aprelin 19-da imzalan\u0131b<br \/>\n  <\/i>\n<\/p>\n<p>\n  Prezident \u0130lham \u018fliyev aprelin 19-da 3 \u00f6lk\u0259y\u0259 s\u0259fir t\u0259yin edib.\n<\/p>\n<p>\n  Bu bar\u0259d\u0259 \u00f6lk\u0259 ba\u015f\u00e7\u0131s\u0131 s\u0259r\u0259ncam imzalay\u0131b.\n<\/p>\n<p>\n  S\u0259r\u0259ncama g\u00f6r\u0259, H\u00fcseyn H\u00fcseynov<br \/>\n  <a href=\"https:\/\/president.az\/articles\/51186\"><br \/>\n    Bolqar\u0131stan<br \/>\n  <\/a><br \/>\n  da, Eldar S\u0259limov \u0130ordaniya Ha\u015fimil\u0259r<br \/>\n  <a href=\"https:\/\/president.az\/articles\/51185\"><br \/>\n    Krall\u0131\u011f\u0131<br \/>\n  <\/a><br \/>\n  nda, Zaur \u018fhm\u0259dovu is\u0259<br \/>\n  <a href=\"https:\/\/president.az\/articles\/51184\"><br \/>\n    \u0130sve\u00e7<br \/>\n  <\/a><br \/>\n  Krall\u0131\u011f\u0131nda Az\u0259rbaycan\u0131n f\u00f6vq\u0259lad\u0259 v\u0259 s\u0259lahiyy\u0259tli s\u0259firi t\u0259yin edilib.<\/p>\n","protected":false},"excerpt":{"rendered":"<p>S\u0259r\u0259ncama g\u00f6r\u0259, H\u00fcseyn H\u00fcseynov Bolqar\u0131standa, Eldar S\u0259limov \u0130ordaniya Ha\u015fimil\u0259r Krall\u0131\u011f\u0131nda, Zaur \u018fhm\u0259dovu is\u0259 \u0130sve\u00e7 Krall\u0131\u011f\u0131nda Az\u0259rbaycan\u0131n f\u00f6vq\u0259lad\u0259 v\u0259 s\u0259lahiyy\u0259tli s\u0259firi t\u0259yin edilib.<\/p>\n","protected":false},"author":11,"featured_media":159540,"comment_status":"closed","ping_status":"open","sticky":false,"template":"","format":"standard","meta":{"_acf_changed":false,"_sitemap_exclude":false,"_sitemap_priority":"","_sitemap_frequency":"","footnotes":""},"categories":[59],"tags":[],"class_list":["post-205835","post","type-post","status-publish","format-standard","has-post-thumbnail","hentry","category-siyaset","infinite-scroll-item","generate-columns","tablet-grid-50","mobile-grid-100","grid-parent","grid-33","no-featured-image-padding"],"acf":[],"yoast_head":"<!-- This site is optimized with the Yoast SEO plugin v28.4 - https:\/\/yoast.com\/product\/yoast-seo-wordpress\/ -->\n<title>\u0130lham \u018fliyev 3 \u00f6lk\u0259y\u0259 s\u0259fir t\u0259yin etdi - MEYDAN.TV<\/title>\n<meta name=\"robots\" content=\"index, follow, max-snippet:-1, max-image-preview:large, max-video-preview:-1\" \/>\n<link rel=\"canonical\" href=\"https:\/\/www.meydan.tv\/az\/article\/ilham-eliyev-3-olkeye-sefir-teyin-etdi\/\" \/>\n<meta property=\"og:locale\" content=\"az_AZ\" \/>\n<meta property=\"og:type\" content=\"article\" \/>\n<meta property=\"og:title\" content=\"\u0130lham \u018fliyev 3 \u00f6lk\u0259y\u0259 s\u0259fir t\u0259yin etdi - MEYDAN.TV\" \/>\n<meta property=\"og:description\" content=\"S\u0259r\u0259ncama g\u00f6r\u0259, H\u00fcseyn H\u00fcseynov Bolqar\u0131standa, Eldar S\u0259limov \u0130ordaniya Ha\u015fimil\u0259r Krall\u0131\u011f\u0131nda, Zaur \u018fhm\u0259dovu is\u0259 \u0130sve\u00e7 Krall\u0131\u011f\u0131nda Az\u0259rbaycan\u0131n f\u00f6vq\u0259lad\u0259 v\u0259 s\u0259lahiyy\u0259tli s\u0259firi t\u0259yin edilib.\" \/>\n<meta property=\"og:url\" content=\"https:\/\/www.meydan.tv\/az\/article\/ilham-eliyev-3-olkeye-sefir-teyin-etdi\/\" \/>\n<meta property=\"og:site_name\" content=\"MEYDAN.TV\" \/>\n<meta property=\"article:published_time\" content=\"2021-04-19T12:41:35+00:00\" \/>\n<meta property=\"og:image\" content=\"https:\/\/www.meydan.tv\/wp-content\/uploads\/b4308647-c9b7-3177-b298-e191b5acde50_850_oib48de.jpg\" \/>\n\t<meta property=\"og:image:width\" content=\"850\" \/>\n\t<meta property=\"og:image:height\" content=\"530\" \/>\n\t<meta property=\"og:image:type\" content=\"image\/jpeg\" \/>\n<meta name=\"twitter:card\" content=\"summary_large_image\" \/>\n<!-- \/ Yoast SEO plugin. -->","yoast_head_json":{"title":"\u0130lham \u018fliyev 3 \u00f6lk\u0259y\u0259 s\u0259fir t\u0259yin etdi - MEYDAN.TV","robots":{"index":"index","follow":"follow","max-snippet":"max-snippet:-1","max-image-preview":"max-image-preview:large","max-video-preview":"max-video-preview:-1"},"canonical":"https:\/\/www.meydan.tv\/az\/article\/ilham-eliyev-3-olkeye-sefir-teyin-etdi\/","og_locale":"az_AZ","og_type":"article","og_title":"\u0130lham \u018fliyev 3 \u00f6lk\u0259y\u0259 s\u0259fir t\u0259yin etdi - MEYDAN.TV","og_description":"S\u0259r\u0259ncama g\u00f6r\u0259, H\u00fcseyn H\u00fcseynov Bolqar\u0131standa, Eldar S\u0259limov \u0130ordaniya Ha\u015fimil\u0259r Krall\u0131\u011f\u0131nda, Zaur \u018fhm\u0259dovu is\u0259 \u0130sve\u00e7 Krall\u0131\u011f\u0131nda Az\u0259rbaycan\u0131n f\u00f6vq\u0259lad\u0259 v\u0259 s\u0259lahiyy\u0259tli s\u0259firi t\u0259yin edilib.","og_url":"https:\/\/www.meydan.tv\/az\/article\/ilham-eliyev-3-olkeye-sefir-teyin-etdi\/","og_site_name":"MEYDAN.TV","article_published_time":"2021-04-19T12:41:35+00:00","og_image":[{"width":850,"height":530,"url":"https:\/\/www.meydan.tv\/wp-content\/uploads\/b4308647-c9b7-3177-b298-e191b5acde50_850_oib48de.jpg","type":"image\/jpeg"}],"twitter_card":"summary_large_image","schema":{"@context":"https:\/\/schema.org","@graph":[{"@type":"Article","@id":"https:\/\/www.meydan.tv\/az\/article\/ilham-eliyev-3-olkeye-sefir-teyin-etdi\/#article","isPartOf":{"@id":"https:\/\/www.meydan.tv\/az\/article\/ilham-eliyev-3-olkeye-sefir-teyin-etdi\/"},"author":{"name":"user-manager","@id":"https:\/\/www.meydan.tv\/az\/#\/schema\/person\/10d11eccf6da3662cf5fdab9806ea91a"},"headline":"\u0130lham \u018fliyev 3 \u00f6lk\u0259y\u0259 s\u0259fir t\u0259yin etdi","datePublished":"2021-04-19T12:41:35+00:00","mainEntityOfPage":{"@id":"https:\/\/www.meydan.tv\/az\/article\/ilham-eliyev-3-olkeye-sefir-teyin-etdi\/"},"wordCount":82,"publisher":{"@id":"https:\/\/www.meydan.tv\/az\/#organization"},"image":{"@id":"https:\/\/www.meydan.tv\/az\/article\/ilham-eliyev-3-olkeye-sefir-teyin-etdi\/#primaryimage"},"thumbnailUrl":"https:\/\/www.meydan.tv\/wp-content\/uploads\/b4308647-c9b7-3177-b298-e191b5acde50_850_oib48de.jpg","articleSection":["Siyas\u0259t"],"inLanguage":"az"},{"@type":"WebPage","@id":"https:\/\/www.meydan.tv\/az\/article\/ilham-eliyev-3-olkeye-sefir-teyin-etdi\/","url":"https:\/\/www.meydan.tv\/az\/article\/ilham-eliyev-3-olkeye-sefir-teyin-etdi\/","name":"\u0130lham \u018fliyev 3 \u00f6lk\u0259y\u0259 s\u0259fir t\u0259yin etdi - MEYDAN.TV","isPartOf":{"@id":"https:\/\/www.meydan.tv\/az\/#website"},"primaryImageOfPage":{"@id":"https:\/\/www.meydan.tv\/az\/article\/ilham-eliyev-3-olkeye-sefir-teyin-etdi\/#primaryimage"},"image":{"@id":"https:\/\/www.meydan.tv\/az\/article\/ilham-eliyev-3-olkeye-sefir-teyin-etdi\/#primaryimage"},"thumbnailUrl":"https:\/\/www.meydan.tv\/wp-content\/uploads\/b4308647-c9b7-3177-b298-e191b5acde50_850_oib48de.jpg","datePublished":"2021-04-19T12:41:35+00:00","breadcrumb":{"@id":"https:\/\/www.meydan.tv\/az\/article\/ilham-eliyev-3-olkeye-sefir-teyin-etdi\/#breadcrumb"},"inLanguage":"az","potentialAction":[{"@type":"ReadAction","target":["https:\/\/www.meydan.tv\/az\/article\/ilham-eliyev-3-olkeye-sefir-teyin-etdi\/"]}]},{"@type":"ImageObject","inLanguage":"az","@id":"https:\/\/www.meydan.tv\/az\/article\/ilham-eliyev-3-olkeye-sefir-teyin-etdi\/#primaryimage","url":"https:\/\/www.meydan.tv\/wp-content\/uploads\/b4308647-c9b7-3177-b298-e191b5acde50_850_oib48de.jpg","contentUrl":"https:\/\/www.meydan.tv\/wp-content\/uploads\/b4308647-c9b7-3177-b298-e191b5acde50_850_oib48de.jpg","width":850,"height":530,"caption":"Source: prezident.az"},{"@type":"BreadcrumbList","@id":"https:\/\/www.meydan.tv\/az\/article\/ilham-eliyev-3-olkeye-sefir-teyin-etdi\/#breadcrumb","itemListElement":[{"@type":"ListItem","position":1,"name":"Ana s\u0259hif\u0259","item":"https:\/\/www.meydan.tv\/az\/"},{"@type":"ListItem","position":2,"name":"Siyas\u0259t","item":"https:\/\/www.meydan.tv\/az\/section\/siyaset\/"},{"@type":"ListItem","position":3,"name":"\u0130lham \u018fliyev 3 \u00f6lk\u0259y\u0259 s\u0259fir t\u0259yin etdi"}]},{"@type":"WebSite","@id":"https:\/\/www.meydan.tv\/az\/#website","url":"https:\/\/www.meydan.tv\/az\/","name":"MEYDAN.TV","description":"Meydan TV Az\u0259rbaycan\u0131n media m\u0259kan\u0131ndak\u0131 alternativ s\u0259sidir","publisher":{"@id":"https:\/\/www.meydan.tv\/az\/#organization"},"potentialAction":[{"@type":"SearchAction","target":{"@type":"EntryPoint","urlTemplate":"https:\/\/www.meydan.tv\/az\/?s={search_term_string}"},"query-input":{"@type":"PropertyValueSpecification","valueRequired":true,"valueName":"search_term_string"}}],"inLanguage":"az"},{"@type":"Organization","@id":"https:\/\/www.meydan.tv\/az\/#organization","name":"Meydan TV","url":"https:\/\/www.meydan.tv\/az\/","logo":{"@type":"ImageObject","inLanguage":"az","@id":"https:\/\/www.meydan.tv\/az\/#\/schema\/logo\/image\/","url":"https:\/\/www.meydan.tv\/wp-content\/uploads\/2021\/07\/meydan-logo.svg","contentUrl":"https:\/\/www.meydan.tv\/wp-content\/uploads\/2021\/07\/meydan-logo.svg","width":195,"height":46,"caption":"Meydan TV"},"image":{"@id":"https:\/\/www.meydan.tv\/az\/#\/schema\/logo\/image\/"}},{"@type":"Person","@id":"https:\/\/www.meydan.tv\/az\/#\/schema\/person\/10d11eccf6da3662cf5fdab9806ea91a","name":"user-manager"}]}},"_links":{"self":[{"href":"https:\/\/www.meydan.tv\/az\/wp-json\/wp\/v2\/posts\/205835","targetHints":{"allow":["GET"]}}],"collection":[{"href":"https:\/\/www.meydan.tv\/az\/wp-json\/wp\/v2\/posts"}],"about":[{"href":"https:\/\/www.meydan.tv\/az\/wp-json\/wp\/v2\/types\/post"}],"author":[{"embeddable":true,"href":"https:\/\/www.meydan.tv\/az\/wp-json\/wp\/v2\/users\/11"}],"replies":[{"embeddable":true,"href":"https:\/\/www.meydan.tv\/az\/wp-json\/wp\/v2\/comments?post=205835"}],"version-history":[{"count":0,"href":"https:\/\/www.meydan.tv\/az\/wp-json\/wp\/v2\/posts\/205835\/revisions"}],"wp:featuredmedia":[{"embeddable":true,"href":"https:\/\/www.meydan.tv\/az\/wp-json\/wp\/v2\/media\/159540"}],"wp:attachment":[{"href":"https:\/\/www.meydan.tv\/az\/wp-json\/wp\/v2\/media?parent=205835"}],"wp:term":[{"taxonomy":"category","embeddable":true,"href":"https:\/\/www.meydan.tv\/az\/wp-json\/wp\/v2\/categories?post=205835"},{"taxonomy":"post_tag","embeddable":true,"href":"https:\/\/www.meydan.tv\/az\/wp-json\/wp\/v2\/tags?post=205835"}],"curies":[{"name":"wp","href":"https:\/\/api.w.org\/{rel}","templated":true}]}}