{"id":205831,"date":"2021-04-19T11:54:11","date_gmt":"2021-04-19T11:54:11","guid":{"rendered":"https:\/\/www.meydan.tv\/article\/socar-iscilerin-aile-uzvlerinin-de-peyvendlenmesini-teleb-edir\/"},"modified":"2021-04-19T11:54:11","modified_gmt":"2021-04-19T11:54:11","slug":"socar-iscilerin-aile-uzvlerinin-de-peyvendlenmesini-teleb-edir","status":"publish","type":"post","link":"https:\/\/www.meydan.tv\/az\/article\/socar-iscilerin-aile-uzvlerinin-de-peyvendlenmesini-teleb-edir\/","title":{"rendered":"\u201cSOCAR i\u015f\u00e7il\u0259rin ail\u0259 \u00fczvl\u0259rinin d\u0259 peyv\u0259ndl\u0259nm\u0259sini t\u0259l\u0259b edir\u201d"},"content":{"rendered":"<p>\n  <i><br \/>\n    Mirvari Q\u0259hr\u0259manl\u0131: \u201cNeft\u00e7il\u0259rin karantind\u0259 saxlan\u0131ld\u0131\u011f\u0131 otell\u0259r\u0259 v\u0259 i\u015f\u00e7il\u0259ri yem\u0259kl\u0259 t\u0259min ed\u0259n MMC-y\u0259 ayr\u0131lan v\u0259sait a\u00e7\u0131qlanmal\u0131d\u0131r\u201d<br \/>\n  <\/i>\n<\/p>\n<p>\n  D\u00f6vl\u0259t Neft \u015eirk\u0259tind\u0259 \u00e7al\u0131\u015fanlar COV\u0130D-19 infeksiyas\u0131na qar\u015f\u0131 m\u0259cburi peyv\u0259nd edilirl\u0259r. Bununla yana\u015f\u0131, \u0259m\u0259kda\u015flara ail\u0259 \u00fczvl\u0259rinin d\u0259 peyv\u0259ndl\u0259nm\u0259si v\u0259 \u00e7al\u0131\u015fd\u0131qlar\u0131 qurumlara bunu t\u0259sdiql\u0259y\u0259n s\u0259n\u0259din t\u0259qdim olunmas\u0131 tap\u015f\u0131r\u0131l\u0131b.\n<\/p>\n<p>\n  Bu bar\u0259d\u0259 Meydan TV-y\u0259 SOCAR-da \u00e7al\u0131\u015fan neft\u00e7il\u0259rd\u0259n birinin o\u011flu Az\u0259r H\u00fcseynov bildirib. Onun s\u00f6zl\u0259rin\u0259 g\u00f6r\u0259, atas\u0131 i\u015fd\u0259n \u00e7\u0131xar\u0131lma qorxusu il\u0259 onun v\u0259 anas\u0131n\u0131n da peyv\u0259nd olunmas\u0131n\u0131 ist\u0259yib. Anas\u0131 raz\u0131la\u015f\u0131b, Az\u0259r is\u0259 peyv\u0259nd olunmaq ist\u0259mir.\n<\/p>\n<p>\n  \u00abPeyv\u0259nd olunanlar\u0131n da infeksiyaya yoluxdu\u011funa dair m\u0259tbuatda m\u0259lumatlar verilir. Dig\u0259r t\u0259r\u0259fd\u0259n, Almaniyadan yeni peyv\u0259nd g\u0259tiril\u0259c\u0259k. \u0130nsanlara se\u00e7im haqq\u0131 verilm\u0259lidir, m\u0259n peyv\u0259ndin \u0259leyhin\u0259 deyil\u0259m, sad\u0259c\u0259, xarici m\u0259tbuat\u0131 da izl\u0259yir\u0259m v\u0259 se\u00e7im etm\u0259k niyy\u0259tind\u0259y\u0259m\u201d-Az\u0259r s\u00f6yl\u0259yib.\n<\/p>\n<p>\n  D\u0259nizd\u0259 \u00e7al\u0131\u015fan neft\u00e7il\u0259r is\u0259 bildiribl\u0259r ki, COV\u0130D-19 infeksiyas\u0131na yoluxanlar 6 aydan tez peyv\u0259nd edilmirl\u0259r. Buna g\u00f6r\u0259 d\u0259 onlar \u0259vv\u0259lki qaydada &#8211; oteld\u0259 karantind\u0259 qalmaqla v\u0259 i\u015f\u0259 \u00e7\u0131xmadan \u0259vv\u0259l test verm\u0259kl\u0259 i\u015fl\u0259rin\u0259 davam ed\u0259c\u0259kl\u0259r. \u201cGah deyirl\u0259r ki, vaksin vurduranlar da i\u015f\u0259 \u00e7\u0131xark\u0259n test verm\u0259lidirl\u0259r, \u00e7\u00fcnki yoluxma ehtimal\u0131 qal\u0131r, gah da \u0259ksini s\u00f6yl\u0259yirl\u0259r. \u0130st\u0259nil\u0259n halda karantind\u0259 qalmaqdansa, peyv\u0259nd olunmaq yax\u015f\u0131d\u0131r. Amma ail\u0259 \u00fczvl\u0259rimizin d\u0259 m\u0259cburi peyv\u0259nd edilm\u0259si do\u011fru q\u0259rar deyil\u201d,-\u015firk\u0259tin ad\u0131n\u0131n a\u00e7\u0131qlanmas\u0131n\u0131 ist\u0259m\u0259y\u0259n \u0259m\u0259kda\u015f\u0131 deyib.\n<\/p>\n<p>\n  Ad\u0131n\u0131n a\u00e7\u0131qlanmas\u0131n\u0131 ist\u0259m\u0259y\u0259n bir qrup neft\u00e7i bildirib ki, i\u015f\u0259 getm\u0259k \u00fc\u00e7\u00fcn ayr\u0131lan g\u0259mil\u0259rd\u0259 yoluxma t\u0259hl\u00fck\u0259si daha \u00e7oxdur. \u00c7\u00fcnki sosial m\u0259saf\u0259 qorunmur, b\u0259z\u0259n oteld\u0259 karantind\u0259 qalmayanlar da onlarla b\u0259rab\u0259r gedirl\u0259r.\n<\/p>\n<p>\n  Neft\u00e7il\u0259rin H\u00fcquqlar\u0131n\u0131 M\u00fcdafi\u0259 T\u0259\u015fkilat\u0131n\u0131n s\u0259dri Mirvari Q\u0259hr\u0259manl\u0131 Meydan TV-y\u0259 deyib ki, SOCAR-da \u00e7al\u0131\u015fanlar\u0131n ail\u0259 \u00fczvl\u0259rinin d\u0259 peyv\u0259nd edilm\u0259si il\u0259 ba\u011fl\u0131 tap\u015f\u0131r\u0131q verildiyin\u0259 dair onda da m\u0259lumat var:\n<\/p>\n<figure class=\"wp-block-image size-large\">\n  <img decoding=\"async\" src=\"https:\/\/www.meydan.tv\/az\/mirvari-gahramanly\/\" alt=\"\u041c\u0438\u0440\u0432\u0430\u0440\u0438 \u0413\u0430\u0445\u0440\u0430\u043c\u0430\u043d\u043b\u044b\" class=\"wp-image-46907\"\/><figcaption>\n    Mirvari Q\u0259hr\u0259manl\u0131<br \/>\n  <\/figcaption><\/figure>\n<p>\n  \u201cBu, haql\u0131 olaraq naraz\u0131l\u0131qla qar\u015f\u0131lan\u0131b. Ail\u0259 \u00fczvl\u0259rinin vaksin edilm\u0259si \u00fc\u00e7\u00fcn i\u015f\u00e7iy\u0259 t\u0259zyiq etm\u0259k yolverim\u0259zdir\u201d.\n<\/p>\n<p>\n  Q\u0259hr\u0259manl\u0131 d\u0259nizd\u0259 \u00e7al\u0131\u015fan i\u015f\u00e7il\u0259rin da\u015f\u0131nmas\u0131 il\u0259 ba\u011fl\u0131 problemin oldu\u011funu da deyib: \u201cH\u0259m 2 d\u0259f\u0259 peyv\u0259nd olunan, h\u0259m d\u0259 otell\u0259rd\u0259 karantind\u0259 qalan neft\u00e7il\u0259r Neft Da\u015flar\u0131na getm\u0259k \u00fc\u00e7\u00fcn D\u0259niz Liman\u0131ndan 3 g\u0259mi il\u0259 getm\u0259lidirl\u0259r. \u201c\u00dcf\u00fcq\u201d v\u0259 \u201cTuran\u201d g\u0259mil\u0259ri t\u0259z\u0259 oldu\u011fu \u00fc\u00e7\u00fcn 4-5 saata, \u201cMPK\u201d g\u0259misi is\u0259 6-8 saata \u00e7at\u0131r. Limana gedib i\u015f\u00e7il\u0259rin yola d\u00fc\u015fm\u0259l\u0259rini g\u00f6rm\u0259k laz\u0131md\u0131r. O zaman g\u00f6r\u0259rsiz g\u0259miy\u0259 minm\u0259k \u00fc\u00e7\u00fcn nec\u0259 basabas yaran\u0131r\u201d.\n<\/p>\n<p>\n  H\u00fcquq m\u00fcdafi\u0259\u00e7isi g\u0259mil\u0259rd\u0259 sosial m\u0259saf\u0259nin qorunmad\u0131\u011f\u0131 halda d\u0259niz obyektl\u0259rind\u0259 \u00e7al\u0131\u015fan neft\u00e7il\u0259rin normal i\u015f qrafikin\u0259 ke\u00e7irilm\u0259m\u0259si s\u0259b\u0259bl\u0259rinin ara\u015fd\u0131r\u0131lmas\u0131n\u0131 da vacib say\u0131r: \u201cNeft\u00e7il\u0259rin karantind\u0259 saxlan\u0131ld\u0131\u011f\u0131 otell\u0259r\u0259 v\u0259 h\u0259min otell\u0259rd\u0259 i\u015f\u00e7il\u0259ri yem\u0259kl\u0259 t\u0259min ed\u0259n MMC-y\u0259 ayr\u0131lan v\u0259sait a\u00e7\u0131qlanmal\u0131d\u0131r. Bu otell\u0259rin v\u0259 MMC-nin faktiki sahibi kimdir? 3 saata testin n\u0259tic\u0259si bilindiyi halda i\u015f\u00e7il\u0259r niy\u0259 h\u0259min otell\u0259rd\u0259 bir h\u0259ft\u0259 saxlan\u0131l\u0131r?\u201d\n<\/p>\n<figure class=\"wp-block-image size-large\">\n  <img decoding=\"async\" src=\"https:\/\/www.meydan.tv\/az\/untitled_design__1_-png-5\/\" alt=\"untitled_design__1_.png\" class=\"wp-image-159522\"\/><figcaption>\n    Email\u0259 g\u0259l\u0259n m\u0259ktub<br \/>\n  <\/figcaption><\/figure>\n<p>\n  Q\u0259hr\u0259manl\u0131n\u0131n verdiyi m\u0259lumata g\u00f6r\u0259, pandemiyan\u0131n ba\u015fland\u0131\u011f\u0131 d\u00f6vrd\u0259n indiy\u0259d\u0259k 400-600 neft\u00e7i \u201cCaspian Bisiness Hotel\u201dd\u0259, 400 neft\u00e7i \u201cRich Hotel\u201dd\u0259, 100 neft\u00e7i \u201cSah Hotel\u201dd\u0259, 400 neft\u00e7i \u201cRamada Hotel\u201dd\u0259, 100 n\u0259f\u0259r \u201cEmiland Hotel\u201dd\u0259 karantind\u0259 qal\u0131rlar. Neft\u00e7il\u0259r \u0259vv\u0259ll\u0259r Atletl\u0259r K\u0259ndind\u0259 karantind\u0259 saxlan\u0131lsalar da, i\u015f\u00e7il\u0259rd\u0259n birinin intihar\u0131ndan sonra orada karantin\u0259 yerl\u0259\u015fdirilmirl\u0259r.\n<\/p>\n<p>\n  Q\u0259hr\u0259manl\u0131 bildirib ki, SOCAR 1600 yax\u0131n i\u015f\u00e7i \u00fc\u00e7\u00fcn h\u0259r d\u0259f\u0259 bu otell\u0259r\u0259 v\u0259 otell\u0259rd\u0259 i\u015f\u00e7ini yem\u0259kl\u0259 t\u0259min ed\u0259n MMC-y\u0259 320 min manat \u00f6d\u0259yir. \u0130\u015f\u00e7il\u0259r 40-42 g\u00fcn karantind\u0259 saxlan\u0131l\u0131r:\n<\/p>\n<p>\n  \u201cBu m\u0259bl\u0259\u011fi bir il\u0259 vuranda ortaya k\u00fclli miqdarda v\u0259sait \u00e7\u0131x\u0131r\u201d.\n<\/p>\n<p>\n  SOCAR s\u00f6z\u00e7\u00fcs\u00fc \u0130brahim \u018fhm\u0259dov is\u0259 yerli m\u0259tbuata a\u00e7\u0131qlamas\u0131nda deyib ki, peyv\u0259ndin h\u0259r iki dozas\u0131 vurulduqdan sonra i\u015f\u00e7i normal i\u015f qrafikin\u0259 ke\u00e7\u0259c\u0259k. Lakin \u018fhm\u0259dov i\u015f\u00e7il\u0259rin ail\u0259 \u00fczvl\u0259rinin d\u0259 peyv\u0259nd vurdurmalar\u0131n\u0131n t\u0259l\u0259b edilm\u0259siil\u0259 ba\u011fl\u0131 dan\u0131\u015fmay\u0131b.\n<\/p>\n<p>\n  Meydan TV-nin ad\u0131\u00e7\u0259kil\u0259n otell\u0259r\u0259 \u00fcnvanlad\u0131\u011f\u0131 sor\u011fu cavabland\u0131r\u0131lmay\u0131b. Yaln\u0131z \u201cRamada Hotel\u201d neft\u00e7il\u0259rin orada karantind\u0259 qald\u0131\u011f\u0131n\u0131 t\u0259sdiql\u0259s\u0259 d\u0259, say v\u0259 g\u00fcnd\u0259lik x\u0259rcl\u0259r bar\u0259d\u0259 m\u0259lumat verm\u0259yib.<\/p>\n","protected":false},"excerpt":{"rendered":"<p>\u201cBu m\u0259bl\u0259\u011fi bir il\u0259 vuranda ortaya k\u00fclli miqdarda v\u0259sait \u00e7\u0131x\u0131r\u201d.<\/p>\n","protected":false},"author":11,"featured_media":139113,"comment_status":"closed","ping_status":"open","sticky":false,"template":"","format":"standard","meta":{"_acf_changed":false,"_sitemap_exclude":false,"_sitemap_priority":"","_sitemap_frequency":"","footnotes":""},"categories":[62],"tags":[],"class_list":["post-205831","post","type-post","status-publish","format-standard","has-post-thumbnail","hentry","category-sosial","infinite-scroll-item","generate-columns","tablet-grid-50","mobile-grid-100","grid-parent","grid-33","no-featured-image-padding"],"acf":[],"yoast_head":"<!-- This site is optimized with the Yoast SEO plugin v27.5 - https:\/\/yoast.com\/product\/yoast-seo-wordpress\/ -->\n<title>\u201cSOCAR i\u015f\u00e7il\u0259rin ail\u0259 \u00fczvl\u0259rinin d\u0259 peyv\u0259ndl\u0259nm\u0259sini t\u0259l\u0259b edir\u201d - MEYDAN.TV<\/title>\n<meta name=\"robots\" content=\"index, follow, max-snippet:-1, max-image-preview:large, max-video-preview:-1\" \/>\n<link rel=\"canonical\" href=\"https:\/\/www.meydan.tv\/az\/article\/socar-iscilerin-aile-uzvlerinin-de-peyvendlenmesini-teleb-edir\/\" \/>\n<meta property=\"og:locale\" content=\"az_AZ\" \/>\n<meta property=\"og:type\" content=\"article\" \/>\n<meta property=\"og:title\" content=\"\u201cSOCAR i\u015f\u00e7il\u0259rin ail\u0259 \u00fczvl\u0259rinin d\u0259 peyv\u0259ndl\u0259nm\u0259sini t\u0259l\u0259b edir\u201d - MEYDAN.TV\" \/>\n<meta property=\"og:description\" content=\"\u201cBu m\u0259bl\u0259\u011fi bir il\u0259 vuranda ortaya k\u00fclli miqdarda v\u0259sait \u00e7\u0131x\u0131r\u201d.\" \/>\n<meta property=\"og:url\" content=\"https:\/\/www.meydan.tv\/az\/article\/socar-iscilerin-aile-uzvlerinin-de-peyvendlenmesini-teleb-edir\/\" \/>\n<meta property=\"og:site_name\" content=\"MEYDAN.TV\" \/>\n<meta property=\"article:published_time\" content=\"2021-04-19T11:54:11+00:00\" \/>\n<meta property=\"og:image\" content=\"https:\/\/www.meydan.tv\/wp-content\/uploads\/socar_thicgiw.jpg\" \/>\n\t<meta property=\"og:image:width\" content=\"1000\" \/>\n\t<meta property=\"og:image:height\" content=\"627\" \/>\n\t<meta property=\"og:image:type\" content=\"image\/jpeg\" \/>\n<meta name=\"author\" content=\"user-manager\" \/>\n<meta name=\"twitter:card\" content=\"summary_large_image\" \/>\n<script type=\"application\/ld+json\" class=\"yoast-schema-graph\">{\"@context\":\"https:\\\/\\\/schema.org\",\"@graph\":[{\"@type\":\"Article\",\"@id\":\"https:\\\/\\\/www.meydan.tv\\\/az\\\/article\\\/socar-iscilerin-aile-uzvlerinin-de-peyvendlenmesini-teleb-edir\\\/#article\",\"isPartOf\":{\"@id\":\"https:\\\/\\\/www.meydan.tv\\\/az\\\/article\\\/socar-iscilerin-aile-uzvlerinin-de-peyvendlenmesini-teleb-edir\\\/\"},\"author\":{\"name\":\"user-manager\",\"@id\":\"https:\\\/\\\/www.meydan.tv\\\/az\\\/#\\\/schema\\\/person\\\/10d11eccf6da3662cf5fdab9806ea91a\"},\"headline\":\"\u201cSOCAR i\u015f\u00e7il\u0259rin ail\u0259 \u00fczvl\u0259rinin d\u0259 peyv\u0259ndl\u0259nm\u0259sini t\u0259l\u0259b edir\u201d\",\"datePublished\":\"2021-04-19T11:54:11+00:00\",\"mainEntityOfPage\":{\"@id\":\"https:\\\/\\\/www.meydan.tv\\\/az\\\/article\\\/socar-iscilerin-aile-uzvlerinin-de-peyvendlenmesini-teleb-edir\\\/\"},\"wordCount\":917,\"publisher\":{\"@id\":\"https:\\\/\\\/www.meydan.tv\\\/az\\\/#organization\"},\"image\":{\"@id\":\"https:\\\/\\\/www.meydan.tv\\\/az\\\/article\\\/socar-iscilerin-aile-uzvlerinin-de-peyvendlenmesini-teleb-edir\\\/#primaryimage\"},\"thumbnailUrl\":\"https:\\\/\\\/www.meydan.tv\\\/wp-content\\\/uploads\\\/socar_thicgiw.jpg\",\"articleSection\":[\"Sosial\"],\"inLanguage\":\"az\"},{\"@type\":\"WebPage\",\"@id\":\"https:\\\/\\\/www.meydan.tv\\\/az\\\/article\\\/socar-iscilerin-aile-uzvlerinin-de-peyvendlenmesini-teleb-edir\\\/\",\"url\":\"https:\\\/\\\/www.meydan.tv\\\/az\\\/article\\\/socar-iscilerin-aile-uzvlerinin-de-peyvendlenmesini-teleb-edir\\\/\",\"name\":\"\u201cSOCAR i\u015f\u00e7il\u0259rin ail\u0259 \u00fczvl\u0259rinin d\u0259 peyv\u0259ndl\u0259nm\u0259sini t\u0259l\u0259b edir\u201d - MEYDAN.TV\",\"isPartOf\":{\"@id\":\"https:\\\/\\\/www.meydan.tv\\\/az\\\/#website\"},\"primaryImageOfPage\":{\"@id\":\"https:\\\/\\\/www.meydan.tv\\\/az\\\/article\\\/socar-iscilerin-aile-uzvlerinin-de-peyvendlenmesini-teleb-edir\\\/#primaryimage\"},\"image\":{\"@id\":\"https:\\\/\\\/www.meydan.tv\\\/az\\\/article\\\/socar-iscilerin-aile-uzvlerinin-de-peyvendlenmesini-teleb-edir\\\/#primaryimage\"},\"thumbnailUrl\":\"https:\\\/\\\/www.meydan.tv\\\/wp-content\\\/uploads\\\/socar_thicgiw.jpg\",\"datePublished\":\"2021-04-19T11:54:11+00:00\",\"breadcrumb\":{\"@id\":\"https:\\\/\\\/www.meydan.tv\\\/az\\\/article\\\/socar-iscilerin-aile-uzvlerinin-de-peyvendlenmesini-teleb-edir\\\/#breadcrumb\"},\"inLanguage\":\"az\",\"potentialAction\":[{\"@type\":\"ReadAction\",\"target\":[\"https:\\\/\\\/www.meydan.tv\\\/az\\\/article\\\/socar-iscilerin-aile-uzvlerinin-de-peyvendlenmesini-teleb-edir\\\/\"]}]},{\"@type\":\"ImageObject\",\"inLanguage\":\"az\",\"@id\":\"https:\\\/\\\/www.meydan.tv\\\/az\\\/article\\\/socar-iscilerin-aile-uzvlerinin-de-peyvendlenmesini-teleb-edir\\\/#primaryimage\",\"url\":\"https:\\\/\\\/www.meydan.tv\\\/wp-content\\\/uploads\\\/socar_thicgiw.jpg\",\"contentUrl\":\"https:\\\/\\\/www.meydan.tv\\\/wp-content\\\/uploads\\\/socar_thicgiw.jpg\",\"width\":1000,\"height\":627,\"caption\":\"Foto: SOCAR\"},{\"@type\":\"BreadcrumbList\",\"@id\":\"https:\\\/\\\/www.meydan.tv\\\/az\\\/article\\\/socar-iscilerin-aile-uzvlerinin-de-peyvendlenmesini-teleb-edir\\\/#breadcrumb\",\"itemListElement\":[{\"@type\":\"ListItem\",\"position\":1,\"name\":\"Ana s\u0259hif\u0259\",\"item\":\"https:\\\/\\\/www.meydan.tv\\\/az\\\/\"},{\"@type\":\"ListItem\",\"position\":2,\"name\":\"Sosial\",\"item\":\"https:\\\/\\\/www.meydan.tv\\\/az\\\/section\\\/sosial\\\/\"},{\"@type\":\"ListItem\",\"position\":3,\"name\":\"\u201cSOCAR i\u015f\u00e7il\u0259rin ail\u0259 \u00fczvl\u0259rinin d\u0259 peyv\u0259ndl\u0259nm\u0259sini t\u0259l\u0259b edir\u201d\"}]},{\"@type\":\"WebSite\",\"@id\":\"https:\\\/\\\/www.meydan.tv\\\/az\\\/#website\",\"url\":\"https:\\\/\\\/www.meydan.tv\\\/az\\\/\",\"name\":\"MEYDAN.TV\",\"description\":\"Meydan TV Az\u0259rbaycan\u0131n media m\u0259kan\u0131ndak\u0131 alternativ s\u0259sidir\",\"publisher\":{\"@id\":\"https:\\\/\\\/www.meydan.tv\\\/az\\\/#organization\"},\"potentialAction\":[{\"@type\":\"SearchAction\",\"target\":{\"@type\":\"EntryPoint\",\"urlTemplate\":\"https:\\\/\\\/www.meydan.tv\\\/az\\\/?s={search_term_string}\"},\"query-input\":{\"@type\":\"PropertyValueSpecification\",\"valueRequired\":true,\"valueName\":\"search_term_string\"}}],\"inLanguage\":\"az\"},{\"@type\":\"Organization\",\"@id\":\"https:\\\/\\\/www.meydan.tv\\\/az\\\/#organization\",\"name\":\"Meydan TV\",\"url\":\"https:\\\/\\\/www.meydan.tv\\\/az\\\/\",\"logo\":{\"@type\":\"ImageObject\",\"inLanguage\":\"az\",\"@id\":\"https:\\\/\\\/www.meydan.tv\\\/az\\\/#\\\/schema\\\/logo\\\/image\\\/\",\"url\":\"https:\\\/\\\/www.meydan.tv\\\/wp-content\\\/uploads\\\/2021\\\/07\\\/meydan-logo.svg\",\"contentUrl\":\"https:\\\/\\\/www.meydan.tv\\\/wp-content\\\/uploads\\\/2021\\\/07\\\/meydan-logo.svg\",\"width\":195,\"height\":46,\"caption\":\"Meydan TV\"},\"image\":{\"@id\":\"https:\\\/\\\/www.meydan.tv\\\/az\\\/#\\\/schema\\\/logo\\\/image\\\/\"}},{\"@type\":\"Person\",\"@id\":\"https:\\\/\\\/www.meydan.tv\\\/az\\\/#\\\/schema\\\/person\\\/10d11eccf6da3662cf5fdab9806ea91a\",\"name\":\"user-manager\"}]}<\/script>\n<!-- \/ Yoast SEO plugin. -->","yoast_head_json":{"title":"\u201cSOCAR i\u015f\u00e7il\u0259rin ail\u0259 \u00fczvl\u0259rinin d\u0259 peyv\u0259ndl\u0259nm\u0259sini t\u0259l\u0259b edir\u201d - MEYDAN.TV","robots":{"index":"index","follow":"follow","max-snippet":"max-snippet:-1","max-image-preview":"max-image-preview:large","max-video-preview":"max-video-preview:-1"},"canonical":"https:\/\/www.meydan.tv\/az\/article\/socar-iscilerin-aile-uzvlerinin-de-peyvendlenmesini-teleb-edir\/","og_locale":"az_AZ","og_type":"article","og_title":"\u201cSOCAR i\u015f\u00e7il\u0259rin ail\u0259 \u00fczvl\u0259rinin d\u0259 peyv\u0259ndl\u0259nm\u0259sini t\u0259l\u0259b edir\u201d - MEYDAN.TV","og_description":"\u201cBu m\u0259bl\u0259\u011fi bir il\u0259 vuranda ortaya k\u00fclli miqdarda v\u0259sait \u00e7\u0131x\u0131r\u201d.","og_url":"https:\/\/www.meydan.tv\/az\/article\/socar-iscilerin-aile-uzvlerinin-de-peyvendlenmesini-teleb-edir\/","og_site_name":"MEYDAN.TV","article_published_time":"2021-04-19T11:54:11+00:00","og_image":[{"width":1000,"height":627,"url":"https:\/\/www.meydan.tv\/wp-content\/uploads\/socar_thicgiw.jpg","type":"image\/jpeg"}],"author":"user-manager","twitter_card":"summary_large_image","schema":{"@context":"https:\/\/schema.org","@graph":[{"@type":"Article","@id":"https:\/\/www.meydan.tv\/az\/article\/socar-iscilerin-aile-uzvlerinin-de-peyvendlenmesini-teleb-edir\/#article","isPartOf":{"@id":"https:\/\/www.meydan.tv\/az\/article\/socar-iscilerin-aile-uzvlerinin-de-peyvendlenmesini-teleb-edir\/"},"author":{"name":"user-manager","@id":"https:\/\/www.meydan.tv\/az\/#\/schema\/person\/10d11eccf6da3662cf5fdab9806ea91a"},"headline":"\u201cSOCAR i\u015f\u00e7il\u0259rin ail\u0259 \u00fczvl\u0259rinin d\u0259 peyv\u0259ndl\u0259nm\u0259sini t\u0259l\u0259b edir\u201d","datePublished":"2021-04-19T11:54:11+00:00","mainEntityOfPage":{"@id":"https:\/\/www.meydan.tv\/az\/article\/socar-iscilerin-aile-uzvlerinin-de-peyvendlenmesini-teleb-edir\/"},"wordCount":917,"publisher":{"@id":"https:\/\/www.meydan.tv\/az\/#organization"},"image":{"@id":"https:\/\/www.meydan.tv\/az\/article\/socar-iscilerin-aile-uzvlerinin-de-peyvendlenmesini-teleb-edir\/#primaryimage"},"thumbnailUrl":"https:\/\/www.meydan.tv\/wp-content\/uploads\/socar_thicgiw.jpg","articleSection":["Sosial"],"inLanguage":"az"},{"@type":"WebPage","@id":"https:\/\/www.meydan.tv\/az\/article\/socar-iscilerin-aile-uzvlerinin-de-peyvendlenmesini-teleb-edir\/","url":"https:\/\/www.meydan.tv\/az\/article\/socar-iscilerin-aile-uzvlerinin-de-peyvendlenmesini-teleb-edir\/","name":"\u201cSOCAR i\u015f\u00e7il\u0259rin ail\u0259 \u00fczvl\u0259rinin d\u0259 peyv\u0259ndl\u0259nm\u0259sini t\u0259l\u0259b edir\u201d - MEYDAN.TV","isPartOf":{"@id":"https:\/\/www.meydan.tv\/az\/#website"},"primaryImageOfPage":{"@id":"https:\/\/www.meydan.tv\/az\/article\/socar-iscilerin-aile-uzvlerinin-de-peyvendlenmesini-teleb-edir\/#primaryimage"},"image":{"@id":"https:\/\/www.meydan.tv\/az\/article\/socar-iscilerin-aile-uzvlerinin-de-peyvendlenmesini-teleb-edir\/#primaryimage"},"thumbnailUrl":"https:\/\/www.meydan.tv\/wp-content\/uploads\/socar_thicgiw.jpg","datePublished":"2021-04-19T11:54:11+00:00","breadcrumb":{"@id":"https:\/\/www.meydan.tv\/az\/article\/socar-iscilerin-aile-uzvlerinin-de-peyvendlenmesini-teleb-edir\/#breadcrumb"},"inLanguage":"az","potentialAction":[{"@type":"ReadAction","target":["https:\/\/www.meydan.tv\/az\/article\/socar-iscilerin-aile-uzvlerinin-de-peyvendlenmesini-teleb-edir\/"]}]},{"@type":"ImageObject","inLanguage":"az","@id":"https:\/\/www.meydan.tv\/az\/article\/socar-iscilerin-aile-uzvlerinin-de-peyvendlenmesini-teleb-edir\/#primaryimage","url":"https:\/\/www.meydan.tv\/wp-content\/uploads\/socar_thicgiw.jpg","contentUrl":"https:\/\/www.meydan.tv\/wp-content\/uploads\/socar_thicgiw.jpg","width":1000,"height":627,"caption":"Foto: SOCAR"},{"@type":"BreadcrumbList","@id":"https:\/\/www.meydan.tv\/az\/article\/socar-iscilerin-aile-uzvlerinin-de-peyvendlenmesini-teleb-edir\/#breadcrumb","itemListElement":[{"@type":"ListItem","position":1,"name":"Ana s\u0259hif\u0259","item":"https:\/\/www.meydan.tv\/az\/"},{"@type":"ListItem","position":2,"name":"Sosial","item":"https:\/\/www.meydan.tv\/az\/section\/sosial\/"},{"@type":"ListItem","position":3,"name":"\u201cSOCAR i\u015f\u00e7il\u0259rin ail\u0259 \u00fczvl\u0259rinin d\u0259 peyv\u0259ndl\u0259nm\u0259sini t\u0259l\u0259b edir\u201d"}]},{"@type":"WebSite","@id":"https:\/\/www.meydan.tv\/az\/#website","url":"https:\/\/www.meydan.tv\/az\/","name":"MEYDAN.TV","description":"Meydan TV Az\u0259rbaycan\u0131n media m\u0259kan\u0131ndak\u0131 alternativ s\u0259sidir","publisher":{"@id":"https:\/\/www.meydan.tv\/az\/#organization"},"potentialAction":[{"@type":"SearchAction","target":{"@type":"EntryPoint","urlTemplate":"https:\/\/www.meydan.tv\/az\/?s={search_term_string}"},"query-input":{"@type":"PropertyValueSpecification","valueRequired":true,"valueName":"search_term_string"}}],"inLanguage":"az"},{"@type":"Organization","@id":"https:\/\/www.meydan.tv\/az\/#organization","name":"Meydan TV","url":"https:\/\/www.meydan.tv\/az\/","logo":{"@type":"ImageObject","inLanguage":"az","@id":"https:\/\/www.meydan.tv\/az\/#\/schema\/logo\/image\/","url":"https:\/\/www.meydan.tv\/wp-content\/uploads\/2021\/07\/meydan-logo.svg","contentUrl":"https:\/\/www.meydan.tv\/wp-content\/uploads\/2021\/07\/meydan-logo.svg","width":195,"height":46,"caption":"Meydan TV"},"image":{"@id":"https:\/\/www.meydan.tv\/az\/#\/schema\/logo\/image\/"}},{"@type":"Person","@id":"https:\/\/www.meydan.tv\/az\/#\/schema\/person\/10d11eccf6da3662cf5fdab9806ea91a","name":"user-manager"}]}},"_links":{"self":[{"href":"https:\/\/www.meydan.tv\/az\/wp-json\/wp\/v2\/posts\/205831","targetHints":{"allow":["GET"]}}],"collection":[{"href":"https:\/\/www.meydan.tv\/az\/wp-json\/wp\/v2\/posts"}],"about":[{"href":"https:\/\/www.meydan.tv\/az\/wp-json\/wp\/v2\/types\/post"}],"author":[{"embeddable":true,"href":"https:\/\/www.meydan.tv\/az\/wp-json\/wp\/v2\/users\/11"}],"replies":[{"embeddable":true,"href":"https:\/\/www.meydan.tv\/az\/wp-json\/wp\/v2\/comments?post=205831"}],"version-history":[{"count":0,"href":"https:\/\/www.meydan.tv\/az\/wp-json\/wp\/v2\/posts\/205831\/revisions"}],"wp:featuredmedia":[{"embeddable":true,"href":"https:\/\/www.meydan.tv\/az\/wp-json\/wp\/v2\/media\/139113"}],"wp:attachment":[{"href":"https:\/\/www.meydan.tv\/az\/wp-json\/wp\/v2\/media?parent=205831"}],"wp:term":[{"taxonomy":"category","embeddable":true,"href":"https:\/\/www.meydan.tv\/az\/wp-json\/wp\/v2\/categories?post=205831"},{"taxonomy":"post_tag","embeddable":true,"href":"https:\/\/www.meydan.tv\/az\/wp-json\/wp\/v2\/tags?post=205831"}],"curies":[{"name":"wp","href":"https:\/\/api.w.org\/{rel}","templated":true}]}}