{"id":205813,"date":"2021-04-17T16:50:41","date_gmt":"2021-04-17T16:50:41","guid":{"rendered":"https:\/\/www.meydan.tv\/article\/kecmis-komite-sedrinin-qardasi-hebs-olunub\/"},"modified":"2021-04-17T16:50:41","modified_gmt":"2021-04-17T16:50:41","slug":"kecmis-komite-sedrinin-qardasi-hebs-olunub","status":"publish","type":"post","link":"https:\/\/www.meydan.tv\/az\/article\/kecmis-komite-sedrinin-qardasi-hebs-olunub\/","title":{"rendered":"Ke\u00e7mi\u015f komit\u0259 s\u0259drinin qarda\u015f\u0131 h\u0259bs olunub"},"content":{"rendered":"<p>\n  <i><br \/>\n    \u0130\u015f adam\u0131 d\u0259l\u0259duzluqda v\u0259 saxtakarl\u0131qda t\u0259qsirli bilinir<br \/>\n  <\/i>\n<\/p>\n<p>\n  Diasporla \u0130\u015f \u00fczr\u0259 D\u00f6vl\u0259t Komit\u0259sinin sabiq r\u0259hb\u0259ri Nazim \u0130brahimovun, \u201cAzad Az\u0259rbaycan\u201d telekanal\u0131n\u0131n ke\u00e7mi\u015f prezidenti Ta\u011f\u0131 \u0130brahimovun qarda\u015f\u0131 olan i\u015f adam\u0131 Sahib \u0130brahimov yenid\u0259n h\u0259bs edilib. H\u00fcnd\u00fcrm\u0259rt\u0259b\u0259li binalar in\u015fa ed\u0259n \u201cSTS\u201d v\u0259 \u201cSahil-D Kompani\u201d \u015firk\u0259tl\u0259rinin t\u0259sis\u00e7isi Sahib \u0130brahimov Cinay\u0259t M\u0259c\u0259ll\u0259sinin 178.3.2 (k\u00fclli miqdarda ziyan vurmaqla d\u0259l\u0259duzluq), 308.2 (a\u011f\u0131r n\u0259tic\u0259l\u0259r\u0259 s\u0259b\u0259b olmaqla v\u0259zif\u0259 s\u0259lahiyy\u0259tl\u0259rind\u0259n sui-istifad\u0259 etm\u0259) v\u0259 313-c\u00fc (v\u0259zif\u0259 saxtakarl\u0131\u011f\u0131) madd\u0259l\u0259ri il\u0259 ittiham olunur.\n<\/p>\n<p>\n  Sahib \u0130brahimov 2018-ci ilin avqustunda h\u0259bs olunsa da, t\u0259xmin\u0259n ayyar\u0131m sonra ev dustaql\u0131\u011f\u0131na burax\u0131lm\u0131\u015fd\u0131. O, in\u015fa etdirdiyi binalarda eyni m\u0259nzill\u0259rin bir ne\u00e7\u0259 n\u0259f\u0259r\u0259 sat\u0131lmas\u0131na g\u00f6r\u0259 d\u0259l\u0259duzluq, N\u0259rimanov rayonu, H\u0259s\u0259n \u018fliyev 50 \u00fcnvan\u0131nda, lisenziya almadan iki bloklu ya\u015fay\u0131\u015f binas\u0131 tikib satma\u011fa g\u00f6r\u0259 qanunsuz sahibkarl\u0131q v\u0259 vergid\u0259n yay\u0131nma kimi \u0259m\u0259ll\u0259rd\u0259 t\u0259qsirl\u0259ndirilirdi. \u00d6t\u0259n ilin iyununda Bak\u0131 A\u011f\u0131r Cinay\u0259tl\u0259r M\u0259hk\u0259m\u0259sind\u0259 ona 3 il 11 ay \u015f\u0259rti c\u0259za verilmi\u015fdi.\n<\/p>\n<p>\n  Ba\u015f Prokurorlu\u011fun m\u0259tbuat xidm\u0259tind\u0259n Meydan TV-y\u0259 veril\u0259n m\u0259lumatda bildirilir ki, X\u0259tai Rayon M\u0259hk\u0259m\u0259sind\u0259 apar\u0131lm\u0131\u015f ara\u015fd\u0131rmalar zaman\u0131 Sahib \u0130brahimovla ba\u011fl\u0131 yeni hallar \u00fcz\u0259 \u00e7\u0131x\u0131b. Bu hallarla ba\u011fl\u0131 \u0259trafl\u0131 ara\u015fd\u0131rma \u00fc\u00e7\u00fcn m\u0259hk\u0259m\u0259 q\u0259rardad \u00e7\u0131xararaq, prokurorlu\u011fa g\u00f6nd\u0259rib. Bunun \u0259sas\u0131nda da 2021-ci ilin yanvar ay\u0131ndan ba\u015flayaraq Korrupsiyaya qar\u015f\u0131 M\u00fcbariz\u0259 \u0130dar\u0259sind\u0259 cinay\u0259t i\u015fi ba\u015flan\u0131b.\n<\/p>\n<p>\n  Cinay\u0259t i\u015finin materiallar\u0131nda iddia olunur ki, Sahib \u0130brahimov tikintisi ged\u0259n binalarda qeyri-ya\u015fay\u0131\u015f sah\u0259l\u0259rini satmaq bar\u0259d\u0259 yalan v\u0259dl\u0259r verib, saxta s\u0259n\u0259dl\u0259r t\u0259rtib etm\u0259kl\u0259, al\u0131c\u0131dan \u00fcmumilikd\u0259 1 milyon 735 min manat pul al\u0131b.\n<\/p>\n<p>\n  Bundan \u0259lav\u0259, Sahib \u0130brahimov bankdan g\u00f6t\u00fcrd\u00fcy\u00fc 300 min manat krediti qaytarmamaqda t\u0259qsirl\u0259ndirilir.\n<\/p>\n<p>\n  \u201cSahib \u0130brahimov istintaq orqan\u0131n\u0131n \u00e7a\u011f\u0131r\u0131\u015flar\u0131na g\u0259lm\u0259diyind\u0259n v\u0259 m\u00fcxt\u0259lif \u00fcsullarla ibtidai istintaq\u0131n normal gedi\u015fin\u0259 mane oldu\u011fundan m\u0259hk\u0259m\u0259nin q\u0259rar\u0131 il\u0259 bar\u0259sind\u0259 h\u0259bs q\u0259timkan t\u0259dbiri se\u00e7ilib\u201d, &#8211; prokurorluqdan bildirilib.\n<\/p>\n<p>\n  Sahib \u0130brahimovun ittiham olundu\u011fu m\u00fcdd\u0259l\u0259rd\u0259 10 il\u0259 q\u0259d\u0259r azadl\u0131qdan m\u0259hrumetm\u0259 c\u0259zas\u0131 n\u0259z\u0259rd\u0259 tutulub.\n<\/p>\n<p>\n  Sahib \u0130brahimova \u015f\u0259rti c\u0259za veril\u0259nd\u0259 z\u0259r\u0259r\u00e7\u0259kmi\u015fl\u0259rin b\u0259zil\u0259ri naraz\u0131 qalaraq, \u015fikay\u0259t vermi\u015fdi. Onlar d\u0259ymi\u015f ziyan\u0131n \u00f6d\u0259nilm\u0259diyini \u0259sas g\u0259tir\u0259r\u0259k, onun h\u0259bsini t\u0259l\u0259b edirdil\u0259r.<\/p>\n","protected":false},"excerpt":{"rendered":"<p>Sahib \u0130brahimovun ittiham olundu\u011fu m\u00fcdd\u0259l\u0259rd\u0259 10 il\u0259 q\u0259d\u0259r azadl\u0131qdan m\u0259hrumetm\u0259 c\u0259zas\u0131 n\u0259z\u0259rd\u0259 tutulub.<\/p>\n","protected":false},"author":11,"featured_media":111674,"comment_status":"closed","ping_status":"open","sticky":false,"template":"","format":"standard","meta":{"_acf_changed":false,"_sitemap_exclude":false,"_sitemap_priority":"","_sitemap_frequency":"","footnotes":""},"categories":[59],"tags":[],"class_list":["post-205813","post","type-post","status-publish","format-standard","has-post-thumbnail","hentry","category-siyaset","infinite-scroll-item","generate-columns","tablet-grid-50","mobile-grid-100","grid-parent","grid-33","no-featured-image-padding"],"acf":[],"yoast_head":"<!-- This site is optimized with the Yoast SEO plugin v28.4 - https:\/\/yoast.com\/product\/yoast-seo-wordpress\/ -->\n<title>Ke\u00e7mi\u015f komit\u0259 s\u0259drinin qarda\u015f\u0131 h\u0259bs olunub - MEYDAN.TV<\/title>\n<meta name=\"robots\" content=\"index, follow, max-snippet:-1, max-image-preview:large, max-video-preview:-1\" \/>\n<link rel=\"canonical\" href=\"https:\/\/www.meydan.tv\/az\/article\/kecmis-komite-sedrinin-qardasi-hebs-olunub\/\" \/>\n<meta property=\"og:locale\" content=\"az_AZ\" \/>\n<meta property=\"og:type\" content=\"article\" \/>\n<meta property=\"og:title\" content=\"Ke\u00e7mi\u015f komit\u0259 s\u0259drinin qarda\u015f\u0131 h\u0259bs olunub - MEYDAN.TV\" \/>\n<meta property=\"og:description\" content=\"Sahib \u0130brahimovun ittiham olundu\u011fu m\u00fcdd\u0259l\u0259rd\u0259 10 il\u0259 q\u0259d\u0259r azadl\u0131qdan m\u0259hrumetm\u0259 c\u0259zas\u0131 n\u0259z\u0259rd\u0259 tutulub.\" \/>\n<meta property=\"og:url\" content=\"https:\/\/www.meydan.tv\/az\/article\/kecmis-komite-sedrinin-qardasi-hebs-olunub\/\" \/>\n<meta property=\"og:site_name\" content=\"MEYDAN.TV\" \/>\n<meta property=\"article:published_time\" content=\"2021-04-17T16:50:41+00:00\" \/>\n<meta property=\"og:image\" content=\"https:\/\/www.meydan.tv\/wp-content\/uploads\/44434.jpg\" \/>\n\t<meta property=\"og:image:width\" content=\"620\" \/>\n\t<meta property=\"og:image:height\" content=\"394\" \/>\n\t<meta property=\"og:image:type\" content=\"image\/jpeg\" \/>\n<meta name=\"twitter:card\" content=\"summary_large_image\" \/>\n<!-- \/ Yoast SEO plugin. -->","yoast_head_json":{"title":"Ke\u00e7mi\u015f komit\u0259 s\u0259drinin qarda\u015f\u0131 h\u0259bs olunub - MEYDAN.TV","robots":{"index":"index","follow":"follow","max-snippet":"max-snippet:-1","max-image-preview":"max-image-preview:large","max-video-preview":"max-video-preview:-1"},"canonical":"https:\/\/www.meydan.tv\/az\/article\/kecmis-komite-sedrinin-qardasi-hebs-olunub\/","og_locale":"az_AZ","og_type":"article","og_title":"Ke\u00e7mi\u015f komit\u0259 s\u0259drinin qarda\u015f\u0131 h\u0259bs olunub - MEYDAN.TV","og_description":"Sahib \u0130brahimovun ittiham olundu\u011fu m\u00fcdd\u0259l\u0259rd\u0259 10 il\u0259 q\u0259d\u0259r azadl\u0131qdan m\u0259hrumetm\u0259 c\u0259zas\u0131 n\u0259z\u0259rd\u0259 tutulub.","og_url":"https:\/\/www.meydan.tv\/az\/article\/kecmis-komite-sedrinin-qardasi-hebs-olunub\/","og_site_name":"MEYDAN.TV","article_published_time":"2021-04-17T16:50:41+00:00","og_image":[{"width":620,"height":394,"url":"https:\/\/www.meydan.tv\/wp-content\/uploads\/44434.jpg","type":"image\/jpeg"}],"twitter_card":"summary_large_image","schema":{"@context":"https:\/\/schema.org","@graph":[{"@type":"Article","@id":"https:\/\/www.meydan.tv\/az\/article\/kecmis-komite-sedrinin-qardasi-hebs-olunub\/#article","isPartOf":{"@id":"https:\/\/www.meydan.tv\/az\/article\/kecmis-komite-sedrinin-qardasi-hebs-olunub\/"},"author":{"name":"user-manager","@id":"https:\/\/www.meydan.tv\/az\/#\/schema\/person\/10d11eccf6da3662cf5fdab9806ea91a"},"headline":"Ke\u00e7mi\u015f komit\u0259 s\u0259drinin qarda\u015f\u0131 h\u0259bs olunub","datePublished":"2021-04-17T16:50:41+00:00","mainEntityOfPage":{"@id":"https:\/\/www.meydan.tv\/az\/article\/kecmis-komite-sedrinin-qardasi-hebs-olunub\/"},"wordCount":481,"publisher":{"@id":"https:\/\/www.meydan.tv\/az\/#organization"},"image":{"@id":"https:\/\/www.meydan.tv\/az\/article\/kecmis-komite-sedrinin-qardasi-hebs-olunub\/#primaryimage"},"thumbnailUrl":"https:\/\/www.meydan.tv\/wp-content\/uploads\/44434-e1645100024719.jpg","articleSection":["Siyas\u0259t"],"inLanguage":"az"},{"@type":"WebPage","@id":"https:\/\/www.meydan.tv\/az\/article\/kecmis-komite-sedrinin-qardasi-hebs-olunub\/","url":"https:\/\/www.meydan.tv\/az\/article\/kecmis-komite-sedrinin-qardasi-hebs-olunub\/","name":"Ke\u00e7mi\u015f komit\u0259 s\u0259drinin qarda\u015f\u0131 h\u0259bs olunub - MEYDAN.TV","isPartOf":{"@id":"https:\/\/www.meydan.tv\/az\/#website"},"primaryImageOfPage":{"@id":"https:\/\/www.meydan.tv\/az\/article\/kecmis-komite-sedrinin-qardasi-hebs-olunub\/#primaryimage"},"image":{"@id":"https:\/\/www.meydan.tv\/az\/article\/kecmis-komite-sedrinin-qardasi-hebs-olunub\/#primaryimage"},"thumbnailUrl":"https:\/\/www.meydan.tv\/wp-content\/uploads\/44434-e1645100024719.jpg","datePublished":"2021-04-17T16:50:41+00:00","breadcrumb":{"@id":"https:\/\/www.meydan.tv\/az\/article\/kecmis-komite-sedrinin-qardasi-hebs-olunub\/#breadcrumb"},"inLanguage":"az","potentialAction":[{"@type":"ReadAction","target":["https:\/\/www.meydan.tv\/az\/article\/kecmis-komite-sedrinin-qardasi-hebs-olunub\/"]}]},{"@type":"ImageObject","inLanguage":"az","@id":"https:\/\/www.meydan.tv\/az\/article\/kecmis-komite-sedrinin-qardasi-hebs-olunub\/#primaryimage","url":"https:\/\/www.meydan.tv\/wp-content\/uploads\/44434-e1645100024719.jpg","contentUrl":"https:\/\/www.meydan.tv\/wp-content\/uploads\/44434-e1645100024719.jpg","width":620,"height":328,"caption":"Foto: Sahib \u0130brahimovun yax\u0131nlar\u0131n\u0131n arxivind\u0259n g\u00f6t\u00fcr\u00fcl\u00fcb"},{"@type":"BreadcrumbList","@id":"https:\/\/www.meydan.tv\/az\/article\/kecmis-komite-sedrinin-qardasi-hebs-olunub\/#breadcrumb","itemListElement":[{"@type":"ListItem","position":1,"name":"Ana s\u0259hif\u0259","item":"https:\/\/www.meydan.tv\/az\/"},{"@type":"ListItem","position":2,"name":"Siyas\u0259t","item":"https:\/\/www.meydan.tv\/az\/section\/siyaset\/"},{"@type":"ListItem","position":3,"name":"Ke\u00e7mi\u015f komit\u0259 s\u0259drinin qarda\u015f\u0131 h\u0259bs olunub"}]},{"@type":"WebSite","@id":"https:\/\/www.meydan.tv\/az\/#website","url":"https:\/\/www.meydan.tv\/az\/","name":"MEYDAN.TV","description":"Meydan TV Az\u0259rbaycan\u0131n media m\u0259kan\u0131ndak\u0131 alternativ s\u0259sidir","publisher":{"@id":"https:\/\/www.meydan.tv\/az\/#organization"},"potentialAction":[{"@type":"SearchAction","target":{"@type":"EntryPoint","urlTemplate":"https:\/\/www.meydan.tv\/az\/?s={search_term_string}"},"query-input":{"@type":"PropertyValueSpecification","valueRequired":true,"valueName":"search_term_string"}}],"inLanguage":"az"},{"@type":"Organization","@id":"https:\/\/www.meydan.tv\/az\/#organization","name":"Meydan TV","url":"https:\/\/www.meydan.tv\/az\/","logo":{"@type":"ImageObject","inLanguage":"az","@id":"https:\/\/www.meydan.tv\/az\/#\/schema\/logo\/image\/","url":"https:\/\/www.meydan.tv\/wp-content\/uploads\/2021\/07\/meydan-logo.svg","contentUrl":"https:\/\/www.meydan.tv\/wp-content\/uploads\/2021\/07\/meydan-logo.svg","width":195,"height":46,"caption":"Meydan TV"},"image":{"@id":"https:\/\/www.meydan.tv\/az\/#\/schema\/logo\/image\/"}},{"@type":"Person","@id":"https:\/\/www.meydan.tv\/az\/#\/schema\/person\/10d11eccf6da3662cf5fdab9806ea91a","name":"user-manager"}]}},"_links":{"self":[{"href":"https:\/\/www.meydan.tv\/az\/wp-json\/wp\/v2\/posts\/205813","targetHints":{"allow":["GET"]}}],"collection":[{"href":"https:\/\/www.meydan.tv\/az\/wp-json\/wp\/v2\/posts"}],"about":[{"href":"https:\/\/www.meydan.tv\/az\/wp-json\/wp\/v2\/types\/post"}],"author":[{"embeddable":true,"href":"https:\/\/www.meydan.tv\/az\/wp-json\/wp\/v2\/users\/11"}],"replies":[{"embeddable":true,"href":"https:\/\/www.meydan.tv\/az\/wp-json\/wp\/v2\/comments?post=205813"}],"version-history":[{"count":0,"href":"https:\/\/www.meydan.tv\/az\/wp-json\/wp\/v2\/posts\/205813\/revisions"}],"wp:featuredmedia":[{"embeddable":true,"href":"https:\/\/www.meydan.tv\/az\/wp-json\/wp\/v2\/media\/111674"}],"wp:attachment":[{"href":"https:\/\/www.meydan.tv\/az\/wp-json\/wp\/v2\/media?parent=205813"}],"wp:term":[{"taxonomy":"category","embeddable":true,"href":"https:\/\/www.meydan.tv\/az\/wp-json\/wp\/v2\/categories?post=205813"},{"taxonomy":"post_tag","embeddable":true,"href":"https:\/\/www.meydan.tv\/az\/wp-json\/wp\/v2\/tags?post=205813"}],"curies":[{"name":"wp","href":"https:\/\/api.w.org\/{rel}","templated":true}]}}