{"id":205739,"date":"2021-04-13T09:38:03","date_gmt":"2021-04-13T09:38:03","guid":{"rendered":"https:\/\/www.meydan.tv\/article\/aztv-nin-bedii-surasinin-terkibi-deyisdi\/"},"modified":"2021-04-13T09:38:03","modified_gmt":"2021-04-13T09:38:03","slug":"aztv-nin-bedii-surasinin-terkibi-deyisdi","status":"publish","type":"post","link":"https:\/\/www.meydan.tv\/az\/article\/aztv-nin-bedii-surasinin-terkibi-deyisdi\/","title":{"rendered":"AzTV-nin B\u0259dii \u015euras\u0131n\u0131n t\u0259rkibi d\u0259yi\u015fdi"},"content":{"rendered":"<p>\n  <i><br \/>\n    Yeni t\u0259rkibd\u0259 Anar, Kamal Abdulla, Rasim Balayev var<br \/>\n  <\/i>\n<\/p>\n<p>\n  \u201cAz\u0259rbaycan Televiziya v\u0259 Radio Verili\u015fl\u0259ri\u201d QSC-nin n\u0259zdind\u0259 yarad\u0131lan B\u0259dii \u015euran\u0131n t\u0259rkibind\u0259 d\u0259yi\u015fiklik olub.\n<\/p>\n<p>\n  QSC-nin Sosial media v\u0259 ictimaiyy\u0259tl\u0259 \u0259laq\u0259l\u0259r \u015f\u00f6b\u0259sind\u0259n veril\u0259n m\u0259lumata g\u00f6r\u0259, \u015euran\u0131n yeni t\u0259rkibin\u0259 Az\u0259rbaycan Yaz\u0131\u00e7\u0131lar Birliyinin s\u0259dri, Xalq yaz\u0131\u00e7\u0131s\u0131 Anar Rzayev, Xalq yaz\u0131\u00e7\u0131s\u0131 Kamal Abdulla, Xalq artisti, aktyor Rasim Balayev, Xalq artisti, diktor Ofeliya S\u0259nani, Bak\u0131 D\u00f6vl\u0259t Universitetinin dekan\u0131 V\u00fcqar \u018fliyev, Az\u0259rbaycan \u0130nternet Forumunun prezidenti Osman G\u00fcnd\u00fcz, b\u0259st\u0259kar, Xalq artisti Eldar Mansurov, teatr\u015f\u00fcnas-t\u0259nqid\u00e7i, \u0259m\u0259kdar inc\u0259s\u0259n\u0259t xadimi \u0130lham R\u0259himli daxildir.\n<\/p>\n<p>\n  Prezident \u0130lham \u018fliyevin tap\u015f\u0131r\u0131\u011f\u0131na \u0259sas\u0259n, AzTV QSC-d\u0259 2018-ci ilin sonundan etibar\u0259n TV sah\u0259sind\u0259 B\u0259dii \u015eura f\u0259aliyy\u0259t g\u00f6st\u0259rir.\n<\/p>\n<p>\n  Bundan \u00f6nc\u0259 \u015eura \u00fczvl\u0259ri, xalq artistl\u0259ri &#8211; Ramiz Quliyev, Faiq S\u00fcc\u0259ddinov, T\u0259ran\u0259 Muradova, M\u0259nsum \u0130brahimov, M\u00fcbariz Ta\u011f\u0131yev, Siyavu\u015f K\u0259rimi, \u018fm\u0259kdar inc\u0259s\u0259n\u0259t xadimi Baba V\u0259ziro\u011flu, \u018fm\u0259kdar \u0130nc\u0259s\u0259n\u0259t xadimi, modelyer F\u0259xriyy\u0259 X\u0259l\u0259fova, professor Ceyran Mahmudova olub.\n<\/p>\n<p>\n  Pandemiya il\u0259 \u0259laq\u0259dar olaraq B\u0259dii \u015euran\u0131n iclaslar\u0131 ayda bir d\u0259f\u0259 ke\u00e7iril\u0259c\u0259k.<\/p>\n","protected":false},"excerpt":{"rendered":"<p>Pandemiya il\u0259 \u0259laq\u0259dar olaraq B\u0259dii \u015euran\u0131n iclaslar\u0131 ayda bir d\u0259f\u0259 ke\u00e7iril\u0259c\u0259k.<\/p>\n","protected":false},"author":11,"featured_media":159282,"comment_status":"closed","ping_status":"open","sticky":false,"template":"","format":"standard","meta":{"_acf_changed":false,"_sitemap_exclude":false,"_sitemap_priority":"","_sitemap_frequency":"","footnotes":""},"categories":[52],"tags":[],"class_list":["post-205739","post","type-post","status-publish","format-standard","has-post-thumbnail","hentry","category-medeniyyet","infinite-scroll-item","generate-columns","tablet-grid-50","mobile-grid-100","grid-parent","grid-33","no-featured-image-padding"],"acf":[],"yoast_head":"<!-- This site is optimized with the Yoast SEO plugin v28.3 - https:\/\/yoast.com\/product\/yoast-seo-wordpress\/ -->\n<title>AzTV-nin B\u0259dii \u015euras\u0131n\u0131n t\u0259rkibi d\u0259yi\u015fdi - MEYDAN.TV<\/title>\n<meta name=\"robots\" content=\"index, follow, max-snippet:-1, max-image-preview:large, max-video-preview:-1\" \/>\n<link rel=\"canonical\" href=\"https:\/\/www.meydan.tv\/az\/article\/aztv-nin-bedii-surasinin-terkibi-deyisdi\/\" \/>\n<meta property=\"og:locale\" content=\"az_AZ\" \/>\n<meta property=\"og:type\" content=\"article\" \/>\n<meta property=\"og:title\" content=\"AzTV-nin B\u0259dii \u015euras\u0131n\u0131n t\u0259rkibi d\u0259yi\u015fdi - MEYDAN.TV\" \/>\n<meta property=\"og:description\" content=\"Pandemiya il\u0259 \u0259laq\u0259dar olaraq B\u0259dii \u015euran\u0131n iclaslar\u0131 ayda bir d\u0259f\u0259 ke\u00e7iril\u0259c\u0259k.\" \/>\n<meta property=\"og:url\" content=\"https:\/\/www.meydan.tv\/az\/article\/aztv-nin-bedii-surasinin-terkibi-deyisdi\/\" \/>\n<meta property=\"og:site_name\" content=\"MEYDAN.TV\" \/>\n<meta property=\"article:published_time\" content=\"2021-04-13T09:38:03+00:00\" \/>\n<meta property=\"og:image\" content=\"https:\/\/www.meydan.tv\/wp-content\/uploads\/aztv1550126077.jpg\" \/>\n\t<meta property=\"og:image:width\" content=\"1504\" \/>\n\t<meta property=\"og:image:height\" content=\"1129\" \/>\n\t<meta property=\"og:image:type\" content=\"image\/jpeg\" \/>\n<meta name=\"twitter:card\" content=\"summary_large_image\" \/>\n<!-- \/ Yoast SEO plugin. -->","yoast_head_json":{"title":"AzTV-nin B\u0259dii \u015euras\u0131n\u0131n t\u0259rkibi d\u0259yi\u015fdi - MEYDAN.TV","robots":{"index":"index","follow":"follow","max-snippet":"max-snippet:-1","max-image-preview":"max-image-preview:large","max-video-preview":"max-video-preview:-1"},"canonical":"https:\/\/www.meydan.tv\/az\/article\/aztv-nin-bedii-surasinin-terkibi-deyisdi\/","og_locale":"az_AZ","og_type":"article","og_title":"AzTV-nin B\u0259dii \u015euras\u0131n\u0131n t\u0259rkibi d\u0259yi\u015fdi - MEYDAN.TV","og_description":"Pandemiya il\u0259 \u0259laq\u0259dar olaraq B\u0259dii \u015euran\u0131n iclaslar\u0131 ayda bir d\u0259f\u0259 ke\u00e7iril\u0259c\u0259k.","og_url":"https:\/\/www.meydan.tv\/az\/article\/aztv-nin-bedii-surasinin-terkibi-deyisdi\/","og_site_name":"MEYDAN.TV","article_published_time":"2021-04-13T09:38:03+00:00","og_image":[{"width":1504,"height":1129,"url":"https:\/\/www.meydan.tv\/wp-content\/uploads\/aztv1550126077.jpg","type":"image\/jpeg"}],"twitter_card":"summary_large_image","schema":{"@context":"https:\/\/schema.org","@graph":[{"@type":"Article","@id":"https:\/\/www.meydan.tv\/az\/article\/aztv-nin-bedii-surasinin-terkibi-deyisdi\/#article","isPartOf":{"@id":"https:\/\/www.meydan.tv\/az\/article\/aztv-nin-bedii-surasinin-terkibi-deyisdi\/"},"author":{"name":"user-manager","@id":"https:\/\/www.meydan.tv\/az\/#\/schema\/person\/10d11eccf6da3662cf5fdab9806ea91a"},"headline":"AzTV-nin B\u0259dii \u015euras\u0131n\u0131n t\u0259rkibi d\u0259yi\u015fdi","datePublished":"2021-04-13T09:38:03+00:00","mainEntityOfPage":{"@id":"https:\/\/www.meydan.tv\/az\/article\/aztv-nin-bedii-surasinin-terkibi-deyisdi\/"},"wordCount":235,"publisher":{"@id":"https:\/\/www.meydan.tv\/az\/#organization"},"image":{"@id":"https:\/\/www.meydan.tv\/az\/article\/aztv-nin-bedii-surasinin-terkibi-deyisdi\/#primaryimage"},"thumbnailUrl":"https:\/\/www.meydan.tv\/wp-content\/uploads\/aztv1550126077.jpg","articleSection":["M\u0259d\u0259niyy\u0259t"],"inLanguage":"az"},{"@type":"WebPage","@id":"https:\/\/www.meydan.tv\/az\/article\/aztv-nin-bedii-surasinin-terkibi-deyisdi\/","url":"https:\/\/www.meydan.tv\/az\/article\/aztv-nin-bedii-surasinin-terkibi-deyisdi\/","name":"AzTV-nin B\u0259dii \u015euras\u0131n\u0131n t\u0259rkibi d\u0259yi\u015fdi - MEYDAN.TV","isPartOf":{"@id":"https:\/\/www.meydan.tv\/az\/#website"},"primaryImageOfPage":{"@id":"https:\/\/www.meydan.tv\/az\/article\/aztv-nin-bedii-surasinin-terkibi-deyisdi\/#primaryimage"},"image":{"@id":"https:\/\/www.meydan.tv\/az\/article\/aztv-nin-bedii-surasinin-terkibi-deyisdi\/#primaryimage"},"thumbnailUrl":"https:\/\/www.meydan.tv\/wp-content\/uploads\/aztv1550126077.jpg","datePublished":"2021-04-13T09:38:03+00:00","breadcrumb":{"@id":"https:\/\/www.meydan.tv\/az\/article\/aztv-nin-bedii-surasinin-terkibi-deyisdi\/#breadcrumb"},"inLanguage":"az","potentialAction":[{"@type":"ReadAction","target":["https:\/\/www.meydan.tv\/az\/article\/aztv-nin-bedii-surasinin-terkibi-deyisdi\/"]}]},{"@type":"ImageObject","inLanguage":"az","@id":"https:\/\/www.meydan.tv\/az\/article\/aztv-nin-bedii-surasinin-terkibi-deyisdi\/#primaryimage","url":"https:\/\/www.meydan.tv\/wp-content\/uploads\/aztv1550126077.jpg","contentUrl":"https:\/\/www.meydan.tv\/wp-content\/uploads\/aztv1550126077.jpg","width":1504,"height":1129,"caption":"Source: modern.az"},{"@type":"BreadcrumbList","@id":"https:\/\/www.meydan.tv\/az\/article\/aztv-nin-bedii-surasinin-terkibi-deyisdi\/#breadcrumb","itemListElement":[{"@type":"ListItem","position":1,"name":"Ana s\u0259hif\u0259","item":"https:\/\/www.meydan.tv\/az\/"},{"@type":"ListItem","position":2,"name":"M\u0259d\u0259niyy\u0259t","item":"https:\/\/www.meydan.tv\/az\/section\/medeniyyet\/"},{"@type":"ListItem","position":3,"name":"AzTV-nin B\u0259dii \u015euras\u0131n\u0131n t\u0259rkibi d\u0259yi\u015fdi"}]},{"@type":"WebSite","@id":"https:\/\/www.meydan.tv\/az\/#website","url":"https:\/\/www.meydan.tv\/az\/","name":"MEYDAN.TV","description":"Meydan TV Az\u0259rbaycan\u0131n media m\u0259kan\u0131ndak\u0131 alternativ s\u0259sidir","publisher":{"@id":"https:\/\/www.meydan.tv\/az\/#organization"},"potentialAction":[{"@type":"SearchAction","target":{"@type":"EntryPoint","urlTemplate":"https:\/\/www.meydan.tv\/az\/?s={search_term_string}"},"query-input":{"@type":"PropertyValueSpecification","valueRequired":true,"valueName":"search_term_string"}}],"inLanguage":"az"},{"@type":"Organization","@id":"https:\/\/www.meydan.tv\/az\/#organization","name":"Meydan TV","url":"https:\/\/www.meydan.tv\/az\/","logo":{"@type":"ImageObject","inLanguage":"az","@id":"https:\/\/www.meydan.tv\/az\/#\/schema\/logo\/image\/","url":"https:\/\/www.meydan.tv\/wp-content\/uploads\/2021\/07\/meydan-logo.svg","contentUrl":"https:\/\/www.meydan.tv\/wp-content\/uploads\/2021\/07\/meydan-logo.svg","width":195,"height":46,"caption":"Meydan TV"},"image":{"@id":"https:\/\/www.meydan.tv\/az\/#\/schema\/logo\/image\/"}},{"@type":"Person","@id":"https:\/\/www.meydan.tv\/az\/#\/schema\/person\/10d11eccf6da3662cf5fdab9806ea91a","name":"user-manager"}]}},"_links":{"self":[{"href":"https:\/\/www.meydan.tv\/az\/wp-json\/wp\/v2\/posts\/205739","targetHints":{"allow":["GET"]}}],"collection":[{"href":"https:\/\/www.meydan.tv\/az\/wp-json\/wp\/v2\/posts"}],"about":[{"href":"https:\/\/www.meydan.tv\/az\/wp-json\/wp\/v2\/types\/post"}],"author":[{"embeddable":true,"href":"https:\/\/www.meydan.tv\/az\/wp-json\/wp\/v2\/users\/11"}],"replies":[{"embeddable":true,"href":"https:\/\/www.meydan.tv\/az\/wp-json\/wp\/v2\/comments?post=205739"}],"version-history":[{"count":0,"href":"https:\/\/www.meydan.tv\/az\/wp-json\/wp\/v2\/posts\/205739\/revisions"}],"wp:featuredmedia":[{"embeddable":true,"href":"https:\/\/www.meydan.tv\/az\/wp-json\/wp\/v2\/media\/159282"}],"wp:attachment":[{"href":"https:\/\/www.meydan.tv\/az\/wp-json\/wp\/v2\/media?parent=205739"}],"wp:term":[{"taxonomy":"category","embeddable":true,"href":"https:\/\/www.meydan.tv\/az\/wp-json\/wp\/v2\/categories?post=205739"},{"taxonomy":"post_tag","embeddable":true,"href":"https:\/\/www.meydan.tv\/az\/wp-json\/wp\/v2\/tags?post=205739"}],"curies":[{"name":"wp","href":"https:\/\/api.w.org\/{rel}","templated":true}]}}