{"id":205718,"date":"2021-04-10T18:07:28","date_gmt":"2021-04-10T18:07:28","guid":{"rendered":"https:\/\/www.meydan.tv\/article\/dilqem-esgerov-mene-irad-tutan-adamlar-yalan-danisir\/"},"modified":"2021-04-10T18:07:28","modified_gmt":"2021-04-10T18:07:28","slug":"dilqem-esgerov-mene-irad-tutan-adamlar-yalan-danisir","status":"publish","type":"post","link":"https:\/\/www.meydan.tv\/az\/article\/dilqem-esgerov-mene-irad-tutan-adamlar-yalan-danisir\/","title":{"rendered":"Dilq\u0259m \u018fsg\u0259rov: \u201cM\u0259n\u0259 irad tutan adamlar yalan dan\u0131\u015f\u0131r\u201d"},"content":{"rendered":"<p>\n  <i><br \/>\n    \u201cBa\u015f\u0131mdan vurulandan sonra bir t\u0259r\u0259fim iflic oldu. Ayaq \u0259z\u0259l\u0259l\u0259rimd\u0259 probleml\u0259r yaran\u0131b bu ne\u00e7\u0259 g\u00fcnd\u0259. Yax\u015f\u0131 yeriy\u0259 bilmir\u0259m\u201d.<br \/>\n  <\/i>\n<\/p>\n<p>\n  Bu s\u00f6zl\u0259ri 6 il erm\u0259ni \u0259sirliyind\u0259 qalan Dilq\u0259m \u018fsg\u0259rov deyir. \u015eu\u015fa h\u0259bsxanas\u0131nda ya\u015fananlar\u0131n izl\u0259rini b\u00fct\u00fcn h\u0259yat\u0131boyu b\u0259d\u0259nind\u0259 v\u0259 ruhunda hiss ed\u0259c\u0259k kimi g\u00f6r\u00fcn\u00fcr.\n<\/p>\n<p>\n  \u201cGorusda m\u0259nim ba\u015f\u0131m\u0131 qap\u0131n\u0131n aras\u0131na qoydular&#8230; Aln\u0131ma o q\u0259d\u0259r yumruqla d\u00f6yd\u00fcl\u0259r ki, tamam hu\u015fumu itirdim. Sonra da s\u00fcr\u00fcd\u00fcl\u0259r, pal-paltar\u0131m\u0131 c\u0131rd\u0131lar. Q\u0131rm\u0131z\u0131 Xa\u00e7 Komit\u0259si g\u0259ldi, v\u0259ziyy\u0259timi g\u00f6rd\u00fc. N\u0259 c\u00fcr m\u0259s\u0259l\u0259 qald\u0131rd\u0131sa, 4 erm\u0259ni m\u00fcst\u0259ntiqi g\u0259ldi h\u0259bsxanaya. N\u0259 q\u0259d\u0259r el\u0259dil\u0259r, m\u0259n \u0259riz\u0259 yazmad\u0131m. M\u0259n \u00f6z\u00fcm\u00fc al\u00e7altmaq ist\u0259m\u0259dim, Q\u0131rm\u0131z\u0131 Xa\u00e7 Komit\u0259si s\u0259s-k\u00fcy sals\u0131n ki, \u018fsg\u0259rovun ba\u015f\u0131n\u0131 divara vurublar\u201d, -Dilq\u0259m \u018fsg\u0259rov deyir.\n<\/p>\n<p>\n  Dilq\u0259m \u018fsg\u0259rov deyir ki, i\u015fg\u0259nc\u0259l\u0259rd\u0259n sonra 3 g\u00fcn g\u00f6zl\u0259ri g\u00f6rm\u0259yib. 24 saat burnundan qan g\u0259lib.\n<\/p>\n<p>\n  H\u0259bsxanada g\u00fcnl\u0259rini radio dinl\u0259m\u0259kl\u0259 ke\u00e7irib. 4 divar\u0131n aras\u0131na s\u0131\u011f\u0131\u015f\u0131b qalmay\u0131b, h\u0259mi\u015f\u0259 siyasi x\u0259b\u0259rl\u0259rd\u0259n agah olub. Ona g\u00f6r\u0259 d\u0259 tezlikl\u0259 K\u0259lb\u0259c\u0259rin d\u0259, \u00f6z\u00fcn\u00fcn d\u0259 azad olaca\u011f\u0131na inam\u0131 itm\u0259yib.\n<\/p>\n<p>\n  Dilq\u0259m \u018fsg\u0259rov \u0259sirlikd\u0259n qaytar\u0131landan sonra yerli mediaya verdiyi m\u00fcsahib\u0259l\u0259rin birind\u0259 Qaraba\u011f erm\u0259nil\u0259rinin h\u0259bsxanada onunla yax\u015f\u0131 davrand\u0131\u011f\u0131n\u0131 s\u00f6yl\u0259yirdi. Bu fikirl\u0259ri q\u0131naqlara v\u0259 m\u00fczakir\u0259l\u0259r\u0259 s\u0259b\u0259b olub.\n<\/p>\n<p>\n  &quot;M\u0259n\u0259 irad tutan adamlar var, ist\u0259r h\u00f6kum\u0259t olsun, ist\u0259r polis. Onlar yalan dan\u0131\u015f\u0131r. Erm\u0259ninin birinci d\u00fc\u015fm\u0259ni m\u0259n\u0259m. M\u0259n d\u0259 m\u00fcbariz\u0259mi aparm\u0131\u015fam. M\u0259n\u0259 irad tuturlar ki, s\u0259n bu s\u00f6z\u00fc bel\u0259 deyirs\u0259n, bel\u0259 de. S\u00f6zl\u0259ri var, gedib orada desinl\u0259r. M\u0259nim 60 ya\u015f\u0131m var, yalan dan\u0131\u015fa bilm\u0259r\u0259m. M\u0259ni erm\u0259nil\u0259r toka da verdi, barma\u011f\u0131m\u0131 da q\u0131rd\u0131, ac da saxlad\u0131. Bu, ba\u015fqa s\u00f6hb\u0259tdir, bu, m\u0259nim yad\u0131mdan \u00e7\u0131xas\u0131 deyil. Qald\u0131 ki, bu biri m\u0259s\u0259l\u0259, Qaraba\u011f erm\u0259nisi deyir bar\u0131\u015faq Az\u0259rbaycanla&quot;, &#8211; ke\u00e7mi\u015f \u0259sir Dilq\u0259m \u018fsg\u0259rov deyir.\n<\/p>\n<p>\n  Dilq\u0259m \u018fsg\u0259rov 100-\u0259 yax\u0131n d\u00f6y\u00fc\u015f yolda\u015f\u0131n\u0131 itirib. Deyir ko, onlar yadda\u015f\u0131nda dipdiridir. \u015eu\u015fa h\u0259bsxanas\u0131nda \u0259n \u00e7ox d\u00fc\u015f\u00fcnd\u00fcy\u00fc, dar\u0131xd\u0131\u011f\u0131 dostu K\u0259lb\u0259c\u0259rd\u0259 \u00f6ld\u00fcr\u00fcl\u0259n H\u0259s\u0259n H\u0259s\u0259nov olub. Bak\u0131ya g\u0259l\u0259n kimi ilk onun m\u0259zar\u0131n\u0131 ziyar\u0259t edib.\n<\/p>\n<p>\n  \u201c\u201cYeddi o\u011ful ist\u0259r\u0259m\u201d filmin\u0259 baxm\u0131s\u0131n\u0131z? Orada bir g\u00f6z\u0259l epizod var. B\u0259xtiyar ax\u0131rda t\u0259k qal\u0131r, x\u0259yal\u0259n d\u00f6y\u00fc\u015f yolda\u015flar\u0131 g\u00f6z\u00fcn\u00fcn qaba\u011f\u0131na g\u0259lir. 7 n\u0259f\u0259r da\u011f\u0131n ba\u015f\u0131 il\u0259 atla gedir. M\u0259nim d\u00f6y\u00fc\u015f yolda\u015flar\u0131m o c\u00fcr ham\u0131s\u0131 x\u0259yal\u0131mdan g\u0259lib ke\u00e7irdi h\u0259min o \u015eu\u015fa \u201ct\u00fcrm\u0259sind\u0259\u201d.\n<\/p>\n<p>\n  Qaraba\u011f u\u011frunda 44 g\u00fcnl\u00fck m\u00fcharib\u0259d\u0259n sonra erm\u0259ni girovlu\u011funda olan \u015eahbaz Quliyev v\u0259 Dilq\u0259m \u018fsg\u0259rov Az\u0259rbaycana qaytar\u0131l\u0131b.<\/p>\n","protected":false},"excerpt":{"rendered":"<p>\u201cBa\u015f\u0131mdan vurulandan sonra bir t\u0259r\u0259fim iflic oldu. Ayaq \u0259z\u0259l\u0259l\u0259rimd\u0259 probleml\u0259r yaran\u0131b bu ne\u00e7\u0259 g\u00fcnd\u0259. Yax\u015f\u0131 yeriy\u0259 bilmir\u0259m\u201d.<\/p>\n","protected":false},"author":11,"featured_media":159201,"comment_status":"closed","ping_status":"open","sticky":false,"template":"","format":"standard","meta":{"_acf_changed":false,"_sitemap_exclude":false,"_sitemap_priority":"","_sitemap_frequency":"","footnotes":""},"categories":[63],"tags":[],"class_list":["post-205718","post","type-post","status-publish","format-standard","has-post-thumbnail","hentry","category-video-2","infinite-scroll-item","generate-columns","tablet-grid-50","mobile-grid-100","grid-parent","grid-33","no-featured-image-padding"],"acf":[],"yoast_head":"<!-- This site is optimized with the Yoast SEO plugin v27.5 - https:\/\/yoast.com\/product\/yoast-seo-wordpress\/ -->\n<title>Dilq\u0259m \u018fsg\u0259rov: \u201cM\u0259n\u0259 irad tutan adamlar yalan dan\u0131\u015f\u0131r\u201d - MEYDAN.TV<\/title>\n<meta name=\"robots\" content=\"index, follow, max-snippet:-1, max-image-preview:large, max-video-preview:-1\" \/>\n<link rel=\"canonical\" href=\"https:\/\/www.meydan.tv\/az\/article\/dilqem-esgerov-mene-irad-tutan-adamlar-yalan-danisir\/\" \/>\n<meta property=\"og:locale\" content=\"az_AZ\" \/>\n<meta property=\"og:type\" content=\"article\" \/>\n<meta property=\"og:title\" content=\"Dilq\u0259m \u018fsg\u0259rov: \u201cM\u0259n\u0259 irad tutan adamlar yalan dan\u0131\u015f\u0131r\u201d - MEYDAN.TV\" \/>\n<meta property=\"og:description\" content=\"\u201cBa\u015f\u0131mdan vurulandan sonra bir t\u0259r\u0259fim iflic oldu. Ayaq \u0259z\u0259l\u0259l\u0259rimd\u0259 probleml\u0259r yaran\u0131b bu ne\u00e7\u0259 g\u00fcnd\u0259. Yax\u015f\u0131 yeriy\u0259 bilmir\u0259m\u201d.\" \/>\n<meta property=\"og:url\" content=\"https:\/\/www.meydan.tv\/az\/article\/dilqem-esgerov-mene-irad-tutan-adamlar-yalan-danisir\/\" \/>\n<meta property=\"og:site_name\" content=\"MEYDAN.TV\" \/>\n<meta property=\"article:published_time\" content=\"2021-04-10T18:07:28+00:00\" \/>\n<meta property=\"og:image\" content=\"https:\/\/www.meydan.tv\/wp-content\/uploads\/screenshot_4_oho4ran.png\" \/>\n\t<meta property=\"og:image:width\" content=\"1033\" \/>\n\t<meta property=\"og:image:height\" content=\"610\" \/>\n\t<meta property=\"og:image:type\" content=\"image\/png\" \/>\n<meta name=\"author\" content=\"user-manager\" \/>\n<meta name=\"twitter:card\" content=\"summary_large_image\" \/>\n<script type=\"application\/ld+json\" class=\"yoast-schema-graph\">{\"@context\":\"https:\\\/\\\/schema.org\",\"@graph\":[{\"@type\":\"Article\",\"@id\":\"https:\\\/\\\/www.meydan.tv\\\/az\\\/article\\\/dilqem-esgerov-mene-irad-tutan-adamlar-yalan-danisir\\\/#article\",\"isPartOf\":{\"@id\":\"https:\\\/\\\/www.meydan.tv\\\/az\\\/article\\\/dilqem-esgerov-mene-irad-tutan-adamlar-yalan-danisir\\\/\"},\"author\":{\"name\":\"user-manager\",\"@id\":\"https:\\\/\\\/www.meydan.tv\\\/az\\\/#\\\/schema\\\/person\\\/10d11eccf6da3662cf5fdab9806ea91a\"},\"headline\":\"Dilq\u0259m \u018fsg\u0259rov: \u201cM\u0259n\u0259 irad tutan adamlar yalan dan\u0131\u015f\u0131r\u201d\",\"datePublished\":\"2021-04-10T18:07:28+00:00\",\"mainEntityOfPage\":{\"@id\":\"https:\\\/\\\/www.meydan.tv\\\/az\\\/article\\\/dilqem-esgerov-mene-irad-tutan-adamlar-yalan-danisir\\\/\"},\"wordCount\":606,\"publisher\":{\"@id\":\"https:\\\/\\\/www.meydan.tv\\\/az\\\/#organization\"},\"image\":{\"@id\":\"https:\\\/\\\/www.meydan.tv\\\/az\\\/article\\\/dilqem-esgerov-mene-irad-tutan-adamlar-yalan-danisir\\\/#primaryimage\"},\"thumbnailUrl\":\"https:\\\/\\\/www.meydan.tv\\\/wp-content\\\/uploads\\\/screenshot_4_oho4ran.png\",\"articleSection\":[\"Video\"],\"inLanguage\":\"az\"},{\"@type\":\"WebPage\",\"@id\":\"https:\\\/\\\/www.meydan.tv\\\/az\\\/article\\\/dilqem-esgerov-mene-irad-tutan-adamlar-yalan-danisir\\\/\",\"url\":\"https:\\\/\\\/www.meydan.tv\\\/az\\\/article\\\/dilqem-esgerov-mene-irad-tutan-adamlar-yalan-danisir\\\/\",\"name\":\"Dilq\u0259m \u018fsg\u0259rov: \u201cM\u0259n\u0259 irad tutan adamlar yalan dan\u0131\u015f\u0131r\u201d - MEYDAN.TV\",\"isPartOf\":{\"@id\":\"https:\\\/\\\/www.meydan.tv\\\/az\\\/#website\"},\"primaryImageOfPage\":{\"@id\":\"https:\\\/\\\/www.meydan.tv\\\/az\\\/article\\\/dilqem-esgerov-mene-irad-tutan-adamlar-yalan-danisir\\\/#primaryimage\"},\"image\":{\"@id\":\"https:\\\/\\\/www.meydan.tv\\\/az\\\/article\\\/dilqem-esgerov-mene-irad-tutan-adamlar-yalan-danisir\\\/#primaryimage\"},\"thumbnailUrl\":\"https:\\\/\\\/www.meydan.tv\\\/wp-content\\\/uploads\\\/screenshot_4_oho4ran.png\",\"datePublished\":\"2021-04-10T18:07:28+00:00\",\"breadcrumb\":{\"@id\":\"https:\\\/\\\/www.meydan.tv\\\/az\\\/article\\\/dilqem-esgerov-mene-irad-tutan-adamlar-yalan-danisir\\\/#breadcrumb\"},\"inLanguage\":\"az\",\"potentialAction\":[{\"@type\":\"ReadAction\",\"target\":[\"https:\\\/\\\/www.meydan.tv\\\/az\\\/article\\\/dilqem-esgerov-mene-irad-tutan-adamlar-yalan-danisir\\\/\"]}]},{\"@type\":\"ImageObject\",\"inLanguage\":\"az\",\"@id\":\"https:\\\/\\\/www.meydan.tv\\\/az\\\/article\\\/dilqem-esgerov-mene-irad-tutan-adamlar-yalan-danisir\\\/#primaryimage\",\"url\":\"https:\\\/\\\/www.meydan.tv\\\/wp-content\\\/uploads\\\/screenshot_4_oho4ran.png\",\"contentUrl\":\"https:\\\/\\\/www.meydan.tv\\\/wp-content\\\/uploads\\\/screenshot_4_oho4ran.png\",\"width\":1033,\"height\":610,\"caption\":\"Source: Meydan Tv\"},{\"@type\":\"BreadcrumbList\",\"@id\":\"https:\\\/\\\/www.meydan.tv\\\/az\\\/article\\\/dilqem-esgerov-mene-irad-tutan-adamlar-yalan-danisir\\\/#breadcrumb\",\"itemListElement\":[{\"@type\":\"ListItem\",\"position\":1,\"name\":\"Ana s\u0259hif\u0259\",\"item\":\"https:\\\/\\\/www.meydan.tv\\\/az\\\/\"},{\"@type\":\"ListItem\",\"position\":2,\"name\":\"Video\",\"item\":\"https:\\\/\\\/www.meydan.tv\\\/az\\\/section\\\/video-2\\\/\"},{\"@type\":\"ListItem\",\"position\":3,\"name\":\"Dilq\u0259m \u018fsg\u0259rov: \u201cM\u0259n\u0259 irad tutan adamlar yalan dan\u0131\u015f\u0131r\u201d\"}]},{\"@type\":\"WebSite\",\"@id\":\"https:\\\/\\\/www.meydan.tv\\\/az\\\/#website\",\"url\":\"https:\\\/\\\/www.meydan.tv\\\/az\\\/\",\"name\":\"MEYDAN.TV\",\"description\":\"Meydan TV Az\u0259rbaycan\u0131n media m\u0259kan\u0131ndak\u0131 alternativ s\u0259sidir\",\"publisher\":{\"@id\":\"https:\\\/\\\/www.meydan.tv\\\/az\\\/#organization\"},\"potentialAction\":[{\"@type\":\"SearchAction\",\"target\":{\"@type\":\"EntryPoint\",\"urlTemplate\":\"https:\\\/\\\/www.meydan.tv\\\/az\\\/?s={search_term_string}\"},\"query-input\":{\"@type\":\"PropertyValueSpecification\",\"valueRequired\":true,\"valueName\":\"search_term_string\"}}],\"inLanguage\":\"az\"},{\"@type\":\"Organization\",\"@id\":\"https:\\\/\\\/www.meydan.tv\\\/az\\\/#organization\",\"name\":\"Meydan TV\",\"url\":\"https:\\\/\\\/www.meydan.tv\\\/az\\\/\",\"logo\":{\"@type\":\"ImageObject\",\"inLanguage\":\"az\",\"@id\":\"https:\\\/\\\/www.meydan.tv\\\/az\\\/#\\\/schema\\\/logo\\\/image\\\/\",\"url\":\"https:\\\/\\\/www.meydan.tv\\\/wp-content\\\/uploads\\\/2021\\\/07\\\/meydan-logo.svg\",\"contentUrl\":\"https:\\\/\\\/www.meydan.tv\\\/wp-content\\\/uploads\\\/2021\\\/07\\\/meydan-logo.svg\",\"width\":195,\"height\":46,\"caption\":\"Meydan TV\"},\"image\":{\"@id\":\"https:\\\/\\\/www.meydan.tv\\\/az\\\/#\\\/schema\\\/logo\\\/image\\\/\"}},{\"@type\":\"Person\",\"@id\":\"https:\\\/\\\/www.meydan.tv\\\/az\\\/#\\\/schema\\\/person\\\/10d11eccf6da3662cf5fdab9806ea91a\",\"name\":\"user-manager\"}]}<\/script>\n<!-- \/ Yoast SEO plugin. -->","yoast_head_json":{"title":"Dilq\u0259m \u018fsg\u0259rov: \u201cM\u0259n\u0259 irad tutan adamlar yalan dan\u0131\u015f\u0131r\u201d - MEYDAN.TV","robots":{"index":"index","follow":"follow","max-snippet":"max-snippet:-1","max-image-preview":"max-image-preview:large","max-video-preview":"max-video-preview:-1"},"canonical":"https:\/\/www.meydan.tv\/az\/article\/dilqem-esgerov-mene-irad-tutan-adamlar-yalan-danisir\/","og_locale":"az_AZ","og_type":"article","og_title":"Dilq\u0259m \u018fsg\u0259rov: \u201cM\u0259n\u0259 irad tutan adamlar yalan dan\u0131\u015f\u0131r\u201d - MEYDAN.TV","og_description":"\u201cBa\u015f\u0131mdan vurulandan sonra bir t\u0259r\u0259fim iflic oldu. Ayaq \u0259z\u0259l\u0259l\u0259rimd\u0259 probleml\u0259r yaran\u0131b bu ne\u00e7\u0259 g\u00fcnd\u0259. Yax\u015f\u0131 yeriy\u0259 bilmir\u0259m\u201d.","og_url":"https:\/\/www.meydan.tv\/az\/article\/dilqem-esgerov-mene-irad-tutan-adamlar-yalan-danisir\/","og_site_name":"MEYDAN.TV","article_published_time":"2021-04-10T18:07:28+00:00","og_image":[{"width":1033,"height":610,"url":"https:\/\/www.meydan.tv\/wp-content\/uploads\/screenshot_4_oho4ran.png","type":"image\/png"}],"author":"user-manager","twitter_card":"summary_large_image","schema":{"@context":"https:\/\/schema.org","@graph":[{"@type":"Article","@id":"https:\/\/www.meydan.tv\/az\/article\/dilqem-esgerov-mene-irad-tutan-adamlar-yalan-danisir\/#article","isPartOf":{"@id":"https:\/\/www.meydan.tv\/az\/article\/dilqem-esgerov-mene-irad-tutan-adamlar-yalan-danisir\/"},"author":{"name":"user-manager","@id":"https:\/\/www.meydan.tv\/az\/#\/schema\/person\/10d11eccf6da3662cf5fdab9806ea91a"},"headline":"Dilq\u0259m \u018fsg\u0259rov: \u201cM\u0259n\u0259 irad tutan adamlar yalan dan\u0131\u015f\u0131r\u201d","datePublished":"2021-04-10T18:07:28+00:00","mainEntityOfPage":{"@id":"https:\/\/www.meydan.tv\/az\/article\/dilqem-esgerov-mene-irad-tutan-adamlar-yalan-danisir\/"},"wordCount":606,"publisher":{"@id":"https:\/\/www.meydan.tv\/az\/#organization"},"image":{"@id":"https:\/\/www.meydan.tv\/az\/article\/dilqem-esgerov-mene-irad-tutan-adamlar-yalan-danisir\/#primaryimage"},"thumbnailUrl":"https:\/\/www.meydan.tv\/wp-content\/uploads\/screenshot_4_oho4ran.png","articleSection":["Video"],"inLanguage":"az"},{"@type":"WebPage","@id":"https:\/\/www.meydan.tv\/az\/article\/dilqem-esgerov-mene-irad-tutan-adamlar-yalan-danisir\/","url":"https:\/\/www.meydan.tv\/az\/article\/dilqem-esgerov-mene-irad-tutan-adamlar-yalan-danisir\/","name":"Dilq\u0259m \u018fsg\u0259rov: \u201cM\u0259n\u0259 irad tutan adamlar yalan dan\u0131\u015f\u0131r\u201d - MEYDAN.TV","isPartOf":{"@id":"https:\/\/www.meydan.tv\/az\/#website"},"primaryImageOfPage":{"@id":"https:\/\/www.meydan.tv\/az\/article\/dilqem-esgerov-mene-irad-tutan-adamlar-yalan-danisir\/#primaryimage"},"image":{"@id":"https:\/\/www.meydan.tv\/az\/article\/dilqem-esgerov-mene-irad-tutan-adamlar-yalan-danisir\/#primaryimage"},"thumbnailUrl":"https:\/\/www.meydan.tv\/wp-content\/uploads\/screenshot_4_oho4ran.png","datePublished":"2021-04-10T18:07:28+00:00","breadcrumb":{"@id":"https:\/\/www.meydan.tv\/az\/article\/dilqem-esgerov-mene-irad-tutan-adamlar-yalan-danisir\/#breadcrumb"},"inLanguage":"az","potentialAction":[{"@type":"ReadAction","target":["https:\/\/www.meydan.tv\/az\/article\/dilqem-esgerov-mene-irad-tutan-adamlar-yalan-danisir\/"]}]},{"@type":"ImageObject","inLanguage":"az","@id":"https:\/\/www.meydan.tv\/az\/article\/dilqem-esgerov-mene-irad-tutan-adamlar-yalan-danisir\/#primaryimage","url":"https:\/\/www.meydan.tv\/wp-content\/uploads\/screenshot_4_oho4ran.png","contentUrl":"https:\/\/www.meydan.tv\/wp-content\/uploads\/screenshot_4_oho4ran.png","width":1033,"height":610,"caption":"Source: Meydan Tv"},{"@type":"BreadcrumbList","@id":"https:\/\/www.meydan.tv\/az\/article\/dilqem-esgerov-mene-irad-tutan-adamlar-yalan-danisir\/#breadcrumb","itemListElement":[{"@type":"ListItem","position":1,"name":"Ana s\u0259hif\u0259","item":"https:\/\/www.meydan.tv\/az\/"},{"@type":"ListItem","position":2,"name":"Video","item":"https:\/\/www.meydan.tv\/az\/section\/video-2\/"},{"@type":"ListItem","position":3,"name":"Dilq\u0259m \u018fsg\u0259rov: \u201cM\u0259n\u0259 irad tutan adamlar yalan dan\u0131\u015f\u0131r\u201d"}]},{"@type":"WebSite","@id":"https:\/\/www.meydan.tv\/az\/#website","url":"https:\/\/www.meydan.tv\/az\/","name":"MEYDAN.TV","description":"Meydan TV Az\u0259rbaycan\u0131n media m\u0259kan\u0131ndak\u0131 alternativ s\u0259sidir","publisher":{"@id":"https:\/\/www.meydan.tv\/az\/#organization"},"potentialAction":[{"@type":"SearchAction","target":{"@type":"EntryPoint","urlTemplate":"https:\/\/www.meydan.tv\/az\/?s={search_term_string}"},"query-input":{"@type":"PropertyValueSpecification","valueRequired":true,"valueName":"search_term_string"}}],"inLanguage":"az"},{"@type":"Organization","@id":"https:\/\/www.meydan.tv\/az\/#organization","name":"Meydan TV","url":"https:\/\/www.meydan.tv\/az\/","logo":{"@type":"ImageObject","inLanguage":"az","@id":"https:\/\/www.meydan.tv\/az\/#\/schema\/logo\/image\/","url":"https:\/\/www.meydan.tv\/wp-content\/uploads\/2021\/07\/meydan-logo.svg","contentUrl":"https:\/\/www.meydan.tv\/wp-content\/uploads\/2021\/07\/meydan-logo.svg","width":195,"height":46,"caption":"Meydan TV"},"image":{"@id":"https:\/\/www.meydan.tv\/az\/#\/schema\/logo\/image\/"}},{"@type":"Person","@id":"https:\/\/www.meydan.tv\/az\/#\/schema\/person\/10d11eccf6da3662cf5fdab9806ea91a","name":"user-manager"}]}},"_links":{"self":[{"href":"https:\/\/www.meydan.tv\/az\/wp-json\/wp\/v2\/posts\/205718","targetHints":{"allow":["GET"]}}],"collection":[{"href":"https:\/\/www.meydan.tv\/az\/wp-json\/wp\/v2\/posts"}],"about":[{"href":"https:\/\/www.meydan.tv\/az\/wp-json\/wp\/v2\/types\/post"}],"author":[{"embeddable":true,"href":"https:\/\/www.meydan.tv\/az\/wp-json\/wp\/v2\/users\/11"}],"replies":[{"embeddable":true,"href":"https:\/\/www.meydan.tv\/az\/wp-json\/wp\/v2\/comments?post=205718"}],"version-history":[{"count":0,"href":"https:\/\/www.meydan.tv\/az\/wp-json\/wp\/v2\/posts\/205718\/revisions"}],"wp:featuredmedia":[{"embeddable":true,"href":"https:\/\/www.meydan.tv\/az\/wp-json\/wp\/v2\/media\/159201"}],"wp:attachment":[{"href":"https:\/\/www.meydan.tv\/az\/wp-json\/wp\/v2\/media?parent=205718"}],"wp:term":[{"taxonomy":"category","embeddable":true,"href":"https:\/\/www.meydan.tv\/az\/wp-json\/wp\/v2\/categories?post=205718"},{"taxonomy":"post_tag","embeddable":true,"href":"https:\/\/www.meydan.tv\/az\/wp-json\/wp\/v2\/tags?post=205718"}],"curies":[{"name":"wp","href":"https:\/\/api.w.org\/{rel}","templated":true}]}}