{"id":205715,"date":"2021-04-09T23:13:47","date_gmt":"2021-04-09T23:13:47","guid":{"rendered":"https:\/\/www.meydan.tv\/article\/qaranligin-hekayesi-hebsxana-heyatindan-behs-eden-kitab-isiq-uzu-gorub\/"},"modified":"2021-04-09T23:13:47","modified_gmt":"2021-04-09T23:13:47","slug":"qaranligin-hekayesi-hebsxana-heyatindan-behs-eden-kitab-isiq-uzu-gorub","status":"publish","type":"post","link":"https:\/\/www.meydan.tv\/az\/article\/qaranligin-hekayesi-hebsxana-heyatindan-behs-eden-kitab-isiq-uzu-gorub\/","title":{"rendered":"\u201cQaranl\u0131\u011f\u0131n hekay\u0259si\u201d \u2013 h\u0259bsxana h\u0259yat\u0131ndan b\u0259hs ed\u0259n kitab i\u015f\u0131q \u00fcz\u00fc g\u00f6r\u00fcb"},"content":{"rendered":"<p>\n  <i><br \/>\n    Siyasi f\u0259al \u0130lkin R\u00fcst\u0259mzad\u0259nin &quot;Qaranl\u0131\u011f\u0131n hekay\u0259si&quot; adl\u0131 kitab\u0131 \u00e7ap olunub.<br \/>\n  <\/i>\n<\/p>\n<p>\n  Kitabda m\u00fc\u0259llifin 2013-2019-cu ill\u0259r aras\u0131nda h\u0259bsxanada oldu\u011fu d\u00f6vrd\u0259 ya\u015fad\u0131\u011f\u0131, g\u00f6rd\u00fcy\u00fc hadis\u0259l\u0259rd\u0259n b\u0259hs olunur. Penitensiar Xidm\u0259tin m\u00fc\u0259ssis\u0259l\u0259rind\u0259ki i\u015fg\u0259nc\u0259l\u0259rin, m\u00fc\u0259ssis\u0259l\u0259r\u0259 x\u00fcsusi t\u0259yinatl\u0131lar yeridil\u0259rk\u0259n ya\u015fanan faci\u0259l\u0259rin, h\u0259bsxanalarda ged\u0259n kriminal g\u00fcc r\u0259qab\u0259tinin v\u0259 d\u00f6vl\u0259tin bu r\u0259qab\u0259td\u0259 i\u015ftirak\u0131n\u0131n, el\u0259c\u0259 d\u0259 bir \u00e7ox m\u00f6vzunun geni\u015f \u015f\u0259kild\u0259 q\u0259l\u0259m\u0259 al\u0131nd\u0131\u011f\u0131 400 s\u0259hif\u0259lik \u0259s\u0259r &quot;Qanun&quot; N\u0259\u015friyyat\u0131 t\u0259r\u0259find\u0259n \u00e7ap olunub.\n<\/p>\n<p>\n  Kitabda m\u00fc\u0259llifin h\u0259bsxanada ya\u015fad\u0131qlar\u0131 v\u0259 siyasi hadis\u0259l\u0259r\u0259 bax\u0131\u015flar\u0131 il\u0259 yana\u015f\u0131, Az\u0259rbaycan h\u0259bsxanalar\u0131n\u0131n indiy\u0259d\u0259k m\u0259tbuatda, \u0259d\u0259biyyatda \u00e7ox m\u0259hdud t\u0259svir olunan m\u0259hr\u0259m yanlar\u0131 da q\u0259l\u0259m\u0259 al\u0131n\u0131b.<\/p>\n","protected":false},"excerpt":{"rendered":"<p>Siyasi f\u0259al \u0130lkin R\u00fcst\u0259mzad\u0259nin &#8220;Qaranl\u0131\u011f\u0131n hekay\u0259si&#8221; adl\u0131 kitab\u0131 \u00e7ap olunub.<\/p>\n","protected":false},"author":11,"featured_media":159153,"comment_status":"closed","ping_status":"open","sticky":false,"template":"","format":"standard","meta":{"_acf_changed":false,"_sitemap_exclude":false,"_sitemap_priority":"","_sitemap_frequency":"","footnotes":""},"categories":[52],"tags":[],"class_list":["post-205715","post","type-post","status-publish","format-standard","has-post-thumbnail","hentry","category-medeniyyet","infinite-scroll-item","generate-columns","tablet-grid-50","mobile-grid-100","grid-parent","grid-33","no-featured-image-padding"],"acf":[],"yoast_head":"<!-- This site is optimized with the Yoast SEO plugin v27.4 - https:\/\/yoast.com\/product\/yoast-seo-wordpress\/ -->\n<title>\u201cQaranl\u0131\u011f\u0131n hekay\u0259si\u201d \u2013 h\u0259bsxana h\u0259yat\u0131ndan b\u0259hs ed\u0259n kitab i\u015f\u0131q \u00fcz\u00fc g\u00f6r\u00fcb - MEYDAN.TV<\/title>\n<meta name=\"robots\" content=\"index, follow, max-snippet:-1, max-image-preview:large, max-video-preview:-1\" \/>\n<link rel=\"canonical\" href=\"https:\/\/www.meydan.tv\/az\/article\/qaranligin-hekayesi-hebsxana-heyatindan-behs-eden-kitab-isiq-uzu-gorub\/\" \/>\n<meta property=\"og:locale\" content=\"az_AZ\" \/>\n<meta property=\"og:type\" content=\"article\" \/>\n<meta property=\"og:title\" content=\"\u201cQaranl\u0131\u011f\u0131n hekay\u0259si\u201d \u2013 h\u0259bsxana h\u0259yat\u0131ndan b\u0259hs ed\u0259n kitab i\u015f\u0131q \u00fcz\u00fc g\u00f6r\u00fcb - MEYDAN.TV\" \/>\n<meta property=\"og:description\" content=\"Siyasi f\u0259al \u0130lkin R\u00fcst\u0259mzad\u0259nin &quot;Qaranl\u0131\u011f\u0131n hekay\u0259si&quot; adl\u0131 kitab\u0131 \u00e7ap olunub.\" \/>\n<meta property=\"og:url\" content=\"https:\/\/www.meydan.tv\/az\/article\/qaranligin-hekayesi-hebsxana-heyatindan-behs-eden-kitab-isiq-uzu-gorub\/\" \/>\n<meta property=\"og:site_name\" content=\"MEYDAN.TV\" \/>\n<meta property=\"article:published_time\" content=\"2021-04-09T23:13:47+00:00\" \/>\n<meta property=\"og:image\" content=\"https:\/\/www.meydan.tv\/wp-content\/uploads\/sayt-cover3.png\" \/>\n\t<meta property=\"og:image:width\" content=\"1280\" \/>\n\t<meta property=\"og:image:height\" content=\"720\" \/>\n\t<meta property=\"og:image:type\" content=\"image\/png\" \/>\n<meta name=\"author\" content=\"user-manager\" \/>\n<meta name=\"twitter:card\" content=\"summary_large_image\" \/>\n<script type=\"application\/ld+json\" class=\"yoast-schema-graph\">{\"@context\":\"https:\\\/\\\/schema.org\",\"@graph\":[{\"@type\":\"Article\",\"@id\":\"https:\\\/\\\/www.meydan.tv\\\/az\\\/article\\\/qaranligin-hekayesi-hebsxana-heyatindan-behs-eden-kitab-isiq-uzu-gorub\\\/#article\",\"isPartOf\":{\"@id\":\"https:\\\/\\\/www.meydan.tv\\\/az\\\/article\\\/qaranligin-hekayesi-hebsxana-heyatindan-behs-eden-kitab-isiq-uzu-gorub\\\/\"},\"author\":{\"name\":\"user-manager\",\"@id\":\"https:\\\/\\\/www.meydan.tv\\\/az\\\/#\\\/schema\\\/person\\\/10d11eccf6da3662cf5fdab9806ea91a\"},\"headline\":\"\u201cQaranl\u0131\u011f\u0131n hekay\u0259si\u201d \u2013 h\u0259bsxana h\u0259yat\u0131ndan b\u0259hs ed\u0259n kitab i\u015f\u0131q \u00fcz\u00fc g\u00f6r\u00fcb\",\"datePublished\":\"2021-04-09T23:13:47+00:00\",\"mainEntityOfPage\":{\"@id\":\"https:\\\/\\\/www.meydan.tv\\\/az\\\/article\\\/qaranligin-hekayesi-hebsxana-heyatindan-behs-eden-kitab-isiq-uzu-gorub\\\/\"},\"wordCount\":194,\"publisher\":{\"@id\":\"https:\\\/\\\/www.meydan.tv\\\/az\\\/#organization\"},\"image\":{\"@id\":\"https:\\\/\\\/www.meydan.tv\\\/az\\\/article\\\/qaranligin-hekayesi-hebsxana-heyatindan-behs-eden-kitab-isiq-uzu-gorub\\\/#primaryimage\"},\"thumbnailUrl\":\"https:\\\/\\\/www.meydan.tv\\\/wp-content\\\/uploads\\\/sayt-cover3.png\",\"articleSection\":[\"M\u0259d\u0259niyy\u0259t\"],\"inLanguage\":\"az\"},{\"@type\":\"WebPage\",\"@id\":\"https:\\\/\\\/www.meydan.tv\\\/az\\\/article\\\/qaranligin-hekayesi-hebsxana-heyatindan-behs-eden-kitab-isiq-uzu-gorub\\\/\",\"url\":\"https:\\\/\\\/www.meydan.tv\\\/az\\\/article\\\/qaranligin-hekayesi-hebsxana-heyatindan-behs-eden-kitab-isiq-uzu-gorub\\\/\",\"name\":\"\u201cQaranl\u0131\u011f\u0131n hekay\u0259si\u201d \u2013 h\u0259bsxana h\u0259yat\u0131ndan b\u0259hs ed\u0259n kitab i\u015f\u0131q \u00fcz\u00fc g\u00f6r\u00fcb - MEYDAN.TV\",\"isPartOf\":{\"@id\":\"https:\\\/\\\/www.meydan.tv\\\/az\\\/#website\"},\"primaryImageOfPage\":{\"@id\":\"https:\\\/\\\/www.meydan.tv\\\/az\\\/article\\\/qaranligin-hekayesi-hebsxana-heyatindan-behs-eden-kitab-isiq-uzu-gorub\\\/#primaryimage\"},\"image\":{\"@id\":\"https:\\\/\\\/www.meydan.tv\\\/az\\\/article\\\/qaranligin-hekayesi-hebsxana-heyatindan-behs-eden-kitab-isiq-uzu-gorub\\\/#primaryimage\"},\"thumbnailUrl\":\"https:\\\/\\\/www.meydan.tv\\\/wp-content\\\/uploads\\\/sayt-cover3.png\",\"datePublished\":\"2021-04-09T23:13:47+00:00\",\"breadcrumb\":{\"@id\":\"https:\\\/\\\/www.meydan.tv\\\/az\\\/article\\\/qaranligin-hekayesi-hebsxana-heyatindan-behs-eden-kitab-isiq-uzu-gorub\\\/#breadcrumb\"},\"inLanguage\":\"az\",\"potentialAction\":[{\"@type\":\"ReadAction\",\"target\":[\"https:\\\/\\\/www.meydan.tv\\\/az\\\/article\\\/qaranligin-hekayesi-hebsxana-heyatindan-behs-eden-kitab-isiq-uzu-gorub\\\/\"]}]},{\"@type\":\"ImageObject\",\"inLanguage\":\"az\",\"@id\":\"https:\\\/\\\/www.meydan.tv\\\/az\\\/article\\\/qaranligin-hekayesi-hebsxana-heyatindan-behs-eden-kitab-isiq-uzu-gorub\\\/#primaryimage\",\"url\":\"https:\\\/\\\/www.meydan.tv\\\/wp-content\\\/uploads\\\/sayt-cover3.png\",\"contentUrl\":\"https:\\\/\\\/www.meydan.tv\\\/wp-content\\\/uploads\\\/sayt-cover3.png\",\"width\":1280,\"height\":720,\"caption\":\"Source: Meydan.TV\"},{\"@type\":\"BreadcrumbList\",\"@id\":\"https:\\\/\\\/www.meydan.tv\\\/az\\\/article\\\/qaranligin-hekayesi-hebsxana-heyatindan-behs-eden-kitab-isiq-uzu-gorub\\\/#breadcrumb\",\"itemListElement\":[{\"@type\":\"ListItem\",\"position\":1,\"name\":\"Ana s\u0259hif\u0259\",\"item\":\"https:\\\/\\\/www.meydan.tv\\\/az\\\/\"},{\"@type\":\"ListItem\",\"position\":2,\"name\":\"M\u0259d\u0259niyy\u0259t\",\"item\":\"https:\\\/\\\/www.meydan.tv\\\/az\\\/section\\\/medeniyyet\\\/\"},{\"@type\":\"ListItem\",\"position\":3,\"name\":\"\u201cQaranl\u0131\u011f\u0131n hekay\u0259si\u201d \u2013 h\u0259bsxana h\u0259yat\u0131ndan b\u0259hs ed\u0259n kitab i\u015f\u0131q \u00fcz\u00fc g\u00f6r\u00fcb\"}]},{\"@type\":\"WebSite\",\"@id\":\"https:\\\/\\\/www.meydan.tv\\\/az\\\/#website\",\"url\":\"https:\\\/\\\/www.meydan.tv\\\/az\\\/\",\"name\":\"MEYDAN.TV\",\"description\":\"Meydan TV Az\u0259rbaycan\u0131n media m\u0259kan\u0131ndak\u0131 alternativ s\u0259sidir\",\"publisher\":{\"@id\":\"https:\\\/\\\/www.meydan.tv\\\/az\\\/#organization\"},\"potentialAction\":[{\"@type\":\"SearchAction\",\"target\":{\"@type\":\"EntryPoint\",\"urlTemplate\":\"https:\\\/\\\/www.meydan.tv\\\/az\\\/?s={search_term_string}\"},\"query-input\":{\"@type\":\"PropertyValueSpecification\",\"valueRequired\":true,\"valueName\":\"search_term_string\"}}],\"inLanguage\":\"az\"},{\"@type\":\"Organization\",\"@id\":\"https:\\\/\\\/www.meydan.tv\\\/az\\\/#organization\",\"name\":\"Meydan TV\",\"url\":\"https:\\\/\\\/www.meydan.tv\\\/az\\\/\",\"logo\":{\"@type\":\"ImageObject\",\"inLanguage\":\"az\",\"@id\":\"https:\\\/\\\/www.meydan.tv\\\/az\\\/#\\\/schema\\\/logo\\\/image\\\/\",\"url\":\"https:\\\/\\\/www.meydan.tv\\\/wp-content\\\/uploads\\\/2021\\\/07\\\/meydan-logo.svg\",\"contentUrl\":\"https:\\\/\\\/www.meydan.tv\\\/wp-content\\\/uploads\\\/2021\\\/07\\\/meydan-logo.svg\",\"width\":195,\"height\":46,\"caption\":\"Meydan TV\"},\"image\":{\"@id\":\"https:\\\/\\\/www.meydan.tv\\\/az\\\/#\\\/schema\\\/logo\\\/image\\\/\"}},{\"@type\":\"Person\",\"@id\":\"https:\\\/\\\/www.meydan.tv\\\/az\\\/#\\\/schema\\\/person\\\/10d11eccf6da3662cf5fdab9806ea91a\",\"name\":\"user-manager\"}]}<\/script>\n<!-- \/ Yoast SEO plugin. -->","yoast_head_json":{"title":"\u201cQaranl\u0131\u011f\u0131n hekay\u0259si\u201d \u2013 h\u0259bsxana h\u0259yat\u0131ndan b\u0259hs ed\u0259n kitab i\u015f\u0131q \u00fcz\u00fc g\u00f6r\u00fcb - MEYDAN.TV","robots":{"index":"index","follow":"follow","max-snippet":"max-snippet:-1","max-image-preview":"max-image-preview:large","max-video-preview":"max-video-preview:-1"},"canonical":"https:\/\/www.meydan.tv\/az\/article\/qaranligin-hekayesi-hebsxana-heyatindan-behs-eden-kitab-isiq-uzu-gorub\/","og_locale":"az_AZ","og_type":"article","og_title":"\u201cQaranl\u0131\u011f\u0131n hekay\u0259si\u201d \u2013 h\u0259bsxana h\u0259yat\u0131ndan b\u0259hs ed\u0259n kitab i\u015f\u0131q \u00fcz\u00fc g\u00f6r\u00fcb - MEYDAN.TV","og_description":"Siyasi f\u0259al \u0130lkin R\u00fcst\u0259mzad\u0259nin \"Qaranl\u0131\u011f\u0131n hekay\u0259si\" adl\u0131 kitab\u0131 \u00e7ap olunub.","og_url":"https:\/\/www.meydan.tv\/az\/article\/qaranligin-hekayesi-hebsxana-heyatindan-behs-eden-kitab-isiq-uzu-gorub\/","og_site_name":"MEYDAN.TV","article_published_time":"2021-04-09T23:13:47+00:00","og_image":[{"width":1280,"height":720,"url":"https:\/\/www.meydan.tv\/wp-content\/uploads\/sayt-cover3.png","type":"image\/png"}],"author":"user-manager","twitter_card":"summary_large_image","schema":{"@context":"https:\/\/schema.org","@graph":[{"@type":"Article","@id":"https:\/\/www.meydan.tv\/az\/article\/qaranligin-hekayesi-hebsxana-heyatindan-behs-eden-kitab-isiq-uzu-gorub\/#article","isPartOf":{"@id":"https:\/\/www.meydan.tv\/az\/article\/qaranligin-hekayesi-hebsxana-heyatindan-behs-eden-kitab-isiq-uzu-gorub\/"},"author":{"name":"user-manager","@id":"https:\/\/www.meydan.tv\/az\/#\/schema\/person\/10d11eccf6da3662cf5fdab9806ea91a"},"headline":"\u201cQaranl\u0131\u011f\u0131n hekay\u0259si\u201d \u2013 h\u0259bsxana h\u0259yat\u0131ndan b\u0259hs ed\u0259n kitab i\u015f\u0131q \u00fcz\u00fc g\u00f6r\u00fcb","datePublished":"2021-04-09T23:13:47+00:00","mainEntityOfPage":{"@id":"https:\/\/www.meydan.tv\/az\/article\/qaranligin-hekayesi-hebsxana-heyatindan-behs-eden-kitab-isiq-uzu-gorub\/"},"wordCount":194,"publisher":{"@id":"https:\/\/www.meydan.tv\/az\/#organization"},"image":{"@id":"https:\/\/www.meydan.tv\/az\/article\/qaranligin-hekayesi-hebsxana-heyatindan-behs-eden-kitab-isiq-uzu-gorub\/#primaryimage"},"thumbnailUrl":"https:\/\/www.meydan.tv\/wp-content\/uploads\/sayt-cover3.png","articleSection":["M\u0259d\u0259niyy\u0259t"],"inLanguage":"az"},{"@type":"WebPage","@id":"https:\/\/www.meydan.tv\/az\/article\/qaranligin-hekayesi-hebsxana-heyatindan-behs-eden-kitab-isiq-uzu-gorub\/","url":"https:\/\/www.meydan.tv\/az\/article\/qaranligin-hekayesi-hebsxana-heyatindan-behs-eden-kitab-isiq-uzu-gorub\/","name":"\u201cQaranl\u0131\u011f\u0131n hekay\u0259si\u201d \u2013 h\u0259bsxana h\u0259yat\u0131ndan b\u0259hs ed\u0259n kitab i\u015f\u0131q \u00fcz\u00fc g\u00f6r\u00fcb - MEYDAN.TV","isPartOf":{"@id":"https:\/\/www.meydan.tv\/az\/#website"},"primaryImageOfPage":{"@id":"https:\/\/www.meydan.tv\/az\/article\/qaranligin-hekayesi-hebsxana-heyatindan-behs-eden-kitab-isiq-uzu-gorub\/#primaryimage"},"image":{"@id":"https:\/\/www.meydan.tv\/az\/article\/qaranligin-hekayesi-hebsxana-heyatindan-behs-eden-kitab-isiq-uzu-gorub\/#primaryimage"},"thumbnailUrl":"https:\/\/www.meydan.tv\/wp-content\/uploads\/sayt-cover3.png","datePublished":"2021-04-09T23:13:47+00:00","breadcrumb":{"@id":"https:\/\/www.meydan.tv\/az\/article\/qaranligin-hekayesi-hebsxana-heyatindan-behs-eden-kitab-isiq-uzu-gorub\/#breadcrumb"},"inLanguage":"az","potentialAction":[{"@type":"ReadAction","target":["https:\/\/www.meydan.tv\/az\/article\/qaranligin-hekayesi-hebsxana-heyatindan-behs-eden-kitab-isiq-uzu-gorub\/"]}]},{"@type":"ImageObject","inLanguage":"az","@id":"https:\/\/www.meydan.tv\/az\/article\/qaranligin-hekayesi-hebsxana-heyatindan-behs-eden-kitab-isiq-uzu-gorub\/#primaryimage","url":"https:\/\/www.meydan.tv\/wp-content\/uploads\/sayt-cover3.png","contentUrl":"https:\/\/www.meydan.tv\/wp-content\/uploads\/sayt-cover3.png","width":1280,"height":720,"caption":"Source: Meydan.TV"},{"@type":"BreadcrumbList","@id":"https:\/\/www.meydan.tv\/az\/article\/qaranligin-hekayesi-hebsxana-heyatindan-behs-eden-kitab-isiq-uzu-gorub\/#breadcrumb","itemListElement":[{"@type":"ListItem","position":1,"name":"Ana s\u0259hif\u0259","item":"https:\/\/www.meydan.tv\/az\/"},{"@type":"ListItem","position":2,"name":"M\u0259d\u0259niyy\u0259t","item":"https:\/\/www.meydan.tv\/az\/section\/medeniyyet\/"},{"@type":"ListItem","position":3,"name":"\u201cQaranl\u0131\u011f\u0131n hekay\u0259si\u201d \u2013 h\u0259bsxana h\u0259yat\u0131ndan b\u0259hs ed\u0259n kitab i\u015f\u0131q \u00fcz\u00fc g\u00f6r\u00fcb"}]},{"@type":"WebSite","@id":"https:\/\/www.meydan.tv\/az\/#website","url":"https:\/\/www.meydan.tv\/az\/","name":"MEYDAN.TV","description":"Meydan TV Az\u0259rbaycan\u0131n media m\u0259kan\u0131ndak\u0131 alternativ s\u0259sidir","publisher":{"@id":"https:\/\/www.meydan.tv\/az\/#organization"},"potentialAction":[{"@type":"SearchAction","target":{"@type":"EntryPoint","urlTemplate":"https:\/\/www.meydan.tv\/az\/?s={search_term_string}"},"query-input":{"@type":"PropertyValueSpecification","valueRequired":true,"valueName":"search_term_string"}}],"inLanguage":"az"},{"@type":"Organization","@id":"https:\/\/www.meydan.tv\/az\/#organization","name":"Meydan TV","url":"https:\/\/www.meydan.tv\/az\/","logo":{"@type":"ImageObject","inLanguage":"az","@id":"https:\/\/www.meydan.tv\/az\/#\/schema\/logo\/image\/","url":"https:\/\/www.meydan.tv\/wp-content\/uploads\/2021\/07\/meydan-logo.svg","contentUrl":"https:\/\/www.meydan.tv\/wp-content\/uploads\/2021\/07\/meydan-logo.svg","width":195,"height":46,"caption":"Meydan TV"},"image":{"@id":"https:\/\/www.meydan.tv\/az\/#\/schema\/logo\/image\/"}},{"@type":"Person","@id":"https:\/\/www.meydan.tv\/az\/#\/schema\/person\/10d11eccf6da3662cf5fdab9806ea91a","name":"user-manager"}]}},"_links":{"self":[{"href":"https:\/\/www.meydan.tv\/az\/wp-json\/wp\/v2\/posts\/205715","targetHints":{"allow":["GET"]}}],"collection":[{"href":"https:\/\/www.meydan.tv\/az\/wp-json\/wp\/v2\/posts"}],"about":[{"href":"https:\/\/www.meydan.tv\/az\/wp-json\/wp\/v2\/types\/post"}],"author":[{"embeddable":true,"href":"https:\/\/www.meydan.tv\/az\/wp-json\/wp\/v2\/users\/11"}],"replies":[{"embeddable":true,"href":"https:\/\/www.meydan.tv\/az\/wp-json\/wp\/v2\/comments?post=205715"}],"version-history":[{"count":0,"href":"https:\/\/www.meydan.tv\/az\/wp-json\/wp\/v2\/posts\/205715\/revisions"}],"wp:featuredmedia":[{"embeddable":true,"href":"https:\/\/www.meydan.tv\/az\/wp-json\/wp\/v2\/media\/159153"}],"wp:attachment":[{"href":"https:\/\/www.meydan.tv\/az\/wp-json\/wp\/v2\/media?parent=205715"}],"wp:term":[{"taxonomy":"category","embeddable":true,"href":"https:\/\/www.meydan.tv\/az\/wp-json\/wp\/v2\/categories?post=205715"},{"taxonomy":"post_tag","embeddable":true,"href":"https:\/\/www.meydan.tv\/az\/wp-json\/wp\/v2\/tags?post=205715"}],"curies":[{"name":"wp","href":"https:\/\/api.w.org\/{rel}","templated":true}]}}