{"id":205694,"date":"2021-04-08T17:05:08","date_gmt":"2021-04-08T17:05:08","guid":{"rendered":"https:\/\/www.meydan.tv\/article\/efqan-muxtarli-gurcustana-niye-gedib\/"},"modified":"2021-04-08T17:05:08","modified_gmt":"2021-04-08T17:05:08","slug":"efqan-muxtarli-gurcustana-niye-gedib","status":"publish","type":"post","link":"https:\/\/www.meydan.tv\/az\/article\/efqan-muxtarli-gurcustana-niye-gedib\/","title":{"rendered":"\u018ffqan Muxtarl\u0131 G\u00fcrc\u00fcstana niy\u0259 gedib?"},"content":{"rendered":"<p>\n  <i><br \/>\n    Jurnalist: \u201cO\u011furlanma\u011f\u0131mla ba\u011fl\u0131 a\u00e7\u0131lm\u0131\u015f cinay\u0259t i\u015fi \u00fczr\u0259 ifad\u0259 ver\u0259c\u0259y\u0259m\u201d<br \/>\n  <\/i>\n<\/p>\n<p>\n  Az\u0259rbaycanl\u0131 jurnalist \u018ffqan Muxtarl\u0131 h\u0259bsind\u0259n sonra ilk d\u0259f\u0259 G\u00fcrc\u00fcstana gedib.\n<\/p>\n<p>\n  O deyir ki, Tbilisiy\u0259 getm\u0259 s\u0259b\u0259bi o\u011furlanmas\u0131 il\u0259 ba\u011fl\u0131 G\u00fcrc\u00fcstan Ba\u015f Prokurorlu\u011funda a\u00e7\u0131lan cinay\u0259t i\u015fi il\u0259 ba\u011fl\u0131d\u0131r.\n<\/p>\n<p>\n  Muxtarl\u0131n\u0131n s\u00f6zl\u0259rin\u0259 g\u00f6r\u0259, hadis\u0259nin \u00fcz\u0259rind\u0259n 5 il ke\u00e7s\u0259 d\u0259, he\u00e7 bir n\u0259tic\u0259 yoxdur, istintaq onun ist\u0259diyi kimi getmir: \u201cH\u0259bsd\u0259 oldu\u011fum m\u00fcdd\u0259td\u0259 G\u00fcrc\u00fcstan Prokurorlu\u011fu d\u0259f\u0259l\u0259rl\u0259 b\u0259yanat verib ki, Az\u0259rbaycan hakimiyy\u0259ti \u018ffqan Muxtarl\u0131dan izahat alma\u011f\u0131m\u0131za imkan vermir. M\u0259n s\u0259rb\u0259st burax\u0131ld\u0131\u011f\u0131m son 1 il \u0259rzind\u0259 is\u0259 prokurorluq m\u0259nd\u0259n izahat alma\u011fa c\u0259hd g\u00f6st\u0259rm\u0259yib. \u00d6z\u00fcm izahat verm\u0259k \u00fc\u00e7\u00fcn m\u00fcraci\u0259t etmi\u015f\u0259m. Bundan sonra Almaniya h\u00f6kum\u0259ti il\u0259 raz\u0131la\u015fd\u0131r\u0131b m\u0259n\u0259 suallar g\u00f6nd\u0259ribl\u0259r. Suallar\u0131 cavabland\u0131rm\u0131\u015fam. Ancaq d\u00fc\u015f\u00fcn\u00fcr\u0259m ki, istintaq bel\u0259 apar\u0131lmamal\u0131d\u0131r\u201d.\n<\/p>\n<p>\n  \u018ffqan Muxtarl\u0131 deyir ki, istintaq\u0131n gedi\u015find\u0259n naraz\u0131d\u0131r, ona g\u00f6r\u0259 d\u0259 bir ne\u00e7\u0259 ay \u00f6nc\u0259 G\u00fcrc\u00fcstan\u0131n Ba\u015f Prokurorlu\u011funa yaz\u0131l\u0131 m\u00fcraci\u0259t edib.\n<\/p>\n<p>\n  Jurnalist m\u00fcraci\u0259tind\u0259 canl\u0131 izahat verm\u0259k \u00fc\u00e7\u00fcn G\u00fcrc\u00fcstana getm\u0259k ist\u0259diyini bildirib.\n<\/p>\n<p>\n  M\u00fcsb\u0259t cavab almas\u0131na baxmayaraq, onu G\u00fcrc\u00fcstana buraxmay\u0131blar: \u201cO zaman G\u00fcrc\u00fcstana ancaq G\u00fcrc\u00fcstan Hava Yollar\u0131 u\u00e7u\u015f t\u0259\u015fkil edirdi. \u015e\u0259rt var idi ki, \u00f6lk\u0259y\u0259 g\u0259lm\u0259d\u0259n \u00f6nc\u0259 giri\u015f \u00fc\u00e7\u00fcn qeydiyyatdan ke\u00e7m\u0259lisiniz. Eyni zamanda, Avropa v\u0259t\u0259nda\u015flar\u0131 v\u0259 burada oturumu olan insanlar m\u0259nfi COV\u0130D-19 testi n\u0259tic\u0259si il\u0259 G\u00fcrc\u00fcstana ged\u0259 bil\u0259rdi. B\u00fct\u00fcn qaydalara \u0259m\u0259l etmi\u015fdim, amma \u00f6lk\u0259y\u0259 burax\u0131lmad\u0131m. M\u0259n\u0259 COV\u0130D-i b\u0259han\u0259 g\u0259tirdil\u0259r, ancaq bir m\u00fcdd\u0259t sonra G\u00fcrc\u00fcstan Parlamentinin spikeri o vaxt a\u00e7\u0131qlama ver\u0259r\u0259k bildirmi\u015fdi ki, \u018ffqan Muxtarl\u0131 Tbilisiy\u0259 g\u0259lm\u0259yinin ba\u015fqa s\u0259b\u0259bi var. O, se\u00e7ki\u00f6nc\u0259si \u00f6lk\u0259d\u0259ki siyasi v\u0259ziyy\u0259ti g\u0259rginl\u0259\u015fdirm\u0259k ist\u0259yir\u201d.\n<\/p>\n<p>\n  \u018ffqan Muxtarl\u0131 deyir ki, \u0259g\u0259r \u0259lind\u0259 bel\u0259 bir imkan olsayd\u0131, Tbilisiy\u0259 yox, Bak\u0131ya ged\u0259rdi:\n<\/p>\n<p>\n  \u201cDo\u011frudan da, demokratik h\u0259r\u0259katda ciddi m\u00fch\u00fcm rol oynaya bil\u0259rdims\u0259, bu enerjimi Tbilisiy\u0259 yox, Bak\u0131ya s\u0259rf ed\u0259rdim. A\u00e7\u0131qlama abdurd idi. H\u0259m o vaxtk\u0131, h\u0259m d\u0259 indiki s\u0259f\u0259rimin m\u0259qs\u0259di G\u00fcrc\u00fcstan Prokurorlu\u011funa gedib izahat verm\u0259k ist\u0259yimdir. O\u011furland\u0131\u011f\u0131m \u0259razini g\u00f6st\u0259rm\u0259k, hans\u0131 yolla Az\u0259rbaycana apar\u0131ld\u0131\u011f\u0131m\u0131 bildirm\u0259k ist\u0259yir\u0259m. \u018fslind\u0259, bu i\u015fl\u0259ri g\u00f6rm\u0259k \u00fc\u00e7\u00fcn prokurorluq \u00f6z\u00fc s\u0259y g\u00f6st\u0259rm\u0259li, m\u0259nim G\u00fcrc\u00fcstana s\u0259f\u0259rimi t\u0259\u015fkil etm\u0259li idi. Amma bunu etm\u0259dil\u0259r. G\u00f6r\u00fcn\u00fcr, cinay\u0259t i\u015finin a\u00e7\u0131lmas\u0131nda maraql\u0131 deyill\u0259r. Ona g\u00f6r\u0259 d\u0259 i\u015fi uzad\u0131b, yaddan \u00e7\u0131xarmaq v\u0259 qapatmaq niyy\u0259tind\u0259dirl\u0259r. Amma m\u0259n v\u0259 v\u0259kill\u0259rim d\u00fc\u015f\u00fcn\u00fcr\u00fck ki, biz prokurorlu\u011fun bu ist\u0259yin\u0259 qar\u015f\u0131 \u00e7\u0131xmal\u0131y\u0131q, buna mane olmal\u0131y\u0131q v\u0259 i\u015fin ara\u015fd\u0131r\u0131lmas\u0131n\u0131 t\u0259l\u0259b etm\u0259liyik\u201d.\n<\/p>\n<p>\n  Jurnalist deyir ki, bir m\u00fcdd\u0259t \u0259vv\u0259l G\u00fcrc\u00fcstan\u0131n Ba\u015f Prokurorlu\u011funa sor\u011fu da g\u00f6nd\u0259rib. \u0130\u015fin gedi\u015fat\u0131 il\u0259 maraqlan\u0131b. Deyir ki, ona \u00fcmumi s\u00f6zl\u0259rd\u0259n ibar\u0259t cavab g\u00f6nd\u0259ribl\u0259r.\n<\/p>\n<p>\n  Deyibl\u0259r ki, onun Almaniyada verdiyi izahat i\u015fin ara\u015fd\u0131r\u0131lmas\u0131nda x\u00fcsusi rol oynay\u0131r, istintaq\u0131n gedi\u015fini s\u00fcr\u0259tl\u0259ndirir: \u201cAncaq izahat\u0131m\u0131n konkret hans\u0131 rolu oynamas\u0131, s\u00fcr\u0259tl\u0259nm\u0259nin n\u0259d\u0259n ibar\u0259t olmas\u0131 haqq\u0131nda bir s\u00f6z dem\u0259yibl\u0259r. Cavab s\u00f6z y\u0131\u011f\u0131n\u0131ndan ibar\u0259tdir. Sanki cavab xatrin\u0259 yaz\u0131l\u0131b\u201d.\n<\/p>\n<p>\n  \u018ffqan Muxtarl\u0131 G\u00fcrc\u00fcstana g\u0259l\u0259nd\u0259 pasport yoxlamas\u0131ndan rahat ke\u00e7diyini deyir, ancaq hava liman\u0131n\u0131n i\u00e7ind\u0259 onu polisl\u0259r qar\u015f\u0131lay\u0131b:\n<\/p>\n<p>\n  \u201cBuran\u0131n s\u0259rh\u0259d xidm\u0259ti D\u0130N-in departamenti oldu\u011funa g\u00f6r\u0259 s\u0259rh\u0259d\u00e7il\u0259r d\u0259 g\u0259lmi\u015fdil\u0259r. Yenid\u0259n m\u0259ni neytral zonaya ke\u00e7irdil\u0259r. \u0130lk n\u00f6vb\u0259d\u0259 dedil\u0259r ki, baqaj\u0131n\u0131z yoxlanmay\u0131b. Onu yenid\u0259n yoxlad\u0131lar. Sonra dedil\u0259r ki, bir s\u0131ra suallara cavab verm\u0259lisiniz. N\u0259 is\u0259 1 saata yax\u0131n orda g\u00f6zl\u0259dim v\u0259 sonda bir ne\u00e7\u0259 m\u0259nas\u0131z sual verdil\u0259r. Pulun varm\u0131, ne\u00e7\u0259 g\u00fcn qalacaqsan v\u0259 s. kimi. D\u00fc\u015f\u00fcn\u00fcr\u0259m ki, m\u0259ni yubad\u0131b \u00f6lk\u0259 r\u0259hb\u0259rliyind\u0259n izin al\u0131rd\u0131lar. 1 saat \u0259rzind\u0259 m\u0259niml\u0259 \u00e7ox m\u0259d\u0259ni davrand\u0131lar, h\u0259tta birinci yax\u0131nla\u015fanda m\u0259n\u0259 dedil\u0259r ki, sizi buraxaca\u011f\u0131q, formal bir \u015feydir, narahat olmay\u0131n. El\u0259 d\u0259 oldu, 1 saat sonra burax\u0131ld\u0131m\u201d.\n<\/p>\n<p>\n  Tbilisiy\u0259 g\u0259l\u0259n kimi \u018ffqan Muxtarl\u0131n\u0131n v\u0259kill\u0259ri Ba\u015f Prokurorlu\u011fa m\u00fcraci\u0259t edibl\u0259r. O, bu g\u00fcn izahat ver\u0259c\u0259yini, n\u00f6vb\u0259ti g\u00fcn is\u0259 cinay\u0259t yerini g\u00f6st\u0259rm\u0259y\u0259 ged\u0259c\u0259k:\n<\/p>\n<p>\n  \u201cBir s\u00f6zl\u0259, m\u0259nim ist\u0259diyim odur ki, m\u0259nd\u0259n d\u00fcz-\u0259m\u0259lli izahat al\u0131ns\u0131n. \u0130fad\u0259m \u0259sas\u0131nda m\u0259ni o\u011furlayan adamlar\u0131n fotorobotu haz\u0131rlanmal\u0131d\u0131r. Cinay\u0259t ba\u015f ver\u0259n yerd\u0259 kameralar var. Onlara bax\u0131\u015f ke\u00e7irm\u0259lidirl\u0259r. O vaxt m\u0259nim az\u0259rbaycanl\u0131 v\u0259kill\u0259rim m\u0259nd\u0259n izahat al\u0131b, G\u00fcrc\u00fcstan h\u00f6kum\u0259tin\u0259 g\u00f6nd\u0259rmi\u015fdi. Prokurorluq bu izahat\u0131 q\u0259bul etm\u0259mi\u015fdi ki, biz birba\u015fa \u018ffqan Muxtarl\u0131 il\u0259 dan\u0131\u015fmal\u0131y\u0131q. H\u0259bsd\u0259 oldu\u011fum 3 il \u0259rzind\u0259 d\u0259 b\u0259yan etmi\u015fdil\u0259r ki, ifad\u0259 almalar\u0131na Az\u0259rbaycan h\u00f6kum\u0259ti imkan vermir. O zaman G\u00fcrc\u00fcstan\u0131n Az\u0259rbaycandak\u0131 s\u0259firliyin\u0259 d\u0259 m\u00fcraci\u0259t etmi\u015fdim ki, g\u0259lib m\u0259niml\u0259 g\u00f6r\u00fc\u015fs\u00fcnl\u0259r, izahat als\u0131nlar. D\u00fc\u015f\u00fcn\u00fcr\u0259m ki, bunu ist\u0259s\u0259ydil\u0259r, ed\u0259 bil\u0259rdil\u0259r. Az\u0259rbaycan h\u00f6kum\u0259ti qar\u015f\u0131s\u0131n\u0131 almazd\u0131\u201d.\n<\/p>\n<p>\n  Jurnalist d\u00fc\u015f\u00fcn\u00fcr ki, ba\u015f ver\u0259n cinay\u0259t \u0259m\u0259li h\u0259r iki \u00f6lk\u0259nin r\u0259hb\u0259rliyinin raz\u0131l\u0131\u011f\u0131 \u0259sas\u0131nda olub. \u0130\u015fd\u0259 Az\u0259rbaycan t\u0259r\u0259find\u0259n birba\u015fa D\u00f6vl\u0259t S\u0259rh\u0259d Xidm\u0259ti v\u0259 D\u00f6vl\u0259t T\u0259hl\u00fck\u0259sizlik Xidm\u0259ti i\u015ftirak edib. G\u00fcrc\u00fcstan t\u0259r\u0259find\u0259n is\u0259 yen\u0259 D\u00f6vl\u0259t S\u0259rh\u0259d Departamenti, Daxili \u0130\u015fl\u0259r Nazirliyi, Kriminal Polis, Lagadexi G\u00f6mr\u00fck ke\u00e7id m\u0259nt\u0259q\u0259sinin r\u0259isi i\u015ftirak edibl\u0259r\u201d.\n<\/p>\n<p>\n  \u018ffqan Muxtarl\u0131 2020-ci il oktyabr\u0131n 9-da 2017-ci ild\u0259 Tbilisid\u0259 o\u011furlanmas\u0131 il\u0259 ba\u011fl\u0131 G\u00fcrc\u00fcstan prokurorlu\u011funda ifad\u0259 verm\u0259k \u00fc\u00e7\u00fcn G\u00fcrc\u00fcstana getm\u0259k ist\u0259yib, ancaq G\u00fcrc\u00fcstan Hava Yollar\u0131 \u015firk\u0259tinin v\u0259 G\u00fcrc\u00fcstan konsullu\u011funun \u0259m\u0259kda\u015flar\u0131 ona mane olublar.\n<\/p>\n<p>\n  H\u0259min \u015f\u0259xsl\u0259r &quot;\u015eenefeld&quot; Hava Liman\u0131nda \u018ffqan Muxtarl\u0131n\u0131n \u00f6n\u00fcn\u00fc k\u0259sib v\u0259 bildiribl\u0259r ki, s\u0259n\u0259dl\u0259rind\u0259 yanl\u0131\u015fl\u0131q var. Buna g\u00f6r\u0259 G\u00fcrc\u00fcstana u\u00e7a bilm\u0259z.\n<\/p>\n<p>\n  Oturum izni il\u0259 G\u00fcrc\u00fcstanda ya\u015fayan jurnalist \u018ffqan Muxtarl\u0131 2017-ci il may\u0131n 29-da \u201cyoxa\u201d \u00e7\u0131x\u0131b v\u0259 s\u0259h\u0259ri g\u00fcn Az\u0259rbaycanda h\u0259bs edilib.\n<\/p>\n<p>\n  Dediyin\u0259 g\u00f6r\u0259, Tbilisid\u0259 saxlan\u0131b, i\u015fg\u0259nc\u0259 verilib, zorla s\u0259rh\u0259d\u0259 g\u0259tiril\u0259r\u0259k Az\u0259rbaycan t\u0259r\u0259fin\u0259 t\u0259hvil verilib. \u00dcst\u0259lik, cibin\u0259 10 min avro pul qoyulub.\n<\/p>\n<p>\n  Az\u0259rbaycan h\u00f6kum\u0259ti is\u0259 jurnalisti Cinay\u0259t M\u0259c\u0259ll\u0259sinin hakimiyy\u0259t n\u00fcmay\u0259nd\u0259sin\u0259 xidm\u0259ti v\u0259zif\u0259l\u0259rini yerin\u0259 yetir\u0259rk\u0259n ona qar\u015f\u0131 h\u0259yat v\u0259 sa\u011flaml\u0131q \u00fc\u00e7\u00fcn t\u0259hl\u00fck\u0259li olan zor t\u0259tbiq etm\u0259 madd\u0259si (315.2) il\u0259 ittiham edirdi.\n<\/p>\n<p>\n  Bundan ba\u015fqa, ona d\u00f6vl\u0259t s\u0259rh\u0259dini m\u00fc\u0259yy\u0259n edilmi\u015f s\u0259n\u0259dl\u0259r olmadan v\u0259 ya d\u00f6vl\u0259t s\u0259rh\u0259dinin n\u0259zar\u0259t-burax\u0131l\u0131\u015f m\u0259nt\u0259q\u0259l\u0259rind\u0259n k\u0259narda ke\u00e7m\u0259 (318.1) v\u0259 qa\u00e7aqmal\u00e7\u0131l\u0131q (206.1) madd\u0259l\u0259ri il\u0259 ittiham ir\u0259li s\u00fcr\u00fclm\u00fc\u015fd\u00fc.\n<\/p>\n<p>\n  H\u0259min ittihamlarla, o, 6 il azadl\u0131qdan m\u0259hrum edilib.\n<\/p>\n<p>\n  Beyn\u0259lxalq h\u00fcquq m\u00fcdafi\u0259 t\u0259\u015fkilatlar\u0131 \u018ffqan Muxtarl\u0131n\u0131 siyasi m\u0259hbus kimi tan\u0131y\u0131b.\n<\/p>\n<p>\n  2020-ci il mart\u0131n 17-d\u0259 jurnalist g\u00f6zl\u0259nilm\u0259d\u0259n h\u0259bsd\u0259n azad edilmi\u015f v\u0259 d\u0259rhal Almaniyaya g\u00f6nd\u0259rilmi\u015fdi. Ona Az\u0259rbaycanda do\u011fmalar\u0131 il\u0259 vidala\u015fma\u011fa bel\u0259 imkan verm\u0259mi\u015fdil\u0259r. H\u0259min vaxt a\u00e7\u0131qlamalar\u0131nda \u018ffqan Muxtarl\u0131 bildirmi\u015fdi ki, hakimiyy\u0259t, sad\u0259c\u0259, onun q\u0259timkan t\u0259dbirini d\u0259yi\u015fib \u2013 h\u0259bsxanan\u0131 \u00f6lk\u0259d\u0259n s\u00fcrg\u00fcnl\u0259 \u0259v\u0259zl\u0259yib.<\/p>\n","protected":false},"excerpt":{"rendered":"<p>&#8220;1 saat \u0259rzind\u0259 m\u0259niml\u0259 \u00e7ox m\u0259d\u0259ni davrand\u0131lar, h\u0259tta birinci yax\u0131nla\u015fanda m\u0259n\u0259 dedil\u0259r ki, sizi buraxaca\u011f\u0131q, formal bir \u015feydir, narahat olmay\u0131n&#8221;<\/p>\n","protected":false},"author":11,"featured_media":159030,"comment_status":"closed","ping_status":"open","sticky":false,"template":"","format":"standard","meta":{"_acf_changed":false,"_sitemap_exclude":false,"_sitemap_priority":"","_sitemap_frequency":"","footnotes":""},"categories":[63],"tags":[],"class_list":["post-205694","post","type-post","status-publish","format-standard","has-post-thumbnail","hentry","category-video-2","infinite-scroll-item","generate-columns","tablet-grid-50","mobile-grid-100","grid-parent","grid-33","no-featured-image-padding"],"acf":[],"yoast_head":"<!-- This site is optimized with the Yoast SEO plugin v27.5 - https:\/\/yoast.com\/product\/yoast-seo-wordpress\/ -->\n<title>\u018ffqan Muxtarl\u0131 G\u00fcrc\u00fcstana niy\u0259 gedib? - MEYDAN.TV<\/title>\n<meta name=\"robots\" content=\"index, follow, max-snippet:-1, max-image-preview:large, max-video-preview:-1\" \/>\n<link rel=\"canonical\" href=\"https:\/\/www.meydan.tv\/az\/article\/efqan-muxtarli-gurcustana-niye-gedib\/\" \/>\n<meta property=\"og:locale\" content=\"az_AZ\" \/>\n<meta property=\"og:type\" content=\"article\" \/>\n<meta property=\"og:title\" content=\"\u018ffqan Muxtarl\u0131 G\u00fcrc\u00fcstana niy\u0259 gedib? - MEYDAN.TV\" \/>\n<meta property=\"og:description\" content=\"&quot;1 saat \u0259rzind\u0259 m\u0259niml\u0259 \u00e7ox m\u0259d\u0259ni davrand\u0131lar, h\u0259tta birinci yax\u0131nla\u015fanda m\u0259n\u0259 dedil\u0259r ki, sizi buraxaca\u011f\u0131q, formal bir \u015feydir, narahat olmay\u0131n&quot;\" \/>\n<meta property=\"og:url\" content=\"https:\/\/www.meydan.tv\/az\/article\/efqan-muxtarli-gurcustana-niye-gedib\/\" \/>\n<meta property=\"og:site_name\" content=\"MEYDAN.TV\" \/>\n<meta property=\"article:published_time\" content=\"2021-04-08T17:05:08+00:00\" \/>\n<meta property=\"og:image\" content=\"https:\/\/www.meydan.tv\/wp-content\/uploads\/170326121_274535497552480_3922463000080704281_n.jpg\" \/>\n\t<meta property=\"og:image:width\" content=\"960\" \/>\n\t<meta property=\"og:image:height\" content=\"720\" \/>\n\t<meta property=\"og:image:type\" content=\"image\/jpeg\" \/>\n<meta name=\"author\" content=\"user-manager\" \/>\n<meta name=\"twitter:card\" content=\"summary_large_image\" \/>\n<script type=\"application\/ld+json\" class=\"yoast-schema-graph\">{\"@context\":\"https:\\\/\\\/schema.org\",\"@graph\":[{\"@type\":\"Article\",\"@id\":\"https:\\\/\\\/www.meydan.tv\\\/az\\\/article\\\/efqan-muxtarli-gurcustana-niye-gedib\\\/#article\",\"isPartOf\":{\"@id\":\"https:\\\/\\\/www.meydan.tv\\\/az\\\/article\\\/efqan-muxtarli-gurcustana-niye-gedib\\\/\"},\"author\":{\"name\":\"user-manager\",\"@id\":\"https:\\\/\\\/www.meydan.tv\\\/az\\\/#\\\/schema\\\/person\\\/10d11eccf6da3662cf5fdab9806ea91a\"},\"headline\":\"\u018ffqan Muxtarl\u0131 G\u00fcrc\u00fcstana niy\u0259 gedib?\",\"datePublished\":\"2021-04-08T17:05:08+00:00\",\"mainEntityOfPage\":{\"@id\":\"https:\\\/\\\/www.meydan.tv\\\/az\\\/article\\\/efqan-muxtarli-gurcustana-niye-gedib\\\/\"},\"wordCount\":1549,\"publisher\":{\"@id\":\"https:\\\/\\\/www.meydan.tv\\\/az\\\/#organization\"},\"image\":{\"@id\":\"https:\\\/\\\/www.meydan.tv\\\/az\\\/article\\\/efqan-muxtarli-gurcustana-niye-gedib\\\/#primaryimage\"},\"thumbnailUrl\":\"https:\\\/\\\/www.meydan.tv\\\/wp-content\\\/uploads\\\/170326121_274535497552480_3922463000080704281_n.jpg\",\"articleSection\":[\"Video\"],\"inLanguage\":\"az\"},{\"@type\":\"WebPage\",\"@id\":\"https:\\\/\\\/www.meydan.tv\\\/az\\\/article\\\/efqan-muxtarli-gurcustana-niye-gedib\\\/\",\"url\":\"https:\\\/\\\/www.meydan.tv\\\/az\\\/article\\\/efqan-muxtarli-gurcustana-niye-gedib\\\/\",\"name\":\"\u018ffqan Muxtarl\u0131 G\u00fcrc\u00fcstana niy\u0259 gedib? - MEYDAN.TV\",\"isPartOf\":{\"@id\":\"https:\\\/\\\/www.meydan.tv\\\/az\\\/#website\"},\"primaryImageOfPage\":{\"@id\":\"https:\\\/\\\/www.meydan.tv\\\/az\\\/article\\\/efqan-muxtarli-gurcustana-niye-gedib\\\/#primaryimage\"},\"image\":{\"@id\":\"https:\\\/\\\/www.meydan.tv\\\/az\\\/article\\\/efqan-muxtarli-gurcustana-niye-gedib\\\/#primaryimage\"},\"thumbnailUrl\":\"https:\\\/\\\/www.meydan.tv\\\/wp-content\\\/uploads\\\/170326121_274535497552480_3922463000080704281_n.jpg\",\"datePublished\":\"2021-04-08T17:05:08+00:00\",\"breadcrumb\":{\"@id\":\"https:\\\/\\\/www.meydan.tv\\\/az\\\/article\\\/efqan-muxtarli-gurcustana-niye-gedib\\\/#breadcrumb\"},\"inLanguage\":\"az\",\"potentialAction\":[{\"@type\":\"ReadAction\",\"target\":[\"https:\\\/\\\/www.meydan.tv\\\/az\\\/article\\\/efqan-muxtarli-gurcustana-niye-gedib\\\/\"]}]},{\"@type\":\"ImageObject\",\"inLanguage\":\"az\",\"@id\":\"https:\\\/\\\/www.meydan.tv\\\/az\\\/article\\\/efqan-muxtarli-gurcustana-niye-gedib\\\/#primaryimage\",\"url\":\"https:\\\/\\\/www.meydan.tv\\\/wp-content\\\/uploads\\\/170326121_274535497552480_3922463000080704281_n.jpg\",\"contentUrl\":\"https:\\\/\\\/www.meydan.tv\\\/wp-content\\\/uploads\\\/170326121_274535497552480_3922463000080704281_n.jpg\",\"width\":960,\"height\":720,\"caption\":\"Source: Facebook\"},{\"@type\":\"BreadcrumbList\",\"@id\":\"https:\\\/\\\/www.meydan.tv\\\/az\\\/article\\\/efqan-muxtarli-gurcustana-niye-gedib\\\/#breadcrumb\",\"itemListElement\":[{\"@type\":\"ListItem\",\"position\":1,\"name\":\"Ana s\u0259hif\u0259\",\"item\":\"https:\\\/\\\/www.meydan.tv\\\/az\\\/\"},{\"@type\":\"ListItem\",\"position\":2,\"name\":\"Video\",\"item\":\"https:\\\/\\\/www.meydan.tv\\\/az\\\/section\\\/video-2\\\/\"},{\"@type\":\"ListItem\",\"position\":3,\"name\":\"\u018ffqan Muxtarl\u0131 G\u00fcrc\u00fcstana niy\u0259 gedib?\"}]},{\"@type\":\"WebSite\",\"@id\":\"https:\\\/\\\/www.meydan.tv\\\/az\\\/#website\",\"url\":\"https:\\\/\\\/www.meydan.tv\\\/az\\\/\",\"name\":\"MEYDAN.TV\",\"description\":\"Meydan TV Az\u0259rbaycan\u0131n media m\u0259kan\u0131ndak\u0131 alternativ s\u0259sidir\",\"publisher\":{\"@id\":\"https:\\\/\\\/www.meydan.tv\\\/az\\\/#organization\"},\"potentialAction\":[{\"@type\":\"SearchAction\",\"target\":{\"@type\":\"EntryPoint\",\"urlTemplate\":\"https:\\\/\\\/www.meydan.tv\\\/az\\\/?s={search_term_string}\"},\"query-input\":{\"@type\":\"PropertyValueSpecification\",\"valueRequired\":true,\"valueName\":\"search_term_string\"}}],\"inLanguage\":\"az\"},{\"@type\":\"Organization\",\"@id\":\"https:\\\/\\\/www.meydan.tv\\\/az\\\/#organization\",\"name\":\"Meydan TV\",\"url\":\"https:\\\/\\\/www.meydan.tv\\\/az\\\/\",\"logo\":{\"@type\":\"ImageObject\",\"inLanguage\":\"az\",\"@id\":\"https:\\\/\\\/www.meydan.tv\\\/az\\\/#\\\/schema\\\/logo\\\/image\\\/\",\"url\":\"https:\\\/\\\/www.meydan.tv\\\/wp-content\\\/uploads\\\/2021\\\/07\\\/meydan-logo.svg\",\"contentUrl\":\"https:\\\/\\\/www.meydan.tv\\\/wp-content\\\/uploads\\\/2021\\\/07\\\/meydan-logo.svg\",\"width\":195,\"height\":46,\"caption\":\"Meydan TV\"},\"image\":{\"@id\":\"https:\\\/\\\/www.meydan.tv\\\/az\\\/#\\\/schema\\\/logo\\\/image\\\/\"}},{\"@type\":\"Person\",\"@id\":\"https:\\\/\\\/www.meydan.tv\\\/az\\\/#\\\/schema\\\/person\\\/10d11eccf6da3662cf5fdab9806ea91a\",\"name\":\"user-manager\"}]}<\/script>\n<!-- \/ Yoast SEO plugin. -->","yoast_head_json":{"title":"\u018ffqan Muxtarl\u0131 G\u00fcrc\u00fcstana niy\u0259 gedib? - MEYDAN.TV","robots":{"index":"index","follow":"follow","max-snippet":"max-snippet:-1","max-image-preview":"max-image-preview:large","max-video-preview":"max-video-preview:-1"},"canonical":"https:\/\/www.meydan.tv\/az\/article\/efqan-muxtarli-gurcustana-niye-gedib\/","og_locale":"az_AZ","og_type":"article","og_title":"\u018ffqan Muxtarl\u0131 G\u00fcrc\u00fcstana niy\u0259 gedib? - MEYDAN.TV","og_description":"\"1 saat \u0259rzind\u0259 m\u0259niml\u0259 \u00e7ox m\u0259d\u0259ni davrand\u0131lar, h\u0259tta birinci yax\u0131nla\u015fanda m\u0259n\u0259 dedil\u0259r ki, sizi buraxaca\u011f\u0131q, formal bir \u015feydir, narahat olmay\u0131n\"","og_url":"https:\/\/www.meydan.tv\/az\/article\/efqan-muxtarli-gurcustana-niye-gedib\/","og_site_name":"MEYDAN.TV","article_published_time":"2021-04-08T17:05:08+00:00","og_image":[{"width":960,"height":720,"url":"https:\/\/www.meydan.tv\/wp-content\/uploads\/170326121_274535497552480_3922463000080704281_n.jpg","type":"image\/jpeg"}],"author":"user-manager","twitter_card":"summary_large_image","schema":{"@context":"https:\/\/schema.org","@graph":[{"@type":"Article","@id":"https:\/\/www.meydan.tv\/az\/article\/efqan-muxtarli-gurcustana-niye-gedib\/#article","isPartOf":{"@id":"https:\/\/www.meydan.tv\/az\/article\/efqan-muxtarli-gurcustana-niye-gedib\/"},"author":{"name":"user-manager","@id":"https:\/\/www.meydan.tv\/az\/#\/schema\/person\/10d11eccf6da3662cf5fdab9806ea91a"},"headline":"\u018ffqan Muxtarl\u0131 G\u00fcrc\u00fcstana niy\u0259 gedib?","datePublished":"2021-04-08T17:05:08+00:00","mainEntityOfPage":{"@id":"https:\/\/www.meydan.tv\/az\/article\/efqan-muxtarli-gurcustana-niye-gedib\/"},"wordCount":1549,"publisher":{"@id":"https:\/\/www.meydan.tv\/az\/#organization"},"image":{"@id":"https:\/\/www.meydan.tv\/az\/article\/efqan-muxtarli-gurcustana-niye-gedib\/#primaryimage"},"thumbnailUrl":"https:\/\/www.meydan.tv\/wp-content\/uploads\/170326121_274535497552480_3922463000080704281_n.jpg","articleSection":["Video"],"inLanguage":"az"},{"@type":"WebPage","@id":"https:\/\/www.meydan.tv\/az\/article\/efqan-muxtarli-gurcustana-niye-gedib\/","url":"https:\/\/www.meydan.tv\/az\/article\/efqan-muxtarli-gurcustana-niye-gedib\/","name":"\u018ffqan Muxtarl\u0131 G\u00fcrc\u00fcstana niy\u0259 gedib? - MEYDAN.TV","isPartOf":{"@id":"https:\/\/www.meydan.tv\/az\/#website"},"primaryImageOfPage":{"@id":"https:\/\/www.meydan.tv\/az\/article\/efqan-muxtarli-gurcustana-niye-gedib\/#primaryimage"},"image":{"@id":"https:\/\/www.meydan.tv\/az\/article\/efqan-muxtarli-gurcustana-niye-gedib\/#primaryimage"},"thumbnailUrl":"https:\/\/www.meydan.tv\/wp-content\/uploads\/170326121_274535497552480_3922463000080704281_n.jpg","datePublished":"2021-04-08T17:05:08+00:00","breadcrumb":{"@id":"https:\/\/www.meydan.tv\/az\/article\/efqan-muxtarli-gurcustana-niye-gedib\/#breadcrumb"},"inLanguage":"az","potentialAction":[{"@type":"ReadAction","target":["https:\/\/www.meydan.tv\/az\/article\/efqan-muxtarli-gurcustana-niye-gedib\/"]}]},{"@type":"ImageObject","inLanguage":"az","@id":"https:\/\/www.meydan.tv\/az\/article\/efqan-muxtarli-gurcustana-niye-gedib\/#primaryimage","url":"https:\/\/www.meydan.tv\/wp-content\/uploads\/170326121_274535497552480_3922463000080704281_n.jpg","contentUrl":"https:\/\/www.meydan.tv\/wp-content\/uploads\/170326121_274535497552480_3922463000080704281_n.jpg","width":960,"height":720,"caption":"Source: Facebook"},{"@type":"BreadcrumbList","@id":"https:\/\/www.meydan.tv\/az\/article\/efqan-muxtarli-gurcustana-niye-gedib\/#breadcrumb","itemListElement":[{"@type":"ListItem","position":1,"name":"Ana s\u0259hif\u0259","item":"https:\/\/www.meydan.tv\/az\/"},{"@type":"ListItem","position":2,"name":"Video","item":"https:\/\/www.meydan.tv\/az\/section\/video-2\/"},{"@type":"ListItem","position":3,"name":"\u018ffqan Muxtarl\u0131 G\u00fcrc\u00fcstana niy\u0259 gedib?"}]},{"@type":"WebSite","@id":"https:\/\/www.meydan.tv\/az\/#website","url":"https:\/\/www.meydan.tv\/az\/","name":"MEYDAN.TV","description":"Meydan TV Az\u0259rbaycan\u0131n media m\u0259kan\u0131ndak\u0131 alternativ s\u0259sidir","publisher":{"@id":"https:\/\/www.meydan.tv\/az\/#organization"},"potentialAction":[{"@type":"SearchAction","target":{"@type":"EntryPoint","urlTemplate":"https:\/\/www.meydan.tv\/az\/?s={search_term_string}"},"query-input":{"@type":"PropertyValueSpecification","valueRequired":true,"valueName":"search_term_string"}}],"inLanguage":"az"},{"@type":"Organization","@id":"https:\/\/www.meydan.tv\/az\/#organization","name":"Meydan TV","url":"https:\/\/www.meydan.tv\/az\/","logo":{"@type":"ImageObject","inLanguage":"az","@id":"https:\/\/www.meydan.tv\/az\/#\/schema\/logo\/image\/","url":"https:\/\/www.meydan.tv\/wp-content\/uploads\/2021\/07\/meydan-logo.svg","contentUrl":"https:\/\/www.meydan.tv\/wp-content\/uploads\/2021\/07\/meydan-logo.svg","width":195,"height":46,"caption":"Meydan TV"},"image":{"@id":"https:\/\/www.meydan.tv\/az\/#\/schema\/logo\/image\/"}},{"@type":"Person","@id":"https:\/\/www.meydan.tv\/az\/#\/schema\/person\/10d11eccf6da3662cf5fdab9806ea91a","name":"user-manager"}]}},"_links":{"self":[{"href":"https:\/\/www.meydan.tv\/az\/wp-json\/wp\/v2\/posts\/205694","targetHints":{"allow":["GET"]}}],"collection":[{"href":"https:\/\/www.meydan.tv\/az\/wp-json\/wp\/v2\/posts"}],"about":[{"href":"https:\/\/www.meydan.tv\/az\/wp-json\/wp\/v2\/types\/post"}],"author":[{"embeddable":true,"href":"https:\/\/www.meydan.tv\/az\/wp-json\/wp\/v2\/users\/11"}],"replies":[{"embeddable":true,"href":"https:\/\/www.meydan.tv\/az\/wp-json\/wp\/v2\/comments?post=205694"}],"version-history":[{"count":0,"href":"https:\/\/www.meydan.tv\/az\/wp-json\/wp\/v2\/posts\/205694\/revisions"}],"wp:featuredmedia":[{"embeddable":true,"href":"https:\/\/www.meydan.tv\/az\/wp-json\/wp\/v2\/media\/159030"}],"wp:attachment":[{"href":"https:\/\/www.meydan.tv\/az\/wp-json\/wp\/v2\/media?parent=205694"}],"wp:term":[{"taxonomy":"category","embeddable":true,"href":"https:\/\/www.meydan.tv\/az\/wp-json\/wp\/v2\/categories?post=205694"},{"taxonomy":"post_tag","embeddable":true,"href":"https:\/\/www.meydan.tv\/az\/wp-json\/wp\/v2\/tags?post=205694"}],"curies":[{"name":"wp","href":"https:\/\/api.w.org\/{rel}","templated":true}]}}