{"id":205679,"date":"2021-04-08T08:48:52","date_gmt":"2021-04-08T08:48:52","guid":{"rendered":"https:\/\/www.meydan.tv\/article\/bu-qanunsuzluq-bize-aile-faciesi-yasatdi-baki-sakini-prezidentden-komek-isteyir\/"},"modified":"2021-04-08T08:48:52","modified_gmt":"2021-04-08T08:48:52","slug":"bu-qanunsuzluq-bize-aile-faciesi-yasatdi-baki-sakini-prezidentden-komek-isteyir","status":"publish","type":"post","link":"https:\/\/www.meydan.tv\/az\/article\/bu-qanunsuzluq-bize-aile-faciesi-yasatdi-baki-sakini-prezidentden-komek-isteyir\/","title":{"rendered":"&#8220;Bu qanunsuzluq biz\u0259 ail\u0259 faci\u0259si ya\u015fatd\u0131&#8221; &#8211; Bak\u0131 sakini Prezidentd\u0259n k\u00f6m\u0259k ist\u0259yir"},"content":{"rendered":"<p>\n  <i><br \/>\n    X\u0259qani Q\u0259dirov: \u201c\u0130slam K\u0259rimov \u0259m\u0259ll\u0259rinin m\u00fcqabilind\u0259 az c\u0259za al\u0131b\u201d<br \/>\n  <\/i>\n<\/p>\n<p>\n  Moskva D\u00f6vl\u0259t Beyn\u0259lxalq \u018flaq\u0259l\u0259r Universitetinin m\u0259zunu, 33 ya\u015fl\u0131 Bak\u0131 \u015f\u0259h\u0259r sakini Cavidan K\u0259rimov Prezident \u0130lham \u018fliyev\u0259 v\u0259 Birinci vitse-prezident Mehriban \u018fliyevaya video m\u00fcraci\u0259t edib. O, atas\u0131 \u0130slam K\u0259rimovun istintaq v\u0259 m\u0259hk\u0259m\u0259 orqanlar\u0131 t\u0259r\u0259find\u0259n qanunsuz h\u0259bs olunmas\u0131ndan v\u0259 bunun n\u0259tic\u0259sind\u0259 ail\u0259 faci\u0259si il\u0259 \u00fczl\u0259\u015fdikl\u0259rind\u0259n b\u0259hs edib. Cavidan K\u0259rimov atas\u0131n\u0131n i\u015f adam\u0131 X\u0259qani Q\u0259dirov t\u0259r\u0259find\u0259n aldad\u0131ld\u0131\u011f\u0131n\u0131 v\u0259 bu s\u0259b\u0259bd\u0259n b\u00fct\u00fcn varidat\u0131n\u0131 itirdiyini, son n\u0259tic\u0259 kimi h\u0259bs olundu\u011funu vur\u011fulay\u0131b.\n<\/p>\n<p>\n  \u0130slam K\u0259rimov Bak\u0131 A\u011f\u0131r Cinay\u0259tl\u0259r M\u0259hk\u0259m\u0259sinin 1 mart 2019-cu il tarixli q\u0259rar\u0131 il\u0259 6 il m\u00fcdd\u0259tin\u0259 azadl\u0131qdan m\u0259hrum edilib. O, Cinay\u0259t M\u0259c\u0259ll\u0259sinin 178.3.2-ci (d\u0259l\u0259duzluq) madd\u0259si il\u0259 t\u0259qsirli bilinib.\n<\/p>\n<p>\n  Bak\u0131 Apellyasiya M\u0259hk\u0259m\u0259si c\u0259zan\u0131 daha bir il art\u0131r\u0131b. Bu q\u0259rardan kassasiya \u015fikay\u0259tin\u0259 bu il aprel ay\u0131n\u0131n 9-da Ali M\u0259hk\u0259m\u0259nin Cinay\u0259t Kollegiyas\u0131 t\u0259r\u0259find\u0259n bax\u0131lacaq.\n<\/p>\n<p>\n  &quot;Ail\u0259miz bu g\u0259rgin g\u00fcnl\u0259rd\u0259 \u00e7ox b\u00f6y\u00fck stress ya\u015fad\u0131 v\u0259 bu hadis\u0259l\u0259r anam\u0131n s\u0259hh\u0259tin\u0259 a\u011f\u0131r t\u0259sir etdi. H\u0259kiml\u0259r ona \u00fcr\u0259k \u00e7at\u0131\u015fmazl\u0131\u011f\u0131 diaqnozu qoydular, aylarla-dava d\u0259rman h\u0259kiml\u0259r v\u0259&#8230; g\u00fcn\u00fcn birind\u0259 anam\u0131 g\u0259nc ya\u015f\u0131nda itirdik. Onun he\u00e7 50 ya\u015f\u0131 tamam olmam\u0131\u015fd\u0131, bu m\u00fcsib\u0259t ba\u015f\u0131m\u0131za g\u0259tiril\u0259n\u0259 q\u0259d\u0259r, sa\u011flam, xo\u015fb\u0259xt, ail\u0259sinin ba\u015f\u0131nda olan bir xan\u0131m idi. Bu d\u0259l\u0259duzluq, cinay\u0259t olay\u0131 onu bizim \u0259limizd\u0259n ald\u0131, biz\u0259 a\u011f\u0131r faci\u0259, sars\u0131nt\u0131 ya\u015fatd\u0131&quot;,- dey\u0259 C. K\u0259rimov m\u00fcraci\u0259tind\u0259 deyib.\n<\/p>\n<p>\n  Videom\u00fcraci\u0259td\u0259 daha sonra deyilir:\n<\/p>\n<p>\n  &quot;\u018fdal\u0259t namin\u0259 atam \u0130slam K\u0259rimovun bar\u0259sind\u0259 \u00e7\u0131xar\u0131lan b\u00fct\u00fcn h\u00f6kml\u0259r l\u0259\u011fv olunmal\u0131, i\u015f\u0259 b\u0259ra\u0259tverici \u0259saslarla xitam verilm\u0259lidir. Sizd\u0259n bir Az\u0259rbaycan v\u0259t\u0259nda\u015f\u0131 kimi rica edir\u0259m: Bu i\u015fi n\u0259zar\u0259t\u0259 g\u00f6t\u00fcr\u00fcn, \u0259dal\u0259tsizliyi durdurun, ail\u0259 faci\u0259miz\u0259 s\u0259b\u0259b olan insanlar\u0131n layiq oldu\u011fu \u015f\u0259kild\u0259 c\u0259zaland\u0131r\u0131n&quot;.\n<\/p>\n<p>\n  \u0130\u015fadam\u0131 X\u0259qani Q\u0259dirov is\u0259 hesab edir ki, \u0130slam K\u0259rimov bar\u0259sind\u0259 \u0259m\u0259ll\u0259rinin m\u00fcqabilind\u0259 y\u00fcng\u00fcl q\u0259rar \u00e7\u0131xar\u0131l\u0131b:\n<\/p>\n<p>\n  \u201c\u0130slam K\u0259rimov m\u0259ni \u00e7ox pis v\u0259ziyy\u0259t\u0259 sal\u0131b. M\u0259nim b\u00fct\u00fcn \u0259mlak\u0131m girovdad\u0131r. M\u0259s\u0259l\u0259y\u0259 h\u00fcquqi qiym\u0259t verilib, m\u0259hk\u0259m\u0259 d\u0259 h\u00f6km oxuyub. O\u011flunun m\u00fcraci\u0259ti ilk d\u0259f\u0259 deyil, m\u00fcxt\u0259lif saytlarda bu bar\u0259d\u0259 dan\u0131\u015f\u0131b. \u0130ndi m\u00fcraci\u0259t etm\u0259kl\u0259 m\u0259hk\u0259m\u0259\u00f6nc\u0259si xal y\u0131\u011fmaq ist\u0259yirl\u0259r\u201d.\n<\/p>\n<p>\n  X\u0259qani Q\u0259dirov deyib ki, faktlarla \u0130slam K\u0259rimovun d\u0259l\u0259duzluq \u0259m\u0259ll\u0259ri s\u00fcbut olunub:\n<\/p>\n<p>\n  \u201c1 sayl\u0131 ASAN Xidm\u0259t\u0259 ged\u0259r\u0259k m\u0259nim ad\u0131mdan saxta v\u0259kal\u0259tnam\u0259 d\u00fcz\u0259ldib v\u0259 onun \u0259sas\u0131nda m\u0259n\u0259 m\u0259xsus aksiyan\u0131 \u00f6z bac\u0131s\u0131 o\u011fluna verib. Bundan sonra bac\u0131s\u0131 o\u011flu il\u0259 birg\u0259 \u018ffqan\u0131stana gedib, h\u0259min aksiyan\u0131 \u00f6z ad\u0131na ke\u00e7irib. B\u00fct\u00fcn aksiyalar\u0131 birl\u0259\u015fdir\u0259r\u0259k, 50 faiz edib v\u0259 onu Tofiq H\u00fcseynov adl\u0131 az\u0259rbaycanl\u0131l i\u015f adam\u0131na 5 milyon dollar civar\u0131nda sat\u0131b. M\u0259hk\u0259m\u0259 prosesind\u0259 Tofiq H\u00fcseynov \u0130slam K\u0259rimova harda, nec\u0259 pul v\u0259saiti \u00f6d\u0259diyini s\u0259n\u0259dl\u0259rl\u0259 s\u00fcbut etdi. Bu q\u0259d\u0259r v\u0259saiti ald\u0131qdan sonra, o, kimd\u0259n v\u0259 n\u0259d\u0259n \u015fikay\u0259t edir?\u201d\n<\/p>\n<p>\n  Meydan TV \u0130slam K\u0259rimovun m\u0259hk\u0259m\u0259y\u0259 t\u0259qdim etdiyi ifad\u0259sin\u0259 \u0259lav\u0259ni d\u0259 \u0259ld\u0259 edib. H\u0259min \u0259lav\u0259d\u0259 \u0130slam K\u0259rimov X\u0259qani Q\u0259dirova m\u0259xsus s\u0259hml\u0259ri nec\u0259 \u0259ld\u0259 etdiyi bar\u0259d\u0259 yaz\u0131b. Bildirib ki, Tofiq H\u00fcseynov ona m\u0259xsus 25 faiz s\u0259hmi deyil, 50 faizlik s\u0259hm almaq ist\u0259yib. Bunun \u00fc\u00e7\u00fcn d\u0259 o, X\u0259qani Q\u0259dirovu prosesd\u0259n k\u0259narda qoyub.\n<\/p>\n<figure class=\"wp-block-image size-large\">\n  <img decoding=\"async\" src=\"https:\/\/www.meydan.tv\/az\/e401ec3a-3580-40ba-9629-d79c7c956a9c-jpeg\/\" alt=\"E401EC3A-3580-40BA-9629-D79C7C956A9C.jpeg\" class=\"wp-image-159012\"\/><figcaption>\n    S\u0259n\u0259d<br \/>\n  <\/figcaption><\/figure>\n<figure class=\"wp-block-image size-large\">\n  <img decoding=\"async\" src=\"https:\/\/www.meydan.tv\/az\/caab428e-759e-4f3c-b5da-80f990e13aa4-jpeg\/\" alt=\"CAAB428E-759E-4F3C-B5DA-80F990E13AA4.jpeg\" class=\"wp-image-159015\"\/><figcaption>\n    S\u0259n\u0259d<br \/>\n  <\/figcaption><\/figure>\n<figure class=\"wp-block-image size-large\">\n  <img decoding=\"async\" src=\"https:\/\/www.meydan.tv\/az\/90a9b98a-d71a-45fd-bc75-09493411938f-jpeg\/\" alt=\"90A9B98A-D71A-45FD-BC75-09493411938F.jpeg\" class=\"wp-image-159018\"\/><figcaption>\n    S\u0259n\u0259d<br \/>\n  <\/figcaption><\/figure>\n","protected":false},"excerpt":{"rendered":"<p>X\u0259qani Q\u0259dirov: \u201c\u0130slam K\u0259rimov \u0259m\u0259ll\u0259rinin m\u00fcqabilind\u0259 az c\u0259za al\u0131b\u201d<\/p>\n","protected":false},"author":11,"featured_media":159021,"comment_status":"closed","ping_status":"open","sticky":false,"template":"","format":"standard","meta":{"_acf_changed":false,"_sitemap_exclude":false,"_sitemap_priority":"","_sitemap_frequency":"","footnotes":""},"categories":[63],"tags":[],"class_list":["post-205679","post","type-post","status-publish","format-standard","has-post-thumbnail","hentry","category-video-2","infinite-scroll-item","generate-columns","tablet-grid-50","mobile-grid-100","grid-parent","grid-33","no-featured-image-padding"],"acf":[],"yoast_head":"<!-- This site is optimized with the Yoast SEO plugin v27.5 - https:\/\/yoast.com\/product\/yoast-seo-wordpress\/ -->\n<title>&quot;Bu qanunsuzluq biz\u0259 ail\u0259 faci\u0259si ya\u015fatd\u0131&quot; - Bak\u0131 sakini Prezidentd\u0259n k\u00f6m\u0259k ist\u0259yir - MEYDAN.TV<\/title>\n<meta name=\"robots\" content=\"index, follow, max-snippet:-1, max-image-preview:large, max-video-preview:-1\" \/>\n<link rel=\"canonical\" href=\"https:\/\/www.meydan.tv\/az\/article\/bu-qanunsuzluq-bize-aile-faciesi-yasatdi-baki-sakini-prezidentden-komek-isteyir\/\" \/>\n<meta property=\"og:locale\" content=\"az_AZ\" \/>\n<meta property=\"og:type\" content=\"article\" \/>\n<meta property=\"og:title\" content=\"&quot;Bu qanunsuzluq biz\u0259 ail\u0259 faci\u0259si ya\u015fatd\u0131&quot; - Bak\u0131 sakini Prezidentd\u0259n k\u00f6m\u0259k ist\u0259yir - MEYDAN.TV\" \/>\n<meta property=\"og:description\" content=\"X\u0259qani Q\u0259dirov: \u201c\u0130slam K\u0259rimov \u0259m\u0259ll\u0259rinin m\u00fcqabilind\u0259 az c\u0259za al\u0131b\u201d\" \/>\n<meta property=\"og:url\" content=\"https:\/\/www.meydan.tv\/az\/article\/bu-qanunsuzluq-bize-aile-faciesi-yasatdi-baki-sakini-prezidentden-komek-isteyir\/\" \/>\n<meta property=\"og:site_name\" content=\"MEYDAN.TV\" \/>\n<meta property=\"article:published_time\" content=\"2021-04-08T08:48:52+00:00\" \/>\n<meta property=\"og:image\" content=\"https:\/\/www.meydan.tv\/wp-content\/uploads\/cb90a795-fd4c-4ae0-b219-0ab048466dbf.jpeg\" \/>\n\t<meta property=\"og:image:width\" content=\"859\" \/>\n\t<meta property=\"og:image:height\" content=\"736\" \/>\n\t<meta property=\"og:image:type\" content=\"image\/jpeg\" \/>\n<meta name=\"author\" content=\"user-manager\" \/>\n<meta name=\"twitter:card\" content=\"summary_large_image\" \/>\n<script type=\"application\/ld+json\" class=\"yoast-schema-graph\">{\"@context\":\"https:\\\/\\\/schema.org\",\"@graph\":[{\"@type\":\"Article\",\"@id\":\"https:\\\/\\\/www.meydan.tv\\\/az\\\/article\\\/bu-qanunsuzluq-bize-aile-faciesi-yasatdi-baki-sakini-prezidentden-komek-isteyir\\\/#article\",\"isPartOf\":{\"@id\":\"https:\\\/\\\/www.meydan.tv\\\/az\\\/article\\\/bu-qanunsuzluq-bize-aile-faciesi-yasatdi-baki-sakini-prezidentden-komek-isteyir\\\/\"},\"author\":{\"name\":\"user-manager\",\"@id\":\"https:\\\/\\\/www.meydan.tv\\\/az\\\/#\\\/schema\\\/person\\\/10d11eccf6da3662cf5fdab9806ea91a\"},\"headline\":\"&#8220;Bu qanunsuzluq biz\u0259 ail\u0259 faci\u0259si ya\u015fatd\u0131&#8221; &#8211; Bak\u0131 sakini Prezidentd\u0259n k\u00f6m\u0259k ist\u0259yir\",\"datePublished\":\"2021-04-08T08:48:52+00:00\",\"mainEntityOfPage\":{\"@id\":\"https:\\\/\\\/www.meydan.tv\\\/az\\\/article\\\/bu-qanunsuzluq-bize-aile-faciesi-yasatdi-baki-sakini-prezidentden-komek-isteyir\\\/\"},\"wordCount\":756,\"publisher\":{\"@id\":\"https:\\\/\\\/www.meydan.tv\\\/az\\\/#organization\"},\"image\":{\"@id\":\"https:\\\/\\\/www.meydan.tv\\\/az\\\/article\\\/bu-qanunsuzluq-bize-aile-faciesi-yasatdi-baki-sakini-prezidentden-komek-isteyir\\\/#primaryimage\"},\"thumbnailUrl\":\"https:\\\/\\\/www.meydan.tv\\\/wp-content\\\/uploads\\\/cb90a795-fd4c-4ae0-b219-0ab048466dbf.jpeg\",\"articleSection\":[\"Video\"],\"inLanguage\":\"az\"},{\"@type\":\"WebPage\",\"@id\":\"https:\\\/\\\/www.meydan.tv\\\/az\\\/article\\\/bu-qanunsuzluq-bize-aile-faciesi-yasatdi-baki-sakini-prezidentden-komek-isteyir\\\/\",\"url\":\"https:\\\/\\\/www.meydan.tv\\\/az\\\/article\\\/bu-qanunsuzluq-bize-aile-faciesi-yasatdi-baki-sakini-prezidentden-komek-isteyir\\\/\",\"name\":\"\\\"Bu qanunsuzluq biz\u0259 ail\u0259 faci\u0259si ya\u015fatd\u0131\\\" - Bak\u0131 sakini Prezidentd\u0259n k\u00f6m\u0259k ist\u0259yir - MEYDAN.TV\",\"isPartOf\":{\"@id\":\"https:\\\/\\\/www.meydan.tv\\\/az\\\/#website\"},\"primaryImageOfPage\":{\"@id\":\"https:\\\/\\\/www.meydan.tv\\\/az\\\/article\\\/bu-qanunsuzluq-bize-aile-faciesi-yasatdi-baki-sakini-prezidentden-komek-isteyir\\\/#primaryimage\"},\"image\":{\"@id\":\"https:\\\/\\\/www.meydan.tv\\\/az\\\/article\\\/bu-qanunsuzluq-bize-aile-faciesi-yasatdi-baki-sakini-prezidentden-komek-isteyir\\\/#primaryimage\"},\"thumbnailUrl\":\"https:\\\/\\\/www.meydan.tv\\\/wp-content\\\/uploads\\\/cb90a795-fd4c-4ae0-b219-0ab048466dbf.jpeg\",\"datePublished\":\"2021-04-08T08:48:52+00:00\",\"breadcrumb\":{\"@id\":\"https:\\\/\\\/www.meydan.tv\\\/az\\\/article\\\/bu-qanunsuzluq-bize-aile-faciesi-yasatdi-baki-sakini-prezidentden-komek-isteyir\\\/#breadcrumb\"},\"inLanguage\":\"az\",\"potentialAction\":[{\"@type\":\"ReadAction\",\"target\":[\"https:\\\/\\\/www.meydan.tv\\\/az\\\/article\\\/bu-qanunsuzluq-bize-aile-faciesi-yasatdi-baki-sakini-prezidentden-komek-isteyir\\\/\"]}]},{\"@type\":\"ImageObject\",\"inLanguage\":\"az\",\"@id\":\"https:\\\/\\\/www.meydan.tv\\\/az\\\/article\\\/bu-qanunsuzluq-bize-aile-faciesi-yasatdi-baki-sakini-prezidentden-komek-isteyir\\\/#primaryimage\",\"url\":\"https:\\\/\\\/www.meydan.tv\\\/wp-content\\\/uploads\\\/cb90a795-fd4c-4ae0-b219-0ab048466dbf.jpeg\",\"contentUrl\":\"https:\\\/\\\/www.meydan.tv\\\/wp-content\\\/uploads\\\/cb90a795-fd4c-4ae0-b219-0ab048466dbf.jpeg\",\"width\":859,\"height\":736,\"caption\":\"Source: A.\"},{\"@type\":\"BreadcrumbList\",\"@id\":\"https:\\\/\\\/www.meydan.tv\\\/az\\\/article\\\/bu-qanunsuzluq-bize-aile-faciesi-yasatdi-baki-sakini-prezidentden-komek-isteyir\\\/#breadcrumb\",\"itemListElement\":[{\"@type\":\"ListItem\",\"position\":1,\"name\":\"Ana s\u0259hif\u0259\",\"item\":\"https:\\\/\\\/www.meydan.tv\\\/az\\\/\"},{\"@type\":\"ListItem\",\"position\":2,\"name\":\"Video\",\"item\":\"https:\\\/\\\/www.meydan.tv\\\/az\\\/section\\\/video-2\\\/\"},{\"@type\":\"ListItem\",\"position\":3,\"name\":\"&#8220;Bu qanunsuzluq biz\u0259 ail\u0259 faci\u0259si ya\u015fatd\u0131&#8221; &#8211; Bak\u0131 sakini Prezidentd\u0259n k\u00f6m\u0259k ist\u0259yir\"}]},{\"@type\":\"WebSite\",\"@id\":\"https:\\\/\\\/www.meydan.tv\\\/az\\\/#website\",\"url\":\"https:\\\/\\\/www.meydan.tv\\\/az\\\/\",\"name\":\"MEYDAN.TV\",\"description\":\"Meydan TV Az\u0259rbaycan\u0131n media m\u0259kan\u0131ndak\u0131 alternativ s\u0259sidir\",\"publisher\":{\"@id\":\"https:\\\/\\\/www.meydan.tv\\\/az\\\/#organization\"},\"potentialAction\":[{\"@type\":\"SearchAction\",\"target\":{\"@type\":\"EntryPoint\",\"urlTemplate\":\"https:\\\/\\\/www.meydan.tv\\\/az\\\/?s={search_term_string}\"},\"query-input\":{\"@type\":\"PropertyValueSpecification\",\"valueRequired\":true,\"valueName\":\"search_term_string\"}}],\"inLanguage\":\"az\"},{\"@type\":\"Organization\",\"@id\":\"https:\\\/\\\/www.meydan.tv\\\/az\\\/#organization\",\"name\":\"Meydan TV\",\"url\":\"https:\\\/\\\/www.meydan.tv\\\/az\\\/\",\"logo\":{\"@type\":\"ImageObject\",\"inLanguage\":\"az\",\"@id\":\"https:\\\/\\\/www.meydan.tv\\\/az\\\/#\\\/schema\\\/logo\\\/image\\\/\",\"url\":\"https:\\\/\\\/www.meydan.tv\\\/wp-content\\\/uploads\\\/2021\\\/07\\\/meydan-logo.svg\",\"contentUrl\":\"https:\\\/\\\/www.meydan.tv\\\/wp-content\\\/uploads\\\/2021\\\/07\\\/meydan-logo.svg\",\"width\":195,\"height\":46,\"caption\":\"Meydan TV\"},\"image\":{\"@id\":\"https:\\\/\\\/www.meydan.tv\\\/az\\\/#\\\/schema\\\/logo\\\/image\\\/\"}},{\"@type\":\"Person\",\"@id\":\"https:\\\/\\\/www.meydan.tv\\\/az\\\/#\\\/schema\\\/person\\\/10d11eccf6da3662cf5fdab9806ea91a\",\"name\":\"user-manager\"}]}<\/script>\n<!-- \/ Yoast SEO plugin. -->","yoast_head_json":{"title":"\"Bu qanunsuzluq biz\u0259 ail\u0259 faci\u0259si ya\u015fatd\u0131\" - Bak\u0131 sakini Prezidentd\u0259n k\u00f6m\u0259k ist\u0259yir - MEYDAN.TV","robots":{"index":"index","follow":"follow","max-snippet":"max-snippet:-1","max-image-preview":"max-image-preview:large","max-video-preview":"max-video-preview:-1"},"canonical":"https:\/\/www.meydan.tv\/az\/article\/bu-qanunsuzluq-bize-aile-faciesi-yasatdi-baki-sakini-prezidentden-komek-isteyir\/","og_locale":"az_AZ","og_type":"article","og_title":"\"Bu qanunsuzluq biz\u0259 ail\u0259 faci\u0259si ya\u015fatd\u0131\" - Bak\u0131 sakini Prezidentd\u0259n k\u00f6m\u0259k ist\u0259yir - MEYDAN.TV","og_description":"X\u0259qani Q\u0259dirov: \u201c\u0130slam K\u0259rimov \u0259m\u0259ll\u0259rinin m\u00fcqabilind\u0259 az c\u0259za al\u0131b\u201d","og_url":"https:\/\/www.meydan.tv\/az\/article\/bu-qanunsuzluq-bize-aile-faciesi-yasatdi-baki-sakini-prezidentden-komek-isteyir\/","og_site_name":"MEYDAN.TV","article_published_time":"2021-04-08T08:48:52+00:00","og_image":[{"width":859,"height":736,"url":"https:\/\/www.meydan.tv\/wp-content\/uploads\/cb90a795-fd4c-4ae0-b219-0ab048466dbf.jpeg","type":"image\/jpeg"}],"author":"user-manager","twitter_card":"summary_large_image","schema":{"@context":"https:\/\/schema.org","@graph":[{"@type":"Article","@id":"https:\/\/www.meydan.tv\/az\/article\/bu-qanunsuzluq-bize-aile-faciesi-yasatdi-baki-sakini-prezidentden-komek-isteyir\/#article","isPartOf":{"@id":"https:\/\/www.meydan.tv\/az\/article\/bu-qanunsuzluq-bize-aile-faciesi-yasatdi-baki-sakini-prezidentden-komek-isteyir\/"},"author":{"name":"user-manager","@id":"https:\/\/www.meydan.tv\/az\/#\/schema\/person\/10d11eccf6da3662cf5fdab9806ea91a"},"headline":"&#8220;Bu qanunsuzluq biz\u0259 ail\u0259 faci\u0259si ya\u015fatd\u0131&#8221; &#8211; Bak\u0131 sakini Prezidentd\u0259n k\u00f6m\u0259k ist\u0259yir","datePublished":"2021-04-08T08:48:52+00:00","mainEntityOfPage":{"@id":"https:\/\/www.meydan.tv\/az\/article\/bu-qanunsuzluq-bize-aile-faciesi-yasatdi-baki-sakini-prezidentden-komek-isteyir\/"},"wordCount":756,"publisher":{"@id":"https:\/\/www.meydan.tv\/az\/#organization"},"image":{"@id":"https:\/\/www.meydan.tv\/az\/article\/bu-qanunsuzluq-bize-aile-faciesi-yasatdi-baki-sakini-prezidentden-komek-isteyir\/#primaryimage"},"thumbnailUrl":"https:\/\/www.meydan.tv\/wp-content\/uploads\/cb90a795-fd4c-4ae0-b219-0ab048466dbf.jpeg","articleSection":["Video"],"inLanguage":"az"},{"@type":"WebPage","@id":"https:\/\/www.meydan.tv\/az\/article\/bu-qanunsuzluq-bize-aile-faciesi-yasatdi-baki-sakini-prezidentden-komek-isteyir\/","url":"https:\/\/www.meydan.tv\/az\/article\/bu-qanunsuzluq-bize-aile-faciesi-yasatdi-baki-sakini-prezidentden-komek-isteyir\/","name":"\"Bu qanunsuzluq biz\u0259 ail\u0259 faci\u0259si ya\u015fatd\u0131\" - Bak\u0131 sakini Prezidentd\u0259n k\u00f6m\u0259k ist\u0259yir - MEYDAN.TV","isPartOf":{"@id":"https:\/\/www.meydan.tv\/az\/#website"},"primaryImageOfPage":{"@id":"https:\/\/www.meydan.tv\/az\/article\/bu-qanunsuzluq-bize-aile-faciesi-yasatdi-baki-sakini-prezidentden-komek-isteyir\/#primaryimage"},"image":{"@id":"https:\/\/www.meydan.tv\/az\/article\/bu-qanunsuzluq-bize-aile-faciesi-yasatdi-baki-sakini-prezidentden-komek-isteyir\/#primaryimage"},"thumbnailUrl":"https:\/\/www.meydan.tv\/wp-content\/uploads\/cb90a795-fd4c-4ae0-b219-0ab048466dbf.jpeg","datePublished":"2021-04-08T08:48:52+00:00","breadcrumb":{"@id":"https:\/\/www.meydan.tv\/az\/article\/bu-qanunsuzluq-bize-aile-faciesi-yasatdi-baki-sakini-prezidentden-komek-isteyir\/#breadcrumb"},"inLanguage":"az","potentialAction":[{"@type":"ReadAction","target":["https:\/\/www.meydan.tv\/az\/article\/bu-qanunsuzluq-bize-aile-faciesi-yasatdi-baki-sakini-prezidentden-komek-isteyir\/"]}]},{"@type":"ImageObject","inLanguage":"az","@id":"https:\/\/www.meydan.tv\/az\/article\/bu-qanunsuzluq-bize-aile-faciesi-yasatdi-baki-sakini-prezidentden-komek-isteyir\/#primaryimage","url":"https:\/\/www.meydan.tv\/wp-content\/uploads\/cb90a795-fd4c-4ae0-b219-0ab048466dbf.jpeg","contentUrl":"https:\/\/www.meydan.tv\/wp-content\/uploads\/cb90a795-fd4c-4ae0-b219-0ab048466dbf.jpeg","width":859,"height":736,"caption":"Source: A."},{"@type":"BreadcrumbList","@id":"https:\/\/www.meydan.tv\/az\/article\/bu-qanunsuzluq-bize-aile-faciesi-yasatdi-baki-sakini-prezidentden-komek-isteyir\/#breadcrumb","itemListElement":[{"@type":"ListItem","position":1,"name":"Ana s\u0259hif\u0259","item":"https:\/\/www.meydan.tv\/az\/"},{"@type":"ListItem","position":2,"name":"Video","item":"https:\/\/www.meydan.tv\/az\/section\/video-2\/"},{"@type":"ListItem","position":3,"name":"&#8220;Bu qanunsuzluq biz\u0259 ail\u0259 faci\u0259si ya\u015fatd\u0131&#8221; &#8211; Bak\u0131 sakini Prezidentd\u0259n k\u00f6m\u0259k ist\u0259yir"}]},{"@type":"WebSite","@id":"https:\/\/www.meydan.tv\/az\/#website","url":"https:\/\/www.meydan.tv\/az\/","name":"MEYDAN.TV","description":"Meydan TV Az\u0259rbaycan\u0131n media m\u0259kan\u0131ndak\u0131 alternativ s\u0259sidir","publisher":{"@id":"https:\/\/www.meydan.tv\/az\/#organization"},"potentialAction":[{"@type":"SearchAction","target":{"@type":"EntryPoint","urlTemplate":"https:\/\/www.meydan.tv\/az\/?s={search_term_string}"},"query-input":{"@type":"PropertyValueSpecification","valueRequired":true,"valueName":"search_term_string"}}],"inLanguage":"az"},{"@type":"Organization","@id":"https:\/\/www.meydan.tv\/az\/#organization","name":"Meydan TV","url":"https:\/\/www.meydan.tv\/az\/","logo":{"@type":"ImageObject","inLanguage":"az","@id":"https:\/\/www.meydan.tv\/az\/#\/schema\/logo\/image\/","url":"https:\/\/www.meydan.tv\/wp-content\/uploads\/2021\/07\/meydan-logo.svg","contentUrl":"https:\/\/www.meydan.tv\/wp-content\/uploads\/2021\/07\/meydan-logo.svg","width":195,"height":46,"caption":"Meydan TV"},"image":{"@id":"https:\/\/www.meydan.tv\/az\/#\/schema\/logo\/image\/"}},{"@type":"Person","@id":"https:\/\/www.meydan.tv\/az\/#\/schema\/person\/10d11eccf6da3662cf5fdab9806ea91a","name":"user-manager"}]}},"_links":{"self":[{"href":"https:\/\/www.meydan.tv\/az\/wp-json\/wp\/v2\/posts\/205679","targetHints":{"allow":["GET"]}}],"collection":[{"href":"https:\/\/www.meydan.tv\/az\/wp-json\/wp\/v2\/posts"}],"about":[{"href":"https:\/\/www.meydan.tv\/az\/wp-json\/wp\/v2\/types\/post"}],"author":[{"embeddable":true,"href":"https:\/\/www.meydan.tv\/az\/wp-json\/wp\/v2\/users\/11"}],"replies":[{"embeddable":true,"href":"https:\/\/www.meydan.tv\/az\/wp-json\/wp\/v2\/comments?post=205679"}],"version-history":[{"count":0,"href":"https:\/\/www.meydan.tv\/az\/wp-json\/wp\/v2\/posts\/205679\/revisions"}],"wp:featuredmedia":[{"embeddable":true,"href":"https:\/\/www.meydan.tv\/az\/wp-json\/wp\/v2\/media\/159021"}],"wp:attachment":[{"href":"https:\/\/www.meydan.tv\/az\/wp-json\/wp\/v2\/media?parent=205679"}],"wp:term":[{"taxonomy":"category","embeddable":true,"href":"https:\/\/www.meydan.tv\/az\/wp-json\/wp\/v2\/categories?post=205679"},{"taxonomy":"post_tag","embeddable":true,"href":"https:\/\/www.meydan.tv\/az\/wp-json\/wp\/v2\/tags?post=205679"}],"curies":[{"name":"wp","href":"https:\/\/api.w.org\/{rel}","templated":true}]}}