{"id":205637,"date":"2021-04-05T12:49:18","date_gmt":"2021-04-05T12:49:18","guid":{"rendered":"https:\/\/www.meydan.tv\/article\/koreyadan-azerbaycana-vaksin-getirilib\/"},"modified":"2021-04-05T12:49:18","modified_gmt":"2021-04-05T12:49:18","slug":"koreyadan-azerbaycana-vaksin-getirilib","status":"publish","type":"post","link":"https:\/\/www.meydan.tv\/az\/article\/koreyadan-azerbaycana-vaksin-getirilib\/","title":{"rendered":"Koreyadan Az\u0259rbaycana vaksin g\u0259tirilib"},"content":{"rendered":"<p>\n  <i><br \/>\n    Nazir m\u00fcavini: &quot;432 000 doza vaksinin Az\u0259rbaycana idxal\u0131 n\u0259z\u0259rd\u0259 tutulub&quot;<br \/>\n  <\/i>\n<\/p>\n<p>\n  C\u0259nubi Koreyadan Az\u0259rbaycana COVID-19 vaksinl\u0259rin ilk partiyas\u0131 g\u0259tirilib.\n<\/p>\n<p>\n  \u201cAztraZeneca\u201d \u015firk\u0259tinin istehsal etdiyi 84 min doza peyv\u0259ndin effektiv olaca\u011f\u0131 g\u00f6zl\u0259nilir.\n<\/p>\n<p>\n  S\u0259hiyy\u0259 Nazirinin m\u00fcvini Viktor Qas\u0131mov may\u0131n sonunad\u0259k \u00fcmumilikd\u0259 \u201cAstraZeneca\u201d \u015firk\u0259tin\u0259 m\u0259xsus 432 000 doza COVID-19 vaksin d\u0259rman vasit\u0259sinin Az\u0259rbaycana idxal\u0131n\u0131n n\u0259z\u0259rd\u0259 tutuldu\u011funu bildirib.\n<\/p>\n<p>\n  Nazir m\u00fcavinin s\u00f6zl\u0259rin\u0259 g\u00f6r\u0259, x\u0259st\u0259likl\u0259 m\u00fcbariz\u0259d\u0259 effektiv \u00fcsul peyv\u0259ndl\u0259m\u0259dir v\u0259 bunun \u00fc\u00e7\u00fcn \u00f6lk\u0259y\u0259 peyv\u0259nd g\u0259tirilm\u0259lidir: \u201c\u018fhali n\u0259 q\u0259d\u0259r tez peyv\u0259nd olunsa, kollektiv immunitet yaransa, biz bu COVID-19 b\u0259las\u0131ndan o q\u0259d\u0259r tez xilas olaca\u011f\u0131q\u201d.\n<\/p>\n<p>\n  Viktor Qas\u0131mov h\u0259m\u00e7inin qeyd edib ki, Az\u0259rbaycan\u0131n ehtiyatda 1 milyon doza vaksini var v\u0259 \u00f6lk\u0259d\u0259 g\u00fcn \u0259rzind\u0259 30-35 min insan peyv\u0259nd olunur: \u201cYanvar\u0131n 18-d\u0259n etibar\u0259n Az\u0259rbaycanda vaksinasiya prosesin\u0259 start verilib. Birinci dozadan 600 min \u015f\u0259xs, ikinci dozadan is\u0259 300 min \u015f\u0259xs peyv\u0259nd olunub. Bu prosesd\u0259 m\u0259qs\u0259dimiz \u00f6lk\u0259 \u0259halisinin 60-70 faizini peyv\u0259ndl\u0259m\u0259kdir\u201d.<\/p>\n","protected":false},"excerpt":{"rendered":"<p>Viktor Qas\u0131mov h\u0259m\u00e7inin qeyd edib ki, Az\u0259rbaycan\u0131n ehtiyatda 1 milyon doza vaksini var v\u0259 \u00f6lk\u0259d\u0259 g\u00fcn \u0259rzind\u0259 30-35 min insan peyv\u0259nd olunur<\/p>\n","protected":false},"author":11,"featured_media":156780,"comment_status":"closed","ping_status":"open","sticky":false,"template":"","format":"standard","meta":{"_acf_changed":false,"_sitemap_exclude":false,"_sitemap_priority":"","_sitemap_frequency":"","footnotes":""},"categories":[54],"tags":[],"class_list":["post-205637","post","type-post","status-publish","format-standard","has-post-thumbnail","hentry","category-sagliq","infinite-scroll-item","generate-columns","tablet-grid-50","mobile-grid-100","grid-parent","grid-33","no-featured-image-padding"],"acf":[],"yoast_head":"<!-- This site is optimized with the Yoast SEO plugin v27.4 - https:\/\/yoast.com\/product\/yoast-seo-wordpress\/ -->\n<title>Koreyadan Az\u0259rbaycana vaksin g\u0259tirilib - MEYDAN.TV<\/title>\n<meta name=\"robots\" content=\"index, follow, max-snippet:-1, max-image-preview:large, max-video-preview:-1\" \/>\n<link rel=\"canonical\" href=\"https:\/\/www.meydan.tv\/az\/article\/koreyadan-azerbaycana-vaksin-getirilib\/\" \/>\n<meta property=\"og:locale\" content=\"az_AZ\" \/>\n<meta property=\"og:type\" content=\"article\" \/>\n<meta property=\"og:title\" content=\"Koreyadan Az\u0259rbaycana vaksin g\u0259tirilib - MEYDAN.TV\" \/>\n<meta property=\"og:description\" content=\"Viktor Qas\u0131mov h\u0259m\u00e7inin qeyd edib ki, Az\u0259rbaycan\u0131n ehtiyatda 1 milyon doza vaksini var v\u0259 \u00f6lk\u0259d\u0259 g\u00fcn \u0259rzind\u0259 30-35 min insan peyv\u0259nd olunur\" \/>\n<meta property=\"og:url\" content=\"https:\/\/www.meydan.tv\/az\/article\/koreyadan-azerbaycana-vaksin-getirilib\/\" \/>\n<meta property=\"og:site_name\" content=\"MEYDAN.TV\" \/>\n<meta property=\"article:published_time\" content=\"2021-04-05T12:49:18+00:00\" \/>\n<meta property=\"og:image\" content=\"https:\/\/www.meydan.tv\/wp-content\/uploads\/vaksin_w5aaa8k-scaled.jpg\" \/>\n\t<meta property=\"og:image:width\" content=\"2560\" \/>\n\t<meta property=\"og:image:height\" content=\"1440\" \/>\n\t<meta property=\"og:image:type\" content=\"image\/jpeg\" \/>\n<meta name=\"author\" content=\"user-manager\" \/>\n<meta name=\"twitter:card\" content=\"summary_large_image\" \/>\n<script type=\"application\/ld+json\" class=\"yoast-schema-graph\">{\"@context\":\"https:\\\/\\\/schema.org\",\"@graph\":[{\"@type\":\"Article\",\"@id\":\"https:\\\/\\\/www.meydan.tv\\\/az\\\/article\\\/koreyadan-azerbaycana-vaksin-getirilib\\\/#article\",\"isPartOf\":{\"@id\":\"https:\\\/\\\/www.meydan.tv\\\/az\\\/article\\\/koreyadan-azerbaycana-vaksin-getirilib\\\/\"},\"author\":{\"name\":\"user-manager\",\"@id\":\"https:\\\/\\\/www.meydan.tv\\\/az\\\/#\\\/schema\\\/person\\\/10d11eccf6da3662cf5fdab9806ea91a\"},\"headline\":\"Koreyadan Az\u0259rbaycana vaksin g\u0259tirilib\",\"datePublished\":\"2021-04-05T12:49:18+00:00\",\"mainEntityOfPage\":{\"@id\":\"https:\\\/\\\/www.meydan.tv\\\/az\\\/article\\\/koreyadan-azerbaycana-vaksin-getirilib\\\/\"},\"wordCount\":204,\"publisher\":{\"@id\":\"https:\\\/\\\/www.meydan.tv\\\/az\\\/#organization\"},\"image\":{\"@id\":\"https:\\\/\\\/www.meydan.tv\\\/az\\\/article\\\/koreyadan-azerbaycana-vaksin-getirilib\\\/#primaryimage\"},\"thumbnailUrl\":\"https:\\\/\\\/www.meydan.tv\\\/wp-content\\\/uploads\\\/vaksin_w5aaa8k-scaled.jpg\",\"articleSection\":[\"Sa\u011fl\u0131q\"],\"inLanguage\":\"az\"},{\"@type\":\"WebPage\",\"@id\":\"https:\\\/\\\/www.meydan.tv\\\/az\\\/article\\\/koreyadan-azerbaycana-vaksin-getirilib\\\/\",\"url\":\"https:\\\/\\\/www.meydan.tv\\\/az\\\/article\\\/koreyadan-azerbaycana-vaksin-getirilib\\\/\",\"name\":\"Koreyadan Az\u0259rbaycana vaksin g\u0259tirilib - MEYDAN.TV\",\"isPartOf\":{\"@id\":\"https:\\\/\\\/www.meydan.tv\\\/az\\\/#website\"},\"primaryImageOfPage\":{\"@id\":\"https:\\\/\\\/www.meydan.tv\\\/az\\\/article\\\/koreyadan-azerbaycana-vaksin-getirilib\\\/#primaryimage\"},\"image\":{\"@id\":\"https:\\\/\\\/www.meydan.tv\\\/az\\\/article\\\/koreyadan-azerbaycana-vaksin-getirilib\\\/#primaryimage\"},\"thumbnailUrl\":\"https:\\\/\\\/www.meydan.tv\\\/wp-content\\\/uploads\\\/vaksin_w5aaa8k-scaled.jpg\",\"datePublished\":\"2021-04-05T12:49:18+00:00\",\"breadcrumb\":{\"@id\":\"https:\\\/\\\/www.meydan.tv\\\/az\\\/article\\\/koreyadan-azerbaycana-vaksin-getirilib\\\/#breadcrumb\"},\"inLanguage\":\"az\",\"potentialAction\":[{\"@type\":\"ReadAction\",\"target\":[\"https:\\\/\\\/www.meydan.tv\\\/az\\\/article\\\/koreyadan-azerbaycana-vaksin-getirilib\\\/\"]}]},{\"@type\":\"ImageObject\",\"inLanguage\":\"az\",\"@id\":\"https:\\\/\\\/www.meydan.tv\\\/az\\\/article\\\/koreyadan-azerbaycana-vaksin-getirilib\\\/#primaryimage\",\"url\":\"https:\\\/\\\/www.meydan.tv\\\/wp-content\\\/uploads\\\/vaksin_w5aaa8k-scaled.jpg\",\"contentUrl\":\"https:\\\/\\\/www.meydan.tv\\\/wp-content\\\/uploads\\\/vaksin_w5aaa8k-scaled.jpg\",\"width\":2560,\"height\":1440,\"caption\":\"Source: Meydan TV\"},{\"@type\":\"BreadcrumbList\",\"@id\":\"https:\\\/\\\/www.meydan.tv\\\/az\\\/article\\\/koreyadan-azerbaycana-vaksin-getirilib\\\/#breadcrumb\",\"itemListElement\":[{\"@type\":\"ListItem\",\"position\":1,\"name\":\"Ana s\u0259hif\u0259\",\"item\":\"https:\\\/\\\/www.meydan.tv\\\/az\\\/\"},{\"@type\":\"ListItem\",\"position\":2,\"name\":\"Sa\u011fl\u0131q\",\"item\":\"https:\\\/\\\/www.meydan.tv\\\/az\\\/section\\\/sagliq\\\/\"},{\"@type\":\"ListItem\",\"position\":3,\"name\":\"Koreyadan Az\u0259rbaycana vaksin g\u0259tirilib\"}]},{\"@type\":\"WebSite\",\"@id\":\"https:\\\/\\\/www.meydan.tv\\\/az\\\/#website\",\"url\":\"https:\\\/\\\/www.meydan.tv\\\/az\\\/\",\"name\":\"MEYDAN.TV\",\"description\":\"Meydan TV Az\u0259rbaycan\u0131n media m\u0259kan\u0131ndak\u0131 alternativ s\u0259sidir\",\"publisher\":{\"@id\":\"https:\\\/\\\/www.meydan.tv\\\/az\\\/#organization\"},\"potentialAction\":[{\"@type\":\"SearchAction\",\"target\":{\"@type\":\"EntryPoint\",\"urlTemplate\":\"https:\\\/\\\/www.meydan.tv\\\/az\\\/?s={search_term_string}\"},\"query-input\":{\"@type\":\"PropertyValueSpecification\",\"valueRequired\":true,\"valueName\":\"search_term_string\"}}],\"inLanguage\":\"az\"},{\"@type\":\"Organization\",\"@id\":\"https:\\\/\\\/www.meydan.tv\\\/az\\\/#organization\",\"name\":\"Meydan TV\",\"url\":\"https:\\\/\\\/www.meydan.tv\\\/az\\\/\",\"logo\":{\"@type\":\"ImageObject\",\"inLanguage\":\"az\",\"@id\":\"https:\\\/\\\/www.meydan.tv\\\/az\\\/#\\\/schema\\\/logo\\\/image\\\/\",\"url\":\"https:\\\/\\\/www.meydan.tv\\\/wp-content\\\/uploads\\\/2021\\\/07\\\/meydan-logo.svg\",\"contentUrl\":\"https:\\\/\\\/www.meydan.tv\\\/wp-content\\\/uploads\\\/2021\\\/07\\\/meydan-logo.svg\",\"width\":195,\"height\":46,\"caption\":\"Meydan TV\"},\"image\":{\"@id\":\"https:\\\/\\\/www.meydan.tv\\\/az\\\/#\\\/schema\\\/logo\\\/image\\\/\"}},{\"@type\":\"Person\",\"@id\":\"https:\\\/\\\/www.meydan.tv\\\/az\\\/#\\\/schema\\\/person\\\/10d11eccf6da3662cf5fdab9806ea91a\",\"name\":\"user-manager\"}]}<\/script>\n<!-- \/ Yoast SEO plugin. -->","yoast_head_json":{"title":"Koreyadan Az\u0259rbaycana vaksin g\u0259tirilib - MEYDAN.TV","robots":{"index":"index","follow":"follow","max-snippet":"max-snippet:-1","max-image-preview":"max-image-preview:large","max-video-preview":"max-video-preview:-1"},"canonical":"https:\/\/www.meydan.tv\/az\/article\/koreyadan-azerbaycana-vaksin-getirilib\/","og_locale":"az_AZ","og_type":"article","og_title":"Koreyadan Az\u0259rbaycana vaksin g\u0259tirilib - MEYDAN.TV","og_description":"Viktor Qas\u0131mov h\u0259m\u00e7inin qeyd edib ki, Az\u0259rbaycan\u0131n ehtiyatda 1 milyon doza vaksini var v\u0259 \u00f6lk\u0259d\u0259 g\u00fcn \u0259rzind\u0259 30-35 min insan peyv\u0259nd olunur","og_url":"https:\/\/www.meydan.tv\/az\/article\/koreyadan-azerbaycana-vaksin-getirilib\/","og_site_name":"MEYDAN.TV","article_published_time":"2021-04-05T12:49:18+00:00","og_image":[{"width":2560,"height":1440,"url":"https:\/\/www.meydan.tv\/wp-content\/uploads\/vaksin_w5aaa8k-scaled.jpg","type":"image\/jpeg"}],"author":"user-manager","twitter_card":"summary_large_image","schema":{"@context":"https:\/\/schema.org","@graph":[{"@type":"Article","@id":"https:\/\/www.meydan.tv\/az\/article\/koreyadan-azerbaycana-vaksin-getirilib\/#article","isPartOf":{"@id":"https:\/\/www.meydan.tv\/az\/article\/koreyadan-azerbaycana-vaksin-getirilib\/"},"author":{"name":"user-manager","@id":"https:\/\/www.meydan.tv\/az\/#\/schema\/person\/10d11eccf6da3662cf5fdab9806ea91a"},"headline":"Koreyadan Az\u0259rbaycana vaksin g\u0259tirilib","datePublished":"2021-04-05T12:49:18+00:00","mainEntityOfPage":{"@id":"https:\/\/www.meydan.tv\/az\/article\/koreyadan-azerbaycana-vaksin-getirilib\/"},"wordCount":204,"publisher":{"@id":"https:\/\/www.meydan.tv\/az\/#organization"},"image":{"@id":"https:\/\/www.meydan.tv\/az\/article\/koreyadan-azerbaycana-vaksin-getirilib\/#primaryimage"},"thumbnailUrl":"https:\/\/www.meydan.tv\/wp-content\/uploads\/vaksin_w5aaa8k-scaled.jpg","articleSection":["Sa\u011fl\u0131q"],"inLanguage":"az"},{"@type":"WebPage","@id":"https:\/\/www.meydan.tv\/az\/article\/koreyadan-azerbaycana-vaksin-getirilib\/","url":"https:\/\/www.meydan.tv\/az\/article\/koreyadan-azerbaycana-vaksin-getirilib\/","name":"Koreyadan Az\u0259rbaycana vaksin g\u0259tirilib - MEYDAN.TV","isPartOf":{"@id":"https:\/\/www.meydan.tv\/az\/#website"},"primaryImageOfPage":{"@id":"https:\/\/www.meydan.tv\/az\/article\/koreyadan-azerbaycana-vaksin-getirilib\/#primaryimage"},"image":{"@id":"https:\/\/www.meydan.tv\/az\/article\/koreyadan-azerbaycana-vaksin-getirilib\/#primaryimage"},"thumbnailUrl":"https:\/\/www.meydan.tv\/wp-content\/uploads\/vaksin_w5aaa8k-scaled.jpg","datePublished":"2021-04-05T12:49:18+00:00","breadcrumb":{"@id":"https:\/\/www.meydan.tv\/az\/article\/koreyadan-azerbaycana-vaksin-getirilib\/#breadcrumb"},"inLanguage":"az","potentialAction":[{"@type":"ReadAction","target":["https:\/\/www.meydan.tv\/az\/article\/koreyadan-azerbaycana-vaksin-getirilib\/"]}]},{"@type":"ImageObject","inLanguage":"az","@id":"https:\/\/www.meydan.tv\/az\/article\/koreyadan-azerbaycana-vaksin-getirilib\/#primaryimage","url":"https:\/\/www.meydan.tv\/wp-content\/uploads\/vaksin_w5aaa8k-scaled.jpg","contentUrl":"https:\/\/www.meydan.tv\/wp-content\/uploads\/vaksin_w5aaa8k-scaled.jpg","width":2560,"height":1440,"caption":"Source: Meydan TV"},{"@type":"BreadcrumbList","@id":"https:\/\/www.meydan.tv\/az\/article\/koreyadan-azerbaycana-vaksin-getirilib\/#breadcrumb","itemListElement":[{"@type":"ListItem","position":1,"name":"Ana s\u0259hif\u0259","item":"https:\/\/www.meydan.tv\/az\/"},{"@type":"ListItem","position":2,"name":"Sa\u011fl\u0131q","item":"https:\/\/www.meydan.tv\/az\/section\/sagliq\/"},{"@type":"ListItem","position":3,"name":"Koreyadan Az\u0259rbaycana vaksin g\u0259tirilib"}]},{"@type":"WebSite","@id":"https:\/\/www.meydan.tv\/az\/#website","url":"https:\/\/www.meydan.tv\/az\/","name":"MEYDAN.TV","description":"Meydan TV Az\u0259rbaycan\u0131n media m\u0259kan\u0131ndak\u0131 alternativ s\u0259sidir","publisher":{"@id":"https:\/\/www.meydan.tv\/az\/#organization"},"potentialAction":[{"@type":"SearchAction","target":{"@type":"EntryPoint","urlTemplate":"https:\/\/www.meydan.tv\/az\/?s={search_term_string}"},"query-input":{"@type":"PropertyValueSpecification","valueRequired":true,"valueName":"search_term_string"}}],"inLanguage":"az"},{"@type":"Organization","@id":"https:\/\/www.meydan.tv\/az\/#organization","name":"Meydan TV","url":"https:\/\/www.meydan.tv\/az\/","logo":{"@type":"ImageObject","inLanguage":"az","@id":"https:\/\/www.meydan.tv\/az\/#\/schema\/logo\/image\/","url":"https:\/\/www.meydan.tv\/wp-content\/uploads\/2021\/07\/meydan-logo.svg","contentUrl":"https:\/\/www.meydan.tv\/wp-content\/uploads\/2021\/07\/meydan-logo.svg","width":195,"height":46,"caption":"Meydan TV"},"image":{"@id":"https:\/\/www.meydan.tv\/az\/#\/schema\/logo\/image\/"}},{"@type":"Person","@id":"https:\/\/www.meydan.tv\/az\/#\/schema\/person\/10d11eccf6da3662cf5fdab9806ea91a","name":"user-manager"}]}},"_links":{"self":[{"href":"https:\/\/www.meydan.tv\/az\/wp-json\/wp\/v2\/posts\/205637","targetHints":{"allow":["GET"]}}],"collection":[{"href":"https:\/\/www.meydan.tv\/az\/wp-json\/wp\/v2\/posts"}],"about":[{"href":"https:\/\/www.meydan.tv\/az\/wp-json\/wp\/v2\/types\/post"}],"author":[{"embeddable":true,"href":"https:\/\/www.meydan.tv\/az\/wp-json\/wp\/v2\/users\/11"}],"replies":[{"embeddable":true,"href":"https:\/\/www.meydan.tv\/az\/wp-json\/wp\/v2\/comments?post=205637"}],"version-history":[{"count":0,"href":"https:\/\/www.meydan.tv\/az\/wp-json\/wp\/v2\/posts\/205637\/revisions"}],"wp:featuredmedia":[{"embeddable":true,"href":"https:\/\/www.meydan.tv\/az\/wp-json\/wp\/v2\/media\/156780"}],"wp:attachment":[{"href":"https:\/\/www.meydan.tv\/az\/wp-json\/wp\/v2\/media?parent=205637"}],"wp:term":[{"taxonomy":"category","embeddable":true,"href":"https:\/\/www.meydan.tv\/az\/wp-json\/wp\/v2\/categories?post=205637"},{"taxonomy":"post_tag","embeddable":true,"href":"https:\/\/www.meydan.tv\/az\/wp-json\/wp\/v2\/tags?post=205637"}],"curies":[{"name":"wp","href":"https:\/\/api.w.org\/{rel}","templated":true}]}}