{"id":205625,"date":"2021-04-04T13:02:20","date_gmt":"2021-04-04T13:02:20","guid":{"rendered":"https:\/\/www.meydan.tv\/article\/ado-avropa-mehkemesine-sikayet-etdi\/"},"modified":"2021-04-04T13:02:20","modified_gmt":"2021-04-04T13:02:20","slug":"ado-avropa-mehkemesine-sikayet-etdi","status":"publish","type":"post","link":"https:\/\/www.meydan.tv\/az\/article\/ado-avropa-mehkemesine-sikayet-etdi\/","title":{"rendered":"ADO Avropa M\u0259hk\u0259m\u0259sin\u0259 \u015fikay\u0259t etdi"},"content":{"rendered":"<p>\n  <i><br \/>\n    ADO Avropa M\u0259hk\u0259m\u0259sin\u0259 \u015fikay\u0259t etdi<br \/>\n  <\/i>\n<\/p>\n<p>\n  Yerli m\u0259hk\u0259m\u0259l\u0259rin he\u00e7 biri teatr\u0131n \u015fikay\u0259tini t\u0259min etm\u0259yib\n<\/p>\n<p>\n  ADO teatr\u0131 k\u00fc\u00e7\u0259 tama\u015falar\u0131na qoyulan qada\u011fa il\u0259 ba\u011fl\u0131 Avropa \u0130nsan H\u00fcquqlar\u0131 M\u0259hk\u0259m\u0259sin\u0259 \u015fikay\u0259t g\u00f6nd\u0259rib.\n<\/p>\n<p>\n  M\u00fcraci\u0259td\u0259 Avropa Konvensiyas\u0131n\u0131n 10 (1) v\u0259 6 (1) madd\u0259l\u0259rind\u0259 n\u0259z\u0259rd\u0259 tutulan h\u00fcquqlar\u0131n pozulmas\u0131 iddia edilir.\n<\/p>\n<p>\n  Teatr\u0131n h\u00fcquq\u015f\u00fcnas\u0131 Samir\u0259 A\u011fayeva bildirib ki, ADO-nun r\u0259hb\u0259ri Elmin B\u0259d\u0259lov 2017-ci ild\u0259n etibar\u0259n Bak\u0131 \u015f\u0259h\u0259r \u0130cra Hakimiyy\u0259tin\u0259 v\u0259 M\u0259d\u0259niyy\u0259t Nazirliyin\u0259 m\u00fcraci\u0259t ed\u0259r\u0259k, k\u00fc\u00e7\u0259 tama\u015falar\u0131n\u0131n n\u00fcmayi\u015f etdirilm\u0259si il\u0259 ba\u011fl\u0131 m\u00fcnasib\u0259t \u00f6yr\u0259nm\u0259y\u0259 \u00e7al\u0131\u015f\u0131b. Lakin h\u0259r iki qurum \u00fc\u00e7 il\u0259 yax\u0131nd\u0131r ki, m\u0259s\u0259l\u0259ni h\u0259ll etm\u0259kd\u0259n boyun qa\u00e7\u0131r\u0131r:\n<\/p>\n<p>\n  \u201cSonuncu m\u00fcraci\u0259t 2019-cu il sentyabr\u0131n 17-d\u0259 Bak\u0131 \u015f\u0259h\u0259r \u0130cra Hakimiyy\u0259tin\u0259 g\u00f6nd\u0259rilib, lakin bu m\u00fcraci\u0259t\u0259 he\u00e7 bir cavab al\u0131nmay\u0131b. 2019-cu ilin oktyabr\u0131nda 1 sayl\u0131 Bak\u0131 \u0130nzibati-\u0130qtisadi M\u0259hk\u0259m\u0259sin\u0259 m\u00fcraci\u0259t ed\u0259r\u0259k \u201c17 sentyabr 2019-cu ild\u0259 g\u00f6nd\u0259rdiyimiz m\u00fcraci\u0259t\u0259 konkret v\u0259 \u0259sasland\u0131r\u0131lm\u0131\u015f cavab verilm\u0259sini cavabdeh Bak\u0131 \u015f\u0259h\u0259r \u0130cra Hakimiyy\u0259tinin \u00fcz\u0259rin\u0259 qoyulmas\u0131na dair\u201d q\u0259rar q\u0259bul etm\u0259sini xahi\u015f edib. 1 sayl\u0131 Bak\u0131 \u0130nzibati-\u0130qtisadi M\u0259hk\u0259s\u0259nin q\u0259rar\u0131 il\u0259 ADO teatr\u0131n\u0131n iddias\u0131 t\u0259min edilib v\u0259 m\u00fcraci\u0259t\u0259 konkret, \u0259sasland\u0131r\u0131lm\u0131\u015f cavab verilm\u0259sini Bak\u0131 \u015f\u0259h\u0259r \u0130cra Hakimiyy\u0259tinin \u00fcz\u0259rin\u0259 qoyulmas\u0131 q\u0259rara al\u0131n\u0131b. Lakin bu q\u0259rarla raz\u0131la\u015fmayan Bak\u0131 \u015f\u0259h\u0259r \u0130cra Hakimiyy\u0259ti apellyasiya \u015fikay\u0259ti t\u0259qdim ed\u0259r\u0259k, h\u0259min q\u0259rar\u0131n l\u0259\u011fv edilm\u0259sini v\u0259 iddia t\u0259l\u0259binin m\u00fcmk\u00fcn say\u0131lmamas\u0131n\u0131 xahi\u015f edib. Bak\u0131 Apelyasiya M\u0259hk\u0259m\u0259sinin q\u0259rardad\u0131 il\u0259 apelyasiya \u015fikay\u0259ti t\u0259min edilib, ADO teatr\u0131n\u0131n xeyrin\u0259 q\u0259bul edil\u0259n q\u0259rar l\u0259\u011fv olundu, teatr\u0131n\u0131n iddias\u0131 m\u00fcmk\u00fcns\u00fcz say\u0131ld\u0131\u201d.\n<\/p>\n<p>\n  V\u0259kil qeyd edib ki, ADO teatr\u0131n\u0131n Ali M\u0259hk\u0259m\u0259y\u0259 verdiyi kassasiya \u015fikay\u0259ti d\u0259 u\u011fur g\u0259tirm\u0259yib. Ard\u0131nca Avropa \u0130nsan H\u00fcquqlar\u0131 M\u0259hk\u0259m\u0259sin\u0259 m\u00fcraci\u0259t edilib. \u015eikay\u0259td\u0259 teatr\u0131n \u0130nsan h\u00fcquqlar\u0131 v\u0259 \u0259sas azadl\u0131qlar\u0131n m\u00fcdafi\u0259sin\u0259 dair Avropa Konvensiyas\u0131n\u0131n 10 (1) (\u00f6z\u00fcn\u00fc ifad\u0259 etm\u0259k azadl\u0131\u011f\u0131) v\u0259 6 (1) (\u0259dal\u0259tli m\u0259hk\u0259m\u0259 ara\u015fd\u0131r\u0131lmas\u0131 h\u00fcququ) madd\u0259l\u0259rind\u0259 n\u0259z\u0259rd\u0259 tutulan h\u00fcquqlar\u0131n pozuntusu iddia olunur.\n<\/p>\n<p>\n  ADO Teatr\u0131n\u0131n kollektivi (Az\u0259rbaycan Da\u011f\u0131n\u0131q Oda) bu il mart\u0131n 17-d\u0259 icar\u0259y\u0259 g\u00f6t\u00fcrd\u00fcy\u00fc m\u0259kandan \u00e7\u0131xmaq m\u0259cburiyy\u0259tind\u0259 qal\u0131b. Ofisin ayl\u0131q haqq\u0131n\u0131 \u00f6d\u0259y\u0259 bilm\u0259y\u0259n kollektiv m\u0259kan\u0131 bo\u015faltmaq m\u0259cburiyy\u0259tind\u0259 qal\u0131b.\n<\/p>\n<p>\n  ADO Teatr\u0131 2013-c\u00fc il iyulun 15-d\u0259 aktyor v\u0259 rejissor Elmin B\u0259d\u0259lov t\u0259r\u0259find\u0259n yarad\u0131l\u0131b. Teatr Az\u0259rbaycan\u0131n ilk m\u00fcst\u0259qil v\u0259 modern teatr\u0131 kimi tan\u0131n\u0131r. Bir ild\u0259n \u00e7oxdur ki, Az\u0259rbaycanda pandemiya il\u0259 \u0259laq\u0259dar teatrlar\u0131n f\u0259aliyy\u0259tin\u0259 icaz\u0259 verilmir.<\/p>\n","protected":false},"excerpt":{"rendered":"<p>Lakin h\u0259r iki qurum \u00fc\u00e7 il\u0259 yax\u0131nd\u0131r ki, m\u0259s\u0259l\u0259ni h\u0259ll etm\u0259kd\u0259n boyun qa\u00e7\u0131r\u0131r<\/p>\n","protected":false},"author":11,"featured_media":134310,"comment_status":"closed","ping_status":"open","sticky":false,"template":"","format":"standard","meta":{"_acf_changed":false,"_sitemap_exclude":false,"_sitemap_priority":"","_sitemap_frequency":"","footnotes":""},"categories":[52],"tags":[],"class_list":["post-205625","post","type-post","status-publish","format-standard","has-post-thumbnail","hentry","category-medeniyyet","infinite-scroll-item","generate-columns","tablet-grid-50","mobile-grid-100","grid-parent","grid-33","no-featured-image-padding"],"acf":[],"yoast_head":"<!-- This site is optimized with the Yoast SEO plugin v27.4 - https:\/\/yoast.com\/product\/yoast-seo-wordpress\/ -->\n<title>ADO Avropa M\u0259hk\u0259m\u0259sin\u0259 \u015fikay\u0259t etdi - MEYDAN.TV<\/title>\n<meta name=\"robots\" content=\"index, follow, max-snippet:-1, max-image-preview:large, max-video-preview:-1\" \/>\n<link rel=\"canonical\" href=\"https:\/\/www.meydan.tv\/az\/article\/ado-avropa-mehkemesine-sikayet-etdi\/\" \/>\n<meta property=\"og:locale\" content=\"az_AZ\" \/>\n<meta property=\"og:type\" content=\"article\" \/>\n<meta property=\"og:title\" content=\"ADO Avropa M\u0259hk\u0259m\u0259sin\u0259 \u015fikay\u0259t etdi - MEYDAN.TV\" \/>\n<meta property=\"og:description\" content=\"Lakin h\u0259r iki qurum \u00fc\u00e7 il\u0259 yax\u0131nd\u0131r ki, m\u0259s\u0259l\u0259ni h\u0259ll etm\u0259kd\u0259n boyun qa\u00e7\u0131r\u0131r\" \/>\n<meta property=\"og:url\" content=\"https:\/\/www.meydan.tv\/az\/article\/ado-avropa-mehkemesine-sikayet-etdi\/\" \/>\n<meta property=\"og:site_name\" content=\"MEYDAN.TV\" \/>\n<meta property=\"article:published_time\" content=\"2021-04-04T13:02:20+00:00\" \/>\n<meta property=\"og:image\" content=\"https:\/\/www.meydan.tv\/wp-content\/uploads\/ado_yeni_logo.jpg\" \/>\n\t<meta property=\"og:image:width\" content=\"960\" \/>\n\t<meta property=\"og:image:height\" content=\"960\" \/>\n\t<meta property=\"og:image:type\" content=\"image\/jpeg\" \/>\n<meta name=\"author\" content=\"user-manager\" \/>\n<meta name=\"twitter:card\" content=\"summary_large_image\" \/>\n<script type=\"application\/ld+json\" class=\"yoast-schema-graph\">{\"@context\":\"https:\\\/\\\/schema.org\",\"@graph\":[{\"@type\":\"Article\",\"@id\":\"https:\\\/\\\/www.meydan.tv\\\/az\\\/article\\\/ado-avropa-mehkemesine-sikayet-etdi\\\/#article\",\"isPartOf\":{\"@id\":\"https:\\\/\\\/www.meydan.tv\\\/az\\\/article\\\/ado-avropa-mehkemesine-sikayet-etdi\\\/\"},\"author\":{\"name\":\"user-manager\",\"@id\":\"https:\\\/\\\/www.meydan.tv\\\/az\\\/#\\\/schema\\\/person\\\/10d11eccf6da3662cf5fdab9806ea91a\"},\"headline\":\"ADO Avropa M\u0259hk\u0259m\u0259sin\u0259 \u015fikay\u0259t etdi\",\"datePublished\":\"2021-04-04T13:02:20+00:00\",\"mainEntityOfPage\":{\"@id\":\"https:\\\/\\\/www.meydan.tv\\\/az\\\/article\\\/ado-avropa-mehkemesine-sikayet-etdi\\\/\"},\"wordCount\":566,\"publisher\":{\"@id\":\"https:\\\/\\\/www.meydan.tv\\\/az\\\/#organization\"},\"image\":{\"@id\":\"https:\\\/\\\/www.meydan.tv\\\/az\\\/article\\\/ado-avropa-mehkemesine-sikayet-etdi\\\/#primaryimage\"},\"thumbnailUrl\":\"https:\\\/\\\/www.meydan.tv\\\/wp-content\\\/uploads\\\/ado_yeni_logo.jpg\",\"articleSection\":[\"M\u0259d\u0259niyy\u0259t\"],\"inLanguage\":\"az\"},{\"@type\":\"WebPage\",\"@id\":\"https:\\\/\\\/www.meydan.tv\\\/az\\\/article\\\/ado-avropa-mehkemesine-sikayet-etdi\\\/\",\"url\":\"https:\\\/\\\/www.meydan.tv\\\/az\\\/article\\\/ado-avropa-mehkemesine-sikayet-etdi\\\/\",\"name\":\"ADO Avropa M\u0259hk\u0259m\u0259sin\u0259 \u015fikay\u0259t etdi - MEYDAN.TV\",\"isPartOf\":{\"@id\":\"https:\\\/\\\/www.meydan.tv\\\/az\\\/#website\"},\"primaryImageOfPage\":{\"@id\":\"https:\\\/\\\/www.meydan.tv\\\/az\\\/article\\\/ado-avropa-mehkemesine-sikayet-etdi\\\/#primaryimage\"},\"image\":{\"@id\":\"https:\\\/\\\/www.meydan.tv\\\/az\\\/article\\\/ado-avropa-mehkemesine-sikayet-etdi\\\/#primaryimage\"},\"thumbnailUrl\":\"https:\\\/\\\/www.meydan.tv\\\/wp-content\\\/uploads\\\/ado_yeni_logo.jpg\",\"datePublished\":\"2021-04-04T13:02:20+00:00\",\"breadcrumb\":{\"@id\":\"https:\\\/\\\/www.meydan.tv\\\/az\\\/article\\\/ado-avropa-mehkemesine-sikayet-etdi\\\/#breadcrumb\"},\"inLanguage\":\"az\",\"potentialAction\":[{\"@type\":\"ReadAction\",\"target\":[\"https:\\\/\\\/www.meydan.tv\\\/az\\\/article\\\/ado-avropa-mehkemesine-sikayet-etdi\\\/\"]}]},{\"@type\":\"ImageObject\",\"inLanguage\":\"az\",\"@id\":\"https:\\\/\\\/www.meydan.tv\\\/az\\\/article\\\/ado-avropa-mehkemesine-sikayet-etdi\\\/#primaryimage\",\"url\":\"https:\\\/\\\/www.meydan.tv\\\/wp-content\\\/uploads\\\/ado_yeni_logo.jpg\",\"contentUrl\":\"https:\\\/\\\/www.meydan.tv\\\/wp-content\\\/uploads\\\/ado_yeni_logo.jpg\",\"width\":960,\"height\":960,\"caption\":\"Source: Foto: Meydan TV\"},{\"@type\":\"BreadcrumbList\",\"@id\":\"https:\\\/\\\/www.meydan.tv\\\/az\\\/article\\\/ado-avropa-mehkemesine-sikayet-etdi\\\/#breadcrumb\",\"itemListElement\":[{\"@type\":\"ListItem\",\"position\":1,\"name\":\"Ana s\u0259hif\u0259\",\"item\":\"https:\\\/\\\/www.meydan.tv\\\/az\\\/\"},{\"@type\":\"ListItem\",\"position\":2,\"name\":\"M\u0259d\u0259niyy\u0259t\",\"item\":\"https:\\\/\\\/www.meydan.tv\\\/az\\\/section\\\/medeniyyet\\\/\"},{\"@type\":\"ListItem\",\"position\":3,\"name\":\"ADO Avropa M\u0259hk\u0259m\u0259sin\u0259 \u015fikay\u0259t etdi\"}]},{\"@type\":\"WebSite\",\"@id\":\"https:\\\/\\\/www.meydan.tv\\\/az\\\/#website\",\"url\":\"https:\\\/\\\/www.meydan.tv\\\/az\\\/\",\"name\":\"MEYDAN.TV\",\"description\":\"Meydan TV Az\u0259rbaycan\u0131n media m\u0259kan\u0131ndak\u0131 alternativ s\u0259sidir\",\"publisher\":{\"@id\":\"https:\\\/\\\/www.meydan.tv\\\/az\\\/#organization\"},\"potentialAction\":[{\"@type\":\"SearchAction\",\"target\":{\"@type\":\"EntryPoint\",\"urlTemplate\":\"https:\\\/\\\/www.meydan.tv\\\/az\\\/?s={search_term_string}\"},\"query-input\":{\"@type\":\"PropertyValueSpecification\",\"valueRequired\":true,\"valueName\":\"search_term_string\"}}],\"inLanguage\":\"az\"},{\"@type\":\"Organization\",\"@id\":\"https:\\\/\\\/www.meydan.tv\\\/az\\\/#organization\",\"name\":\"Meydan TV\",\"url\":\"https:\\\/\\\/www.meydan.tv\\\/az\\\/\",\"logo\":{\"@type\":\"ImageObject\",\"inLanguage\":\"az\",\"@id\":\"https:\\\/\\\/www.meydan.tv\\\/az\\\/#\\\/schema\\\/logo\\\/image\\\/\",\"url\":\"https:\\\/\\\/www.meydan.tv\\\/wp-content\\\/uploads\\\/2021\\\/07\\\/meydan-logo.svg\",\"contentUrl\":\"https:\\\/\\\/www.meydan.tv\\\/wp-content\\\/uploads\\\/2021\\\/07\\\/meydan-logo.svg\",\"width\":195,\"height\":46,\"caption\":\"Meydan TV\"},\"image\":{\"@id\":\"https:\\\/\\\/www.meydan.tv\\\/az\\\/#\\\/schema\\\/logo\\\/image\\\/\"}},{\"@type\":\"Person\",\"@id\":\"https:\\\/\\\/www.meydan.tv\\\/az\\\/#\\\/schema\\\/person\\\/10d11eccf6da3662cf5fdab9806ea91a\",\"name\":\"user-manager\"}]}<\/script>\n<!-- \/ Yoast SEO plugin. -->","yoast_head_json":{"title":"ADO Avropa M\u0259hk\u0259m\u0259sin\u0259 \u015fikay\u0259t etdi - MEYDAN.TV","robots":{"index":"index","follow":"follow","max-snippet":"max-snippet:-1","max-image-preview":"max-image-preview:large","max-video-preview":"max-video-preview:-1"},"canonical":"https:\/\/www.meydan.tv\/az\/article\/ado-avropa-mehkemesine-sikayet-etdi\/","og_locale":"az_AZ","og_type":"article","og_title":"ADO Avropa M\u0259hk\u0259m\u0259sin\u0259 \u015fikay\u0259t etdi - MEYDAN.TV","og_description":"Lakin h\u0259r iki qurum \u00fc\u00e7 il\u0259 yax\u0131nd\u0131r ki, m\u0259s\u0259l\u0259ni h\u0259ll etm\u0259kd\u0259n boyun qa\u00e7\u0131r\u0131r","og_url":"https:\/\/www.meydan.tv\/az\/article\/ado-avropa-mehkemesine-sikayet-etdi\/","og_site_name":"MEYDAN.TV","article_published_time":"2021-04-04T13:02:20+00:00","og_image":[{"width":960,"height":960,"url":"https:\/\/www.meydan.tv\/wp-content\/uploads\/ado_yeni_logo.jpg","type":"image\/jpeg"}],"author":"user-manager","twitter_card":"summary_large_image","schema":{"@context":"https:\/\/schema.org","@graph":[{"@type":"Article","@id":"https:\/\/www.meydan.tv\/az\/article\/ado-avropa-mehkemesine-sikayet-etdi\/#article","isPartOf":{"@id":"https:\/\/www.meydan.tv\/az\/article\/ado-avropa-mehkemesine-sikayet-etdi\/"},"author":{"name":"user-manager","@id":"https:\/\/www.meydan.tv\/az\/#\/schema\/person\/10d11eccf6da3662cf5fdab9806ea91a"},"headline":"ADO Avropa M\u0259hk\u0259m\u0259sin\u0259 \u015fikay\u0259t etdi","datePublished":"2021-04-04T13:02:20+00:00","mainEntityOfPage":{"@id":"https:\/\/www.meydan.tv\/az\/article\/ado-avropa-mehkemesine-sikayet-etdi\/"},"wordCount":566,"publisher":{"@id":"https:\/\/www.meydan.tv\/az\/#organization"},"image":{"@id":"https:\/\/www.meydan.tv\/az\/article\/ado-avropa-mehkemesine-sikayet-etdi\/#primaryimage"},"thumbnailUrl":"https:\/\/www.meydan.tv\/wp-content\/uploads\/ado_yeni_logo.jpg","articleSection":["M\u0259d\u0259niyy\u0259t"],"inLanguage":"az"},{"@type":"WebPage","@id":"https:\/\/www.meydan.tv\/az\/article\/ado-avropa-mehkemesine-sikayet-etdi\/","url":"https:\/\/www.meydan.tv\/az\/article\/ado-avropa-mehkemesine-sikayet-etdi\/","name":"ADO Avropa M\u0259hk\u0259m\u0259sin\u0259 \u015fikay\u0259t etdi - MEYDAN.TV","isPartOf":{"@id":"https:\/\/www.meydan.tv\/az\/#website"},"primaryImageOfPage":{"@id":"https:\/\/www.meydan.tv\/az\/article\/ado-avropa-mehkemesine-sikayet-etdi\/#primaryimage"},"image":{"@id":"https:\/\/www.meydan.tv\/az\/article\/ado-avropa-mehkemesine-sikayet-etdi\/#primaryimage"},"thumbnailUrl":"https:\/\/www.meydan.tv\/wp-content\/uploads\/ado_yeni_logo.jpg","datePublished":"2021-04-04T13:02:20+00:00","breadcrumb":{"@id":"https:\/\/www.meydan.tv\/az\/article\/ado-avropa-mehkemesine-sikayet-etdi\/#breadcrumb"},"inLanguage":"az","potentialAction":[{"@type":"ReadAction","target":["https:\/\/www.meydan.tv\/az\/article\/ado-avropa-mehkemesine-sikayet-etdi\/"]}]},{"@type":"ImageObject","inLanguage":"az","@id":"https:\/\/www.meydan.tv\/az\/article\/ado-avropa-mehkemesine-sikayet-etdi\/#primaryimage","url":"https:\/\/www.meydan.tv\/wp-content\/uploads\/ado_yeni_logo.jpg","contentUrl":"https:\/\/www.meydan.tv\/wp-content\/uploads\/ado_yeni_logo.jpg","width":960,"height":960,"caption":"Source: Foto: Meydan TV"},{"@type":"BreadcrumbList","@id":"https:\/\/www.meydan.tv\/az\/article\/ado-avropa-mehkemesine-sikayet-etdi\/#breadcrumb","itemListElement":[{"@type":"ListItem","position":1,"name":"Ana s\u0259hif\u0259","item":"https:\/\/www.meydan.tv\/az\/"},{"@type":"ListItem","position":2,"name":"M\u0259d\u0259niyy\u0259t","item":"https:\/\/www.meydan.tv\/az\/section\/medeniyyet\/"},{"@type":"ListItem","position":3,"name":"ADO Avropa M\u0259hk\u0259m\u0259sin\u0259 \u015fikay\u0259t etdi"}]},{"@type":"WebSite","@id":"https:\/\/www.meydan.tv\/az\/#website","url":"https:\/\/www.meydan.tv\/az\/","name":"MEYDAN.TV","description":"Meydan TV Az\u0259rbaycan\u0131n media m\u0259kan\u0131ndak\u0131 alternativ s\u0259sidir","publisher":{"@id":"https:\/\/www.meydan.tv\/az\/#organization"},"potentialAction":[{"@type":"SearchAction","target":{"@type":"EntryPoint","urlTemplate":"https:\/\/www.meydan.tv\/az\/?s={search_term_string}"},"query-input":{"@type":"PropertyValueSpecification","valueRequired":true,"valueName":"search_term_string"}}],"inLanguage":"az"},{"@type":"Organization","@id":"https:\/\/www.meydan.tv\/az\/#organization","name":"Meydan TV","url":"https:\/\/www.meydan.tv\/az\/","logo":{"@type":"ImageObject","inLanguage":"az","@id":"https:\/\/www.meydan.tv\/az\/#\/schema\/logo\/image\/","url":"https:\/\/www.meydan.tv\/wp-content\/uploads\/2021\/07\/meydan-logo.svg","contentUrl":"https:\/\/www.meydan.tv\/wp-content\/uploads\/2021\/07\/meydan-logo.svg","width":195,"height":46,"caption":"Meydan TV"},"image":{"@id":"https:\/\/www.meydan.tv\/az\/#\/schema\/logo\/image\/"}},{"@type":"Person","@id":"https:\/\/www.meydan.tv\/az\/#\/schema\/person\/10d11eccf6da3662cf5fdab9806ea91a","name":"user-manager"}]}},"_links":{"self":[{"href":"https:\/\/www.meydan.tv\/az\/wp-json\/wp\/v2\/posts\/205625","targetHints":{"allow":["GET"]}}],"collection":[{"href":"https:\/\/www.meydan.tv\/az\/wp-json\/wp\/v2\/posts"}],"about":[{"href":"https:\/\/www.meydan.tv\/az\/wp-json\/wp\/v2\/types\/post"}],"author":[{"embeddable":true,"href":"https:\/\/www.meydan.tv\/az\/wp-json\/wp\/v2\/users\/11"}],"replies":[{"embeddable":true,"href":"https:\/\/www.meydan.tv\/az\/wp-json\/wp\/v2\/comments?post=205625"}],"version-history":[{"count":0,"href":"https:\/\/www.meydan.tv\/az\/wp-json\/wp\/v2\/posts\/205625\/revisions"}],"wp:featuredmedia":[{"embeddable":true,"href":"https:\/\/www.meydan.tv\/az\/wp-json\/wp\/v2\/media\/134310"}],"wp:attachment":[{"href":"https:\/\/www.meydan.tv\/az\/wp-json\/wp\/v2\/media?parent=205625"}],"wp:term":[{"taxonomy":"category","embeddable":true,"href":"https:\/\/www.meydan.tv\/az\/wp-json\/wp\/v2\/categories?post=205625"},{"taxonomy":"post_tag","embeddable":true,"href":"https:\/\/www.meydan.tv\/az\/wp-json\/wp\/v2\/tags?post=205625"}],"curies":[{"name":"wp","href":"https:\/\/api.w.org\/{rel}","templated":true}]}}