{"id":205624,"date":"2021-04-04T12:33:14","date_gmt":"2021-04-04T12:33:14","guid":{"rendered":"https:\/\/www.meydan.tv\/article\/zarat-xeyberi-yolsuz-xestexanasiz-kend\/"},"modified":"2021-10-29T16:41:05","modified_gmt":"2021-10-29T12:41:05","slug":"zarat-xeyberi-yolsuz-xestexanasiz-kend","status":"publish","type":"post","link":"https:\/\/www.meydan.tv\/az\/article\/zarat-xeyberi-yolsuz-xestexanasiz-kend\/","title":{"rendered":"Zarat Xeyb\u0259ri &#8211; yolsuz, x\u0259st\u0259xanas\u0131z k\u0259nd"},"content":{"rendered":"<p>\n  \u015eamax\u0131n\u0131n m\u0259rk\u0259zind\u0259n t\u0259xmin\u0259n 40 km aral\u0131da, d\u0259niz s\u0259viyy\u0259sind\u0259n 1800 m h\u00fcnd\u00fcrl\u00fckd\u0259 Zarat Xeyb\u0259ri k\u0259ndi yerl\u0259\u015fir. Bura \u015eamax\u0131n\u0131n \u0259n ucqar k\u0259ndl\u0259rind\u0259n biridir. K\u0259ndin \u0259halisinin \u0259ks\u0259riyy\u0259ti tatd\u0131r. Burada ya\u015fayan insanlar uzun ill\u0259rdir ki, t\u0259bii qaz \u00fcz\u00fcn\u0259 h\u0259sr\u0259tdirl\u0259r. T\u0259xmin\u0259n 150-y\u0259 yax\u0131n sakini olan k\u0259ndd\u0259 tibb m\u0259nt\u0259q\u0259si bel\u0259 yoxdur. Q\u0131\u015fda is\u0259 \u00fcmumiyy\u0259tl\u0259 yolu ke\u00e7ilm\u0259z olur. H\u0259ft\u0259d\u0259 bir d\u0259f\u0259 \u015eamax\u0131n\u0131n m\u0259rk\u0259zin\u0259 bazarl\u0131\u011fa g\u0259lm\u0259k \u00fc\u00e7\u00fcn x\u00fcsusi UAZ, yaxud Niva ma\u015f\u0131nlar\u0131 f\u0259aliyy\u0259t g\u00f6st\u0259rir ki, onun da qiym\u0259ti adamba\u015f\u0131na 10 manatd\u0131r. Qay\u0131d\u0131\u015f \u00fc\u00e7\u00fcn d\u0259 \u0259lav\u0259 10 manat \u00f6d\u0259m\u0259k laz\u0131m g\u0259lir.\n<\/p>\n<figure class=\"wp-block-image size-large\">\n  <img decoding=\"async\" src=\"https:\/\/www.meydan.tv\/az\/shamaxi-2-jpg\/\" alt=\"shamaxi (2).jpg\" class=\"wp-image-158805\"\/><figcaption>\n    \u015eamax\u0131 rayonu Zarat Xeyb\u0259ri k\u0259ndi. Mart 2021-ci il<br \/>\n  <\/figcaption><\/figure>\n<figure class=\"wp-block-image size-large\">\n  <img decoding=\"async\" src=\"https:\/\/www.meydan.tv\/az\/shamaxi-13-jpg\/\" alt=\"shamaxi (13).jpg\" class=\"wp-image-158814\"\/><figcaption>\n    \u015eamax\u0131 rayonu Zarat Xeyb\u0259ri k\u0259ndi. Mart 2021-ci il<br \/>\n  <\/figcaption><\/figure>\n<figure class=\"wp-block-image size-large\">\n  <img decoding=\"async\" src=\"https:\/\/www.meydan.tv\/az\/shamaxi-12-jpg\/\" alt=\"shamaxi (12).jpg\" class=\"wp-image-158829\"\/><figcaption>\n    \u015eamax\u0131 rayonu Zarat Xeyb\u0259ri k\u0259ndi. Mart 2021-ci il<br \/>\n  <\/figcaption><\/figure>\n<figure class=\"wp-block-image size-large\">\n  <img decoding=\"async\" src=\"https:\/\/www.meydan.tv\/az\/shamaxi_11\/\" alt=\"shamaxi_11\" class=\"wp-image-158832\"\/><figcaption>\n    \u015eamax\u0131 rayonu Zarat Xeyb\u0259ri k\u0259ndi. Mart 2021-ci il<br \/>\n  <\/figcaption><\/figure>\n<figure class=\"wp-block-image size-large\">\n  <img decoding=\"async\" src=\"https:\/\/www.meydan.tv\/az\/shamaxi-10-jpg\/\" alt=\"shamaxi (10).jpg\" class=\"wp-image-158835\"\/><figcaption>\n    \u015eamax\u0131 rayonu Zarat Xeyb\u0259ri k\u0259ndi. Mart 2021-ci il<br \/>\n  <\/figcaption><\/figure>\n<figure class=\"wp-block-image size-large\">\n  <img decoding=\"async\" src=\"https:\/\/www.meydan.tv\/az\/shamaxi-8-jpg\/\" alt=\"shamaxi (8).jpg\" class=\"wp-image-158838\"\/><figcaption>\n    \u015eamax\u0131 rayonu Zarat Xeyb\u0259ri k\u0259ndi. Mart 2021-ci il<br \/>\n  <\/figcaption><\/figure>\n<figure class=\"wp-block-image size-large\">\n  <img decoding=\"async\" src=\"https:\/\/www.meydan.tv\/az\/shamaxi-9-jpg\/\" alt=\"shamaxi (9).jpg\" class=\"wp-image-158841\"\/><figcaption>\n    \u015eamax\u0131 rayonu Zarat Xeyb\u0259ri k\u0259ndi. Mart 2021-ci il<br \/>\n  <\/figcaption><\/figure>\n<figure class=\"wp-block-image size-large\">\n  <img decoding=\"async\" src=\"https:\/\/www.meydan.tv\/az\/shamaxi-7-jpg\/\" alt=\"shamaxi (7).jpg\" class=\"wp-image-158844\"\/><figcaption>\n    \u015eamax\u0131 rayonu Zarat Xeyb\u0259ri k\u0259ndi. Mart 2021-ci il<br \/>\n  <\/figcaption><\/figure>\n<figure class=\"wp-block-image size-large\">\n  <img decoding=\"async\" src=\"https:\/\/www.meydan.tv\/az\/shamaxi-5-jpg\/\" alt=\"shamaxi (5).jpg\" class=\"wp-image-158850\"\/><figcaption>\n    \u015eamax\u0131 rayonu Zarat Xeyb\u0259ri k\u0259ndi. Mart 2021-ci il<br \/>\n  <\/figcaption><\/figure>\n<figure class=\"wp-block-image size-large\">\n  <img decoding=\"async\" src=\"https:\/\/www.meydan.tv\/az\/shamaxi-1-jpg\/\" alt=\"shamaxi (1).jpg\" class=\"wp-image-158853\"\/><figcaption>\n    \u015eamax\u0131 rayonu Zarat Xeyb\u0259ri k\u0259ndi. Mart 2021-ci il<br \/>\n  <\/figcaption><\/figure>\n<figure class=\"wp-block-image size-large\">\n  <img decoding=\"async\" src=\"https:\/\/www.meydan.tv\/az\/shamaxi-3-jpg\/\" alt=\"shamaxi (3).jpg\" class=\"wp-image-158859\"\/><figcaption>\n    \u015eamax\u0131 rayonu Zarat Xeyb\u0259ri k\u0259ndi. Mart 2021-ci il<br \/>\n  <\/figcaption><\/figure>\n<figure class=\"wp-block-image size-large\">\n  <img decoding=\"async\" src=\"https:\/\/www.meydan.tv\/az\/shamaxi-4-jpg\/\" alt=\"shamaxi (4).jpg\" class=\"wp-image-158856\"\/><figcaption>\n    \u015eamax\u0131 rayonu Zarat Xeyb\u0259ri k\u0259ndi. Mart 2021-ci il<br \/>\n  <\/figcaption><\/figure>\n","protected":false},"excerpt":{"rendered":"<p>\u015eamax\u0131n\u0131n m\u0259rk\u0259zind\u0259n t\u0259xmin\u0259n 40 km aral\u0131da, d\u0259niz s\u0259viyy\u0259sind\u0259n 1800 m h\u00fcnd\u00fcrl\u00fckd\u0259 Zarat Xeyb\u0259ri k\u0259ndi yerl\u0259\u015fir.<\/p>\n","protected":false},"author":11,"featured_media":158847,"comment_status":"closed","ping_status":"open","sticky":false,"template":"","format":"standard","meta":{"_acf_changed":false,"_sitemap_exclude":false,"_sitemap_priority":"","_sitemap_frequency":"","footnotes":""},"categories":[58],"tags":[],"class_list":["post-205624","post","type-post","status-publish","format-standard","has-post-thumbnail","hentry","category-fotoreportaj","infinite-scroll-item","generate-columns","tablet-grid-50","mobile-grid-100","grid-parent","grid-33","no-featured-image-padding"],"acf":[],"yoast_head":"<!-- This site is optimized with the Yoast SEO plugin v27.4 - https:\/\/yoast.com\/product\/yoast-seo-wordpress\/ -->\n<title>Zarat Xeyb\u0259ri - yolsuz, x\u0259st\u0259xanas\u0131z k\u0259nd - MEYDAN.TV<\/title>\n<meta name=\"robots\" content=\"index, follow, max-snippet:-1, max-image-preview:large, max-video-preview:-1\" \/>\n<link rel=\"canonical\" href=\"https:\/\/www.meydan.tv\/az\/article\/zarat-xeyberi-yolsuz-xestexanasiz-kend\/\" \/>\n<meta property=\"og:locale\" content=\"az_AZ\" \/>\n<meta property=\"og:type\" content=\"article\" \/>\n<meta property=\"og:title\" content=\"Zarat Xeyb\u0259ri - yolsuz, x\u0259st\u0259xanas\u0131z k\u0259nd - MEYDAN.TV\" \/>\n<meta property=\"og:description\" content=\"\u015eamax\u0131n\u0131n m\u0259rk\u0259zind\u0259n t\u0259xmin\u0259n 40 km aral\u0131da, d\u0259niz s\u0259viyy\u0259sind\u0259n 1800 m h\u00fcnd\u00fcrl\u00fckd\u0259 Zarat Xeyb\u0259ri k\u0259ndi yerl\u0259\u015fir.\" \/>\n<meta property=\"og:url\" content=\"https:\/\/www.meydan.tv\/az\/article\/zarat-xeyberi-yolsuz-xestexanasiz-kend\/\" \/>\n<meta property=\"og:site_name\" content=\"MEYDAN.TV\" \/>\n<meta property=\"article:published_time\" content=\"2021-04-04T12:33:14+00:00\" \/>\n<meta property=\"article:modified_time\" content=\"2021-10-29T12:41:05+00:00\" \/>\n<meta property=\"og:image\" content=\"https:\/\/www.meydan.tv\/wp-content\/uploads\/shamaxi_6.jpg\" \/>\n\t<meta property=\"og:image:width\" content=\"1500\" \/>\n\t<meta property=\"og:image:height\" content=\"1000\" \/>\n\t<meta property=\"og:image:type\" content=\"image\/jpeg\" \/>\n<meta name=\"author\" content=\"user-manager\" \/>\n<meta name=\"twitter:card\" content=\"summary_large_image\" \/>\n<script type=\"application\/ld+json\" class=\"yoast-schema-graph\">{\"@context\":\"https:\\\/\\\/schema.org\",\"@graph\":[{\"@type\":\"Article\",\"@id\":\"https:\\\/\\\/www.meydan.tv\\\/az\\\/article\\\/zarat-xeyberi-yolsuz-xestexanasiz-kend\\\/#article\",\"isPartOf\":{\"@id\":\"https:\\\/\\\/www.meydan.tv\\\/az\\\/article\\\/zarat-xeyberi-yolsuz-xestexanasiz-kend\\\/\"},\"author\":{\"name\":\"user-manager\",\"@id\":\"https:\\\/\\\/www.meydan.tv\\\/az\\\/#\\\/schema\\\/person\\\/10d11eccf6da3662cf5fdab9806ea91a\"},\"headline\":\"Zarat Xeyb\u0259ri &#8211; yolsuz, x\u0259st\u0259xanas\u0131z k\u0259nd\",\"datePublished\":\"2021-04-04T12:33:14+00:00\",\"dateModified\":\"2021-10-29T12:41:05+00:00\",\"mainEntityOfPage\":{\"@id\":\"https:\\\/\\\/www.meydan.tv\\\/az\\\/article\\\/zarat-xeyberi-yolsuz-xestexanasiz-kend\\\/\"},\"wordCount\":278,\"publisher\":{\"@id\":\"https:\\\/\\\/www.meydan.tv\\\/az\\\/#organization\"},\"image\":{\"@id\":\"https:\\\/\\\/www.meydan.tv\\\/az\\\/article\\\/zarat-xeyberi-yolsuz-xestexanasiz-kend\\\/#primaryimage\"},\"thumbnailUrl\":\"https:\\\/\\\/www.meydan.tv\\\/wp-content\\\/uploads\\\/shamaxi_6.jpg\",\"articleSection\":[\"Fotoreportaj\"],\"inLanguage\":\"az\"},{\"@type\":\"WebPage\",\"@id\":\"https:\\\/\\\/www.meydan.tv\\\/az\\\/article\\\/zarat-xeyberi-yolsuz-xestexanasiz-kend\\\/\",\"url\":\"https:\\\/\\\/www.meydan.tv\\\/az\\\/article\\\/zarat-xeyberi-yolsuz-xestexanasiz-kend\\\/\",\"name\":\"Zarat Xeyb\u0259ri - yolsuz, x\u0259st\u0259xanas\u0131z k\u0259nd - MEYDAN.TV\",\"isPartOf\":{\"@id\":\"https:\\\/\\\/www.meydan.tv\\\/az\\\/#website\"},\"primaryImageOfPage\":{\"@id\":\"https:\\\/\\\/www.meydan.tv\\\/az\\\/article\\\/zarat-xeyberi-yolsuz-xestexanasiz-kend\\\/#primaryimage\"},\"image\":{\"@id\":\"https:\\\/\\\/www.meydan.tv\\\/az\\\/article\\\/zarat-xeyberi-yolsuz-xestexanasiz-kend\\\/#primaryimage\"},\"thumbnailUrl\":\"https:\\\/\\\/www.meydan.tv\\\/wp-content\\\/uploads\\\/shamaxi_6.jpg\",\"datePublished\":\"2021-04-04T12:33:14+00:00\",\"dateModified\":\"2021-10-29T12:41:05+00:00\",\"breadcrumb\":{\"@id\":\"https:\\\/\\\/www.meydan.tv\\\/az\\\/article\\\/zarat-xeyberi-yolsuz-xestexanasiz-kend\\\/#breadcrumb\"},\"inLanguage\":\"az\",\"potentialAction\":[{\"@type\":\"ReadAction\",\"target\":[\"https:\\\/\\\/www.meydan.tv\\\/az\\\/article\\\/zarat-xeyberi-yolsuz-xestexanasiz-kend\\\/\"]}]},{\"@type\":\"ImageObject\",\"inLanguage\":\"az\",\"@id\":\"https:\\\/\\\/www.meydan.tv\\\/az\\\/article\\\/zarat-xeyberi-yolsuz-xestexanasiz-kend\\\/#primaryimage\",\"url\":\"https:\\\/\\\/www.meydan.tv\\\/wp-content\\\/uploads\\\/shamaxi_6.jpg\",\"contentUrl\":\"https:\\\/\\\/www.meydan.tv\\\/wp-content\\\/uploads\\\/shamaxi_6.jpg\",\"width\":1500,\"height\":1000,\"caption\":\"Source: \u041c\u0435\u0439\u0434\u0430\u043d \u0422\u0412\"},{\"@type\":\"BreadcrumbList\",\"@id\":\"https:\\\/\\\/www.meydan.tv\\\/az\\\/article\\\/zarat-xeyberi-yolsuz-xestexanasiz-kend\\\/#breadcrumb\",\"itemListElement\":[{\"@type\":\"ListItem\",\"position\":1,\"name\":\"Ana s\u0259hif\u0259\",\"item\":\"https:\\\/\\\/www.meydan.tv\\\/az\\\/\"},{\"@type\":\"ListItem\",\"position\":2,\"name\":\"Fotoreportaj\",\"item\":\"https:\\\/\\\/www.meydan.tv\\\/az\\\/section\\\/fotoreportaj\\\/\"},{\"@type\":\"ListItem\",\"position\":3,\"name\":\"Zarat Xeyb\u0259ri &#8211; yolsuz, x\u0259st\u0259xanas\u0131z k\u0259nd\"}]},{\"@type\":\"WebSite\",\"@id\":\"https:\\\/\\\/www.meydan.tv\\\/az\\\/#website\",\"url\":\"https:\\\/\\\/www.meydan.tv\\\/az\\\/\",\"name\":\"MEYDAN.TV\",\"description\":\"Meydan TV Az\u0259rbaycan\u0131n media m\u0259kan\u0131ndak\u0131 alternativ s\u0259sidir\",\"publisher\":{\"@id\":\"https:\\\/\\\/www.meydan.tv\\\/az\\\/#organization\"},\"potentialAction\":[{\"@type\":\"SearchAction\",\"target\":{\"@type\":\"EntryPoint\",\"urlTemplate\":\"https:\\\/\\\/www.meydan.tv\\\/az\\\/?s={search_term_string}\"},\"query-input\":{\"@type\":\"PropertyValueSpecification\",\"valueRequired\":true,\"valueName\":\"search_term_string\"}}],\"inLanguage\":\"az\"},{\"@type\":\"Organization\",\"@id\":\"https:\\\/\\\/www.meydan.tv\\\/az\\\/#organization\",\"name\":\"Meydan TV\",\"url\":\"https:\\\/\\\/www.meydan.tv\\\/az\\\/\",\"logo\":{\"@type\":\"ImageObject\",\"inLanguage\":\"az\",\"@id\":\"https:\\\/\\\/www.meydan.tv\\\/az\\\/#\\\/schema\\\/logo\\\/image\\\/\",\"url\":\"https:\\\/\\\/www.meydan.tv\\\/wp-content\\\/uploads\\\/2021\\\/07\\\/meydan-logo.svg\",\"contentUrl\":\"https:\\\/\\\/www.meydan.tv\\\/wp-content\\\/uploads\\\/2021\\\/07\\\/meydan-logo.svg\",\"width\":195,\"height\":46,\"caption\":\"Meydan TV\"},\"image\":{\"@id\":\"https:\\\/\\\/www.meydan.tv\\\/az\\\/#\\\/schema\\\/logo\\\/image\\\/\"}},{\"@type\":\"Person\",\"@id\":\"https:\\\/\\\/www.meydan.tv\\\/az\\\/#\\\/schema\\\/person\\\/10d11eccf6da3662cf5fdab9806ea91a\",\"name\":\"user-manager\"}]}<\/script>\n<!-- \/ Yoast SEO plugin. -->","yoast_head_json":{"title":"Zarat Xeyb\u0259ri - yolsuz, x\u0259st\u0259xanas\u0131z k\u0259nd - MEYDAN.TV","robots":{"index":"index","follow":"follow","max-snippet":"max-snippet:-1","max-image-preview":"max-image-preview:large","max-video-preview":"max-video-preview:-1"},"canonical":"https:\/\/www.meydan.tv\/az\/article\/zarat-xeyberi-yolsuz-xestexanasiz-kend\/","og_locale":"az_AZ","og_type":"article","og_title":"Zarat Xeyb\u0259ri - yolsuz, x\u0259st\u0259xanas\u0131z k\u0259nd - MEYDAN.TV","og_description":"\u015eamax\u0131n\u0131n m\u0259rk\u0259zind\u0259n t\u0259xmin\u0259n 40 km aral\u0131da, d\u0259niz s\u0259viyy\u0259sind\u0259n 1800 m h\u00fcnd\u00fcrl\u00fckd\u0259 Zarat Xeyb\u0259ri k\u0259ndi yerl\u0259\u015fir.","og_url":"https:\/\/www.meydan.tv\/az\/article\/zarat-xeyberi-yolsuz-xestexanasiz-kend\/","og_site_name":"MEYDAN.TV","article_published_time":"2021-04-04T12:33:14+00:00","article_modified_time":"2021-10-29T12:41:05+00:00","og_image":[{"width":1500,"height":1000,"url":"https:\/\/www.meydan.tv\/wp-content\/uploads\/shamaxi_6.jpg","type":"image\/jpeg"}],"author":"user-manager","twitter_card":"summary_large_image","schema":{"@context":"https:\/\/schema.org","@graph":[{"@type":"Article","@id":"https:\/\/www.meydan.tv\/az\/article\/zarat-xeyberi-yolsuz-xestexanasiz-kend\/#article","isPartOf":{"@id":"https:\/\/www.meydan.tv\/az\/article\/zarat-xeyberi-yolsuz-xestexanasiz-kend\/"},"author":{"name":"user-manager","@id":"https:\/\/www.meydan.tv\/az\/#\/schema\/person\/10d11eccf6da3662cf5fdab9806ea91a"},"headline":"Zarat Xeyb\u0259ri &#8211; yolsuz, x\u0259st\u0259xanas\u0131z k\u0259nd","datePublished":"2021-04-04T12:33:14+00:00","dateModified":"2021-10-29T12:41:05+00:00","mainEntityOfPage":{"@id":"https:\/\/www.meydan.tv\/az\/article\/zarat-xeyberi-yolsuz-xestexanasiz-kend\/"},"wordCount":278,"publisher":{"@id":"https:\/\/www.meydan.tv\/az\/#organization"},"image":{"@id":"https:\/\/www.meydan.tv\/az\/article\/zarat-xeyberi-yolsuz-xestexanasiz-kend\/#primaryimage"},"thumbnailUrl":"https:\/\/www.meydan.tv\/wp-content\/uploads\/shamaxi_6.jpg","articleSection":["Fotoreportaj"],"inLanguage":"az"},{"@type":"WebPage","@id":"https:\/\/www.meydan.tv\/az\/article\/zarat-xeyberi-yolsuz-xestexanasiz-kend\/","url":"https:\/\/www.meydan.tv\/az\/article\/zarat-xeyberi-yolsuz-xestexanasiz-kend\/","name":"Zarat Xeyb\u0259ri - yolsuz, x\u0259st\u0259xanas\u0131z k\u0259nd - MEYDAN.TV","isPartOf":{"@id":"https:\/\/www.meydan.tv\/az\/#website"},"primaryImageOfPage":{"@id":"https:\/\/www.meydan.tv\/az\/article\/zarat-xeyberi-yolsuz-xestexanasiz-kend\/#primaryimage"},"image":{"@id":"https:\/\/www.meydan.tv\/az\/article\/zarat-xeyberi-yolsuz-xestexanasiz-kend\/#primaryimage"},"thumbnailUrl":"https:\/\/www.meydan.tv\/wp-content\/uploads\/shamaxi_6.jpg","datePublished":"2021-04-04T12:33:14+00:00","dateModified":"2021-10-29T12:41:05+00:00","breadcrumb":{"@id":"https:\/\/www.meydan.tv\/az\/article\/zarat-xeyberi-yolsuz-xestexanasiz-kend\/#breadcrumb"},"inLanguage":"az","potentialAction":[{"@type":"ReadAction","target":["https:\/\/www.meydan.tv\/az\/article\/zarat-xeyberi-yolsuz-xestexanasiz-kend\/"]}]},{"@type":"ImageObject","inLanguage":"az","@id":"https:\/\/www.meydan.tv\/az\/article\/zarat-xeyberi-yolsuz-xestexanasiz-kend\/#primaryimage","url":"https:\/\/www.meydan.tv\/wp-content\/uploads\/shamaxi_6.jpg","contentUrl":"https:\/\/www.meydan.tv\/wp-content\/uploads\/shamaxi_6.jpg","width":1500,"height":1000,"caption":"Source: \u041c\u0435\u0439\u0434\u0430\u043d \u0422\u0412"},{"@type":"BreadcrumbList","@id":"https:\/\/www.meydan.tv\/az\/article\/zarat-xeyberi-yolsuz-xestexanasiz-kend\/#breadcrumb","itemListElement":[{"@type":"ListItem","position":1,"name":"Ana s\u0259hif\u0259","item":"https:\/\/www.meydan.tv\/az\/"},{"@type":"ListItem","position":2,"name":"Fotoreportaj","item":"https:\/\/www.meydan.tv\/az\/section\/fotoreportaj\/"},{"@type":"ListItem","position":3,"name":"Zarat Xeyb\u0259ri &#8211; yolsuz, x\u0259st\u0259xanas\u0131z k\u0259nd"}]},{"@type":"WebSite","@id":"https:\/\/www.meydan.tv\/az\/#website","url":"https:\/\/www.meydan.tv\/az\/","name":"MEYDAN.TV","description":"Meydan TV Az\u0259rbaycan\u0131n media m\u0259kan\u0131ndak\u0131 alternativ s\u0259sidir","publisher":{"@id":"https:\/\/www.meydan.tv\/az\/#organization"},"potentialAction":[{"@type":"SearchAction","target":{"@type":"EntryPoint","urlTemplate":"https:\/\/www.meydan.tv\/az\/?s={search_term_string}"},"query-input":{"@type":"PropertyValueSpecification","valueRequired":true,"valueName":"search_term_string"}}],"inLanguage":"az"},{"@type":"Organization","@id":"https:\/\/www.meydan.tv\/az\/#organization","name":"Meydan TV","url":"https:\/\/www.meydan.tv\/az\/","logo":{"@type":"ImageObject","inLanguage":"az","@id":"https:\/\/www.meydan.tv\/az\/#\/schema\/logo\/image\/","url":"https:\/\/www.meydan.tv\/wp-content\/uploads\/2021\/07\/meydan-logo.svg","contentUrl":"https:\/\/www.meydan.tv\/wp-content\/uploads\/2021\/07\/meydan-logo.svg","width":195,"height":46,"caption":"Meydan TV"},"image":{"@id":"https:\/\/www.meydan.tv\/az\/#\/schema\/logo\/image\/"}},{"@type":"Person","@id":"https:\/\/www.meydan.tv\/az\/#\/schema\/person\/10d11eccf6da3662cf5fdab9806ea91a","name":"user-manager"}]}},"_links":{"self":[{"href":"https:\/\/www.meydan.tv\/az\/wp-json\/wp\/v2\/posts\/205624","targetHints":{"allow":["GET"]}}],"collection":[{"href":"https:\/\/www.meydan.tv\/az\/wp-json\/wp\/v2\/posts"}],"about":[{"href":"https:\/\/www.meydan.tv\/az\/wp-json\/wp\/v2\/types\/post"}],"author":[{"embeddable":true,"href":"https:\/\/www.meydan.tv\/az\/wp-json\/wp\/v2\/users\/11"}],"replies":[{"embeddable":true,"href":"https:\/\/www.meydan.tv\/az\/wp-json\/wp\/v2\/comments?post=205624"}],"version-history":[{"count":1,"href":"https:\/\/www.meydan.tv\/az\/wp-json\/wp\/v2\/posts\/205624\/revisions"}],"predecessor-version":[{"id":217174,"href":"https:\/\/www.meydan.tv\/az\/wp-json\/wp\/v2\/posts\/205624\/revisions\/217174"}],"wp:featuredmedia":[{"embeddable":true,"href":"https:\/\/www.meydan.tv\/az\/wp-json\/wp\/v2\/media\/158847"}],"wp:attachment":[{"href":"https:\/\/www.meydan.tv\/az\/wp-json\/wp\/v2\/media?parent=205624"}],"wp:term":[{"taxonomy":"category","embeddable":true,"href":"https:\/\/www.meydan.tv\/az\/wp-json\/wp\/v2\/categories?post=205624"},{"taxonomy":"post_tag","embeddable":true,"href":"https:\/\/www.meydan.tv\/az\/wp-json\/wp\/v2\/tags?post=205624"}],"curies":[{"name":"wp","href":"https:\/\/api.w.org\/{rel}","templated":true}]}}