{"id":205602,"date":"2021-04-02T13:28:08","date_gmt":"2021-04-02T13:28:08","guid":{"rendered":"https:\/\/www.meydan.tv\/article\/pekov-orada-saqqalli-qadinlar-cixis-edir\/"},"modified":"2021-04-02T13:28:08","modified_gmt":"2021-04-02T13:28:08","slug":"pekov-orada-saqqalli-qadinlar-cixis-edir","status":"publish","type":"post","link":"https:\/\/www.meydan.tv\/az\/article\/pekov-orada-saqqalli-qadinlar-cixis-edir\/","title":{"rendered":"Peskov: Orada saqqall\u0131 qad\u0131nlar \u00e7\u0131x\u0131\u015f edir"},"content":{"rendered":"<p>\n  <i><br \/>\n    \u201cRussian Women\u201din m\u0259tnind\u0259 rus qad\u0131nlar\u0131 t\u0259hqir olunur?<br \/>\n  <\/i>\n<\/p>\n<p>\n  Rusiyan\u0131 \u201cEurovision\u201dda 29 ya\u015fl\u0131 tacik \u0259silli m\u00fc\u011f\u0259nni Manija Sangin \u2013 Manizha t\u0259msil ed\u0259c\u0259k.\n<\/p>\n<p>\n  O, ifa\u00e7\u0131 olmaqla yana\u015f\u0131, BMT-nin t\u0259klifi il\u0259 qa\u00e7q\u0131nlar\u0131n probleml\u0259ri, eyni zamanda, qad\u0131nlar\u0131n h\u00fcquqlar\u0131 u\u011frunda f\u0259al m\u00fcbariz\u0259 apar\u0131r.\n<\/p>\n<p>\n  Manija h\u0259m d\u0259 LGBT icmas\u0131n\u0131 d\u0259st\u0259kl\u0259yir.\n<\/p>\n<p>\n  \u0130fa\u00e7\u0131 Rotterdamda ke\u00e7iril\u0259c\u0259k m\u00fcsabiq\u0259d\u0259 \u201cRussian Women\u201d (\u201cRus qad\u0131n\u0131\u201d) adl\u0131 mahn\u0131n\u0131 oxuyacaq.\n<\/p>\n<p>\n  Rusiya i\u015ftirak\u00e7\u0131s\u0131n\u0131n se\u00e7imi mart\u0131n 8-d\u0259 Rusiya televiziyas\u0131n\u0131n Birinci kanal\u0131n\u0131n canl\u0131 efirind\u0259 ba\u015f tutub.\n<\/p>\n<p>\n  Mahn\u0131 birm\u0259nal\u0131 qar\u015f\u0131lanmay\u0131b, h\u0259tta iddia olunub ki, \u201cRussian Women\u201din m\u0259tnind\u0259 rus qad\u0131nlar\u0131 t\u0259hqir olunur.\n<\/p>\n<p>\n  Siyas\u0259t\u00e7il\u0259r v\u0259 tan\u0131nm\u0131\u015flar mahn\u0131n\u0131n d\u0259yi\u015fdirilm\u0259si il\u0259 ba\u011fl\u0131 \u00e7\u0131x\u0131\u015flar edib.\n<\/p>\n<p>\n  Rusiya Prezidentinin m\u0259tbuat katibi Dmitri Peskov da \u201cRussian Women\u201d mahn\u0131s\u0131 il\u0259 ba\u011fl\u0131 a\u00e7\u0131qlama verib: \u201cOrada saqqall\u0131 qad\u0131nlar \u00e7\u0131x\u0131\u015f edir, toyuq kimi geyinmi\u015f m\u00fc\u011f\u0259nnil\u0259r v\u0259 b\u0259nz\u0259rl\u0259ri var. Hesab edir\u0259m ki, klip m\u00fczakir\u0259 predmetimiz v\u0259 ya bizi qay\u011f\u0131land\u0131ran m\u0259s\u0259l\u0259 ola bilm\u0259z\u201d.\n<\/p>\n<p>\n  O, mahn\u0131 se\u00e7iminin tama\u015fa\u00e7\u0131lar\u0131n ixtiyar\u0131nda oldu\u011funu da \u0259lav\u0259 edib.\n<\/p>\n<p>\n  Manija \u00f6z\u00fc is\u0259 deyib ki, mahn\u0131s\u0131 Rusiyada qad\u0131nlar\u0131n son bir ne\u00e7\u0259 \u0259sr \u0259rzind\u0259 nec\u0259 d\u0259yi\u015fm\u0259sind\u0259n b\u0259hs edir: \u201cRusiyada qad\u0131nlar k\u0259ndli daxmas\u0131ndan ba\u015flayaraq, se\u00e7ib-se\u00e7ilm\u0259k h\u00fcququ, fabrikl\u0259r, kosmik u\u00e7u\u015flarad\u0259k uzanan b\u00f6y\u00fck bir yol ke\u00e7ib. M\u0259nim \u00fc\u00e7\u00fcn \u201cEurovision\u201dda i\u015ftirak etm\u0259k, d\u00fcnya il\u0259 bu vacib m\u0259s\u0259l\u0259 haqq\u0131nda dan\u0131\u015fmaqd\u0131r. M\u0259n tacik\u0259m, amma Rusiya m\u0259ni q\u0259bul edib v\u0259 boya-ba\u015fa \u00e7atd\u0131r\u0131b. \u0130st\u0259rdim ki, d\u00fcnya bizim \u00f6lk\u0259mizi m\u0259nim tan\u0131d\u0131\u011f\u0131m kimi g\u00f6rs\u00fcn, ham\u0131ya qar\u015f\u0131 s\u0259xav\u0259tli oldu\u011funu bilsin\u201d.\n<\/p>\n<p>\n  Manija Sangin 1991-ci ild\u0259 Tacikistan\u0131n paytaxt\u0131 D\u00fc\u015f\u0259nb\u0259d\u0259 do\u011fulub. 1990-c\u0131 ill\u0259rin ortalar\u0131nda o, ail\u0259si il\u0259 birlikd\u0259 Tacikistandak\u0131 v\u0259t\u0259nda\u015f m\u00fcharib\u0259sind\u0259n xilas olmaq \u00fc\u00e7\u00fcn Moskvaya g\u0259lib.\n<\/p>\n<p>\n  \u201cEurovision\u201d bu il may\u0131n 18-d\u0259n 22-d\u0259k Rotterdam \u015f\u0259h\u0259rind\u0259ki \u201cAhoy\u201d arenas\u0131nda ke\u00e7iril\u0259c\u0259k.\n<\/p>\n<p>\n  65-ci d\u0259f\u0259dir realla\u015fan yar\u0131\u015fman\u0131n birinci yar\u0131mfinal\u0131nda 16, ikincisind\u0259 is\u0259 17 \u00f6lk\u0259 yer alacaq. H\u0259r iki yar\u0131mfinaldan 10 n\u0259f\u0259r finala v\u0259siq\u0259 qazanacaq.\n<\/p>\n<p>\n  Birinci yar\u0131mfinalda Litva, Sloveniya, Rusiya, \u0130sve\u00e7, Avstraliya, \u015eimali Makedoniya, \u0130rlandiya, Kipr, Norve\u00e7, Xorvatiya, Bel\u00e7ika, \u0130srail, Rum\u0131niya, Az\u0259rbaycan, Ukrayna, Malta, ikinci yar\u0131mfinalda is\u0259 San \u2013Marino, Estoniya, \u00c7exiya, Yunan\u0131stan, Avstrya, Pol\u015fa, Moldova, \u0130slandiya, Serbiya, G\u00fcrc\u00fcstan, Albaniya, Portuqaliya, Bolqar\u0131stan, Finlandiya, Latviya, \u0130sve\u00e7r\u0259, Danimarka \u00e7\u0131x\u0131\u015f ed\u0259c\u0259k.<\/p>\n","protected":false},"excerpt":{"rendered":"<p>\u0130fa\u00e7\u0131 Rotterdamda ke\u00e7iril\u0259c\u0259k m\u00fcsabiq\u0259d\u0259 \u201cRussian Women\u201d (\u201cRus qad\u0131n\u0131\u201d) adl\u0131 mahn\u0131n\u0131 oxuyacaq.<\/p>\n","protected":false},"author":11,"featured_media":158748,"comment_status":"closed","ping_status":"open","sticky":false,"template":"","format":"standard","meta":{"_acf_changed":false,"_sitemap_exclude":false,"_sitemap_priority":"","_sitemap_frequency":"","footnotes":""},"categories":[52],"tags":[],"class_list":["post-205602","post","type-post","status-publish","format-standard","has-post-thumbnail","hentry","category-medeniyyet","infinite-scroll-item","generate-columns","tablet-grid-50","mobile-grid-100","grid-parent","grid-33","no-featured-image-padding"],"acf":[],"yoast_head":"<!-- This site is optimized with the Yoast SEO plugin v27.4 - https:\/\/yoast.com\/product\/yoast-seo-wordpress\/ -->\n<title>Peskov: Orada saqqall\u0131 qad\u0131nlar \u00e7\u0131x\u0131\u015f edir - MEYDAN.TV<\/title>\n<meta name=\"robots\" content=\"index, follow, max-snippet:-1, max-image-preview:large, max-video-preview:-1\" \/>\n<link rel=\"canonical\" href=\"https:\/\/www.meydan.tv\/az\/article\/pekov-orada-saqqalli-qadinlar-cixis-edir\/\" \/>\n<meta property=\"og:locale\" content=\"az_AZ\" \/>\n<meta property=\"og:type\" content=\"article\" \/>\n<meta property=\"og:title\" content=\"Peskov: Orada saqqall\u0131 qad\u0131nlar \u00e7\u0131x\u0131\u015f edir - MEYDAN.TV\" \/>\n<meta property=\"og:description\" content=\"\u0130fa\u00e7\u0131 Rotterdamda ke\u00e7iril\u0259c\u0259k m\u00fcsabiq\u0259d\u0259 \u201cRussian Women\u201d (\u201cRus qad\u0131n\u0131\u201d) adl\u0131 mahn\u0131n\u0131 oxuyacaq.\" \/>\n<meta property=\"og:url\" content=\"https:\/\/www.meydan.tv\/az\/article\/pekov-orada-saqqalli-qadinlar-cixis-edir\/\" \/>\n<meta property=\"og:site_name\" content=\"MEYDAN.TV\" \/>\n<meta property=\"article:published_time\" content=\"2021-04-02T13:28:08+00:00\" \/>\n<meta property=\"og:image\" content=\"https:\/\/www.meydan.tv\/wp-content\/uploads\/pic_796ec023d4996e1a8ac6d942b0303125.jpg\" \/>\n\t<meta property=\"og:image:width\" content=\"720\" \/>\n\t<meta property=\"og:image:height\" content=\"480\" \/>\n\t<meta property=\"og:image:type\" content=\"image\/jpeg\" \/>\n<meta name=\"author\" content=\"user-manager\" \/>\n<meta name=\"twitter:card\" content=\"summary_large_image\" \/>\n<script type=\"application\/ld+json\" class=\"yoast-schema-graph\">{\"@context\":\"https:\\\/\\\/schema.org\",\"@graph\":[{\"@type\":\"Article\",\"@id\":\"https:\\\/\\\/www.meydan.tv\\\/az\\\/article\\\/pekov-orada-saqqalli-qadinlar-cixis-edir\\\/#article\",\"isPartOf\":{\"@id\":\"https:\\\/\\\/www.meydan.tv\\\/az\\\/article\\\/pekov-orada-saqqalli-qadinlar-cixis-edir\\\/\"},\"author\":{\"name\":\"user-manager\",\"@id\":\"https:\\\/\\\/www.meydan.tv\\\/az\\\/#\\\/schema\\\/person\\\/10d11eccf6da3662cf5fdab9806ea91a\"},\"headline\":\"Peskov: Orada saqqall\u0131 qad\u0131nlar \u00e7\u0131x\u0131\u015f edir\",\"datePublished\":\"2021-04-02T13:28:08+00:00\",\"mainEntityOfPage\":{\"@id\":\"https:\\\/\\\/www.meydan.tv\\\/az\\\/article\\\/pekov-orada-saqqalli-qadinlar-cixis-edir\\\/\"},\"wordCount\":491,\"publisher\":{\"@id\":\"https:\\\/\\\/www.meydan.tv\\\/az\\\/#organization\"},\"image\":{\"@id\":\"https:\\\/\\\/www.meydan.tv\\\/az\\\/article\\\/pekov-orada-saqqalli-qadinlar-cixis-edir\\\/#primaryimage\"},\"thumbnailUrl\":\"https:\\\/\\\/www.meydan.tv\\\/wp-content\\\/uploads\\\/pic_796ec023d4996e1a8ac6d942b0303125.jpg\",\"articleSection\":[\"M\u0259d\u0259niyy\u0259t\"],\"inLanguage\":\"az\"},{\"@type\":\"WebPage\",\"@id\":\"https:\\\/\\\/www.meydan.tv\\\/az\\\/article\\\/pekov-orada-saqqalli-qadinlar-cixis-edir\\\/\",\"url\":\"https:\\\/\\\/www.meydan.tv\\\/az\\\/article\\\/pekov-orada-saqqalli-qadinlar-cixis-edir\\\/\",\"name\":\"Peskov: Orada saqqall\u0131 qad\u0131nlar \u00e7\u0131x\u0131\u015f edir - MEYDAN.TV\",\"isPartOf\":{\"@id\":\"https:\\\/\\\/www.meydan.tv\\\/az\\\/#website\"},\"primaryImageOfPage\":{\"@id\":\"https:\\\/\\\/www.meydan.tv\\\/az\\\/article\\\/pekov-orada-saqqalli-qadinlar-cixis-edir\\\/#primaryimage\"},\"image\":{\"@id\":\"https:\\\/\\\/www.meydan.tv\\\/az\\\/article\\\/pekov-orada-saqqalli-qadinlar-cixis-edir\\\/#primaryimage\"},\"thumbnailUrl\":\"https:\\\/\\\/www.meydan.tv\\\/wp-content\\\/uploads\\\/pic_796ec023d4996e1a8ac6d942b0303125.jpg\",\"datePublished\":\"2021-04-02T13:28:08+00:00\",\"breadcrumb\":{\"@id\":\"https:\\\/\\\/www.meydan.tv\\\/az\\\/article\\\/pekov-orada-saqqalli-qadinlar-cixis-edir\\\/#breadcrumb\"},\"inLanguage\":\"az\",\"potentialAction\":[{\"@type\":\"ReadAction\",\"target\":[\"https:\\\/\\\/www.meydan.tv\\\/az\\\/article\\\/pekov-orada-saqqalli-qadinlar-cixis-edir\\\/\"]}]},{\"@type\":\"ImageObject\",\"inLanguage\":\"az\",\"@id\":\"https:\\\/\\\/www.meydan.tv\\\/az\\\/article\\\/pekov-orada-saqqalli-qadinlar-cixis-edir\\\/#primaryimage\",\"url\":\"https:\\\/\\\/www.meydan.tv\\\/wp-content\\\/uploads\\\/pic_796ec023d4996e1a8ac6d942b0303125.jpg\",\"contentUrl\":\"https:\\\/\\\/www.meydan.tv\\\/wp-content\\\/uploads\\\/pic_796ec023d4996e1a8ac6d942b0303125.jpg\",\"width\":720,\"height\":480,\"caption\":\"Source: Specify Source\"},{\"@type\":\"BreadcrumbList\",\"@id\":\"https:\\\/\\\/www.meydan.tv\\\/az\\\/article\\\/pekov-orada-saqqalli-qadinlar-cixis-edir\\\/#breadcrumb\",\"itemListElement\":[{\"@type\":\"ListItem\",\"position\":1,\"name\":\"Ana s\u0259hif\u0259\",\"item\":\"https:\\\/\\\/www.meydan.tv\\\/az\\\/\"},{\"@type\":\"ListItem\",\"position\":2,\"name\":\"M\u0259d\u0259niyy\u0259t\",\"item\":\"https:\\\/\\\/www.meydan.tv\\\/az\\\/section\\\/medeniyyet\\\/\"},{\"@type\":\"ListItem\",\"position\":3,\"name\":\"Peskov: Orada saqqall\u0131 qad\u0131nlar \u00e7\u0131x\u0131\u015f edir\"}]},{\"@type\":\"WebSite\",\"@id\":\"https:\\\/\\\/www.meydan.tv\\\/az\\\/#website\",\"url\":\"https:\\\/\\\/www.meydan.tv\\\/az\\\/\",\"name\":\"MEYDAN.TV\",\"description\":\"Meydan TV Az\u0259rbaycan\u0131n media m\u0259kan\u0131ndak\u0131 alternativ s\u0259sidir\",\"publisher\":{\"@id\":\"https:\\\/\\\/www.meydan.tv\\\/az\\\/#organization\"},\"potentialAction\":[{\"@type\":\"SearchAction\",\"target\":{\"@type\":\"EntryPoint\",\"urlTemplate\":\"https:\\\/\\\/www.meydan.tv\\\/az\\\/?s={search_term_string}\"},\"query-input\":{\"@type\":\"PropertyValueSpecification\",\"valueRequired\":true,\"valueName\":\"search_term_string\"}}],\"inLanguage\":\"az\"},{\"@type\":\"Organization\",\"@id\":\"https:\\\/\\\/www.meydan.tv\\\/az\\\/#organization\",\"name\":\"Meydan TV\",\"url\":\"https:\\\/\\\/www.meydan.tv\\\/az\\\/\",\"logo\":{\"@type\":\"ImageObject\",\"inLanguage\":\"az\",\"@id\":\"https:\\\/\\\/www.meydan.tv\\\/az\\\/#\\\/schema\\\/logo\\\/image\\\/\",\"url\":\"https:\\\/\\\/www.meydan.tv\\\/wp-content\\\/uploads\\\/2021\\\/07\\\/meydan-logo.svg\",\"contentUrl\":\"https:\\\/\\\/www.meydan.tv\\\/wp-content\\\/uploads\\\/2021\\\/07\\\/meydan-logo.svg\",\"width\":195,\"height\":46,\"caption\":\"Meydan TV\"},\"image\":{\"@id\":\"https:\\\/\\\/www.meydan.tv\\\/az\\\/#\\\/schema\\\/logo\\\/image\\\/\"}},{\"@type\":\"Person\",\"@id\":\"https:\\\/\\\/www.meydan.tv\\\/az\\\/#\\\/schema\\\/person\\\/10d11eccf6da3662cf5fdab9806ea91a\",\"name\":\"user-manager\"}]}<\/script>\n<!-- \/ Yoast SEO plugin. -->","yoast_head_json":{"title":"Peskov: Orada saqqall\u0131 qad\u0131nlar \u00e7\u0131x\u0131\u015f edir - MEYDAN.TV","robots":{"index":"index","follow":"follow","max-snippet":"max-snippet:-1","max-image-preview":"max-image-preview:large","max-video-preview":"max-video-preview:-1"},"canonical":"https:\/\/www.meydan.tv\/az\/article\/pekov-orada-saqqalli-qadinlar-cixis-edir\/","og_locale":"az_AZ","og_type":"article","og_title":"Peskov: Orada saqqall\u0131 qad\u0131nlar \u00e7\u0131x\u0131\u015f edir - MEYDAN.TV","og_description":"\u0130fa\u00e7\u0131 Rotterdamda ke\u00e7iril\u0259c\u0259k m\u00fcsabiq\u0259d\u0259 \u201cRussian Women\u201d (\u201cRus qad\u0131n\u0131\u201d) adl\u0131 mahn\u0131n\u0131 oxuyacaq.","og_url":"https:\/\/www.meydan.tv\/az\/article\/pekov-orada-saqqalli-qadinlar-cixis-edir\/","og_site_name":"MEYDAN.TV","article_published_time":"2021-04-02T13:28:08+00:00","og_image":[{"width":720,"height":480,"url":"https:\/\/www.meydan.tv\/wp-content\/uploads\/pic_796ec023d4996e1a8ac6d942b0303125.jpg","type":"image\/jpeg"}],"author":"user-manager","twitter_card":"summary_large_image","schema":{"@context":"https:\/\/schema.org","@graph":[{"@type":"Article","@id":"https:\/\/www.meydan.tv\/az\/article\/pekov-orada-saqqalli-qadinlar-cixis-edir\/#article","isPartOf":{"@id":"https:\/\/www.meydan.tv\/az\/article\/pekov-orada-saqqalli-qadinlar-cixis-edir\/"},"author":{"name":"user-manager","@id":"https:\/\/www.meydan.tv\/az\/#\/schema\/person\/10d11eccf6da3662cf5fdab9806ea91a"},"headline":"Peskov: Orada saqqall\u0131 qad\u0131nlar \u00e7\u0131x\u0131\u015f edir","datePublished":"2021-04-02T13:28:08+00:00","mainEntityOfPage":{"@id":"https:\/\/www.meydan.tv\/az\/article\/pekov-orada-saqqalli-qadinlar-cixis-edir\/"},"wordCount":491,"publisher":{"@id":"https:\/\/www.meydan.tv\/az\/#organization"},"image":{"@id":"https:\/\/www.meydan.tv\/az\/article\/pekov-orada-saqqalli-qadinlar-cixis-edir\/#primaryimage"},"thumbnailUrl":"https:\/\/www.meydan.tv\/wp-content\/uploads\/pic_796ec023d4996e1a8ac6d942b0303125.jpg","articleSection":["M\u0259d\u0259niyy\u0259t"],"inLanguage":"az"},{"@type":"WebPage","@id":"https:\/\/www.meydan.tv\/az\/article\/pekov-orada-saqqalli-qadinlar-cixis-edir\/","url":"https:\/\/www.meydan.tv\/az\/article\/pekov-orada-saqqalli-qadinlar-cixis-edir\/","name":"Peskov: Orada saqqall\u0131 qad\u0131nlar \u00e7\u0131x\u0131\u015f edir - MEYDAN.TV","isPartOf":{"@id":"https:\/\/www.meydan.tv\/az\/#website"},"primaryImageOfPage":{"@id":"https:\/\/www.meydan.tv\/az\/article\/pekov-orada-saqqalli-qadinlar-cixis-edir\/#primaryimage"},"image":{"@id":"https:\/\/www.meydan.tv\/az\/article\/pekov-orada-saqqalli-qadinlar-cixis-edir\/#primaryimage"},"thumbnailUrl":"https:\/\/www.meydan.tv\/wp-content\/uploads\/pic_796ec023d4996e1a8ac6d942b0303125.jpg","datePublished":"2021-04-02T13:28:08+00:00","breadcrumb":{"@id":"https:\/\/www.meydan.tv\/az\/article\/pekov-orada-saqqalli-qadinlar-cixis-edir\/#breadcrumb"},"inLanguage":"az","potentialAction":[{"@type":"ReadAction","target":["https:\/\/www.meydan.tv\/az\/article\/pekov-orada-saqqalli-qadinlar-cixis-edir\/"]}]},{"@type":"ImageObject","inLanguage":"az","@id":"https:\/\/www.meydan.tv\/az\/article\/pekov-orada-saqqalli-qadinlar-cixis-edir\/#primaryimage","url":"https:\/\/www.meydan.tv\/wp-content\/uploads\/pic_796ec023d4996e1a8ac6d942b0303125.jpg","contentUrl":"https:\/\/www.meydan.tv\/wp-content\/uploads\/pic_796ec023d4996e1a8ac6d942b0303125.jpg","width":720,"height":480,"caption":"Source: Specify Source"},{"@type":"BreadcrumbList","@id":"https:\/\/www.meydan.tv\/az\/article\/pekov-orada-saqqalli-qadinlar-cixis-edir\/#breadcrumb","itemListElement":[{"@type":"ListItem","position":1,"name":"Ana s\u0259hif\u0259","item":"https:\/\/www.meydan.tv\/az\/"},{"@type":"ListItem","position":2,"name":"M\u0259d\u0259niyy\u0259t","item":"https:\/\/www.meydan.tv\/az\/section\/medeniyyet\/"},{"@type":"ListItem","position":3,"name":"Peskov: Orada saqqall\u0131 qad\u0131nlar \u00e7\u0131x\u0131\u015f edir"}]},{"@type":"WebSite","@id":"https:\/\/www.meydan.tv\/az\/#website","url":"https:\/\/www.meydan.tv\/az\/","name":"MEYDAN.TV","description":"Meydan TV Az\u0259rbaycan\u0131n media m\u0259kan\u0131ndak\u0131 alternativ s\u0259sidir","publisher":{"@id":"https:\/\/www.meydan.tv\/az\/#organization"},"potentialAction":[{"@type":"SearchAction","target":{"@type":"EntryPoint","urlTemplate":"https:\/\/www.meydan.tv\/az\/?s={search_term_string}"},"query-input":{"@type":"PropertyValueSpecification","valueRequired":true,"valueName":"search_term_string"}}],"inLanguage":"az"},{"@type":"Organization","@id":"https:\/\/www.meydan.tv\/az\/#organization","name":"Meydan TV","url":"https:\/\/www.meydan.tv\/az\/","logo":{"@type":"ImageObject","inLanguage":"az","@id":"https:\/\/www.meydan.tv\/az\/#\/schema\/logo\/image\/","url":"https:\/\/www.meydan.tv\/wp-content\/uploads\/2021\/07\/meydan-logo.svg","contentUrl":"https:\/\/www.meydan.tv\/wp-content\/uploads\/2021\/07\/meydan-logo.svg","width":195,"height":46,"caption":"Meydan TV"},"image":{"@id":"https:\/\/www.meydan.tv\/az\/#\/schema\/logo\/image\/"}},{"@type":"Person","@id":"https:\/\/www.meydan.tv\/az\/#\/schema\/person\/10d11eccf6da3662cf5fdab9806ea91a","name":"user-manager"}]}},"_links":{"self":[{"href":"https:\/\/www.meydan.tv\/az\/wp-json\/wp\/v2\/posts\/205602","targetHints":{"allow":["GET"]}}],"collection":[{"href":"https:\/\/www.meydan.tv\/az\/wp-json\/wp\/v2\/posts"}],"about":[{"href":"https:\/\/www.meydan.tv\/az\/wp-json\/wp\/v2\/types\/post"}],"author":[{"embeddable":true,"href":"https:\/\/www.meydan.tv\/az\/wp-json\/wp\/v2\/users\/11"}],"replies":[{"embeddable":true,"href":"https:\/\/www.meydan.tv\/az\/wp-json\/wp\/v2\/comments?post=205602"}],"version-history":[{"count":0,"href":"https:\/\/www.meydan.tv\/az\/wp-json\/wp\/v2\/posts\/205602\/revisions"}],"wp:featuredmedia":[{"embeddable":true,"href":"https:\/\/www.meydan.tv\/az\/wp-json\/wp\/v2\/media\/158748"}],"wp:attachment":[{"href":"https:\/\/www.meydan.tv\/az\/wp-json\/wp\/v2\/media?parent=205602"}],"wp:term":[{"taxonomy":"category","embeddable":true,"href":"https:\/\/www.meydan.tv\/az\/wp-json\/wp\/v2\/categories?post=205602"},{"taxonomy":"post_tag","embeddable":true,"href":"https:\/\/www.meydan.tv\/az\/wp-json\/wp\/v2\/tags?post=205602"}],"curies":[{"name":"wp","href":"https:\/\/api.w.org\/{rel}","templated":true}]}}